{"id":46600,"date":"2025-11-28T19:44:27","date_gmt":"2025-11-28T19:44:27","guid":{"rendered":"https:\/\/jornalboasnoticias.com.br\/home\/?p=46600"},"modified":"2025-11-28T19:44:27","modified_gmt":"2025-11-28T19:44:27","slug":"prefeitura-inicia-licitacao-para-projetos-de-pavimentacao-de-mais-de-10km-de-ruas-remanescentes","status":"publish","type":"post","link":"https:\/\/jornalboasnoticias.com.br\/home\/prefeitura-inicia-licitacao-para-projetos-de-pavimentacao-de-mais-de-10km-de-ruas-remanescentes\/","title":{"rendered":"Prefeitura inicia licita\u00e7\u00e3o para projetos de pavimenta\u00e7\u00e3o de mais de 10km de ruas remanescentes"},"content":{"rendered":"<blockquote>\n<p style=\"text-align: center;\">Interven\u00e7\u00e3o vai atender 66 trechos distribu\u00eddos em 18 bairros<\/p>\n<\/blockquote>\n<figure id=\"attachment_46601\" aria-describedby=\"caption-attachment-46601\" style=\"width: 1600px\" class=\"wp-caption alignnone\"><img loading=\"lazy\" decoding=\"async\" class=\"size-full wp-image-46601\" src=\"https:\/\/jornalboasnoticias.com.br\/home\/wp-content\/uploads\/2025\/11\/WhatsApp-Image-2025-11-28-at-11_25_43-1.jpeg\" alt=\"\" width=\"1600\" height=\"900\" srcset=\"https:\/\/jornalboasnoticias.com.br\/home\/wp-content\/uploads\/2025\/11\/WhatsApp-Image-2025-11-28-at-11_25_43-1.jpeg 1600w, https:\/\/jornalboasnoticias.com.br\/home\/wp-content\/uploads\/2025\/11\/WhatsApp-Image-2025-11-28-at-11_25_43-1-300x169.jpeg 300w, https:\/\/jornalboasnoticias.com.br\/home\/wp-content\/uploads\/2025\/11\/WhatsApp-Image-2025-11-28-at-11_25_43-1-1024x576.jpeg 1024w, https:\/\/jornalboasnoticias.com.br\/home\/wp-content\/uploads\/2025\/11\/WhatsApp-Image-2025-11-28-at-11_25_43-1-768x432.jpeg 768w, https:\/\/jornalboasnoticias.com.br\/home\/wp-content\/uploads\/2025\/11\/WhatsApp-Image-2025-11-28-at-11_25_43-1-1536x864.jpeg 1536w\" sizes=\"auto, (max-width: 1600px) 100vw, 1600px\" \/><figcaption id=\"caption-attachment-46601\" class=\"wp-caption-text\">Divulga\u00e7\u00e3o<\/figcaption><\/figure>\n<p>O Munic\u00edpio de Cascavel avan\u00e7a em mais uma etapa do compromisso de eliminar todos os trechos sem pavimenta\u00e7\u00e3o existentes nas ruas antigas da cidade. O IPC (Instituto de Planejamento de Cascavel) apresentou hoje (28) detalhes da licita\u00e7\u00e3o para contrata\u00e7\u00e3o dos projetos dessas vias.<\/p>\n<p>A licita\u00e7\u00e3o, com o valor estimado de R$ 904.969,42, ser\u00e1 realizada no dia 27 de janeiro de 2026 e contempla 10,9 km de extens\u00e3o, distribu\u00eddos em 66 trechos localizados em 18 bairros. As \u00e1reas atendidas ser\u00e3o no XIV de Novembro, Alto Alegre, Brasmadeira, Bras\u00edlia, Canad\u00e1, Cancelli, Cascavel Velho, Distrito Industrial, Esmeralda, Floresta, Pacaembu, Para\u00edso S\u00edtio de Recreio, Regi\u00e3o do Lago, Santa Cruz, Santos Dumont, Santos Onofre, S\u00e3o Crist\u00f3v\u00e3o e Universit\u00e1rio. A execu\u00e7\u00e3o da obra deve ficar em cerca de R$ 32 milh\u00f5es.<\/p>\n<p>Durante a apresenta\u00e7\u00e3o, o presidente do IPC, Vinicius Boza, destacou que o processo passa a seguir a nova metodologia de licita\u00e7\u00e3o, que prioriza a t\u00e9cnica e a qualifica\u00e7\u00e3o dos profissionais. \u201cCom a nova lei de licita\u00e7\u00f5es, o peso maior na contrata\u00e7\u00e3o desses projetos \u00e9 a t\u00e9cnica. N\u00e3o vamos considerar apenas o pre\u00e7o, mas a experi\u00eancia dos profissionais, para garantir que os projetos venham muito bem feitos. Antes, o crit\u00e9rio era somente o valor, o que acabava levando \u00e0 contrata\u00e7\u00e3o pelo pre\u00e7o mais baixo, e n\u00e3o pela melhor capacidade t\u00e9cnica. Agora, com o edital elaborado pela nossa equipe de engenharia, vamos facilitar a contrata\u00e7\u00e3o de excelentes profissionais para entregar projetos importantes para o munic\u00edpio\u201d.<\/p>\n<p>O secret\u00e1rio de Obras, Severino Folador, detalha que est\u00e1 etapa permite regularizar de forma definitiva pontos que aguardavam pavimenta\u00e7\u00e3o a d\u00e9cadas. \u201cEstamos falando de trechos que ficaram para tr\u00e1s ao longo das d\u00e9cadas, pontos que n\u00e3o tinham uma defini\u00e7\u00e3o clara de responsabilidade. Agora, com os projetos sendo contratados e conclu\u00eddos, vamos conseguir regularizar essas \u00e1reas de forma definitiva e dar andamento \u00e0s obras que a popula\u00e7\u00e3o espera h\u00e1 tantos anos\u201d.<\/p>\n<h2>Trechos que ser\u00e3o contemplados:<\/h2>\n<p>Universit\u00e1rio<br \/>\nLocal: Rua do Aleijadinho | In\u00edcio: Rua Luiz F\u00e1varin | Final: Fim de rua | Extens\u00e3o (m): 95,00<\/p>\n<p>Universit\u00e1rio<br \/>\nLocal: Rua Filosofia | In\u00edcio: Rua Edson Luiz F\u00e1varin | Final: Rua Silveira | Extens\u00e3o (m): 110,00<\/p>\n<p>Universit\u00e1rio<br \/>\nLocal: Rua Mem de S\u00e1 | In\u00edcio: Fim de Rua | Final: Rua Em\u00edlio de Menezes | Extens\u00e3o (m): 60,00<\/p>\n<p>Universit\u00e1rio<br \/>\nLocal: Rua Oliva | In\u00edcio: Rua Panorama | Final: Fim de rua | Extens\u00e3o (m): 130,00<\/p>\n<p>Universit\u00e1rio<br \/>\nLocal: Rua Oliva | In\u00edcio: Rua Jo\u00e3o Merlin | Final: Rua Tr\u00eas Amigos | Extens\u00e3o (m): 130,00<\/p>\n<p>Universit\u00e1rio<br \/>\nLocal: Rua Pirat\u00eas | In\u00edcio: Rua Jo\u00e3o Merlin | Final: Rua Tr\u00eas Amigos | Extens\u00e3o (m): 100,00<\/p>\n<p>Universit\u00e1rio<br \/>\nLocal: Rua Ci\u00eancias Sociais e Rua Volochem | In\u00edcio: Rua Cardoso | Final: Fim de rua | Extens\u00e3o (m): 150,00<\/p>\n<p>Agronomia<br \/>\nLocal: Rua Tr\u00eas Amigos | In\u00edcio: Rua C\u00fambica | Final: Fim de rua | Extens\u00e3o (m): 60,00<\/p>\n<p>Pacaembu<br \/>\nLocal: Rua Irati | In\u00edcio: Rua Maringueira | Final: Rua Matel\u00e2ndia | Extens\u00e3o (m): 410,00<\/p>\n<p>Pacaembu<br \/>\nLocal: Rua Irati | In\u00edcio: Rua Matel\u00e2ndia | Final: Fim de rua | Extens\u00e3o (m): 80,00<\/p>\n<p>Pacaembu<br \/>\nLocal: Travessa das Palmas | In\u00edcio: Avenida Brasil | Final: Rua Maring\u00e1 | Extens\u00e3o (m): 100,00<\/p>\n<p>Pacaembu<br \/>\nLocal: Rua Odontol\u00f3gica | In\u00edcio: Rua Pedro Bau | Final: Av. Doutor Euzel Pontes (BR 277) | Extens\u00e3o (m): 35,00<\/p>\n<p>Pacaembu<br \/>\nLocal: Rua Carlos Chagas | In\u00edcio: Rua Rasteza | Final: Rua Irati | Extens\u00e3o (m): 50,00<\/p>\n<p>Pacaembu<br \/>\nLocal: Rua Nova Santa Rosa | In\u00edcio: Rua Venezuela | Final: Muro Lote 244A | Extens\u00e3o (m): 70,00<\/p>\n<p>Pacaembu<br \/>\nLocal: Rua Nova Santa Rosa | In\u00edcio: Muro Lote 244A | Final: Rua Chile | Extens\u00e3o (m): 390,00<\/p>\n<p>Regi\u00e3o do Lago<br \/>\nLocal: Rua da Lapa | In\u00edcio: Rua da Lapa | Final: Rua Cez\u00e1rio Bazaki | Extens\u00e3o (m): 265,00<\/p>\n<p>Regi\u00e3o do Lago<br \/>\nLocal: Rua Cez\u00e1rio Bazaki | In\u00edcio: Rua da Lapa | Final: Rua Pedro Carlos Neppel | Extens\u00e3o (m): 80,00<\/p>\n<p>Regi\u00e3o do Lago<br \/>\nLocal: Rua Cez\u00e1rio Bazaki | In\u00edcio: Rua Pedro Carlos Neppel | Final: Rua Jos\u00e9 Bartinik | Extens\u00e3o (m): 120,00<\/p>\n<p>Regi\u00e3o do Lago<br \/>\nLocal: Rua Pedro Carlos Neppel | In\u00edcio: Rua Cuiab\u00e1 | Final: Rua Cez\u00e1rio Bazaki | Extens\u00e3o (m): 130,00<\/p>\n<p>Regi\u00e3o do Lago<br \/>\nLocal: Rua Julio Szymanski | In\u00edcio: Rua Pedro Carlos Neppel | Final: Rua Jos\u00e9 Bartinik | Extens\u00e3o (m): 125,00<\/p>\n<p>Cascavel Velho<br \/>\nLocal: Rua Em\u00edlio de Menezes | In\u00edcio: Fim de Rua | Final: Rua Mem de S\u00e1 | Extens\u00e3o (m): 35,00<\/p>\n<p>Cascavel Velho<br \/>\nLocal: Rua Lisboa | In\u00edcio: Rua Madri | Final: Rua Lisboa | Extens\u00e3o (m): 120,00<\/p>\n<p>Cascavel Velho<br \/>\nLocal: Rua Lisboa | In\u00edcio: Rua Su\u00e9cia | Final: Rua Portugal | Extens\u00e3o (m): 135,00<\/p>\n<p>Alto Alegre<br \/>\nLocal: Rua dos Tamolos | In\u00edcio: Rua Silvestre Bonatto | Final: Rua Sadi Antonio Zortea | Extens\u00e3o (m): 250,00<\/p>\n<p>Alto Alegre<br \/>\nLocal: Rua Cora Coralina | In\u00edcio: Rua Indira Gandhi | Final: Fim de rua | Extens\u00e3o (m): 120,00<\/p>\n<p>14 de Novembro<br \/>\nLocal: Estrada da Pedreira | In\u00edcio: Rua Rom\u00e1rio Correia de Oliveira | Final: Rua Ont\u00e1rio | Extens\u00e3o (m): 430,00<\/p>\n<p>14 de Novembro<br \/>\nLocal: Rua do Arroio | In\u00edcio: Rua Rom\u00e1rio Correia de Oliveira | Final: Rua Argentino Hirt | Extens\u00e3o (m): 430,00<\/p>\n<p>Esmeralda<br \/>\nLocal: Rua Diamante | In\u00edcio: Rua Roberto Paiva | Final: Rua C\u00fambica | Extens\u00e3o (m): 60,00<\/p>\n<p>Esmeralda<br \/>\nLocal: Rua Jurandir Antonio Zaniucki | In\u00edcio: Rua Edite Elvira Sparoni | Final: Fim de rua | Extens\u00e3o (m): 35,00<\/p>\n<p>Esmeralda<br \/>\nLocal: Rua Turqueza | In\u00edcio: Rua Turmalina | Final: Fim de rua | Extens\u00e3o (m): 240,00<\/p>\n<p>Santa Cruz<br \/>\nLocal: Rua Oroc Buzaranyve | In\u00edcio: Rua Tupis | Final: Rua Caraj\u00e1s | Extens\u00e3o (m): 120,00<\/p>\n<p>Santos Dumont<br \/>\nLocal: Rua Egito | In\u00edcio: Rua Domingos Toqueto | Final: Rua Nossa Senhora da Penha | Extens\u00e3o (m): 230,00<\/p>\n<p>Santos Dumont<br \/>\nLocal: Rua Egito | In\u00edcio: Rua Nossa Senhora da Penha | Final: Fim de rua | Extens\u00e3o (m): 80,00<\/p>\n<p>Santos Dumont<br \/>\nLocal: Rua Gale\u00e3o | In\u00edcio: Rua Padre Donizetti | Final: Rua Jo\u00e3o Modesto Braga | Extens\u00e3o (m): 230,00<\/p>\n<p>Santos Dumont<br \/>\nLocal: Rua Gale\u00e3o | In\u00edcio: Rua Jo\u00e3o Modesto Braga | Final: Rua Aracy Tanaka Blazetto (Av. Marginal BR 277) | Extens\u00e3o (m): 230,00<\/p>\n<p>Santos Dumont<br \/>\nLocal: Rua Nossa Senhora da Penha | In\u00edcio: Rua Diogo Giovani Mattei | Final: Rua Maria Luiza Saraiva | Extens\u00e3o (m): 190,00<\/p>\n<p>Santos Dumont<br \/>\nLocal: Rua Jo\u00e3o Modesto Braga | In\u00edcio: Rua Diogo Giovani Mattei | Final: Rua Gale\u00e3o | Extens\u00e3o (m): 130,00<\/p>\n<p>Santos Dumont<br \/>\nLocal: Rua Diogo Giovani Mattei | In\u00edcio: Rua Paulo Leminski | Final: Rua Gale\u00e3o | Extens\u00e3o (m): 130,00<\/p>\n<p>Santos Dumont<br \/>\nLocal: Rua Domingos Toqueto | In\u00edcio: Rua Itaba\u00fa do Sul | Final: Rua Egito | Extens\u00e3o (m): 210,00<\/p>\n<p>Santos Dumont<br \/>\nLocal: Rua Domingos Toqueto | In\u00edcio: Rua Egito | Final: Fim de rua | Extens\u00e3o (m): 185,00<\/p>\n<p>Santos Dumont<br \/>\nLocal: Rua Nossa Senhora da Penha | In\u00edcio: Rua Itaba\u00fa do Sul | Final: Fim de rua | Extens\u00e3o (m): 130,00<\/p>\n<p>Santos Onofre<br \/>\nLocal: Rua M\u00f3veis | In\u00edcio: Rua Rnaquerauras | Final: Rua Caraj\u00f3s | Extens\u00e3o (m): 120,00<\/p>\n<p>Floresta<br \/>\nLocal: Avenida das Pombas | In\u00edcio: Rua dos Pardais | Final: Rua Caieras | Extens\u00e3o (m): 660,00<\/p>\n<p>Canad\u00e1<br \/>\nLocal: Rua Borba Gato | In\u00edcio: Rua Marechal C\u00e2ndido Rondon | Final: Fim de rua | Extens\u00e3o (m): 100,00<\/p>\n<p>Canad\u00e1<br \/>\nLocal: Rua Ivan Serpa | In\u00edcio: Rua Rafael Picoli | Final: Rua Francisco Alves da Rocha | Extens\u00e3o (m): 90,00<\/p>\n<p>Canad\u00e1<br \/>\nLocal: Rua Dimas Pires Bastos | In\u00edcio: Rua Rafael Picoli | Final: Fim de rua | Extens\u00e3o (m): 70,00<\/p>\n<p>Canad\u00e1<br \/>\nLocal: Rua Rafael Picoli | In\u00edcio: Rua Dimas Pires Bastos | Final: Fim de rua | Extens\u00e3o (m): 120,00<\/p>\n<p>Canad\u00e1<br \/>\nLocal: Rua Ivan Serpa | In\u00edcio: Rua Pedro Ivo | Final: Fim de rua | Extens\u00e3o (m): 55,00<\/p>\n<p>Canad\u00e1<br \/>\nLocal: Rua Elvira Faiten Franz | In\u00edcio: Rua Rafael Picoli | Final: Rua Treze de Maio | Extens\u00e3o (m): 70,00<\/p>\n<p>Distrito Industrial<br \/>\nLocal: Rua Elibeth Cardoso | In\u00edcio: Rua Paulo Leminski | Final: Rua Carlos Drumond de Andrade | Extens\u00e3o (m): 290,00<\/p>\n<p>Distrito Industrial<br \/>\nLocal: Rua Padre Lu\u00eds Luise | In\u00edcio: Rua Paulo Leminski | Final: Rua Carlos Drumond de Andrade | Extens\u00e3o (m): 290,00<\/p>\n<p>Distrito Industrial<br \/>\nLocal: Rua Carlos Drumond de Andrade | In\u00edcio: Rua Padre Lu\u00eds Luise | Final: Fim de rua | Extens\u00e3o (m): 70,00<\/p>\n<p>Cancelli<br \/>\nLocal: Rua Marechal Floriano | In\u00edcio: Rua Maria Dolores da Mota | Final: Rua Natalicio Florentino Alves | Extens\u00e3o (m): 70,00<\/p>\n<p>Bras\u00edlia<br \/>\nLocal: Rua Orlando Silva | In\u00edcio: Rua Valdir Azevedo | Final: Rua Bruna Costa | Extens\u00e3o (m): 70,00<\/p>\n<p>Bras\u00edlia<br \/>\nLocal: Rua Nelson Cavaquinho | In\u00edcio: Rua Ipanema | Final: Rua Copacabana | Extens\u00e3o (m): 100,00<\/p>\n<p>Bras\u00edlia<br \/>\nLocal: Rua de N\u00e1poli | In\u00edcio: Rua Ant\u00f4nio Engremonn | Final: Muro lote REMA | Extens\u00e3o (m): 35,00<\/p>\n<p>S\u00e3o Crist\u00f3v\u00e3o<br \/>\nLocal: Rua Waldemar Friedrich | In\u00edcio: Avenida Piquiri | Final: Rua Rio Solim\u00f5es | Extens\u00e3o (m): 215,00<\/p>\n<p>Brasmadeira<br \/>\nLocal: Rua Alvorada | In\u00edcio: Rua Rio Bonito | Final: Rua Rio Melissa | Extens\u00e3o (m): 100,00<\/p>\n<p>Para\u00edso S\u00edtios de Recreio<br \/>\nLocal: Rua Vin\u00edcius Henrique Brandalise | In\u00edcio: Rua Rio da Paz | Final: Rua Dois | Extens\u00e3o (m): 150,00<\/p>\n<p>Para\u00edso S\u00edtios de Recreio<br \/>\nLocal: Rua Vin\u00edcius Henrique Brandalise | In\u00edcio: Rua Dois | Final: Fim de rua | Extens\u00e3o (m): 250,00<\/p>\n<p>Para\u00edso S\u00edtios de Recreio<br \/>\nLocal: Rua Valdir Sirtoli | In\u00edcio: Rua Rio da Paz | Final: Rua Professor Floraci Miranda | Extens\u00e3o (m): 210,00<\/p>\n<p>Para\u00edso S\u00edtios de Recreio<br \/>\nLocal: Rua Professor Floraci Miranda | In\u00edcio: Rua Valdir Sirtoli | Final: Rua Francisco Alves da Rocha | Extens\u00e3o (m): 960,00<\/p>\n<p>Para\u00edso S\u00edtios de Recreio<br \/>\nLocal: Rua \u00c2ngelo Mecabo | In\u00edcio: Rua Rio da Paz | Final: Rua Professora Michalina Sochodolak | Extens\u00e3o (m): 295,00<\/p>\n<p>Para\u00edso S\u00edtios de Recreio<br \/>\nLocal: Rua Professora Michalina Sochodolak (trecho 01) | In\u00edcio: Rua Francisco Alves da Rocha | Final: Poste com rede de baixa tens\u00e3o | Extens\u00e3o (m): 75,00<\/p>\n<p>Para\u00edso S\u00edtios de Recreio<br \/>\nLocal: Rua Professora Michalina Sochodolak (trecho 01) | In\u00edcio: Poste com rede de baixa tens\u00e3o | Final: Fim de rua | Extens\u00e3o (m): 75,00<\/p>\n<p>Para\u00edso S\u00edtios de Recreio<br \/>\nLocal: Rua Professora Michalina Sochodolak (trecho 02) | In\u00edcio: Rua \u00c2ngelo Mecabo | Final: Fim de rua | Extens\u00e3o (m): 115,00<\/p>\n<p><em>Prefeitura de Cascavel<\/em><\/p>\n","protected":false},"excerpt":{"rendered":"<p>Interven\u00e7\u00e3o vai atender 66 trechos distribu\u00eddos em 18 bairros O Munic\u00edpio de Cascavel avan\u00e7a em<\/p>\n","protected":false},"author":3,"featured_media":46601,"comment_status":"open","ping_status":"open","sticky":false,"template":"","format":"standard","meta":{"footnotes":""},"categories":[2],"tags":[],"class_list":["post-46600","post","type-post","status-publish","format-standard","has-post-thumbnail","hentry","category-cascavel"],"yoast_head":"<!-- This site is optimized with the Yoast SEO plugin v27.5 - https:\/\/yoast.com\/product\/yoast-seo-wordpress\/ -->\n<title>Prefeitura inicia licita\u00e7\u00e3o para projetos de pavimenta\u00e7\u00e3o de mais de 10km de ruas remanescentes - Jornal<\/title>\n<meta name=\"description\" content=\"Prefeitura inicia licita\u00e7\u00e3o para projetos de pavimenta\u00e7\u00e3o de mais de 10km de ruas remanescentes\" \/>\n<meta name=\"robots\" content=\"index, follow, max-snippet:-1, max-image-preview:large, max-video-preview:-1\" \/>\n<link rel=\"canonical\" href=\"https:\/\/jornalboasnoticias.com.br\/home\/prefeitura-inicia-licitacao-para-projetos-de-pavimentacao-de-mais-de-10km-de-ruas-remanescentes\/\" \/>\n<meta property=\"og:locale\" content=\"pt_BR\" \/>\n<meta property=\"og:type\" content=\"article\" \/>\n<meta property=\"og:title\" content=\"Prefeitura inicia licita\u00e7\u00e3o para projetos de pavimenta\u00e7\u00e3o de mais de 10km de ruas remanescentes - Jornal\" \/>\n<meta property=\"og:description\" content=\"Prefeitura inicia licita\u00e7\u00e3o para projetos de pavimenta\u00e7\u00e3o de mais de 10km de ruas remanescentes\" \/>\n<meta property=\"og:url\" content=\"https:\/\/jornalboasnoticias.com.br\/home\/prefeitura-inicia-licitacao-para-projetos-de-pavimentacao-de-mais-de-10km-de-ruas-remanescentes\/\" \/>\n<meta property=\"og:site_name\" content=\"Jornal\" \/>\n<meta property=\"article:publisher\" content=\"https:\/\/www.facebook.com\/boasnoticiasjornal\" \/>\n<meta property=\"article:published_time\" content=\"2025-11-28T19:44:27+00:00\" \/>\n<meta property=\"og:image\" content=\"https:\/\/jornalboasnoticias.com.br\/home\/wp-content\/uploads\/2025\/11\/WhatsApp-Image-2025-11-28-at-11_25_43-1.jpeg\" \/>\n\t<meta property=\"og:image:width\" content=\"1600\" \/>\n\t<meta property=\"og:image:height\" content=\"900\" \/>\n\t<meta property=\"og:image:type\" content=\"image\/jpeg\" \/>\n<meta name=\"author\" content=\"Luiz Carlos da Cruz\" \/>\n<meta name=\"twitter:card\" content=\"summary_large_image\" \/>\n<meta name=\"twitter:label1\" content=\"Escrito por\" \/>\n\t<meta name=\"twitter:data1\" content=\"Luiz Carlos da Cruz\" \/>\n\t<meta name=\"twitter:label2\" content=\"Est. tempo de leitura\" \/>\n\t<meta name=\"twitter:data2\" content=\"10 minutos\" \/>\n<script type=\"application\/ld+json\" class=\"yoast-schema-graph\">{\"@context\":\"https:\\\/\\\/schema.org\",\"@graph\":[{\"@type\":\"Article\",\"@id\":\"https:\\\/\\\/jornalboasnoticias.com.br\\\/home\\\/prefeitura-inicia-licitacao-para-projetos-de-pavimentacao-de-mais-de-10km-de-ruas-remanescentes\\\/#article\",\"isPartOf\":{\"@id\":\"https:\\\/\\\/jornalboasnoticias.com.br\\\/home\\\/prefeitura-inicia-licitacao-para-projetos-de-pavimentacao-de-mais-de-10km-de-ruas-remanescentes\\\/\"},\"author\":{\"name\":\"Luiz Carlos da Cruz\",\"@id\":\"https:\\\/\\\/jornalboasnoticias.com.br\\\/home\\\/#\\\/schema\\\/person\\\/75f9ebde398c998c166475fb446bda62\"},\"headline\":\"Prefeitura inicia licita\u00e7\u00e3o para projetos de pavimenta\u00e7\u00e3o de mais de 10km de ruas remanescentes\",\"datePublished\":\"2025-11-28T19:44:27+00:00\",\"mainEntityOfPage\":{\"@id\":\"https:\\\/\\\/jornalboasnoticias.com.br\\\/home\\\/prefeitura-inicia-licitacao-para-projetos-de-pavimentacao-de-mais-de-10km-de-ruas-remanescentes\\\/\"},\"wordCount\":1676,\"commentCount\":0,\"publisher\":{\"@id\":\"https:\\\/\\\/jornalboasnoticias.com.br\\\/home\\\/#organization\"},\"image\":{\"@id\":\"https:\\\/\\\/jornalboasnoticias.com.br\\\/home\\\/prefeitura-inicia-licitacao-para-projetos-de-pavimentacao-de-mais-de-10km-de-ruas-remanescentes\\\/#primaryimage\"},\"thumbnailUrl\":\"https:\\\/\\\/jornalboasnoticias.com.br\\\/home\\\/wp-content\\\/uploads\\\/2025\\\/11\\\/WhatsApp-Image-2025-11-28-at-11_25_43-1.jpeg\",\"articleSection\":[\"CASCAVEL\"],\"inLanguage\":\"pt-BR\",\"potentialAction\":[{\"@type\":\"CommentAction\",\"name\":\"Comment\",\"target\":[\"https:\\\/\\\/jornalboasnoticias.com.br\\\/home\\\/prefeitura-inicia-licitacao-para-projetos-de-pavimentacao-de-mais-de-10km-de-ruas-remanescentes\\\/#respond\"]}]},{\"@type\":\"WebPage\",\"@id\":\"https:\\\/\\\/jornalboasnoticias.com.br\\\/home\\\/prefeitura-inicia-licitacao-para-projetos-de-pavimentacao-de-mais-de-10km-de-ruas-remanescentes\\\/\",\"url\":\"https:\\\/\\\/jornalboasnoticias.com.br\\\/home\\\/prefeitura-inicia-licitacao-para-projetos-de-pavimentacao-de-mais-de-10km-de-ruas-remanescentes\\\/\",\"name\":\"Prefeitura inicia licita\u00e7\u00e3o para projetos de pavimenta\u00e7\u00e3o de mais de 10km de ruas remanescentes - Jornal\",\"isPartOf\":{\"@id\":\"https:\\\/\\\/jornalboasnoticias.com.br\\\/home\\\/#website\"},\"primaryImageOfPage\":{\"@id\":\"https:\\\/\\\/jornalboasnoticias.com.br\\\/home\\\/prefeitura-inicia-licitacao-para-projetos-de-pavimentacao-de-mais-de-10km-de-ruas-remanescentes\\\/#primaryimage\"},\"image\":{\"@id\":\"https:\\\/\\\/jornalboasnoticias.com.br\\\/home\\\/prefeitura-inicia-licitacao-para-projetos-de-pavimentacao-de-mais-de-10km-de-ruas-remanescentes\\\/#primaryimage\"},\"thumbnailUrl\":\"https:\\\/\\\/jornalboasnoticias.com.br\\\/home\\\/wp-content\\\/uploads\\\/2025\\\/11\\\/WhatsApp-Image-2025-11-28-at-11_25_43-1.jpeg\",\"datePublished\":\"2025-11-28T19:44:27+00:00\",\"description\":\"Prefeitura inicia licita\u00e7\u00e3o para projetos de pavimenta\u00e7\u00e3o de mais de 10km de ruas remanescentes\",\"breadcrumb\":{\"@id\":\"https:\\\/\\\/jornalboasnoticias.com.br\\\/home\\\/prefeitura-inicia-licitacao-para-projetos-de-pavimentacao-de-mais-de-10km-de-ruas-remanescentes\\\/#breadcrumb\"},\"inLanguage\":\"pt-BR\",\"potentialAction\":[{\"@type\":\"ReadAction\",\"target\":[\"https:\\\/\\\/jornalboasnoticias.com.br\\\/home\\\/prefeitura-inicia-licitacao-para-projetos-de-pavimentacao-de-mais-de-10km-de-ruas-remanescentes\\\/\"]}]},{\"@type\":\"ImageObject\",\"inLanguage\":\"pt-BR\",\"@id\":\"https:\\\/\\\/jornalboasnoticias.com.br\\\/home\\\/prefeitura-inicia-licitacao-para-projetos-de-pavimentacao-de-mais-de-10km-de-ruas-remanescentes\\\/#primaryimage\",\"url\":\"https:\\\/\\\/jornalboasnoticias.com.br\\\/home\\\/wp-content\\\/uploads\\\/2025\\\/11\\\/WhatsApp-Image-2025-11-28-at-11_25_43-1.jpeg\",\"contentUrl\":\"https:\\\/\\\/jornalboasnoticias.com.br\\\/home\\\/wp-content\\\/uploads\\\/2025\\\/11\\\/WhatsApp-Image-2025-11-28-at-11_25_43-1.jpeg\",\"width\":1600,\"height\":900,\"caption\":\"Divulga\u00e7\u00e3o\"},{\"@type\":\"BreadcrumbList\",\"@id\":\"https:\\\/\\\/jornalboasnoticias.com.br\\\/home\\\/prefeitura-inicia-licitacao-para-projetos-de-pavimentacao-de-mais-de-10km-de-ruas-remanescentes\\\/#breadcrumb\",\"itemListElement\":[{\"@type\":\"ListItem\",\"position\":1,\"name\":\"In\u00edcio\",\"item\":\"https:\\\/\\\/jornalboasnoticias.com.br\\\/home\\\/\"},{\"@type\":\"ListItem\",\"position\":2,\"name\":\"Prefeitura inicia licita\u00e7\u00e3o para projetos de pavimenta\u00e7\u00e3o de mais de 10km de ruas remanescentes\"}]},{\"@type\":\"WebSite\",\"@id\":\"https:\\\/\\\/jornalboasnoticias.com.br\\\/home\\\/#website\",\"url\":\"https:\\\/\\\/jornalboasnoticias.com.br\\\/home\\\/\",\"name\":\"Jornal Boas Not\u00edcias\",\"description\":\"Boas not\u00edcias\",\"publisher\":{\"@id\":\"https:\\\/\\\/jornalboasnoticias.com.br\\\/home\\\/#organization\"},\"potentialAction\":[{\"@type\":\"SearchAction\",\"target\":{\"@type\":\"EntryPoint\",\"urlTemplate\":\"https:\\\/\\\/jornalboasnoticias.com.br\\\/home\\\/?s={search_term_string}\"},\"query-input\":{\"@type\":\"PropertyValueSpecification\",\"valueRequired\":true,\"valueName\":\"search_term_string\"}}],\"inLanguage\":\"pt-BR\"},{\"@type\":\"Organization\",\"@id\":\"https:\\\/\\\/jornalboasnoticias.com.br\\\/home\\\/#organization\",\"name\":\"Coq Editora Ltda\",\"alternateName\":\"Jornal Boas Noticias\",\"url\":\"https:\\\/\\\/jornalboasnoticias.com.br\\\/home\\\/\",\"logo\":{\"@type\":\"ImageObject\",\"inLanguage\":\"pt-BR\",\"@id\":\"https:\\\/\\\/jornalboasnoticias.com.br\\\/home\\\/#\\\/schema\\\/logo\\\/image\\\/\",\"url\":\"https:\\\/\\\/jornalboasnoticias.com.br\\\/home\\\/wp-content\\\/uploads\\\/2024\\\/07\\\/cropped-logo.jpg\",\"contentUrl\":\"https:\\\/\\\/jornalboasnoticias.com.br\\\/home\\\/wp-content\\\/uploads\\\/2024\\\/07\\\/cropped-logo.jpg\",\"width\":290,\"height\":142,\"caption\":\"Coq Editora Ltda\"},\"image\":{\"@id\":\"https:\\\/\\\/jornalboasnoticias.com.br\\\/home\\\/#\\\/schema\\\/logo\\\/image\\\/\"},\"sameAs\":[\"https:\\\/\\\/www.facebook.com\\\/boasnoticiasjornal\"]},{\"@type\":\"Person\",\"@id\":\"https:\\\/\\\/jornalboasnoticias.com.br\\\/home\\\/#\\\/schema\\\/person\\\/75f9ebde398c998c166475fb446bda62\",\"name\":\"Luiz Carlos da Cruz\",\"image\":{\"@type\":\"ImageObject\",\"inLanguage\":\"pt-BR\",\"@id\":\"https:\\\/\\\/secure.gravatar.com\\\/avatar\\\/e6f4f45301b6cb8572f7b076572e8ac11c1db80e805d8c8d0858cf286ce3ac3b?s=96&d=mm&r=g\",\"url\":\"https:\\\/\\\/secure.gravatar.com\\\/avatar\\\/e6f4f45301b6cb8572f7b076572e8ac11c1db80e805d8c8d0858cf286ce3ac3b?s=96&d=mm&r=g\",\"contentUrl\":\"https:\\\/\\\/secure.gravatar.com\\\/avatar\\\/e6f4f45301b6cb8572f7b076572e8ac11c1db80e805d8c8d0858cf286ce3ac3b?s=96&d=mm&r=g\",\"caption\":\"Luiz Carlos da Cruz\"},\"url\":\"https:\\\/\\\/jornalboasnoticias.com.br\\\/home\\\/author\\\/luiz-carlos-da-cruz\\\/\"}]}<\/script>\n<!-- \/ Yoast SEO plugin. -->","yoast_head_json":{"title":"Prefeitura inicia licita\u00e7\u00e3o para projetos de pavimenta\u00e7\u00e3o de mais de 10km de ruas remanescentes - Jornal","description":"Prefeitura inicia licita\u00e7\u00e3o para projetos de pavimenta\u00e7\u00e3o de mais de 10km de ruas remanescentes","robots":{"index":"index","follow":"follow","max-snippet":"max-snippet:-1","max-image-preview":"max-image-preview:large","max-video-preview":"max-video-preview:-1"},"canonical":"https:\/\/jornalboasnoticias.com.br\/home\/prefeitura-inicia-licitacao-para-projetos-de-pavimentacao-de-mais-de-10km-de-ruas-remanescentes\/","og_locale":"pt_BR","og_type":"article","og_title":"Prefeitura inicia licita\u00e7\u00e3o para projetos de pavimenta\u00e7\u00e3o de mais de 10km de ruas remanescentes - Jornal","og_description":"Prefeitura inicia licita\u00e7\u00e3o para projetos de pavimenta\u00e7\u00e3o de mais de 10km de ruas remanescentes","og_url":"https:\/\/jornalboasnoticias.com.br\/home\/prefeitura-inicia-licitacao-para-projetos-de-pavimentacao-de-mais-de-10km-de-ruas-remanescentes\/","og_site_name":"Jornal","article_publisher":"https:\/\/www.facebook.com\/boasnoticiasjornal","article_published_time":"2025-11-28T19:44:27+00:00","og_image":[{"width":1600,"height":900,"url":"https:\/\/jornalboasnoticias.com.br\/home\/wp-content\/uploads\/2025\/11\/WhatsApp-Image-2025-11-28-at-11_25_43-1.jpeg","type":"image\/jpeg"}],"author":"Luiz Carlos da Cruz","twitter_card":"summary_large_image","twitter_misc":{"Escrito por":"Luiz Carlos da Cruz","Est. tempo de leitura":"10 minutos"},"schema":{"@context":"https:\/\/schema.org","@graph":[{"@type":"Article","@id":"https:\/\/jornalboasnoticias.com.br\/home\/prefeitura-inicia-licitacao-para-projetos-de-pavimentacao-de-mais-de-10km-de-ruas-remanescentes\/#article","isPartOf":{"@id":"https:\/\/jornalboasnoticias.com.br\/home\/prefeitura-inicia-licitacao-para-projetos-de-pavimentacao-de-mais-de-10km-de-ruas-remanescentes\/"},"author":{"name":"Luiz Carlos da Cruz","@id":"https:\/\/jornalboasnoticias.com.br\/home\/#\/schema\/person\/75f9ebde398c998c166475fb446bda62"},"headline":"Prefeitura inicia licita\u00e7\u00e3o para projetos de pavimenta\u00e7\u00e3o de mais de 10km de ruas remanescentes","datePublished":"2025-11-28T19:44:27+00:00","mainEntityOfPage":{"@id":"https:\/\/jornalboasnoticias.com.br\/home\/prefeitura-inicia-licitacao-para-projetos-de-pavimentacao-de-mais-de-10km-de-ruas-remanescentes\/"},"wordCount":1676,"commentCount":0,"publisher":{"@id":"https:\/\/jornalboasnoticias.com.br\/home\/#organization"},"image":{"@id":"https:\/\/jornalboasnoticias.com.br\/home\/prefeitura-inicia-licitacao-para-projetos-de-pavimentacao-de-mais-de-10km-de-ruas-remanescentes\/#primaryimage"},"thumbnailUrl":"https:\/\/jornalboasnoticias.com.br\/home\/wp-content\/uploads\/2025\/11\/WhatsApp-Image-2025-11-28-at-11_25_43-1.jpeg","articleSection":["CASCAVEL"],"inLanguage":"pt-BR","potentialAction":[{"@type":"CommentAction","name":"Comment","target":["https:\/\/jornalboasnoticias.com.br\/home\/prefeitura-inicia-licitacao-para-projetos-de-pavimentacao-de-mais-de-10km-de-ruas-remanescentes\/#respond"]}]},{"@type":"WebPage","@id":"https:\/\/jornalboasnoticias.com.br\/home\/prefeitura-inicia-licitacao-para-projetos-de-pavimentacao-de-mais-de-10km-de-ruas-remanescentes\/","url":"https:\/\/jornalboasnoticias.com.br\/home\/prefeitura-inicia-licitacao-para-projetos-de-pavimentacao-de-mais-de-10km-de-ruas-remanescentes\/","name":"Prefeitura inicia licita\u00e7\u00e3o para projetos de pavimenta\u00e7\u00e3o de mais de 10km de ruas remanescentes - Jornal","isPartOf":{"@id":"https:\/\/jornalboasnoticias.com.br\/home\/#website"},"primaryImageOfPage":{"@id":"https:\/\/jornalboasnoticias.com.br\/home\/prefeitura-inicia-licitacao-para-projetos-de-pavimentacao-de-mais-de-10km-de-ruas-remanescentes\/#primaryimage"},"image":{"@id":"https:\/\/jornalboasnoticias.com.br\/home\/prefeitura-inicia-licitacao-para-projetos-de-pavimentacao-de-mais-de-10km-de-ruas-remanescentes\/#primaryimage"},"thumbnailUrl":"https:\/\/jornalboasnoticias.com.br\/home\/wp-content\/uploads\/2025\/11\/WhatsApp-Image-2025-11-28-at-11_25_43-1.jpeg","datePublished":"2025-11-28T19:44:27+00:00","description":"Prefeitura inicia licita\u00e7\u00e3o para projetos de pavimenta\u00e7\u00e3o de mais de 10km de ruas remanescentes","breadcrumb":{"@id":"https:\/\/jornalboasnoticias.com.br\/home\/prefeitura-inicia-licitacao-para-projetos-de-pavimentacao-de-mais-de-10km-de-ruas-remanescentes\/#breadcrumb"},"inLanguage":"pt-BR","potentialAction":[{"@type":"ReadAction","target":["https:\/\/jornalboasnoticias.com.br\/home\/prefeitura-inicia-licitacao-para-projetos-de-pavimentacao-de-mais-de-10km-de-ruas-remanescentes\/"]}]},{"@type":"ImageObject","inLanguage":"pt-BR","@id":"https:\/\/jornalboasnoticias.com.br\/home\/prefeitura-inicia-licitacao-para-projetos-de-pavimentacao-de-mais-de-10km-de-ruas-remanescentes\/#primaryimage","url":"https:\/\/jornalboasnoticias.com.br\/home\/wp-content\/uploads\/2025\/11\/WhatsApp-Image-2025-11-28-at-11_25_43-1.jpeg","contentUrl":"https:\/\/jornalboasnoticias.com.br\/home\/wp-content\/uploads\/2025\/11\/WhatsApp-Image-2025-11-28-at-11_25_43-1.jpeg","width":1600,"height":900,"caption":"Divulga\u00e7\u00e3o"},{"@type":"BreadcrumbList","@id":"https:\/\/jornalboasnoticias.com.br\/home\/prefeitura-inicia-licitacao-para-projetos-de-pavimentacao-de-mais-de-10km-de-ruas-remanescentes\/#breadcrumb","itemListElement":[{"@type":"ListItem","position":1,"name":"In\u00edcio","item":"https:\/\/jornalboasnoticias.com.br\/home\/"},{"@type":"ListItem","position":2,"name":"Prefeitura inicia licita\u00e7\u00e3o para projetos de pavimenta\u00e7\u00e3o de mais de 10km de ruas remanescentes"}]},{"@type":"WebSite","@id":"https:\/\/jornalboasnoticias.com.br\/home\/#website","url":"https:\/\/jornalboasnoticias.com.br\/home\/","name":"Jornal Boas Not\u00edcias","description":"Boas not\u00edcias","publisher":{"@id":"https:\/\/jornalboasnoticias.com.br\/home\/#organization"},"potentialAction":[{"@type":"SearchAction","target":{"@type":"EntryPoint","urlTemplate":"https:\/\/jornalboasnoticias.com.br\/home\/?s={search_term_string}"},"query-input":{"@type":"PropertyValueSpecification","valueRequired":true,"valueName":"search_term_string"}}],"inLanguage":"pt-BR"},{"@type":"Organization","@id":"https:\/\/jornalboasnoticias.com.br\/home\/#organization","name":"Coq Editora Ltda","alternateName":"Jornal Boas Noticias","url":"https:\/\/jornalboasnoticias.com.br\/home\/","logo":{"@type":"ImageObject","inLanguage":"pt-BR","@id":"https:\/\/jornalboasnoticias.com.br\/home\/#\/schema\/logo\/image\/","url":"https:\/\/jornalboasnoticias.com.br\/home\/wp-content\/uploads\/2024\/07\/cropped-logo.jpg","contentUrl":"https:\/\/jornalboasnoticias.com.br\/home\/wp-content\/uploads\/2024\/07\/cropped-logo.jpg","width":290,"height":142,"caption":"Coq Editora Ltda"},"image":{"@id":"https:\/\/jornalboasnoticias.com.br\/home\/#\/schema\/logo\/image\/"},"sameAs":["https:\/\/www.facebook.com\/boasnoticiasjornal"]},{"@type":"Person","@id":"https:\/\/jornalboasnoticias.com.br\/home\/#\/schema\/person\/75f9ebde398c998c166475fb446bda62","name":"Luiz Carlos da Cruz","image":{"@type":"ImageObject","inLanguage":"pt-BR","@id":"https:\/\/secure.gravatar.com\/avatar\/e6f4f45301b6cb8572f7b076572e8ac11c1db80e805d8c8d0858cf286ce3ac3b?s=96&d=mm&r=g","url":"https:\/\/secure.gravatar.com\/avatar\/e6f4f45301b6cb8572f7b076572e8ac11c1db80e805d8c8d0858cf286ce3ac3b?s=96&d=mm&r=g","contentUrl":"https:\/\/secure.gravatar.com\/avatar\/e6f4f45301b6cb8572f7b076572e8ac11c1db80e805d8c8d0858cf286ce3ac3b?s=96&d=mm&r=g","caption":"Luiz Carlos da Cruz"},"url":"https:\/\/jornalboasnoticias.com.br\/home\/author\/luiz-carlos-da-cruz\/"}]}},"_links":{"self":[{"href":"https:\/\/jornalboasnoticias.com.br\/home\/wp-json\/wp\/v2\/posts\/46600","targetHints":{"allow":["GET"]}}],"collection":[{"href":"https:\/\/jornalboasnoticias.com.br\/home\/wp-json\/wp\/v2\/posts"}],"about":[{"href":"https:\/\/jornalboasnoticias.com.br\/home\/wp-json\/wp\/v2\/types\/post"}],"author":[{"embeddable":true,"href":"https:\/\/jornalboasnoticias.com.br\/home\/wp-json\/wp\/v2\/users\/3"}],"replies":[{"embeddable":true,"href":"https:\/\/jornalboasnoticias.com.br\/home\/wp-json\/wp\/v2\/comments?post=46600"}],"version-history":[{"count":1,"href":"https:\/\/jornalboasnoticias.com.br\/home\/wp-json\/wp\/v2\/posts\/46600\/revisions"}],"predecessor-version":[{"id":46602,"href":"https:\/\/jornalboasnoticias.com.br\/home\/wp-json\/wp\/v2\/posts\/46600\/revisions\/46602"}],"wp:featuredmedia":[{"embeddable":true,"href":"https:\/\/jornalboasnoticias.com.br\/home\/wp-json\/wp\/v2\/media\/46601"}],"wp:attachment":[{"href":"https:\/\/jornalboasnoticias.com.br\/home\/wp-json\/wp\/v2\/media?parent=46600"}],"wp:term":[{"taxonomy":"category","embeddable":true,"href":"https:\/\/jornalboasnoticias.com.br\/home\/wp-json\/wp\/v2\/categories?post=46600"},{"taxonomy":"post_tag","embeddable":true,"href":"https:\/\/jornalboasnoticias.com.br\/home\/wp-json\/wp\/v2\/tags?post=46600"}],"curies":[{"name":"wp","href":"https:\/\/api.w.org\/{rel}","templated":true}]}}