{"id":46597,"date":"2025-11-28T19:15:34","date_gmt":"2025-11-28T19:15:34","guid":{"rendered":"https:\/\/jornalboasnoticias.com.br\/home\/?p=46597"},"modified":"2025-11-28T19:15:34","modified_gmt":"2025-11-28T19:15:34","slug":"solicitacao-de-transferencia-de-escola-deve-ser-feita-presencialmente-ou-via-whatsapp-a-partir-de-segunda-1","status":"publish","type":"post","link":"https:\/\/jornalboasnoticias.com.br\/home\/solicitacao-de-transferencia-de-escola-deve-ser-feita-presencialmente-ou-via-whatsapp-a-partir-de-segunda-1\/","title":{"rendered":"Solicita\u00e7\u00e3o de transfer\u00eancia de escola deve ser feita presencialmente ou via WhatsApp a partir de segunda (1\u00b0)"},"content":{"rendered":"<blockquote>\n<p style=\"text-align: center;\">Instabilidade na plataforma da Celepar impede abertura do Cadastro de Espera de Vaga na \u00c1rea do Aluno<\/p>\n<\/blockquote>\n<figure id=\"attachment_46598\" aria-describedby=\"caption-attachment-46598\" style=\"width: 1000px\" class=\"wp-caption alignnone\"><img loading=\"lazy\" decoding=\"async\" class=\"size-full wp-image-46598\" src=\"https:\/\/jornalboasnoticias.com.br\/home\/wp-content\/uploads\/2025\/11\/WhatsApp-Image-2025-11-28-at-15_40_53-e1764357305353.jpeg\" alt=\"\" width=\"1000\" height=\"666\" \/><figcaption id=\"caption-attachment-46598\" class=\"wp-caption-text\">Divulga\u00e7\u00e3o<\/figcaption><\/figure>\n<p>A Secretaria Municipal de Educa\u00e7\u00e3o de Cascavel informa que o sistema do CEVE (Cadastro de Espera de Vaga Escolar), disponibilizado pela Celepar, apresentou instabilidade e n\u00e3o estar\u00e1 acess\u00edvel na \u00c1rea do Aluno a partir desta segunda-feira, 1\u00ba de dezembro. A ferramenta \u00e9 utilizada anualmente para que pais ou respons\u00e1veis solicitem mudan\u00e7a de escola ap\u00f3s o direcionamento realizado pelo georreferenciamento.<\/p>\n<p>Diante da indisponibilidade do sistema, a Secretaria adotou medidas alternativas para assegurar que as fam\u00edlias possam registrar suas solicita\u00e7\u00f5es dentro do prazo previsto. Desta forma, a partir de segunda-feira (1\u00b0) at\u00e9 a pr\u00f3xima sexta-feira (5), os respons\u00e1veis dever\u00e3o escolher um dos seguintes canais para solicitar a transfer\u00eancia:<\/p>\n<h2>Atendimento presencial<\/h2>\n<p>Os pais podem comparecer diretamente \u00e0 escola desejada, das 8h \u00e0s 11h30 e das 13h30 \u00e0s 17h, para registrar o pedido de transfer\u00eancia.<\/p>\n<h2>Atendimento via WhatsApp<\/h2>\n<p>Tamb\u00e9m \u00e9 poss\u00edvel solicitar a mudan\u00e7a por meio dos n\u00fameros exclusivos da Semed:<\/p>\n<p>(45) 4001-2840<br \/>\n(45) 4001-2851<br \/>\n(45) 4001-2853<\/p>\n<p>A an\u00e1lise e confirma\u00e7\u00e3o das vagas ocorrer\u00e1 nos dias 15 e 16 de dezembro, quando cada institui\u00e7\u00e3o entrar\u00e1 em contato com os respons\u00e1veis para informar o resultado.<\/p>\n<p>A secret\u00e1ria municipal de Educa\u00e7\u00e3o, Marcia Baldini, destaca que, mesmo diante da quest\u00e3o t\u00e9cnica, o munic\u00edpio est\u00e1 garantindo alternativas para atendimento das fam\u00edlias.\u00a0\u201cO CEVE \u00e9 uma etapa importante da organiza\u00e7\u00e3o da rede. \u00c9 por meio dele que conseguimos analisar as necessidades das fam\u00edlias e ajustar a distribui\u00e7\u00e3o de vagas de forma respons\u00e1vel. Mesmo com a instabilidade do sistema, estamos assegurando caminhos para que as solicita\u00e7\u00f5es sejam registradas dentro do prazo\u201d, refor\u00e7ou.<\/p>\n<p>A Secretaria Municipal de Educa\u00e7\u00e3o orienta que eventuais d\u00favidas sejam encaminhadas exclusivamente pelos canais de atendimento disponibilizados.<\/p>\n<p><em>Prefeitura de Cascavel<\/em><\/p>\n","protected":false},"excerpt":{"rendered":"<p>Instabilidade na plataforma da Celepar impede abertura do Cadastro de Espera de Vaga na \u00c1rea<\/p>\n","protected":false},"author":3,"featured_media":46598,"comment_status":"open","ping_status":"open","sticky":false,"template":"","format":"standard","meta":{"footnotes":""},"categories":[8],"tags":[],"class_list":["post-46597","post","type-post","status-publish","format-standard","has-post-thumbnail","hentry","category-educacao"],"yoast_head":"<!-- This site is optimized with the Yoast SEO plugin v27.5 - https:\/\/yoast.com\/product\/yoast-seo-wordpress\/ -->\n<title>Solicita\u00e7\u00e3o de transfer\u00eancia de escola deve ser feita presencialmente ou via WhatsApp a partir de segunda (1\u00b0) - Jornal<\/title>\n<meta name=\"description\" content=\"Solicita\u00e7\u00e3o de transfer\u00eancia de escola deve ser feita presencialmente ou via WhatsApp a partir de segunda (1\u00b0)\" \/>\n<meta name=\"robots\" content=\"index, follow, max-snippet:-1, max-image-preview:large, max-video-preview:-1\" \/>\n<link rel=\"canonical\" href=\"https:\/\/jornalboasnoticias.com.br\/home\/solicitacao-de-transferencia-de-escola-deve-ser-feita-presencialmente-ou-via-whatsapp-a-partir-de-segunda-1\/\" \/>\n<meta property=\"og:locale\" content=\"pt_BR\" \/>\n<meta property=\"og:type\" content=\"article\" \/>\n<meta property=\"og:title\" content=\"Solicita\u00e7\u00e3o de transfer\u00eancia de escola deve ser feita presencialmente ou via WhatsApp a partir de segunda (1\u00b0) - Jornal\" \/>\n<meta property=\"og:description\" content=\"Solicita\u00e7\u00e3o de transfer\u00eancia de escola deve ser feita presencialmente ou via WhatsApp a partir de segunda (1\u00b0)\" \/>\n<meta property=\"og:url\" content=\"https:\/\/jornalboasnoticias.com.br\/home\/solicitacao-de-transferencia-de-escola-deve-ser-feita-presencialmente-ou-via-whatsapp-a-partir-de-segunda-1\/\" \/>\n<meta property=\"og:site_name\" content=\"Jornal\" \/>\n<meta property=\"article:publisher\" content=\"https:\/\/www.facebook.com\/boasnoticiasjornal\" \/>\n<meta property=\"article:published_time\" content=\"2025-11-28T19:15:34+00:00\" \/>\n<meta property=\"og:image\" content=\"https:\/\/jornalboasnoticias.com.br\/home\/wp-content\/uploads\/2025\/11\/WhatsApp-Image-2025-11-28-at-15_40_53-e1764357305353.jpeg\" \/>\n\t<meta property=\"og:image:width\" content=\"1000\" \/>\n\t<meta property=\"og:image:height\" content=\"666\" \/>\n\t<meta property=\"og:image:type\" content=\"image\/jpeg\" \/>\n<meta name=\"author\" content=\"Luiz Carlos da Cruz\" \/>\n<meta name=\"twitter:card\" content=\"summary_large_image\" \/>\n<meta name=\"twitter:label1\" content=\"Escrito por\" \/>\n\t<meta name=\"twitter:data1\" content=\"Luiz Carlos da Cruz\" \/>\n\t<meta name=\"twitter:label2\" content=\"Est. tempo de leitura\" \/>\n\t<meta name=\"twitter:data2\" content=\"2 minutos\" \/>\n<script type=\"application\/ld+json\" class=\"yoast-schema-graph\">{\"@context\":\"https:\\\/\\\/schema.org\",\"@graph\":[{\"@type\":\"Article\",\"@id\":\"https:\\\/\\\/jornalboasnoticias.com.br\\\/home\\\/solicitacao-de-transferencia-de-escola-deve-ser-feita-presencialmente-ou-via-whatsapp-a-partir-de-segunda-1\\\/#article\",\"isPartOf\":{\"@id\":\"https:\\\/\\\/jornalboasnoticias.com.br\\\/home\\\/solicitacao-de-transferencia-de-escola-deve-ser-feita-presencialmente-ou-via-whatsapp-a-partir-de-segunda-1\\\/\"},\"author\":{\"name\":\"Luiz Carlos da Cruz\",\"@id\":\"https:\\\/\\\/jornalboasnoticias.com.br\\\/home\\\/#\\\/schema\\\/person\\\/75f9ebde398c998c166475fb446bda62\"},\"headline\":\"Solicita\u00e7\u00e3o de transfer\u00eancia de escola deve ser feita presencialmente ou via WhatsApp a partir de segunda (1\u00b0)\",\"datePublished\":\"2025-11-28T19:15:34+00:00\",\"mainEntityOfPage\":{\"@id\":\"https:\\\/\\\/jornalboasnoticias.com.br\\\/home\\\/solicitacao-de-transferencia-de-escola-deve-ser-feita-presencialmente-ou-via-whatsapp-a-partir-de-segunda-1\\\/\"},\"wordCount\":338,\"commentCount\":0,\"publisher\":{\"@id\":\"https:\\\/\\\/jornalboasnoticias.com.br\\\/home\\\/#organization\"},\"image\":{\"@id\":\"https:\\\/\\\/jornalboasnoticias.com.br\\\/home\\\/solicitacao-de-transferencia-de-escola-deve-ser-feita-presencialmente-ou-via-whatsapp-a-partir-de-segunda-1\\\/#primaryimage\"},\"thumbnailUrl\":\"https:\\\/\\\/jornalboasnoticias.com.br\\\/home\\\/wp-content\\\/uploads\\\/2025\\\/11\\\/WhatsApp-Image-2025-11-28-at-15_40_53-e1764357305353.jpeg\",\"articleSection\":[\"EDUCA\u00c7\u00c3O\"],\"inLanguage\":\"pt-BR\",\"potentialAction\":[{\"@type\":\"CommentAction\",\"name\":\"Comment\",\"target\":[\"https:\\\/\\\/jornalboasnoticias.com.br\\\/home\\\/solicitacao-de-transferencia-de-escola-deve-ser-feita-presencialmente-ou-via-whatsapp-a-partir-de-segunda-1\\\/#respond\"]}]},{\"@type\":\"WebPage\",\"@id\":\"https:\\\/\\\/jornalboasnoticias.com.br\\\/home\\\/solicitacao-de-transferencia-de-escola-deve-ser-feita-presencialmente-ou-via-whatsapp-a-partir-de-segunda-1\\\/\",\"url\":\"https:\\\/\\\/jornalboasnoticias.com.br\\\/home\\\/solicitacao-de-transferencia-de-escola-deve-ser-feita-presencialmente-ou-via-whatsapp-a-partir-de-segunda-1\\\/\",\"name\":\"Solicita\u00e7\u00e3o de transfer\u00eancia de escola deve ser feita presencialmente ou via WhatsApp a partir de segunda (1\u00b0) - Jornal\",\"isPartOf\":{\"@id\":\"https:\\\/\\\/jornalboasnoticias.com.br\\\/home\\\/#website\"},\"primaryImageOfPage\":{\"@id\":\"https:\\\/\\\/jornalboasnoticias.com.br\\\/home\\\/solicitacao-de-transferencia-de-escola-deve-ser-feita-presencialmente-ou-via-whatsapp-a-partir-de-segunda-1\\\/#primaryimage\"},\"image\":{\"@id\":\"https:\\\/\\\/jornalboasnoticias.com.br\\\/home\\\/solicitacao-de-transferencia-de-escola-deve-ser-feita-presencialmente-ou-via-whatsapp-a-partir-de-segunda-1\\\/#primaryimage\"},\"thumbnailUrl\":\"https:\\\/\\\/jornalboasnoticias.com.br\\\/home\\\/wp-content\\\/uploads\\\/2025\\\/11\\\/WhatsApp-Image-2025-11-28-at-15_40_53-e1764357305353.jpeg\",\"datePublished\":\"2025-11-28T19:15:34+00:00\",\"description\":\"Solicita\u00e7\u00e3o de transfer\u00eancia de escola deve ser feita presencialmente ou via WhatsApp a partir de segunda (1\u00b0)\",\"breadcrumb\":{\"@id\":\"https:\\\/\\\/jornalboasnoticias.com.br\\\/home\\\/solicitacao-de-transferencia-de-escola-deve-ser-feita-presencialmente-ou-via-whatsapp-a-partir-de-segunda-1\\\/#breadcrumb\"},\"inLanguage\":\"pt-BR\",\"potentialAction\":[{\"@type\":\"ReadAction\",\"target\":[\"https:\\\/\\\/jornalboasnoticias.com.br\\\/home\\\/solicitacao-de-transferencia-de-escola-deve-ser-feita-presencialmente-ou-via-whatsapp-a-partir-de-segunda-1\\\/\"]}]},{\"@type\":\"ImageObject\",\"inLanguage\":\"pt-BR\",\"@id\":\"https:\\\/\\\/jornalboasnoticias.com.br\\\/home\\\/solicitacao-de-transferencia-de-escola-deve-ser-feita-presencialmente-ou-via-whatsapp-a-partir-de-segunda-1\\\/#primaryimage\",\"url\":\"https:\\\/\\\/jornalboasnoticias.com.br\\\/home\\\/wp-content\\\/uploads\\\/2025\\\/11\\\/WhatsApp-Image-2025-11-28-at-15_40_53-e1764357305353.jpeg\",\"contentUrl\":\"https:\\\/\\\/jornalboasnoticias.com.br\\\/home\\\/wp-content\\\/uploads\\\/2025\\\/11\\\/WhatsApp-Image-2025-11-28-at-15_40_53-e1764357305353.jpeg\",\"width\":1000,\"height\":666,\"caption\":\"Divulga\u00e7\u00e3o\"},{\"@type\":\"BreadcrumbList\",\"@id\":\"https:\\\/\\\/jornalboasnoticias.com.br\\\/home\\\/solicitacao-de-transferencia-de-escola-deve-ser-feita-presencialmente-ou-via-whatsapp-a-partir-de-segunda-1\\\/#breadcrumb\",\"itemListElement\":[{\"@type\":\"ListItem\",\"position\":1,\"name\":\"In\u00edcio\",\"item\":\"https:\\\/\\\/jornalboasnoticias.com.br\\\/home\\\/\"},{\"@type\":\"ListItem\",\"position\":2,\"name\":\"Solicita\u00e7\u00e3o de transfer\u00eancia de escola deve ser feita presencialmente ou via WhatsApp a partir de segunda (1\u00b0)\"}]},{\"@type\":\"WebSite\",\"@id\":\"https:\\\/\\\/jornalboasnoticias.com.br\\\/home\\\/#website\",\"url\":\"https:\\\/\\\/jornalboasnoticias.com.br\\\/home\\\/\",\"name\":\"Jornal Boas Not\u00edcias\",\"description\":\"Boas not\u00edcias\",\"publisher\":{\"@id\":\"https:\\\/\\\/jornalboasnoticias.com.br\\\/home\\\/#organization\"},\"potentialAction\":[{\"@type\":\"SearchAction\",\"target\":{\"@type\":\"EntryPoint\",\"urlTemplate\":\"https:\\\/\\\/jornalboasnoticias.com.br\\\/home\\\/?s={search_term_string}\"},\"query-input\":{\"@type\":\"PropertyValueSpecification\",\"valueRequired\":true,\"valueName\":\"search_term_string\"}}],\"inLanguage\":\"pt-BR\"},{\"@type\":\"Organization\",\"@id\":\"https:\\\/\\\/jornalboasnoticias.com.br\\\/home\\\/#organization\",\"name\":\"Coq Editora Ltda\",\"alternateName\":\"Jornal Boas Noticias\",\"url\":\"https:\\\/\\\/jornalboasnoticias.com.br\\\/home\\\/\",\"logo\":{\"@type\":\"ImageObject\",\"inLanguage\":\"pt-BR\",\"@id\":\"https:\\\/\\\/jornalboasnoticias.com.br\\\/home\\\/#\\\/schema\\\/logo\\\/image\\\/\",\"url\":\"https:\\\/\\\/jornalboasnoticias.com.br\\\/home\\\/wp-content\\\/uploads\\\/2024\\\/07\\\/cropped-logo.jpg\",\"contentUrl\":\"https:\\\/\\\/jornalboasnoticias.com.br\\\/home\\\/wp-content\\\/uploads\\\/2024\\\/07\\\/cropped-logo.jpg\",\"width\":290,\"height\":142,\"caption\":\"Coq Editora Ltda\"},\"image\":{\"@id\":\"https:\\\/\\\/jornalboasnoticias.com.br\\\/home\\\/#\\\/schema\\\/logo\\\/image\\\/\"},\"sameAs\":[\"https:\\\/\\\/www.facebook.com\\\/boasnoticiasjornal\"]},{\"@type\":\"Person\",\"@id\":\"https:\\\/\\\/jornalboasnoticias.com.br\\\/home\\\/#\\\/schema\\\/person\\\/75f9ebde398c998c166475fb446bda62\",\"name\":\"Luiz Carlos da Cruz\",\"image\":{\"@type\":\"ImageObject\",\"inLanguage\":\"pt-BR\",\"@id\":\"https:\\\/\\\/secure.gravatar.com\\\/avatar\\\/e6f4f45301b6cb8572f7b076572e8ac11c1db80e805d8c8d0858cf286ce3ac3b?s=96&d=mm&r=g\",\"url\":\"https:\\\/\\\/secure.gravatar.com\\\/avatar\\\/e6f4f45301b6cb8572f7b076572e8ac11c1db80e805d8c8d0858cf286ce3ac3b?s=96&d=mm&r=g\",\"contentUrl\":\"https:\\\/\\\/secure.gravatar.com\\\/avatar\\\/e6f4f45301b6cb8572f7b076572e8ac11c1db80e805d8c8d0858cf286ce3ac3b?s=96&d=mm&r=g\",\"caption\":\"Luiz Carlos da Cruz\"},\"url\":\"https:\\\/\\\/jornalboasnoticias.com.br\\\/home\\\/author\\\/luiz-carlos-da-cruz\\\/\"}]}<\/script>\n<!-- \/ Yoast SEO plugin. -->","yoast_head_json":{"title":"Solicita\u00e7\u00e3o de transfer\u00eancia de escola deve ser feita presencialmente ou via WhatsApp a partir de segunda (1\u00b0) - Jornal","description":"Solicita\u00e7\u00e3o de transfer\u00eancia de escola deve ser feita presencialmente ou via WhatsApp a partir de segunda (1\u00b0)","robots":{"index":"index","follow":"follow","max-snippet":"max-snippet:-1","max-image-preview":"max-image-preview:large","max-video-preview":"max-video-preview:-1"},"canonical":"https:\/\/jornalboasnoticias.com.br\/home\/solicitacao-de-transferencia-de-escola-deve-ser-feita-presencialmente-ou-via-whatsapp-a-partir-de-segunda-1\/","og_locale":"pt_BR","og_type":"article","og_title":"Solicita\u00e7\u00e3o de transfer\u00eancia de escola deve ser feita presencialmente ou via WhatsApp a partir de segunda (1\u00b0) - Jornal","og_description":"Solicita\u00e7\u00e3o de transfer\u00eancia de escola deve ser feita presencialmente ou via WhatsApp a partir de segunda (1\u00b0)","og_url":"https:\/\/jornalboasnoticias.com.br\/home\/solicitacao-de-transferencia-de-escola-deve-ser-feita-presencialmente-ou-via-whatsapp-a-partir-de-segunda-1\/","og_site_name":"Jornal","article_publisher":"https:\/\/www.facebook.com\/boasnoticiasjornal","article_published_time":"2025-11-28T19:15:34+00:00","og_image":[{"width":1000,"height":666,"url":"https:\/\/jornalboasnoticias.com.br\/home\/wp-content\/uploads\/2025\/11\/WhatsApp-Image-2025-11-28-at-15_40_53-e1764357305353.jpeg","type":"image\/jpeg"}],"author":"Luiz Carlos da Cruz","twitter_card":"summary_large_image","twitter_misc":{"Escrito por":"Luiz Carlos da Cruz","Est. tempo de leitura":"2 minutos"},"schema":{"@context":"https:\/\/schema.org","@graph":[{"@type":"Article","@id":"https:\/\/jornalboasnoticias.com.br\/home\/solicitacao-de-transferencia-de-escola-deve-ser-feita-presencialmente-ou-via-whatsapp-a-partir-de-segunda-1\/#article","isPartOf":{"@id":"https:\/\/jornalboasnoticias.com.br\/home\/solicitacao-de-transferencia-de-escola-deve-ser-feita-presencialmente-ou-via-whatsapp-a-partir-de-segunda-1\/"},"author":{"name":"Luiz Carlos da Cruz","@id":"https:\/\/jornalboasnoticias.com.br\/home\/#\/schema\/person\/75f9ebde398c998c166475fb446bda62"},"headline":"Solicita\u00e7\u00e3o de transfer\u00eancia de escola deve ser feita presencialmente ou via WhatsApp a partir de segunda (1\u00b0)","datePublished":"2025-11-28T19:15:34+00:00","mainEntityOfPage":{"@id":"https:\/\/jornalboasnoticias.com.br\/home\/solicitacao-de-transferencia-de-escola-deve-ser-feita-presencialmente-ou-via-whatsapp-a-partir-de-segunda-1\/"},"wordCount":338,"commentCount":0,"publisher":{"@id":"https:\/\/jornalboasnoticias.com.br\/home\/#organization"},"image":{"@id":"https:\/\/jornalboasnoticias.com.br\/home\/solicitacao-de-transferencia-de-escola-deve-ser-feita-presencialmente-ou-via-whatsapp-a-partir-de-segunda-1\/#primaryimage"},"thumbnailUrl":"https:\/\/jornalboasnoticias.com.br\/home\/wp-content\/uploads\/2025\/11\/WhatsApp-Image-2025-11-28-at-15_40_53-e1764357305353.jpeg","articleSection":["EDUCA\u00c7\u00c3O"],"inLanguage":"pt-BR","potentialAction":[{"@type":"CommentAction","name":"Comment","target":["https:\/\/jornalboasnoticias.com.br\/home\/solicitacao-de-transferencia-de-escola-deve-ser-feita-presencialmente-ou-via-whatsapp-a-partir-de-segunda-1\/#respond"]}]},{"@type":"WebPage","@id":"https:\/\/jornalboasnoticias.com.br\/home\/solicitacao-de-transferencia-de-escola-deve-ser-feita-presencialmente-ou-via-whatsapp-a-partir-de-segunda-1\/","url":"https:\/\/jornalboasnoticias.com.br\/home\/solicitacao-de-transferencia-de-escola-deve-ser-feita-presencialmente-ou-via-whatsapp-a-partir-de-segunda-1\/","name":"Solicita\u00e7\u00e3o de transfer\u00eancia de escola deve ser feita presencialmente ou via WhatsApp a partir de segunda (1\u00b0) - Jornal","isPartOf":{"@id":"https:\/\/jornalboasnoticias.com.br\/home\/#website"},"primaryImageOfPage":{"@id":"https:\/\/jornalboasnoticias.com.br\/home\/solicitacao-de-transferencia-de-escola-deve-ser-feita-presencialmente-ou-via-whatsapp-a-partir-de-segunda-1\/#primaryimage"},"image":{"@id":"https:\/\/jornalboasnoticias.com.br\/home\/solicitacao-de-transferencia-de-escola-deve-ser-feita-presencialmente-ou-via-whatsapp-a-partir-de-segunda-1\/#primaryimage"},"thumbnailUrl":"https:\/\/jornalboasnoticias.com.br\/home\/wp-content\/uploads\/2025\/11\/WhatsApp-Image-2025-11-28-at-15_40_53-e1764357305353.jpeg","datePublished":"2025-11-28T19:15:34+00:00","description":"Solicita\u00e7\u00e3o de transfer\u00eancia de escola deve ser feita presencialmente ou via WhatsApp a partir de segunda (1\u00b0)","breadcrumb":{"@id":"https:\/\/jornalboasnoticias.com.br\/home\/solicitacao-de-transferencia-de-escola-deve-ser-feita-presencialmente-ou-via-whatsapp-a-partir-de-segunda-1\/#breadcrumb"},"inLanguage":"pt-BR","potentialAction":[{"@type":"ReadAction","target":["https:\/\/jornalboasnoticias.com.br\/home\/solicitacao-de-transferencia-de-escola-deve-ser-feita-presencialmente-ou-via-whatsapp-a-partir-de-segunda-1\/"]}]},{"@type":"ImageObject","inLanguage":"pt-BR","@id":"https:\/\/jornalboasnoticias.com.br\/home\/solicitacao-de-transferencia-de-escola-deve-ser-feita-presencialmente-ou-via-whatsapp-a-partir-de-segunda-1\/#primaryimage","url":"https:\/\/jornalboasnoticias.com.br\/home\/wp-content\/uploads\/2025\/11\/WhatsApp-Image-2025-11-28-at-15_40_53-e1764357305353.jpeg","contentUrl":"https:\/\/jornalboasnoticias.com.br\/home\/wp-content\/uploads\/2025\/11\/WhatsApp-Image-2025-11-28-at-15_40_53-e1764357305353.jpeg","width":1000,"height":666,"caption":"Divulga\u00e7\u00e3o"},{"@type":"BreadcrumbList","@id":"https:\/\/jornalboasnoticias.com.br\/home\/solicitacao-de-transferencia-de-escola-deve-ser-feita-presencialmente-ou-via-whatsapp-a-partir-de-segunda-1\/#breadcrumb","itemListElement":[{"@type":"ListItem","position":1,"name":"In\u00edcio","item":"https:\/\/jornalboasnoticias.com.br\/home\/"},{"@type":"ListItem","position":2,"name":"Solicita\u00e7\u00e3o de transfer\u00eancia de escola deve ser feita presencialmente ou via WhatsApp a partir de segunda (1\u00b0)"}]},{"@type":"WebSite","@id":"https:\/\/jornalboasnoticias.com.br\/home\/#website","url":"https:\/\/jornalboasnoticias.com.br\/home\/","name":"Jornal Boas Not\u00edcias","description":"Boas not\u00edcias","publisher":{"@id":"https:\/\/jornalboasnoticias.com.br\/home\/#organization"},"potentialAction":[{"@type":"SearchAction","target":{"@type":"EntryPoint","urlTemplate":"https:\/\/jornalboasnoticias.com.br\/home\/?s={search_term_string}"},"query-input":{"@type":"PropertyValueSpecification","valueRequired":true,"valueName":"search_term_string"}}],"inLanguage":"pt-BR"},{"@type":"Organization","@id":"https:\/\/jornalboasnoticias.com.br\/home\/#organization","name":"Coq Editora Ltda","alternateName":"Jornal Boas Noticias","url":"https:\/\/jornalboasnoticias.com.br\/home\/","logo":{"@type":"ImageObject","inLanguage":"pt-BR","@id":"https:\/\/jornalboasnoticias.com.br\/home\/#\/schema\/logo\/image\/","url":"https:\/\/jornalboasnoticias.com.br\/home\/wp-content\/uploads\/2024\/07\/cropped-logo.jpg","contentUrl":"https:\/\/jornalboasnoticias.com.br\/home\/wp-content\/uploads\/2024\/07\/cropped-logo.jpg","width":290,"height":142,"caption":"Coq Editora Ltda"},"image":{"@id":"https:\/\/jornalboasnoticias.com.br\/home\/#\/schema\/logo\/image\/"},"sameAs":["https:\/\/www.facebook.com\/boasnoticiasjornal"]},{"@type":"Person","@id":"https:\/\/jornalboasnoticias.com.br\/home\/#\/schema\/person\/75f9ebde398c998c166475fb446bda62","name":"Luiz Carlos da Cruz","image":{"@type":"ImageObject","inLanguage":"pt-BR","@id":"https:\/\/secure.gravatar.com\/avatar\/e6f4f45301b6cb8572f7b076572e8ac11c1db80e805d8c8d0858cf286ce3ac3b?s=96&d=mm&r=g","url":"https:\/\/secure.gravatar.com\/avatar\/e6f4f45301b6cb8572f7b076572e8ac11c1db80e805d8c8d0858cf286ce3ac3b?s=96&d=mm&r=g","contentUrl":"https:\/\/secure.gravatar.com\/avatar\/e6f4f45301b6cb8572f7b076572e8ac11c1db80e805d8c8d0858cf286ce3ac3b?s=96&d=mm&r=g","caption":"Luiz Carlos da Cruz"},"url":"https:\/\/jornalboasnoticias.com.br\/home\/author\/luiz-carlos-da-cruz\/"}]}},"_links":{"self":[{"href":"https:\/\/jornalboasnoticias.com.br\/home\/wp-json\/wp\/v2\/posts\/46597","targetHints":{"allow":["GET"]}}],"collection":[{"href":"https:\/\/jornalboasnoticias.com.br\/home\/wp-json\/wp\/v2\/posts"}],"about":[{"href":"https:\/\/jornalboasnoticias.com.br\/home\/wp-json\/wp\/v2\/types\/post"}],"author":[{"embeddable":true,"href":"https:\/\/jornalboasnoticias.com.br\/home\/wp-json\/wp\/v2\/users\/3"}],"replies":[{"embeddable":true,"href":"https:\/\/jornalboasnoticias.com.br\/home\/wp-json\/wp\/v2\/comments?post=46597"}],"version-history":[{"count":1,"href":"https:\/\/jornalboasnoticias.com.br\/home\/wp-json\/wp\/v2\/posts\/46597\/revisions"}],"predecessor-version":[{"id":46599,"href":"https:\/\/jornalboasnoticias.com.br\/home\/wp-json\/wp\/v2\/posts\/46597\/revisions\/46599"}],"wp:featuredmedia":[{"embeddable":true,"href":"https:\/\/jornalboasnoticias.com.br\/home\/wp-json\/wp\/v2\/media\/46598"}],"wp:attachment":[{"href":"https:\/\/jornalboasnoticias.com.br\/home\/wp-json\/wp\/v2\/media?parent=46597"}],"wp:term":[{"taxonomy":"category","embeddable":true,"href":"https:\/\/jornalboasnoticias.com.br\/home\/wp-json\/wp\/v2\/categories?post=46597"},{"taxonomy":"post_tag","embeddable":true,"href":"https:\/\/jornalboasnoticias.com.br\/home\/wp-json\/wp\/v2\/tags?post=46597"}],"curies":[{"name":"wp","href":"https:\/\/api.w.org\/{rel}","templated":true}]}}