{"id":46594,"date":"2025-11-28T18:10:17","date_gmt":"2025-11-28T18:10:17","guid":{"rendered":"https:\/\/jornalboasnoticias.com.br\/home\/?p=46594"},"modified":"2025-11-28T18:10:17","modified_gmt":"2025-11-28T18:10:17","slug":"pgr-e-a-favor-de-prisao-domiciliar-humanitaria-para-general-heleno","status":"publish","type":"post","link":"https:\/\/jornalboasnoticias.com.br\/home\/pgr-e-a-favor-de-prisao-domiciliar-humanitaria-para-general-heleno\/","title":{"rendered":"PGR \u00e9 a favor de pris\u00e3o domiciliar humanit\u00e1ria para general Heleno"},"content":{"rendered":"<blockquote>\n<p style=\"text-align: center;\">Defesa diz que ex-ministro de 78 sofre do mal de Alzheimer<\/p>\n<\/blockquote>\n<figure id=\"attachment_46595\" aria-describedby=\"caption-attachment-46595\" style=\"width: 1000px\" class=\"wp-caption alignnone\"><img loading=\"lazy\" decoding=\"async\" class=\"size-full wp-image-46595\" src=\"https:\/\/jornalboasnoticias.com.br\/home\/wp-content\/uploads\/2025\/11\/interrogatorios_dos_reus_do_nucleo_1_da_trama_golpista07-e1764353392190.webp\" alt=\"\" width=\"1000\" height=\"598\" \/><figcaption id=\"caption-attachment-46595\" class=\"wp-caption-text\">\u00a9 Ton Molina\/STF<\/figcaption><\/figure>\n<p>O procurador-geral da Rep\u00fablica, Paulo Gonet, enviou nesta sexta-feira (28) ao Supremo Tribunal Federal (STF) parecer a favor da concess\u00e3o de pris\u00e3o domiciliar humanit\u00e1ria ao ex-ministro do Gabinete de Seguran\u00e7a Institucional (GSI), general Augusto Heleno.<img decoding=\"async\" src=\"https:\/\/agenciabrasil.ebc.com.br\/ebc.png?id=1670122&amp;o=node\" \/><img decoding=\"async\" src=\"https:\/\/agenciabrasil.ebc.com.br\/ebc.gif?id=1670122&amp;o=node\" \/><\/p>\n<p>Condenado a 21 anos de pris\u00e3o na a\u00e7\u00e3o penal da trama golpista, Heleno est\u00e1 preso desde ter\u00e7a-feira (25), quando iniciou o cumprimento da pena. Ele est\u00e1 custodiado em uma sala do Comando Militar do Planalto (CMP), em Bras\u00edlia.<\/p>\n<p>O parecer da PGR foi motivado por um pedido de pris\u00e3o domiciliar feito pela defesa de Heleno.\u00a0Segundo os advogados, o general tem 78 anos e graves problemas de sa\u00fade, como diagnostico de Alzheimer e antecedentes de transtorno depressivo e transtorno misto ansioso depressivo.<\/p>\n<p>No entendimento de Gonet, \u00e9 &#8220;recomend\u00e1vel e adequada&#8221; a concess\u00e3o de pris\u00e3o domiciliar humanit\u00e1ria ao militar.<\/p>\n<p>&#8220;A manuten\u00e7\u00e3o do custodiado em pris\u00e3o domiciliar \u00e9 medida excepcional e proporcional \u00e0 sua faixa et\u00e1ria e ao seu quadro de sa\u00fade, cuja gravidade foi devidamente comprovada, que poder\u00e1 ser vulnerado caso mantido afastado de seu lar e do alcance das medidas obrigacionais e protecionistas que dever\u00e3o ser efetivadas pelo Estado&#8221;, afirmou o procurador.<\/p>\n<p>Caber\u00e1 ao ministro Alexandre de Moraes, relator do processo, autorizar ou n\u00e3o a pris\u00e3o domiciliar. N\u00e3o h\u00e1 prazo para decis\u00e3o do ministro.<\/p>\n<p><em>Ag\u00eancia Brasil<\/em><\/p>\n","protected":false},"excerpt":{"rendered":"<p>Defesa diz que ex-ministro de 78 sofre do mal de Alzheimer O procurador-geral da Rep\u00fablica,<\/p>\n","protected":false},"author":3,"featured_media":46595,"comment_status":"open","ping_status":"open","sticky":false,"template":"","format":"standard","meta":{"footnotes":""},"categories":[3,22],"tags":[],"class_list":["post-46594","post","type-post","status-publish","format-standard","has-post-thumbnail","hentry","category-destaques","category-justica"],"yoast_head":"<!-- This site is optimized with the Yoast SEO plugin v27.5 - https:\/\/yoast.com\/product\/yoast-seo-wordpress\/ -->\n<title>PGR \u00e9 a favor de pris\u00e3o domiciliar humanit\u00e1ria para general Heleno - Jornal<\/title>\n<meta name=\"description\" content=\"PGR \u00e9 a favor de pris\u00e3o domiciliar humanit\u00e1ria para general Heleno\" \/>\n<meta name=\"robots\" content=\"index, follow, max-snippet:-1, max-image-preview:large, max-video-preview:-1\" \/>\n<link rel=\"canonical\" href=\"https:\/\/jornalboasnoticias.com.br\/home\/pgr-e-a-favor-de-prisao-domiciliar-humanitaria-para-general-heleno\/\" \/>\n<meta property=\"og:locale\" content=\"pt_BR\" \/>\n<meta property=\"og:type\" content=\"article\" \/>\n<meta property=\"og:title\" content=\"PGR \u00e9 a favor de pris\u00e3o domiciliar humanit\u00e1ria para general Heleno - Jornal\" \/>\n<meta property=\"og:description\" content=\"PGR \u00e9 a favor de pris\u00e3o domiciliar humanit\u00e1ria para general Heleno\" \/>\n<meta property=\"og:url\" content=\"https:\/\/jornalboasnoticias.com.br\/home\/pgr-e-a-favor-de-prisao-domiciliar-humanitaria-para-general-heleno\/\" \/>\n<meta property=\"og:site_name\" content=\"Jornal\" \/>\n<meta property=\"article:publisher\" content=\"https:\/\/www.facebook.com\/boasnoticiasjornal\" \/>\n<meta property=\"article:published_time\" content=\"2025-11-28T18:10:17+00:00\" \/>\n<meta property=\"og:image\" content=\"https:\/\/jornalboasnoticias.com.br\/home\/wp-content\/uploads\/2025\/11\/interrogatorios_dos_reus_do_nucleo_1_da_trama_golpista07-e1764353392190.webp\" \/>\n\t<meta property=\"og:image:width\" content=\"1000\" \/>\n\t<meta property=\"og:image:height\" content=\"598\" \/>\n\t<meta property=\"og:image:type\" content=\"image\/webp\" \/>\n<meta name=\"author\" content=\"Luiz Carlos da Cruz\" \/>\n<meta name=\"twitter:card\" content=\"summary_large_image\" \/>\n<meta name=\"twitter:label1\" content=\"Escrito por\" \/>\n\t<meta name=\"twitter:data1\" content=\"Luiz Carlos da Cruz\" \/>\n\t<meta name=\"twitter:label2\" content=\"Est. tempo de leitura\" \/>\n\t<meta name=\"twitter:data2\" content=\"3 minutos\" \/>\n<script type=\"application\/ld+json\" class=\"yoast-schema-graph\">{\"@context\":\"https:\\\/\\\/schema.org\",\"@graph\":[{\"@type\":\"Article\",\"@id\":\"https:\\\/\\\/jornalboasnoticias.com.br\\\/home\\\/pgr-e-a-favor-de-prisao-domiciliar-humanitaria-para-general-heleno\\\/#article\",\"isPartOf\":{\"@id\":\"https:\\\/\\\/jornalboasnoticias.com.br\\\/home\\\/pgr-e-a-favor-de-prisao-domiciliar-humanitaria-para-general-heleno\\\/\"},\"author\":{\"name\":\"Luiz Carlos da Cruz\",\"@id\":\"https:\\\/\\\/jornalboasnoticias.com.br\\\/home\\\/#\\\/schema\\\/person\\\/75f9ebde398c998c166475fb446bda62\"},\"headline\":\"PGR \u00e9 a favor de pris\u00e3o domiciliar humanit\u00e1ria para general Heleno\",\"datePublished\":\"2025-11-28T18:10:17+00:00\",\"mainEntityOfPage\":{\"@id\":\"https:\\\/\\\/jornalboasnoticias.com.br\\\/home\\\/pgr-e-a-favor-de-prisao-domiciliar-humanitaria-para-general-heleno\\\/\"},\"wordCount\":261,\"commentCount\":0,\"publisher\":{\"@id\":\"https:\\\/\\\/jornalboasnoticias.com.br\\\/home\\\/#organization\"},\"image\":{\"@id\":\"https:\\\/\\\/jornalboasnoticias.com.br\\\/home\\\/pgr-e-a-favor-de-prisao-domiciliar-humanitaria-para-general-heleno\\\/#primaryimage\"},\"thumbnailUrl\":\"https:\\\/\\\/jornalboasnoticias.com.br\\\/home\\\/wp-content\\\/uploads\\\/2025\\\/11\\\/interrogatorios_dos_reus_do_nucleo_1_da_trama_golpista07-e1764353392190.webp\",\"articleSection\":[\"DESTAQUE\",\"JUSTI\u00c7A\"],\"inLanguage\":\"pt-BR\",\"potentialAction\":[{\"@type\":\"CommentAction\",\"name\":\"Comment\",\"target\":[\"https:\\\/\\\/jornalboasnoticias.com.br\\\/home\\\/pgr-e-a-favor-de-prisao-domiciliar-humanitaria-para-general-heleno\\\/#respond\"]}]},{\"@type\":\"WebPage\",\"@id\":\"https:\\\/\\\/jornalboasnoticias.com.br\\\/home\\\/pgr-e-a-favor-de-prisao-domiciliar-humanitaria-para-general-heleno\\\/\",\"url\":\"https:\\\/\\\/jornalboasnoticias.com.br\\\/home\\\/pgr-e-a-favor-de-prisao-domiciliar-humanitaria-para-general-heleno\\\/\",\"name\":\"PGR \u00e9 a favor de pris\u00e3o domiciliar humanit\u00e1ria para general Heleno - Jornal\",\"isPartOf\":{\"@id\":\"https:\\\/\\\/jornalboasnoticias.com.br\\\/home\\\/#website\"},\"primaryImageOfPage\":{\"@id\":\"https:\\\/\\\/jornalboasnoticias.com.br\\\/home\\\/pgr-e-a-favor-de-prisao-domiciliar-humanitaria-para-general-heleno\\\/#primaryimage\"},\"image\":{\"@id\":\"https:\\\/\\\/jornalboasnoticias.com.br\\\/home\\\/pgr-e-a-favor-de-prisao-domiciliar-humanitaria-para-general-heleno\\\/#primaryimage\"},\"thumbnailUrl\":\"https:\\\/\\\/jornalboasnoticias.com.br\\\/home\\\/wp-content\\\/uploads\\\/2025\\\/11\\\/interrogatorios_dos_reus_do_nucleo_1_da_trama_golpista07-e1764353392190.webp\",\"datePublished\":\"2025-11-28T18:10:17+00:00\",\"description\":\"PGR \u00e9 a favor de pris\u00e3o domiciliar humanit\u00e1ria para general Heleno\",\"breadcrumb\":{\"@id\":\"https:\\\/\\\/jornalboasnoticias.com.br\\\/home\\\/pgr-e-a-favor-de-prisao-domiciliar-humanitaria-para-general-heleno\\\/#breadcrumb\"},\"inLanguage\":\"pt-BR\",\"potentialAction\":[{\"@type\":\"ReadAction\",\"target\":[\"https:\\\/\\\/jornalboasnoticias.com.br\\\/home\\\/pgr-e-a-favor-de-prisao-domiciliar-humanitaria-para-general-heleno\\\/\"]}]},{\"@type\":\"ImageObject\",\"inLanguage\":\"pt-BR\",\"@id\":\"https:\\\/\\\/jornalboasnoticias.com.br\\\/home\\\/pgr-e-a-favor-de-prisao-domiciliar-humanitaria-para-general-heleno\\\/#primaryimage\",\"url\":\"https:\\\/\\\/jornalboasnoticias.com.br\\\/home\\\/wp-content\\\/uploads\\\/2025\\\/11\\\/interrogatorios_dos_reus_do_nucleo_1_da_trama_golpista07-e1764353392190.webp\",\"contentUrl\":\"https:\\\/\\\/jornalboasnoticias.com.br\\\/home\\\/wp-content\\\/uploads\\\/2025\\\/11\\\/interrogatorios_dos_reus_do_nucleo_1_da_trama_golpista07-e1764353392190.webp\",\"width\":1000,\"height\":598,\"caption\":\"\u00a9 Ton Molina\\\/STF\"},{\"@type\":\"BreadcrumbList\",\"@id\":\"https:\\\/\\\/jornalboasnoticias.com.br\\\/home\\\/pgr-e-a-favor-de-prisao-domiciliar-humanitaria-para-general-heleno\\\/#breadcrumb\",\"itemListElement\":[{\"@type\":\"ListItem\",\"position\":1,\"name\":\"In\u00edcio\",\"item\":\"https:\\\/\\\/jornalboasnoticias.com.br\\\/home\\\/\"},{\"@type\":\"ListItem\",\"position\":2,\"name\":\"PGR \u00e9 a favor de pris\u00e3o domiciliar humanit\u00e1ria para general Heleno\"}]},{\"@type\":\"WebSite\",\"@id\":\"https:\\\/\\\/jornalboasnoticias.com.br\\\/home\\\/#website\",\"url\":\"https:\\\/\\\/jornalboasnoticias.com.br\\\/home\\\/\",\"name\":\"Jornal Boas Not\u00edcias\",\"description\":\"Boas not\u00edcias\",\"publisher\":{\"@id\":\"https:\\\/\\\/jornalboasnoticias.com.br\\\/home\\\/#organization\"},\"potentialAction\":[{\"@type\":\"SearchAction\",\"target\":{\"@type\":\"EntryPoint\",\"urlTemplate\":\"https:\\\/\\\/jornalboasnoticias.com.br\\\/home\\\/?s={search_term_string}\"},\"query-input\":{\"@type\":\"PropertyValueSpecification\",\"valueRequired\":true,\"valueName\":\"search_term_string\"}}],\"inLanguage\":\"pt-BR\"},{\"@type\":\"Organization\",\"@id\":\"https:\\\/\\\/jornalboasnoticias.com.br\\\/home\\\/#organization\",\"name\":\"Coq Editora Ltda\",\"alternateName\":\"Jornal Boas Noticias\",\"url\":\"https:\\\/\\\/jornalboasnoticias.com.br\\\/home\\\/\",\"logo\":{\"@type\":\"ImageObject\",\"inLanguage\":\"pt-BR\",\"@id\":\"https:\\\/\\\/jornalboasnoticias.com.br\\\/home\\\/#\\\/schema\\\/logo\\\/image\\\/\",\"url\":\"https:\\\/\\\/jornalboasnoticias.com.br\\\/home\\\/wp-content\\\/uploads\\\/2024\\\/07\\\/cropped-logo.jpg\",\"contentUrl\":\"https:\\\/\\\/jornalboasnoticias.com.br\\\/home\\\/wp-content\\\/uploads\\\/2024\\\/07\\\/cropped-logo.jpg\",\"width\":290,\"height\":142,\"caption\":\"Coq Editora Ltda\"},\"image\":{\"@id\":\"https:\\\/\\\/jornalboasnoticias.com.br\\\/home\\\/#\\\/schema\\\/logo\\\/image\\\/\"},\"sameAs\":[\"https:\\\/\\\/www.facebook.com\\\/boasnoticiasjornal\"]},{\"@type\":\"Person\",\"@id\":\"https:\\\/\\\/jornalboasnoticias.com.br\\\/home\\\/#\\\/schema\\\/person\\\/75f9ebde398c998c166475fb446bda62\",\"name\":\"Luiz Carlos da Cruz\",\"image\":{\"@type\":\"ImageObject\",\"inLanguage\":\"pt-BR\",\"@id\":\"https:\\\/\\\/secure.gravatar.com\\\/avatar\\\/e6f4f45301b6cb8572f7b076572e8ac11c1db80e805d8c8d0858cf286ce3ac3b?s=96&d=mm&r=g\",\"url\":\"https:\\\/\\\/secure.gravatar.com\\\/avatar\\\/e6f4f45301b6cb8572f7b076572e8ac11c1db80e805d8c8d0858cf286ce3ac3b?s=96&d=mm&r=g\",\"contentUrl\":\"https:\\\/\\\/secure.gravatar.com\\\/avatar\\\/e6f4f45301b6cb8572f7b076572e8ac11c1db80e805d8c8d0858cf286ce3ac3b?s=96&d=mm&r=g\",\"caption\":\"Luiz Carlos da Cruz\"},\"url\":\"https:\\\/\\\/jornalboasnoticias.com.br\\\/home\\\/author\\\/luiz-carlos-da-cruz\\\/\"}]}<\/script>\n<!-- \/ Yoast SEO plugin. -->","yoast_head_json":{"title":"PGR \u00e9 a favor de pris\u00e3o domiciliar humanit\u00e1ria para general Heleno - Jornal","description":"PGR \u00e9 a favor de pris\u00e3o domiciliar humanit\u00e1ria para general Heleno","robots":{"index":"index","follow":"follow","max-snippet":"max-snippet:-1","max-image-preview":"max-image-preview:large","max-video-preview":"max-video-preview:-1"},"canonical":"https:\/\/jornalboasnoticias.com.br\/home\/pgr-e-a-favor-de-prisao-domiciliar-humanitaria-para-general-heleno\/","og_locale":"pt_BR","og_type":"article","og_title":"PGR \u00e9 a favor de pris\u00e3o domiciliar humanit\u00e1ria para general Heleno - Jornal","og_description":"PGR \u00e9 a favor de pris\u00e3o domiciliar humanit\u00e1ria para general Heleno","og_url":"https:\/\/jornalboasnoticias.com.br\/home\/pgr-e-a-favor-de-prisao-domiciliar-humanitaria-para-general-heleno\/","og_site_name":"Jornal","article_publisher":"https:\/\/www.facebook.com\/boasnoticiasjornal","article_published_time":"2025-11-28T18:10:17+00:00","og_image":[{"width":1000,"height":598,"url":"https:\/\/jornalboasnoticias.com.br\/home\/wp-content\/uploads\/2025\/11\/interrogatorios_dos_reus_do_nucleo_1_da_trama_golpista07-e1764353392190.webp","type":"image\/webp"}],"author":"Luiz Carlos da Cruz","twitter_card":"summary_large_image","twitter_misc":{"Escrito por":"Luiz Carlos da Cruz","Est. tempo de leitura":"3 minutos"},"schema":{"@context":"https:\/\/schema.org","@graph":[{"@type":"Article","@id":"https:\/\/jornalboasnoticias.com.br\/home\/pgr-e-a-favor-de-prisao-domiciliar-humanitaria-para-general-heleno\/#article","isPartOf":{"@id":"https:\/\/jornalboasnoticias.com.br\/home\/pgr-e-a-favor-de-prisao-domiciliar-humanitaria-para-general-heleno\/"},"author":{"name":"Luiz Carlos da Cruz","@id":"https:\/\/jornalboasnoticias.com.br\/home\/#\/schema\/person\/75f9ebde398c998c166475fb446bda62"},"headline":"PGR \u00e9 a favor de pris\u00e3o domiciliar humanit\u00e1ria para general Heleno","datePublished":"2025-11-28T18:10:17+00:00","mainEntityOfPage":{"@id":"https:\/\/jornalboasnoticias.com.br\/home\/pgr-e-a-favor-de-prisao-domiciliar-humanitaria-para-general-heleno\/"},"wordCount":261,"commentCount":0,"publisher":{"@id":"https:\/\/jornalboasnoticias.com.br\/home\/#organization"},"image":{"@id":"https:\/\/jornalboasnoticias.com.br\/home\/pgr-e-a-favor-de-prisao-domiciliar-humanitaria-para-general-heleno\/#primaryimage"},"thumbnailUrl":"https:\/\/jornalboasnoticias.com.br\/home\/wp-content\/uploads\/2025\/11\/interrogatorios_dos_reus_do_nucleo_1_da_trama_golpista07-e1764353392190.webp","articleSection":["DESTAQUE","JUSTI\u00c7A"],"inLanguage":"pt-BR","potentialAction":[{"@type":"CommentAction","name":"Comment","target":["https:\/\/jornalboasnoticias.com.br\/home\/pgr-e-a-favor-de-prisao-domiciliar-humanitaria-para-general-heleno\/#respond"]}]},{"@type":"WebPage","@id":"https:\/\/jornalboasnoticias.com.br\/home\/pgr-e-a-favor-de-prisao-domiciliar-humanitaria-para-general-heleno\/","url":"https:\/\/jornalboasnoticias.com.br\/home\/pgr-e-a-favor-de-prisao-domiciliar-humanitaria-para-general-heleno\/","name":"PGR \u00e9 a favor de pris\u00e3o domiciliar humanit\u00e1ria para general Heleno - Jornal","isPartOf":{"@id":"https:\/\/jornalboasnoticias.com.br\/home\/#website"},"primaryImageOfPage":{"@id":"https:\/\/jornalboasnoticias.com.br\/home\/pgr-e-a-favor-de-prisao-domiciliar-humanitaria-para-general-heleno\/#primaryimage"},"image":{"@id":"https:\/\/jornalboasnoticias.com.br\/home\/pgr-e-a-favor-de-prisao-domiciliar-humanitaria-para-general-heleno\/#primaryimage"},"thumbnailUrl":"https:\/\/jornalboasnoticias.com.br\/home\/wp-content\/uploads\/2025\/11\/interrogatorios_dos_reus_do_nucleo_1_da_trama_golpista07-e1764353392190.webp","datePublished":"2025-11-28T18:10:17+00:00","description":"PGR \u00e9 a favor de pris\u00e3o domiciliar humanit\u00e1ria para general Heleno","breadcrumb":{"@id":"https:\/\/jornalboasnoticias.com.br\/home\/pgr-e-a-favor-de-prisao-domiciliar-humanitaria-para-general-heleno\/#breadcrumb"},"inLanguage":"pt-BR","potentialAction":[{"@type":"ReadAction","target":["https:\/\/jornalboasnoticias.com.br\/home\/pgr-e-a-favor-de-prisao-domiciliar-humanitaria-para-general-heleno\/"]}]},{"@type":"ImageObject","inLanguage":"pt-BR","@id":"https:\/\/jornalboasnoticias.com.br\/home\/pgr-e-a-favor-de-prisao-domiciliar-humanitaria-para-general-heleno\/#primaryimage","url":"https:\/\/jornalboasnoticias.com.br\/home\/wp-content\/uploads\/2025\/11\/interrogatorios_dos_reus_do_nucleo_1_da_trama_golpista07-e1764353392190.webp","contentUrl":"https:\/\/jornalboasnoticias.com.br\/home\/wp-content\/uploads\/2025\/11\/interrogatorios_dos_reus_do_nucleo_1_da_trama_golpista07-e1764353392190.webp","width":1000,"height":598,"caption":"\u00a9 Ton Molina\/STF"},{"@type":"BreadcrumbList","@id":"https:\/\/jornalboasnoticias.com.br\/home\/pgr-e-a-favor-de-prisao-domiciliar-humanitaria-para-general-heleno\/#breadcrumb","itemListElement":[{"@type":"ListItem","position":1,"name":"In\u00edcio","item":"https:\/\/jornalboasnoticias.com.br\/home\/"},{"@type":"ListItem","position":2,"name":"PGR \u00e9 a favor de pris\u00e3o domiciliar humanit\u00e1ria para general Heleno"}]},{"@type":"WebSite","@id":"https:\/\/jornalboasnoticias.com.br\/home\/#website","url":"https:\/\/jornalboasnoticias.com.br\/home\/","name":"Jornal Boas Not\u00edcias","description":"Boas not\u00edcias","publisher":{"@id":"https:\/\/jornalboasnoticias.com.br\/home\/#organization"},"potentialAction":[{"@type":"SearchAction","target":{"@type":"EntryPoint","urlTemplate":"https:\/\/jornalboasnoticias.com.br\/home\/?s={search_term_string}"},"query-input":{"@type":"PropertyValueSpecification","valueRequired":true,"valueName":"search_term_string"}}],"inLanguage":"pt-BR"},{"@type":"Organization","@id":"https:\/\/jornalboasnoticias.com.br\/home\/#organization","name":"Coq Editora Ltda","alternateName":"Jornal Boas Noticias","url":"https:\/\/jornalboasnoticias.com.br\/home\/","logo":{"@type":"ImageObject","inLanguage":"pt-BR","@id":"https:\/\/jornalboasnoticias.com.br\/home\/#\/schema\/logo\/image\/","url":"https:\/\/jornalboasnoticias.com.br\/home\/wp-content\/uploads\/2024\/07\/cropped-logo.jpg","contentUrl":"https:\/\/jornalboasnoticias.com.br\/home\/wp-content\/uploads\/2024\/07\/cropped-logo.jpg","width":290,"height":142,"caption":"Coq Editora Ltda"},"image":{"@id":"https:\/\/jornalboasnoticias.com.br\/home\/#\/schema\/logo\/image\/"},"sameAs":["https:\/\/www.facebook.com\/boasnoticiasjornal"]},{"@type":"Person","@id":"https:\/\/jornalboasnoticias.com.br\/home\/#\/schema\/person\/75f9ebde398c998c166475fb446bda62","name":"Luiz Carlos da Cruz","image":{"@type":"ImageObject","inLanguage":"pt-BR","@id":"https:\/\/secure.gravatar.com\/avatar\/e6f4f45301b6cb8572f7b076572e8ac11c1db80e805d8c8d0858cf286ce3ac3b?s=96&d=mm&r=g","url":"https:\/\/secure.gravatar.com\/avatar\/e6f4f45301b6cb8572f7b076572e8ac11c1db80e805d8c8d0858cf286ce3ac3b?s=96&d=mm&r=g","contentUrl":"https:\/\/secure.gravatar.com\/avatar\/e6f4f45301b6cb8572f7b076572e8ac11c1db80e805d8c8d0858cf286ce3ac3b?s=96&d=mm&r=g","caption":"Luiz Carlos da Cruz"},"url":"https:\/\/jornalboasnoticias.com.br\/home\/author\/luiz-carlos-da-cruz\/"}]}},"_links":{"self":[{"href":"https:\/\/jornalboasnoticias.com.br\/home\/wp-json\/wp\/v2\/posts\/46594","targetHints":{"allow":["GET"]}}],"collection":[{"href":"https:\/\/jornalboasnoticias.com.br\/home\/wp-json\/wp\/v2\/posts"}],"about":[{"href":"https:\/\/jornalboasnoticias.com.br\/home\/wp-json\/wp\/v2\/types\/post"}],"author":[{"embeddable":true,"href":"https:\/\/jornalboasnoticias.com.br\/home\/wp-json\/wp\/v2\/users\/3"}],"replies":[{"embeddable":true,"href":"https:\/\/jornalboasnoticias.com.br\/home\/wp-json\/wp\/v2\/comments?post=46594"}],"version-history":[{"count":1,"href":"https:\/\/jornalboasnoticias.com.br\/home\/wp-json\/wp\/v2\/posts\/46594\/revisions"}],"predecessor-version":[{"id":46596,"href":"https:\/\/jornalboasnoticias.com.br\/home\/wp-json\/wp\/v2\/posts\/46594\/revisions\/46596"}],"wp:featuredmedia":[{"embeddable":true,"href":"https:\/\/jornalboasnoticias.com.br\/home\/wp-json\/wp\/v2\/media\/46595"}],"wp:attachment":[{"href":"https:\/\/jornalboasnoticias.com.br\/home\/wp-json\/wp\/v2\/media?parent=46594"}],"wp:term":[{"taxonomy":"category","embeddable":true,"href":"https:\/\/jornalboasnoticias.com.br\/home\/wp-json\/wp\/v2\/categories?post=46594"},{"taxonomy":"post_tag","embeddable":true,"href":"https:\/\/jornalboasnoticias.com.br\/home\/wp-json\/wp\/v2\/tags?post=46594"}],"curies":[{"name":"wp","href":"https:\/\/api.w.org\/{rel}","templated":true}]}}