{"id":46586,"date":"2025-11-28T16:59:25","date_gmt":"2025-11-28T16:59:25","guid":{"rendered":"https:\/\/jornalboasnoticias.com.br\/home\/?p=46586"},"modified":"2025-11-28T16:59:25","modified_gmt":"2025-11-28T16:59:25","slug":"justica-ordena-demolicao-de-templo-da-assembleia-de-deus-em-parque-trindade","status":"publish","type":"post","link":"https:\/\/jornalboasnoticias.com.br\/home\/justica-ordena-demolicao-de-templo-da-assembleia-de-deus-em-parque-trindade\/","title":{"rendered":"Justi\u00e7a ordena demoli\u00e7\u00e3o de templo da Assembleia de Deus em Parque Trindade"},"content":{"rendered":"<blockquote>\n<p style=\"text-align: center;\">Senten\u00e7a aponta irregularidades na doa\u00e7\u00e3o do terreno, responsabiliza a prefeitura e determina desocupa\u00e7\u00e3o da \u00e1rea, enquanto igreja e comunidade contestam a decis\u00e3o.<\/p>\n<\/blockquote>\n<figure id=\"attachment_46587\" aria-describedby=\"caption-attachment-46587\" style=\"width: 1000px\" class=\"wp-caption alignnone\"><img loading=\"lazy\" decoding=\"async\" class=\"size-full wp-image-46587\" src=\"https:\/\/jornalboasnoticias.com.br\/home\/wp-content\/uploads\/2025\/11\/Igreja-Assembleia-de-Deus-sera-demolida_Easy-Resize.com_-e1764349095258.webp\" alt=\"\" width=\"1000\" height=\"664\" \/><figcaption id=\"caption-attachment-46587\" class=\"wp-caption-text\">Reprodu\u00e7\u00e3o<\/figcaption><\/figure>\n<p data-start=\"92\" data-end=\"426\">A Justi\u00e7a determinou a demoli\u00e7\u00e3o do Templo da Gl\u00f3ria de Deus, da Assembleia de Deus, localizado no Parque Trindade, ap\u00f3s uma a\u00e7\u00e3o que contestou a legalidade da doa\u00e7\u00e3o do terreno feita pelo munic\u00edpio. A decis\u00e3o, publicada em 16 de outubro, tamb\u00e9m responsabiliza a prefeitura e exige a elabora\u00e7\u00e3o de um projeto para recupera\u00e7\u00e3o da \u00e1rea.<\/p>\n<h3 data-start=\"428\" data-end=\"467\">Decis\u00e3o judicial e desdobramentos<\/h3>\n<p data-start=\"468\" data-end=\"871\">De acordo com a senten\u00e7a, a constru\u00e7\u00e3o deve ser demolida no prazo de at\u00e9 60 dias. J\u00e1 o munic\u00edpio ter\u00e1 12 meses para apresentar um plano de urbaniza\u00e7\u00e3o para o local. Al\u00e9m disso, seis fam\u00edlias que vivem no entorno foram notificadas a desocupar a \u00e1rea. O caso ser\u00e1 encaminhado ao Tribunal de Justi\u00e7a de Goi\u00e1s (TJ-GO), ap\u00f3s o prefeito Leandro Vilela solicitar \u00e0 Procuradoria Municipal que apresente recurso.<\/p>\n<h3 data-start=\"873\" data-end=\"896\">Posi\u00e7\u00e3o da igreja<\/h3>\n<p data-start=\"897\" data-end=\"1194\">O pastor Altair afirma que a ocupa\u00e7\u00e3o do terreno ocorreu de forma regular. \u201cN\u00e3o chegamos aqui como invasores. Recebemos a \u00e1rea oficialmente do munic\u00edpio, com autoriza\u00e7\u00e3o legislativa\u201d, declarou. A congrega\u00e7\u00e3o ressalta que o lote, com cerca de 6 mil m\u00b2, foi doado ap\u00f3s aprova\u00e7\u00e3o da C\u00e2mara Municipal.<\/p>\n<h3 data-start=\"1196\" data-end=\"1224\">Como come\u00e7ou a disputa<\/h3>\n<p data-start=\"1225\" data-end=\"1429\">A a\u00e7\u00e3o civil p\u00fablica foi movida por um ex-vereador do PT, que questionou a legalidade da doa\u00e7\u00e3o. No processo, ele argumenta que houve irregularidades no ato administrativo que concedeu o terreno \u00e0 igreja.<\/p>\n<h3 data-start=\"1431\" data-end=\"1462\">Mobiliza\u00e7\u00e3o da comunidade<\/h3>\n<p data-start=\"1463\" data-end=\"1732\">Moradores e fi\u00e9is t\u00eam se mobilizado contra a decis\u00e3o. Em reportagens locais, eles destacam que o templo mant\u00e9m a\u00e7\u00f5es sociais, como distribui\u00e7\u00e3o de alimentos e roupas, e que a demoli\u00e7\u00e3o pode comprometer diretamente o atendimento prestado \u00e0 comunidade do Parque Trindade.<\/p>\n","protected":false},"excerpt":{"rendered":"<p>Senten\u00e7a aponta irregularidades na doa\u00e7\u00e3o do terreno, responsabiliza a prefeitura e determina desocupa\u00e7\u00e3o da \u00e1rea,<\/p>\n","protected":false},"author":3,"featured_media":46587,"comment_status":"open","ping_status":"open","sticky":false,"template":"","format":"standard","meta":{"footnotes":""},"categories":[6,3],"tags":[],"class_list":["post-46586","post","type-post","status-publish","format-standard","has-post-thumbnail","hentry","category-brasil","category-destaques"],"yoast_head":"<!-- This site is optimized with the Yoast SEO plugin v27.5 - https:\/\/yoast.com\/product\/yoast-seo-wordpress\/ -->\n<title>Justi\u00e7a ordena demoli\u00e7\u00e3o de templo da Assembleia de Deus em Parque Trindade - Jornal<\/title>\n<meta name=\"description\" content=\"Justi\u00e7a ordena demoli\u00e7\u00e3o de templo da Assembleia de Deus em Parque Trindade\" \/>\n<meta name=\"robots\" content=\"index, follow, max-snippet:-1, max-image-preview:large, max-video-preview:-1\" \/>\n<link rel=\"canonical\" href=\"https:\/\/jornalboasnoticias.com.br\/home\/justica-ordena-demolicao-de-templo-da-assembleia-de-deus-em-parque-trindade\/\" \/>\n<meta property=\"og:locale\" content=\"pt_BR\" \/>\n<meta property=\"og:type\" content=\"article\" \/>\n<meta property=\"og:title\" content=\"Justi\u00e7a ordena demoli\u00e7\u00e3o de templo da Assembleia de Deus em Parque Trindade - Jornal\" \/>\n<meta property=\"og:description\" content=\"Justi\u00e7a ordena demoli\u00e7\u00e3o de templo da Assembleia de Deus em Parque Trindade\" \/>\n<meta property=\"og:url\" content=\"https:\/\/jornalboasnoticias.com.br\/home\/justica-ordena-demolicao-de-templo-da-assembleia-de-deus-em-parque-trindade\/\" \/>\n<meta property=\"og:site_name\" content=\"Jornal\" \/>\n<meta property=\"article:publisher\" content=\"https:\/\/www.facebook.com\/boasnoticiasjornal\" \/>\n<meta property=\"article:published_time\" content=\"2025-11-28T16:59:25+00:00\" \/>\n<meta property=\"og:image\" content=\"https:\/\/jornalboasnoticias.com.br\/home\/wp-content\/uploads\/2025\/11\/Igreja-Assembleia-de-Deus-sera-demolida_Easy-Resize.com_-e1764349095258.webp\" \/>\n\t<meta property=\"og:image:width\" content=\"1000\" \/>\n\t<meta property=\"og:image:height\" content=\"664\" \/>\n\t<meta property=\"og:image:type\" content=\"image\/webp\" \/>\n<meta name=\"author\" content=\"Luiz Carlos da Cruz\" \/>\n<meta name=\"twitter:card\" content=\"summary_large_image\" \/>\n<meta name=\"twitter:label1\" content=\"Escrito por\" \/>\n\t<meta name=\"twitter:data1\" content=\"Luiz Carlos da Cruz\" \/>\n\t<meta name=\"twitter:label2\" content=\"Est. tempo de leitura\" \/>\n\t<meta name=\"twitter:data2\" content=\"2 minutos\" \/>\n<script type=\"application\/ld+json\" class=\"yoast-schema-graph\">{\"@context\":\"https:\\\/\\\/schema.org\",\"@graph\":[{\"@type\":\"Article\",\"@id\":\"https:\\\/\\\/jornalboasnoticias.com.br\\\/home\\\/justica-ordena-demolicao-de-templo-da-assembleia-de-deus-em-parque-trindade\\\/#article\",\"isPartOf\":{\"@id\":\"https:\\\/\\\/jornalboasnoticias.com.br\\\/home\\\/justica-ordena-demolicao-de-templo-da-assembleia-de-deus-em-parque-trindade\\\/\"},\"author\":{\"name\":\"Luiz Carlos da Cruz\",\"@id\":\"https:\\\/\\\/jornalboasnoticias.com.br\\\/home\\\/#\\\/schema\\\/person\\\/75f9ebde398c998c166475fb446bda62\"},\"headline\":\"Justi\u00e7a ordena demoli\u00e7\u00e3o de templo da Assembleia de Deus em Parque Trindade\",\"datePublished\":\"2025-11-28T16:59:25+00:00\",\"mainEntityOfPage\":{\"@id\":\"https:\\\/\\\/jornalboasnoticias.com.br\\\/home\\\/justica-ordena-demolicao-de-templo-da-assembleia-de-deus-em-parque-trindade\\\/\"},\"wordCount\":342,\"commentCount\":0,\"publisher\":{\"@id\":\"https:\\\/\\\/jornalboasnoticias.com.br\\\/home\\\/#organization\"},\"image\":{\"@id\":\"https:\\\/\\\/jornalboasnoticias.com.br\\\/home\\\/justica-ordena-demolicao-de-templo-da-assembleia-de-deus-em-parque-trindade\\\/#primaryimage\"},\"thumbnailUrl\":\"https:\\\/\\\/jornalboasnoticias.com.br\\\/home\\\/wp-content\\\/uploads\\\/2025\\\/11\\\/Igreja-Assembleia-de-Deus-sera-demolida_Easy-Resize.com_-e1764349095258.webp\",\"articleSection\":[\"BRASIL\",\"DESTAQUE\"],\"inLanguage\":\"pt-BR\",\"potentialAction\":[{\"@type\":\"CommentAction\",\"name\":\"Comment\",\"target\":[\"https:\\\/\\\/jornalboasnoticias.com.br\\\/home\\\/justica-ordena-demolicao-de-templo-da-assembleia-de-deus-em-parque-trindade\\\/#respond\"]}]},{\"@type\":\"WebPage\",\"@id\":\"https:\\\/\\\/jornalboasnoticias.com.br\\\/home\\\/justica-ordena-demolicao-de-templo-da-assembleia-de-deus-em-parque-trindade\\\/\",\"url\":\"https:\\\/\\\/jornalboasnoticias.com.br\\\/home\\\/justica-ordena-demolicao-de-templo-da-assembleia-de-deus-em-parque-trindade\\\/\",\"name\":\"Justi\u00e7a ordena demoli\u00e7\u00e3o de templo da Assembleia de Deus em Parque Trindade - Jornal\",\"isPartOf\":{\"@id\":\"https:\\\/\\\/jornalboasnoticias.com.br\\\/home\\\/#website\"},\"primaryImageOfPage\":{\"@id\":\"https:\\\/\\\/jornalboasnoticias.com.br\\\/home\\\/justica-ordena-demolicao-de-templo-da-assembleia-de-deus-em-parque-trindade\\\/#primaryimage\"},\"image\":{\"@id\":\"https:\\\/\\\/jornalboasnoticias.com.br\\\/home\\\/justica-ordena-demolicao-de-templo-da-assembleia-de-deus-em-parque-trindade\\\/#primaryimage\"},\"thumbnailUrl\":\"https:\\\/\\\/jornalboasnoticias.com.br\\\/home\\\/wp-content\\\/uploads\\\/2025\\\/11\\\/Igreja-Assembleia-de-Deus-sera-demolida_Easy-Resize.com_-e1764349095258.webp\",\"datePublished\":\"2025-11-28T16:59:25+00:00\",\"description\":\"Justi\u00e7a ordena demoli\u00e7\u00e3o de templo da Assembleia de Deus em Parque Trindade\",\"breadcrumb\":{\"@id\":\"https:\\\/\\\/jornalboasnoticias.com.br\\\/home\\\/justica-ordena-demolicao-de-templo-da-assembleia-de-deus-em-parque-trindade\\\/#breadcrumb\"},\"inLanguage\":\"pt-BR\",\"potentialAction\":[{\"@type\":\"ReadAction\",\"target\":[\"https:\\\/\\\/jornalboasnoticias.com.br\\\/home\\\/justica-ordena-demolicao-de-templo-da-assembleia-de-deus-em-parque-trindade\\\/\"]}]},{\"@type\":\"ImageObject\",\"inLanguage\":\"pt-BR\",\"@id\":\"https:\\\/\\\/jornalboasnoticias.com.br\\\/home\\\/justica-ordena-demolicao-de-templo-da-assembleia-de-deus-em-parque-trindade\\\/#primaryimage\",\"url\":\"https:\\\/\\\/jornalboasnoticias.com.br\\\/home\\\/wp-content\\\/uploads\\\/2025\\\/11\\\/Igreja-Assembleia-de-Deus-sera-demolida_Easy-Resize.com_-e1764349095258.webp\",\"contentUrl\":\"https:\\\/\\\/jornalboasnoticias.com.br\\\/home\\\/wp-content\\\/uploads\\\/2025\\\/11\\\/Igreja-Assembleia-de-Deus-sera-demolida_Easy-Resize.com_-e1764349095258.webp\",\"width\":1000,\"height\":664,\"caption\":\"Reprodu\u00e7\u00e3o\"},{\"@type\":\"BreadcrumbList\",\"@id\":\"https:\\\/\\\/jornalboasnoticias.com.br\\\/home\\\/justica-ordena-demolicao-de-templo-da-assembleia-de-deus-em-parque-trindade\\\/#breadcrumb\",\"itemListElement\":[{\"@type\":\"ListItem\",\"position\":1,\"name\":\"In\u00edcio\",\"item\":\"https:\\\/\\\/jornalboasnoticias.com.br\\\/home\\\/\"},{\"@type\":\"ListItem\",\"position\":2,\"name\":\"Justi\u00e7a ordena demoli\u00e7\u00e3o de templo da Assembleia de Deus em Parque Trindade\"}]},{\"@type\":\"WebSite\",\"@id\":\"https:\\\/\\\/jornalboasnoticias.com.br\\\/home\\\/#website\",\"url\":\"https:\\\/\\\/jornalboasnoticias.com.br\\\/home\\\/\",\"name\":\"Jornal Boas Not\u00edcias\",\"description\":\"Boas not\u00edcias\",\"publisher\":{\"@id\":\"https:\\\/\\\/jornalboasnoticias.com.br\\\/home\\\/#organization\"},\"potentialAction\":[{\"@type\":\"SearchAction\",\"target\":{\"@type\":\"EntryPoint\",\"urlTemplate\":\"https:\\\/\\\/jornalboasnoticias.com.br\\\/home\\\/?s={search_term_string}\"},\"query-input\":{\"@type\":\"PropertyValueSpecification\",\"valueRequired\":true,\"valueName\":\"search_term_string\"}}],\"inLanguage\":\"pt-BR\"},{\"@type\":\"Organization\",\"@id\":\"https:\\\/\\\/jornalboasnoticias.com.br\\\/home\\\/#organization\",\"name\":\"Coq Editora Ltda\",\"alternateName\":\"Jornal Boas Noticias\",\"url\":\"https:\\\/\\\/jornalboasnoticias.com.br\\\/home\\\/\",\"logo\":{\"@type\":\"ImageObject\",\"inLanguage\":\"pt-BR\",\"@id\":\"https:\\\/\\\/jornalboasnoticias.com.br\\\/home\\\/#\\\/schema\\\/logo\\\/image\\\/\",\"url\":\"https:\\\/\\\/jornalboasnoticias.com.br\\\/home\\\/wp-content\\\/uploads\\\/2024\\\/07\\\/cropped-logo.jpg\",\"contentUrl\":\"https:\\\/\\\/jornalboasnoticias.com.br\\\/home\\\/wp-content\\\/uploads\\\/2024\\\/07\\\/cropped-logo.jpg\",\"width\":290,\"height\":142,\"caption\":\"Coq Editora Ltda\"},\"image\":{\"@id\":\"https:\\\/\\\/jornalboasnoticias.com.br\\\/home\\\/#\\\/schema\\\/logo\\\/image\\\/\"},\"sameAs\":[\"https:\\\/\\\/www.facebook.com\\\/boasnoticiasjornal\"]},{\"@type\":\"Person\",\"@id\":\"https:\\\/\\\/jornalboasnoticias.com.br\\\/home\\\/#\\\/schema\\\/person\\\/75f9ebde398c998c166475fb446bda62\",\"name\":\"Luiz Carlos da Cruz\",\"image\":{\"@type\":\"ImageObject\",\"inLanguage\":\"pt-BR\",\"@id\":\"https:\\\/\\\/secure.gravatar.com\\\/avatar\\\/e6f4f45301b6cb8572f7b076572e8ac11c1db80e805d8c8d0858cf286ce3ac3b?s=96&d=mm&r=g\",\"url\":\"https:\\\/\\\/secure.gravatar.com\\\/avatar\\\/e6f4f45301b6cb8572f7b076572e8ac11c1db80e805d8c8d0858cf286ce3ac3b?s=96&d=mm&r=g\",\"contentUrl\":\"https:\\\/\\\/secure.gravatar.com\\\/avatar\\\/e6f4f45301b6cb8572f7b076572e8ac11c1db80e805d8c8d0858cf286ce3ac3b?s=96&d=mm&r=g\",\"caption\":\"Luiz Carlos da Cruz\"},\"url\":\"https:\\\/\\\/jornalboasnoticias.com.br\\\/home\\\/author\\\/luiz-carlos-da-cruz\\\/\"}]}<\/script>\n<!-- \/ Yoast SEO plugin. -->","yoast_head_json":{"title":"Justi\u00e7a ordena demoli\u00e7\u00e3o de templo da Assembleia de Deus em Parque Trindade - Jornal","description":"Justi\u00e7a ordena demoli\u00e7\u00e3o de templo da Assembleia de Deus em Parque Trindade","robots":{"index":"index","follow":"follow","max-snippet":"max-snippet:-1","max-image-preview":"max-image-preview:large","max-video-preview":"max-video-preview:-1"},"canonical":"https:\/\/jornalboasnoticias.com.br\/home\/justica-ordena-demolicao-de-templo-da-assembleia-de-deus-em-parque-trindade\/","og_locale":"pt_BR","og_type":"article","og_title":"Justi\u00e7a ordena demoli\u00e7\u00e3o de templo da Assembleia de Deus em Parque Trindade - Jornal","og_description":"Justi\u00e7a ordena demoli\u00e7\u00e3o de templo da Assembleia de Deus em Parque Trindade","og_url":"https:\/\/jornalboasnoticias.com.br\/home\/justica-ordena-demolicao-de-templo-da-assembleia-de-deus-em-parque-trindade\/","og_site_name":"Jornal","article_publisher":"https:\/\/www.facebook.com\/boasnoticiasjornal","article_published_time":"2025-11-28T16:59:25+00:00","og_image":[{"width":1000,"height":664,"url":"https:\/\/jornalboasnoticias.com.br\/home\/wp-content\/uploads\/2025\/11\/Igreja-Assembleia-de-Deus-sera-demolida_Easy-Resize.com_-e1764349095258.webp","type":"image\/webp"}],"author":"Luiz Carlos da Cruz","twitter_card":"summary_large_image","twitter_misc":{"Escrito por":"Luiz Carlos da Cruz","Est. tempo de leitura":"2 minutos"},"schema":{"@context":"https:\/\/schema.org","@graph":[{"@type":"Article","@id":"https:\/\/jornalboasnoticias.com.br\/home\/justica-ordena-demolicao-de-templo-da-assembleia-de-deus-em-parque-trindade\/#article","isPartOf":{"@id":"https:\/\/jornalboasnoticias.com.br\/home\/justica-ordena-demolicao-de-templo-da-assembleia-de-deus-em-parque-trindade\/"},"author":{"name":"Luiz Carlos da Cruz","@id":"https:\/\/jornalboasnoticias.com.br\/home\/#\/schema\/person\/75f9ebde398c998c166475fb446bda62"},"headline":"Justi\u00e7a ordena demoli\u00e7\u00e3o de templo da Assembleia de Deus em Parque Trindade","datePublished":"2025-11-28T16:59:25+00:00","mainEntityOfPage":{"@id":"https:\/\/jornalboasnoticias.com.br\/home\/justica-ordena-demolicao-de-templo-da-assembleia-de-deus-em-parque-trindade\/"},"wordCount":342,"commentCount":0,"publisher":{"@id":"https:\/\/jornalboasnoticias.com.br\/home\/#organization"},"image":{"@id":"https:\/\/jornalboasnoticias.com.br\/home\/justica-ordena-demolicao-de-templo-da-assembleia-de-deus-em-parque-trindade\/#primaryimage"},"thumbnailUrl":"https:\/\/jornalboasnoticias.com.br\/home\/wp-content\/uploads\/2025\/11\/Igreja-Assembleia-de-Deus-sera-demolida_Easy-Resize.com_-e1764349095258.webp","articleSection":["BRASIL","DESTAQUE"],"inLanguage":"pt-BR","potentialAction":[{"@type":"CommentAction","name":"Comment","target":["https:\/\/jornalboasnoticias.com.br\/home\/justica-ordena-demolicao-de-templo-da-assembleia-de-deus-em-parque-trindade\/#respond"]}]},{"@type":"WebPage","@id":"https:\/\/jornalboasnoticias.com.br\/home\/justica-ordena-demolicao-de-templo-da-assembleia-de-deus-em-parque-trindade\/","url":"https:\/\/jornalboasnoticias.com.br\/home\/justica-ordena-demolicao-de-templo-da-assembleia-de-deus-em-parque-trindade\/","name":"Justi\u00e7a ordena demoli\u00e7\u00e3o de templo da Assembleia de Deus em Parque Trindade - Jornal","isPartOf":{"@id":"https:\/\/jornalboasnoticias.com.br\/home\/#website"},"primaryImageOfPage":{"@id":"https:\/\/jornalboasnoticias.com.br\/home\/justica-ordena-demolicao-de-templo-da-assembleia-de-deus-em-parque-trindade\/#primaryimage"},"image":{"@id":"https:\/\/jornalboasnoticias.com.br\/home\/justica-ordena-demolicao-de-templo-da-assembleia-de-deus-em-parque-trindade\/#primaryimage"},"thumbnailUrl":"https:\/\/jornalboasnoticias.com.br\/home\/wp-content\/uploads\/2025\/11\/Igreja-Assembleia-de-Deus-sera-demolida_Easy-Resize.com_-e1764349095258.webp","datePublished":"2025-11-28T16:59:25+00:00","description":"Justi\u00e7a ordena demoli\u00e7\u00e3o de templo da Assembleia de Deus em Parque Trindade","breadcrumb":{"@id":"https:\/\/jornalboasnoticias.com.br\/home\/justica-ordena-demolicao-de-templo-da-assembleia-de-deus-em-parque-trindade\/#breadcrumb"},"inLanguage":"pt-BR","potentialAction":[{"@type":"ReadAction","target":["https:\/\/jornalboasnoticias.com.br\/home\/justica-ordena-demolicao-de-templo-da-assembleia-de-deus-em-parque-trindade\/"]}]},{"@type":"ImageObject","inLanguage":"pt-BR","@id":"https:\/\/jornalboasnoticias.com.br\/home\/justica-ordena-demolicao-de-templo-da-assembleia-de-deus-em-parque-trindade\/#primaryimage","url":"https:\/\/jornalboasnoticias.com.br\/home\/wp-content\/uploads\/2025\/11\/Igreja-Assembleia-de-Deus-sera-demolida_Easy-Resize.com_-e1764349095258.webp","contentUrl":"https:\/\/jornalboasnoticias.com.br\/home\/wp-content\/uploads\/2025\/11\/Igreja-Assembleia-de-Deus-sera-demolida_Easy-Resize.com_-e1764349095258.webp","width":1000,"height":664,"caption":"Reprodu\u00e7\u00e3o"},{"@type":"BreadcrumbList","@id":"https:\/\/jornalboasnoticias.com.br\/home\/justica-ordena-demolicao-de-templo-da-assembleia-de-deus-em-parque-trindade\/#breadcrumb","itemListElement":[{"@type":"ListItem","position":1,"name":"In\u00edcio","item":"https:\/\/jornalboasnoticias.com.br\/home\/"},{"@type":"ListItem","position":2,"name":"Justi\u00e7a ordena demoli\u00e7\u00e3o de templo da Assembleia de Deus em Parque Trindade"}]},{"@type":"WebSite","@id":"https:\/\/jornalboasnoticias.com.br\/home\/#website","url":"https:\/\/jornalboasnoticias.com.br\/home\/","name":"Jornal Boas Not\u00edcias","description":"Boas not\u00edcias","publisher":{"@id":"https:\/\/jornalboasnoticias.com.br\/home\/#organization"},"potentialAction":[{"@type":"SearchAction","target":{"@type":"EntryPoint","urlTemplate":"https:\/\/jornalboasnoticias.com.br\/home\/?s={search_term_string}"},"query-input":{"@type":"PropertyValueSpecification","valueRequired":true,"valueName":"search_term_string"}}],"inLanguage":"pt-BR"},{"@type":"Organization","@id":"https:\/\/jornalboasnoticias.com.br\/home\/#organization","name":"Coq Editora Ltda","alternateName":"Jornal Boas Noticias","url":"https:\/\/jornalboasnoticias.com.br\/home\/","logo":{"@type":"ImageObject","inLanguage":"pt-BR","@id":"https:\/\/jornalboasnoticias.com.br\/home\/#\/schema\/logo\/image\/","url":"https:\/\/jornalboasnoticias.com.br\/home\/wp-content\/uploads\/2024\/07\/cropped-logo.jpg","contentUrl":"https:\/\/jornalboasnoticias.com.br\/home\/wp-content\/uploads\/2024\/07\/cropped-logo.jpg","width":290,"height":142,"caption":"Coq Editora Ltda"},"image":{"@id":"https:\/\/jornalboasnoticias.com.br\/home\/#\/schema\/logo\/image\/"},"sameAs":["https:\/\/www.facebook.com\/boasnoticiasjornal"]},{"@type":"Person","@id":"https:\/\/jornalboasnoticias.com.br\/home\/#\/schema\/person\/75f9ebde398c998c166475fb446bda62","name":"Luiz Carlos da Cruz","image":{"@type":"ImageObject","inLanguage":"pt-BR","@id":"https:\/\/secure.gravatar.com\/avatar\/e6f4f45301b6cb8572f7b076572e8ac11c1db80e805d8c8d0858cf286ce3ac3b?s=96&d=mm&r=g","url":"https:\/\/secure.gravatar.com\/avatar\/e6f4f45301b6cb8572f7b076572e8ac11c1db80e805d8c8d0858cf286ce3ac3b?s=96&d=mm&r=g","contentUrl":"https:\/\/secure.gravatar.com\/avatar\/e6f4f45301b6cb8572f7b076572e8ac11c1db80e805d8c8d0858cf286ce3ac3b?s=96&d=mm&r=g","caption":"Luiz Carlos da Cruz"},"url":"https:\/\/jornalboasnoticias.com.br\/home\/author\/luiz-carlos-da-cruz\/"}]}},"_links":{"self":[{"href":"https:\/\/jornalboasnoticias.com.br\/home\/wp-json\/wp\/v2\/posts\/46586","targetHints":{"allow":["GET"]}}],"collection":[{"href":"https:\/\/jornalboasnoticias.com.br\/home\/wp-json\/wp\/v2\/posts"}],"about":[{"href":"https:\/\/jornalboasnoticias.com.br\/home\/wp-json\/wp\/v2\/types\/post"}],"author":[{"embeddable":true,"href":"https:\/\/jornalboasnoticias.com.br\/home\/wp-json\/wp\/v2\/users\/3"}],"replies":[{"embeddable":true,"href":"https:\/\/jornalboasnoticias.com.br\/home\/wp-json\/wp\/v2\/comments?post=46586"}],"version-history":[{"count":1,"href":"https:\/\/jornalboasnoticias.com.br\/home\/wp-json\/wp\/v2\/posts\/46586\/revisions"}],"predecessor-version":[{"id":46588,"href":"https:\/\/jornalboasnoticias.com.br\/home\/wp-json\/wp\/v2\/posts\/46586\/revisions\/46588"}],"wp:featuredmedia":[{"embeddable":true,"href":"https:\/\/jornalboasnoticias.com.br\/home\/wp-json\/wp\/v2\/media\/46587"}],"wp:attachment":[{"href":"https:\/\/jornalboasnoticias.com.br\/home\/wp-json\/wp\/v2\/media?parent=46586"}],"wp:term":[{"taxonomy":"category","embeddable":true,"href":"https:\/\/jornalboasnoticias.com.br\/home\/wp-json\/wp\/v2\/categories?post=46586"},{"taxonomy":"post_tag","embeddable":true,"href":"https:\/\/jornalboasnoticias.com.br\/home\/wp-json\/wp\/v2\/tags?post=46586"}],"curies":[{"name":"wp","href":"https:\/\/api.w.org\/{rel}","templated":true}]}}