{"id":46567,"date":"2025-11-27T20:16:20","date_gmt":"2025-11-27T20:16:20","guid":{"rendered":"https:\/\/jornalboasnoticias.com.br\/home\/?p=46567"},"modified":"2025-11-27T20:16:20","modified_gmt":"2025-11-27T20:16:20","slug":"brasil-cria-85-mil-empregos-com-carteira-assinada-em-outubro","status":"publish","type":"post","link":"https:\/\/jornalboasnoticias.com.br\/home\/brasil-cria-85-mil-empregos-com-carteira-assinada-em-outubro\/","title":{"rendered":"Brasil cria 85 mil empregos com carteira assinada em outubro"},"content":{"rendered":"<blockquote>\n<p style=\"text-align: center;\">Resultado representa queda em rela\u00e7\u00e3o aos dados do ano passado<\/p>\n<\/blockquote>\n<figure id=\"attachment_46568\" aria-describedby=\"caption-attachment-46568\" style=\"width: 1000px\" class=\"wp-caption aligncenter\"><img loading=\"lazy\" decoding=\"async\" class=\"size-full wp-image-46568\" src=\"https:\/\/jornalboasnoticias.com.br\/home\/wp-content\/uploads\/2025\/11\/carteira-de-trabalho-digital_mcamgo_abr_240620211818-2-e1764274545135.webp\" alt=\"\" width=\"1000\" height=\"598\" \/><figcaption id=\"caption-attachment-46568\" class=\"wp-caption-text\">\u00a9 Marcelo Camargo\/Ag\u00eancia Brasil<\/figcaption><\/figure>\n<p>O Brasil fechou o m\u00eas de outubro com saldo positivo de 85.147 empregos com carteira assinada.\u00a0O balan\u00e7o \u00e9 do Novo Cadastro Geral de Empregados e Desempregados (Novo Caged) divulgado nesta quinta-feira (27) pelo Minist\u00e9rio do Trabalho e Emprego (MTE).\u00a0<img decoding=\"async\" src=\"https:\/\/agenciabrasil.ebc.com.br\/ebc.png?id=1669901&amp;o=node\" \/><img decoding=\"async\" src=\"https:\/\/agenciabrasil.ebc.com.br\/ebc.gif?id=1669901&amp;o=node\" \/><\/p>\n<p>O resultado de outubro decorreu de 2.271.460 admiss\u00f5es e de 2.186.313 desligamentos no per\u00edodo.<\/p>\n<p>O saldo de empregos formais no m\u00eas passado foi menor que o\u00a0registrado em setembro, que ficou em 213.002. Em outubro de 2024, o saldo de empregos formais foi de 131.603, segundo o Caged.<\/p>\n<p>No acumulado dos \u00faltimos 12 meses (novembro de 2024 a outubro de 2025) o saldo chega a 1.351.832, menor que o saldo observado no per\u00edodo de novembro de 2023 a outubro de 2024, quando foram gerados 1.796.543 postos de trabalho.<\/p>\n<p>Com o resultado o estoque de empregos, no pa\u00eds chega a 48.995.950 v\u00ednculos celetistas.<\/p>\n<h2>Setores<\/h2>\n<p>Dois dos cinco grandes agrupamentos apresentaram resultado positivo, os demais ficaram praticamente em estabilidade.<\/p>\n<p>O setor de servi\u00e7os fechou o m\u00eas com 82.436 e o com\u00e9rcio com 25.592. A ind\u00fastria ficou com decr\u00e9scimo de 10.092 (-0,1%); a constru\u00e7\u00e3o civil ficou com decr\u00e9scimo de 2.875 (-0,1%) e a agropecu\u00e1ria registrou saldo negativo de 9.917 vagas (-0,5%).<\/p>\n<h2>Estados<\/h2>\n<p>No m\u00eas passado foi registrado saldo positivo em 21 dos 27 estados da federa\u00e7\u00e3o.\u00a0Em n\u00fameros absolutos, o destaque ficou com S\u00e3o Paulo, com 18.456; o Distrito Federal, com 15.467 e Pernambuco, com 10.596<\/p>\n<p>Proporcionalmente, o destaque tamb\u00e9m ficou para o Distrito Federal que cresceu 1,5%, Alagoas, com 1% e Amap\u00e1, com 0,7%. Do total de postos gerados no m\u00eas, 67,7% foram considerados t\u00edpicos e 32,3% n\u00e3o t\u00edpicos, com destaque para trabalhadores com jornada de trabalho intermitente que somaram 15.056 e trabalhadores com jornada de 30 horas ou menos, que ficaram com 10.693 vagas.<\/p>\n<h2>Sal\u00e1rio<\/h2>\n<p>O sal\u00e1rio m\u00e9dio real de admiss\u00e3o em outubro foi de R$ 2.304,31, um aumento de R$17,28 (0,8%) em compara\u00e7\u00e3o com o valor de setembro que foi de R$ 2.287,02.<\/p>\n<blockquote><p>\u201cPara os trabalhadores considerados t\u00edpicos o sal\u00e1rio real de admiss\u00e3o foi de R$ 2.348,20 (1,9% mais elevado que o valor m\u00e9dio), enquanto para os trabalhadores n\u00e3o t\u00edpicos foi de R$ 1.974,07 (14,3% menor que o valor m\u00e9dio)\u201d, informou o minist\u00e9rio.<\/p><\/blockquote>\n<p>As mulheres conquistaram a maioria das vagas, com 65.913. J\u00e1 os homens somaram 19.234 novos empregos. Elas apresentaram maior n\u00famero de contratos nos setores de servi\u00e7os (52.003, ante 30.433 dos homens).<\/p>\n<p>J\u00e1 os jovens de 18 a 24 anos representaram 80.365 das contrata\u00e7\u00f5es e os adolescentes at\u00e9 17 anos 23.586. Esses dois grupos foram mais contratados no setor de Servi\u00e7o, com 54.528 vagas; Com\u00e9rcio, com 32.203 e na Ind\u00fastria de Transforma\u00e7\u00e3o, com 10.051.<\/p>\n<h2>Queda nos empregos<\/h2>\n<p>O ministro do Trabalho e Emprego, Luiz Marinho, creditou a queda no n\u00famero de vagas \u00e0 pol\u00edtica de juros do Banco Central, que manteve a taxa de juros b\u00e1sica da economia, a Selic. A taxa, que estava em 10,5% ao ano at\u00e9 setembro do ano passado, foi elevada para 15% ao ano.<\/p>\n<blockquote><p>\u201cVenho chamando aten\u00e7\u00e3o desde maio ou junho da necessidade de o Banco Central, que tem a necessidade de monitoramento e as decis\u00f5es de aumento, manuten\u00e7\u00e3o ou decr\u00e9scimo da taxa Selic, olhar com aten\u00e7\u00e3o, pois a economia entraria num processo de desacelera\u00e7\u00e3o. O problema \u00e9 que se voc\u00ea vai desacelerando, uma hora o carro vai parar\u201d, pontuou.<\/p><\/blockquote>\n<p>Segundo ele, \u00e9 momento de o Banco Central tomar medidas em rela\u00e7\u00e3o ao monitoramento das taxas de juros.<\/p>\n<blockquote><p>\u201cH\u00e1 um grande entendimento de que isso est\u00e1 inibindo o ritmo dos investimentos. Tem investimentos comprometidos por parte das empresas que desaceleram por conta dos juros. \u00c9 hora mais que urgente o Banco Central ter a sensibilidade de entender ser necess\u00e1rio esse processo [de diminui\u00e7\u00e3o dos juros]\u201d, acrescentou.<\/p><\/blockquote>\n<p><em>Ag\u00eancia Brasil<\/em><\/p>\n","protected":false},"excerpt":{"rendered":"<p>Resultado representa queda em rela\u00e7\u00e3o aos dados do ano passado O Brasil fechou o m\u00eas<\/p>\n","protected":false},"author":3,"featured_media":46568,"comment_status":"open","ping_status":"open","sticky":false,"template":"","format":"standard","meta":{"footnotes":""},"categories":[3,5],"tags":[],"class_list":["post-46567","post","type-post","status-publish","format-standard","has-post-thumbnail","hentry","category-destaques","category-economia"],"yoast_head":"<!-- This site is optimized with the Yoast SEO plugin v27.5 - https:\/\/yoast.com\/product\/yoast-seo-wordpress\/ -->\n<title>Brasil cria 85 mil empregos com carteira assinada em outubro - Jornal<\/title>\n<meta name=\"description\" content=\"Brasil cria 85 mil empregos com carteira assinada em outubro\" \/>\n<meta name=\"robots\" content=\"index, follow, max-snippet:-1, max-image-preview:large, max-video-preview:-1\" \/>\n<link rel=\"canonical\" href=\"https:\/\/jornalboasnoticias.com.br\/home\/brasil-cria-85-mil-empregos-com-carteira-assinada-em-outubro\/\" \/>\n<meta property=\"og:locale\" content=\"pt_BR\" \/>\n<meta property=\"og:type\" content=\"article\" \/>\n<meta property=\"og:title\" content=\"Brasil cria 85 mil empregos com carteira assinada em outubro - Jornal\" \/>\n<meta property=\"og:description\" content=\"Brasil cria 85 mil empregos com carteira assinada em outubro\" \/>\n<meta property=\"og:url\" content=\"https:\/\/jornalboasnoticias.com.br\/home\/brasil-cria-85-mil-empregos-com-carteira-assinada-em-outubro\/\" \/>\n<meta property=\"og:site_name\" content=\"Jornal\" \/>\n<meta property=\"article:publisher\" content=\"https:\/\/www.facebook.com\/boasnoticiasjornal\" \/>\n<meta property=\"article:published_time\" content=\"2025-11-27T20:16:20+00:00\" \/>\n<meta property=\"og:image\" content=\"https:\/\/jornalboasnoticias.com.br\/home\/wp-content\/uploads\/2025\/11\/carteira-de-trabalho-digital_mcamgo_abr_240620211818-2-e1764274545135.webp\" \/>\n\t<meta property=\"og:image:width\" content=\"1000\" \/>\n\t<meta property=\"og:image:height\" content=\"598\" \/>\n\t<meta property=\"og:image:type\" content=\"image\/webp\" \/>\n<meta name=\"author\" content=\"Luiz Carlos da Cruz\" \/>\n<meta name=\"twitter:card\" content=\"summary_large_image\" \/>\n<meta name=\"twitter:label1\" content=\"Escrito por\" \/>\n\t<meta name=\"twitter:data1\" content=\"Luiz Carlos da Cruz\" \/>\n\t<meta name=\"twitter:label2\" content=\"Est. tempo de leitura\" \/>\n\t<meta name=\"twitter:data2\" content=\"4 minutos\" \/>\n<script type=\"application\/ld+json\" class=\"yoast-schema-graph\">{\"@context\":\"https:\\\/\\\/schema.org\",\"@graph\":[{\"@type\":\"Article\",\"@id\":\"https:\\\/\\\/jornalboasnoticias.com.br\\\/home\\\/brasil-cria-85-mil-empregos-com-carteira-assinada-em-outubro\\\/#article\",\"isPartOf\":{\"@id\":\"https:\\\/\\\/jornalboasnoticias.com.br\\\/home\\\/brasil-cria-85-mil-empregos-com-carteira-assinada-em-outubro\\\/\"},\"author\":{\"name\":\"Luiz Carlos da Cruz\",\"@id\":\"https:\\\/\\\/jornalboasnoticias.com.br\\\/home\\\/#\\\/schema\\\/person\\\/75f9ebde398c998c166475fb446bda62\"},\"headline\":\"Brasil cria 85 mil empregos com carteira assinada em outubro\",\"datePublished\":\"2025-11-27T20:16:20+00:00\",\"mainEntityOfPage\":{\"@id\":\"https:\\\/\\\/jornalboasnoticias.com.br\\\/home\\\/brasil-cria-85-mil-empregos-com-carteira-assinada-em-outubro\\\/\"},\"wordCount\":647,\"commentCount\":0,\"publisher\":{\"@id\":\"https:\\\/\\\/jornalboasnoticias.com.br\\\/home\\\/#organization\"},\"image\":{\"@id\":\"https:\\\/\\\/jornalboasnoticias.com.br\\\/home\\\/brasil-cria-85-mil-empregos-com-carteira-assinada-em-outubro\\\/#primaryimage\"},\"thumbnailUrl\":\"https:\\\/\\\/jornalboasnoticias.com.br\\\/home\\\/wp-content\\\/uploads\\\/2025\\\/11\\\/carteira-de-trabalho-digital_mcamgo_abr_240620211818-2-e1764274545135.webp\",\"articleSection\":[\"DESTAQUE\",\"ECONOMIA\"],\"inLanguage\":\"pt-BR\",\"potentialAction\":[{\"@type\":\"CommentAction\",\"name\":\"Comment\",\"target\":[\"https:\\\/\\\/jornalboasnoticias.com.br\\\/home\\\/brasil-cria-85-mil-empregos-com-carteira-assinada-em-outubro\\\/#respond\"]}]},{\"@type\":\"WebPage\",\"@id\":\"https:\\\/\\\/jornalboasnoticias.com.br\\\/home\\\/brasil-cria-85-mil-empregos-com-carteira-assinada-em-outubro\\\/\",\"url\":\"https:\\\/\\\/jornalboasnoticias.com.br\\\/home\\\/brasil-cria-85-mil-empregos-com-carteira-assinada-em-outubro\\\/\",\"name\":\"Brasil cria 85 mil empregos com carteira assinada em outubro - Jornal\",\"isPartOf\":{\"@id\":\"https:\\\/\\\/jornalboasnoticias.com.br\\\/home\\\/#website\"},\"primaryImageOfPage\":{\"@id\":\"https:\\\/\\\/jornalboasnoticias.com.br\\\/home\\\/brasil-cria-85-mil-empregos-com-carteira-assinada-em-outubro\\\/#primaryimage\"},\"image\":{\"@id\":\"https:\\\/\\\/jornalboasnoticias.com.br\\\/home\\\/brasil-cria-85-mil-empregos-com-carteira-assinada-em-outubro\\\/#primaryimage\"},\"thumbnailUrl\":\"https:\\\/\\\/jornalboasnoticias.com.br\\\/home\\\/wp-content\\\/uploads\\\/2025\\\/11\\\/carteira-de-trabalho-digital_mcamgo_abr_240620211818-2-e1764274545135.webp\",\"datePublished\":\"2025-11-27T20:16:20+00:00\",\"description\":\"Brasil cria 85 mil empregos com carteira assinada em outubro\",\"breadcrumb\":{\"@id\":\"https:\\\/\\\/jornalboasnoticias.com.br\\\/home\\\/brasil-cria-85-mil-empregos-com-carteira-assinada-em-outubro\\\/#breadcrumb\"},\"inLanguage\":\"pt-BR\",\"potentialAction\":[{\"@type\":\"ReadAction\",\"target\":[\"https:\\\/\\\/jornalboasnoticias.com.br\\\/home\\\/brasil-cria-85-mil-empregos-com-carteira-assinada-em-outubro\\\/\"]}]},{\"@type\":\"ImageObject\",\"inLanguage\":\"pt-BR\",\"@id\":\"https:\\\/\\\/jornalboasnoticias.com.br\\\/home\\\/brasil-cria-85-mil-empregos-com-carteira-assinada-em-outubro\\\/#primaryimage\",\"url\":\"https:\\\/\\\/jornalboasnoticias.com.br\\\/home\\\/wp-content\\\/uploads\\\/2025\\\/11\\\/carteira-de-trabalho-digital_mcamgo_abr_240620211818-2-e1764274545135.webp\",\"contentUrl\":\"https:\\\/\\\/jornalboasnoticias.com.br\\\/home\\\/wp-content\\\/uploads\\\/2025\\\/11\\\/carteira-de-trabalho-digital_mcamgo_abr_240620211818-2-e1764274545135.webp\",\"width\":1000,\"height\":598,\"caption\":\"\u00a9 Marcelo Camargo\\\/Ag\u00eancia Brasil\"},{\"@type\":\"BreadcrumbList\",\"@id\":\"https:\\\/\\\/jornalboasnoticias.com.br\\\/home\\\/brasil-cria-85-mil-empregos-com-carteira-assinada-em-outubro\\\/#breadcrumb\",\"itemListElement\":[{\"@type\":\"ListItem\",\"position\":1,\"name\":\"In\u00edcio\",\"item\":\"https:\\\/\\\/jornalboasnoticias.com.br\\\/home\\\/\"},{\"@type\":\"ListItem\",\"position\":2,\"name\":\"Brasil cria 85 mil empregos com carteira assinada em outubro\"}]},{\"@type\":\"WebSite\",\"@id\":\"https:\\\/\\\/jornalboasnoticias.com.br\\\/home\\\/#website\",\"url\":\"https:\\\/\\\/jornalboasnoticias.com.br\\\/home\\\/\",\"name\":\"Jornal Boas Not\u00edcias\",\"description\":\"Boas not\u00edcias\",\"publisher\":{\"@id\":\"https:\\\/\\\/jornalboasnoticias.com.br\\\/home\\\/#organization\"},\"potentialAction\":[{\"@type\":\"SearchAction\",\"target\":{\"@type\":\"EntryPoint\",\"urlTemplate\":\"https:\\\/\\\/jornalboasnoticias.com.br\\\/home\\\/?s={search_term_string}\"},\"query-input\":{\"@type\":\"PropertyValueSpecification\",\"valueRequired\":true,\"valueName\":\"search_term_string\"}}],\"inLanguage\":\"pt-BR\"},{\"@type\":\"Organization\",\"@id\":\"https:\\\/\\\/jornalboasnoticias.com.br\\\/home\\\/#organization\",\"name\":\"Coq Editora Ltda\",\"alternateName\":\"Jornal Boas Noticias\",\"url\":\"https:\\\/\\\/jornalboasnoticias.com.br\\\/home\\\/\",\"logo\":{\"@type\":\"ImageObject\",\"inLanguage\":\"pt-BR\",\"@id\":\"https:\\\/\\\/jornalboasnoticias.com.br\\\/home\\\/#\\\/schema\\\/logo\\\/image\\\/\",\"url\":\"https:\\\/\\\/jornalboasnoticias.com.br\\\/home\\\/wp-content\\\/uploads\\\/2024\\\/07\\\/cropped-logo.jpg\",\"contentUrl\":\"https:\\\/\\\/jornalboasnoticias.com.br\\\/home\\\/wp-content\\\/uploads\\\/2024\\\/07\\\/cropped-logo.jpg\",\"width\":290,\"height\":142,\"caption\":\"Coq Editora Ltda\"},\"image\":{\"@id\":\"https:\\\/\\\/jornalboasnoticias.com.br\\\/home\\\/#\\\/schema\\\/logo\\\/image\\\/\"},\"sameAs\":[\"https:\\\/\\\/www.facebook.com\\\/boasnoticiasjornal\"]},{\"@type\":\"Person\",\"@id\":\"https:\\\/\\\/jornalboasnoticias.com.br\\\/home\\\/#\\\/schema\\\/person\\\/75f9ebde398c998c166475fb446bda62\",\"name\":\"Luiz Carlos da Cruz\",\"image\":{\"@type\":\"ImageObject\",\"inLanguage\":\"pt-BR\",\"@id\":\"https:\\\/\\\/secure.gravatar.com\\\/avatar\\\/e6f4f45301b6cb8572f7b076572e8ac11c1db80e805d8c8d0858cf286ce3ac3b?s=96&d=mm&r=g\",\"url\":\"https:\\\/\\\/secure.gravatar.com\\\/avatar\\\/e6f4f45301b6cb8572f7b076572e8ac11c1db80e805d8c8d0858cf286ce3ac3b?s=96&d=mm&r=g\",\"contentUrl\":\"https:\\\/\\\/secure.gravatar.com\\\/avatar\\\/e6f4f45301b6cb8572f7b076572e8ac11c1db80e805d8c8d0858cf286ce3ac3b?s=96&d=mm&r=g\",\"caption\":\"Luiz Carlos da Cruz\"},\"url\":\"https:\\\/\\\/jornalboasnoticias.com.br\\\/home\\\/author\\\/luiz-carlos-da-cruz\\\/\"}]}<\/script>\n<!-- \/ Yoast SEO plugin. -->","yoast_head_json":{"title":"Brasil cria 85 mil empregos com carteira assinada em outubro - Jornal","description":"Brasil cria 85 mil empregos com carteira assinada em outubro","robots":{"index":"index","follow":"follow","max-snippet":"max-snippet:-1","max-image-preview":"max-image-preview:large","max-video-preview":"max-video-preview:-1"},"canonical":"https:\/\/jornalboasnoticias.com.br\/home\/brasil-cria-85-mil-empregos-com-carteira-assinada-em-outubro\/","og_locale":"pt_BR","og_type":"article","og_title":"Brasil cria 85 mil empregos com carteira assinada em outubro - Jornal","og_description":"Brasil cria 85 mil empregos com carteira assinada em outubro","og_url":"https:\/\/jornalboasnoticias.com.br\/home\/brasil-cria-85-mil-empregos-com-carteira-assinada-em-outubro\/","og_site_name":"Jornal","article_publisher":"https:\/\/www.facebook.com\/boasnoticiasjornal","article_published_time":"2025-11-27T20:16:20+00:00","og_image":[{"width":1000,"height":598,"url":"https:\/\/jornalboasnoticias.com.br\/home\/wp-content\/uploads\/2025\/11\/carteira-de-trabalho-digital_mcamgo_abr_240620211818-2-e1764274545135.webp","type":"image\/webp"}],"author":"Luiz Carlos da Cruz","twitter_card":"summary_large_image","twitter_misc":{"Escrito por":"Luiz Carlos da Cruz","Est. tempo de leitura":"4 minutos"},"schema":{"@context":"https:\/\/schema.org","@graph":[{"@type":"Article","@id":"https:\/\/jornalboasnoticias.com.br\/home\/brasil-cria-85-mil-empregos-com-carteira-assinada-em-outubro\/#article","isPartOf":{"@id":"https:\/\/jornalboasnoticias.com.br\/home\/brasil-cria-85-mil-empregos-com-carteira-assinada-em-outubro\/"},"author":{"name":"Luiz Carlos da Cruz","@id":"https:\/\/jornalboasnoticias.com.br\/home\/#\/schema\/person\/75f9ebde398c998c166475fb446bda62"},"headline":"Brasil cria 85 mil empregos com carteira assinada em outubro","datePublished":"2025-11-27T20:16:20+00:00","mainEntityOfPage":{"@id":"https:\/\/jornalboasnoticias.com.br\/home\/brasil-cria-85-mil-empregos-com-carteira-assinada-em-outubro\/"},"wordCount":647,"commentCount":0,"publisher":{"@id":"https:\/\/jornalboasnoticias.com.br\/home\/#organization"},"image":{"@id":"https:\/\/jornalboasnoticias.com.br\/home\/brasil-cria-85-mil-empregos-com-carteira-assinada-em-outubro\/#primaryimage"},"thumbnailUrl":"https:\/\/jornalboasnoticias.com.br\/home\/wp-content\/uploads\/2025\/11\/carteira-de-trabalho-digital_mcamgo_abr_240620211818-2-e1764274545135.webp","articleSection":["DESTAQUE","ECONOMIA"],"inLanguage":"pt-BR","potentialAction":[{"@type":"CommentAction","name":"Comment","target":["https:\/\/jornalboasnoticias.com.br\/home\/brasil-cria-85-mil-empregos-com-carteira-assinada-em-outubro\/#respond"]}]},{"@type":"WebPage","@id":"https:\/\/jornalboasnoticias.com.br\/home\/brasil-cria-85-mil-empregos-com-carteira-assinada-em-outubro\/","url":"https:\/\/jornalboasnoticias.com.br\/home\/brasil-cria-85-mil-empregos-com-carteira-assinada-em-outubro\/","name":"Brasil cria 85 mil empregos com carteira assinada em outubro - Jornal","isPartOf":{"@id":"https:\/\/jornalboasnoticias.com.br\/home\/#website"},"primaryImageOfPage":{"@id":"https:\/\/jornalboasnoticias.com.br\/home\/brasil-cria-85-mil-empregos-com-carteira-assinada-em-outubro\/#primaryimage"},"image":{"@id":"https:\/\/jornalboasnoticias.com.br\/home\/brasil-cria-85-mil-empregos-com-carteira-assinada-em-outubro\/#primaryimage"},"thumbnailUrl":"https:\/\/jornalboasnoticias.com.br\/home\/wp-content\/uploads\/2025\/11\/carteira-de-trabalho-digital_mcamgo_abr_240620211818-2-e1764274545135.webp","datePublished":"2025-11-27T20:16:20+00:00","description":"Brasil cria 85 mil empregos com carteira assinada em outubro","breadcrumb":{"@id":"https:\/\/jornalboasnoticias.com.br\/home\/brasil-cria-85-mil-empregos-com-carteira-assinada-em-outubro\/#breadcrumb"},"inLanguage":"pt-BR","potentialAction":[{"@type":"ReadAction","target":["https:\/\/jornalboasnoticias.com.br\/home\/brasil-cria-85-mil-empregos-com-carteira-assinada-em-outubro\/"]}]},{"@type":"ImageObject","inLanguage":"pt-BR","@id":"https:\/\/jornalboasnoticias.com.br\/home\/brasil-cria-85-mil-empregos-com-carteira-assinada-em-outubro\/#primaryimage","url":"https:\/\/jornalboasnoticias.com.br\/home\/wp-content\/uploads\/2025\/11\/carteira-de-trabalho-digital_mcamgo_abr_240620211818-2-e1764274545135.webp","contentUrl":"https:\/\/jornalboasnoticias.com.br\/home\/wp-content\/uploads\/2025\/11\/carteira-de-trabalho-digital_mcamgo_abr_240620211818-2-e1764274545135.webp","width":1000,"height":598,"caption":"\u00a9 Marcelo Camargo\/Ag\u00eancia Brasil"},{"@type":"BreadcrumbList","@id":"https:\/\/jornalboasnoticias.com.br\/home\/brasil-cria-85-mil-empregos-com-carteira-assinada-em-outubro\/#breadcrumb","itemListElement":[{"@type":"ListItem","position":1,"name":"In\u00edcio","item":"https:\/\/jornalboasnoticias.com.br\/home\/"},{"@type":"ListItem","position":2,"name":"Brasil cria 85 mil empregos com carteira assinada em outubro"}]},{"@type":"WebSite","@id":"https:\/\/jornalboasnoticias.com.br\/home\/#website","url":"https:\/\/jornalboasnoticias.com.br\/home\/","name":"Jornal Boas Not\u00edcias","description":"Boas not\u00edcias","publisher":{"@id":"https:\/\/jornalboasnoticias.com.br\/home\/#organization"},"potentialAction":[{"@type":"SearchAction","target":{"@type":"EntryPoint","urlTemplate":"https:\/\/jornalboasnoticias.com.br\/home\/?s={search_term_string}"},"query-input":{"@type":"PropertyValueSpecification","valueRequired":true,"valueName":"search_term_string"}}],"inLanguage":"pt-BR"},{"@type":"Organization","@id":"https:\/\/jornalboasnoticias.com.br\/home\/#organization","name":"Coq Editora Ltda","alternateName":"Jornal Boas Noticias","url":"https:\/\/jornalboasnoticias.com.br\/home\/","logo":{"@type":"ImageObject","inLanguage":"pt-BR","@id":"https:\/\/jornalboasnoticias.com.br\/home\/#\/schema\/logo\/image\/","url":"https:\/\/jornalboasnoticias.com.br\/home\/wp-content\/uploads\/2024\/07\/cropped-logo.jpg","contentUrl":"https:\/\/jornalboasnoticias.com.br\/home\/wp-content\/uploads\/2024\/07\/cropped-logo.jpg","width":290,"height":142,"caption":"Coq Editora Ltda"},"image":{"@id":"https:\/\/jornalboasnoticias.com.br\/home\/#\/schema\/logo\/image\/"},"sameAs":["https:\/\/www.facebook.com\/boasnoticiasjornal"]},{"@type":"Person","@id":"https:\/\/jornalboasnoticias.com.br\/home\/#\/schema\/person\/75f9ebde398c998c166475fb446bda62","name":"Luiz Carlos da Cruz","image":{"@type":"ImageObject","inLanguage":"pt-BR","@id":"https:\/\/secure.gravatar.com\/avatar\/e6f4f45301b6cb8572f7b076572e8ac11c1db80e805d8c8d0858cf286ce3ac3b?s=96&d=mm&r=g","url":"https:\/\/secure.gravatar.com\/avatar\/e6f4f45301b6cb8572f7b076572e8ac11c1db80e805d8c8d0858cf286ce3ac3b?s=96&d=mm&r=g","contentUrl":"https:\/\/secure.gravatar.com\/avatar\/e6f4f45301b6cb8572f7b076572e8ac11c1db80e805d8c8d0858cf286ce3ac3b?s=96&d=mm&r=g","caption":"Luiz Carlos da Cruz"},"url":"https:\/\/jornalboasnoticias.com.br\/home\/author\/luiz-carlos-da-cruz\/"}]}},"_links":{"self":[{"href":"https:\/\/jornalboasnoticias.com.br\/home\/wp-json\/wp\/v2\/posts\/46567","targetHints":{"allow":["GET"]}}],"collection":[{"href":"https:\/\/jornalboasnoticias.com.br\/home\/wp-json\/wp\/v2\/posts"}],"about":[{"href":"https:\/\/jornalboasnoticias.com.br\/home\/wp-json\/wp\/v2\/types\/post"}],"author":[{"embeddable":true,"href":"https:\/\/jornalboasnoticias.com.br\/home\/wp-json\/wp\/v2\/users\/3"}],"replies":[{"embeddable":true,"href":"https:\/\/jornalboasnoticias.com.br\/home\/wp-json\/wp\/v2\/comments?post=46567"}],"version-history":[{"count":1,"href":"https:\/\/jornalboasnoticias.com.br\/home\/wp-json\/wp\/v2\/posts\/46567\/revisions"}],"predecessor-version":[{"id":46569,"href":"https:\/\/jornalboasnoticias.com.br\/home\/wp-json\/wp\/v2\/posts\/46567\/revisions\/46569"}],"wp:featuredmedia":[{"embeddable":true,"href":"https:\/\/jornalboasnoticias.com.br\/home\/wp-json\/wp\/v2\/media\/46568"}],"wp:attachment":[{"href":"https:\/\/jornalboasnoticias.com.br\/home\/wp-json\/wp\/v2\/media?parent=46567"}],"wp:term":[{"taxonomy":"category","embeddable":true,"href":"https:\/\/jornalboasnoticias.com.br\/home\/wp-json\/wp\/v2\/categories?post=46567"},{"taxonomy":"post_tag","embeddable":true,"href":"https:\/\/jornalboasnoticias.com.br\/home\/wp-json\/wp\/v2\/tags?post=46567"}],"curies":[{"name":"wp","href":"https:\/\/api.w.org\/{rel}","templated":true}]}}