{"id":46561,"date":"2025-11-27T19:59:56","date_gmt":"2025-11-27T19:59:56","guid":{"rendered":"https:\/\/jornalboasnoticias.com.br\/home\/?p=46561"},"modified":"2025-11-27T19:59:56","modified_gmt":"2025-11-27T19:59:56","slug":"procon-pr-orienta-consumidores-para-nao-cair-em-golpes-na-black-friday","status":"publish","type":"post","link":"https:\/\/jornalboasnoticias.com.br\/home\/procon-pr-orienta-consumidores-para-nao-cair-em-golpes-na-black-friday\/","title":{"rendered":"Procon-PR orienta consumidores para n\u00e3o cair em golpes na Black Friday"},"content":{"rendered":"<blockquote>\n<p style=\"text-align: center;\">O \u00f3rg\u00e3o refor\u00e7a as orienta\u00e7\u00f5es para evitar que a empolga\u00e7\u00e3o com descontos do Black Friday, que ocorre nesta sexta-feira (28), e demais ofertas acabem levando a preju\u00edzos financeiros.<\/p>\n<\/blockquote>\n<figure id=\"attachment_46562\" aria-describedby=\"caption-attachment-46562\" style=\"width: 1000px\" class=\"wp-caption alignnone\"><img loading=\"lazy\" decoding=\"async\" class=\"size-full wp-image-46562\" src=\"https:\/\/jornalboasnoticias.com.br\/home\/wp-content\/uploads\/2025\/11\/20191129_agb_black_friday-4-scaled-e1764273556956.jpg\" alt=\"\" width=\"1000\" height=\"667\" \/><figcaption id=\"caption-attachment-46562\" class=\"wp-caption-text\">Foto: Geraldo Bubniak\/AEN<\/figcaption><\/figure>\n<p>O Procon\/PR, vinculado \u00e0 Secretaria estadual da Justi\u00e7a e Cidadania, refor\u00e7a as orienta\u00e7\u00f5es para evitar que a empolga\u00e7\u00e3o com descontos do Black Friday, que ocorre nesta sexta-feira (28), e demais ofertas acabe levando a golpes.<\/p>\n<p>\u201cCom o aumento do volume de compras e publicidade, os riscos tamb\u00e9m se intensificam\u201d, afirma Claudia Silvano, coordenadora do Procon\/PR. Ela d\u00e1 algumas dicas para evitar dores de cabe\u00e7a:<\/p>\n<p>&#8211; Acompanhe a varia\u00e7\u00e3o dos pre\u00e7os dos produtos ao longo do tempo: Monitorar os pre\u00e7os \u00e9 uma boa maneira de observar se os produtos vendidos na Black Friday est\u00e3o, de fato, com pre\u00e7os promocionais ou se as empresas est\u00e3o ludibriando os consumidores.<\/p>\n<p>&#8211; Tome cuidado com os links recebidos atrav\u00e9s das redes sociais: Fique atento aos links recebidos, especialmente pelo WhatsApp e por e-mail. Um dos principais sinais de golpe aparece logo ap\u00f3s o clique: a p\u00e1gina para onde voc\u00ea \u00e9 direcionado costuma imitar o site oficial da empresa, criando uma falsa sensa\u00e7\u00e3o de seguran\u00e7a. No entanto, ao contr\u00e1rio dos sites confi\u00e1veis, p\u00e1ginas fraudulentas geralmente n\u00e3o aceitam pagamento por cart\u00e3o de cr\u00e9dito, apenas boleto ou pix. Esse \u00e9 um alerta importante, pois nesses m\u00e9todos a revers\u00e3o do preju\u00edzo pelo comprador \u00e9 muito mais dif\u00edcil.<\/p>\n<p>&#8211; Pondere a necessidade de adquirir algum produto: Avalie se realmente precisa comprar nesse momento, se a compra \u00e9 mesmo necess\u00e1ria e se ela cabe no or\u00e7amento. Esse cuidado evita compras por impulso, reduz o risco de cair em golpes e ajuda a proteger o seu dinheiro.<\/p>\n<p>&#8211; N\u00e3o considere as promo\u00e7\u00f5es somente online: Al\u00e9m das promo\u00e7\u00f5es online, muitas lojas f\u00edsicas tamb\u00e9m participam da Black Friday e podem apresentar bons pre\u00e7os e boas op\u00e7\u00f5es de pagamento. Considerar estes lugares para comprar o produto ajuda tamb\u00e9m a n\u00e3o cair em golpes, j\u00e1 que o pagamento \u00e9 feito na hora.<\/p>\n<p>\u201cApesar disso, todo cuidado \u00e9 pouco e estar atento ajuda a n\u00e3o ter preju\u00edzos\u201d, refor\u00e7a Claudia. O Procon disponibiliza seus\u00a0<strong><a class=\"0\" href=\"https:\/\/www.procon.pr.gov.br\/Pagina\/Formas-de-Atendimento\" target=\"_blank\" rel=\"nofollow noopener\">canais de atendimento<\/a><\/strong>\u00a0para reclama\u00e7\u00f5es.<\/p>\n<p><em>Informa\u00e7\u00f5es AEN<\/em><\/p>\n","protected":false},"excerpt":{"rendered":"<p>O \u00f3rg\u00e3o refor\u00e7a as orienta\u00e7\u00f5es para evitar que a empolga\u00e7\u00e3o com descontos do Black Friday,<\/p>\n","protected":false},"author":3,"featured_media":46562,"comment_status":"open","ping_status":"open","sticky":false,"template":"","format":"standard","meta":{"footnotes":""},"categories":[3,4],"tags":[],"class_list":["post-46561","post","type-post","status-publish","format-standard","has-post-thumbnail","hentry","category-destaques","category-parana"],"yoast_head":"<!-- This site is optimized with the Yoast SEO plugin v27.5 - https:\/\/yoast.com\/product\/yoast-seo-wordpress\/ -->\n<title>Procon-PR orienta consumidores para n\u00e3o cair em golpes na Black Friday - Jornal<\/title>\n<meta name=\"description\" content=\"Procon-PR orienta consumidores para n\u00e3o cair em golpes na Black Friday\" \/>\n<meta name=\"robots\" content=\"index, follow, max-snippet:-1, max-image-preview:large, max-video-preview:-1\" \/>\n<link rel=\"canonical\" href=\"https:\/\/jornalboasnoticias.com.br\/home\/procon-pr-orienta-consumidores-para-nao-cair-em-golpes-na-black-friday\/\" \/>\n<meta property=\"og:locale\" content=\"pt_BR\" \/>\n<meta property=\"og:type\" content=\"article\" \/>\n<meta property=\"og:title\" content=\"Procon-PR orienta consumidores para n\u00e3o cair em golpes na Black Friday - Jornal\" \/>\n<meta property=\"og:description\" content=\"Procon-PR orienta consumidores para n\u00e3o cair em golpes na Black Friday\" \/>\n<meta property=\"og:url\" content=\"https:\/\/jornalboasnoticias.com.br\/home\/procon-pr-orienta-consumidores-para-nao-cair-em-golpes-na-black-friday\/\" \/>\n<meta property=\"og:site_name\" content=\"Jornal\" \/>\n<meta property=\"article:publisher\" content=\"https:\/\/www.facebook.com\/boasnoticiasjornal\" \/>\n<meta property=\"article:published_time\" content=\"2025-11-27T19:59:56+00:00\" \/>\n<meta property=\"og:image\" content=\"https:\/\/jornalboasnoticias.com.br\/home\/wp-content\/uploads\/2025\/11\/20191129_agb_black_friday-4-scaled-e1764273556956.jpg\" \/>\n\t<meta property=\"og:image:width\" content=\"1000\" \/>\n\t<meta property=\"og:image:height\" content=\"667\" \/>\n\t<meta property=\"og:image:type\" content=\"image\/jpeg\" \/>\n<meta name=\"author\" content=\"Luiz Carlos da Cruz\" \/>\n<meta name=\"twitter:card\" content=\"summary_large_image\" \/>\n<meta name=\"twitter:label1\" content=\"Escrito por\" \/>\n\t<meta name=\"twitter:data1\" content=\"Luiz Carlos da Cruz\" \/>\n\t<meta name=\"twitter:label2\" content=\"Est. tempo de leitura\" \/>\n\t<meta name=\"twitter:data2\" content=\"3 minutos\" \/>\n<script type=\"application\/ld+json\" class=\"yoast-schema-graph\">{\"@context\":\"https:\\\/\\\/schema.org\",\"@graph\":[{\"@type\":\"Article\",\"@id\":\"https:\\\/\\\/jornalboasnoticias.com.br\\\/home\\\/procon-pr-orienta-consumidores-para-nao-cair-em-golpes-na-black-friday\\\/#article\",\"isPartOf\":{\"@id\":\"https:\\\/\\\/jornalboasnoticias.com.br\\\/home\\\/procon-pr-orienta-consumidores-para-nao-cair-em-golpes-na-black-friday\\\/\"},\"author\":{\"name\":\"Luiz Carlos da Cruz\",\"@id\":\"https:\\\/\\\/jornalboasnoticias.com.br\\\/home\\\/#\\\/schema\\\/person\\\/75f9ebde398c998c166475fb446bda62\"},\"headline\":\"Procon-PR orienta consumidores para n\u00e3o cair em golpes na Black Friday\",\"datePublished\":\"2025-11-27T19:59:56+00:00\",\"mainEntityOfPage\":{\"@id\":\"https:\\\/\\\/jornalboasnoticias.com.br\\\/home\\\/procon-pr-orienta-consumidores-para-nao-cair-em-golpes-na-black-friday\\\/\"},\"wordCount\":415,\"commentCount\":0,\"publisher\":{\"@id\":\"https:\\\/\\\/jornalboasnoticias.com.br\\\/home\\\/#organization\"},\"image\":{\"@id\":\"https:\\\/\\\/jornalboasnoticias.com.br\\\/home\\\/procon-pr-orienta-consumidores-para-nao-cair-em-golpes-na-black-friday\\\/#primaryimage\"},\"thumbnailUrl\":\"https:\\\/\\\/jornalboasnoticias.com.br\\\/home\\\/wp-content\\\/uploads\\\/2025\\\/11\\\/20191129_agb_black_friday-4-scaled-e1764273556956.jpg\",\"articleSection\":[\"DESTAQUE\",\"PARAN\u00c1\"],\"inLanguage\":\"pt-BR\",\"potentialAction\":[{\"@type\":\"CommentAction\",\"name\":\"Comment\",\"target\":[\"https:\\\/\\\/jornalboasnoticias.com.br\\\/home\\\/procon-pr-orienta-consumidores-para-nao-cair-em-golpes-na-black-friday\\\/#respond\"]}]},{\"@type\":\"WebPage\",\"@id\":\"https:\\\/\\\/jornalboasnoticias.com.br\\\/home\\\/procon-pr-orienta-consumidores-para-nao-cair-em-golpes-na-black-friday\\\/\",\"url\":\"https:\\\/\\\/jornalboasnoticias.com.br\\\/home\\\/procon-pr-orienta-consumidores-para-nao-cair-em-golpes-na-black-friday\\\/\",\"name\":\"Procon-PR orienta consumidores para n\u00e3o cair em golpes na Black Friday - Jornal\",\"isPartOf\":{\"@id\":\"https:\\\/\\\/jornalboasnoticias.com.br\\\/home\\\/#website\"},\"primaryImageOfPage\":{\"@id\":\"https:\\\/\\\/jornalboasnoticias.com.br\\\/home\\\/procon-pr-orienta-consumidores-para-nao-cair-em-golpes-na-black-friday\\\/#primaryimage\"},\"image\":{\"@id\":\"https:\\\/\\\/jornalboasnoticias.com.br\\\/home\\\/procon-pr-orienta-consumidores-para-nao-cair-em-golpes-na-black-friday\\\/#primaryimage\"},\"thumbnailUrl\":\"https:\\\/\\\/jornalboasnoticias.com.br\\\/home\\\/wp-content\\\/uploads\\\/2025\\\/11\\\/20191129_agb_black_friday-4-scaled-e1764273556956.jpg\",\"datePublished\":\"2025-11-27T19:59:56+00:00\",\"description\":\"Procon-PR orienta consumidores para n\u00e3o cair em golpes na Black Friday\",\"breadcrumb\":{\"@id\":\"https:\\\/\\\/jornalboasnoticias.com.br\\\/home\\\/procon-pr-orienta-consumidores-para-nao-cair-em-golpes-na-black-friday\\\/#breadcrumb\"},\"inLanguage\":\"pt-BR\",\"potentialAction\":[{\"@type\":\"ReadAction\",\"target\":[\"https:\\\/\\\/jornalboasnoticias.com.br\\\/home\\\/procon-pr-orienta-consumidores-para-nao-cair-em-golpes-na-black-friday\\\/\"]}]},{\"@type\":\"ImageObject\",\"inLanguage\":\"pt-BR\",\"@id\":\"https:\\\/\\\/jornalboasnoticias.com.br\\\/home\\\/procon-pr-orienta-consumidores-para-nao-cair-em-golpes-na-black-friday\\\/#primaryimage\",\"url\":\"https:\\\/\\\/jornalboasnoticias.com.br\\\/home\\\/wp-content\\\/uploads\\\/2025\\\/11\\\/20191129_agb_black_friday-4-scaled-e1764273556956.jpg\",\"contentUrl\":\"https:\\\/\\\/jornalboasnoticias.com.br\\\/home\\\/wp-content\\\/uploads\\\/2025\\\/11\\\/20191129_agb_black_friday-4-scaled-e1764273556956.jpg\",\"width\":1000,\"height\":667,\"caption\":\"Foto: Geraldo Bubniak\\\/AEN\"},{\"@type\":\"BreadcrumbList\",\"@id\":\"https:\\\/\\\/jornalboasnoticias.com.br\\\/home\\\/procon-pr-orienta-consumidores-para-nao-cair-em-golpes-na-black-friday\\\/#breadcrumb\",\"itemListElement\":[{\"@type\":\"ListItem\",\"position\":1,\"name\":\"In\u00edcio\",\"item\":\"https:\\\/\\\/jornalboasnoticias.com.br\\\/home\\\/\"},{\"@type\":\"ListItem\",\"position\":2,\"name\":\"Procon-PR orienta consumidores para n\u00e3o cair em golpes na Black Friday\"}]},{\"@type\":\"WebSite\",\"@id\":\"https:\\\/\\\/jornalboasnoticias.com.br\\\/home\\\/#website\",\"url\":\"https:\\\/\\\/jornalboasnoticias.com.br\\\/home\\\/\",\"name\":\"Jornal Boas Not\u00edcias\",\"description\":\"Boas not\u00edcias\",\"publisher\":{\"@id\":\"https:\\\/\\\/jornalboasnoticias.com.br\\\/home\\\/#organization\"},\"potentialAction\":[{\"@type\":\"SearchAction\",\"target\":{\"@type\":\"EntryPoint\",\"urlTemplate\":\"https:\\\/\\\/jornalboasnoticias.com.br\\\/home\\\/?s={search_term_string}\"},\"query-input\":{\"@type\":\"PropertyValueSpecification\",\"valueRequired\":true,\"valueName\":\"search_term_string\"}}],\"inLanguage\":\"pt-BR\"},{\"@type\":\"Organization\",\"@id\":\"https:\\\/\\\/jornalboasnoticias.com.br\\\/home\\\/#organization\",\"name\":\"Coq Editora Ltda\",\"alternateName\":\"Jornal Boas Noticias\",\"url\":\"https:\\\/\\\/jornalboasnoticias.com.br\\\/home\\\/\",\"logo\":{\"@type\":\"ImageObject\",\"inLanguage\":\"pt-BR\",\"@id\":\"https:\\\/\\\/jornalboasnoticias.com.br\\\/home\\\/#\\\/schema\\\/logo\\\/image\\\/\",\"url\":\"https:\\\/\\\/jornalboasnoticias.com.br\\\/home\\\/wp-content\\\/uploads\\\/2024\\\/07\\\/cropped-logo.jpg\",\"contentUrl\":\"https:\\\/\\\/jornalboasnoticias.com.br\\\/home\\\/wp-content\\\/uploads\\\/2024\\\/07\\\/cropped-logo.jpg\",\"width\":290,\"height\":142,\"caption\":\"Coq Editora Ltda\"},\"image\":{\"@id\":\"https:\\\/\\\/jornalboasnoticias.com.br\\\/home\\\/#\\\/schema\\\/logo\\\/image\\\/\"},\"sameAs\":[\"https:\\\/\\\/www.facebook.com\\\/boasnoticiasjornal\"]},{\"@type\":\"Person\",\"@id\":\"https:\\\/\\\/jornalboasnoticias.com.br\\\/home\\\/#\\\/schema\\\/person\\\/75f9ebde398c998c166475fb446bda62\",\"name\":\"Luiz Carlos da Cruz\",\"image\":{\"@type\":\"ImageObject\",\"inLanguage\":\"pt-BR\",\"@id\":\"https:\\\/\\\/secure.gravatar.com\\\/avatar\\\/e6f4f45301b6cb8572f7b076572e8ac11c1db80e805d8c8d0858cf286ce3ac3b?s=96&d=mm&r=g\",\"url\":\"https:\\\/\\\/secure.gravatar.com\\\/avatar\\\/e6f4f45301b6cb8572f7b076572e8ac11c1db80e805d8c8d0858cf286ce3ac3b?s=96&d=mm&r=g\",\"contentUrl\":\"https:\\\/\\\/secure.gravatar.com\\\/avatar\\\/e6f4f45301b6cb8572f7b076572e8ac11c1db80e805d8c8d0858cf286ce3ac3b?s=96&d=mm&r=g\",\"caption\":\"Luiz Carlos da Cruz\"},\"url\":\"https:\\\/\\\/jornalboasnoticias.com.br\\\/home\\\/author\\\/luiz-carlos-da-cruz\\\/\"}]}<\/script>\n<!-- \/ Yoast SEO plugin. -->","yoast_head_json":{"title":"Procon-PR orienta consumidores para n\u00e3o cair em golpes na Black Friday - Jornal","description":"Procon-PR orienta consumidores para n\u00e3o cair em golpes na Black Friday","robots":{"index":"index","follow":"follow","max-snippet":"max-snippet:-1","max-image-preview":"max-image-preview:large","max-video-preview":"max-video-preview:-1"},"canonical":"https:\/\/jornalboasnoticias.com.br\/home\/procon-pr-orienta-consumidores-para-nao-cair-em-golpes-na-black-friday\/","og_locale":"pt_BR","og_type":"article","og_title":"Procon-PR orienta consumidores para n\u00e3o cair em golpes na Black Friday - Jornal","og_description":"Procon-PR orienta consumidores para n\u00e3o cair em golpes na Black Friday","og_url":"https:\/\/jornalboasnoticias.com.br\/home\/procon-pr-orienta-consumidores-para-nao-cair-em-golpes-na-black-friday\/","og_site_name":"Jornal","article_publisher":"https:\/\/www.facebook.com\/boasnoticiasjornal","article_published_time":"2025-11-27T19:59:56+00:00","og_image":[{"width":1000,"height":667,"url":"https:\/\/jornalboasnoticias.com.br\/home\/wp-content\/uploads\/2025\/11\/20191129_agb_black_friday-4-scaled-e1764273556956.jpg","type":"image\/jpeg"}],"author":"Luiz Carlos da Cruz","twitter_card":"summary_large_image","twitter_misc":{"Escrito por":"Luiz Carlos da Cruz","Est. tempo de leitura":"3 minutos"},"schema":{"@context":"https:\/\/schema.org","@graph":[{"@type":"Article","@id":"https:\/\/jornalboasnoticias.com.br\/home\/procon-pr-orienta-consumidores-para-nao-cair-em-golpes-na-black-friday\/#article","isPartOf":{"@id":"https:\/\/jornalboasnoticias.com.br\/home\/procon-pr-orienta-consumidores-para-nao-cair-em-golpes-na-black-friday\/"},"author":{"name":"Luiz Carlos da Cruz","@id":"https:\/\/jornalboasnoticias.com.br\/home\/#\/schema\/person\/75f9ebde398c998c166475fb446bda62"},"headline":"Procon-PR orienta consumidores para n\u00e3o cair em golpes na Black Friday","datePublished":"2025-11-27T19:59:56+00:00","mainEntityOfPage":{"@id":"https:\/\/jornalboasnoticias.com.br\/home\/procon-pr-orienta-consumidores-para-nao-cair-em-golpes-na-black-friday\/"},"wordCount":415,"commentCount":0,"publisher":{"@id":"https:\/\/jornalboasnoticias.com.br\/home\/#organization"},"image":{"@id":"https:\/\/jornalboasnoticias.com.br\/home\/procon-pr-orienta-consumidores-para-nao-cair-em-golpes-na-black-friday\/#primaryimage"},"thumbnailUrl":"https:\/\/jornalboasnoticias.com.br\/home\/wp-content\/uploads\/2025\/11\/20191129_agb_black_friday-4-scaled-e1764273556956.jpg","articleSection":["DESTAQUE","PARAN\u00c1"],"inLanguage":"pt-BR","potentialAction":[{"@type":"CommentAction","name":"Comment","target":["https:\/\/jornalboasnoticias.com.br\/home\/procon-pr-orienta-consumidores-para-nao-cair-em-golpes-na-black-friday\/#respond"]}]},{"@type":"WebPage","@id":"https:\/\/jornalboasnoticias.com.br\/home\/procon-pr-orienta-consumidores-para-nao-cair-em-golpes-na-black-friday\/","url":"https:\/\/jornalboasnoticias.com.br\/home\/procon-pr-orienta-consumidores-para-nao-cair-em-golpes-na-black-friday\/","name":"Procon-PR orienta consumidores para n\u00e3o cair em golpes na Black Friday - Jornal","isPartOf":{"@id":"https:\/\/jornalboasnoticias.com.br\/home\/#website"},"primaryImageOfPage":{"@id":"https:\/\/jornalboasnoticias.com.br\/home\/procon-pr-orienta-consumidores-para-nao-cair-em-golpes-na-black-friday\/#primaryimage"},"image":{"@id":"https:\/\/jornalboasnoticias.com.br\/home\/procon-pr-orienta-consumidores-para-nao-cair-em-golpes-na-black-friday\/#primaryimage"},"thumbnailUrl":"https:\/\/jornalboasnoticias.com.br\/home\/wp-content\/uploads\/2025\/11\/20191129_agb_black_friday-4-scaled-e1764273556956.jpg","datePublished":"2025-11-27T19:59:56+00:00","description":"Procon-PR orienta consumidores para n\u00e3o cair em golpes na Black Friday","breadcrumb":{"@id":"https:\/\/jornalboasnoticias.com.br\/home\/procon-pr-orienta-consumidores-para-nao-cair-em-golpes-na-black-friday\/#breadcrumb"},"inLanguage":"pt-BR","potentialAction":[{"@type":"ReadAction","target":["https:\/\/jornalboasnoticias.com.br\/home\/procon-pr-orienta-consumidores-para-nao-cair-em-golpes-na-black-friday\/"]}]},{"@type":"ImageObject","inLanguage":"pt-BR","@id":"https:\/\/jornalboasnoticias.com.br\/home\/procon-pr-orienta-consumidores-para-nao-cair-em-golpes-na-black-friday\/#primaryimage","url":"https:\/\/jornalboasnoticias.com.br\/home\/wp-content\/uploads\/2025\/11\/20191129_agb_black_friday-4-scaled-e1764273556956.jpg","contentUrl":"https:\/\/jornalboasnoticias.com.br\/home\/wp-content\/uploads\/2025\/11\/20191129_agb_black_friday-4-scaled-e1764273556956.jpg","width":1000,"height":667,"caption":"Foto: Geraldo Bubniak\/AEN"},{"@type":"BreadcrumbList","@id":"https:\/\/jornalboasnoticias.com.br\/home\/procon-pr-orienta-consumidores-para-nao-cair-em-golpes-na-black-friday\/#breadcrumb","itemListElement":[{"@type":"ListItem","position":1,"name":"In\u00edcio","item":"https:\/\/jornalboasnoticias.com.br\/home\/"},{"@type":"ListItem","position":2,"name":"Procon-PR orienta consumidores para n\u00e3o cair em golpes na Black Friday"}]},{"@type":"WebSite","@id":"https:\/\/jornalboasnoticias.com.br\/home\/#website","url":"https:\/\/jornalboasnoticias.com.br\/home\/","name":"Jornal Boas Not\u00edcias","description":"Boas not\u00edcias","publisher":{"@id":"https:\/\/jornalboasnoticias.com.br\/home\/#organization"},"potentialAction":[{"@type":"SearchAction","target":{"@type":"EntryPoint","urlTemplate":"https:\/\/jornalboasnoticias.com.br\/home\/?s={search_term_string}"},"query-input":{"@type":"PropertyValueSpecification","valueRequired":true,"valueName":"search_term_string"}}],"inLanguage":"pt-BR"},{"@type":"Organization","@id":"https:\/\/jornalboasnoticias.com.br\/home\/#organization","name":"Coq Editora Ltda","alternateName":"Jornal Boas Noticias","url":"https:\/\/jornalboasnoticias.com.br\/home\/","logo":{"@type":"ImageObject","inLanguage":"pt-BR","@id":"https:\/\/jornalboasnoticias.com.br\/home\/#\/schema\/logo\/image\/","url":"https:\/\/jornalboasnoticias.com.br\/home\/wp-content\/uploads\/2024\/07\/cropped-logo.jpg","contentUrl":"https:\/\/jornalboasnoticias.com.br\/home\/wp-content\/uploads\/2024\/07\/cropped-logo.jpg","width":290,"height":142,"caption":"Coq Editora Ltda"},"image":{"@id":"https:\/\/jornalboasnoticias.com.br\/home\/#\/schema\/logo\/image\/"},"sameAs":["https:\/\/www.facebook.com\/boasnoticiasjornal"]},{"@type":"Person","@id":"https:\/\/jornalboasnoticias.com.br\/home\/#\/schema\/person\/75f9ebde398c998c166475fb446bda62","name":"Luiz Carlos da Cruz","image":{"@type":"ImageObject","inLanguage":"pt-BR","@id":"https:\/\/secure.gravatar.com\/avatar\/e6f4f45301b6cb8572f7b076572e8ac11c1db80e805d8c8d0858cf286ce3ac3b?s=96&d=mm&r=g","url":"https:\/\/secure.gravatar.com\/avatar\/e6f4f45301b6cb8572f7b076572e8ac11c1db80e805d8c8d0858cf286ce3ac3b?s=96&d=mm&r=g","contentUrl":"https:\/\/secure.gravatar.com\/avatar\/e6f4f45301b6cb8572f7b076572e8ac11c1db80e805d8c8d0858cf286ce3ac3b?s=96&d=mm&r=g","caption":"Luiz Carlos da Cruz"},"url":"https:\/\/jornalboasnoticias.com.br\/home\/author\/luiz-carlos-da-cruz\/"}]}},"_links":{"self":[{"href":"https:\/\/jornalboasnoticias.com.br\/home\/wp-json\/wp\/v2\/posts\/46561","targetHints":{"allow":["GET"]}}],"collection":[{"href":"https:\/\/jornalboasnoticias.com.br\/home\/wp-json\/wp\/v2\/posts"}],"about":[{"href":"https:\/\/jornalboasnoticias.com.br\/home\/wp-json\/wp\/v2\/types\/post"}],"author":[{"embeddable":true,"href":"https:\/\/jornalboasnoticias.com.br\/home\/wp-json\/wp\/v2\/users\/3"}],"replies":[{"embeddable":true,"href":"https:\/\/jornalboasnoticias.com.br\/home\/wp-json\/wp\/v2\/comments?post=46561"}],"version-history":[{"count":1,"href":"https:\/\/jornalboasnoticias.com.br\/home\/wp-json\/wp\/v2\/posts\/46561\/revisions"}],"predecessor-version":[{"id":46563,"href":"https:\/\/jornalboasnoticias.com.br\/home\/wp-json\/wp\/v2\/posts\/46561\/revisions\/46563"}],"wp:featuredmedia":[{"embeddable":true,"href":"https:\/\/jornalboasnoticias.com.br\/home\/wp-json\/wp\/v2\/media\/46562"}],"wp:attachment":[{"href":"https:\/\/jornalboasnoticias.com.br\/home\/wp-json\/wp\/v2\/media?parent=46561"}],"wp:term":[{"taxonomy":"category","embeddable":true,"href":"https:\/\/jornalboasnoticias.com.br\/home\/wp-json\/wp\/v2\/categories?post=46561"},{"taxonomy":"post_tag","embeddable":true,"href":"https:\/\/jornalboasnoticias.com.br\/home\/wp-json\/wp\/v2\/tags?post=46561"}],"curies":[{"name":"wp","href":"https:\/\/api.w.org\/{rel}","templated":true}]}}