{"id":46558,"date":"2025-11-27T19:46:06","date_gmt":"2025-11-27T19:46:06","guid":{"rendered":"https:\/\/jornalboasnoticias.com.br\/home\/?p=46558"},"modified":"2025-11-27T19:46:06","modified_gmt":"2025-11-27T19:46:06","slug":"defesa-diz-que-bolsonaro-nao-usou-celular-durante-visita-de-nikolas","status":"publish","type":"post","link":"https:\/\/jornalboasnoticias.com.br\/home\/defesa-diz-que-bolsonaro-nao-usou-celular-durante-visita-de-nikolas\/","title":{"rendered":"Defesa diz que Bolsonaro n\u00e3o usou celular durante visita de Nikolas"},"content":{"rendered":"<blockquote>\n<p style=\"text-align: center;\">STF deu prazo para ex-presidente explicar suposto uso de aparelho<\/p>\n<\/blockquote>\n<figure id=\"attachment_46559\" aria-describedby=\"caption-attachment-46559\" style=\"width: 1170px\" class=\"wp-caption alignnone\"><img loading=\"lazy\" decoding=\"async\" class=\"size-full wp-image-46559\" src=\"https:\/\/jornalboasnoticias.com.br\/home\/wp-content\/uploads\/2025\/11\/Bolsonaro.webp\" alt=\"\" width=\"1170\" height=\"700\" srcset=\"https:\/\/jornalboasnoticias.com.br\/home\/wp-content\/uploads\/2025\/11\/Bolsonaro.webp 1170w, https:\/\/jornalboasnoticias.com.br\/home\/wp-content\/uploads\/2025\/11\/Bolsonaro-300x179.webp 300w, https:\/\/jornalboasnoticias.com.br\/home\/wp-content\/uploads\/2025\/11\/Bolsonaro-1024x613.webp 1024w, https:\/\/jornalboasnoticias.com.br\/home\/wp-content\/uploads\/2025\/11\/Bolsonaro-768x459.webp 768w\" sizes=\"auto, (max-width: 1170px) 100vw, 1170px\" \/><figcaption id=\"caption-attachment-46559\" class=\"wp-caption-text\">\u00a9 Fernando Fraz\u00e3o\/Ag\u00eancia Brasil<\/figcaption><\/figure>\n<p>A defesa de Jair Bolsonaro disse nesta quinta-feira (27) ao ministro Alexandre de Moraes, do Supremo Tribunal Federal (STF), que o ex-presidente n\u00e3o usou aparelho celular durante a visita que foi realizada pelo deputado Nikolas Ferreira (PL-MG) no dia 21 de novembro, data na qual ele ainda cumpria pris\u00e3o domiciliar.<img decoding=\"async\" src=\"https:\/\/agenciabrasil.ebc.com.br\/ebc.png?id=1669863&amp;o=node\" \/><img decoding=\"async\" src=\"https:\/\/agenciabrasil.ebc.com.br\/ebc.gif?id=1669863&amp;o=node\" \/><\/p>\n<p>A manifesta\u00e7\u00e3o dos advogados foi enviada ao STF ap\u00f3s o ministro dar prazo de 24 horas\u00a0para a defesa explicar imagens\u00a0que mostram o deputado utilizando o celular durante o encontro com Bolsonaro.<\/p>\n<p>Segundo Moraes, a visita do parlamentar foi autorizada, mas a utiliza\u00e7\u00e3o de celulares estava proibida. A medida \u00e9 v\u00e1lida para o ex-presidente e para visitantes.<\/p>\n<p>O suposto uso do aparelho foi flagrado por ve\u00edculos de imprensa e tamb\u00e9m\u00a0foi denunciado pela deputada\u00a0Erika Hilton (PSOL-SP), que enviou ao Supremo uma not\u00edcia-crime contra Nikolas.<\/p>\n<p>Segundo a defesa, o ex-presidente n\u00e3o usou o celular nem fez contato visual com o aparelho do parlamentar.<\/p>\n<p>&#8220;O peticion\u00e1rio reafirma que sempre cumpriu estritamente todas as medidas cautelares impostas pelo Supremo Tribunal Federal, reiterando que n\u00e3o fez o uso de qualquer telefone celular, direta ou indiretamente, ao longo de todo o per\u00edodo em que esteve submetido \u00e0 pris\u00e3o domiciliar&#8221;, afirmou a defesa.<\/p>\n<p>Atualmente, Bolsonaro cumpre pena de 27 anos e tr\u00eas meses de pris\u00e3o em uma sala localizada na Superintend\u00eancia da Pol\u00edcia Federal (PF), em Bras\u00edlia. A pena foi definida na a\u00e7\u00e3o penal da trama golpista.<\/p>\n<p><em>Ag\u00eancia Brasil<\/em><\/p>\n","protected":false},"excerpt":{"rendered":"<p>STF deu prazo para ex-presidente explicar suposto uso de aparelho A defesa de Jair Bolsonaro<\/p>\n","protected":false},"author":3,"featured_media":46559,"comment_status":"open","ping_status":"open","sticky":false,"template":"","format":"standard","meta":{"footnotes":""},"categories":[3,22],"tags":[],"class_list":["post-46558","post","type-post","status-publish","format-standard","has-post-thumbnail","hentry","category-destaques","category-justica"],"yoast_head":"<!-- This site is optimized with the Yoast SEO plugin v27.5 - https:\/\/yoast.com\/product\/yoast-seo-wordpress\/ -->\n<title>Defesa diz que Bolsonaro n\u00e3o usou celular durante visita de Nikolas - Jornal<\/title>\n<meta name=\"description\" content=\"Defesa diz que Bolsonaro n\u00e3o usou celular durante visita de Nikolas\" \/>\n<meta name=\"robots\" content=\"index, follow, max-snippet:-1, max-image-preview:large, max-video-preview:-1\" \/>\n<link rel=\"canonical\" href=\"https:\/\/jornalboasnoticias.com.br\/home\/defesa-diz-que-bolsonaro-nao-usou-celular-durante-visita-de-nikolas\/\" \/>\n<meta property=\"og:locale\" content=\"pt_BR\" \/>\n<meta property=\"og:type\" content=\"article\" \/>\n<meta property=\"og:title\" content=\"Defesa diz que Bolsonaro n\u00e3o usou celular durante visita de Nikolas - Jornal\" \/>\n<meta property=\"og:description\" content=\"Defesa diz que Bolsonaro n\u00e3o usou celular durante visita de Nikolas\" \/>\n<meta property=\"og:url\" content=\"https:\/\/jornalboasnoticias.com.br\/home\/defesa-diz-que-bolsonaro-nao-usou-celular-durante-visita-de-nikolas\/\" \/>\n<meta property=\"og:site_name\" content=\"Jornal\" \/>\n<meta property=\"article:publisher\" content=\"https:\/\/www.facebook.com\/boasnoticiasjornal\" \/>\n<meta property=\"article:published_time\" content=\"2025-11-27T19:46:06+00:00\" \/>\n<meta property=\"og:image\" content=\"https:\/\/jornalboasnoticias.com.br\/home\/wp-content\/uploads\/2025\/11\/Bolsonaro.webp\" \/>\n\t<meta property=\"og:image:width\" content=\"1170\" \/>\n\t<meta property=\"og:image:height\" content=\"700\" \/>\n\t<meta property=\"og:image:type\" content=\"image\/webp\" \/>\n<meta name=\"author\" content=\"Luiz Carlos da Cruz\" \/>\n<meta name=\"twitter:card\" content=\"summary_large_image\" \/>\n<meta name=\"twitter:label1\" content=\"Escrito por\" \/>\n\t<meta name=\"twitter:data1\" content=\"Luiz Carlos da Cruz\" \/>\n\t<meta name=\"twitter:label2\" content=\"Est. tempo de leitura\" \/>\n\t<meta name=\"twitter:data2\" content=\"3 minutos\" \/>\n<script type=\"application\/ld+json\" class=\"yoast-schema-graph\">{\"@context\":\"https:\\\/\\\/schema.org\",\"@graph\":[{\"@type\":\"Article\",\"@id\":\"https:\\\/\\\/jornalboasnoticias.com.br\\\/home\\\/defesa-diz-que-bolsonaro-nao-usou-celular-durante-visita-de-nikolas\\\/#article\",\"isPartOf\":{\"@id\":\"https:\\\/\\\/jornalboasnoticias.com.br\\\/home\\\/defesa-diz-que-bolsonaro-nao-usou-celular-durante-visita-de-nikolas\\\/\"},\"author\":{\"name\":\"Luiz Carlos da Cruz\",\"@id\":\"https:\\\/\\\/jornalboasnoticias.com.br\\\/home\\\/#\\\/schema\\\/person\\\/75f9ebde398c998c166475fb446bda62\"},\"headline\":\"Defesa diz que Bolsonaro n\u00e3o usou celular durante visita de Nikolas\",\"datePublished\":\"2025-11-27T19:46:06+00:00\",\"mainEntityOfPage\":{\"@id\":\"https:\\\/\\\/jornalboasnoticias.com.br\\\/home\\\/defesa-diz-que-bolsonaro-nao-usou-celular-durante-visita-de-nikolas\\\/\"},\"wordCount\":285,\"commentCount\":0,\"publisher\":{\"@id\":\"https:\\\/\\\/jornalboasnoticias.com.br\\\/home\\\/#organization\"},\"image\":{\"@id\":\"https:\\\/\\\/jornalboasnoticias.com.br\\\/home\\\/defesa-diz-que-bolsonaro-nao-usou-celular-durante-visita-de-nikolas\\\/#primaryimage\"},\"thumbnailUrl\":\"https:\\\/\\\/jornalboasnoticias.com.br\\\/home\\\/wp-content\\\/uploads\\\/2025\\\/11\\\/Bolsonaro.webp\",\"articleSection\":[\"DESTAQUE\",\"JUSTI\u00c7A\"],\"inLanguage\":\"pt-BR\",\"potentialAction\":[{\"@type\":\"CommentAction\",\"name\":\"Comment\",\"target\":[\"https:\\\/\\\/jornalboasnoticias.com.br\\\/home\\\/defesa-diz-que-bolsonaro-nao-usou-celular-durante-visita-de-nikolas\\\/#respond\"]}]},{\"@type\":\"WebPage\",\"@id\":\"https:\\\/\\\/jornalboasnoticias.com.br\\\/home\\\/defesa-diz-que-bolsonaro-nao-usou-celular-durante-visita-de-nikolas\\\/\",\"url\":\"https:\\\/\\\/jornalboasnoticias.com.br\\\/home\\\/defesa-diz-que-bolsonaro-nao-usou-celular-durante-visita-de-nikolas\\\/\",\"name\":\"Defesa diz que Bolsonaro n\u00e3o usou celular durante visita de Nikolas - Jornal\",\"isPartOf\":{\"@id\":\"https:\\\/\\\/jornalboasnoticias.com.br\\\/home\\\/#website\"},\"primaryImageOfPage\":{\"@id\":\"https:\\\/\\\/jornalboasnoticias.com.br\\\/home\\\/defesa-diz-que-bolsonaro-nao-usou-celular-durante-visita-de-nikolas\\\/#primaryimage\"},\"image\":{\"@id\":\"https:\\\/\\\/jornalboasnoticias.com.br\\\/home\\\/defesa-diz-que-bolsonaro-nao-usou-celular-durante-visita-de-nikolas\\\/#primaryimage\"},\"thumbnailUrl\":\"https:\\\/\\\/jornalboasnoticias.com.br\\\/home\\\/wp-content\\\/uploads\\\/2025\\\/11\\\/Bolsonaro.webp\",\"datePublished\":\"2025-11-27T19:46:06+00:00\",\"description\":\"Defesa diz que Bolsonaro n\u00e3o usou celular durante visita de Nikolas\",\"breadcrumb\":{\"@id\":\"https:\\\/\\\/jornalboasnoticias.com.br\\\/home\\\/defesa-diz-que-bolsonaro-nao-usou-celular-durante-visita-de-nikolas\\\/#breadcrumb\"},\"inLanguage\":\"pt-BR\",\"potentialAction\":[{\"@type\":\"ReadAction\",\"target\":[\"https:\\\/\\\/jornalboasnoticias.com.br\\\/home\\\/defesa-diz-que-bolsonaro-nao-usou-celular-durante-visita-de-nikolas\\\/\"]}]},{\"@type\":\"ImageObject\",\"inLanguage\":\"pt-BR\",\"@id\":\"https:\\\/\\\/jornalboasnoticias.com.br\\\/home\\\/defesa-diz-que-bolsonaro-nao-usou-celular-durante-visita-de-nikolas\\\/#primaryimage\",\"url\":\"https:\\\/\\\/jornalboasnoticias.com.br\\\/home\\\/wp-content\\\/uploads\\\/2025\\\/11\\\/Bolsonaro.webp\",\"contentUrl\":\"https:\\\/\\\/jornalboasnoticias.com.br\\\/home\\\/wp-content\\\/uploads\\\/2025\\\/11\\\/Bolsonaro.webp\",\"width\":1170,\"height\":700,\"caption\":\"\u00a9 Fernando Fraz\u00e3o\\\/Ag\u00eancia Brasil\"},{\"@type\":\"BreadcrumbList\",\"@id\":\"https:\\\/\\\/jornalboasnoticias.com.br\\\/home\\\/defesa-diz-que-bolsonaro-nao-usou-celular-durante-visita-de-nikolas\\\/#breadcrumb\",\"itemListElement\":[{\"@type\":\"ListItem\",\"position\":1,\"name\":\"In\u00edcio\",\"item\":\"https:\\\/\\\/jornalboasnoticias.com.br\\\/home\\\/\"},{\"@type\":\"ListItem\",\"position\":2,\"name\":\"Defesa diz que Bolsonaro n\u00e3o usou celular durante visita de Nikolas\"}]},{\"@type\":\"WebSite\",\"@id\":\"https:\\\/\\\/jornalboasnoticias.com.br\\\/home\\\/#website\",\"url\":\"https:\\\/\\\/jornalboasnoticias.com.br\\\/home\\\/\",\"name\":\"Jornal Boas Not\u00edcias\",\"description\":\"Boas not\u00edcias\",\"publisher\":{\"@id\":\"https:\\\/\\\/jornalboasnoticias.com.br\\\/home\\\/#organization\"},\"potentialAction\":[{\"@type\":\"SearchAction\",\"target\":{\"@type\":\"EntryPoint\",\"urlTemplate\":\"https:\\\/\\\/jornalboasnoticias.com.br\\\/home\\\/?s={search_term_string}\"},\"query-input\":{\"@type\":\"PropertyValueSpecification\",\"valueRequired\":true,\"valueName\":\"search_term_string\"}}],\"inLanguage\":\"pt-BR\"},{\"@type\":\"Organization\",\"@id\":\"https:\\\/\\\/jornalboasnoticias.com.br\\\/home\\\/#organization\",\"name\":\"Coq Editora Ltda\",\"alternateName\":\"Jornal Boas Noticias\",\"url\":\"https:\\\/\\\/jornalboasnoticias.com.br\\\/home\\\/\",\"logo\":{\"@type\":\"ImageObject\",\"inLanguage\":\"pt-BR\",\"@id\":\"https:\\\/\\\/jornalboasnoticias.com.br\\\/home\\\/#\\\/schema\\\/logo\\\/image\\\/\",\"url\":\"https:\\\/\\\/jornalboasnoticias.com.br\\\/home\\\/wp-content\\\/uploads\\\/2024\\\/07\\\/cropped-logo.jpg\",\"contentUrl\":\"https:\\\/\\\/jornalboasnoticias.com.br\\\/home\\\/wp-content\\\/uploads\\\/2024\\\/07\\\/cropped-logo.jpg\",\"width\":290,\"height\":142,\"caption\":\"Coq Editora Ltda\"},\"image\":{\"@id\":\"https:\\\/\\\/jornalboasnoticias.com.br\\\/home\\\/#\\\/schema\\\/logo\\\/image\\\/\"},\"sameAs\":[\"https:\\\/\\\/www.facebook.com\\\/boasnoticiasjornal\"]},{\"@type\":\"Person\",\"@id\":\"https:\\\/\\\/jornalboasnoticias.com.br\\\/home\\\/#\\\/schema\\\/person\\\/75f9ebde398c998c166475fb446bda62\",\"name\":\"Luiz Carlos da Cruz\",\"image\":{\"@type\":\"ImageObject\",\"inLanguage\":\"pt-BR\",\"@id\":\"https:\\\/\\\/secure.gravatar.com\\\/avatar\\\/e6f4f45301b6cb8572f7b076572e8ac11c1db80e805d8c8d0858cf286ce3ac3b?s=96&d=mm&r=g\",\"url\":\"https:\\\/\\\/secure.gravatar.com\\\/avatar\\\/e6f4f45301b6cb8572f7b076572e8ac11c1db80e805d8c8d0858cf286ce3ac3b?s=96&d=mm&r=g\",\"contentUrl\":\"https:\\\/\\\/secure.gravatar.com\\\/avatar\\\/e6f4f45301b6cb8572f7b076572e8ac11c1db80e805d8c8d0858cf286ce3ac3b?s=96&d=mm&r=g\",\"caption\":\"Luiz Carlos da Cruz\"},\"url\":\"https:\\\/\\\/jornalboasnoticias.com.br\\\/home\\\/author\\\/luiz-carlos-da-cruz\\\/\"}]}<\/script>\n<!-- \/ Yoast SEO plugin. -->","yoast_head_json":{"title":"Defesa diz que Bolsonaro n\u00e3o usou celular durante visita de Nikolas - Jornal","description":"Defesa diz que Bolsonaro n\u00e3o usou celular durante visita de Nikolas","robots":{"index":"index","follow":"follow","max-snippet":"max-snippet:-1","max-image-preview":"max-image-preview:large","max-video-preview":"max-video-preview:-1"},"canonical":"https:\/\/jornalboasnoticias.com.br\/home\/defesa-diz-que-bolsonaro-nao-usou-celular-durante-visita-de-nikolas\/","og_locale":"pt_BR","og_type":"article","og_title":"Defesa diz que Bolsonaro n\u00e3o usou celular durante visita de Nikolas - Jornal","og_description":"Defesa diz que Bolsonaro n\u00e3o usou celular durante visita de Nikolas","og_url":"https:\/\/jornalboasnoticias.com.br\/home\/defesa-diz-que-bolsonaro-nao-usou-celular-durante-visita-de-nikolas\/","og_site_name":"Jornal","article_publisher":"https:\/\/www.facebook.com\/boasnoticiasjornal","article_published_time":"2025-11-27T19:46:06+00:00","og_image":[{"width":1170,"height":700,"url":"https:\/\/jornalboasnoticias.com.br\/home\/wp-content\/uploads\/2025\/11\/Bolsonaro.webp","type":"image\/webp"}],"author":"Luiz Carlos da Cruz","twitter_card":"summary_large_image","twitter_misc":{"Escrito por":"Luiz Carlos da Cruz","Est. tempo de leitura":"3 minutos"},"schema":{"@context":"https:\/\/schema.org","@graph":[{"@type":"Article","@id":"https:\/\/jornalboasnoticias.com.br\/home\/defesa-diz-que-bolsonaro-nao-usou-celular-durante-visita-de-nikolas\/#article","isPartOf":{"@id":"https:\/\/jornalboasnoticias.com.br\/home\/defesa-diz-que-bolsonaro-nao-usou-celular-durante-visita-de-nikolas\/"},"author":{"name":"Luiz Carlos da Cruz","@id":"https:\/\/jornalboasnoticias.com.br\/home\/#\/schema\/person\/75f9ebde398c998c166475fb446bda62"},"headline":"Defesa diz que Bolsonaro n\u00e3o usou celular durante visita de Nikolas","datePublished":"2025-11-27T19:46:06+00:00","mainEntityOfPage":{"@id":"https:\/\/jornalboasnoticias.com.br\/home\/defesa-diz-que-bolsonaro-nao-usou-celular-durante-visita-de-nikolas\/"},"wordCount":285,"commentCount":0,"publisher":{"@id":"https:\/\/jornalboasnoticias.com.br\/home\/#organization"},"image":{"@id":"https:\/\/jornalboasnoticias.com.br\/home\/defesa-diz-que-bolsonaro-nao-usou-celular-durante-visita-de-nikolas\/#primaryimage"},"thumbnailUrl":"https:\/\/jornalboasnoticias.com.br\/home\/wp-content\/uploads\/2025\/11\/Bolsonaro.webp","articleSection":["DESTAQUE","JUSTI\u00c7A"],"inLanguage":"pt-BR","potentialAction":[{"@type":"CommentAction","name":"Comment","target":["https:\/\/jornalboasnoticias.com.br\/home\/defesa-diz-que-bolsonaro-nao-usou-celular-durante-visita-de-nikolas\/#respond"]}]},{"@type":"WebPage","@id":"https:\/\/jornalboasnoticias.com.br\/home\/defesa-diz-que-bolsonaro-nao-usou-celular-durante-visita-de-nikolas\/","url":"https:\/\/jornalboasnoticias.com.br\/home\/defesa-diz-que-bolsonaro-nao-usou-celular-durante-visita-de-nikolas\/","name":"Defesa diz que Bolsonaro n\u00e3o usou celular durante visita de Nikolas - Jornal","isPartOf":{"@id":"https:\/\/jornalboasnoticias.com.br\/home\/#website"},"primaryImageOfPage":{"@id":"https:\/\/jornalboasnoticias.com.br\/home\/defesa-diz-que-bolsonaro-nao-usou-celular-durante-visita-de-nikolas\/#primaryimage"},"image":{"@id":"https:\/\/jornalboasnoticias.com.br\/home\/defesa-diz-que-bolsonaro-nao-usou-celular-durante-visita-de-nikolas\/#primaryimage"},"thumbnailUrl":"https:\/\/jornalboasnoticias.com.br\/home\/wp-content\/uploads\/2025\/11\/Bolsonaro.webp","datePublished":"2025-11-27T19:46:06+00:00","description":"Defesa diz que Bolsonaro n\u00e3o usou celular durante visita de Nikolas","breadcrumb":{"@id":"https:\/\/jornalboasnoticias.com.br\/home\/defesa-diz-que-bolsonaro-nao-usou-celular-durante-visita-de-nikolas\/#breadcrumb"},"inLanguage":"pt-BR","potentialAction":[{"@type":"ReadAction","target":["https:\/\/jornalboasnoticias.com.br\/home\/defesa-diz-que-bolsonaro-nao-usou-celular-durante-visita-de-nikolas\/"]}]},{"@type":"ImageObject","inLanguage":"pt-BR","@id":"https:\/\/jornalboasnoticias.com.br\/home\/defesa-diz-que-bolsonaro-nao-usou-celular-durante-visita-de-nikolas\/#primaryimage","url":"https:\/\/jornalboasnoticias.com.br\/home\/wp-content\/uploads\/2025\/11\/Bolsonaro.webp","contentUrl":"https:\/\/jornalboasnoticias.com.br\/home\/wp-content\/uploads\/2025\/11\/Bolsonaro.webp","width":1170,"height":700,"caption":"\u00a9 Fernando Fraz\u00e3o\/Ag\u00eancia Brasil"},{"@type":"BreadcrumbList","@id":"https:\/\/jornalboasnoticias.com.br\/home\/defesa-diz-que-bolsonaro-nao-usou-celular-durante-visita-de-nikolas\/#breadcrumb","itemListElement":[{"@type":"ListItem","position":1,"name":"In\u00edcio","item":"https:\/\/jornalboasnoticias.com.br\/home\/"},{"@type":"ListItem","position":2,"name":"Defesa diz que Bolsonaro n\u00e3o usou celular durante visita de Nikolas"}]},{"@type":"WebSite","@id":"https:\/\/jornalboasnoticias.com.br\/home\/#website","url":"https:\/\/jornalboasnoticias.com.br\/home\/","name":"Jornal Boas Not\u00edcias","description":"Boas not\u00edcias","publisher":{"@id":"https:\/\/jornalboasnoticias.com.br\/home\/#organization"},"potentialAction":[{"@type":"SearchAction","target":{"@type":"EntryPoint","urlTemplate":"https:\/\/jornalboasnoticias.com.br\/home\/?s={search_term_string}"},"query-input":{"@type":"PropertyValueSpecification","valueRequired":true,"valueName":"search_term_string"}}],"inLanguage":"pt-BR"},{"@type":"Organization","@id":"https:\/\/jornalboasnoticias.com.br\/home\/#organization","name":"Coq Editora Ltda","alternateName":"Jornal Boas Noticias","url":"https:\/\/jornalboasnoticias.com.br\/home\/","logo":{"@type":"ImageObject","inLanguage":"pt-BR","@id":"https:\/\/jornalboasnoticias.com.br\/home\/#\/schema\/logo\/image\/","url":"https:\/\/jornalboasnoticias.com.br\/home\/wp-content\/uploads\/2024\/07\/cropped-logo.jpg","contentUrl":"https:\/\/jornalboasnoticias.com.br\/home\/wp-content\/uploads\/2024\/07\/cropped-logo.jpg","width":290,"height":142,"caption":"Coq Editora Ltda"},"image":{"@id":"https:\/\/jornalboasnoticias.com.br\/home\/#\/schema\/logo\/image\/"},"sameAs":["https:\/\/www.facebook.com\/boasnoticiasjornal"]},{"@type":"Person","@id":"https:\/\/jornalboasnoticias.com.br\/home\/#\/schema\/person\/75f9ebde398c998c166475fb446bda62","name":"Luiz Carlos da Cruz","image":{"@type":"ImageObject","inLanguage":"pt-BR","@id":"https:\/\/secure.gravatar.com\/avatar\/e6f4f45301b6cb8572f7b076572e8ac11c1db80e805d8c8d0858cf286ce3ac3b?s=96&d=mm&r=g","url":"https:\/\/secure.gravatar.com\/avatar\/e6f4f45301b6cb8572f7b076572e8ac11c1db80e805d8c8d0858cf286ce3ac3b?s=96&d=mm&r=g","contentUrl":"https:\/\/secure.gravatar.com\/avatar\/e6f4f45301b6cb8572f7b076572e8ac11c1db80e805d8c8d0858cf286ce3ac3b?s=96&d=mm&r=g","caption":"Luiz Carlos da Cruz"},"url":"https:\/\/jornalboasnoticias.com.br\/home\/author\/luiz-carlos-da-cruz\/"}]}},"_links":{"self":[{"href":"https:\/\/jornalboasnoticias.com.br\/home\/wp-json\/wp\/v2\/posts\/46558","targetHints":{"allow":["GET"]}}],"collection":[{"href":"https:\/\/jornalboasnoticias.com.br\/home\/wp-json\/wp\/v2\/posts"}],"about":[{"href":"https:\/\/jornalboasnoticias.com.br\/home\/wp-json\/wp\/v2\/types\/post"}],"author":[{"embeddable":true,"href":"https:\/\/jornalboasnoticias.com.br\/home\/wp-json\/wp\/v2\/users\/3"}],"replies":[{"embeddable":true,"href":"https:\/\/jornalboasnoticias.com.br\/home\/wp-json\/wp\/v2\/comments?post=46558"}],"version-history":[{"count":1,"href":"https:\/\/jornalboasnoticias.com.br\/home\/wp-json\/wp\/v2\/posts\/46558\/revisions"}],"predecessor-version":[{"id":46560,"href":"https:\/\/jornalboasnoticias.com.br\/home\/wp-json\/wp\/v2\/posts\/46558\/revisions\/46560"}],"wp:featuredmedia":[{"embeddable":true,"href":"https:\/\/jornalboasnoticias.com.br\/home\/wp-json\/wp\/v2\/media\/46559"}],"wp:attachment":[{"href":"https:\/\/jornalboasnoticias.com.br\/home\/wp-json\/wp\/v2\/media?parent=46558"}],"wp:term":[{"taxonomy":"category","embeddable":true,"href":"https:\/\/jornalboasnoticias.com.br\/home\/wp-json\/wp\/v2\/categories?post=46558"},{"taxonomy":"post_tag","embeddable":true,"href":"https:\/\/jornalboasnoticias.com.br\/home\/wp-json\/wp\/v2\/tags?post=46558"}],"curies":[{"name":"wp","href":"https:\/\/api.w.org\/{rel}","templated":true}]}}