{"id":46552,"date":"2025-11-27T16:29:55","date_gmt":"2025-11-27T16:29:55","guid":{"rendered":"https:\/\/jornalboasnoticias.com.br\/home\/?p=46552"},"modified":"2025-11-27T16:29:55","modified_gmt":"2025-11-27T16:29:55","slug":"pastor-e-apontado-como-articulador-de-esquema-de-extorsao-do-comando-vermelho-em-duque-de-caxias","status":"publish","type":"post","link":"https:\/\/jornalboasnoticias.com.br\/home\/pastor-e-apontado-como-articulador-de-esquema-de-extorsao-do-comando-vermelho-em-duque-de-caxias\/","title":{"rendered":"Pastor \u00e9 apontado como articulador de esquema de extors\u00e3o do Comando Vermelho em Duque de Caxias"},"content":{"rendered":"<blockquote>\n<p style=\"text-align: center;\">Investiga\u00e7\u00f5es da Pol\u00edcia Civil revelam que religioso atuava como intermedi\u00e1rio da fac\u00e7\u00e3o, impondo regras criminosas e amea\u00e7ando empresas na regi\u00e3o industrial.<\/p>\n<\/blockquote>\n<figure id=\"attachment_46553\" aria-describedby=\"caption-attachment-46553\" style=\"width: 1200px\" class=\"wp-caption alignnone\"><img loading=\"lazy\" decoding=\"async\" class=\"size-full wp-image-46553\" src=\"https:\/\/jornalboasnoticias.com.br\/home\/wp-content\/uploads\/2025\/11\/operacao-reduc.webp\" alt=\"\" width=\"1200\" height=\"675\" srcset=\"https:\/\/jornalboasnoticias.com.br\/home\/wp-content\/uploads\/2025\/11\/operacao-reduc.webp 1200w, https:\/\/jornalboasnoticias.com.br\/home\/wp-content\/uploads\/2025\/11\/operacao-reduc-300x169.webp 300w, https:\/\/jornalboasnoticias.com.br\/home\/wp-content\/uploads\/2025\/11\/operacao-reduc-1024x576.webp 1024w, https:\/\/jornalboasnoticias.com.br\/home\/wp-content\/uploads\/2025\/11\/operacao-reduc-768x432.webp 768w\" sizes=\"auto, (max-width: 1200px) 100vw, 1200px\" \/><figcaption id=\"caption-attachment-46553\" class=\"wp-caption-text\">Reprodu\u00e7\u00e3o\/PCERJ<\/figcaption><\/figure>\n<p data-start=\"126\" data-end=\"394\">A Pol\u00edcia Civil do Rio de Janeiro identificou que o pastor Cl\u00e1udio Correia da Silva atuava como um dos principais articuladores de um esquema de extors\u00e3o comandado pela fac\u00e7\u00e3o Comando Vermelho na regi\u00e3o industrial de Duque de Caxias, na Baixada Fluminense.<\/p>\n<p data-start=\"396\" data-end=\"643\">A participa\u00e7\u00e3o do religioso veio \u00e0 tona durante a Opera\u00e7\u00e3o Refinaria Livre, deflagrada na manh\u00e3 desta quinta-feira (27\/11) pela Delegacia de Repress\u00e3o a Entorpecentes (DRE), em a\u00e7\u00e3o conjunta com a DRE\u2013Baixada Fluminense e a 60\u00aa DP.<\/p>\n<p data-start=\"645\" data-end=\"991\">Segundo as investiga\u00e7\u00f5es, Cl\u00e1udio se apresentava a empres\u00e1rios alegando representar os interesses da comunidade local, mas, na pr\u00e1tica, impunha regras determinadas pelo tr\u00e1fico. As ordens partiam de Joab da Concei\u00e7\u00e3o Silva, apontado como chefe do Comando Vermelho na regi\u00e3o. Na aus\u00eancia dele, o pastor assumia a lideran\u00e7a direta das decis\u00f5es.<\/p>\n<p data-start=\"993\" data-end=\"1334\">O inqu\u00e9rito revela que o pastor coordenava uma s\u00e9rie de exig\u00eancias criminosas, como a proibi\u00e7\u00e3o de entrada de caminh\u00f5es sob amea\u00e7a de inc\u00eandio, a contrata\u00e7\u00e3o compuls\u00f3ria de pessoas ligadas ao tr\u00e1fico, a cobran\u00e7a de taxas ilegais por \u201cprote\u00e7\u00e3o\u201d, a interrup\u00e7\u00e3o for\u00e7ada de atividades de empresas e amea\u00e7as diretas a empres\u00e1rios e trabalhadores.<\/p>\n<p data-start=\"1336\" data-end=\"1617\">Com tr\u00e2nsito livre nas \u00e1reas controladas pela fac\u00e7\u00e3o, Cl\u00e1udio atuava como intermedi\u00e1rio oficial entre o crime organizado e o parque industrial da cidade. Ele teria conquistado a confian\u00e7a de Joab, passando a exercer o papel de \u201cpastor do tr\u00e1fico\u201d dentro da estrutura criminosa.<\/p>\n<p data-start=\"1619\" data-end=\"1817\">De acordo com a Pol\u00edcia Civil, o discurso religioso e comunit\u00e1rio servia apenas como fachada para um esquema sistem\u00e1tico de extors\u00e3o que prejudicava diretamente o setor produtivo de Duque de Caxias.<\/p>\n","protected":false},"excerpt":{"rendered":"<p>Investiga\u00e7\u00f5es da Pol\u00edcia Civil revelam que religioso atuava como intermedi\u00e1rio da fac\u00e7\u00e3o, impondo regras criminosas<\/p>\n","protected":false},"author":3,"featured_media":46553,"comment_status":"open","ping_status":"open","sticky":false,"template":"","format":"standard","meta":{"footnotes":""},"categories":[6],"tags":[],"class_list":["post-46552","post","type-post","status-publish","format-standard","has-post-thumbnail","hentry","category-brasil"],"yoast_head":"<!-- This site is optimized with the Yoast SEO plugin v27.5 - https:\/\/yoast.com\/product\/yoast-seo-wordpress\/ -->\n<title>Pastor \u00e9 apontado como articulador de esquema de extors\u00e3o do Comando Vermelho em Duque de Caxias - Jornal<\/title>\n<meta name=\"description\" content=\"Pastor \u00e9 apontado como articulador de esquema de extors\u00e3o do Comando Vermelho em Duque de Caxias\" \/>\n<meta name=\"robots\" content=\"index, follow, max-snippet:-1, max-image-preview:large, max-video-preview:-1\" \/>\n<link rel=\"canonical\" href=\"https:\/\/jornalboasnoticias.com.br\/home\/pastor-e-apontado-como-articulador-de-esquema-de-extorsao-do-comando-vermelho-em-duque-de-caxias\/\" \/>\n<meta property=\"og:locale\" content=\"pt_BR\" \/>\n<meta property=\"og:type\" content=\"article\" \/>\n<meta property=\"og:title\" content=\"Pastor \u00e9 apontado como articulador de esquema de extors\u00e3o do Comando Vermelho em Duque de Caxias - Jornal\" \/>\n<meta property=\"og:description\" content=\"Pastor \u00e9 apontado como articulador de esquema de extors\u00e3o do Comando Vermelho em Duque de Caxias\" \/>\n<meta property=\"og:url\" content=\"https:\/\/jornalboasnoticias.com.br\/home\/pastor-e-apontado-como-articulador-de-esquema-de-extorsao-do-comando-vermelho-em-duque-de-caxias\/\" \/>\n<meta property=\"og:site_name\" content=\"Jornal\" \/>\n<meta property=\"article:publisher\" content=\"https:\/\/www.facebook.com\/boasnoticiasjornal\" \/>\n<meta property=\"article:published_time\" content=\"2025-11-27T16:29:55+00:00\" \/>\n<meta property=\"og:image\" content=\"https:\/\/jornalboasnoticias.com.br\/home\/wp-content\/uploads\/2025\/11\/operacao-reduc.webp\" \/>\n\t<meta property=\"og:image:width\" content=\"1200\" \/>\n\t<meta property=\"og:image:height\" content=\"675\" \/>\n\t<meta property=\"og:image:type\" content=\"image\/webp\" \/>\n<meta name=\"author\" content=\"Luiz Carlos da Cruz\" \/>\n<meta name=\"twitter:card\" content=\"summary_large_image\" \/>\n<meta name=\"twitter:label1\" content=\"Escrito por\" \/>\n\t<meta name=\"twitter:data1\" content=\"Luiz Carlos da Cruz\" \/>\n\t<meta name=\"twitter:label2\" content=\"Est. tempo de leitura\" \/>\n\t<meta name=\"twitter:data2\" content=\"2 minutos\" \/>\n<script type=\"application\/ld+json\" class=\"yoast-schema-graph\">{\"@context\":\"https:\\\/\\\/schema.org\",\"@graph\":[{\"@type\":\"Article\",\"@id\":\"https:\\\/\\\/jornalboasnoticias.com.br\\\/home\\\/pastor-e-apontado-como-articulador-de-esquema-de-extorsao-do-comando-vermelho-em-duque-de-caxias\\\/#article\",\"isPartOf\":{\"@id\":\"https:\\\/\\\/jornalboasnoticias.com.br\\\/home\\\/pastor-e-apontado-como-articulador-de-esquema-de-extorsao-do-comando-vermelho-em-duque-de-caxias\\\/\"},\"author\":{\"name\":\"Luiz Carlos da Cruz\",\"@id\":\"https:\\\/\\\/jornalboasnoticias.com.br\\\/home\\\/#\\\/schema\\\/person\\\/75f9ebde398c998c166475fb446bda62\"},\"headline\":\"Pastor \u00e9 apontado como articulador de esquema de extors\u00e3o do Comando Vermelho em Duque de Caxias\",\"datePublished\":\"2025-11-27T16:29:55+00:00\",\"mainEntityOfPage\":{\"@id\":\"https:\\\/\\\/jornalboasnoticias.com.br\\\/home\\\/pastor-e-apontado-como-articulador-de-esquema-de-extorsao-do-comando-vermelho-em-duque-de-caxias\\\/\"},\"wordCount\":349,\"commentCount\":0,\"publisher\":{\"@id\":\"https:\\\/\\\/jornalboasnoticias.com.br\\\/home\\\/#organization\"},\"image\":{\"@id\":\"https:\\\/\\\/jornalboasnoticias.com.br\\\/home\\\/pastor-e-apontado-como-articulador-de-esquema-de-extorsao-do-comando-vermelho-em-duque-de-caxias\\\/#primaryimage\"},\"thumbnailUrl\":\"https:\\\/\\\/jornalboasnoticias.com.br\\\/home\\\/wp-content\\\/uploads\\\/2025\\\/11\\\/operacao-reduc.webp\",\"articleSection\":[\"BRASIL\"],\"inLanguage\":\"pt-BR\",\"potentialAction\":[{\"@type\":\"CommentAction\",\"name\":\"Comment\",\"target\":[\"https:\\\/\\\/jornalboasnoticias.com.br\\\/home\\\/pastor-e-apontado-como-articulador-de-esquema-de-extorsao-do-comando-vermelho-em-duque-de-caxias\\\/#respond\"]}]},{\"@type\":\"WebPage\",\"@id\":\"https:\\\/\\\/jornalboasnoticias.com.br\\\/home\\\/pastor-e-apontado-como-articulador-de-esquema-de-extorsao-do-comando-vermelho-em-duque-de-caxias\\\/\",\"url\":\"https:\\\/\\\/jornalboasnoticias.com.br\\\/home\\\/pastor-e-apontado-como-articulador-de-esquema-de-extorsao-do-comando-vermelho-em-duque-de-caxias\\\/\",\"name\":\"Pastor \u00e9 apontado como articulador de esquema de extors\u00e3o do Comando Vermelho em Duque de Caxias - Jornal\",\"isPartOf\":{\"@id\":\"https:\\\/\\\/jornalboasnoticias.com.br\\\/home\\\/#website\"},\"primaryImageOfPage\":{\"@id\":\"https:\\\/\\\/jornalboasnoticias.com.br\\\/home\\\/pastor-e-apontado-como-articulador-de-esquema-de-extorsao-do-comando-vermelho-em-duque-de-caxias\\\/#primaryimage\"},\"image\":{\"@id\":\"https:\\\/\\\/jornalboasnoticias.com.br\\\/home\\\/pastor-e-apontado-como-articulador-de-esquema-de-extorsao-do-comando-vermelho-em-duque-de-caxias\\\/#primaryimage\"},\"thumbnailUrl\":\"https:\\\/\\\/jornalboasnoticias.com.br\\\/home\\\/wp-content\\\/uploads\\\/2025\\\/11\\\/operacao-reduc.webp\",\"datePublished\":\"2025-11-27T16:29:55+00:00\",\"description\":\"Pastor \u00e9 apontado como articulador de esquema de extors\u00e3o do Comando Vermelho em Duque de Caxias\",\"breadcrumb\":{\"@id\":\"https:\\\/\\\/jornalboasnoticias.com.br\\\/home\\\/pastor-e-apontado-como-articulador-de-esquema-de-extorsao-do-comando-vermelho-em-duque-de-caxias\\\/#breadcrumb\"},\"inLanguage\":\"pt-BR\",\"potentialAction\":[{\"@type\":\"ReadAction\",\"target\":[\"https:\\\/\\\/jornalboasnoticias.com.br\\\/home\\\/pastor-e-apontado-como-articulador-de-esquema-de-extorsao-do-comando-vermelho-em-duque-de-caxias\\\/\"]}]},{\"@type\":\"ImageObject\",\"inLanguage\":\"pt-BR\",\"@id\":\"https:\\\/\\\/jornalboasnoticias.com.br\\\/home\\\/pastor-e-apontado-como-articulador-de-esquema-de-extorsao-do-comando-vermelho-em-duque-de-caxias\\\/#primaryimage\",\"url\":\"https:\\\/\\\/jornalboasnoticias.com.br\\\/home\\\/wp-content\\\/uploads\\\/2025\\\/11\\\/operacao-reduc.webp\",\"contentUrl\":\"https:\\\/\\\/jornalboasnoticias.com.br\\\/home\\\/wp-content\\\/uploads\\\/2025\\\/11\\\/operacao-reduc.webp\",\"width\":1200,\"height\":675,\"caption\":\"Reprodu\u00e7\u00e3o\\\/PCERJ\"},{\"@type\":\"BreadcrumbList\",\"@id\":\"https:\\\/\\\/jornalboasnoticias.com.br\\\/home\\\/pastor-e-apontado-como-articulador-de-esquema-de-extorsao-do-comando-vermelho-em-duque-de-caxias\\\/#breadcrumb\",\"itemListElement\":[{\"@type\":\"ListItem\",\"position\":1,\"name\":\"In\u00edcio\",\"item\":\"https:\\\/\\\/jornalboasnoticias.com.br\\\/home\\\/\"},{\"@type\":\"ListItem\",\"position\":2,\"name\":\"Pastor \u00e9 apontado como articulador de esquema de extors\u00e3o do Comando Vermelho em Duque de Caxias\"}]},{\"@type\":\"WebSite\",\"@id\":\"https:\\\/\\\/jornalboasnoticias.com.br\\\/home\\\/#website\",\"url\":\"https:\\\/\\\/jornalboasnoticias.com.br\\\/home\\\/\",\"name\":\"Jornal Boas Not\u00edcias\",\"description\":\"Boas not\u00edcias\",\"publisher\":{\"@id\":\"https:\\\/\\\/jornalboasnoticias.com.br\\\/home\\\/#organization\"},\"potentialAction\":[{\"@type\":\"SearchAction\",\"target\":{\"@type\":\"EntryPoint\",\"urlTemplate\":\"https:\\\/\\\/jornalboasnoticias.com.br\\\/home\\\/?s={search_term_string}\"},\"query-input\":{\"@type\":\"PropertyValueSpecification\",\"valueRequired\":true,\"valueName\":\"search_term_string\"}}],\"inLanguage\":\"pt-BR\"},{\"@type\":\"Organization\",\"@id\":\"https:\\\/\\\/jornalboasnoticias.com.br\\\/home\\\/#organization\",\"name\":\"Coq Editora Ltda\",\"alternateName\":\"Jornal Boas Noticias\",\"url\":\"https:\\\/\\\/jornalboasnoticias.com.br\\\/home\\\/\",\"logo\":{\"@type\":\"ImageObject\",\"inLanguage\":\"pt-BR\",\"@id\":\"https:\\\/\\\/jornalboasnoticias.com.br\\\/home\\\/#\\\/schema\\\/logo\\\/image\\\/\",\"url\":\"https:\\\/\\\/jornalboasnoticias.com.br\\\/home\\\/wp-content\\\/uploads\\\/2024\\\/07\\\/cropped-logo.jpg\",\"contentUrl\":\"https:\\\/\\\/jornalboasnoticias.com.br\\\/home\\\/wp-content\\\/uploads\\\/2024\\\/07\\\/cropped-logo.jpg\",\"width\":290,\"height\":142,\"caption\":\"Coq Editora Ltda\"},\"image\":{\"@id\":\"https:\\\/\\\/jornalboasnoticias.com.br\\\/home\\\/#\\\/schema\\\/logo\\\/image\\\/\"},\"sameAs\":[\"https:\\\/\\\/www.facebook.com\\\/boasnoticiasjornal\"]},{\"@type\":\"Person\",\"@id\":\"https:\\\/\\\/jornalboasnoticias.com.br\\\/home\\\/#\\\/schema\\\/person\\\/75f9ebde398c998c166475fb446bda62\",\"name\":\"Luiz Carlos da Cruz\",\"image\":{\"@type\":\"ImageObject\",\"inLanguage\":\"pt-BR\",\"@id\":\"https:\\\/\\\/secure.gravatar.com\\\/avatar\\\/e6f4f45301b6cb8572f7b076572e8ac11c1db80e805d8c8d0858cf286ce3ac3b?s=96&d=mm&r=g\",\"url\":\"https:\\\/\\\/secure.gravatar.com\\\/avatar\\\/e6f4f45301b6cb8572f7b076572e8ac11c1db80e805d8c8d0858cf286ce3ac3b?s=96&d=mm&r=g\",\"contentUrl\":\"https:\\\/\\\/secure.gravatar.com\\\/avatar\\\/e6f4f45301b6cb8572f7b076572e8ac11c1db80e805d8c8d0858cf286ce3ac3b?s=96&d=mm&r=g\",\"caption\":\"Luiz Carlos da Cruz\"},\"url\":\"https:\\\/\\\/jornalboasnoticias.com.br\\\/home\\\/author\\\/luiz-carlos-da-cruz\\\/\"}]}<\/script>\n<!-- \/ Yoast SEO plugin. -->","yoast_head_json":{"title":"Pastor \u00e9 apontado como articulador de esquema de extors\u00e3o do Comando Vermelho em Duque de Caxias - Jornal","description":"Pastor \u00e9 apontado como articulador de esquema de extors\u00e3o do Comando Vermelho em Duque de Caxias","robots":{"index":"index","follow":"follow","max-snippet":"max-snippet:-1","max-image-preview":"max-image-preview:large","max-video-preview":"max-video-preview:-1"},"canonical":"https:\/\/jornalboasnoticias.com.br\/home\/pastor-e-apontado-como-articulador-de-esquema-de-extorsao-do-comando-vermelho-em-duque-de-caxias\/","og_locale":"pt_BR","og_type":"article","og_title":"Pastor \u00e9 apontado como articulador de esquema de extors\u00e3o do Comando Vermelho em Duque de Caxias - Jornal","og_description":"Pastor \u00e9 apontado como articulador de esquema de extors\u00e3o do Comando Vermelho em Duque de Caxias","og_url":"https:\/\/jornalboasnoticias.com.br\/home\/pastor-e-apontado-como-articulador-de-esquema-de-extorsao-do-comando-vermelho-em-duque-de-caxias\/","og_site_name":"Jornal","article_publisher":"https:\/\/www.facebook.com\/boasnoticiasjornal","article_published_time":"2025-11-27T16:29:55+00:00","og_image":[{"width":1200,"height":675,"url":"https:\/\/jornalboasnoticias.com.br\/home\/wp-content\/uploads\/2025\/11\/operacao-reduc.webp","type":"image\/webp"}],"author":"Luiz Carlos da Cruz","twitter_card":"summary_large_image","twitter_misc":{"Escrito por":"Luiz Carlos da Cruz","Est. tempo de leitura":"2 minutos"},"schema":{"@context":"https:\/\/schema.org","@graph":[{"@type":"Article","@id":"https:\/\/jornalboasnoticias.com.br\/home\/pastor-e-apontado-como-articulador-de-esquema-de-extorsao-do-comando-vermelho-em-duque-de-caxias\/#article","isPartOf":{"@id":"https:\/\/jornalboasnoticias.com.br\/home\/pastor-e-apontado-como-articulador-de-esquema-de-extorsao-do-comando-vermelho-em-duque-de-caxias\/"},"author":{"name":"Luiz Carlos da Cruz","@id":"https:\/\/jornalboasnoticias.com.br\/home\/#\/schema\/person\/75f9ebde398c998c166475fb446bda62"},"headline":"Pastor \u00e9 apontado como articulador de esquema de extors\u00e3o do Comando Vermelho em Duque de Caxias","datePublished":"2025-11-27T16:29:55+00:00","mainEntityOfPage":{"@id":"https:\/\/jornalboasnoticias.com.br\/home\/pastor-e-apontado-como-articulador-de-esquema-de-extorsao-do-comando-vermelho-em-duque-de-caxias\/"},"wordCount":349,"commentCount":0,"publisher":{"@id":"https:\/\/jornalboasnoticias.com.br\/home\/#organization"},"image":{"@id":"https:\/\/jornalboasnoticias.com.br\/home\/pastor-e-apontado-como-articulador-de-esquema-de-extorsao-do-comando-vermelho-em-duque-de-caxias\/#primaryimage"},"thumbnailUrl":"https:\/\/jornalboasnoticias.com.br\/home\/wp-content\/uploads\/2025\/11\/operacao-reduc.webp","articleSection":["BRASIL"],"inLanguage":"pt-BR","potentialAction":[{"@type":"CommentAction","name":"Comment","target":["https:\/\/jornalboasnoticias.com.br\/home\/pastor-e-apontado-como-articulador-de-esquema-de-extorsao-do-comando-vermelho-em-duque-de-caxias\/#respond"]}]},{"@type":"WebPage","@id":"https:\/\/jornalboasnoticias.com.br\/home\/pastor-e-apontado-como-articulador-de-esquema-de-extorsao-do-comando-vermelho-em-duque-de-caxias\/","url":"https:\/\/jornalboasnoticias.com.br\/home\/pastor-e-apontado-como-articulador-de-esquema-de-extorsao-do-comando-vermelho-em-duque-de-caxias\/","name":"Pastor \u00e9 apontado como articulador de esquema de extors\u00e3o do Comando Vermelho em Duque de Caxias - Jornal","isPartOf":{"@id":"https:\/\/jornalboasnoticias.com.br\/home\/#website"},"primaryImageOfPage":{"@id":"https:\/\/jornalboasnoticias.com.br\/home\/pastor-e-apontado-como-articulador-de-esquema-de-extorsao-do-comando-vermelho-em-duque-de-caxias\/#primaryimage"},"image":{"@id":"https:\/\/jornalboasnoticias.com.br\/home\/pastor-e-apontado-como-articulador-de-esquema-de-extorsao-do-comando-vermelho-em-duque-de-caxias\/#primaryimage"},"thumbnailUrl":"https:\/\/jornalboasnoticias.com.br\/home\/wp-content\/uploads\/2025\/11\/operacao-reduc.webp","datePublished":"2025-11-27T16:29:55+00:00","description":"Pastor \u00e9 apontado como articulador de esquema de extors\u00e3o do Comando Vermelho em Duque de Caxias","breadcrumb":{"@id":"https:\/\/jornalboasnoticias.com.br\/home\/pastor-e-apontado-como-articulador-de-esquema-de-extorsao-do-comando-vermelho-em-duque-de-caxias\/#breadcrumb"},"inLanguage":"pt-BR","potentialAction":[{"@type":"ReadAction","target":["https:\/\/jornalboasnoticias.com.br\/home\/pastor-e-apontado-como-articulador-de-esquema-de-extorsao-do-comando-vermelho-em-duque-de-caxias\/"]}]},{"@type":"ImageObject","inLanguage":"pt-BR","@id":"https:\/\/jornalboasnoticias.com.br\/home\/pastor-e-apontado-como-articulador-de-esquema-de-extorsao-do-comando-vermelho-em-duque-de-caxias\/#primaryimage","url":"https:\/\/jornalboasnoticias.com.br\/home\/wp-content\/uploads\/2025\/11\/operacao-reduc.webp","contentUrl":"https:\/\/jornalboasnoticias.com.br\/home\/wp-content\/uploads\/2025\/11\/operacao-reduc.webp","width":1200,"height":675,"caption":"Reprodu\u00e7\u00e3o\/PCERJ"},{"@type":"BreadcrumbList","@id":"https:\/\/jornalboasnoticias.com.br\/home\/pastor-e-apontado-como-articulador-de-esquema-de-extorsao-do-comando-vermelho-em-duque-de-caxias\/#breadcrumb","itemListElement":[{"@type":"ListItem","position":1,"name":"In\u00edcio","item":"https:\/\/jornalboasnoticias.com.br\/home\/"},{"@type":"ListItem","position":2,"name":"Pastor \u00e9 apontado como articulador de esquema de extors\u00e3o do Comando Vermelho em Duque de Caxias"}]},{"@type":"WebSite","@id":"https:\/\/jornalboasnoticias.com.br\/home\/#website","url":"https:\/\/jornalboasnoticias.com.br\/home\/","name":"Jornal Boas Not\u00edcias","description":"Boas not\u00edcias","publisher":{"@id":"https:\/\/jornalboasnoticias.com.br\/home\/#organization"},"potentialAction":[{"@type":"SearchAction","target":{"@type":"EntryPoint","urlTemplate":"https:\/\/jornalboasnoticias.com.br\/home\/?s={search_term_string}"},"query-input":{"@type":"PropertyValueSpecification","valueRequired":true,"valueName":"search_term_string"}}],"inLanguage":"pt-BR"},{"@type":"Organization","@id":"https:\/\/jornalboasnoticias.com.br\/home\/#organization","name":"Coq Editora Ltda","alternateName":"Jornal Boas Noticias","url":"https:\/\/jornalboasnoticias.com.br\/home\/","logo":{"@type":"ImageObject","inLanguage":"pt-BR","@id":"https:\/\/jornalboasnoticias.com.br\/home\/#\/schema\/logo\/image\/","url":"https:\/\/jornalboasnoticias.com.br\/home\/wp-content\/uploads\/2024\/07\/cropped-logo.jpg","contentUrl":"https:\/\/jornalboasnoticias.com.br\/home\/wp-content\/uploads\/2024\/07\/cropped-logo.jpg","width":290,"height":142,"caption":"Coq Editora Ltda"},"image":{"@id":"https:\/\/jornalboasnoticias.com.br\/home\/#\/schema\/logo\/image\/"},"sameAs":["https:\/\/www.facebook.com\/boasnoticiasjornal"]},{"@type":"Person","@id":"https:\/\/jornalboasnoticias.com.br\/home\/#\/schema\/person\/75f9ebde398c998c166475fb446bda62","name":"Luiz Carlos da Cruz","image":{"@type":"ImageObject","inLanguage":"pt-BR","@id":"https:\/\/secure.gravatar.com\/avatar\/e6f4f45301b6cb8572f7b076572e8ac11c1db80e805d8c8d0858cf286ce3ac3b?s=96&d=mm&r=g","url":"https:\/\/secure.gravatar.com\/avatar\/e6f4f45301b6cb8572f7b076572e8ac11c1db80e805d8c8d0858cf286ce3ac3b?s=96&d=mm&r=g","contentUrl":"https:\/\/secure.gravatar.com\/avatar\/e6f4f45301b6cb8572f7b076572e8ac11c1db80e805d8c8d0858cf286ce3ac3b?s=96&d=mm&r=g","caption":"Luiz Carlos da Cruz"},"url":"https:\/\/jornalboasnoticias.com.br\/home\/author\/luiz-carlos-da-cruz\/"}]}},"_links":{"self":[{"href":"https:\/\/jornalboasnoticias.com.br\/home\/wp-json\/wp\/v2\/posts\/46552","targetHints":{"allow":["GET"]}}],"collection":[{"href":"https:\/\/jornalboasnoticias.com.br\/home\/wp-json\/wp\/v2\/posts"}],"about":[{"href":"https:\/\/jornalboasnoticias.com.br\/home\/wp-json\/wp\/v2\/types\/post"}],"author":[{"embeddable":true,"href":"https:\/\/jornalboasnoticias.com.br\/home\/wp-json\/wp\/v2\/users\/3"}],"replies":[{"embeddable":true,"href":"https:\/\/jornalboasnoticias.com.br\/home\/wp-json\/wp\/v2\/comments?post=46552"}],"version-history":[{"count":1,"href":"https:\/\/jornalboasnoticias.com.br\/home\/wp-json\/wp\/v2\/posts\/46552\/revisions"}],"predecessor-version":[{"id":46554,"href":"https:\/\/jornalboasnoticias.com.br\/home\/wp-json\/wp\/v2\/posts\/46552\/revisions\/46554"}],"wp:featuredmedia":[{"embeddable":true,"href":"https:\/\/jornalboasnoticias.com.br\/home\/wp-json\/wp\/v2\/media\/46553"}],"wp:attachment":[{"href":"https:\/\/jornalboasnoticias.com.br\/home\/wp-json\/wp\/v2\/media?parent=46552"}],"wp:term":[{"taxonomy":"category","embeddable":true,"href":"https:\/\/jornalboasnoticias.com.br\/home\/wp-json\/wp\/v2\/categories?post=46552"},{"taxonomy":"post_tag","embeddable":true,"href":"https:\/\/jornalboasnoticias.com.br\/home\/wp-json\/wp\/v2\/tags?post=46552"}],"curies":[{"name":"wp","href":"https:\/\/api.w.org\/{rel}","templated":true}]}}