{"id":46547,"date":"2025-11-27T14:58:02","date_gmt":"2025-11-27T14:58:02","guid":{"rendered":"https:\/\/jornalboasnoticias.com.br\/home\/?p=46547"},"modified":"2025-11-27T15:00:51","modified_gmt":"2025-11-27T15:00:51","slug":"criada-em-curitiba-semana-do-avivamento-sera-oficializada","status":"publish","type":"post","link":"https:\/\/jornalboasnoticias.com.br\/home\/criada-em-curitiba-semana-do-avivamento-sera-oficializada\/","title":{"rendered":"Criada em Curitiba, Semana do Avivamento ser\u00e1 oficializada"},"content":{"rendered":"<p style=\"text-align: center;\"><strong><em>Projeto de lei foi aprovado em 1\u00ba turno; evento surgiu em 2011 e re\u00fane milhares de pessoas de diferentes igrejas evang\u00e9licas<\/em><\/strong><\/p>\n<figure id=\"attachment_46548\" aria-describedby=\"caption-attachment-46548\" style=\"width: 799px\" class=\"wp-caption alignnone\"><img loading=\"lazy\" decoding=\"async\" class=\"size-full wp-image-46548\" src=\"https:\/\/jornalboasnoticias.com.br\/home\/wp-content\/uploads\/2025\/11\/image.jpeg\" alt=\"\" width=\"799\" height=\"533\" srcset=\"https:\/\/jornalboasnoticias.com.br\/home\/wp-content\/uploads\/2025\/11\/image.jpeg 799w, https:\/\/jornalboasnoticias.com.br\/home\/wp-content\/uploads\/2025\/11\/image-300x200.jpeg 300w, https:\/\/jornalboasnoticias.com.br\/home\/wp-content\/uploads\/2025\/11\/image-768x512.jpeg 768w\" sizes=\"auto, (max-width: 799px) 100vw, 799px\" \/><figcaption id=\"caption-attachment-46548\" class=\"wp-caption-text\">Vota\u00e7\u00e3o do projeto de lei, de autoria de Guilherme Kilter, foi acompanhada por pastores de diferentes igrejas evang\u00e9licas. (Foto: Carlos Costa\/CMC)<\/figcaption><\/figure>\n<p>A\u00a0<strong>C\u00e2mara Municipal de Curitiba (CMC)<\/strong>\u00a0aprovou, na sess\u00e3o desta quarta-feira (26), em primeiro turno, projeto de lei com o objetivo de\u00a0<strong>oficializar a Semana do Avivamento (SDA) como um evento oficial da cidade<\/strong>. \u201cA SDA representa<strong>\u00a0um dos maiores movimentos de unidade entre igrejas evang\u00e9licas do Brasil<\/strong>, superando divis\u00f5es denominacionais hist\u00f3ricas e promovendo coopera\u00e7\u00e3o e f\u00e9 que transcendem diferen\u00e7as teol\u00f3gicas\u201d, explicou o\u00a0<strong>autor da proposta, o vereador Guilherme Kilter<\/strong>\u00a0(Novo).<\/p>\n<p dir=\"ltr\">O objetivo do projeto de lei \u00e9\u00a0<strong>fixar a realiza\u00e7\u00e3o do\u00a0<\/strong><strong>evento no calend\u00e1rio oficial de Curitiba, na terceira semana do m\u00eas de julho<\/strong>.\u00a0Kilter refor\u00e7ou que a proposi\u00e7\u00e3o apenas formaliza a Semana do Avivamento, dando \u201cprefer\u00eancia [a ela] diante de outros eventos\u201d. \u201cEla\u00a0<strong>coloca na lei aquilo que j\u00e1 acontece h\u00e1 muitos anos<\/strong>\u201d, acrescentou.<\/p>\n<p dir=\"ltr\"><strong>O autor explicou que a Semana do Avivamento surgiu a partir da participa\u00e7\u00e3o de cinco pastores de Curitiba em evento internacional para l\u00edderes da juventude realizado na Mal\u00e1sia, em 2011<\/strong>. No retorno \u00e0 capital paranaense, eles passaram a promover encontros com a inten\u00e7\u00e3o de fomentar \u201ca unidade entre denomina\u00e7\u00f5es evang\u00e9licas e o avivamento espiritual, reconcilia\u00e7\u00e3o, restaura\u00e7\u00e3o de fam\u00edlias e transforma\u00e7\u00e3o social\u201d.<\/p>\n<p dir=\"ltr\">Conforme o vereador,\u00a0<strong>o primeiro evento estruturado ocorreu em 2014, com 5,3 mil participantes<\/strong>. \u201cO impacto foi t\u00e3o significativo que decidiram perpetuar a realiza\u00e7\u00e3o anual do evento, na terceira semana de julho\u201d, prosseguiu.\u00a0<strong>Em 2024, j\u00e1 presente em 86 cidades de 6 pa\u00edses, a SDA alcan\u00e7ou mais de 200 mil pessoas<\/strong>. \u201cBatistas, presbiterianos, luteranos, menonitas,\u00a0quadrangulares, metodistas, assembleianos e diversas outras igrejas participam ativamente do movimento, todos os anos.\u201d<\/p>\n<h2>Impactos sociais e econ\u00f4micos do movimento<\/h2>\n<p dir=\"ltr\">Ainda na discuss\u00e3o do projeto de lei, Guilherme Kilter defendeu que a Semana do Avivamento vai <strong>al\u00e9m do \u00e2mbito religioso<\/strong>. O autor pontuou que as\u00a0<strong>contribui\u00e7\u00f5es sociais<\/strong>\u00a0do movimento re\u00fanem a\u00e7\u00f5es\u00a0<strong>como a reinser\u00e7\u00e3o social de pessoas com depend\u00eancia qu\u00edmica<\/strong>. \u201cE, sem d\u00favidas,\u00a0<strong>movimenta intensamente a rede hoteleira, o com\u00e9rcio, o transporte e a alimenta\u00e7\u00e3o de Curitiba<\/strong>, sem qualquer custo ao Poder Executivo, j\u00e1 que o evento \u00e9 integralmente financiado por doa\u00e7\u00f5es e pelas pr\u00f3prias igrejas\u201d, declarou.<\/p>\n<p dir=\"ltr\">\u201cEnquanto o jovem est\u00e1 numa igreja, n\u00e3o est\u00e1 usando drogas\u201d, citou a vereadora\u00a0<strong>Carlise Kwiatkowski<\/strong>\u00a0(PL). Os vereadores\u00a0<strong>Indiara Barbosa<\/strong>\u00a0(Novo) e\u00a0<strong>Jasson Goulart<\/strong>\u00a0(Republicanos) se somaram ao debate da iniciativa, em<strong>\u00a0apoio\u00a0<\/strong>tanto \u00e0 Semana do Avivamento quanto ao trabalho social e espiritual das igrejas.<\/p>\n<p dir=\"ltr\"><strong>Vanda de Assis<\/strong>\u00a0(PT) liberou o voto da Oposi\u00e7\u00e3o, mas\u00a0<strong>justificou o voto negativo<\/strong>. \u201cO que eu sou contra \u00e9 que o Munic\u00edpio assuma o papel de cuidar de qualquer pr\u00e1tica religiosa, [&#8230;] o Estado \u00e9 laico\u201d, disse ela. Em resposta \u00e0 vereadora, Kilter defendeu que o projeto n\u00e3o obriga o Munic\u00edpio \u201ca adotar nada\u201d e que o evento \u00e9 realizado\u00a0<strong>sem dinheiro p\u00fablico<\/strong>.<\/p>\n<p dir=\"ltr\"><strong>Aprovada com 24 votos favor\u00e1veis, 1 contr\u00e1rio e 1 absten\u00e7\u00e3o, a proposta retorna \u00e0 ordem do dia, na pr\u00f3xima segunda-feira (1\u00ba), para a an\u00e1lise em segundo turno<\/strong>. Se confirmado pelo Plen\u00e1rio, o projeto segue para a san\u00e7\u00e3o do Executivo. O debate foi acompanhado pelos pastores \u2060Lucas Zub Dutra, da Primeira Igreja Batista (PIB) de Curitiba; Thiago Borges, da Comunidade Crist\u00e3 de Curitiba; Ben-Hur Novais, da Primeira Igreja Quadrangular de Curitiba; Henrich Scheroki, do SDA Outreach; \u2060Romulo Corr\u00eaa, da Igreja Batista Bom Retiro; \u2060Daniel Oliveira, da Igreja Nova Alian\u00e7a; \u2060Thiago Pinheiro, da Igreja do Evangelho Quadrangular (IEQ) Campina Grande do Sul; e Tiago Ferreira, da Igreja Batista Shalon.<\/p>\n<p dir=\"ltr\"><strong>As informa\u00e7\u00f5es s\u00e3o da Assessoria de Imprensa da C\u00e2mara de Curitiba<\/strong><\/p>\n","protected":false},"excerpt":{"rendered":"<p>Projeto de lei foi aprovado em 1\u00ba turno; evento surgiu em 2011 e re\u00fane milhares<\/p>\n","protected":false},"author":3,"featured_media":46548,"comment_status":"open","ping_status":"open","sticky":false,"template":"","format":"standard","meta":{"footnotes":""},"categories":[3,4],"tags":[],"class_list":["post-46547","post","type-post","status-publish","format-standard","has-post-thumbnail","hentry","category-destaques","category-parana"],"yoast_head":"<!-- This site is optimized with the Yoast SEO plugin v27.5 - https:\/\/yoast.com\/product\/yoast-seo-wordpress\/ -->\n<title>Criada em Curitiba, Semana do Avivamento ser\u00e1 oficializada - Jornal<\/title>\n<meta name=\"description\" content=\"Criada em Curitiba, Semana do Avivamento ser\u00e1 oficializada\" \/>\n<meta name=\"robots\" content=\"index, follow, max-snippet:-1, max-image-preview:large, max-video-preview:-1\" \/>\n<link rel=\"canonical\" href=\"https:\/\/jornalboasnoticias.com.br\/home\/criada-em-curitiba-semana-do-avivamento-sera-oficializada\/\" \/>\n<meta property=\"og:locale\" content=\"pt_BR\" \/>\n<meta property=\"og:type\" content=\"article\" \/>\n<meta property=\"og:title\" content=\"Criada em Curitiba, Semana do Avivamento ser\u00e1 oficializada - Jornal\" \/>\n<meta property=\"og:description\" content=\"Criada em Curitiba, Semana do Avivamento ser\u00e1 oficializada\" \/>\n<meta property=\"og:url\" content=\"https:\/\/jornalboasnoticias.com.br\/home\/criada-em-curitiba-semana-do-avivamento-sera-oficializada\/\" \/>\n<meta property=\"og:site_name\" content=\"Jornal\" \/>\n<meta property=\"article:publisher\" content=\"https:\/\/www.facebook.com\/boasnoticiasjornal\" \/>\n<meta property=\"article:published_time\" content=\"2025-11-27T14:58:02+00:00\" \/>\n<meta property=\"article:modified_time\" content=\"2025-11-27T15:00:51+00:00\" \/>\n<meta property=\"og:image\" content=\"https:\/\/jornalboasnoticias.com.br\/home\/wp-content\/uploads\/2025\/11\/image.jpeg\" \/>\n\t<meta property=\"og:image:width\" content=\"799\" \/>\n\t<meta property=\"og:image:height\" content=\"533\" \/>\n\t<meta property=\"og:image:type\" content=\"image\/jpeg\" \/>\n<meta name=\"author\" content=\"Luiz Carlos da Cruz\" \/>\n<meta name=\"twitter:card\" content=\"summary_large_image\" \/>\n<meta name=\"twitter:label1\" content=\"Escrito por\" \/>\n\t<meta name=\"twitter:data1\" content=\"Luiz Carlos da Cruz\" \/>\n\t<meta name=\"twitter:label2\" content=\"Est. tempo de leitura\" \/>\n\t<meta name=\"twitter:data2\" content=\"4 minutos\" \/>\n<script type=\"application\/ld+json\" class=\"yoast-schema-graph\">{\"@context\":\"https:\\\/\\\/schema.org\",\"@graph\":[{\"@type\":\"Article\",\"@id\":\"https:\\\/\\\/jornalboasnoticias.com.br\\\/home\\\/criada-em-curitiba-semana-do-avivamento-sera-oficializada\\\/#article\",\"isPartOf\":{\"@id\":\"https:\\\/\\\/jornalboasnoticias.com.br\\\/home\\\/criada-em-curitiba-semana-do-avivamento-sera-oficializada\\\/\"},\"author\":{\"name\":\"Luiz Carlos da Cruz\",\"@id\":\"https:\\\/\\\/jornalboasnoticias.com.br\\\/home\\\/#\\\/schema\\\/person\\\/75f9ebde398c998c166475fb446bda62\"},\"headline\":\"Criada em Curitiba, Semana do Avivamento ser\u00e1 oficializada\",\"datePublished\":\"2025-11-27T14:58:02+00:00\",\"dateModified\":\"2025-11-27T15:00:51+00:00\",\"mainEntityOfPage\":{\"@id\":\"https:\\\/\\\/jornalboasnoticias.com.br\\\/home\\\/criada-em-curitiba-semana-do-avivamento-sera-oficializada\\\/\"},\"wordCount\":666,\"commentCount\":0,\"publisher\":{\"@id\":\"https:\\\/\\\/jornalboasnoticias.com.br\\\/home\\\/#organization\"},\"image\":{\"@id\":\"https:\\\/\\\/jornalboasnoticias.com.br\\\/home\\\/criada-em-curitiba-semana-do-avivamento-sera-oficializada\\\/#primaryimage\"},\"thumbnailUrl\":\"https:\\\/\\\/jornalboasnoticias.com.br\\\/home\\\/wp-content\\\/uploads\\\/2025\\\/11\\\/image.jpeg\",\"articleSection\":[\"DESTAQUE\",\"PARAN\u00c1\"],\"inLanguage\":\"pt-BR\",\"potentialAction\":[{\"@type\":\"CommentAction\",\"name\":\"Comment\",\"target\":[\"https:\\\/\\\/jornalboasnoticias.com.br\\\/home\\\/criada-em-curitiba-semana-do-avivamento-sera-oficializada\\\/#respond\"]}]},{\"@type\":\"WebPage\",\"@id\":\"https:\\\/\\\/jornalboasnoticias.com.br\\\/home\\\/criada-em-curitiba-semana-do-avivamento-sera-oficializada\\\/\",\"url\":\"https:\\\/\\\/jornalboasnoticias.com.br\\\/home\\\/criada-em-curitiba-semana-do-avivamento-sera-oficializada\\\/\",\"name\":\"Criada em Curitiba, Semana do Avivamento ser\u00e1 oficializada - Jornal\",\"isPartOf\":{\"@id\":\"https:\\\/\\\/jornalboasnoticias.com.br\\\/home\\\/#website\"},\"primaryImageOfPage\":{\"@id\":\"https:\\\/\\\/jornalboasnoticias.com.br\\\/home\\\/criada-em-curitiba-semana-do-avivamento-sera-oficializada\\\/#primaryimage\"},\"image\":{\"@id\":\"https:\\\/\\\/jornalboasnoticias.com.br\\\/home\\\/criada-em-curitiba-semana-do-avivamento-sera-oficializada\\\/#primaryimage\"},\"thumbnailUrl\":\"https:\\\/\\\/jornalboasnoticias.com.br\\\/home\\\/wp-content\\\/uploads\\\/2025\\\/11\\\/image.jpeg\",\"datePublished\":\"2025-11-27T14:58:02+00:00\",\"dateModified\":\"2025-11-27T15:00:51+00:00\",\"description\":\"Criada em Curitiba, Semana do Avivamento ser\u00e1 oficializada\",\"breadcrumb\":{\"@id\":\"https:\\\/\\\/jornalboasnoticias.com.br\\\/home\\\/criada-em-curitiba-semana-do-avivamento-sera-oficializada\\\/#breadcrumb\"},\"inLanguage\":\"pt-BR\",\"potentialAction\":[{\"@type\":\"ReadAction\",\"target\":[\"https:\\\/\\\/jornalboasnoticias.com.br\\\/home\\\/criada-em-curitiba-semana-do-avivamento-sera-oficializada\\\/\"]}]},{\"@type\":\"ImageObject\",\"inLanguage\":\"pt-BR\",\"@id\":\"https:\\\/\\\/jornalboasnoticias.com.br\\\/home\\\/criada-em-curitiba-semana-do-avivamento-sera-oficializada\\\/#primaryimage\",\"url\":\"https:\\\/\\\/jornalboasnoticias.com.br\\\/home\\\/wp-content\\\/uploads\\\/2025\\\/11\\\/image.jpeg\",\"contentUrl\":\"https:\\\/\\\/jornalboasnoticias.com.br\\\/home\\\/wp-content\\\/uploads\\\/2025\\\/11\\\/image.jpeg\",\"width\":799,\"height\":533,\"caption\":\"Vota\u00e7\u00e3o do projeto de lei, de autoria de Guilherme Kilter, foi acompanhada por pastores de diferentes igrejas evang\u00e9licas. (Foto: Carlos Costa\\\/CMC)\"},{\"@type\":\"BreadcrumbList\",\"@id\":\"https:\\\/\\\/jornalboasnoticias.com.br\\\/home\\\/criada-em-curitiba-semana-do-avivamento-sera-oficializada\\\/#breadcrumb\",\"itemListElement\":[{\"@type\":\"ListItem\",\"position\":1,\"name\":\"In\u00edcio\",\"item\":\"https:\\\/\\\/jornalboasnoticias.com.br\\\/home\\\/\"},{\"@type\":\"ListItem\",\"position\":2,\"name\":\"Criada em Curitiba, Semana do Avivamento ser\u00e1 oficializada\"}]},{\"@type\":\"WebSite\",\"@id\":\"https:\\\/\\\/jornalboasnoticias.com.br\\\/home\\\/#website\",\"url\":\"https:\\\/\\\/jornalboasnoticias.com.br\\\/home\\\/\",\"name\":\"Jornal Boas Not\u00edcias\",\"description\":\"Boas not\u00edcias\",\"publisher\":{\"@id\":\"https:\\\/\\\/jornalboasnoticias.com.br\\\/home\\\/#organization\"},\"potentialAction\":[{\"@type\":\"SearchAction\",\"target\":{\"@type\":\"EntryPoint\",\"urlTemplate\":\"https:\\\/\\\/jornalboasnoticias.com.br\\\/home\\\/?s={search_term_string}\"},\"query-input\":{\"@type\":\"PropertyValueSpecification\",\"valueRequired\":true,\"valueName\":\"search_term_string\"}}],\"inLanguage\":\"pt-BR\"},{\"@type\":\"Organization\",\"@id\":\"https:\\\/\\\/jornalboasnoticias.com.br\\\/home\\\/#organization\",\"name\":\"Coq Editora Ltda\",\"alternateName\":\"Jornal Boas Noticias\",\"url\":\"https:\\\/\\\/jornalboasnoticias.com.br\\\/home\\\/\",\"logo\":{\"@type\":\"ImageObject\",\"inLanguage\":\"pt-BR\",\"@id\":\"https:\\\/\\\/jornalboasnoticias.com.br\\\/home\\\/#\\\/schema\\\/logo\\\/image\\\/\",\"url\":\"https:\\\/\\\/jornalboasnoticias.com.br\\\/home\\\/wp-content\\\/uploads\\\/2024\\\/07\\\/cropped-logo.jpg\",\"contentUrl\":\"https:\\\/\\\/jornalboasnoticias.com.br\\\/home\\\/wp-content\\\/uploads\\\/2024\\\/07\\\/cropped-logo.jpg\",\"width\":290,\"height\":142,\"caption\":\"Coq Editora Ltda\"},\"image\":{\"@id\":\"https:\\\/\\\/jornalboasnoticias.com.br\\\/home\\\/#\\\/schema\\\/logo\\\/image\\\/\"},\"sameAs\":[\"https:\\\/\\\/www.facebook.com\\\/boasnoticiasjornal\"]},{\"@type\":\"Person\",\"@id\":\"https:\\\/\\\/jornalboasnoticias.com.br\\\/home\\\/#\\\/schema\\\/person\\\/75f9ebde398c998c166475fb446bda62\",\"name\":\"Luiz Carlos da Cruz\",\"image\":{\"@type\":\"ImageObject\",\"inLanguage\":\"pt-BR\",\"@id\":\"https:\\\/\\\/secure.gravatar.com\\\/avatar\\\/e6f4f45301b6cb8572f7b076572e8ac11c1db80e805d8c8d0858cf286ce3ac3b?s=96&d=mm&r=g\",\"url\":\"https:\\\/\\\/secure.gravatar.com\\\/avatar\\\/e6f4f45301b6cb8572f7b076572e8ac11c1db80e805d8c8d0858cf286ce3ac3b?s=96&d=mm&r=g\",\"contentUrl\":\"https:\\\/\\\/secure.gravatar.com\\\/avatar\\\/e6f4f45301b6cb8572f7b076572e8ac11c1db80e805d8c8d0858cf286ce3ac3b?s=96&d=mm&r=g\",\"caption\":\"Luiz Carlos da Cruz\"},\"url\":\"https:\\\/\\\/jornalboasnoticias.com.br\\\/home\\\/author\\\/luiz-carlos-da-cruz\\\/\"}]}<\/script>\n<!-- \/ Yoast SEO plugin. -->","yoast_head_json":{"title":"Criada em Curitiba, Semana do Avivamento ser\u00e1 oficializada - Jornal","description":"Criada em Curitiba, Semana do Avivamento ser\u00e1 oficializada","robots":{"index":"index","follow":"follow","max-snippet":"max-snippet:-1","max-image-preview":"max-image-preview:large","max-video-preview":"max-video-preview:-1"},"canonical":"https:\/\/jornalboasnoticias.com.br\/home\/criada-em-curitiba-semana-do-avivamento-sera-oficializada\/","og_locale":"pt_BR","og_type":"article","og_title":"Criada em Curitiba, Semana do Avivamento ser\u00e1 oficializada - Jornal","og_description":"Criada em Curitiba, Semana do Avivamento ser\u00e1 oficializada","og_url":"https:\/\/jornalboasnoticias.com.br\/home\/criada-em-curitiba-semana-do-avivamento-sera-oficializada\/","og_site_name":"Jornal","article_publisher":"https:\/\/www.facebook.com\/boasnoticiasjornal","article_published_time":"2025-11-27T14:58:02+00:00","article_modified_time":"2025-11-27T15:00:51+00:00","og_image":[{"width":799,"height":533,"url":"https:\/\/jornalboasnoticias.com.br\/home\/wp-content\/uploads\/2025\/11\/image.jpeg","type":"image\/jpeg"}],"author":"Luiz Carlos da Cruz","twitter_card":"summary_large_image","twitter_misc":{"Escrito por":"Luiz Carlos da Cruz","Est. tempo de leitura":"4 minutos"},"schema":{"@context":"https:\/\/schema.org","@graph":[{"@type":"Article","@id":"https:\/\/jornalboasnoticias.com.br\/home\/criada-em-curitiba-semana-do-avivamento-sera-oficializada\/#article","isPartOf":{"@id":"https:\/\/jornalboasnoticias.com.br\/home\/criada-em-curitiba-semana-do-avivamento-sera-oficializada\/"},"author":{"name":"Luiz Carlos da Cruz","@id":"https:\/\/jornalboasnoticias.com.br\/home\/#\/schema\/person\/75f9ebde398c998c166475fb446bda62"},"headline":"Criada em Curitiba, Semana do Avivamento ser\u00e1 oficializada","datePublished":"2025-11-27T14:58:02+00:00","dateModified":"2025-11-27T15:00:51+00:00","mainEntityOfPage":{"@id":"https:\/\/jornalboasnoticias.com.br\/home\/criada-em-curitiba-semana-do-avivamento-sera-oficializada\/"},"wordCount":666,"commentCount":0,"publisher":{"@id":"https:\/\/jornalboasnoticias.com.br\/home\/#organization"},"image":{"@id":"https:\/\/jornalboasnoticias.com.br\/home\/criada-em-curitiba-semana-do-avivamento-sera-oficializada\/#primaryimage"},"thumbnailUrl":"https:\/\/jornalboasnoticias.com.br\/home\/wp-content\/uploads\/2025\/11\/image.jpeg","articleSection":["DESTAQUE","PARAN\u00c1"],"inLanguage":"pt-BR","potentialAction":[{"@type":"CommentAction","name":"Comment","target":["https:\/\/jornalboasnoticias.com.br\/home\/criada-em-curitiba-semana-do-avivamento-sera-oficializada\/#respond"]}]},{"@type":"WebPage","@id":"https:\/\/jornalboasnoticias.com.br\/home\/criada-em-curitiba-semana-do-avivamento-sera-oficializada\/","url":"https:\/\/jornalboasnoticias.com.br\/home\/criada-em-curitiba-semana-do-avivamento-sera-oficializada\/","name":"Criada em Curitiba, Semana do Avivamento ser\u00e1 oficializada - Jornal","isPartOf":{"@id":"https:\/\/jornalboasnoticias.com.br\/home\/#website"},"primaryImageOfPage":{"@id":"https:\/\/jornalboasnoticias.com.br\/home\/criada-em-curitiba-semana-do-avivamento-sera-oficializada\/#primaryimage"},"image":{"@id":"https:\/\/jornalboasnoticias.com.br\/home\/criada-em-curitiba-semana-do-avivamento-sera-oficializada\/#primaryimage"},"thumbnailUrl":"https:\/\/jornalboasnoticias.com.br\/home\/wp-content\/uploads\/2025\/11\/image.jpeg","datePublished":"2025-11-27T14:58:02+00:00","dateModified":"2025-11-27T15:00:51+00:00","description":"Criada em Curitiba, Semana do Avivamento ser\u00e1 oficializada","breadcrumb":{"@id":"https:\/\/jornalboasnoticias.com.br\/home\/criada-em-curitiba-semana-do-avivamento-sera-oficializada\/#breadcrumb"},"inLanguage":"pt-BR","potentialAction":[{"@type":"ReadAction","target":["https:\/\/jornalboasnoticias.com.br\/home\/criada-em-curitiba-semana-do-avivamento-sera-oficializada\/"]}]},{"@type":"ImageObject","inLanguage":"pt-BR","@id":"https:\/\/jornalboasnoticias.com.br\/home\/criada-em-curitiba-semana-do-avivamento-sera-oficializada\/#primaryimage","url":"https:\/\/jornalboasnoticias.com.br\/home\/wp-content\/uploads\/2025\/11\/image.jpeg","contentUrl":"https:\/\/jornalboasnoticias.com.br\/home\/wp-content\/uploads\/2025\/11\/image.jpeg","width":799,"height":533,"caption":"Vota\u00e7\u00e3o do projeto de lei, de autoria de Guilherme Kilter, foi acompanhada por pastores de diferentes igrejas evang\u00e9licas. (Foto: Carlos Costa\/CMC)"},{"@type":"BreadcrumbList","@id":"https:\/\/jornalboasnoticias.com.br\/home\/criada-em-curitiba-semana-do-avivamento-sera-oficializada\/#breadcrumb","itemListElement":[{"@type":"ListItem","position":1,"name":"In\u00edcio","item":"https:\/\/jornalboasnoticias.com.br\/home\/"},{"@type":"ListItem","position":2,"name":"Criada em Curitiba, Semana do Avivamento ser\u00e1 oficializada"}]},{"@type":"WebSite","@id":"https:\/\/jornalboasnoticias.com.br\/home\/#website","url":"https:\/\/jornalboasnoticias.com.br\/home\/","name":"Jornal Boas Not\u00edcias","description":"Boas not\u00edcias","publisher":{"@id":"https:\/\/jornalboasnoticias.com.br\/home\/#organization"},"potentialAction":[{"@type":"SearchAction","target":{"@type":"EntryPoint","urlTemplate":"https:\/\/jornalboasnoticias.com.br\/home\/?s={search_term_string}"},"query-input":{"@type":"PropertyValueSpecification","valueRequired":true,"valueName":"search_term_string"}}],"inLanguage":"pt-BR"},{"@type":"Organization","@id":"https:\/\/jornalboasnoticias.com.br\/home\/#organization","name":"Coq Editora Ltda","alternateName":"Jornal Boas Noticias","url":"https:\/\/jornalboasnoticias.com.br\/home\/","logo":{"@type":"ImageObject","inLanguage":"pt-BR","@id":"https:\/\/jornalboasnoticias.com.br\/home\/#\/schema\/logo\/image\/","url":"https:\/\/jornalboasnoticias.com.br\/home\/wp-content\/uploads\/2024\/07\/cropped-logo.jpg","contentUrl":"https:\/\/jornalboasnoticias.com.br\/home\/wp-content\/uploads\/2024\/07\/cropped-logo.jpg","width":290,"height":142,"caption":"Coq Editora Ltda"},"image":{"@id":"https:\/\/jornalboasnoticias.com.br\/home\/#\/schema\/logo\/image\/"},"sameAs":["https:\/\/www.facebook.com\/boasnoticiasjornal"]},{"@type":"Person","@id":"https:\/\/jornalboasnoticias.com.br\/home\/#\/schema\/person\/75f9ebde398c998c166475fb446bda62","name":"Luiz Carlos da Cruz","image":{"@type":"ImageObject","inLanguage":"pt-BR","@id":"https:\/\/secure.gravatar.com\/avatar\/e6f4f45301b6cb8572f7b076572e8ac11c1db80e805d8c8d0858cf286ce3ac3b?s=96&d=mm&r=g","url":"https:\/\/secure.gravatar.com\/avatar\/e6f4f45301b6cb8572f7b076572e8ac11c1db80e805d8c8d0858cf286ce3ac3b?s=96&d=mm&r=g","contentUrl":"https:\/\/secure.gravatar.com\/avatar\/e6f4f45301b6cb8572f7b076572e8ac11c1db80e805d8c8d0858cf286ce3ac3b?s=96&d=mm&r=g","caption":"Luiz Carlos da Cruz"},"url":"https:\/\/jornalboasnoticias.com.br\/home\/author\/luiz-carlos-da-cruz\/"}]}},"_links":{"self":[{"href":"https:\/\/jornalboasnoticias.com.br\/home\/wp-json\/wp\/v2\/posts\/46547","targetHints":{"allow":["GET"]}}],"collection":[{"href":"https:\/\/jornalboasnoticias.com.br\/home\/wp-json\/wp\/v2\/posts"}],"about":[{"href":"https:\/\/jornalboasnoticias.com.br\/home\/wp-json\/wp\/v2\/types\/post"}],"author":[{"embeddable":true,"href":"https:\/\/jornalboasnoticias.com.br\/home\/wp-json\/wp\/v2\/users\/3"}],"replies":[{"embeddable":true,"href":"https:\/\/jornalboasnoticias.com.br\/home\/wp-json\/wp\/v2\/comments?post=46547"}],"version-history":[{"count":1,"href":"https:\/\/jornalboasnoticias.com.br\/home\/wp-json\/wp\/v2\/posts\/46547\/revisions"}],"predecessor-version":[{"id":46549,"href":"https:\/\/jornalboasnoticias.com.br\/home\/wp-json\/wp\/v2\/posts\/46547\/revisions\/46549"}],"wp:featuredmedia":[{"embeddable":true,"href":"https:\/\/jornalboasnoticias.com.br\/home\/wp-json\/wp\/v2\/media\/46548"}],"wp:attachment":[{"href":"https:\/\/jornalboasnoticias.com.br\/home\/wp-json\/wp\/v2\/media?parent=46547"}],"wp:term":[{"taxonomy":"category","embeddable":true,"href":"https:\/\/jornalboasnoticias.com.br\/home\/wp-json\/wp\/v2\/categories?post=46547"},{"taxonomy":"post_tag","embeddable":true,"href":"https:\/\/jornalboasnoticias.com.br\/home\/wp-json\/wp\/v2\/tags?post=46547"}],"curies":[{"name":"wp","href":"https:\/\/api.w.org\/{rel}","templated":true}]}}