{"id":46544,"date":"2025-11-27T15:10:05","date_gmt":"2025-11-27T15:10:05","guid":{"rendered":"https:\/\/jornalboasnoticias.com.br\/home\/?p=46544"},"modified":"2025-11-27T15:10:05","modified_gmt":"2025-11-27T15:10:05","slug":"cpmi-do-inss-nao-vota-convocacao-de-jorge-messias","status":"publish","type":"post","link":"https:\/\/jornalboasnoticias.com.br\/home\/cpmi-do-inss-nao-vota-convocacao-de-jorge-messias\/","title":{"rendered":"CPMI do INSS n\u00e3o vota convoca\u00e7\u00e3o de Jorge Messias"},"content":{"rendered":"<blockquote>\n<p style=\"text-align: center;\">Motivo \u00e9 a falta de consenso entre parlamentares<\/p>\n<\/blockquote>\n<figure id=\"attachment_46550\" aria-describedby=\"caption-attachment-46550\" style=\"width: 1000px\" class=\"wp-caption alignnone\"><img loading=\"lazy\" decoding=\"async\" class=\"size-full wp-image-46550\" src=\"https:\/\/jornalboasnoticias.com.br\/home\/wp-content\/uploads\/2025\/11\/lula3297-e1764256155818.webp\" alt=\"\" width=\"1000\" height=\"598\" \/><figcaption id=\"caption-attachment-46550\" class=\"wp-caption-text\">\u00a9 Lula Marques\/ Ag\u00eancia Braasil.<\/figcaption><\/figure>\n<p>A sess\u00e3o da Comiss\u00e3o Parlamentar Mista de Inqu\u00e9rito (CPMI) do INSS (Instituto Nacional do Seguro Social) n\u00e3o votar\u00e1 a convoca\u00e7\u00e3o do advogado-geral da Uni\u00e3o, Jorge Messias, nesta quinta-feira (27), por n\u00e3o haver consenso entre os parlamentares.<img decoding=\"async\" src=\"https:\/\/agenciabrasil.ebc.com.br\/ebc.png?id=1669795&amp;o=node\" \/><img decoding=\"async\" src=\"https:\/\/agenciabrasil.ebc.com.br\/ebc.gif?id=1669795&amp;o=node\" \/><\/p>\n<p>O presidente da CPMI do INSS, senador Carlos Viana (Podemos-MG) informou, na abertura da sess\u00e3o, que os\u00a0requerimentos sem acordo ser\u00e3o votados somente na pr\u00f3xima quinta-feira, 4 de dezembro, data da \u00faltima reuni\u00e3o da comiss\u00e3o\u00a0em 2025\u00a0antes do recesso de fim de ano no Congresso Nacional.<\/p>\n<blockquote><p>\u201cTanto o l\u00edder da oposi\u00e7\u00e3o quanto do governo, nos sentamos por um bom tempo e chegamos a um consenso para que possamos andar com os trabalhos. Como presidente, digo que vamos no que \u00e9 poss\u00edvel hoje e\u00a0na semana que vem, quando teremos a \u00faltima semana do ano da CPMI \u201d<\/p><\/blockquote>\n<p>Jorge Messias foi indicado pelo presidente Luiz In\u00e1cio Lula da Silva para ocupar o cargo de ministro do Supremo Tribunal Federal (STF), no lugar do ex-ministro aposentado Lu\u00eds Roberto Barroso.\u00a0A sabatina dele na Comiss\u00e3o de Constitui\u00e7\u00e3o e Justi\u00e7a (CCJ) ser\u00e1 no pr\u00f3ximo dia 10 de dezembro.<\/p>\n<h2>Investiga\u00e7\u00e3o da CPMI<\/h2>\n<p>A comiss\u00e3o busca identificar falhas e responsabilidades pelo rombo que teria\u00a0permitido\u00a0que descontos indevidos de aposentados e pensionistas\u00a0fossem mantidos. Segundo parlamentares, Messias teria sido avisado sobre o esquema fraudulento e ignorou os alertas oficiais.<\/p>\n<p>Para esclarecer a atua\u00e7\u00e3o da AGU, em rela\u00e7\u00e3o aos descontos irregulares, o AGU, Jorge Messias\u00a0foi convidado anteriormente pela CPMI do INSS, por\u00e9m n\u00e3o compareceu.<\/p>\n<p>Os parlamentares da comiss\u00e3o querem saber quais a\u00e7\u00f5es Messias tomou ap\u00f3s ter acesso a informa\u00e7\u00f5es do relat\u00f3rio da Controladoria-Geral da Uni\u00e3o (CGU) que indicavam que associa\u00e7\u00f5es estavam realizando descontos indevidos nos benef\u00edcios de aposentados.<\/p>\n<p>Al\u00e9m disso, se as poss\u00edveis decis\u00f5es da AGU foram tornadas p\u00fablicas, ou se foram mantidas confidenciais.<\/p>\n<h2>Trabalho da CPMI<\/h2>\n<p>Nesta quinta-feira, a CPMI do INSS ouve o depoimento de Mauro Palombo, contador de diversas empresas que, segundo a CPMI, teriam recebido dinheiro da Amar Brasil (ABCB), associa\u00e7\u00e3o apontada como respons\u00e1vel por\u00a0repasses de recursos e\u00a0fraudes contra aposentados e pensionistas. O contador foi convocado para esclarecer se houve lavagem de dinheiro.<\/p>\n<p>Os parlamentares tamb\u00e9m votam, nesta quinta, requerimentos de convoca\u00e7\u00e3o, quebras de sigilo, de pris\u00e3o de supostos envolvidos e solicita\u00e7\u00e3o de informa\u00e7\u00f5es a diversos \u00f3rg\u00e3os, como a Receita Federal e DataPrev [Empresa de Tecnologia e Informa\u00e7\u00f5es da Previd\u00eancia Social], vinculada ao Minist\u00e9rio da Gest\u00e3o e da Inova\u00e7\u00e3o em Servi\u00e7os P\u00fablicos.<\/p>\n<p><em>Ag\u00eancia Brasil<\/em><\/p>\n","protected":false},"excerpt":{"rendered":"<p>Motivo \u00e9 a falta de consenso entre parlamentares A sess\u00e3o da Comiss\u00e3o Parlamentar Mista de<\/p>\n","protected":false},"author":3,"featured_media":46550,"comment_status":"open","ping_status":"open","sticky":false,"template":"","format":"standard","meta":{"footnotes":""},"categories":[3,96],"tags":[],"class_list":["post-46544","post","type-post","status-publish","format-standard","has-post-thumbnail","hentry","category-destaques","category-politica"],"yoast_head":"<!-- This site is optimized with the Yoast SEO plugin v27.5 - https:\/\/yoast.com\/product\/yoast-seo-wordpress\/ -->\n<title>CPMI do INSS n\u00e3o vota convoca\u00e7\u00e3o de Jorge Messias - Jornal<\/title>\n<meta name=\"description\" content=\"CPMI do INSS n\u00e3o vota convoca\u00e7\u00e3o de Jorge Messias\" \/>\n<meta name=\"robots\" content=\"index, follow, max-snippet:-1, max-image-preview:large, max-video-preview:-1\" \/>\n<link rel=\"canonical\" href=\"https:\/\/jornalboasnoticias.com.br\/home\/cpmi-do-inss-nao-vota-convocacao-de-jorge-messias\/\" \/>\n<meta property=\"og:locale\" content=\"pt_BR\" \/>\n<meta property=\"og:type\" content=\"article\" \/>\n<meta property=\"og:title\" content=\"CPMI do INSS n\u00e3o vota convoca\u00e7\u00e3o de Jorge Messias - Jornal\" \/>\n<meta property=\"og:description\" content=\"CPMI do INSS n\u00e3o vota convoca\u00e7\u00e3o de Jorge Messias\" \/>\n<meta property=\"og:url\" content=\"https:\/\/jornalboasnoticias.com.br\/home\/cpmi-do-inss-nao-vota-convocacao-de-jorge-messias\/\" \/>\n<meta property=\"og:site_name\" content=\"Jornal\" \/>\n<meta property=\"article:publisher\" content=\"https:\/\/www.facebook.com\/boasnoticiasjornal\" \/>\n<meta property=\"article:published_time\" content=\"2025-11-27T15:10:05+00:00\" \/>\n<meta property=\"og:image\" content=\"https:\/\/jornalboasnoticias.com.br\/home\/wp-content\/uploads\/2025\/11\/lula3297-e1764256155818.webp\" \/>\n\t<meta property=\"og:image:width\" content=\"1000\" \/>\n\t<meta property=\"og:image:height\" content=\"598\" \/>\n\t<meta property=\"og:image:type\" content=\"image\/webp\" \/>\n<meta name=\"author\" content=\"Luiz Carlos da Cruz\" \/>\n<meta name=\"twitter:card\" content=\"summary_large_image\" \/>\n<meta name=\"twitter:label1\" content=\"Escrito por\" \/>\n\t<meta name=\"twitter:data1\" content=\"Luiz Carlos da Cruz\" \/>\n\t<meta name=\"twitter:label2\" content=\"Est. tempo de leitura\" \/>\n\t<meta name=\"twitter:data2\" content=\"3 minutos\" \/>\n<script type=\"application\/ld+json\" class=\"yoast-schema-graph\">{\"@context\":\"https:\\\/\\\/schema.org\",\"@graph\":[{\"@type\":\"Article\",\"@id\":\"https:\\\/\\\/jornalboasnoticias.com.br\\\/home\\\/cpmi-do-inss-nao-vota-convocacao-de-jorge-messias\\\/#article\",\"isPartOf\":{\"@id\":\"https:\\\/\\\/jornalboasnoticias.com.br\\\/home\\\/cpmi-do-inss-nao-vota-convocacao-de-jorge-messias\\\/\"},\"author\":{\"name\":\"Luiz Carlos da Cruz\",\"@id\":\"https:\\\/\\\/jornalboasnoticias.com.br\\\/home\\\/#\\\/schema\\\/person\\\/75f9ebde398c998c166475fb446bda62\"},\"headline\":\"CPMI do INSS n\u00e3o vota convoca\u00e7\u00e3o de Jorge Messias\",\"datePublished\":\"2025-11-27T15:10:05+00:00\",\"mainEntityOfPage\":{\"@id\":\"https:\\\/\\\/jornalboasnoticias.com.br\\\/home\\\/cpmi-do-inss-nao-vota-convocacao-de-jorge-messias\\\/\"},\"wordCount\":480,\"commentCount\":0,\"publisher\":{\"@id\":\"https:\\\/\\\/jornalboasnoticias.com.br\\\/home\\\/#organization\"},\"image\":{\"@id\":\"https:\\\/\\\/jornalboasnoticias.com.br\\\/home\\\/cpmi-do-inss-nao-vota-convocacao-de-jorge-messias\\\/#primaryimage\"},\"thumbnailUrl\":\"https:\\\/\\\/jornalboasnoticias.com.br\\\/home\\\/wp-content\\\/uploads\\\/2025\\\/11\\\/lula3297-e1764256155818.webp\",\"articleSection\":[\"DESTAQUE\",\"POL\u00cdTICA\"],\"inLanguage\":\"pt-BR\",\"potentialAction\":[{\"@type\":\"CommentAction\",\"name\":\"Comment\",\"target\":[\"https:\\\/\\\/jornalboasnoticias.com.br\\\/home\\\/cpmi-do-inss-nao-vota-convocacao-de-jorge-messias\\\/#respond\"]}]},{\"@type\":\"WebPage\",\"@id\":\"https:\\\/\\\/jornalboasnoticias.com.br\\\/home\\\/cpmi-do-inss-nao-vota-convocacao-de-jorge-messias\\\/\",\"url\":\"https:\\\/\\\/jornalboasnoticias.com.br\\\/home\\\/cpmi-do-inss-nao-vota-convocacao-de-jorge-messias\\\/\",\"name\":\"CPMI do INSS n\u00e3o vota convoca\u00e7\u00e3o de Jorge Messias - Jornal\",\"isPartOf\":{\"@id\":\"https:\\\/\\\/jornalboasnoticias.com.br\\\/home\\\/#website\"},\"primaryImageOfPage\":{\"@id\":\"https:\\\/\\\/jornalboasnoticias.com.br\\\/home\\\/cpmi-do-inss-nao-vota-convocacao-de-jorge-messias\\\/#primaryimage\"},\"image\":{\"@id\":\"https:\\\/\\\/jornalboasnoticias.com.br\\\/home\\\/cpmi-do-inss-nao-vota-convocacao-de-jorge-messias\\\/#primaryimage\"},\"thumbnailUrl\":\"https:\\\/\\\/jornalboasnoticias.com.br\\\/home\\\/wp-content\\\/uploads\\\/2025\\\/11\\\/lula3297-e1764256155818.webp\",\"datePublished\":\"2025-11-27T15:10:05+00:00\",\"description\":\"CPMI do INSS n\u00e3o vota convoca\u00e7\u00e3o de Jorge Messias\",\"breadcrumb\":{\"@id\":\"https:\\\/\\\/jornalboasnoticias.com.br\\\/home\\\/cpmi-do-inss-nao-vota-convocacao-de-jorge-messias\\\/#breadcrumb\"},\"inLanguage\":\"pt-BR\",\"potentialAction\":[{\"@type\":\"ReadAction\",\"target\":[\"https:\\\/\\\/jornalboasnoticias.com.br\\\/home\\\/cpmi-do-inss-nao-vota-convocacao-de-jorge-messias\\\/\"]}]},{\"@type\":\"ImageObject\",\"inLanguage\":\"pt-BR\",\"@id\":\"https:\\\/\\\/jornalboasnoticias.com.br\\\/home\\\/cpmi-do-inss-nao-vota-convocacao-de-jorge-messias\\\/#primaryimage\",\"url\":\"https:\\\/\\\/jornalboasnoticias.com.br\\\/home\\\/wp-content\\\/uploads\\\/2025\\\/11\\\/lula3297-e1764256155818.webp\",\"contentUrl\":\"https:\\\/\\\/jornalboasnoticias.com.br\\\/home\\\/wp-content\\\/uploads\\\/2025\\\/11\\\/lula3297-e1764256155818.webp\",\"width\":1000,\"height\":598,\"caption\":\"\u00a9 Lula Marques\\\/ Ag\u00eancia Braasil.\"},{\"@type\":\"BreadcrumbList\",\"@id\":\"https:\\\/\\\/jornalboasnoticias.com.br\\\/home\\\/cpmi-do-inss-nao-vota-convocacao-de-jorge-messias\\\/#breadcrumb\",\"itemListElement\":[{\"@type\":\"ListItem\",\"position\":1,\"name\":\"In\u00edcio\",\"item\":\"https:\\\/\\\/jornalboasnoticias.com.br\\\/home\\\/\"},{\"@type\":\"ListItem\",\"position\":2,\"name\":\"CPMI do INSS n\u00e3o vota convoca\u00e7\u00e3o de Jorge Messias\"}]},{\"@type\":\"WebSite\",\"@id\":\"https:\\\/\\\/jornalboasnoticias.com.br\\\/home\\\/#website\",\"url\":\"https:\\\/\\\/jornalboasnoticias.com.br\\\/home\\\/\",\"name\":\"Jornal Boas Not\u00edcias\",\"description\":\"Boas not\u00edcias\",\"publisher\":{\"@id\":\"https:\\\/\\\/jornalboasnoticias.com.br\\\/home\\\/#organization\"},\"potentialAction\":[{\"@type\":\"SearchAction\",\"target\":{\"@type\":\"EntryPoint\",\"urlTemplate\":\"https:\\\/\\\/jornalboasnoticias.com.br\\\/home\\\/?s={search_term_string}\"},\"query-input\":{\"@type\":\"PropertyValueSpecification\",\"valueRequired\":true,\"valueName\":\"search_term_string\"}}],\"inLanguage\":\"pt-BR\"},{\"@type\":\"Organization\",\"@id\":\"https:\\\/\\\/jornalboasnoticias.com.br\\\/home\\\/#organization\",\"name\":\"Coq Editora Ltda\",\"alternateName\":\"Jornal Boas Noticias\",\"url\":\"https:\\\/\\\/jornalboasnoticias.com.br\\\/home\\\/\",\"logo\":{\"@type\":\"ImageObject\",\"inLanguage\":\"pt-BR\",\"@id\":\"https:\\\/\\\/jornalboasnoticias.com.br\\\/home\\\/#\\\/schema\\\/logo\\\/image\\\/\",\"url\":\"https:\\\/\\\/jornalboasnoticias.com.br\\\/home\\\/wp-content\\\/uploads\\\/2024\\\/07\\\/cropped-logo.jpg\",\"contentUrl\":\"https:\\\/\\\/jornalboasnoticias.com.br\\\/home\\\/wp-content\\\/uploads\\\/2024\\\/07\\\/cropped-logo.jpg\",\"width\":290,\"height\":142,\"caption\":\"Coq Editora Ltda\"},\"image\":{\"@id\":\"https:\\\/\\\/jornalboasnoticias.com.br\\\/home\\\/#\\\/schema\\\/logo\\\/image\\\/\"},\"sameAs\":[\"https:\\\/\\\/www.facebook.com\\\/boasnoticiasjornal\"]},{\"@type\":\"Person\",\"@id\":\"https:\\\/\\\/jornalboasnoticias.com.br\\\/home\\\/#\\\/schema\\\/person\\\/75f9ebde398c998c166475fb446bda62\",\"name\":\"Luiz Carlos da Cruz\",\"image\":{\"@type\":\"ImageObject\",\"inLanguage\":\"pt-BR\",\"@id\":\"https:\\\/\\\/secure.gravatar.com\\\/avatar\\\/e6f4f45301b6cb8572f7b076572e8ac11c1db80e805d8c8d0858cf286ce3ac3b?s=96&d=mm&r=g\",\"url\":\"https:\\\/\\\/secure.gravatar.com\\\/avatar\\\/e6f4f45301b6cb8572f7b076572e8ac11c1db80e805d8c8d0858cf286ce3ac3b?s=96&d=mm&r=g\",\"contentUrl\":\"https:\\\/\\\/secure.gravatar.com\\\/avatar\\\/e6f4f45301b6cb8572f7b076572e8ac11c1db80e805d8c8d0858cf286ce3ac3b?s=96&d=mm&r=g\",\"caption\":\"Luiz Carlos da Cruz\"},\"url\":\"https:\\\/\\\/jornalboasnoticias.com.br\\\/home\\\/author\\\/luiz-carlos-da-cruz\\\/\"}]}<\/script>\n<!-- \/ Yoast SEO plugin. -->","yoast_head_json":{"title":"CPMI do INSS n\u00e3o vota convoca\u00e7\u00e3o de Jorge Messias - Jornal","description":"CPMI do INSS n\u00e3o vota convoca\u00e7\u00e3o de Jorge Messias","robots":{"index":"index","follow":"follow","max-snippet":"max-snippet:-1","max-image-preview":"max-image-preview:large","max-video-preview":"max-video-preview:-1"},"canonical":"https:\/\/jornalboasnoticias.com.br\/home\/cpmi-do-inss-nao-vota-convocacao-de-jorge-messias\/","og_locale":"pt_BR","og_type":"article","og_title":"CPMI do INSS n\u00e3o vota convoca\u00e7\u00e3o de Jorge Messias - Jornal","og_description":"CPMI do INSS n\u00e3o vota convoca\u00e7\u00e3o de Jorge Messias","og_url":"https:\/\/jornalboasnoticias.com.br\/home\/cpmi-do-inss-nao-vota-convocacao-de-jorge-messias\/","og_site_name":"Jornal","article_publisher":"https:\/\/www.facebook.com\/boasnoticiasjornal","article_published_time":"2025-11-27T15:10:05+00:00","og_image":[{"width":1000,"height":598,"url":"https:\/\/jornalboasnoticias.com.br\/home\/wp-content\/uploads\/2025\/11\/lula3297-e1764256155818.webp","type":"image\/webp"}],"author":"Luiz Carlos da Cruz","twitter_card":"summary_large_image","twitter_misc":{"Escrito por":"Luiz Carlos da Cruz","Est. tempo de leitura":"3 minutos"},"schema":{"@context":"https:\/\/schema.org","@graph":[{"@type":"Article","@id":"https:\/\/jornalboasnoticias.com.br\/home\/cpmi-do-inss-nao-vota-convocacao-de-jorge-messias\/#article","isPartOf":{"@id":"https:\/\/jornalboasnoticias.com.br\/home\/cpmi-do-inss-nao-vota-convocacao-de-jorge-messias\/"},"author":{"name":"Luiz Carlos da Cruz","@id":"https:\/\/jornalboasnoticias.com.br\/home\/#\/schema\/person\/75f9ebde398c998c166475fb446bda62"},"headline":"CPMI do INSS n\u00e3o vota convoca\u00e7\u00e3o de Jorge Messias","datePublished":"2025-11-27T15:10:05+00:00","mainEntityOfPage":{"@id":"https:\/\/jornalboasnoticias.com.br\/home\/cpmi-do-inss-nao-vota-convocacao-de-jorge-messias\/"},"wordCount":480,"commentCount":0,"publisher":{"@id":"https:\/\/jornalboasnoticias.com.br\/home\/#organization"},"image":{"@id":"https:\/\/jornalboasnoticias.com.br\/home\/cpmi-do-inss-nao-vota-convocacao-de-jorge-messias\/#primaryimage"},"thumbnailUrl":"https:\/\/jornalboasnoticias.com.br\/home\/wp-content\/uploads\/2025\/11\/lula3297-e1764256155818.webp","articleSection":["DESTAQUE","POL\u00cdTICA"],"inLanguage":"pt-BR","potentialAction":[{"@type":"CommentAction","name":"Comment","target":["https:\/\/jornalboasnoticias.com.br\/home\/cpmi-do-inss-nao-vota-convocacao-de-jorge-messias\/#respond"]}]},{"@type":"WebPage","@id":"https:\/\/jornalboasnoticias.com.br\/home\/cpmi-do-inss-nao-vota-convocacao-de-jorge-messias\/","url":"https:\/\/jornalboasnoticias.com.br\/home\/cpmi-do-inss-nao-vota-convocacao-de-jorge-messias\/","name":"CPMI do INSS n\u00e3o vota convoca\u00e7\u00e3o de Jorge Messias - Jornal","isPartOf":{"@id":"https:\/\/jornalboasnoticias.com.br\/home\/#website"},"primaryImageOfPage":{"@id":"https:\/\/jornalboasnoticias.com.br\/home\/cpmi-do-inss-nao-vota-convocacao-de-jorge-messias\/#primaryimage"},"image":{"@id":"https:\/\/jornalboasnoticias.com.br\/home\/cpmi-do-inss-nao-vota-convocacao-de-jorge-messias\/#primaryimage"},"thumbnailUrl":"https:\/\/jornalboasnoticias.com.br\/home\/wp-content\/uploads\/2025\/11\/lula3297-e1764256155818.webp","datePublished":"2025-11-27T15:10:05+00:00","description":"CPMI do INSS n\u00e3o vota convoca\u00e7\u00e3o de Jorge Messias","breadcrumb":{"@id":"https:\/\/jornalboasnoticias.com.br\/home\/cpmi-do-inss-nao-vota-convocacao-de-jorge-messias\/#breadcrumb"},"inLanguage":"pt-BR","potentialAction":[{"@type":"ReadAction","target":["https:\/\/jornalboasnoticias.com.br\/home\/cpmi-do-inss-nao-vota-convocacao-de-jorge-messias\/"]}]},{"@type":"ImageObject","inLanguage":"pt-BR","@id":"https:\/\/jornalboasnoticias.com.br\/home\/cpmi-do-inss-nao-vota-convocacao-de-jorge-messias\/#primaryimage","url":"https:\/\/jornalboasnoticias.com.br\/home\/wp-content\/uploads\/2025\/11\/lula3297-e1764256155818.webp","contentUrl":"https:\/\/jornalboasnoticias.com.br\/home\/wp-content\/uploads\/2025\/11\/lula3297-e1764256155818.webp","width":1000,"height":598,"caption":"\u00a9 Lula Marques\/ Ag\u00eancia Braasil."},{"@type":"BreadcrumbList","@id":"https:\/\/jornalboasnoticias.com.br\/home\/cpmi-do-inss-nao-vota-convocacao-de-jorge-messias\/#breadcrumb","itemListElement":[{"@type":"ListItem","position":1,"name":"In\u00edcio","item":"https:\/\/jornalboasnoticias.com.br\/home\/"},{"@type":"ListItem","position":2,"name":"CPMI do INSS n\u00e3o vota convoca\u00e7\u00e3o de Jorge Messias"}]},{"@type":"WebSite","@id":"https:\/\/jornalboasnoticias.com.br\/home\/#website","url":"https:\/\/jornalboasnoticias.com.br\/home\/","name":"Jornal Boas Not\u00edcias","description":"Boas not\u00edcias","publisher":{"@id":"https:\/\/jornalboasnoticias.com.br\/home\/#organization"},"potentialAction":[{"@type":"SearchAction","target":{"@type":"EntryPoint","urlTemplate":"https:\/\/jornalboasnoticias.com.br\/home\/?s={search_term_string}"},"query-input":{"@type":"PropertyValueSpecification","valueRequired":true,"valueName":"search_term_string"}}],"inLanguage":"pt-BR"},{"@type":"Organization","@id":"https:\/\/jornalboasnoticias.com.br\/home\/#organization","name":"Coq Editora Ltda","alternateName":"Jornal Boas Noticias","url":"https:\/\/jornalboasnoticias.com.br\/home\/","logo":{"@type":"ImageObject","inLanguage":"pt-BR","@id":"https:\/\/jornalboasnoticias.com.br\/home\/#\/schema\/logo\/image\/","url":"https:\/\/jornalboasnoticias.com.br\/home\/wp-content\/uploads\/2024\/07\/cropped-logo.jpg","contentUrl":"https:\/\/jornalboasnoticias.com.br\/home\/wp-content\/uploads\/2024\/07\/cropped-logo.jpg","width":290,"height":142,"caption":"Coq Editora Ltda"},"image":{"@id":"https:\/\/jornalboasnoticias.com.br\/home\/#\/schema\/logo\/image\/"},"sameAs":["https:\/\/www.facebook.com\/boasnoticiasjornal"]},{"@type":"Person","@id":"https:\/\/jornalboasnoticias.com.br\/home\/#\/schema\/person\/75f9ebde398c998c166475fb446bda62","name":"Luiz Carlos da Cruz","image":{"@type":"ImageObject","inLanguage":"pt-BR","@id":"https:\/\/secure.gravatar.com\/avatar\/e6f4f45301b6cb8572f7b076572e8ac11c1db80e805d8c8d0858cf286ce3ac3b?s=96&d=mm&r=g","url":"https:\/\/secure.gravatar.com\/avatar\/e6f4f45301b6cb8572f7b076572e8ac11c1db80e805d8c8d0858cf286ce3ac3b?s=96&d=mm&r=g","contentUrl":"https:\/\/secure.gravatar.com\/avatar\/e6f4f45301b6cb8572f7b076572e8ac11c1db80e805d8c8d0858cf286ce3ac3b?s=96&d=mm&r=g","caption":"Luiz Carlos da Cruz"},"url":"https:\/\/jornalboasnoticias.com.br\/home\/author\/luiz-carlos-da-cruz\/"}]}},"_links":{"self":[{"href":"https:\/\/jornalboasnoticias.com.br\/home\/wp-json\/wp\/v2\/posts\/46544","targetHints":{"allow":["GET"]}}],"collection":[{"href":"https:\/\/jornalboasnoticias.com.br\/home\/wp-json\/wp\/v2\/posts"}],"about":[{"href":"https:\/\/jornalboasnoticias.com.br\/home\/wp-json\/wp\/v2\/types\/post"}],"author":[{"embeddable":true,"href":"https:\/\/jornalboasnoticias.com.br\/home\/wp-json\/wp\/v2\/users\/3"}],"replies":[{"embeddable":true,"href":"https:\/\/jornalboasnoticias.com.br\/home\/wp-json\/wp\/v2\/comments?post=46544"}],"version-history":[{"count":1,"href":"https:\/\/jornalboasnoticias.com.br\/home\/wp-json\/wp\/v2\/posts\/46544\/revisions"}],"predecessor-version":[{"id":46551,"href":"https:\/\/jornalboasnoticias.com.br\/home\/wp-json\/wp\/v2\/posts\/46544\/revisions\/46551"}],"wp:featuredmedia":[{"embeddable":true,"href":"https:\/\/jornalboasnoticias.com.br\/home\/wp-json\/wp\/v2\/media\/46550"}],"wp:attachment":[{"href":"https:\/\/jornalboasnoticias.com.br\/home\/wp-json\/wp\/v2\/media?parent=46544"}],"wp:term":[{"taxonomy":"category","embeddable":true,"href":"https:\/\/jornalboasnoticias.com.br\/home\/wp-json\/wp\/v2\/categories?post=46544"},{"taxonomy":"post_tag","embeddable":true,"href":"https:\/\/jornalboasnoticias.com.br\/home\/wp-json\/wp\/v2\/tags?post=46544"}],"curies":[{"name":"wp","href":"https:\/\/api.w.org\/{rel}","templated":true}]}}