{"id":46537,"date":"2025-11-27T14:25:14","date_gmt":"2025-11-27T14:25:14","guid":{"rendered":"https:\/\/jornalboasnoticias.com.br\/home\/?p=46537"},"modified":"2025-11-27T14:25:14","modified_gmt":"2025-11-27T14:25:14","slug":"novo-voo-da-gol-entre-foz-do-iguacu-e-fortaleza-comeca-a-funcionar-neste-final-de-semana","status":"publish","type":"post","link":"https:\/\/jornalboasnoticias.com.br\/home\/novo-voo-da-gol-entre-foz-do-iguacu-e-fortaleza-comeca-a-funcionar-neste-final-de-semana\/","title":{"rendered":"Novo voo da Gol entre Foz do Igua\u00e7u e Fortaleza come\u00e7a a funcionar neste final de semana"},"content":{"rendered":"<blockquote>\n<p style=\"text-align: center;\">Fortaleza ser\u00e1 o quarto destino e aeroporto dom\u00e9stico da GOL atendido a partir de Foz do Igua\u00e7u, onde a companhia j\u00e1 opera voos para S\u00e3o Paulo\/Congonhas (CGH) e Guarulhos (GRU), e Rio de Janeiro\/RIOgale\u00e3o (GIG).<\/p>\n<\/blockquote>\n<figure id=\"attachment_46538\" aria-describedby=\"caption-attachment-46538\" style=\"width: 1000px\" class=\"wp-caption alignnone\"><img loading=\"lazy\" decoding=\"async\" class=\"size-full wp-image-46538\" src=\"https:\/\/jornalboasnoticias.com.br\/home\/wp-content\/uploads\/2025\/11\/20200222_agb_foz-27-scaled-e1764253465858.jpg\" alt=\"\" width=\"1000\" height=\"666\" \/><figcaption id=\"caption-attachment-46538\" class=\"wp-caption-text\">Foto: Geraldo Bubniak\/AEN<\/figcaption><\/figure>\n<p>O novo voo da Gol Linhas A\u00e9reas entre Foz de Igua\u00e7u e Fortaleza, no Cear\u00e1, come\u00e7a a funcionar neste fim de semana, no dia 29 de novembro, com uma frequ\u00eancia semanal de ida e volta, aos s\u00e1bados, a partir do Aeroporto Internacional de Foz do Igua\u00e7u\/Cataratas.<\/p>\n<p>Com a nova rota a partir de Foz do Igua\u00e7u, a empresa quer refor\u00e7ar sua presen\u00e7a estrat\u00e9gica em Fortaleza, uma das principais portas de entrada do Nordeste, e ampliar as conex\u00f5es com um dos principais cart\u00f5es-postais do Brasil, as\u00a0Cataratas do Igua\u00e7u.\u00a0Os voos ser\u00e3o operados com as aeronaves Boeing 737, incluindo o 737 MAX 8. A capacidade \u00e9 de 186 passageiros.<\/p>\n<p>\u201cFoz do Igua\u00e7u \u00e9 um dos destinos globais dentro do Brasil e essa nova conex\u00e3o com Fortaleza e o Nordeste ajudar\u00e1 a atrair mais turistas para o Paran\u00e1. Foz do Igua\u00e7u passa por um grande momento: al\u00e9m dos pontos tur\u00edsticos tradicionais, como as Cataratas do Igua\u00e7u ou Itaipu, agora conta com o AquaFoz, um dos maiores aqu\u00e1rios da Am\u00e9rica do Sul, e em breve o Centre Pompidou Paran\u00e1. Com esses atrativos, a cidade se consolida cada vez mais dentro do cen\u00e1rio nacional\u201d, afirma Eduardo Bekin, diretor-presidente da Invest Paran\u00e1.<\/p>\n<p>\u201cCom os novos voos diretos entre Fortaleza e Foz do Igua\u00e7u, a Gol amplia sua malha e consolida Foz como a sua sexta base atendida diretamente a partir de Fortaleza. A nova liga\u00e7\u00e3o diversifica as op\u00e7\u00f5es de viagem para os clientes da Tr\u00edplice Fronteira, encurtando dist\u00e2ncias com o Nordeste e conectando dois destinos que se complementam em beleza e experi\u00eancias\u201d, destaca Mateus Pongeluppi, VP Comercial da Gol.<\/p>\n<p>Fortaleza ser\u00e1 o quarto destino e aeroporto dom\u00e9stico da Gol atendido a partir de Foz do Igua\u00e7u, onde a companhia j\u00e1 opera voos para S\u00e3o Paulo\/Congonhas (CGH) e Guarulhos (GRU), e Rio de Janeiro\/RIOgale\u00e3o (GIG).<\/p>\n<h2><strong>Confira as frequ\u00eancias e os hor\u00e1rios dos voos:<\/strong><\/h2>\n<p>Foz do Igua\u00e7u (IGU) &#8211; Fortaleza (FOR): a partir de 29\/11\/2025<\/p>\n<p>Origem &#8211; Fortaleza (FOR) &#8211; 18h20 &#8211; Destino &#8211;\u00a0Foz do Igua\u00e7u (IGU) &#8211; 22h40<\/p>\n<p>Origem &#8211;\u00a0Foz do Igua\u00e7u (IGU) &#8211; 19h25 &#8211; Destino &#8211; Fortaleza (FOR) &#8211; 23h25<\/p>\n<p><em>Ag\u00eancia Estadual de Not\u00edcias<\/em><\/p>\n","protected":false},"excerpt":{"rendered":"<p>Fortaleza ser\u00e1 o quarto destino e aeroporto dom\u00e9stico da GOL atendido a partir de Foz<\/p>\n","protected":false},"author":3,"featured_media":46538,"comment_status":"open","ping_status":"open","sticky":false,"template":"","format":"standard","meta":{"footnotes":""},"categories":[3,4],"tags":[],"class_list":["post-46537","post","type-post","status-publish","format-standard","has-post-thumbnail","hentry","category-destaques","category-parana"],"yoast_head":"<!-- This site is optimized with the Yoast SEO plugin v27.5 - https:\/\/yoast.com\/product\/yoast-seo-wordpress\/ -->\n<title>Novo voo da Gol entre Foz do Igua\u00e7u e Fortaleza come\u00e7a a funcionar neste final de semana - Jornal<\/title>\n<meta name=\"description\" content=\"Novo voo da Gol entre Foz do Igua\u00e7u e Fortaleza come\u00e7a a funcionar neste final de semana\" \/>\n<meta name=\"robots\" content=\"index, follow, max-snippet:-1, max-image-preview:large, max-video-preview:-1\" \/>\n<link rel=\"canonical\" href=\"https:\/\/jornalboasnoticias.com.br\/home\/novo-voo-da-gol-entre-foz-do-iguacu-e-fortaleza-comeca-a-funcionar-neste-final-de-semana\/\" \/>\n<meta property=\"og:locale\" content=\"pt_BR\" \/>\n<meta property=\"og:type\" content=\"article\" \/>\n<meta property=\"og:title\" content=\"Novo voo da Gol entre Foz do Igua\u00e7u e Fortaleza come\u00e7a a funcionar neste final de semana - Jornal\" \/>\n<meta property=\"og:description\" content=\"Novo voo da Gol entre Foz do Igua\u00e7u e Fortaleza come\u00e7a a funcionar neste final de semana\" \/>\n<meta property=\"og:url\" content=\"https:\/\/jornalboasnoticias.com.br\/home\/novo-voo-da-gol-entre-foz-do-iguacu-e-fortaleza-comeca-a-funcionar-neste-final-de-semana\/\" \/>\n<meta property=\"og:site_name\" content=\"Jornal\" \/>\n<meta property=\"article:publisher\" content=\"https:\/\/www.facebook.com\/boasnoticiasjornal\" \/>\n<meta property=\"article:published_time\" content=\"2025-11-27T14:25:14+00:00\" \/>\n<meta property=\"og:image\" content=\"https:\/\/jornalboasnoticias.com.br\/home\/wp-content\/uploads\/2025\/11\/20200222_agb_foz-27-scaled-e1764253465858.jpg\" \/>\n\t<meta property=\"og:image:width\" content=\"1000\" \/>\n\t<meta property=\"og:image:height\" content=\"666\" \/>\n\t<meta property=\"og:image:type\" content=\"image\/jpeg\" \/>\n<meta name=\"author\" content=\"Luiz Carlos da Cruz\" \/>\n<meta name=\"twitter:card\" content=\"summary_large_image\" \/>\n<meta name=\"twitter:label1\" content=\"Escrito por\" \/>\n\t<meta name=\"twitter:data1\" content=\"Luiz Carlos da Cruz\" \/>\n\t<meta name=\"twitter:label2\" content=\"Est. tempo de leitura\" \/>\n\t<meta name=\"twitter:data2\" content=\"3 minutos\" \/>\n<script type=\"application\/ld+json\" class=\"yoast-schema-graph\">{\"@context\":\"https:\\\/\\\/schema.org\",\"@graph\":[{\"@type\":\"Article\",\"@id\":\"https:\\\/\\\/jornalboasnoticias.com.br\\\/home\\\/novo-voo-da-gol-entre-foz-do-iguacu-e-fortaleza-comeca-a-funcionar-neste-final-de-semana\\\/#article\",\"isPartOf\":{\"@id\":\"https:\\\/\\\/jornalboasnoticias.com.br\\\/home\\\/novo-voo-da-gol-entre-foz-do-iguacu-e-fortaleza-comeca-a-funcionar-neste-final-de-semana\\\/\"},\"author\":{\"name\":\"Luiz Carlos da Cruz\",\"@id\":\"https:\\\/\\\/jornalboasnoticias.com.br\\\/home\\\/#\\\/schema\\\/person\\\/75f9ebde398c998c166475fb446bda62\"},\"headline\":\"Novo voo da Gol entre Foz do Igua\u00e7u e Fortaleza come\u00e7a a funcionar neste final de semana\",\"datePublished\":\"2025-11-27T14:25:14+00:00\",\"mainEntityOfPage\":{\"@id\":\"https:\\\/\\\/jornalboasnoticias.com.br\\\/home\\\/novo-voo-da-gol-entre-foz-do-iguacu-e-fortaleza-comeca-a-funcionar-neste-final-de-semana\\\/\"},\"wordCount\":458,\"commentCount\":0,\"publisher\":{\"@id\":\"https:\\\/\\\/jornalboasnoticias.com.br\\\/home\\\/#organization\"},\"image\":{\"@id\":\"https:\\\/\\\/jornalboasnoticias.com.br\\\/home\\\/novo-voo-da-gol-entre-foz-do-iguacu-e-fortaleza-comeca-a-funcionar-neste-final-de-semana\\\/#primaryimage\"},\"thumbnailUrl\":\"https:\\\/\\\/jornalboasnoticias.com.br\\\/home\\\/wp-content\\\/uploads\\\/2025\\\/11\\\/20200222_agb_foz-27-scaled-e1764253465858.jpg\",\"articleSection\":[\"DESTAQUE\",\"PARAN\u00c1\"],\"inLanguage\":\"pt-BR\",\"potentialAction\":[{\"@type\":\"CommentAction\",\"name\":\"Comment\",\"target\":[\"https:\\\/\\\/jornalboasnoticias.com.br\\\/home\\\/novo-voo-da-gol-entre-foz-do-iguacu-e-fortaleza-comeca-a-funcionar-neste-final-de-semana\\\/#respond\"]}]},{\"@type\":\"WebPage\",\"@id\":\"https:\\\/\\\/jornalboasnoticias.com.br\\\/home\\\/novo-voo-da-gol-entre-foz-do-iguacu-e-fortaleza-comeca-a-funcionar-neste-final-de-semana\\\/\",\"url\":\"https:\\\/\\\/jornalboasnoticias.com.br\\\/home\\\/novo-voo-da-gol-entre-foz-do-iguacu-e-fortaleza-comeca-a-funcionar-neste-final-de-semana\\\/\",\"name\":\"Novo voo da Gol entre Foz do Igua\u00e7u e Fortaleza come\u00e7a a funcionar neste final de semana - Jornal\",\"isPartOf\":{\"@id\":\"https:\\\/\\\/jornalboasnoticias.com.br\\\/home\\\/#website\"},\"primaryImageOfPage\":{\"@id\":\"https:\\\/\\\/jornalboasnoticias.com.br\\\/home\\\/novo-voo-da-gol-entre-foz-do-iguacu-e-fortaleza-comeca-a-funcionar-neste-final-de-semana\\\/#primaryimage\"},\"image\":{\"@id\":\"https:\\\/\\\/jornalboasnoticias.com.br\\\/home\\\/novo-voo-da-gol-entre-foz-do-iguacu-e-fortaleza-comeca-a-funcionar-neste-final-de-semana\\\/#primaryimage\"},\"thumbnailUrl\":\"https:\\\/\\\/jornalboasnoticias.com.br\\\/home\\\/wp-content\\\/uploads\\\/2025\\\/11\\\/20200222_agb_foz-27-scaled-e1764253465858.jpg\",\"datePublished\":\"2025-11-27T14:25:14+00:00\",\"description\":\"Novo voo da Gol entre Foz do Igua\u00e7u e Fortaleza come\u00e7a a funcionar neste final de semana\",\"breadcrumb\":{\"@id\":\"https:\\\/\\\/jornalboasnoticias.com.br\\\/home\\\/novo-voo-da-gol-entre-foz-do-iguacu-e-fortaleza-comeca-a-funcionar-neste-final-de-semana\\\/#breadcrumb\"},\"inLanguage\":\"pt-BR\",\"potentialAction\":[{\"@type\":\"ReadAction\",\"target\":[\"https:\\\/\\\/jornalboasnoticias.com.br\\\/home\\\/novo-voo-da-gol-entre-foz-do-iguacu-e-fortaleza-comeca-a-funcionar-neste-final-de-semana\\\/\"]}]},{\"@type\":\"ImageObject\",\"inLanguage\":\"pt-BR\",\"@id\":\"https:\\\/\\\/jornalboasnoticias.com.br\\\/home\\\/novo-voo-da-gol-entre-foz-do-iguacu-e-fortaleza-comeca-a-funcionar-neste-final-de-semana\\\/#primaryimage\",\"url\":\"https:\\\/\\\/jornalboasnoticias.com.br\\\/home\\\/wp-content\\\/uploads\\\/2025\\\/11\\\/20200222_agb_foz-27-scaled-e1764253465858.jpg\",\"contentUrl\":\"https:\\\/\\\/jornalboasnoticias.com.br\\\/home\\\/wp-content\\\/uploads\\\/2025\\\/11\\\/20200222_agb_foz-27-scaled-e1764253465858.jpg\",\"width\":1000,\"height\":666,\"caption\":\"Foto: Geraldo Bubniak\\\/AEN\"},{\"@type\":\"BreadcrumbList\",\"@id\":\"https:\\\/\\\/jornalboasnoticias.com.br\\\/home\\\/novo-voo-da-gol-entre-foz-do-iguacu-e-fortaleza-comeca-a-funcionar-neste-final-de-semana\\\/#breadcrumb\",\"itemListElement\":[{\"@type\":\"ListItem\",\"position\":1,\"name\":\"In\u00edcio\",\"item\":\"https:\\\/\\\/jornalboasnoticias.com.br\\\/home\\\/\"},{\"@type\":\"ListItem\",\"position\":2,\"name\":\"Novo voo da Gol entre Foz do Igua\u00e7u e Fortaleza come\u00e7a a funcionar neste final de semana\"}]},{\"@type\":\"WebSite\",\"@id\":\"https:\\\/\\\/jornalboasnoticias.com.br\\\/home\\\/#website\",\"url\":\"https:\\\/\\\/jornalboasnoticias.com.br\\\/home\\\/\",\"name\":\"Jornal Boas Not\u00edcias\",\"description\":\"Boas not\u00edcias\",\"publisher\":{\"@id\":\"https:\\\/\\\/jornalboasnoticias.com.br\\\/home\\\/#organization\"},\"potentialAction\":[{\"@type\":\"SearchAction\",\"target\":{\"@type\":\"EntryPoint\",\"urlTemplate\":\"https:\\\/\\\/jornalboasnoticias.com.br\\\/home\\\/?s={search_term_string}\"},\"query-input\":{\"@type\":\"PropertyValueSpecification\",\"valueRequired\":true,\"valueName\":\"search_term_string\"}}],\"inLanguage\":\"pt-BR\"},{\"@type\":\"Organization\",\"@id\":\"https:\\\/\\\/jornalboasnoticias.com.br\\\/home\\\/#organization\",\"name\":\"Coq Editora Ltda\",\"alternateName\":\"Jornal Boas Noticias\",\"url\":\"https:\\\/\\\/jornalboasnoticias.com.br\\\/home\\\/\",\"logo\":{\"@type\":\"ImageObject\",\"inLanguage\":\"pt-BR\",\"@id\":\"https:\\\/\\\/jornalboasnoticias.com.br\\\/home\\\/#\\\/schema\\\/logo\\\/image\\\/\",\"url\":\"https:\\\/\\\/jornalboasnoticias.com.br\\\/home\\\/wp-content\\\/uploads\\\/2024\\\/07\\\/cropped-logo.jpg\",\"contentUrl\":\"https:\\\/\\\/jornalboasnoticias.com.br\\\/home\\\/wp-content\\\/uploads\\\/2024\\\/07\\\/cropped-logo.jpg\",\"width\":290,\"height\":142,\"caption\":\"Coq Editora Ltda\"},\"image\":{\"@id\":\"https:\\\/\\\/jornalboasnoticias.com.br\\\/home\\\/#\\\/schema\\\/logo\\\/image\\\/\"},\"sameAs\":[\"https:\\\/\\\/www.facebook.com\\\/boasnoticiasjornal\"]},{\"@type\":\"Person\",\"@id\":\"https:\\\/\\\/jornalboasnoticias.com.br\\\/home\\\/#\\\/schema\\\/person\\\/75f9ebde398c998c166475fb446bda62\",\"name\":\"Luiz Carlos da Cruz\",\"image\":{\"@type\":\"ImageObject\",\"inLanguage\":\"pt-BR\",\"@id\":\"https:\\\/\\\/secure.gravatar.com\\\/avatar\\\/e6f4f45301b6cb8572f7b076572e8ac11c1db80e805d8c8d0858cf286ce3ac3b?s=96&d=mm&r=g\",\"url\":\"https:\\\/\\\/secure.gravatar.com\\\/avatar\\\/e6f4f45301b6cb8572f7b076572e8ac11c1db80e805d8c8d0858cf286ce3ac3b?s=96&d=mm&r=g\",\"contentUrl\":\"https:\\\/\\\/secure.gravatar.com\\\/avatar\\\/e6f4f45301b6cb8572f7b076572e8ac11c1db80e805d8c8d0858cf286ce3ac3b?s=96&d=mm&r=g\",\"caption\":\"Luiz Carlos da Cruz\"},\"url\":\"https:\\\/\\\/jornalboasnoticias.com.br\\\/home\\\/author\\\/luiz-carlos-da-cruz\\\/\"}]}<\/script>\n<!-- \/ Yoast SEO plugin. -->","yoast_head_json":{"title":"Novo voo da Gol entre Foz do Igua\u00e7u e Fortaleza come\u00e7a a funcionar neste final de semana - Jornal","description":"Novo voo da Gol entre Foz do Igua\u00e7u e Fortaleza come\u00e7a a funcionar neste final de semana","robots":{"index":"index","follow":"follow","max-snippet":"max-snippet:-1","max-image-preview":"max-image-preview:large","max-video-preview":"max-video-preview:-1"},"canonical":"https:\/\/jornalboasnoticias.com.br\/home\/novo-voo-da-gol-entre-foz-do-iguacu-e-fortaleza-comeca-a-funcionar-neste-final-de-semana\/","og_locale":"pt_BR","og_type":"article","og_title":"Novo voo da Gol entre Foz do Igua\u00e7u e Fortaleza come\u00e7a a funcionar neste final de semana - Jornal","og_description":"Novo voo da Gol entre Foz do Igua\u00e7u e Fortaleza come\u00e7a a funcionar neste final de semana","og_url":"https:\/\/jornalboasnoticias.com.br\/home\/novo-voo-da-gol-entre-foz-do-iguacu-e-fortaleza-comeca-a-funcionar-neste-final-de-semana\/","og_site_name":"Jornal","article_publisher":"https:\/\/www.facebook.com\/boasnoticiasjornal","article_published_time":"2025-11-27T14:25:14+00:00","og_image":[{"width":1000,"height":666,"url":"https:\/\/jornalboasnoticias.com.br\/home\/wp-content\/uploads\/2025\/11\/20200222_agb_foz-27-scaled-e1764253465858.jpg","type":"image\/jpeg"}],"author":"Luiz Carlos da Cruz","twitter_card":"summary_large_image","twitter_misc":{"Escrito por":"Luiz Carlos da Cruz","Est. tempo de leitura":"3 minutos"},"schema":{"@context":"https:\/\/schema.org","@graph":[{"@type":"Article","@id":"https:\/\/jornalboasnoticias.com.br\/home\/novo-voo-da-gol-entre-foz-do-iguacu-e-fortaleza-comeca-a-funcionar-neste-final-de-semana\/#article","isPartOf":{"@id":"https:\/\/jornalboasnoticias.com.br\/home\/novo-voo-da-gol-entre-foz-do-iguacu-e-fortaleza-comeca-a-funcionar-neste-final-de-semana\/"},"author":{"name":"Luiz Carlos da Cruz","@id":"https:\/\/jornalboasnoticias.com.br\/home\/#\/schema\/person\/75f9ebde398c998c166475fb446bda62"},"headline":"Novo voo da Gol entre Foz do Igua\u00e7u e Fortaleza come\u00e7a a funcionar neste final de semana","datePublished":"2025-11-27T14:25:14+00:00","mainEntityOfPage":{"@id":"https:\/\/jornalboasnoticias.com.br\/home\/novo-voo-da-gol-entre-foz-do-iguacu-e-fortaleza-comeca-a-funcionar-neste-final-de-semana\/"},"wordCount":458,"commentCount":0,"publisher":{"@id":"https:\/\/jornalboasnoticias.com.br\/home\/#organization"},"image":{"@id":"https:\/\/jornalboasnoticias.com.br\/home\/novo-voo-da-gol-entre-foz-do-iguacu-e-fortaleza-comeca-a-funcionar-neste-final-de-semana\/#primaryimage"},"thumbnailUrl":"https:\/\/jornalboasnoticias.com.br\/home\/wp-content\/uploads\/2025\/11\/20200222_agb_foz-27-scaled-e1764253465858.jpg","articleSection":["DESTAQUE","PARAN\u00c1"],"inLanguage":"pt-BR","potentialAction":[{"@type":"CommentAction","name":"Comment","target":["https:\/\/jornalboasnoticias.com.br\/home\/novo-voo-da-gol-entre-foz-do-iguacu-e-fortaleza-comeca-a-funcionar-neste-final-de-semana\/#respond"]}]},{"@type":"WebPage","@id":"https:\/\/jornalboasnoticias.com.br\/home\/novo-voo-da-gol-entre-foz-do-iguacu-e-fortaleza-comeca-a-funcionar-neste-final-de-semana\/","url":"https:\/\/jornalboasnoticias.com.br\/home\/novo-voo-da-gol-entre-foz-do-iguacu-e-fortaleza-comeca-a-funcionar-neste-final-de-semana\/","name":"Novo voo da Gol entre Foz do Igua\u00e7u e Fortaleza come\u00e7a a funcionar neste final de semana - Jornal","isPartOf":{"@id":"https:\/\/jornalboasnoticias.com.br\/home\/#website"},"primaryImageOfPage":{"@id":"https:\/\/jornalboasnoticias.com.br\/home\/novo-voo-da-gol-entre-foz-do-iguacu-e-fortaleza-comeca-a-funcionar-neste-final-de-semana\/#primaryimage"},"image":{"@id":"https:\/\/jornalboasnoticias.com.br\/home\/novo-voo-da-gol-entre-foz-do-iguacu-e-fortaleza-comeca-a-funcionar-neste-final-de-semana\/#primaryimage"},"thumbnailUrl":"https:\/\/jornalboasnoticias.com.br\/home\/wp-content\/uploads\/2025\/11\/20200222_agb_foz-27-scaled-e1764253465858.jpg","datePublished":"2025-11-27T14:25:14+00:00","description":"Novo voo da Gol entre Foz do Igua\u00e7u e Fortaleza come\u00e7a a funcionar neste final de semana","breadcrumb":{"@id":"https:\/\/jornalboasnoticias.com.br\/home\/novo-voo-da-gol-entre-foz-do-iguacu-e-fortaleza-comeca-a-funcionar-neste-final-de-semana\/#breadcrumb"},"inLanguage":"pt-BR","potentialAction":[{"@type":"ReadAction","target":["https:\/\/jornalboasnoticias.com.br\/home\/novo-voo-da-gol-entre-foz-do-iguacu-e-fortaleza-comeca-a-funcionar-neste-final-de-semana\/"]}]},{"@type":"ImageObject","inLanguage":"pt-BR","@id":"https:\/\/jornalboasnoticias.com.br\/home\/novo-voo-da-gol-entre-foz-do-iguacu-e-fortaleza-comeca-a-funcionar-neste-final-de-semana\/#primaryimage","url":"https:\/\/jornalboasnoticias.com.br\/home\/wp-content\/uploads\/2025\/11\/20200222_agb_foz-27-scaled-e1764253465858.jpg","contentUrl":"https:\/\/jornalboasnoticias.com.br\/home\/wp-content\/uploads\/2025\/11\/20200222_agb_foz-27-scaled-e1764253465858.jpg","width":1000,"height":666,"caption":"Foto: Geraldo Bubniak\/AEN"},{"@type":"BreadcrumbList","@id":"https:\/\/jornalboasnoticias.com.br\/home\/novo-voo-da-gol-entre-foz-do-iguacu-e-fortaleza-comeca-a-funcionar-neste-final-de-semana\/#breadcrumb","itemListElement":[{"@type":"ListItem","position":1,"name":"In\u00edcio","item":"https:\/\/jornalboasnoticias.com.br\/home\/"},{"@type":"ListItem","position":2,"name":"Novo voo da Gol entre Foz do Igua\u00e7u e Fortaleza come\u00e7a a funcionar neste final de semana"}]},{"@type":"WebSite","@id":"https:\/\/jornalboasnoticias.com.br\/home\/#website","url":"https:\/\/jornalboasnoticias.com.br\/home\/","name":"Jornal Boas Not\u00edcias","description":"Boas not\u00edcias","publisher":{"@id":"https:\/\/jornalboasnoticias.com.br\/home\/#organization"},"potentialAction":[{"@type":"SearchAction","target":{"@type":"EntryPoint","urlTemplate":"https:\/\/jornalboasnoticias.com.br\/home\/?s={search_term_string}"},"query-input":{"@type":"PropertyValueSpecification","valueRequired":true,"valueName":"search_term_string"}}],"inLanguage":"pt-BR"},{"@type":"Organization","@id":"https:\/\/jornalboasnoticias.com.br\/home\/#organization","name":"Coq Editora Ltda","alternateName":"Jornal Boas Noticias","url":"https:\/\/jornalboasnoticias.com.br\/home\/","logo":{"@type":"ImageObject","inLanguage":"pt-BR","@id":"https:\/\/jornalboasnoticias.com.br\/home\/#\/schema\/logo\/image\/","url":"https:\/\/jornalboasnoticias.com.br\/home\/wp-content\/uploads\/2024\/07\/cropped-logo.jpg","contentUrl":"https:\/\/jornalboasnoticias.com.br\/home\/wp-content\/uploads\/2024\/07\/cropped-logo.jpg","width":290,"height":142,"caption":"Coq Editora Ltda"},"image":{"@id":"https:\/\/jornalboasnoticias.com.br\/home\/#\/schema\/logo\/image\/"},"sameAs":["https:\/\/www.facebook.com\/boasnoticiasjornal"]},{"@type":"Person","@id":"https:\/\/jornalboasnoticias.com.br\/home\/#\/schema\/person\/75f9ebde398c998c166475fb446bda62","name":"Luiz Carlos da Cruz","image":{"@type":"ImageObject","inLanguage":"pt-BR","@id":"https:\/\/secure.gravatar.com\/avatar\/e6f4f45301b6cb8572f7b076572e8ac11c1db80e805d8c8d0858cf286ce3ac3b?s=96&d=mm&r=g","url":"https:\/\/secure.gravatar.com\/avatar\/e6f4f45301b6cb8572f7b076572e8ac11c1db80e805d8c8d0858cf286ce3ac3b?s=96&d=mm&r=g","contentUrl":"https:\/\/secure.gravatar.com\/avatar\/e6f4f45301b6cb8572f7b076572e8ac11c1db80e805d8c8d0858cf286ce3ac3b?s=96&d=mm&r=g","caption":"Luiz Carlos da Cruz"},"url":"https:\/\/jornalboasnoticias.com.br\/home\/author\/luiz-carlos-da-cruz\/"}]}},"_links":{"self":[{"href":"https:\/\/jornalboasnoticias.com.br\/home\/wp-json\/wp\/v2\/posts\/46537","targetHints":{"allow":["GET"]}}],"collection":[{"href":"https:\/\/jornalboasnoticias.com.br\/home\/wp-json\/wp\/v2\/posts"}],"about":[{"href":"https:\/\/jornalboasnoticias.com.br\/home\/wp-json\/wp\/v2\/types\/post"}],"author":[{"embeddable":true,"href":"https:\/\/jornalboasnoticias.com.br\/home\/wp-json\/wp\/v2\/users\/3"}],"replies":[{"embeddable":true,"href":"https:\/\/jornalboasnoticias.com.br\/home\/wp-json\/wp\/v2\/comments?post=46537"}],"version-history":[{"count":1,"href":"https:\/\/jornalboasnoticias.com.br\/home\/wp-json\/wp\/v2\/posts\/46537\/revisions"}],"predecessor-version":[{"id":46539,"href":"https:\/\/jornalboasnoticias.com.br\/home\/wp-json\/wp\/v2\/posts\/46537\/revisions\/46539"}],"wp:featuredmedia":[{"embeddable":true,"href":"https:\/\/jornalboasnoticias.com.br\/home\/wp-json\/wp\/v2\/media\/46538"}],"wp:attachment":[{"href":"https:\/\/jornalboasnoticias.com.br\/home\/wp-json\/wp\/v2\/media?parent=46537"}],"wp:term":[{"taxonomy":"category","embeddable":true,"href":"https:\/\/jornalboasnoticias.com.br\/home\/wp-json\/wp\/v2\/categories?post=46537"},{"taxonomy":"post_tag","embeddable":true,"href":"https:\/\/jornalboasnoticias.com.br\/home\/wp-json\/wp\/v2\/tags?post=46537"}],"curies":[{"name":"wp","href":"https:\/\/api.w.org\/{rel}","templated":true}]}}