{"id":46533,"date":"2025-11-27T13:37:51","date_gmt":"2025-11-27T13:37:51","guid":{"rendered":"https:\/\/jornalboasnoticias.com.br\/home\/?p=46533"},"modified":"2025-11-27T13:37:51","modified_gmt":"2025-11-27T13:37:51","slug":"michelle-faz-segunda-visita-a-bolsonaro-na-pf-em-brasilia","status":"publish","type":"post","link":"https:\/\/jornalboasnoticias.com.br\/home\/michelle-faz-segunda-visita-a-bolsonaro-na-pf-em-brasilia\/","title":{"rendered":"Michelle faz segunda visita a Bolsonaro na PF em Bras\u00edlia"},"content":{"rendered":"<blockquote>\n<p style=\"text-align: center;\">Ex-primeira-dama tem 30 minutos de encontro com o marido, que cumpre pena de 27 anos e 3 meses por liderar trama golpista<\/p>\n<\/blockquote>\n<figure id=\"attachment_46534\" aria-describedby=\"caption-attachment-46534\" style=\"width: 1000px\" class=\"wp-caption alignnone\"><img loading=\"lazy\" decoding=\"async\" class=\"size-full wp-image-46534\" src=\"https:\/\/jornalboasnoticias.com.br\/home\/wp-content\/uploads\/2025\/11\/3f649e90-4954-4472-84f7-c79530f52a29-e1764250628203.webp\" alt=\"\" width=\"1000\" height=\"668\" \/><figcaption id=\"caption-attachment-46534\" class=\"wp-caption-text\">Luis Nova\/Especial Metr\u00f3poles @LuisGustavoNova<\/figcaption><\/figure>\n<p data-start=\"190\" data-end=\"544\">A ex-primeira-dama\u00a0Michelle Bolsonaro\u00a0chegou na manh\u00e3 desta quinta 27 \u00e0 Superintend\u00eancia da Pol\u00edcia Federal, em Bras\u00edlia, para uma nova visita ao marido, o ex-presidente\u00a0Jair Bolsonaro (PL). Ela entrou no pr\u00e9dio por volta de 9h20, em mais um dia de cumprimento de pena do ex-mandat\u00e1rio, condenado a 27 anos e 3 meses por liderar a trama golpista.<\/p>\n<p data-start=\"546\" data-end=\"820\">A ida de Michelle foi autorizada pelo ministro\u00a0Alexandre de Moraes, do Supremo Tribunal Federal (STF), que estabeleceu regras para as visitas na unidade da PF. Cada encontro pode ocorrer entre 9h e 11h e tem\u00a0dura\u00e7\u00e3o m\u00e1xima de 30 minutos, conforme a decis\u00e3o judicial.<\/p>\n<p data-start=\"822\" data-end=\"1199\">Esta \u00e9 a\u00a0segunda visita de Michelle\u00a0desde que Bolsonaro passou a cumprir pena definitiva na Superintend\u00eancia da PF. No domingo 23, ela j\u00e1 havia estado no local e permaneceu por cerca de duas horas com o ex-presidente. Naquele momento, Bolsonaro ainda estava preso preventivamente, ap\u00f3s queimar com um ferro de solda a tornozeleira eletr\u00f4nica que usava em pris\u00e3o domiciliar.<\/p>\n<p data-start=\"1201\" data-end=\"1440\">Agora, com a condena\u00e7\u00e3o transitada em julgado e o in\u00edcio da execu\u00e7\u00e3o da pena em regime fechado, as visitas seguem controladas pela Justi\u00e7a e monitoradas pela Pol\u00edcia Federal, dentro das regras impostas pelo STF para o ex-chefe do Planalto.<\/p>\n<p>&nbsp;<\/p>\n","protected":false},"excerpt":{"rendered":"<p>Ex-primeira-dama tem 30 minutos de encontro com o marido, que cumpre pena de 27 anos<\/p>\n","protected":false},"author":3,"featured_media":46534,"comment_status":"open","ping_status":"open","sticky":false,"template":"","format":"standard","meta":{"footnotes":""},"categories":[6,3],"tags":[],"class_list":["post-46533","post","type-post","status-publish","format-standard","has-post-thumbnail","hentry","category-brasil","category-destaques"],"yoast_head":"<!-- This site is optimized with the Yoast SEO plugin v27.5 - https:\/\/yoast.com\/product\/yoast-seo-wordpress\/ -->\n<title>Michelle faz segunda visita a Bolsonaro na PF em Bras\u00edlia - Jornal<\/title>\n<meta name=\"description\" content=\"Michelle faz segunda visita a Bolsonaro na PF em Bras\u00edlia\" \/>\n<meta name=\"robots\" content=\"index, follow, max-snippet:-1, max-image-preview:large, max-video-preview:-1\" \/>\n<link rel=\"canonical\" href=\"https:\/\/jornalboasnoticias.com.br\/home\/michelle-faz-segunda-visita-a-bolsonaro-na-pf-em-brasilia\/\" \/>\n<meta property=\"og:locale\" content=\"pt_BR\" \/>\n<meta property=\"og:type\" content=\"article\" \/>\n<meta property=\"og:title\" content=\"Michelle faz segunda visita a Bolsonaro na PF em Bras\u00edlia - Jornal\" \/>\n<meta property=\"og:description\" content=\"Michelle faz segunda visita a Bolsonaro na PF em Bras\u00edlia\" \/>\n<meta property=\"og:url\" content=\"https:\/\/jornalboasnoticias.com.br\/home\/michelle-faz-segunda-visita-a-bolsonaro-na-pf-em-brasilia\/\" \/>\n<meta property=\"og:site_name\" content=\"Jornal\" \/>\n<meta property=\"article:publisher\" content=\"https:\/\/www.facebook.com\/boasnoticiasjornal\" \/>\n<meta property=\"article:published_time\" content=\"2025-11-27T13:37:51+00:00\" \/>\n<meta property=\"og:image\" content=\"https:\/\/jornalboasnoticias.com.br\/home\/wp-content\/uploads\/2025\/11\/3f649e90-4954-4472-84f7-c79530f52a29-e1764250628203.webp\" \/>\n\t<meta property=\"og:image:width\" content=\"1000\" \/>\n\t<meta property=\"og:image:height\" content=\"668\" \/>\n\t<meta property=\"og:image:type\" content=\"image\/webp\" \/>\n<meta name=\"author\" content=\"Luiz Carlos da Cruz\" \/>\n<meta name=\"twitter:card\" content=\"summary_large_image\" \/>\n<meta name=\"twitter:label1\" content=\"Escrito por\" \/>\n\t<meta name=\"twitter:data1\" content=\"Luiz Carlos da Cruz\" \/>\n\t<meta name=\"twitter:label2\" content=\"Est. tempo de leitura\" \/>\n\t<meta name=\"twitter:data2\" content=\"2 minutos\" \/>\n<script type=\"application\/ld+json\" class=\"yoast-schema-graph\">{\"@context\":\"https:\\\/\\\/schema.org\",\"@graph\":[{\"@type\":\"Article\",\"@id\":\"https:\\\/\\\/jornalboasnoticias.com.br\\\/home\\\/michelle-faz-segunda-visita-a-bolsonaro-na-pf-em-brasilia\\\/#article\",\"isPartOf\":{\"@id\":\"https:\\\/\\\/jornalboasnoticias.com.br\\\/home\\\/michelle-faz-segunda-visita-a-bolsonaro-na-pf-em-brasilia\\\/\"},\"author\":{\"name\":\"Luiz Carlos da Cruz\",\"@id\":\"https:\\\/\\\/jornalboasnoticias.com.br\\\/home\\\/#\\\/schema\\\/person\\\/75f9ebde398c998c166475fb446bda62\"},\"headline\":\"Michelle faz segunda visita a Bolsonaro na PF em Bras\u00edlia\",\"datePublished\":\"2025-11-27T13:37:51+00:00\",\"mainEntityOfPage\":{\"@id\":\"https:\\\/\\\/jornalboasnoticias.com.br\\\/home\\\/michelle-faz-segunda-visita-a-bolsonaro-na-pf-em-brasilia\\\/\"},\"wordCount\":256,\"commentCount\":0,\"publisher\":{\"@id\":\"https:\\\/\\\/jornalboasnoticias.com.br\\\/home\\\/#organization\"},\"image\":{\"@id\":\"https:\\\/\\\/jornalboasnoticias.com.br\\\/home\\\/michelle-faz-segunda-visita-a-bolsonaro-na-pf-em-brasilia\\\/#primaryimage\"},\"thumbnailUrl\":\"https:\\\/\\\/jornalboasnoticias.com.br\\\/home\\\/wp-content\\\/uploads\\\/2025\\\/11\\\/3f649e90-4954-4472-84f7-c79530f52a29-e1764250628203.webp\",\"articleSection\":[\"BRASIL\",\"DESTAQUE\"],\"inLanguage\":\"pt-BR\",\"potentialAction\":[{\"@type\":\"CommentAction\",\"name\":\"Comment\",\"target\":[\"https:\\\/\\\/jornalboasnoticias.com.br\\\/home\\\/michelle-faz-segunda-visita-a-bolsonaro-na-pf-em-brasilia\\\/#respond\"]}]},{\"@type\":\"WebPage\",\"@id\":\"https:\\\/\\\/jornalboasnoticias.com.br\\\/home\\\/michelle-faz-segunda-visita-a-bolsonaro-na-pf-em-brasilia\\\/\",\"url\":\"https:\\\/\\\/jornalboasnoticias.com.br\\\/home\\\/michelle-faz-segunda-visita-a-bolsonaro-na-pf-em-brasilia\\\/\",\"name\":\"Michelle faz segunda visita a Bolsonaro na PF em Bras\u00edlia - Jornal\",\"isPartOf\":{\"@id\":\"https:\\\/\\\/jornalboasnoticias.com.br\\\/home\\\/#website\"},\"primaryImageOfPage\":{\"@id\":\"https:\\\/\\\/jornalboasnoticias.com.br\\\/home\\\/michelle-faz-segunda-visita-a-bolsonaro-na-pf-em-brasilia\\\/#primaryimage\"},\"image\":{\"@id\":\"https:\\\/\\\/jornalboasnoticias.com.br\\\/home\\\/michelle-faz-segunda-visita-a-bolsonaro-na-pf-em-brasilia\\\/#primaryimage\"},\"thumbnailUrl\":\"https:\\\/\\\/jornalboasnoticias.com.br\\\/home\\\/wp-content\\\/uploads\\\/2025\\\/11\\\/3f649e90-4954-4472-84f7-c79530f52a29-e1764250628203.webp\",\"datePublished\":\"2025-11-27T13:37:51+00:00\",\"description\":\"Michelle faz segunda visita a Bolsonaro na PF em Bras\u00edlia\",\"breadcrumb\":{\"@id\":\"https:\\\/\\\/jornalboasnoticias.com.br\\\/home\\\/michelle-faz-segunda-visita-a-bolsonaro-na-pf-em-brasilia\\\/#breadcrumb\"},\"inLanguage\":\"pt-BR\",\"potentialAction\":[{\"@type\":\"ReadAction\",\"target\":[\"https:\\\/\\\/jornalboasnoticias.com.br\\\/home\\\/michelle-faz-segunda-visita-a-bolsonaro-na-pf-em-brasilia\\\/\"]}]},{\"@type\":\"ImageObject\",\"inLanguage\":\"pt-BR\",\"@id\":\"https:\\\/\\\/jornalboasnoticias.com.br\\\/home\\\/michelle-faz-segunda-visita-a-bolsonaro-na-pf-em-brasilia\\\/#primaryimage\",\"url\":\"https:\\\/\\\/jornalboasnoticias.com.br\\\/home\\\/wp-content\\\/uploads\\\/2025\\\/11\\\/3f649e90-4954-4472-84f7-c79530f52a29-e1764250628203.webp\",\"contentUrl\":\"https:\\\/\\\/jornalboasnoticias.com.br\\\/home\\\/wp-content\\\/uploads\\\/2025\\\/11\\\/3f649e90-4954-4472-84f7-c79530f52a29-e1764250628203.webp\",\"width\":1000,\"height\":668,\"caption\":\"Luis Nova\\\/Especial Metr\u00f3poles @LuisGustavoNova\"},{\"@type\":\"BreadcrumbList\",\"@id\":\"https:\\\/\\\/jornalboasnoticias.com.br\\\/home\\\/michelle-faz-segunda-visita-a-bolsonaro-na-pf-em-brasilia\\\/#breadcrumb\",\"itemListElement\":[{\"@type\":\"ListItem\",\"position\":1,\"name\":\"In\u00edcio\",\"item\":\"https:\\\/\\\/jornalboasnoticias.com.br\\\/home\\\/\"},{\"@type\":\"ListItem\",\"position\":2,\"name\":\"Michelle faz segunda visita a Bolsonaro na PF em Bras\u00edlia\"}]},{\"@type\":\"WebSite\",\"@id\":\"https:\\\/\\\/jornalboasnoticias.com.br\\\/home\\\/#website\",\"url\":\"https:\\\/\\\/jornalboasnoticias.com.br\\\/home\\\/\",\"name\":\"Jornal Boas Not\u00edcias\",\"description\":\"Boas not\u00edcias\",\"publisher\":{\"@id\":\"https:\\\/\\\/jornalboasnoticias.com.br\\\/home\\\/#organization\"},\"potentialAction\":[{\"@type\":\"SearchAction\",\"target\":{\"@type\":\"EntryPoint\",\"urlTemplate\":\"https:\\\/\\\/jornalboasnoticias.com.br\\\/home\\\/?s={search_term_string}\"},\"query-input\":{\"@type\":\"PropertyValueSpecification\",\"valueRequired\":true,\"valueName\":\"search_term_string\"}}],\"inLanguage\":\"pt-BR\"},{\"@type\":\"Organization\",\"@id\":\"https:\\\/\\\/jornalboasnoticias.com.br\\\/home\\\/#organization\",\"name\":\"Coq Editora Ltda\",\"alternateName\":\"Jornal Boas Noticias\",\"url\":\"https:\\\/\\\/jornalboasnoticias.com.br\\\/home\\\/\",\"logo\":{\"@type\":\"ImageObject\",\"inLanguage\":\"pt-BR\",\"@id\":\"https:\\\/\\\/jornalboasnoticias.com.br\\\/home\\\/#\\\/schema\\\/logo\\\/image\\\/\",\"url\":\"https:\\\/\\\/jornalboasnoticias.com.br\\\/home\\\/wp-content\\\/uploads\\\/2024\\\/07\\\/cropped-logo.jpg\",\"contentUrl\":\"https:\\\/\\\/jornalboasnoticias.com.br\\\/home\\\/wp-content\\\/uploads\\\/2024\\\/07\\\/cropped-logo.jpg\",\"width\":290,\"height\":142,\"caption\":\"Coq Editora Ltda\"},\"image\":{\"@id\":\"https:\\\/\\\/jornalboasnoticias.com.br\\\/home\\\/#\\\/schema\\\/logo\\\/image\\\/\"},\"sameAs\":[\"https:\\\/\\\/www.facebook.com\\\/boasnoticiasjornal\"]},{\"@type\":\"Person\",\"@id\":\"https:\\\/\\\/jornalboasnoticias.com.br\\\/home\\\/#\\\/schema\\\/person\\\/75f9ebde398c998c166475fb446bda62\",\"name\":\"Luiz Carlos da Cruz\",\"image\":{\"@type\":\"ImageObject\",\"inLanguage\":\"pt-BR\",\"@id\":\"https:\\\/\\\/secure.gravatar.com\\\/avatar\\\/e6f4f45301b6cb8572f7b076572e8ac11c1db80e805d8c8d0858cf286ce3ac3b?s=96&d=mm&r=g\",\"url\":\"https:\\\/\\\/secure.gravatar.com\\\/avatar\\\/e6f4f45301b6cb8572f7b076572e8ac11c1db80e805d8c8d0858cf286ce3ac3b?s=96&d=mm&r=g\",\"contentUrl\":\"https:\\\/\\\/secure.gravatar.com\\\/avatar\\\/e6f4f45301b6cb8572f7b076572e8ac11c1db80e805d8c8d0858cf286ce3ac3b?s=96&d=mm&r=g\",\"caption\":\"Luiz Carlos da Cruz\"},\"url\":\"https:\\\/\\\/jornalboasnoticias.com.br\\\/home\\\/author\\\/luiz-carlos-da-cruz\\\/\"}]}<\/script>\n<!-- \/ Yoast SEO plugin. -->","yoast_head_json":{"title":"Michelle faz segunda visita a Bolsonaro na PF em Bras\u00edlia - Jornal","description":"Michelle faz segunda visita a Bolsonaro na PF em Bras\u00edlia","robots":{"index":"index","follow":"follow","max-snippet":"max-snippet:-1","max-image-preview":"max-image-preview:large","max-video-preview":"max-video-preview:-1"},"canonical":"https:\/\/jornalboasnoticias.com.br\/home\/michelle-faz-segunda-visita-a-bolsonaro-na-pf-em-brasilia\/","og_locale":"pt_BR","og_type":"article","og_title":"Michelle faz segunda visita a Bolsonaro na PF em Bras\u00edlia - Jornal","og_description":"Michelle faz segunda visita a Bolsonaro na PF em Bras\u00edlia","og_url":"https:\/\/jornalboasnoticias.com.br\/home\/michelle-faz-segunda-visita-a-bolsonaro-na-pf-em-brasilia\/","og_site_name":"Jornal","article_publisher":"https:\/\/www.facebook.com\/boasnoticiasjornal","article_published_time":"2025-11-27T13:37:51+00:00","og_image":[{"width":1000,"height":668,"url":"https:\/\/jornalboasnoticias.com.br\/home\/wp-content\/uploads\/2025\/11\/3f649e90-4954-4472-84f7-c79530f52a29-e1764250628203.webp","type":"image\/webp"}],"author":"Luiz Carlos da Cruz","twitter_card":"summary_large_image","twitter_misc":{"Escrito por":"Luiz Carlos da Cruz","Est. tempo de leitura":"2 minutos"},"schema":{"@context":"https:\/\/schema.org","@graph":[{"@type":"Article","@id":"https:\/\/jornalboasnoticias.com.br\/home\/michelle-faz-segunda-visita-a-bolsonaro-na-pf-em-brasilia\/#article","isPartOf":{"@id":"https:\/\/jornalboasnoticias.com.br\/home\/michelle-faz-segunda-visita-a-bolsonaro-na-pf-em-brasilia\/"},"author":{"name":"Luiz Carlos da Cruz","@id":"https:\/\/jornalboasnoticias.com.br\/home\/#\/schema\/person\/75f9ebde398c998c166475fb446bda62"},"headline":"Michelle faz segunda visita a Bolsonaro na PF em Bras\u00edlia","datePublished":"2025-11-27T13:37:51+00:00","mainEntityOfPage":{"@id":"https:\/\/jornalboasnoticias.com.br\/home\/michelle-faz-segunda-visita-a-bolsonaro-na-pf-em-brasilia\/"},"wordCount":256,"commentCount":0,"publisher":{"@id":"https:\/\/jornalboasnoticias.com.br\/home\/#organization"},"image":{"@id":"https:\/\/jornalboasnoticias.com.br\/home\/michelle-faz-segunda-visita-a-bolsonaro-na-pf-em-brasilia\/#primaryimage"},"thumbnailUrl":"https:\/\/jornalboasnoticias.com.br\/home\/wp-content\/uploads\/2025\/11\/3f649e90-4954-4472-84f7-c79530f52a29-e1764250628203.webp","articleSection":["BRASIL","DESTAQUE"],"inLanguage":"pt-BR","potentialAction":[{"@type":"CommentAction","name":"Comment","target":["https:\/\/jornalboasnoticias.com.br\/home\/michelle-faz-segunda-visita-a-bolsonaro-na-pf-em-brasilia\/#respond"]}]},{"@type":"WebPage","@id":"https:\/\/jornalboasnoticias.com.br\/home\/michelle-faz-segunda-visita-a-bolsonaro-na-pf-em-brasilia\/","url":"https:\/\/jornalboasnoticias.com.br\/home\/michelle-faz-segunda-visita-a-bolsonaro-na-pf-em-brasilia\/","name":"Michelle faz segunda visita a Bolsonaro na PF em Bras\u00edlia - Jornal","isPartOf":{"@id":"https:\/\/jornalboasnoticias.com.br\/home\/#website"},"primaryImageOfPage":{"@id":"https:\/\/jornalboasnoticias.com.br\/home\/michelle-faz-segunda-visita-a-bolsonaro-na-pf-em-brasilia\/#primaryimage"},"image":{"@id":"https:\/\/jornalboasnoticias.com.br\/home\/michelle-faz-segunda-visita-a-bolsonaro-na-pf-em-brasilia\/#primaryimage"},"thumbnailUrl":"https:\/\/jornalboasnoticias.com.br\/home\/wp-content\/uploads\/2025\/11\/3f649e90-4954-4472-84f7-c79530f52a29-e1764250628203.webp","datePublished":"2025-11-27T13:37:51+00:00","description":"Michelle faz segunda visita a Bolsonaro na PF em Bras\u00edlia","breadcrumb":{"@id":"https:\/\/jornalboasnoticias.com.br\/home\/michelle-faz-segunda-visita-a-bolsonaro-na-pf-em-brasilia\/#breadcrumb"},"inLanguage":"pt-BR","potentialAction":[{"@type":"ReadAction","target":["https:\/\/jornalboasnoticias.com.br\/home\/michelle-faz-segunda-visita-a-bolsonaro-na-pf-em-brasilia\/"]}]},{"@type":"ImageObject","inLanguage":"pt-BR","@id":"https:\/\/jornalboasnoticias.com.br\/home\/michelle-faz-segunda-visita-a-bolsonaro-na-pf-em-brasilia\/#primaryimage","url":"https:\/\/jornalboasnoticias.com.br\/home\/wp-content\/uploads\/2025\/11\/3f649e90-4954-4472-84f7-c79530f52a29-e1764250628203.webp","contentUrl":"https:\/\/jornalboasnoticias.com.br\/home\/wp-content\/uploads\/2025\/11\/3f649e90-4954-4472-84f7-c79530f52a29-e1764250628203.webp","width":1000,"height":668,"caption":"Luis Nova\/Especial Metr\u00f3poles @LuisGustavoNova"},{"@type":"BreadcrumbList","@id":"https:\/\/jornalboasnoticias.com.br\/home\/michelle-faz-segunda-visita-a-bolsonaro-na-pf-em-brasilia\/#breadcrumb","itemListElement":[{"@type":"ListItem","position":1,"name":"In\u00edcio","item":"https:\/\/jornalboasnoticias.com.br\/home\/"},{"@type":"ListItem","position":2,"name":"Michelle faz segunda visita a Bolsonaro na PF em Bras\u00edlia"}]},{"@type":"WebSite","@id":"https:\/\/jornalboasnoticias.com.br\/home\/#website","url":"https:\/\/jornalboasnoticias.com.br\/home\/","name":"Jornal Boas Not\u00edcias","description":"Boas not\u00edcias","publisher":{"@id":"https:\/\/jornalboasnoticias.com.br\/home\/#organization"},"potentialAction":[{"@type":"SearchAction","target":{"@type":"EntryPoint","urlTemplate":"https:\/\/jornalboasnoticias.com.br\/home\/?s={search_term_string}"},"query-input":{"@type":"PropertyValueSpecification","valueRequired":true,"valueName":"search_term_string"}}],"inLanguage":"pt-BR"},{"@type":"Organization","@id":"https:\/\/jornalboasnoticias.com.br\/home\/#organization","name":"Coq Editora Ltda","alternateName":"Jornal Boas Noticias","url":"https:\/\/jornalboasnoticias.com.br\/home\/","logo":{"@type":"ImageObject","inLanguage":"pt-BR","@id":"https:\/\/jornalboasnoticias.com.br\/home\/#\/schema\/logo\/image\/","url":"https:\/\/jornalboasnoticias.com.br\/home\/wp-content\/uploads\/2024\/07\/cropped-logo.jpg","contentUrl":"https:\/\/jornalboasnoticias.com.br\/home\/wp-content\/uploads\/2024\/07\/cropped-logo.jpg","width":290,"height":142,"caption":"Coq Editora Ltda"},"image":{"@id":"https:\/\/jornalboasnoticias.com.br\/home\/#\/schema\/logo\/image\/"},"sameAs":["https:\/\/www.facebook.com\/boasnoticiasjornal"]},{"@type":"Person","@id":"https:\/\/jornalboasnoticias.com.br\/home\/#\/schema\/person\/75f9ebde398c998c166475fb446bda62","name":"Luiz Carlos da Cruz","image":{"@type":"ImageObject","inLanguage":"pt-BR","@id":"https:\/\/secure.gravatar.com\/avatar\/e6f4f45301b6cb8572f7b076572e8ac11c1db80e805d8c8d0858cf286ce3ac3b?s=96&d=mm&r=g","url":"https:\/\/secure.gravatar.com\/avatar\/e6f4f45301b6cb8572f7b076572e8ac11c1db80e805d8c8d0858cf286ce3ac3b?s=96&d=mm&r=g","contentUrl":"https:\/\/secure.gravatar.com\/avatar\/e6f4f45301b6cb8572f7b076572e8ac11c1db80e805d8c8d0858cf286ce3ac3b?s=96&d=mm&r=g","caption":"Luiz Carlos da Cruz"},"url":"https:\/\/jornalboasnoticias.com.br\/home\/author\/luiz-carlos-da-cruz\/"}]}},"_links":{"self":[{"href":"https:\/\/jornalboasnoticias.com.br\/home\/wp-json\/wp\/v2\/posts\/46533","targetHints":{"allow":["GET"]}}],"collection":[{"href":"https:\/\/jornalboasnoticias.com.br\/home\/wp-json\/wp\/v2\/posts"}],"about":[{"href":"https:\/\/jornalboasnoticias.com.br\/home\/wp-json\/wp\/v2\/types\/post"}],"author":[{"embeddable":true,"href":"https:\/\/jornalboasnoticias.com.br\/home\/wp-json\/wp\/v2\/users\/3"}],"replies":[{"embeddable":true,"href":"https:\/\/jornalboasnoticias.com.br\/home\/wp-json\/wp\/v2\/comments?post=46533"}],"version-history":[{"count":2,"href":"https:\/\/jornalboasnoticias.com.br\/home\/wp-json\/wp\/v2\/posts\/46533\/revisions"}],"predecessor-version":[{"id":46536,"href":"https:\/\/jornalboasnoticias.com.br\/home\/wp-json\/wp\/v2\/posts\/46533\/revisions\/46536"}],"wp:featuredmedia":[{"embeddable":true,"href":"https:\/\/jornalboasnoticias.com.br\/home\/wp-json\/wp\/v2\/media\/46534"}],"wp:attachment":[{"href":"https:\/\/jornalboasnoticias.com.br\/home\/wp-json\/wp\/v2\/media?parent=46533"}],"wp:term":[{"taxonomy":"category","embeddable":true,"href":"https:\/\/jornalboasnoticias.com.br\/home\/wp-json\/wp\/v2\/categories?post=46533"},{"taxonomy":"post_tag","embeddable":true,"href":"https:\/\/jornalboasnoticias.com.br\/home\/wp-json\/wp\/v2\/tags?post=46533"}],"curies":[{"name":"wp","href":"https:\/\/api.w.org\/{rel}","templated":true}]}}