{"id":46524,"date":"2025-11-26T18:52:55","date_gmt":"2025-11-26T18:52:55","guid":{"rendered":"https:\/\/jornalboasnoticias.com.br\/home\/?p=46524"},"modified":"2025-11-26T18:52:55","modified_gmt":"2025-11-26T18:52:55","slug":"inscricoes-para-128-apartamentos-do-minha-casa-minha-vida-no-siena-terminam-domingo-30","status":"publish","type":"post","link":"https:\/\/jornalboasnoticias.com.br\/home\/inscricoes-para-128-apartamentos-do-minha-casa-minha-vida-no-siena-terminam-domingo-30\/","title":{"rendered":"Inscri\u00e7\u00f5es para 128 apartamentos do Minha Casa, Minha Vida no Siena terminam domingo (30)"},"content":{"rendered":"<blockquote>\n<p style=\"text-align: center;\">Unidades s\u00e3o destinadas a fam\u00edlias com renda mensal de at\u00e9 R$ 2.850,00 e que estejam inscritas no Cad\u00danico<\/p>\n<\/blockquote>\n<figure id=\"attachment_46525\" aria-describedby=\"caption-attachment-46525\" style=\"width: 1600px\" class=\"wp-caption alignnone\"><img loading=\"lazy\" decoding=\"async\" class=\"size-full wp-image-46525\" src=\"https:\/\/jornalboasnoticias.com.br\/home\/wp-content\/uploads\/2025\/11\/IMG_3916.jpeg\" alt=\"\" width=\"1600\" height=\"900\" srcset=\"https:\/\/jornalboasnoticias.com.br\/home\/wp-content\/uploads\/2025\/11\/IMG_3916.jpeg 1600w, https:\/\/jornalboasnoticias.com.br\/home\/wp-content\/uploads\/2025\/11\/IMG_3916-300x169.jpeg 300w, https:\/\/jornalboasnoticias.com.br\/home\/wp-content\/uploads\/2025\/11\/IMG_3916-1024x576.jpeg 1024w, https:\/\/jornalboasnoticias.com.br\/home\/wp-content\/uploads\/2025\/11\/IMG_3916-768x432.jpeg 768w, https:\/\/jornalboasnoticias.com.br\/home\/wp-content\/uploads\/2025\/11\/IMG_3916-1536x864.jpeg 1536w\" sizes=\"auto, (max-width: 1600px) 100vw, 1600px\" \/><figcaption id=\"caption-attachment-46525\" class=\"wp-caption-text\">Divulga\u00e7\u00e3o<\/figcaption><\/figure>\n<p>A Cohavel, Companhia de Habita\u00e7\u00e3o de Cascavel, refor\u00e7a que neste domingo, dia 30 de novembro, ser\u00e1 encerrado o prazo para inscri\u00e7\u00f5es no processo de sele\u00e7\u00e3o de 128 apartamentos do programa Minha Casa, Minha Vida \u2013 FAR, no Loteamento Siena. A orienta\u00e7\u00e3o \u00e9 que os interessados n\u00e3o deixem para a \u00faltima hora e garantam o cadastro dentro do per\u00edodo estabelecido.<\/p>\n<p>As unidades s\u00e3o destinadas a fam\u00edlias com renda mensal de at\u00e9 R$ 2.850,00 e que estejam inscritas no Cad\u00danico. As inscri\u00e7\u00f5es podem ser realizadas de forma online, pelo site\u00a0<a href=\"https:\/\/www.cohavel.com.br\/inscricoes\" target=\"_blank\" rel=\"noopener\">www.cohavel.com.br\/inscricoes<\/a>, ou presencialmente em qualquer unidade do CRAS (Centro de Refer\u00eancia em Assist\u00eancia Social). Tamb\u00e9m \u00e9 poss\u00edvel comparecer diretamente \u00e0 sede da Cohavel, na Rua Paran\u00e1, 2607, no Centro, de segunda a sexta-feira, das 8h \u00e0s 12h e das 13h30 \u00e0s 17h30.<\/p>\n<p>Mesmo quem j\u00e1 se cadastrou anteriormente precisa atualizar as informa\u00e7\u00f5es, j\u00e1 que o programa passou a exigir novos crit\u00e9rios e dados obrigat\u00f3rios.<\/p>\n<p>O residencial j\u00e1 est\u00e1 em plena constru\u00e7\u00e3o com 40% da obra executada. A previs\u00e3o de entrega \u00e9 para setembro de 2026. O condom\u00ednio integra o conjunto de empreendimentos do programa em Cascavel, que inclui tamb\u00e9m os residenciais Quatro Esta\u00e7\u00f5es e Alvorada, totalizando 368 novas moradias e fortalecendo as pol\u00edticas p\u00fablicas de acesso \u00e0 habita\u00e7\u00e3o no munic\u00edpio.<\/p>\n<p>Entre as regras para participa\u00e7\u00e3o, n\u00e3o podem ser contempladas fam\u00edlias que j\u00e1 possuam im\u00f3vel pr\u00f3prio ou que n\u00e3o se enquadrem em situa\u00e7\u00e3o de d\u00e9ficit habitacional. Esse enquadramento considera casos de moradia em condi\u00e7\u00f5es prec\u00e1rias ou improvisadas, coabita\u00e7\u00e3o (quando mais de uma fam\u00edlia divide o mesmo domic\u00edlio), adensamento excessivo, com mais de tr\u00eas pessoas por dormit\u00f3rio em im\u00f3vel alugado, comprometimento de mais de 30% da renda com aluguel, al\u00e9m de situa\u00e7\u00f5es de rua ou de aluguel social provis\u00f3rio.<\/p>\n<p>A sele\u00e7\u00e3o ser\u00e1 realizada com base na checagem das informa\u00e7\u00f5es junto ao Cad\u00danico e declara\u00e7\u00f5es do munic\u00edpio. O processo tamb\u00e9m prev\u00ea crit\u00e9rios de prioridade, favorecendo fam\u00edlias com pessoas com defici\u00eancia, idosos, mulheres chefes de fam\u00edlia ou integrantes negros.<\/p>\n<p>Do total de unidades, 50% s\u00e3o destinadas a benefici\u00e1rios do Bolsa Fam\u00edlia, do BPC ou a fam\u00edlias com pessoas com microcefalia. Al\u00e9m disso, 3% das moradias s\u00e3o reservadas a idosos e 3% a pessoas com defici\u00eancia.<\/p>\n<h2>PRIORIDADES<\/h2>\n<p>A hierarquiza\u00e7\u00e3o dos inscritos ser\u00e1 feita via sistema, considerando o maior n\u00famero de crit\u00e9rios atendidos, tais como:<br \/>\n* mulher respons\u00e1vel pela unidade familiar;<br \/>\n* pessoa negra na composi\u00e7\u00e3o familiar;<br \/>\n* pessoa com defici\u00eancia;<br \/>\n* idoso;<br \/>\n* crian\u00e7a ou adolescente;<br \/>\n* pessoa com c\u00e2ncer ou doen\u00e7a rara cr\u00f4nica e degenerativa;<br \/>\n* mulheres v\u00edtimas de viol\u00eancia dom\u00e9stica;<br \/>\n* integrantes de povos ind\u00edgenas e quilombolas;<br \/>\n* residentes em \u00e1reas de risco;<br \/>\n* pessoas em situa\u00e7\u00e3o de rua ou com trajet\u00f3ria de rua;<br \/>\nbenefici\u00e1rios com contrato habitacional distratado involuntariamente.<\/p>\n<h2>ENDERE\u00c7OS DOS CRAS<\/h2>\n<p>CRAS Cancelli &#8211; Rua Ernesto Farina, 555 \u2013 Claudete<br \/>\nCRAS Cascavel Velho &#8211; Rua Londres, 980 \u2013 Cascavel Velho<br \/>\nCRAS Central &#8211; Rua Curitiba, 1241 \u2013 Neva<br \/>\nCRAS CEU &#8211; Rua Cai\u00e7ara, 401 &#8211; Santa Cruz<br \/>\nCRAS Interlagos &#8211; Rua Paul Richard, 630 \u2013 Julieta Bueno<br \/>\nCRAS Riviera &#8211; Rua Panam\u00e1, 4107 \u2013 Floresta<br \/>\nCRAS Periolo &#8211; Rua Jaragu\u00e1, 406 \u2013 Periolo<br \/>\nCRAS Morumbi &#8211; Rua Florencio Galafassi, 20 &#8211; Campo Belo<br \/>\nCRAS XIV de Novembro &#8211; Rua Rom\u00e1rio Correia de Oliveira, 487 &#8211; XIV de Novembro<br \/>\nCRAS Santa Felicidade \u2013 Rua Cabo Manoel Bire Aguella, 425 \u2013 Santa Felicidade<\/p>\n<p><em>Assessoria\/Prefeitura de Cascavel\u00a0<\/em><\/p>\n","protected":false},"excerpt":{"rendered":"<p>Unidades s\u00e3o destinadas a fam\u00edlias com renda mensal de at\u00e9 R$ 2.850,00 e que estejam<\/p>\n","protected":false},"author":3,"featured_media":46525,"comment_status":"open","ping_status":"open","sticky":false,"template":"","format":"standard","meta":{"footnotes":""},"categories":[2,3],"tags":[],"class_list":["post-46524","post","type-post","status-publish","format-standard","has-post-thumbnail","hentry","category-cascavel","category-destaques"],"yoast_head":"<!-- This site is optimized with the Yoast SEO plugin v27.5 - https:\/\/yoast.com\/product\/yoast-seo-wordpress\/ -->\n<title>Inscri\u00e7\u00f5es para 128 apartamentos do Minha Casa, Minha Vida no Siena terminam domingo (30) - Jornal<\/title>\n<meta name=\"description\" content=\"Inscri\u00e7\u00f5es para 128 apartamentos do Minha Casa, Minha Vida no Siena terminam domingo (30)\" \/>\n<meta name=\"robots\" content=\"index, follow, max-snippet:-1, max-image-preview:large, max-video-preview:-1\" \/>\n<link rel=\"canonical\" href=\"https:\/\/jornalboasnoticias.com.br\/home\/inscricoes-para-128-apartamentos-do-minha-casa-minha-vida-no-siena-terminam-domingo-30\/\" \/>\n<meta property=\"og:locale\" content=\"pt_BR\" \/>\n<meta property=\"og:type\" content=\"article\" \/>\n<meta property=\"og:title\" content=\"Inscri\u00e7\u00f5es para 128 apartamentos do Minha Casa, Minha Vida no Siena terminam domingo (30) - Jornal\" \/>\n<meta property=\"og:description\" content=\"Inscri\u00e7\u00f5es para 128 apartamentos do Minha Casa, Minha Vida no Siena terminam domingo (30)\" \/>\n<meta property=\"og:url\" content=\"https:\/\/jornalboasnoticias.com.br\/home\/inscricoes-para-128-apartamentos-do-minha-casa-minha-vida-no-siena-terminam-domingo-30\/\" \/>\n<meta property=\"og:site_name\" content=\"Jornal\" \/>\n<meta property=\"article:publisher\" content=\"https:\/\/www.facebook.com\/boasnoticiasjornal\" \/>\n<meta property=\"article:published_time\" content=\"2025-11-26T18:52:55+00:00\" \/>\n<meta property=\"og:image\" content=\"https:\/\/jornalboasnoticias.com.br\/home\/wp-content\/uploads\/2025\/11\/IMG_3916.jpeg\" \/>\n\t<meta property=\"og:image:width\" content=\"1600\" \/>\n\t<meta property=\"og:image:height\" content=\"900\" \/>\n\t<meta property=\"og:image:type\" content=\"image\/jpeg\" \/>\n<meta name=\"author\" content=\"Luiz Carlos da Cruz\" \/>\n<meta name=\"twitter:card\" content=\"summary_large_image\" \/>\n<meta name=\"twitter:label1\" content=\"Escrito por\" \/>\n\t<meta name=\"twitter:data1\" content=\"Luiz Carlos da Cruz\" \/>\n\t<meta name=\"twitter:label2\" content=\"Est. tempo de leitura\" \/>\n\t<meta name=\"twitter:data2\" content=\"4 minutos\" \/>\n<script type=\"application\/ld+json\" class=\"yoast-schema-graph\">{\"@context\":\"https:\\\/\\\/schema.org\",\"@graph\":[{\"@type\":\"Article\",\"@id\":\"https:\\\/\\\/jornalboasnoticias.com.br\\\/home\\\/inscricoes-para-128-apartamentos-do-minha-casa-minha-vida-no-siena-terminam-domingo-30\\\/#article\",\"isPartOf\":{\"@id\":\"https:\\\/\\\/jornalboasnoticias.com.br\\\/home\\\/inscricoes-para-128-apartamentos-do-minha-casa-minha-vida-no-siena-terminam-domingo-30\\\/\"},\"author\":{\"name\":\"Luiz Carlos da Cruz\",\"@id\":\"https:\\\/\\\/jornalboasnoticias.com.br\\\/home\\\/#\\\/schema\\\/person\\\/75f9ebde398c998c166475fb446bda62\"},\"headline\":\"Inscri\u00e7\u00f5es para 128 apartamentos do Minha Casa, Minha Vida no Siena terminam domingo (30)\",\"datePublished\":\"2025-11-26T18:52:55+00:00\",\"mainEntityOfPage\":{\"@id\":\"https:\\\/\\\/jornalboasnoticias.com.br\\\/home\\\/inscricoes-para-128-apartamentos-do-minha-casa-minha-vida-no-siena-terminam-domingo-30\\\/\"},\"wordCount\":636,\"commentCount\":0,\"publisher\":{\"@id\":\"https:\\\/\\\/jornalboasnoticias.com.br\\\/home\\\/#organization\"},\"image\":{\"@id\":\"https:\\\/\\\/jornalboasnoticias.com.br\\\/home\\\/inscricoes-para-128-apartamentos-do-minha-casa-minha-vida-no-siena-terminam-domingo-30\\\/#primaryimage\"},\"thumbnailUrl\":\"https:\\\/\\\/jornalboasnoticias.com.br\\\/home\\\/wp-content\\\/uploads\\\/2025\\\/11\\\/IMG_3916.jpeg\",\"articleSection\":[\"CASCAVEL\",\"DESTAQUE\"],\"inLanguage\":\"pt-BR\",\"potentialAction\":[{\"@type\":\"CommentAction\",\"name\":\"Comment\",\"target\":[\"https:\\\/\\\/jornalboasnoticias.com.br\\\/home\\\/inscricoes-para-128-apartamentos-do-minha-casa-minha-vida-no-siena-terminam-domingo-30\\\/#respond\"]}]},{\"@type\":\"WebPage\",\"@id\":\"https:\\\/\\\/jornalboasnoticias.com.br\\\/home\\\/inscricoes-para-128-apartamentos-do-minha-casa-minha-vida-no-siena-terminam-domingo-30\\\/\",\"url\":\"https:\\\/\\\/jornalboasnoticias.com.br\\\/home\\\/inscricoes-para-128-apartamentos-do-minha-casa-minha-vida-no-siena-terminam-domingo-30\\\/\",\"name\":\"Inscri\u00e7\u00f5es para 128 apartamentos do Minha Casa, Minha Vida no Siena terminam domingo (30) - Jornal\",\"isPartOf\":{\"@id\":\"https:\\\/\\\/jornalboasnoticias.com.br\\\/home\\\/#website\"},\"primaryImageOfPage\":{\"@id\":\"https:\\\/\\\/jornalboasnoticias.com.br\\\/home\\\/inscricoes-para-128-apartamentos-do-minha-casa-minha-vida-no-siena-terminam-domingo-30\\\/#primaryimage\"},\"image\":{\"@id\":\"https:\\\/\\\/jornalboasnoticias.com.br\\\/home\\\/inscricoes-para-128-apartamentos-do-minha-casa-minha-vida-no-siena-terminam-domingo-30\\\/#primaryimage\"},\"thumbnailUrl\":\"https:\\\/\\\/jornalboasnoticias.com.br\\\/home\\\/wp-content\\\/uploads\\\/2025\\\/11\\\/IMG_3916.jpeg\",\"datePublished\":\"2025-11-26T18:52:55+00:00\",\"description\":\"Inscri\u00e7\u00f5es para 128 apartamentos do Minha Casa, Minha Vida no Siena terminam domingo (30)\",\"breadcrumb\":{\"@id\":\"https:\\\/\\\/jornalboasnoticias.com.br\\\/home\\\/inscricoes-para-128-apartamentos-do-minha-casa-minha-vida-no-siena-terminam-domingo-30\\\/#breadcrumb\"},\"inLanguage\":\"pt-BR\",\"potentialAction\":[{\"@type\":\"ReadAction\",\"target\":[\"https:\\\/\\\/jornalboasnoticias.com.br\\\/home\\\/inscricoes-para-128-apartamentos-do-minha-casa-minha-vida-no-siena-terminam-domingo-30\\\/\"]}]},{\"@type\":\"ImageObject\",\"inLanguage\":\"pt-BR\",\"@id\":\"https:\\\/\\\/jornalboasnoticias.com.br\\\/home\\\/inscricoes-para-128-apartamentos-do-minha-casa-minha-vida-no-siena-terminam-domingo-30\\\/#primaryimage\",\"url\":\"https:\\\/\\\/jornalboasnoticias.com.br\\\/home\\\/wp-content\\\/uploads\\\/2025\\\/11\\\/IMG_3916.jpeg\",\"contentUrl\":\"https:\\\/\\\/jornalboasnoticias.com.br\\\/home\\\/wp-content\\\/uploads\\\/2025\\\/11\\\/IMG_3916.jpeg\",\"width\":1600,\"height\":900,\"caption\":\"Divulga\u00e7\u00e3o\"},{\"@type\":\"BreadcrumbList\",\"@id\":\"https:\\\/\\\/jornalboasnoticias.com.br\\\/home\\\/inscricoes-para-128-apartamentos-do-minha-casa-minha-vida-no-siena-terminam-domingo-30\\\/#breadcrumb\",\"itemListElement\":[{\"@type\":\"ListItem\",\"position\":1,\"name\":\"In\u00edcio\",\"item\":\"https:\\\/\\\/jornalboasnoticias.com.br\\\/home\\\/\"},{\"@type\":\"ListItem\",\"position\":2,\"name\":\"Inscri\u00e7\u00f5es para 128 apartamentos do Minha Casa, Minha Vida no Siena terminam domingo (30)\"}]},{\"@type\":\"WebSite\",\"@id\":\"https:\\\/\\\/jornalboasnoticias.com.br\\\/home\\\/#website\",\"url\":\"https:\\\/\\\/jornalboasnoticias.com.br\\\/home\\\/\",\"name\":\"Jornal Boas Not\u00edcias\",\"description\":\"Boas not\u00edcias\",\"publisher\":{\"@id\":\"https:\\\/\\\/jornalboasnoticias.com.br\\\/home\\\/#organization\"},\"potentialAction\":[{\"@type\":\"SearchAction\",\"target\":{\"@type\":\"EntryPoint\",\"urlTemplate\":\"https:\\\/\\\/jornalboasnoticias.com.br\\\/home\\\/?s={search_term_string}\"},\"query-input\":{\"@type\":\"PropertyValueSpecification\",\"valueRequired\":true,\"valueName\":\"search_term_string\"}}],\"inLanguage\":\"pt-BR\"},{\"@type\":\"Organization\",\"@id\":\"https:\\\/\\\/jornalboasnoticias.com.br\\\/home\\\/#organization\",\"name\":\"Coq Editora Ltda\",\"alternateName\":\"Jornal Boas Noticias\",\"url\":\"https:\\\/\\\/jornalboasnoticias.com.br\\\/home\\\/\",\"logo\":{\"@type\":\"ImageObject\",\"inLanguage\":\"pt-BR\",\"@id\":\"https:\\\/\\\/jornalboasnoticias.com.br\\\/home\\\/#\\\/schema\\\/logo\\\/image\\\/\",\"url\":\"https:\\\/\\\/jornalboasnoticias.com.br\\\/home\\\/wp-content\\\/uploads\\\/2024\\\/07\\\/cropped-logo.jpg\",\"contentUrl\":\"https:\\\/\\\/jornalboasnoticias.com.br\\\/home\\\/wp-content\\\/uploads\\\/2024\\\/07\\\/cropped-logo.jpg\",\"width\":290,\"height\":142,\"caption\":\"Coq Editora Ltda\"},\"image\":{\"@id\":\"https:\\\/\\\/jornalboasnoticias.com.br\\\/home\\\/#\\\/schema\\\/logo\\\/image\\\/\"},\"sameAs\":[\"https:\\\/\\\/www.facebook.com\\\/boasnoticiasjornal\"]},{\"@type\":\"Person\",\"@id\":\"https:\\\/\\\/jornalboasnoticias.com.br\\\/home\\\/#\\\/schema\\\/person\\\/75f9ebde398c998c166475fb446bda62\",\"name\":\"Luiz Carlos da Cruz\",\"image\":{\"@type\":\"ImageObject\",\"inLanguage\":\"pt-BR\",\"@id\":\"https:\\\/\\\/secure.gravatar.com\\\/avatar\\\/e6f4f45301b6cb8572f7b076572e8ac11c1db80e805d8c8d0858cf286ce3ac3b?s=96&d=mm&r=g\",\"url\":\"https:\\\/\\\/secure.gravatar.com\\\/avatar\\\/e6f4f45301b6cb8572f7b076572e8ac11c1db80e805d8c8d0858cf286ce3ac3b?s=96&d=mm&r=g\",\"contentUrl\":\"https:\\\/\\\/secure.gravatar.com\\\/avatar\\\/e6f4f45301b6cb8572f7b076572e8ac11c1db80e805d8c8d0858cf286ce3ac3b?s=96&d=mm&r=g\",\"caption\":\"Luiz Carlos da Cruz\"},\"url\":\"https:\\\/\\\/jornalboasnoticias.com.br\\\/home\\\/author\\\/luiz-carlos-da-cruz\\\/\"}]}<\/script>\n<!-- \/ Yoast SEO plugin. -->","yoast_head_json":{"title":"Inscri\u00e7\u00f5es para 128 apartamentos do Minha Casa, Minha Vida no Siena terminam domingo (30) - Jornal","description":"Inscri\u00e7\u00f5es para 128 apartamentos do Minha Casa, Minha Vida no Siena terminam domingo (30)","robots":{"index":"index","follow":"follow","max-snippet":"max-snippet:-1","max-image-preview":"max-image-preview:large","max-video-preview":"max-video-preview:-1"},"canonical":"https:\/\/jornalboasnoticias.com.br\/home\/inscricoes-para-128-apartamentos-do-minha-casa-minha-vida-no-siena-terminam-domingo-30\/","og_locale":"pt_BR","og_type":"article","og_title":"Inscri\u00e7\u00f5es para 128 apartamentos do Minha Casa, Minha Vida no Siena terminam domingo (30) - Jornal","og_description":"Inscri\u00e7\u00f5es para 128 apartamentos do Minha Casa, Minha Vida no Siena terminam domingo (30)","og_url":"https:\/\/jornalboasnoticias.com.br\/home\/inscricoes-para-128-apartamentos-do-minha-casa-minha-vida-no-siena-terminam-domingo-30\/","og_site_name":"Jornal","article_publisher":"https:\/\/www.facebook.com\/boasnoticiasjornal","article_published_time":"2025-11-26T18:52:55+00:00","og_image":[{"width":1600,"height":900,"url":"https:\/\/jornalboasnoticias.com.br\/home\/wp-content\/uploads\/2025\/11\/IMG_3916.jpeg","type":"image\/jpeg"}],"author":"Luiz Carlos da Cruz","twitter_card":"summary_large_image","twitter_misc":{"Escrito por":"Luiz Carlos da Cruz","Est. tempo de leitura":"4 minutos"},"schema":{"@context":"https:\/\/schema.org","@graph":[{"@type":"Article","@id":"https:\/\/jornalboasnoticias.com.br\/home\/inscricoes-para-128-apartamentos-do-minha-casa-minha-vida-no-siena-terminam-domingo-30\/#article","isPartOf":{"@id":"https:\/\/jornalboasnoticias.com.br\/home\/inscricoes-para-128-apartamentos-do-minha-casa-minha-vida-no-siena-terminam-domingo-30\/"},"author":{"name":"Luiz Carlos da Cruz","@id":"https:\/\/jornalboasnoticias.com.br\/home\/#\/schema\/person\/75f9ebde398c998c166475fb446bda62"},"headline":"Inscri\u00e7\u00f5es para 128 apartamentos do Minha Casa, Minha Vida no Siena terminam domingo (30)","datePublished":"2025-11-26T18:52:55+00:00","mainEntityOfPage":{"@id":"https:\/\/jornalboasnoticias.com.br\/home\/inscricoes-para-128-apartamentos-do-minha-casa-minha-vida-no-siena-terminam-domingo-30\/"},"wordCount":636,"commentCount":0,"publisher":{"@id":"https:\/\/jornalboasnoticias.com.br\/home\/#organization"},"image":{"@id":"https:\/\/jornalboasnoticias.com.br\/home\/inscricoes-para-128-apartamentos-do-minha-casa-minha-vida-no-siena-terminam-domingo-30\/#primaryimage"},"thumbnailUrl":"https:\/\/jornalboasnoticias.com.br\/home\/wp-content\/uploads\/2025\/11\/IMG_3916.jpeg","articleSection":["CASCAVEL","DESTAQUE"],"inLanguage":"pt-BR","potentialAction":[{"@type":"CommentAction","name":"Comment","target":["https:\/\/jornalboasnoticias.com.br\/home\/inscricoes-para-128-apartamentos-do-minha-casa-minha-vida-no-siena-terminam-domingo-30\/#respond"]}]},{"@type":"WebPage","@id":"https:\/\/jornalboasnoticias.com.br\/home\/inscricoes-para-128-apartamentos-do-minha-casa-minha-vida-no-siena-terminam-domingo-30\/","url":"https:\/\/jornalboasnoticias.com.br\/home\/inscricoes-para-128-apartamentos-do-minha-casa-minha-vida-no-siena-terminam-domingo-30\/","name":"Inscri\u00e7\u00f5es para 128 apartamentos do Minha Casa, Minha Vida no Siena terminam domingo (30) - Jornal","isPartOf":{"@id":"https:\/\/jornalboasnoticias.com.br\/home\/#website"},"primaryImageOfPage":{"@id":"https:\/\/jornalboasnoticias.com.br\/home\/inscricoes-para-128-apartamentos-do-minha-casa-minha-vida-no-siena-terminam-domingo-30\/#primaryimage"},"image":{"@id":"https:\/\/jornalboasnoticias.com.br\/home\/inscricoes-para-128-apartamentos-do-minha-casa-minha-vida-no-siena-terminam-domingo-30\/#primaryimage"},"thumbnailUrl":"https:\/\/jornalboasnoticias.com.br\/home\/wp-content\/uploads\/2025\/11\/IMG_3916.jpeg","datePublished":"2025-11-26T18:52:55+00:00","description":"Inscri\u00e7\u00f5es para 128 apartamentos do Minha Casa, Minha Vida no Siena terminam domingo (30)","breadcrumb":{"@id":"https:\/\/jornalboasnoticias.com.br\/home\/inscricoes-para-128-apartamentos-do-minha-casa-minha-vida-no-siena-terminam-domingo-30\/#breadcrumb"},"inLanguage":"pt-BR","potentialAction":[{"@type":"ReadAction","target":["https:\/\/jornalboasnoticias.com.br\/home\/inscricoes-para-128-apartamentos-do-minha-casa-minha-vida-no-siena-terminam-domingo-30\/"]}]},{"@type":"ImageObject","inLanguage":"pt-BR","@id":"https:\/\/jornalboasnoticias.com.br\/home\/inscricoes-para-128-apartamentos-do-minha-casa-minha-vida-no-siena-terminam-domingo-30\/#primaryimage","url":"https:\/\/jornalboasnoticias.com.br\/home\/wp-content\/uploads\/2025\/11\/IMG_3916.jpeg","contentUrl":"https:\/\/jornalboasnoticias.com.br\/home\/wp-content\/uploads\/2025\/11\/IMG_3916.jpeg","width":1600,"height":900,"caption":"Divulga\u00e7\u00e3o"},{"@type":"BreadcrumbList","@id":"https:\/\/jornalboasnoticias.com.br\/home\/inscricoes-para-128-apartamentos-do-minha-casa-minha-vida-no-siena-terminam-domingo-30\/#breadcrumb","itemListElement":[{"@type":"ListItem","position":1,"name":"In\u00edcio","item":"https:\/\/jornalboasnoticias.com.br\/home\/"},{"@type":"ListItem","position":2,"name":"Inscri\u00e7\u00f5es para 128 apartamentos do Minha Casa, Minha Vida no Siena terminam domingo (30)"}]},{"@type":"WebSite","@id":"https:\/\/jornalboasnoticias.com.br\/home\/#website","url":"https:\/\/jornalboasnoticias.com.br\/home\/","name":"Jornal Boas Not\u00edcias","description":"Boas not\u00edcias","publisher":{"@id":"https:\/\/jornalboasnoticias.com.br\/home\/#organization"},"potentialAction":[{"@type":"SearchAction","target":{"@type":"EntryPoint","urlTemplate":"https:\/\/jornalboasnoticias.com.br\/home\/?s={search_term_string}"},"query-input":{"@type":"PropertyValueSpecification","valueRequired":true,"valueName":"search_term_string"}}],"inLanguage":"pt-BR"},{"@type":"Organization","@id":"https:\/\/jornalboasnoticias.com.br\/home\/#organization","name":"Coq Editora Ltda","alternateName":"Jornal Boas Noticias","url":"https:\/\/jornalboasnoticias.com.br\/home\/","logo":{"@type":"ImageObject","inLanguage":"pt-BR","@id":"https:\/\/jornalboasnoticias.com.br\/home\/#\/schema\/logo\/image\/","url":"https:\/\/jornalboasnoticias.com.br\/home\/wp-content\/uploads\/2024\/07\/cropped-logo.jpg","contentUrl":"https:\/\/jornalboasnoticias.com.br\/home\/wp-content\/uploads\/2024\/07\/cropped-logo.jpg","width":290,"height":142,"caption":"Coq Editora Ltda"},"image":{"@id":"https:\/\/jornalboasnoticias.com.br\/home\/#\/schema\/logo\/image\/"},"sameAs":["https:\/\/www.facebook.com\/boasnoticiasjornal"]},{"@type":"Person","@id":"https:\/\/jornalboasnoticias.com.br\/home\/#\/schema\/person\/75f9ebde398c998c166475fb446bda62","name":"Luiz Carlos da Cruz","image":{"@type":"ImageObject","inLanguage":"pt-BR","@id":"https:\/\/secure.gravatar.com\/avatar\/e6f4f45301b6cb8572f7b076572e8ac11c1db80e805d8c8d0858cf286ce3ac3b?s=96&d=mm&r=g","url":"https:\/\/secure.gravatar.com\/avatar\/e6f4f45301b6cb8572f7b076572e8ac11c1db80e805d8c8d0858cf286ce3ac3b?s=96&d=mm&r=g","contentUrl":"https:\/\/secure.gravatar.com\/avatar\/e6f4f45301b6cb8572f7b076572e8ac11c1db80e805d8c8d0858cf286ce3ac3b?s=96&d=mm&r=g","caption":"Luiz Carlos da Cruz"},"url":"https:\/\/jornalboasnoticias.com.br\/home\/author\/luiz-carlos-da-cruz\/"}]}},"_links":{"self":[{"href":"https:\/\/jornalboasnoticias.com.br\/home\/wp-json\/wp\/v2\/posts\/46524","targetHints":{"allow":["GET"]}}],"collection":[{"href":"https:\/\/jornalboasnoticias.com.br\/home\/wp-json\/wp\/v2\/posts"}],"about":[{"href":"https:\/\/jornalboasnoticias.com.br\/home\/wp-json\/wp\/v2\/types\/post"}],"author":[{"embeddable":true,"href":"https:\/\/jornalboasnoticias.com.br\/home\/wp-json\/wp\/v2\/users\/3"}],"replies":[{"embeddable":true,"href":"https:\/\/jornalboasnoticias.com.br\/home\/wp-json\/wp\/v2\/comments?post=46524"}],"version-history":[{"count":1,"href":"https:\/\/jornalboasnoticias.com.br\/home\/wp-json\/wp\/v2\/posts\/46524\/revisions"}],"predecessor-version":[{"id":46526,"href":"https:\/\/jornalboasnoticias.com.br\/home\/wp-json\/wp\/v2\/posts\/46524\/revisions\/46526"}],"wp:featuredmedia":[{"embeddable":true,"href":"https:\/\/jornalboasnoticias.com.br\/home\/wp-json\/wp\/v2\/media\/46525"}],"wp:attachment":[{"href":"https:\/\/jornalboasnoticias.com.br\/home\/wp-json\/wp\/v2\/media?parent=46524"}],"wp:term":[{"taxonomy":"category","embeddable":true,"href":"https:\/\/jornalboasnoticias.com.br\/home\/wp-json\/wp\/v2\/categories?post=46524"},{"taxonomy":"post_tag","embeddable":true,"href":"https:\/\/jornalboasnoticias.com.br\/home\/wp-json\/wp\/v2\/tags?post=46524"}],"curies":[{"name":"wp","href":"https:\/\/api.w.org\/{rel}","templated":true}]}}