{"id":46521,"date":"2025-11-26T18:40:01","date_gmt":"2025-11-26T18:40:01","guid":{"rendered":"https:\/\/jornalboasnoticias.com.br\/home\/?p=46521"},"modified":"2025-11-26T18:41:13","modified_gmt":"2025-11-26T18:41:13","slug":"lula-comenta-prisao-de-jair-bolsonaro-licao-de-democracia","status":"publish","type":"post","link":"https:\/\/jornalboasnoticias.com.br\/home\/lula-comenta-prisao-de-jair-bolsonaro-licao-de-democracia\/","title":{"rendered":"Lula comenta pris\u00e3o de Jair Bolsonaro: &#8220;Li\u00e7\u00e3o de democracia\u201d"},"content":{"rendered":"<blockquote>\n<p style=\"text-align: center;\">Ex-presidente j\u00e1 come\u00e7ou a cumprir pena pela tentativa de golpe<\/p>\n<\/blockquote>\n<figure id=\"attachment_46522\" aria-describedby=\"caption-attachment-46522\" style=\"width: 1000px\" class=\"wp-caption aligncenter\"><img loading=\"lazy\" decoding=\"async\" class=\"size-full wp-image-46522\" src=\"https:\/\/jornalboasnoticias.com.br\/home\/wp-content\/uploads\/2025\/11\/IMG_3913-e1764182356503.webp\" alt=\"\" width=\"1000\" height=\"598\" \/><figcaption id=\"caption-attachment-46522\" class=\"wp-caption-text\">\u00a9 ANTONIO CRUZ\/AG\u00caNCIA BRASIL<\/figcaption><\/figure>\n<p>O presidente Luiz In\u00e1cio Lula da Silva disse, nesta quarta-feira (26), que o Brasil \u201cdeu uma li\u00e7\u00e3o de democracia ao mundo\u201d com a pris\u00e3o do ex-presidente Jair Bolsonaro e de militares que tramaram um golpe de Estado\u00a0no Brasil. <img decoding=\"async\" src=\"https:\/\/agenciabrasil.ebc.com.br\/ebc.png?id=1669612&amp;o=node\" \/><img decoding=\"async\" src=\"https:\/\/agenciabrasil.ebc.com.br\/ebc.gif?id=1669612&amp;o=node\" \/><\/p>\n<blockquote><p>\u201cEu estou feliz. N\u00e3o pela pris\u00e3o de ningu\u00e9m, estou feliz porque esse pa\u00eds demonstrou que est\u00e1 maduro para exercer a democracia na sua mais alta plenitude\u201d, disse.<\/p><\/blockquote>\n<p>Em cerim\u00f4nia no Pal\u00e1cio do Planalto, Lula sancionou a isen\u00e7\u00e3o do Imposto de Renda para quem ganha at\u00e9 R$ 5 mil e comentou o fim do processo da trama golpista no Supremo Tribunal Federal (STF) para sete r\u00e9us.<\/p>\n<p>Com isso, foi determinado o in\u00edcio da execu\u00e7\u00e3o das penas, no caso de Bolsonaro, de 27 anos e tr\u00eas meses de pris\u00e3o.<\/p>\n<p>\u201cSem nenhum alarde, a Justi\u00e7a brasileira mostrou a sua for\u00e7a, n\u00e3o se amedrontou com as amea\u00e7as de fora e fez um julgamento primoroso onde n\u00e3o tem uma acusa\u00e7\u00e3o de oposi\u00e7\u00e3o. \u00c9 tudo acusa\u00e7\u00e3o de dentro da quadrilha que tentou dar um golpe nesse pa\u00eds em [2022]\u201d, disse o presidente Lula.<\/p>\n<blockquote><p>\u201cPela primeira vez em 500 anos na hist\u00f3ria desse pa\u00eds, voc\u00ea tem algu\u00e9m preso por tentativa de golpe. Voc\u00ea tem um ex-presidente da Rep\u00fablica e voc\u00ea tem quatro generais de quatro estrelas presos. Numa demonstra\u00e7\u00e3o de que democracia vale para todos. Democracia n\u00e3o \u00e9 privil\u00e9gio de ningu\u00e9m, \u00e9 um direito de 215 milh\u00f5es de brasileiros\u201d, acrescentou.<\/p><\/blockquote>\n<p>A condena\u00e7\u00e3o ocorreu no dia 11 de setembro. Por 4 votos a 1, a Primeira Turma do STF condenou os sete r\u00e9us pelos crimes de organiza\u00e7\u00e3o criminosa armada, tentativa de aboli\u00e7\u00e3o violenta do Estado Democr\u00e1tico de Direito, golpe de Estado, dano qualificado pela viol\u00eancia e grave amea\u00e7a e deteriora\u00e7\u00e3o de patrim\u00f4nio tombado.<\/p>\n<h2>Confira as penas e o local de pris\u00e3o dos condenados:<\/h2>\n<p><strong>Jair Bolsonaro<\/strong> \u2013 ex-presidente da Rep\u00fablica: 27 anos e tr\u00eas meses;<br \/>\nLocal de pris\u00e3o: Superintend\u00eancia da Pol\u00edcia Federal, em Bras\u00edlia.<\/p>\n<p><strong>Walter Braga Netto<\/strong>\u00a0\u2013 ex-ministro de Bolsonaro e candidato a vice-presidente na chapa de 2022: 26 anos;<br \/>\nLocal de pris\u00e3o: Vila Militar, no Rio de Janeiro.<\/p>\n<p><strong>Almir Garnier <\/strong>\u2013 ex-comandante da Marinha: 24 anos;<br \/>\nLocal de pris\u00e3o: Instala\u00e7\u00f5es da Esta\u00e7\u00e3o R\u00e1dio da Marinha,\u00a0 em Bras\u00edlia.<\/p>\n<p><strong>Anderson Torres<\/strong> \u2013 ex-ministro da Justi\u00e7a e ex-secret\u00e1rio de seguran\u00e7a do Distrito Federal: 24 anos;<br \/>\nLocal de pris\u00e3o: 19\u00ba Batalh\u00e3o de Pol\u00edcia Militar do DF, localizado no Complexo Penitenci\u00e1rio da Papuda, em Bras\u00edlia.<\/p>\n<p><strong>Augusto Heleno<\/strong> \u2013 ex-ministro do Gabinete de Seguran\u00e7a Institucional (GSI): 21 anos;<br \/>\nLocal de pris\u00e3o:\u00a0 Comando Militar do Planalto (CMP), em Bras\u00edlia.<\/p>\n<p><strong>Paulo S\u00e9rgio Nogueira<\/strong> \u2013 ex-ministro da Defesa: 19 anos;<br \/>\nLocal de pris\u00e3o: Comando Militar do Planalto (CMP), em Bras\u00edlia.<\/p>\n<p><strong>Alexandre Ramagem<\/strong> \u2013 ex-diretor da Ag\u00eancia Brasileira de Intelig\u00eancia (Abin): 16 anos, um m\u00eas e 15 dias.<br \/>\nEst\u00e1 foragido em Miami, nos Estados Unidos. O mandado de pris\u00e3o ser\u00e1 inclu\u00eddo no Banco Nacional do Monitoramento de Pris\u00f5es (BNMP).<\/p>\n<p><em>Ag\u00eancia Brasil\u00a0<\/em><\/p>\n","protected":false},"excerpt":{"rendered":"<p>Ex-presidente j\u00e1 come\u00e7ou a cumprir pena pela tentativa de golpe O presidente Luiz In\u00e1cio Lula<\/p>\n","protected":false},"author":3,"featured_media":46522,"comment_status":"open","ping_status":"open","sticky":false,"template":"","format":"standard","meta":{"footnotes":""},"categories":[3,96],"tags":[],"class_list":["post-46521","post","type-post","status-publish","format-standard","has-post-thumbnail","hentry","category-destaques","category-politica"],"yoast_head":"<!-- This site is optimized with the Yoast SEO plugin v27.5 - https:\/\/yoast.com\/product\/yoast-seo-wordpress\/ -->\n<title>Lula comenta pris\u00e3o de Jair Bolsonaro: &quot;Li\u00e7\u00e3o de democracia\u201d - Jornal<\/title>\n<meta name=\"description\" content=\"Lula comenta pris\u00e3o de Jair Bolsonaro: &quot;Li\u00e7\u00e3o de democracia\u201d\" \/>\n<meta name=\"robots\" content=\"index, follow, max-snippet:-1, max-image-preview:large, max-video-preview:-1\" \/>\n<link rel=\"canonical\" href=\"https:\/\/jornalboasnoticias.com.br\/home\/lula-comenta-prisao-de-jair-bolsonaro-licao-de-democracia\/\" \/>\n<meta property=\"og:locale\" content=\"pt_BR\" \/>\n<meta property=\"og:type\" content=\"article\" \/>\n<meta property=\"og:title\" content=\"Lula comenta pris\u00e3o de Jair Bolsonaro: &quot;Li\u00e7\u00e3o de democracia\u201d - Jornal\" \/>\n<meta property=\"og:description\" content=\"Lula comenta pris\u00e3o de Jair Bolsonaro: &quot;Li\u00e7\u00e3o de democracia\u201d\" \/>\n<meta property=\"og:url\" content=\"https:\/\/jornalboasnoticias.com.br\/home\/lula-comenta-prisao-de-jair-bolsonaro-licao-de-democracia\/\" \/>\n<meta property=\"og:site_name\" content=\"Jornal\" \/>\n<meta property=\"article:publisher\" content=\"https:\/\/www.facebook.com\/boasnoticiasjornal\" \/>\n<meta property=\"article:published_time\" content=\"2025-11-26T18:40:01+00:00\" \/>\n<meta property=\"article:modified_time\" content=\"2025-11-26T18:41:13+00:00\" \/>\n<meta property=\"og:image\" content=\"https:\/\/jornalboasnoticias.com.br\/home\/wp-content\/uploads\/2025\/11\/IMG_3913-e1764182356503.webp\" \/>\n\t<meta property=\"og:image:width\" content=\"1000\" \/>\n\t<meta property=\"og:image:height\" content=\"598\" \/>\n\t<meta property=\"og:image:type\" content=\"image\/webp\" \/>\n<meta name=\"author\" content=\"Luiz Carlos da Cruz\" \/>\n<meta name=\"twitter:card\" content=\"summary_large_image\" \/>\n<meta name=\"twitter:label1\" content=\"Escrito por\" \/>\n\t<meta name=\"twitter:data1\" content=\"Luiz Carlos da Cruz\" \/>\n\t<meta name=\"twitter:label2\" content=\"Est. tempo de leitura\" \/>\n\t<meta name=\"twitter:data2\" content=\"3 minutos\" \/>\n<script type=\"application\/ld+json\" class=\"yoast-schema-graph\">{\"@context\":\"https:\\\/\\\/schema.org\",\"@graph\":[{\"@type\":\"Article\",\"@id\":\"https:\\\/\\\/jornalboasnoticias.com.br\\\/home\\\/lula-comenta-prisao-de-jair-bolsonaro-licao-de-democracia\\\/#article\",\"isPartOf\":{\"@id\":\"https:\\\/\\\/jornalboasnoticias.com.br\\\/home\\\/lula-comenta-prisao-de-jair-bolsonaro-licao-de-democracia\\\/\"},\"author\":{\"name\":\"Luiz Carlos da Cruz\",\"@id\":\"https:\\\/\\\/jornalboasnoticias.com.br\\\/home\\\/#\\\/schema\\\/person\\\/75f9ebde398c998c166475fb446bda62\"},\"headline\":\"Lula comenta pris\u00e3o de Jair Bolsonaro: &#8220;Li\u00e7\u00e3o de democracia\u201d\",\"datePublished\":\"2025-11-26T18:40:01+00:00\",\"dateModified\":\"2025-11-26T18:41:13+00:00\",\"mainEntityOfPage\":{\"@id\":\"https:\\\/\\\/jornalboasnoticias.com.br\\\/home\\\/lula-comenta-prisao-de-jair-bolsonaro-licao-de-democracia\\\/\"},\"wordCount\":554,\"commentCount\":0,\"publisher\":{\"@id\":\"https:\\\/\\\/jornalboasnoticias.com.br\\\/home\\\/#organization\"},\"image\":{\"@id\":\"https:\\\/\\\/jornalboasnoticias.com.br\\\/home\\\/lula-comenta-prisao-de-jair-bolsonaro-licao-de-democracia\\\/#primaryimage\"},\"thumbnailUrl\":\"https:\\\/\\\/jornalboasnoticias.com.br\\\/home\\\/wp-content\\\/uploads\\\/2025\\\/11\\\/IMG_3913-e1764182356503.webp\",\"articleSection\":[\"DESTAQUE\",\"POL\u00cdTICA\"],\"inLanguage\":\"pt-BR\",\"potentialAction\":[{\"@type\":\"CommentAction\",\"name\":\"Comment\",\"target\":[\"https:\\\/\\\/jornalboasnoticias.com.br\\\/home\\\/lula-comenta-prisao-de-jair-bolsonaro-licao-de-democracia\\\/#respond\"]}]},{\"@type\":\"WebPage\",\"@id\":\"https:\\\/\\\/jornalboasnoticias.com.br\\\/home\\\/lula-comenta-prisao-de-jair-bolsonaro-licao-de-democracia\\\/\",\"url\":\"https:\\\/\\\/jornalboasnoticias.com.br\\\/home\\\/lula-comenta-prisao-de-jair-bolsonaro-licao-de-democracia\\\/\",\"name\":\"Lula comenta pris\u00e3o de Jair Bolsonaro: \\\"Li\u00e7\u00e3o de democracia\u201d - Jornal\",\"isPartOf\":{\"@id\":\"https:\\\/\\\/jornalboasnoticias.com.br\\\/home\\\/#website\"},\"primaryImageOfPage\":{\"@id\":\"https:\\\/\\\/jornalboasnoticias.com.br\\\/home\\\/lula-comenta-prisao-de-jair-bolsonaro-licao-de-democracia\\\/#primaryimage\"},\"image\":{\"@id\":\"https:\\\/\\\/jornalboasnoticias.com.br\\\/home\\\/lula-comenta-prisao-de-jair-bolsonaro-licao-de-democracia\\\/#primaryimage\"},\"thumbnailUrl\":\"https:\\\/\\\/jornalboasnoticias.com.br\\\/home\\\/wp-content\\\/uploads\\\/2025\\\/11\\\/IMG_3913-e1764182356503.webp\",\"datePublished\":\"2025-11-26T18:40:01+00:00\",\"dateModified\":\"2025-11-26T18:41:13+00:00\",\"description\":\"Lula comenta pris\u00e3o de Jair Bolsonaro: \\\"Li\u00e7\u00e3o de democracia\u201d\",\"breadcrumb\":{\"@id\":\"https:\\\/\\\/jornalboasnoticias.com.br\\\/home\\\/lula-comenta-prisao-de-jair-bolsonaro-licao-de-democracia\\\/#breadcrumb\"},\"inLanguage\":\"pt-BR\",\"potentialAction\":[{\"@type\":\"ReadAction\",\"target\":[\"https:\\\/\\\/jornalboasnoticias.com.br\\\/home\\\/lula-comenta-prisao-de-jair-bolsonaro-licao-de-democracia\\\/\"]}]},{\"@type\":\"ImageObject\",\"inLanguage\":\"pt-BR\",\"@id\":\"https:\\\/\\\/jornalboasnoticias.com.br\\\/home\\\/lula-comenta-prisao-de-jair-bolsonaro-licao-de-democracia\\\/#primaryimage\",\"url\":\"https:\\\/\\\/jornalboasnoticias.com.br\\\/home\\\/wp-content\\\/uploads\\\/2025\\\/11\\\/IMG_3913-e1764182356503.webp\",\"contentUrl\":\"https:\\\/\\\/jornalboasnoticias.com.br\\\/home\\\/wp-content\\\/uploads\\\/2025\\\/11\\\/IMG_3913-e1764182356503.webp\",\"width\":1000,\"height\":598,\"caption\":\"\u00a9 ANTONIO CRUZ\\\/AG\u00caNCIA BRASIL\"},{\"@type\":\"BreadcrumbList\",\"@id\":\"https:\\\/\\\/jornalboasnoticias.com.br\\\/home\\\/lula-comenta-prisao-de-jair-bolsonaro-licao-de-democracia\\\/#breadcrumb\",\"itemListElement\":[{\"@type\":\"ListItem\",\"position\":1,\"name\":\"In\u00edcio\",\"item\":\"https:\\\/\\\/jornalboasnoticias.com.br\\\/home\\\/\"},{\"@type\":\"ListItem\",\"position\":2,\"name\":\"Lula comenta pris\u00e3o de Jair Bolsonaro: &#8220;Li\u00e7\u00e3o de democracia\u201d\"}]},{\"@type\":\"WebSite\",\"@id\":\"https:\\\/\\\/jornalboasnoticias.com.br\\\/home\\\/#website\",\"url\":\"https:\\\/\\\/jornalboasnoticias.com.br\\\/home\\\/\",\"name\":\"Jornal Boas Not\u00edcias\",\"description\":\"Boas not\u00edcias\",\"publisher\":{\"@id\":\"https:\\\/\\\/jornalboasnoticias.com.br\\\/home\\\/#organization\"},\"potentialAction\":[{\"@type\":\"SearchAction\",\"target\":{\"@type\":\"EntryPoint\",\"urlTemplate\":\"https:\\\/\\\/jornalboasnoticias.com.br\\\/home\\\/?s={search_term_string}\"},\"query-input\":{\"@type\":\"PropertyValueSpecification\",\"valueRequired\":true,\"valueName\":\"search_term_string\"}}],\"inLanguage\":\"pt-BR\"},{\"@type\":\"Organization\",\"@id\":\"https:\\\/\\\/jornalboasnoticias.com.br\\\/home\\\/#organization\",\"name\":\"Coq Editora Ltda\",\"alternateName\":\"Jornal Boas Noticias\",\"url\":\"https:\\\/\\\/jornalboasnoticias.com.br\\\/home\\\/\",\"logo\":{\"@type\":\"ImageObject\",\"inLanguage\":\"pt-BR\",\"@id\":\"https:\\\/\\\/jornalboasnoticias.com.br\\\/home\\\/#\\\/schema\\\/logo\\\/image\\\/\",\"url\":\"https:\\\/\\\/jornalboasnoticias.com.br\\\/home\\\/wp-content\\\/uploads\\\/2024\\\/07\\\/cropped-logo.jpg\",\"contentUrl\":\"https:\\\/\\\/jornalboasnoticias.com.br\\\/home\\\/wp-content\\\/uploads\\\/2024\\\/07\\\/cropped-logo.jpg\",\"width\":290,\"height\":142,\"caption\":\"Coq Editora Ltda\"},\"image\":{\"@id\":\"https:\\\/\\\/jornalboasnoticias.com.br\\\/home\\\/#\\\/schema\\\/logo\\\/image\\\/\"},\"sameAs\":[\"https:\\\/\\\/www.facebook.com\\\/boasnoticiasjornal\"]},{\"@type\":\"Person\",\"@id\":\"https:\\\/\\\/jornalboasnoticias.com.br\\\/home\\\/#\\\/schema\\\/person\\\/75f9ebde398c998c166475fb446bda62\",\"name\":\"Luiz Carlos da Cruz\",\"image\":{\"@type\":\"ImageObject\",\"inLanguage\":\"pt-BR\",\"@id\":\"https:\\\/\\\/secure.gravatar.com\\\/avatar\\\/e6f4f45301b6cb8572f7b076572e8ac11c1db80e805d8c8d0858cf286ce3ac3b?s=96&d=mm&r=g\",\"url\":\"https:\\\/\\\/secure.gravatar.com\\\/avatar\\\/e6f4f45301b6cb8572f7b076572e8ac11c1db80e805d8c8d0858cf286ce3ac3b?s=96&d=mm&r=g\",\"contentUrl\":\"https:\\\/\\\/secure.gravatar.com\\\/avatar\\\/e6f4f45301b6cb8572f7b076572e8ac11c1db80e805d8c8d0858cf286ce3ac3b?s=96&d=mm&r=g\",\"caption\":\"Luiz Carlos da Cruz\"},\"url\":\"https:\\\/\\\/jornalboasnoticias.com.br\\\/home\\\/author\\\/luiz-carlos-da-cruz\\\/\"}]}<\/script>\n<!-- \/ Yoast SEO plugin. -->","yoast_head_json":{"title":"Lula comenta pris\u00e3o de Jair Bolsonaro: \"Li\u00e7\u00e3o de democracia\u201d - Jornal","description":"Lula comenta pris\u00e3o de Jair Bolsonaro: \"Li\u00e7\u00e3o de democracia\u201d","robots":{"index":"index","follow":"follow","max-snippet":"max-snippet:-1","max-image-preview":"max-image-preview:large","max-video-preview":"max-video-preview:-1"},"canonical":"https:\/\/jornalboasnoticias.com.br\/home\/lula-comenta-prisao-de-jair-bolsonaro-licao-de-democracia\/","og_locale":"pt_BR","og_type":"article","og_title":"Lula comenta pris\u00e3o de Jair Bolsonaro: \"Li\u00e7\u00e3o de democracia\u201d - Jornal","og_description":"Lula comenta pris\u00e3o de Jair Bolsonaro: \"Li\u00e7\u00e3o de democracia\u201d","og_url":"https:\/\/jornalboasnoticias.com.br\/home\/lula-comenta-prisao-de-jair-bolsonaro-licao-de-democracia\/","og_site_name":"Jornal","article_publisher":"https:\/\/www.facebook.com\/boasnoticiasjornal","article_published_time":"2025-11-26T18:40:01+00:00","article_modified_time":"2025-11-26T18:41:13+00:00","og_image":[{"width":1000,"height":598,"url":"https:\/\/jornalboasnoticias.com.br\/home\/wp-content\/uploads\/2025\/11\/IMG_3913-e1764182356503.webp","type":"image\/webp"}],"author":"Luiz Carlos da Cruz","twitter_card":"summary_large_image","twitter_misc":{"Escrito por":"Luiz Carlos da Cruz","Est. tempo de leitura":"3 minutos"},"schema":{"@context":"https:\/\/schema.org","@graph":[{"@type":"Article","@id":"https:\/\/jornalboasnoticias.com.br\/home\/lula-comenta-prisao-de-jair-bolsonaro-licao-de-democracia\/#article","isPartOf":{"@id":"https:\/\/jornalboasnoticias.com.br\/home\/lula-comenta-prisao-de-jair-bolsonaro-licao-de-democracia\/"},"author":{"name":"Luiz Carlos da Cruz","@id":"https:\/\/jornalboasnoticias.com.br\/home\/#\/schema\/person\/75f9ebde398c998c166475fb446bda62"},"headline":"Lula comenta pris\u00e3o de Jair Bolsonaro: &#8220;Li\u00e7\u00e3o de democracia\u201d","datePublished":"2025-11-26T18:40:01+00:00","dateModified":"2025-11-26T18:41:13+00:00","mainEntityOfPage":{"@id":"https:\/\/jornalboasnoticias.com.br\/home\/lula-comenta-prisao-de-jair-bolsonaro-licao-de-democracia\/"},"wordCount":554,"commentCount":0,"publisher":{"@id":"https:\/\/jornalboasnoticias.com.br\/home\/#organization"},"image":{"@id":"https:\/\/jornalboasnoticias.com.br\/home\/lula-comenta-prisao-de-jair-bolsonaro-licao-de-democracia\/#primaryimage"},"thumbnailUrl":"https:\/\/jornalboasnoticias.com.br\/home\/wp-content\/uploads\/2025\/11\/IMG_3913-e1764182356503.webp","articleSection":["DESTAQUE","POL\u00cdTICA"],"inLanguage":"pt-BR","potentialAction":[{"@type":"CommentAction","name":"Comment","target":["https:\/\/jornalboasnoticias.com.br\/home\/lula-comenta-prisao-de-jair-bolsonaro-licao-de-democracia\/#respond"]}]},{"@type":"WebPage","@id":"https:\/\/jornalboasnoticias.com.br\/home\/lula-comenta-prisao-de-jair-bolsonaro-licao-de-democracia\/","url":"https:\/\/jornalboasnoticias.com.br\/home\/lula-comenta-prisao-de-jair-bolsonaro-licao-de-democracia\/","name":"Lula comenta pris\u00e3o de Jair Bolsonaro: \"Li\u00e7\u00e3o de democracia\u201d - Jornal","isPartOf":{"@id":"https:\/\/jornalboasnoticias.com.br\/home\/#website"},"primaryImageOfPage":{"@id":"https:\/\/jornalboasnoticias.com.br\/home\/lula-comenta-prisao-de-jair-bolsonaro-licao-de-democracia\/#primaryimage"},"image":{"@id":"https:\/\/jornalboasnoticias.com.br\/home\/lula-comenta-prisao-de-jair-bolsonaro-licao-de-democracia\/#primaryimage"},"thumbnailUrl":"https:\/\/jornalboasnoticias.com.br\/home\/wp-content\/uploads\/2025\/11\/IMG_3913-e1764182356503.webp","datePublished":"2025-11-26T18:40:01+00:00","dateModified":"2025-11-26T18:41:13+00:00","description":"Lula comenta pris\u00e3o de Jair Bolsonaro: \"Li\u00e7\u00e3o de democracia\u201d","breadcrumb":{"@id":"https:\/\/jornalboasnoticias.com.br\/home\/lula-comenta-prisao-de-jair-bolsonaro-licao-de-democracia\/#breadcrumb"},"inLanguage":"pt-BR","potentialAction":[{"@type":"ReadAction","target":["https:\/\/jornalboasnoticias.com.br\/home\/lula-comenta-prisao-de-jair-bolsonaro-licao-de-democracia\/"]}]},{"@type":"ImageObject","inLanguage":"pt-BR","@id":"https:\/\/jornalboasnoticias.com.br\/home\/lula-comenta-prisao-de-jair-bolsonaro-licao-de-democracia\/#primaryimage","url":"https:\/\/jornalboasnoticias.com.br\/home\/wp-content\/uploads\/2025\/11\/IMG_3913-e1764182356503.webp","contentUrl":"https:\/\/jornalboasnoticias.com.br\/home\/wp-content\/uploads\/2025\/11\/IMG_3913-e1764182356503.webp","width":1000,"height":598,"caption":"\u00a9 ANTONIO CRUZ\/AG\u00caNCIA BRASIL"},{"@type":"BreadcrumbList","@id":"https:\/\/jornalboasnoticias.com.br\/home\/lula-comenta-prisao-de-jair-bolsonaro-licao-de-democracia\/#breadcrumb","itemListElement":[{"@type":"ListItem","position":1,"name":"In\u00edcio","item":"https:\/\/jornalboasnoticias.com.br\/home\/"},{"@type":"ListItem","position":2,"name":"Lula comenta pris\u00e3o de Jair Bolsonaro: &#8220;Li\u00e7\u00e3o de democracia\u201d"}]},{"@type":"WebSite","@id":"https:\/\/jornalboasnoticias.com.br\/home\/#website","url":"https:\/\/jornalboasnoticias.com.br\/home\/","name":"Jornal Boas Not\u00edcias","description":"Boas not\u00edcias","publisher":{"@id":"https:\/\/jornalboasnoticias.com.br\/home\/#organization"},"potentialAction":[{"@type":"SearchAction","target":{"@type":"EntryPoint","urlTemplate":"https:\/\/jornalboasnoticias.com.br\/home\/?s={search_term_string}"},"query-input":{"@type":"PropertyValueSpecification","valueRequired":true,"valueName":"search_term_string"}}],"inLanguage":"pt-BR"},{"@type":"Organization","@id":"https:\/\/jornalboasnoticias.com.br\/home\/#organization","name":"Coq Editora Ltda","alternateName":"Jornal Boas Noticias","url":"https:\/\/jornalboasnoticias.com.br\/home\/","logo":{"@type":"ImageObject","inLanguage":"pt-BR","@id":"https:\/\/jornalboasnoticias.com.br\/home\/#\/schema\/logo\/image\/","url":"https:\/\/jornalboasnoticias.com.br\/home\/wp-content\/uploads\/2024\/07\/cropped-logo.jpg","contentUrl":"https:\/\/jornalboasnoticias.com.br\/home\/wp-content\/uploads\/2024\/07\/cropped-logo.jpg","width":290,"height":142,"caption":"Coq Editora Ltda"},"image":{"@id":"https:\/\/jornalboasnoticias.com.br\/home\/#\/schema\/logo\/image\/"},"sameAs":["https:\/\/www.facebook.com\/boasnoticiasjornal"]},{"@type":"Person","@id":"https:\/\/jornalboasnoticias.com.br\/home\/#\/schema\/person\/75f9ebde398c998c166475fb446bda62","name":"Luiz Carlos da Cruz","image":{"@type":"ImageObject","inLanguage":"pt-BR","@id":"https:\/\/secure.gravatar.com\/avatar\/e6f4f45301b6cb8572f7b076572e8ac11c1db80e805d8c8d0858cf286ce3ac3b?s=96&d=mm&r=g","url":"https:\/\/secure.gravatar.com\/avatar\/e6f4f45301b6cb8572f7b076572e8ac11c1db80e805d8c8d0858cf286ce3ac3b?s=96&d=mm&r=g","contentUrl":"https:\/\/secure.gravatar.com\/avatar\/e6f4f45301b6cb8572f7b076572e8ac11c1db80e805d8c8d0858cf286ce3ac3b?s=96&d=mm&r=g","caption":"Luiz Carlos da Cruz"},"url":"https:\/\/jornalboasnoticias.com.br\/home\/author\/luiz-carlos-da-cruz\/"}]}},"_links":{"self":[{"href":"https:\/\/jornalboasnoticias.com.br\/home\/wp-json\/wp\/v2\/posts\/46521","targetHints":{"allow":["GET"]}}],"collection":[{"href":"https:\/\/jornalboasnoticias.com.br\/home\/wp-json\/wp\/v2\/posts"}],"about":[{"href":"https:\/\/jornalboasnoticias.com.br\/home\/wp-json\/wp\/v2\/types\/post"}],"author":[{"embeddable":true,"href":"https:\/\/jornalboasnoticias.com.br\/home\/wp-json\/wp\/v2\/users\/3"}],"replies":[{"embeddable":true,"href":"https:\/\/jornalboasnoticias.com.br\/home\/wp-json\/wp\/v2\/comments?post=46521"}],"version-history":[{"count":1,"href":"https:\/\/jornalboasnoticias.com.br\/home\/wp-json\/wp\/v2\/posts\/46521\/revisions"}],"predecessor-version":[{"id":46523,"href":"https:\/\/jornalboasnoticias.com.br\/home\/wp-json\/wp\/v2\/posts\/46521\/revisions\/46523"}],"wp:featuredmedia":[{"embeddable":true,"href":"https:\/\/jornalboasnoticias.com.br\/home\/wp-json\/wp\/v2\/media\/46522"}],"wp:attachment":[{"href":"https:\/\/jornalboasnoticias.com.br\/home\/wp-json\/wp\/v2\/media?parent=46521"}],"wp:term":[{"taxonomy":"category","embeddable":true,"href":"https:\/\/jornalboasnoticias.com.br\/home\/wp-json\/wp\/v2\/categories?post=46521"},{"taxonomy":"post_tag","embeddable":true,"href":"https:\/\/jornalboasnoticias.com.br\/home\/wp-json\/wp\/v2\/tags?post=46521"}],"curies":[{"name":"wp","href":"https:\/\/api.w.org\/{rel}","templated":true}]}}