{"id":46507,"date":"2025-11-17T18:02:44","date_gmt":"2025-11-17T18:02:44","guid":{"rendered":"https:\/\/jornalboasnoticias.com.br\/home\/?p=46507"},"modified":"2025-11-17T18:02:44","modified_gmt":"2025-11-17T18:02:44","slug":"zoologico-amplia-visitacao-e-abrira-parque-de-terca-a-domingo-durante-ferias-escolares","status":"publish","type":"post","link":"https:\/\/jornalboasnoticias.com.br\/home\/zoologico-amplia-visitacao-e-abrira-parque-de-terca-a-domingo-durante-ferias-escolares\/","title":{"rendered":"Zool\u00f3gico amplia visita\u00e7\u00e3o e abrir\u00e1 parque de ter\u00e7a a domingo durante f\u00e9rias escolares"},"content":{"rendered":"<blockquote>\n<p style=\"text-align: center;\">A partir de 20 de dezembro at\u00e9 dia 1\u00b0 de fevereiro, fam\u00edlias poder\u00e3o acessar o parque sempre das 10h \u00e0s 17h<\/p>\n<\/blockquote>\n<div class=\"conteudo-noticia-capa-miniatura\">\n<figure id=\"attachment_69925\" aria-describedby=\"caption-attachment-69925\" style=\"width: 1000px\" class=\"wp-caption aligncenter\"><img loading=\"lazy\" decoding=\"async\" class=\"wp-image-69925 size-full\" src=\"https:\/\/portalcantagalo.com.br\/wp-content\/uploads\/2025\/11\/WhatsApp-Image-2024-12-09-at-14_47_30-1-3-e1763402357748.jpeg\" alt=\"\" width=\"1000\" height=\"666\" \/><figcaption id=\"caption-attachment-69925\" class=\"wp-caption-text\">Divulga\u00e7\u00e3o<\/figcaption><\/figure>\n<p>Com dezembro j\u00e1 batendo \u00e0 porta, est\u00e1 chegando tamb\u00e9m o per\u00edodo das f\u00e9rias escolares da crian\u00e7ada. Atenta a isso, a\u00a0Prefeitura de Cascavel, por meio da Secretaria de Meio Ambiente, vai ampliar os dias de visita\u00e7\u00e3o ao Zool\u00f3gico de Cascavel, o parque querido pelos pequenos e ponto de encontro das fam\u00edlias.<\/p>\n<p>Durante a temporada de f\u00e9rias, o Zoo ter\u00e1 atendimentos de ter\u00e7a a domingo, sempre das 10h \u00e0s 17h. Normalmente, o parque funciona somente aos fins de semana. A amplia\u00e7\u00e3o nos dias de visita\u00e7\u00e3o j\u00e1 come\u00e7a a partir do dia 20 de dezembro e segue at\u00e9 o dia 1\u00b0 de fevereiro.\u00a0Segunda-feira, o Zoo\u00a0seguir\u00e1 fechado, pois \u00e9 o dia dedicado \u00e0 manuten\u00e7\u00e3o do parque.<\/p>\n<p>A mudan\u00e7a \u00e9\u00a0justamente para que as fam\u00edlias tenham mais op\u00e7\u00f5es de entretenimento durante o recesso escolar.<\/p>\n<p>O Zoo fica no complexo da maior reserva ecol\u00f3gica do Sul do Brasil, em uma \u00e1rea de cerca de 20 hectares de mata. \u00c9 a combina\u00e7\u00e3o perfeita entre flora e fauna, um verdadeiro ref\u00fagio em meio \u00e0 cidade.<\/p>\n<p>O Zool\u00f3gico\u00a0tem a atribui\u00e7\u00e3o de guarda, prote\u00e7\u00e3o e cuidado de mais de 350 animais de 72 esp\u00e9cies, entre mam\u00edferos, r\u00e9pteis e aves. Os cuidados envolvem nutri\u00e7\u00e3o, limpeza de recintos e atendimento cl\u00ednico veterin\u00e1rio tanto em check-up de rotina como em eventuais emerg\u00eancias.<\/p>\n<h2>ZObO<\/h2>\n<p>Para entrar no parque, precisa ter um ingresso online, que \u00e9 gratuito. Para acessar e fazer o cadastro, este \u00e9 o link:\u00a0<a href=\"https:\/\/doity.com.br\/zoocascavel\"><u><span class=\"15\">https:\/\/doity.com.br\/zoocascavel<\/span><\/u><\/a><\/p>\n<p><em>Prefeitura de Cascavel<\/em><\/p>\n<\/div>\n","protected":false},"excerpt":{"rendered":"<p>A partir de 20 de dezembro at\u00e9 dia 1\u00b0 de fevereiro, fam\u00edlias poder\u00e3o acessar o<\/p>\n","protected":false},"author":3,"featured_media":46508,"comment_status":"open","ping_status":"open","sticky":false,"template":"","format":"standard","meta":{"footnotes":""},"categories":[2,3],"tags":[],"class_list":["post-46507","post","type-post","status-publish","format-standard","has-post-thumbnail","hentry","category-cascavel","category-destaques"],"yoast_head":"<!-- This site is optimized with the Yoast SEO plugin v27.5 - https:\/\/yoast.com\/product\/yoast-seo-wordpress\/ -->\n<title>Zool\u00f3gico amplia visita\u00e7\u00e3o e abrir\u00e1 parque de ter\u00e7a a domingo durante f\u00e9rias escolares - Jornal<\/title>\n<meta name=\"description\" content=\"Zool\u00f3gico amplia visita\u00e7\u00e3o e abrir\u00e1 parque de ter\u00e7a a domingo durante f\u00e9rias escolares\" \/>\n<meta name=\"robots\" content=\"index, follow, max-snippet:-1, max-image-preview:large, max-video-preview:-1\" \/>\n<link rel=\"canonical\" href=\"https:\/\/jornalboasnoticias.com.br\/home\/zoologico-amplia-visitacao-e-abrira-parque-de-terca-a-domingo-durante-ferias-escolares\/\" \/>\n<meta property=\"og:locale\" content=\"pt_BR\" \/>\n<meta property=\"og:type\" content=\"article\" \/>\n<meta property=\"og:title\" content=\"Zool\u00f3gico amplia visita\u00e7\u00e3o e abrir\u00e1 parque de ter\u00e7a a domingo durante f\u00e9rias escolares - Jornal\" \/>\n<meta property=\"og:description\" content=\"Zool\u00f3gico amplia visita\u00e7\u00e3o e abrir\u00e1 parque de ter\u00e7a a domingo durante f\u00e9rias escolares\" \/>\n<meta property=\"og:url\" content=\"https:\/\/jornalboasnoticias.com.br\/home\/zoologico-amplia-visitacao-e-abrira-parque-de-terca-a-domingo-durante-ferias-escolares\/\" \/>\n<meta property=\"og:site_name\" content=\"Jornal\" \/>\n<meta property=\"article:publisher\" content=\"https:\/\/www.facebook.com\/boasnoticiasjornal\" \/>\n<meta property=\"article:published_time\" content=\"2025-11-17T18:02:44+00:00\" \/>\n<meta property=\"og:image\" content=\"https:\/\/jornalboasnoticias.com.br\/home\/wp-content\/uploads\/2025\/11\/WhatsApp-Image-2024-12-09-at-14_47_30-1-3-e1763402500310.jpeg\" \/>\n\t<meta property=\"og:image:width\" content=\"1000\" \/>\n\t<meta property=\"og:image:height\" content=\"666\" \/>\n\t<meta property=\"og:image:type\" content=\"image\/jpeg\" \/>\n<meta name=\"author\" content=\"Luiz Carlos da Cruz\" \/>\n<meta name=\"twitter:card\" content=\"summary_large_image\" \/>\n<meta name=\"twitter:label1\" content=\"Escrito por\" \/>\n\t<meta name=\"twitter:data1\" content=\"Luiz Carlos da Cruz\" \/>\n\t<meta name=\"twitter:label2\" content=\"Est. tempo de leitura\" \/>\n\t<meta name=\"twitter:data2\" content=\"2 minutos\" \/>\n<script type=\"application\/ld+json\" class=\"yoast-schema-graph\">{\"@context\":\"https:\\\/\\\/schema.org\",\"@graph\":[{\"@type\":\"Article\",\"@id\":\"https:\\\/\\\/jornalboasnoticias.com.br\\\/home\\\/zoologico-amplia-visitacao-e-abrira-parque-de-terca-a-domingo-durante-ferias-escolares\\\/#article\",\"isPartOf\":{\"@id\":\"https:\\\/\\\/jornalboasnoticias.com.br\\\/home\\\/zoologico-amplia-visitacao-e-abrira-parque-de-terca-a-domingo-durante-ferias-escolares\\\/\"},\"author\":{\"name\":\"Luiz Carlos da Cruz\",\"@id\":\"https:\\\/\\\/jornalboasnoticias.com.br\\\/home\\\/#\\\/schema\\\/person\\\/75f9ebde398c998c166475fb446bda62\"},\"headline\":\"Zool\u00f3gico amplia visita\u00e7\u00e3o e abrir\u00e1 parque de ter\u00e7a a domingo durante f\u00e9rias escolares\",\"datePublished\":\"2025-11-17T18:02:44+00:00\",\"mainEntityOfPage\":{\"@id\":\"https:\\\/\\\/jornalboasnoticias.com.br\\\/home\\\/zoologico-amplia-visitacao-e-abrira-parque-de-terca-a-domingo-durante-ferias-escolares\\\/\"},\"wordCount\":307,\"commentCount\":0,\"publisher\":{\"@id\":\"https:\\\/\\\/jornalboasnoticias.com.br\\\/home\\\/#organization\"},\"image\":{\"@id\":\"https:\\\/\\\/jornalboasnoticias.com.br\\\/home\\\/zoologico-amplia-visitacao-e-abrira-parque-de-terca-a-domingo-durante-ferias-escolares\\\/#primaryimage\"},\"thumbnailUrl\":\"https:\\\/\\\/jornalboasnoticias.com.br\\\/home\\\/wp-content\\\/uploads\\\/2025\\\/11\\\/WhatsApp-Image-2024-12-09-at-14_47_30-1-3-e1763402500310.jpeg\",\"articleSection\":[\"CASCAVEL\",\"DESTAQUE\"],\"inLanguage\":\"pt-BR\",\"potentialAction\":[{\"@type\":\"CommentAction\",\"name\":\"Comment\",\"target\":[\"https:\\\/\\\/jornalboasnoticias.com.br\\\/home\\\/zoologico-amplia-visitacao-e-abrira-parque-de-terca-a-domingo-durante-ferias-escolares\\\/#respond\"]}]},{\"@type\":\"WebPage\",\"@id\":\"https:\\\/\\\/jornalboasnoticias.com.br\\\/home\\\/zoologico-amplia-visitacao-e-abrira-parque-de-terca-a-domingo-durante-ferias-escolares\\\/\",\"url\":\"https:\\\/\\\/jornalboasnoticias.com.br\\\/home\\\/zoologico-amplia-visitacao-e-abrira-parque-de-terca-a-domingo-durante-ferias-escolares\\\/\",\"name\":\"Zool\u00f3gico amplia visita\u00e7\u00e3o e abrir\u00e1 parque de ter\u00e7a a domingo durante f\u00e9rias escolares - Jornal\",\"isPartOf\":{\"@id\":\"https:\\\/\\\/jornalboasnoticias.com.br\\\/home\\\/#website\"},\"primaryImageOfPage\":{\"@id\":\"https:\\\/\\\/jornalboasnoticias.com.br\\\/home\\\/zoologico-amplia-visitacao-e-abrira-parque-de-terca-a-domingo-durante-ferias-escolares\\\/#primaryimage\"},\"image\":{\"@id\":\"https:\\\/\\\/jornalboasnoticias.com.br\\\/home\\\/zoologico-amplia-visitacao-e-abrira-parque-de-terca-a-domingo-durante-ferias-escolares\\\/#primaryimage\"},\"thumbnailUrl\":\"https:\\\/\\\/jornalboasnoticias.com.br\\\/home\\\/wp-content\\\/uploads\\\/2025\\\/11\\\/WhatsApp-Image-2024-12-09-at-14_47_30-1-3-e1763402500310.jpeg\",\"datePublished\":\"2025-11-17T18:02:44+00:00\",\"description\":\"Zool\u00f3gico amplia visita\u00e7\u00e3o e abrir\u00e1 parque de ter\u00e7a a domingo durante f\u00e9rias escolares\",\"breadcrumb\":{\"@id\":\"https:\\\/\\\/jornalboasnoticias.com.br\\\/home\\\/zoologico-amplia-visitacao-e-abrira-parque-de-terca-a-domingo-durante-ferias-escolares\\\/#breadcrumb\"},\"inLanguage\":\"pt-BR\",\"potentialAction\":[{\"@type\":\"ReadAction\",\"target\":[\"https:\\\/\\\/jornalboasnoticias.com.br\\\/home\\\/zoologico-amplia-visitacao-e-abrira-parque-de-terca-a-domingo-durante-ferias-escolares\\\/\"]}]},{\"@type\":\"ImageObject\",\"inLanguage\":\"pt-BR\",\"@id\":\"https:\\\/\\\/jornalboasnoticias.com.br\\\/home\\\/zoologico-amplia-visitacao-e-abrira-parque-de-terca-a-domingo-durante-ferias-escolares\\\/#primaryimage\",\"url\":\"https:\\\/\\\/jornalboasnoticias.com.br\\\/home\\\/wp-content\\\/uploads\\\/2025\\\/11\\\/WhatsApp-Image-2024-12-09-at-14_47_30-1-3-e1763402500310.jpeg\",\"contentUrl\":\"https:\\\/\\\/jornalboasnoticias.com.br\\\/home\\\/wp-content\\\/uploads\\\/2025\\\/11\\\/WhatsApp-Image-2024-12-09-at-14_47_30-1-3-e1763402500310.jpeg\",\"width\":1000,\"height\":666,\"caption\":\"Divulga\u00e7\u00e3o\"},{\"@type\":\"BreadcrumbList\",\"@id\":\"https:\\\/\\\/jornalboasnoticias.com.br\\\/home\\\/zoologico-amplia-visitacao-e-abrira-parque-de-terca-a-domingo-durante-ferias-escolares\\\/#breadcrumb\",\"itemListElement\":[{\"@type\":\"ListItem\",\"position\":1,\"name\":\"In\u00edcio\",\"item\":\"https:\\\/\\\/jornalboasnoticias.com.br\\\/home\\\/\"},{\"@type\":\"ListItem\",\"position\":2,\"name\":\"Zool\u00f3gico amplia visita\u00e7\u00e3o e abrir\u00e1 parque de ter\u00e7a a domingo durante f\u00e9rias escolares\"}]},{\"@type\":\"WebSite\",\"@id\":\"https:\\\/\\\/jornalboasnoticias.com.br\\\/home\\\/#website\",\"url\":\"https:\\\/\\\/jornalboasnoticias.com.br\\\/home\\\/\",\"name\":\"Jornal Boas Not\u00edcias\",\"description\":\"Boas not\u00edcias\",\"publisher\":{\"@id\":\"https:\\\/\\\/jornalboasnoticias.com.br\\\/home\\\/#organization\"},\"potentialAction\":[{\"@type\":\"SearchAction\",\"target\":{\"@type\":\"EntryPoint\",\"urlTemplate\":\"https:\\\/\\\/jornalboasnoticias.com.br\\\/home\\\/?s={search_term_string}\"},\"query-input\":{\"@type\":\"PropertyValueSpecification\",\"valueRequired\":true,\"valueName\":\"search_term_string\"}}],\"inLanguage\":\"pt-BR\"},{\"@type\":\"Organization\",\"@id\":\"https:\\\/\\\/jornalboasnoticias.com.br\\\/home\\\/#organization\",\"name\":\"Coq Editora Ltda\",\"alternateName\":\"Jornal Boas Noticias\",\"url\":\"https:\\\/\\\/jornalboasnoticias.com.br\\\/home\\\/\",\"logo\":{\"@type\":\"ImageObject\",\"inLanguage\":\"pt-BR\",\"@id\":\"https:\\\/\\\/jornalboasnoticias.com.br\\\/home\\\/#\\\/schema\\\/logo\\\/image\\\/\",\"url\":\"https:\\\/\\\/jornalboasnoticias.com.br\\\/home\\\/wp-content\\\/uploads\\\/2024\\\/07\\\/cropped-logo.jpg\",\"contentUrl\":\"https:\\\/\\\/jornalboasnoticias.com.br\\\/home\\\/wp-content\\\/uploads\\\/2024\\\/07\\\/cropped-logo.jpg\",\"width\":290,\"height\":142,\"caption\":\"Coq Editora Ltda\"},\"image\":{\"@id\":\"https:\\\/\\\/jornalboasnoticias.com.br\\\/home\\\/#\\\/schema\\\/logo\\\/image\\\/\"},\"sameAs\":[\"https:\\\/\\\/www.facebook.com\\\/boasnoticiasjornal\"]},{\"@type\":\"Person\",\"@id\":\"https:\\\/\\\/jornalboasnoticias.com.br\\\/home\\\/#\\\/schema\\\/person\\\/75f9ebde398c998c166475fb446bda62\",\"name\":\"Luiz Carlos da Cruz\",\"image\":{\"@type\":\"ImageObject\",\"inLanguage\":\"pt-BR\",\"@id\":\"https:\\\/\\\/secure.gravatar.com\\\/avatar\\\/e6f4f45301b6cb8572f7b076572e8ac11c1db80e805d8c8d0858cf286ce3ac3b?s=96&d=mm&r=g\",\"url\":\"https:\\\/\\\/secure.gravatar.com\\\/avatar\\\/e6f4f45301b6cb8572f7b076572e8ac11c1db80e805d8c8d0858cf286ce3ac3b?s=96&d=mm&r=g\",\"contentUrl\":\"https:\\\/\\\/secure.gravatar.com\\\/avatar\\\/e6f4f45301b6cb8572f7b076572e8ac11c1db80e805d8c8d0858cf286ce3ac3b?s=96&d=mm&r=g\",\"caption\":\"Luiz Carlos da Cruz\"},\"url\":\"https:\\\/\\\/jornalboasnoticias.com.br\\\/home\\\/author\\\/luiz-carlos-da-cruz\\\/\"}]}<\/script>\n<!-- \/ Yoast SEO plugin. -->","yoast_head_json":{"title":"Zool\u00f3gico amplia visita\u00e7\u00e3o e abrir\u00e1 parque de ter\u00e7a a domingo durante f\u00e9rias escolares - Jornal","description":"Zool\u00f3gico amplia visita\u00e7\u00e3o e abrir\u00e1 parque de ter\u00e7a a domingo durante f\u00e9rias escolares","robots":{"index":"index","follow":"follow","max-snippet":"max-snippet:-1","max-image-preview":"max-image-preview:large","max-video-preview":"max-video-preview:-1"},"canonical":"https:\/\/jornalboasnoticias.com.br\/home\/zoologico-amplia-visitacao-e-abrira-parque-de-terca-a-domingo-durante-ferias-escolares\/","og_locale":"pt_BR","og_type":"article","og_title":"Zool\u00f3gico amplia visita\u00e7\u00e3o e abrir\u00e1 parque de ter\u00e7a a domingo durante f\u00e9rias escolares - Jornal","og_description":"Zool\u00f3gico amplia visita\u00e7\u00e3o e abrir\u00e1 parque de ter\u00e7a a domingo durante f\u00e9rias escolares","og_url":"https:\/\/jornalboasnoticias.com.br\/home\/zoologico-amplia-visitacao-e-abrira-parque-de-terca-a-domingo-durante-ferias-escolares\/","og_site_name":"Jornal","article_publisher":"https:\/\/www.facebook.com\/boasnoticiasjornal","article_published_time":"2025-11-17T18:02:44+00:00","og_image":[{"width":1000,"height":666,"url":"https:\/\/jornalboasnoticias.com.br\/home\/wp-content\/uploads\/2025\/11\/WhatsApp-Image-2024-12-09-at-14_47_30-1-3-e1763402500310.jpeg","type":"image\/jpeg"}],"author":"Luiz Carlos da Cruz","twitter_card":"summary_large_image","twitter_misc":{"Escrito por":"Luiz Carlos da Cruz","Est. tempo de leitura":"2 minutos"},"schema":{"@context":"https:\/\/schema.org","@graph":[{"@type":"Article","@id":"https:\/\/jornalboasnoticias.com.br\/home\/zoologico-amplia-visitacao-e-abrira-parque-de-terca-a-domingo-durante-ferias-escolares\/#article","isPartOf":{"@id":"https:\/\/jornalboasnoticias.com.br\/home\/zoologico-amplia-visitacao-e-abrira-parque-de-terca-a-domingo-durante-ferias-escolares\/"},"author":{"name":"Luiz Carlos da Cruz","@id":"https:\/\/jornalboasnoticias.com.br\/home\/#\/schema\/person\/75f9ebde398c998c166475fb446bda62"},"headline":"Zool\u00f3gico amplia visita\u00e7\u00e3o e abrir\u00e1 parque de ter\u00e7a a domingo durante f\u00e9rias escolares","datePublished":"2025-11-17T18:02:44+00:00","mainEntityOfPage":{"@id":"https:\/\/jornalboasnoticias.com.br\/home\/zoologico-amplia-visitacao-e-abrira-parque-de-terca-a-domingo-durante-ferias-escolares\/"},"wordCount":307,"commentCount":0,"publisher":{"@id":"https:\/\/jornalboasnoticias.com.br\/home\/#organization"},"image":{"@id":"https:\/\/jornalboasnoticias.com.br\/home\/zoologico-amplia-visitacao-e-abrira-parque-de-terca-a-domingo-durante-ferias-escolares\/#primaryimage"},"thumbnailUrl":"https:\/\/jornalboasnoticias.com.br\/home\/wp-content\/uploads\/2025\/11\/WhatsApp-Image-2024-12-09-at-14_47_30-1-3-e1763402500310.jpeg","articleSection":["CASCAVEL","DESTAQUE"],"inLanguage":"pt-BR","potentialAction":[{"@type":"CommentAction","name":"Comment","target":["https:\/\/jornalboasnoticias.com.br\/home\/zoologico-amplia-visitacao-e-abrira-parque-de-terca-a-domingo-durante-ferias-escolares\/#respond"]}]},{"@type":"WebPage","@id":"https:\/\/jornalboasnoticias.com.br\/home\/zoologico-amplia-visitacao-e-abrira-parque-de-terca-a-domingo-durante-ferias-escolares\/","url":"https:\/\/jornalboasnoticias.com.br\/home\/zoologico-amplia-visitacao-e-abrira-parque-de-terca-a-domingo-durante-ferias-escolares\/","name":"Zool\u00f3gico amplia visita\u00e7\u00e3o e abrir\u00e1 parque de ter\u00e7a a domingo durante f\u00e9rias escolares - Jornal","isPartOf":{"@id":"https:\/\/jornalboasnoticias.com.br\/home\/#website"},"primaryImageOfPage":{"@id":"https:\/\/jornalboasnoticias.com.br\/home\/zoologico-amplia-visitacao-e-abrira-parque-de-terca-a-domingo-durante-ferias-escolares\/#primaryimage"},"image":{"@id":"https:\/\/jornalboasnoticias.com.br\/home\/zoologico-amplia-visitacao-e-abrira-parque-de-terca-a-domingo-durante-ferias-escolares\/#primaryimage"},"thumbnailUrl":"https:\/\/jornalboasnoticias.com.br\/home\/wp-content\/uploads\/2025\/11\/WhatsApp-Image-2024-12-09-at-14_47_30-1-3-e1763402500310.jpeg","datePublished":"2025-11-17T18:02:44+00:00","description":"Zool\u00f3gico amplia visita\u00e7\u00e3o e abrir\u00e1 parque de ter\u00e7a a domingo durante f\u00e9rias escolares","breadcrumb":{"@id":"https:\/\/jornalboasnoticias.com.br\/home\/zoologico-amplia-visitacao-e-abrira-parque-de-terca-a-domingo-durante-ferias-escolares\/#breadcrumb"},"inLanguage":"pt-BR","potentialAction":[{"@type":"ReadAction","target":["https:\/\/jornalboasnoticias.com.br\/home\/zoologico-amplia-visitacao-e-abrira-parque-de-terca-a-domingo-durante-ferias-escolares\/"]}]},{"@type":"ImageObject","inLanguage":"pt-BR","@id":"https:\/\/jornalboasnoticias.com.br\/home\/zoologico-amplia-visitacao-e-abrira-parque-de-terca-a-domingo-durante-ferias-escolares\/#primaryimage","url":"https:\/\/jornalboasnoticias.com.br\/home\/wp-content\/uploads\/2025\/11\/WhatsApp-Image-2024-12-09-at-14_47_30-1-3-e1763402500310.jpeg","contentUrl":"https:\/\/jornalboasnoticias.com.br\/home\/wp-content\/uploads\/2025\/11\/WhatsApp-Image-2024-12-09-at-14_47_30-1-3-e1763402500310.jpeg","width":1000,"height":666,"caption":"Divulga\u00e7\u00e3o"},{"@type":"BreadcrumbList","@id":"https:\/\/jornalboasnoticias.com.br\/home\/zoologico-amplia-visitacao-e-abrira-parque-de-terca-a-domingo-durante-ferias-escolares\/#breadcrumb","itemListElement":[{"@type":"ListItem","position":1,"name":"In\u00edcio","item":"https:\/\/jornalboasnoticias.com.br\/home\/"},{"@type":"ListItem","position":2,"name":"Zool\u00f3gico amplia visita\u00e7\u00e3o e abrir\u00e1 parque de ter\u00e7a a domingo durante f\u00e9rias escolares"}]},{"@type":"WebSite","@id":"https:\/\/jornalboasnoticias.com.br\/home\/#website","url":"https:\/\/jornalboasnoticias.com.br\/home\/","name":"Jornal Boas Not\u00edcias","description":"Boas not\u00edcias","publisher":{"@id":"https:\/\/jornalboasnoticias.com.br\/home\/#organization"},"potentialAction":[{"@type":"SearchAction","target":{"@type":"EntryPoint","urlTemplate":"https:\/\/jornalboasnoticias.com.br\/home\/?s={search_term_string}"},"query-input":{"@type":"PropertyValueSpecification","valueRequired":true,"valueName":"search_term_string"}}],"inLanguage":"pt-BR"},{"@type":"Organization","@id":"https:\/\/jornalboasnoticias.com.br\/home\/#organization","name":"Coq Editora Ltda","alternateName":"Jornal Boas Noticias","url":"https:\/\/jornalboasnoticias.com.br\/home\/","logo":{"@type":"ImageObject","inLanguage":"pt-BR","@id":"https:\/\/jornalboasnoticias.com.br\/home\/#\/schema\/logo\/image\/","url":"https:\/\/jornalboasnoticias.com.br\/home\/wp-content\/uploads\/2024\/07\/cropped-logo.jpg","contentUrl":"https:\/\/jornalboasnoticias.com.br\/home\/wp-content\/uploads\/2024\/07\/cropped-logo.jpg","width":290,"height":142,"caption":"Coq Editora Ltda"},"image":{"@id":"https:\/\/jornalboasnoticias.com.br\/home\/#\/schema\/logo\/image\/"},"sameAs":["https:\/\/www.facebook.com\/boasnoticiasjornal"]},{"@type":"Person","@id":"https:\/\/jornalboasnoticias.com.br\/home\/#\/schema\/person\/75f9ebde398c998c166475fb446bda62","name":"Luiz Carlos da Cruz","image":{"@type":"ImageObject","inLanguage":"pt-BR","@id":"https:\/\/secure.gravatar.com\/avatar\/e6f4f45301b6cb8572f7b076572e8ac11c1db80e805d8c8d0858cf286ce3ac3b?s=96&d=mm&r=g","url":"https:\/\/secure.gravatar.com\/avatar\/e6f4f45301b6cb8572f7b076572e8ac11c1db80e805d8c8d0858cf286ce3ac3b?s=96&d=mm&r=g","contentUrl":"https:\/\/secure.gravatar.com\/avatar\/e6f4f45301b6cb8572f7b076572e8ac11c1db80e805d8c8d0858cf286ce3ac3b?s=96&d=mm&r=g","caption":"Luiz Carlos da Cruz"},"url":"https:\/\/jornalboasnoticias.com.br\/home\/author\/luiz-carlos-da-cruz\/"}]}},"_links":{"self":[{"href":"https:\/\/jornalboasnoticias.com.br\/home\/wp-json\/wp\/v2\/posts\/46507","targetHints":{"allow":["GET"]}}],"collection":[{"href":"https:\/\/jornalboasnoticias.com.br\/home\/wp-json\/wp\/v2\/posts"}],"about":[{"href":"https:\/\/jornalboasnoticias.com.br\/home\/wp-json\/wp\/v2\/types\/post"}],"author":[{"embeddable":true,"href":"https:\/\/jornalboasnoticias.com.br\/home\/wp-json\/wp\/v2\/users\/3"}],"replies":[{"embeddable":true,"href":"https:\/\/jornalboasnoticias.com.br\/home\/wp-json\/wp\/v2\/comments?post=46507"}],"version-history":[{"count":1,"href":"https:\/\/jornalboasnoticias.com.br\/home\/wp-json\/wp\/v2\/posts\/46507\/revisions"}],"predecessor-version":[{"id":46509,"href":"https:\/\/jornalboasnoticias.com.br\/home\/wp-json\/wp\/v2\/posts\/46507\/revisions\/46509"}],"wp:featuredmedia":[{"embeddable":true,"href":"https:\/\/jornalboasnoticias.com.br\/home\/wp-json\/wp\/v2\/media\/46508"}],"wp:attachment":[{"href":"https:\/\/jornalboasnoticias.com.br\/home\/wp-json\/wp\/v2\/media?parent=46507"}],"wp:term":[{"taxonomy":"category","embeddable":true,"href":"https:\/\/jornalboasnoticias.com.br\/home\/wp-json\/wp\/v2\/categories?post=46507"},{"taxonomy":"post_tag","embeddable":true,"href":"https:\/\/jornalboasnoticias.com.br\/home\/wp-json\/wp\/v2\/tags?post=46507"}],"curies":[{"name":"wp","href":"https:\/\/api.w.org\/{rel}","templated":true}]}}