{"id":46504,"date":"2025-11-17T17:08:51","date_gmt":"2025-11-17T17:08:51","guid":{"rendered":"https:\/\/jornalboasnoticias.com.br\/home\/?p=46504"},"modified":"2025-11-17T17:08:51","modified_gmt":"2025-11-17T17:08:51","slug":"apos-frente-fria-com-chuva-e-ventos-de-80km-h-semana-vai-terminar-com-sol-no-parana","status":"publish","type":"post","link":"https:\/\/jornalboasnoticias.com.br\/home\/apos-frente-fria-com-chuva-e-ventos-de-80km-h-semana-vai-terminar-com-sol-no-parana\/","title":{"rendered":"Ap\u00f3s frente fria com chuva e ventos de 80km\/h, semana vai terminar com sol no Paran\u00e1"},"content":{"rendered":"<blockquote>\n<p style=\"text-align: center;\">J\u00e1 s\u00e3o 20 as esta\u00e7\u00f5es meteorol\u00f3gicas do Simepar que ultrapassaram a m\u00e9dia hist\u00f3rica de chuva para novembro. Instabilidades seguem na ter\u00e7a-feira, mas o resto da semana deve ser de sol e temperaturas elevadas. E na sexta-feira uma nova frente fria trar\u00e1 instabilidade nas regi\u00f5es pr\u00f3ximas \u00e0 divisa com Santa Catarina.<\/p>\n<\/blockquote>\n<figure id=\"attachment_46505\" aria-describedby=\"caption-attachment-46505\" style=\"width: 1000px\" class=\"wp-caption alignnone\"><img loading=\"lazy\" decoding=\"async\" class=\"size-full wp-image-46505\" src=\"https:\/\/jornalboasnoticias.com.br\/home\/wp-content\/uploads\/2025\/11\/criancas_foto_rdziura-5507-scaled-e1763398990376.jpg\" alt=\"\" width=\"1000\" height=\"667\" \/><figcaption id=\"caption-attachment-46505\" class=\"wp-caption-text\">Foto: Roberto Dziura Jr\/AEN<\/figcaption><\/figure>\n<p>A passagem de uma frente fria trouxe altos acumulados de chuva e rajadas de vento entre 60 km\/h e 80 km\/h em v\u00e1rias cidades paranaenses entre a noite de domingo (16) e a manh\u00e3 desta segunda-feira (17). O volume de chuva foi t\u00e3o alto que j\u00e1 s\u00e3o 20 as esta\u00e7\u00f5es meteorol\u00f3gicas do Sistema de Tecnologia e Monitoramento Ambiental do Paran\u00e1 (Simepar) que ultrapassaram a m\u00e9dia hist\u00f3rica de chuva para novembro. As instabilidades seguem na ter\u00e7a-feira, mas o resto da semana deve ser de sol e temperaturas elevadas.<\/p>\n<p>A frente fria come\u00e7ou a atravessar o Paran\u00e1 pouco depois das 19h deste domingo, pelas regi\u00f5es Oeste e Sudoeste. As rajadas de vento mais fortes foram em Planalto (Inmet) &#8211; 85,3km\/h por volta das 21h; Laranjeiras do Sul &#8211; 76,3km\/h \u00e0s 22h15; Santa Helena &#8211; 63,7km\/h \u00e0s 20h15; Clevel\u00e2ndia (Inmet) &#8211; 61,2km\/h \u00e0s 21h; Cand\u00f3i &#8211; 60,5km\/h \u00e0s 21h15; e S\u00e3o Miguel do Igua\u00e7u &#8211; 60,1km\/h \u00e0s 20h. Os maiores acumulados de chuva foram em Alt\u00f4nia (45,8 mm), Gua\u00edra (43,8 mm), Formosa do Oeste (35,6 mm), Capanema (33 mm) e Cruzeiro do Igua\u00e7u (31,2 mm).<\/p>\n<p>Nesta segunda-feira, as rajadas de vento seguiram fortes: Loanda registrou 76km\/h \u00e0s 3h; Nova Tebas (Inmet) registrou 61,9km\/h por volta das 2h e Corn\u00e9lio Proc\u00f3pio teve rajada de 64,8 km\/h \u00e0s 6h45. Os acumulados de chuva somente na segunda-feira j\u00e1 passavam dos 40 mm at\u00e9 as 9h em cidades como C\u00e2ndido de Abreu, Apucarana, Campo Mour\u00e3o, Cianorte, Mandaguari (Sanepar), Londrina, Maring\u00e1, Nova Tebas (INMET), Paranava\u00ed, e Umuarama.<\/p>\n<p>\u201cAinda pela manh\u00e3 e tamb\u00e9m no come\u00e7o da tarde esse sistema se desloca em dire\u00e7\u00e3o \u00e0 regi\u00e3o Sudeste do pa\u00eds, provocando chuvas nas demais regi\u00f5es do Paran\u00e1. A tarde ainda ter\u00e1 chuvas na regi\u00e3o Leste, nos Campos Gerais e no Norte Pioneiro. Nas regi\u00f5es Oeste e Sudoeste o sol j\u00e1 deve predominar no per\u00edodo da tarde, entre nuvens\u201d, explica Paulo Barbieri, meteorologista do Simepar. Na noite de segunda-feira, a chuva tamb\u00e9m deve atingir a regi\u00e3o Centro-Sul.<\/p>\n<h2><strong>RECORDES <\/strong><\/h2>\n<p>Com a chuva deste fim de semana, 20 das esta\u00e7\u00f5es meteorol\u00f3gicas do Simepar com mais de sete anos de opera\u00e7\u00e3o ultrapassaram a m\u00e9dia hist\u00f3rica de chuva para novembro em apenas 16 dias (veja a lista completa abaixo). Cinco cidades registraram mais de 100 mm de chuva acima da m\u00e9dia: Campo Mour\u00e3o (m\u00e9dia de 140,9 mm em novembro e j\u00e1 registrou em acumulado de 256,6 mm), C\u00e2ndido de Abreu (m\u00e9dia de 127,4 mm em novembro e j\u00e1 tem acumulado de 225,4 mm).<\/p>\n<p>Em Cianorte a m\u00e9dia \u00e9 de 111,9 mm em novembro e em novembro de 2025 o acumulado j\u00e1 chega a 246 mm; Corn\u00e9lio Proc\u00f3pio (m\u00e9dia de 132,8 mm em novembro e o acumulado chega 231 mm), e Santa Helena (m\u00e9dia de 155,3 mm em novembro e acumulado em novembro deste ano j\u00e1 chega a 290,8 mm.<\/p>\n<h2><strong>PRE<\/strong><strong>VIS\u00c3O <\/strong><\/h2>\n<p>Na ter\u00e7a-feira (18), a instabilidade ainda deve predominar em parte do Paran\u00e1. Entre o final da manh\u00e3 e in\u00edcio da tarde, tempestades localizadas podem voltar o ocorrer em \u00e1reas do Sudoeste, Centro-Sul, Campos Gerais e Leste, com possibilidade para novas trovoadas localizadas, pancadas de chuva localmente forte por curto espa\u00e7o de tempo e precipita\u00e7\u00e3o de granizo localizado.<\/p>\n<p>\u201cJ\u00e1 nas regi\u00f5es Oeste, Sudoeste e Noroeste, o sol dever\u00e1 predominar no decorrer do dia. Entretanto, as temperaturas n\u00e3o sobem muito: as m\u00e1ximas podem chegar aos 25\u00b0C no Interior do Estado, enquanto na Regi\u00e3o Metropolitana de Curitiba n\u00e3o passam dos 20\u00b0C\u201d, ressalta Barbieri.<\/p>\n<p>A partir de quarta-feira (19), a estabilidade volta a todas as regi\u00f5es paranaenses. \u201cO sol predomina, fazendo com que as temperaturas comecem a se elevar j\u00e1 na quarta-feira. Essa estabilidade se mant\u00e9m at\u00e9 a tarde de sexta, quando os term\u00f4metros registrar\u00e3o temperaturas m\u00e1ximas ultrapassando os 30\u00b0C entre as regi\u00f5es Oeste, Noroeste e Norte do Paran\u00e1. Na RMC os term\u00f4metros chegam a casa dos 28\u00b0C\u201d, afirma Barbieri.<\/p>\n<p>No fim de semana, o avan\u00e7o de uma nova frente fria pelo sul do pa\u00eds provoca o aumento da instabilidade nas regi\u00f5es paranaenses pr\u00f3ximas \u00e0 divisa com o Estado de Santa Catarina. O Simepar segue atualizando as condi\u00e7\u00f5es do tempo em novos boletins ao longo da semana.<\/p>\n<p><em>Informa\u00e7\u00f5es Simepar<\/em><\/p>\n","protected":false},"excerpt":{"rendered":"<p>J\u00e1 s\u00e3o 20 as esta\u00e7\u00f5es meteorol\u00f3gicas do Simepar que ultrapassaram a m\u00e9dia hist\u00f3rica de chuva<\/p>\n","protected":false},"author":3,"featured_media":46505,"comment_status":"open","ping_status":"open","sticky":false,"template":"","format":"standard","meta":{"footnotes":""},"categories":[3,4],"tags":[],"class_list":["post-46504","post","type-post","status-publish","format-standard","has-post-thumbnail","hentry","category-destaques","category-parana"],"yoast_head":"<!-- This site is optimized with the Yoast SEO plugin v27.5 - https:\/\/yoast.com\/product\/yoast-seo-wordpress\/ -->\n<title>Ap\u00f3s frente fria com chuva e ventos de 80km\/h, semana vai terminar com sol no Paran\u00e1 - Jornal<\/title>\n<meta name=\"description\" content=\"Ap\u00f3s frente fria com chuva e ventos de 80km\/h, semana vai terminar com sol no Paran\u00e1\" \/>\n<meta name=\"robots\" content=\"index, follow, max-snippet:-1, max-image-preview:large, max-video-preview:-1\" \/>\n<link rel=\"canonical\" href=\"https:\/\/jornalboasnoticias.com.br\/home\/apos-frente-fria-com-chuva-e-ventos-de-80km-h-semana-vai-terminar-com-sol-no-parana\/\" \/>\n<meta property=\"og:locale\" content=\"pt_BR\" \/>\n<meta property=\"og:type\" content=\"article\" \/>\n<meta property=\"og:title\" content=\"Ap\u00f3s frente fria com chuva e ventos de 80km\/h, semana vai terminar com sol no Paran\u00e1 - Jornal\" \/>\n<meta property=\"og:description\" content=\"Ap\u00f3s frente fria com chuva e ventos de 80km\/h, semana vai terminar com sol no Paran\u00e1\" \/>\n<meta property=\"og:url\" content=\"https:\/\/jornalboasnoticias.com.br\/home\/apos-frente-fria-com-chuva-e-ventos-de-80km-h-semana-vai-terminar-com-sol-no-parana\/\" \/>\n<meta property=\"og:site_name\" content=\"Jornal\" \/>\n<meta property=\"article:publisher\" content=\"https:\/\/www.facebook.com\/boasnoticiasjornal\" \/>\n<meta property=\"article:published_time\" content=\"2025-11-17T17:08:51+00:00\" \/>\n<meta property=\"og:image\" content=\"https:\/\/jornalboasnoticias.com.br\/home\/wp-content\/uploads\/2025\/11\/criancas_foto_rdziura-5507-scaled-e1763398990376.jpg\" \/>\n\t<meta property=\"og:image:width\" content=\"1000\" \/>\n\t<meta property=\"og:image:height\" content=\"667\" \/>\n\t<meta property=\"og:image:type\" content=\"image\/jpeg\" \/>\n<meta name=\"author\" content=\"Luiz Carlos da Cruz\" \/>\n<meta name=\"twitter:card\" content=\"summary_large_image\" \/>\n<meta name=\"twitter:label1\" content=\"Escrito por\" \/>\n\t<meta name=\"twitter:data1\" content=\"Luiz Carlos da Cruz\" \/>\n\t<meta name=\"twitter:label2\" content=\"Est. tempo de leitura\" \/>\n\t<meta name=\"twitter:data2\" content=\"5 minutos\" \/>\n<script type=\"application\/ld+json\" class=\"yoast-schema-graph\">{\"@context\":\"https:\\\/\\\/schema.org\",\"@graph\":[{\"@type\":\"Article\",\"@id\":\"https:\\\/\\\/jornalboasnoticias.com.br\\\/home\\\/apos-frente-fria-com-chuva-e-ventos-de-80km-h-semana-vai-terminar-com-sol-no-parana\\\/#article\",\"isPartOf\":{\"@id\":\"https:\\\/\\\/jornalboasnoticias.com.br\\\/home\\\/apos-frente-fria-com-chuva-e-ventos-de-80km-h-semana-vai-terminar-com-sol-no-parana\\\/\"},\"author\":{\"name\":\"Luiz Carlos da Cruz\",\"@id\":\"https:\\\/\\\/jornalboasnoticias.com.br\\\/home\\\/#\\\/schema\\\/person\\\/75f9ebde398c998c166475fb446bda62\"},\"headline\":\"Ap\u00f3s frente fria com chuva e ventos de 80km\\\/h, semana vai terminar com sol no Paran\u00e1\",\"datePublished\":\"2025-11-17T17:08:51+00:00\",\"mainEntityOfPage\":{\"@id\":\"https:\\\/\\\/jornalboasnoticias.com.br\\\/home\\\/apos-frente-fria-com-chuva-e-ventos-de-80km-h-semana-vai-terminar-com-sol-no-parana\\\/\"},\"wordCount\":816,\"commentCount\":0,\"publisher\":{\"@id\":\"https:\\\/\\\/jornalboasnoticias.com.br\\\/home\\\/#organization\"},\"image\":{\"@id\":\"https:\\\/\\\/jornalboasnoticias.com.br\\\/home\\\/apos-frente-fria-com-chuva-e-ventos-de-80km-h-semana-vai-terminar-com-sol-no-parana\\\/#primaryimage\"},\"thumbnailUrl\":\"https:\\\/\\\/jornalboasnoticias.com.br\\\/home\\\/wp-content\\\/uploads\\\/2025\\\/11\\\/criancas_foto_rdziura-5507-scaled-e1763398990376.jpg\",\"articleSection\":[\"DESTAQUE\",\"PARAN\u00c1\"],\"inLanguage\":\"pt-BR\",\"potentialAction\":[{\"@type\":\"CommentAction\",\"name\":\"Comment\",\"target\":[\"https:\\\/\\\/jornalboasnoticias.com.br\\\/home\\\/apos-frente-fria-com-chuva-e-ventos-de-80km-h-semana-vai-terminar-com-sol-no-parana\\\/#respond\"]}]},{\"@type\":\"WebPage\",\"@id\":\"https:\\\/\\\/jornalboasnoticias.com.br\\\/home\\\/apos-frente-fria-com-chuva-e-ventos-de-80km-h-semana-vai-terminar-com-sol-no-parana\\\/\",\"url\":\"https:\\\/\\\/jornalboasnoticias.com.br\\\/home\\\/apos-frente-fria-com-chuva-e-ventos-de-80km-h-semana-vai-terminar-com-sol-no-parana\\\/\",\"name\":\"Ap\u00f3s frente fria com chuva e ventos de 80km\\\/h, semana vai terminar com sol no Paran\u00e1 - Jornal\",\"isPartOf\":{\"@id\":\"https:\\\/\\\/jornalboasnoticias.com.br\\\/home\\\/#website\"},\"primaryImageOfPage\":{\"@id\":\"https:\\\/\\\/jornalboasnoticias.com.br\\\/home\\\/apos-frente-fria-com-chuva-e-ventos-de-80km-h-semana-vai-terminar-com-sol-no-parana\\\/#primaryimage\"},\"image\":{\"@id\":\"https:\\\/\\\/jornalboasnoticias.com.br\\\/home\\\/apos-frente-fria-com-chuva-e-ventos-de-80km-h-semana-vai-terminar-com-sol-no-parana\\\/#primaryimage\"},\"thumbnailUrl\":\"https:\\\/\\\/jornalboasnoticias.com.br\\\/home\\\/wp-content\\\/uploads\\\/2025\\\/11\\\/criancas_foto_rdziura-5507-scaled-e1763398990376.jpg\",\"datePublished\":\"2025-11-17T17:08:51+00:00\",\"description\":\"Ap\u00f3s frente fria com chuva e ventos de 80km\\\/h, semana vai terminar com sol no Paran\u00e1\",\"breadcrumb\":{\"@id\":\"https:\\\/\\\/jornalboasnoticias.com.br\\\/home\\\/apos-frente-fria-com-chuva-e-ventos-de-80km-h-semana-vai-terminar-com-sol-no-parana\\\/#breadcrumb\"},\"inLanguage\":\"pt-BR\",\"potentialAction\":[{\"@type\":\"ReadAction\",\"target\":[\"https:\\\/\\\/jornalboasnoticias.com.br\\\/home\\\/apos-frente-fria-com-chuva-e-ventos-de-80km-h-semana-vai-terminar-com-sol-no-parana\\\/\"]}]},{\"@type\":\"ImageObject\",\"inLanguage\":\"pt-BR\",\"@id\":\"https:\\\/\\\/jornalboasnoticias.com.br\\\/home\\\/apos-frente-fria-com-chuva-e-ventos-de-80km-h-semana-vai-terminar-com-sol-no-parana\\\/#primaryimage\",\"url\":\"https:\\\/\\\/jornalboasnoticias.com.br\\\/home\\\/wp-content\\\/uploads\\\/2025\\\/11\\\/criancas_foto_rdziura-5507-scaled-e1763398990376.jpg\",\"contentUrl\":\"https:\\\/\\\/jornalboasnoticias.com.br\\\/home\\\/wp-content\\\/uploads\\\/2025\\\/11\\\/criancas_foto_rdziura-5507-scaled-e1763398990376.jpg\",\"width\":1000,\"height\":667,\"caption\":\"Foto: Roberto Dziura Jr\\\/AEN\"},{\"@type\":\"BreadcrumbList\",\"@id\":\"https:\\\/\\\/jornalboasnoticias.com.br\\\/home\\\/apos-frente-fria-com-chuva-e-ventos-de-80km-h-semana-vai-terminar-com-sol-no-parana\\\/#breadcrumb\",\"itemListElement\":[{\"@type\":\"ListItem\",\"position\":1,\"name\":\"In\u00edcio\",\"item\":\"https:\\\/\\\/jornalboasnoticias.com.br\\\/home\\\/\"},{\"@type\":\"ListItem\",\"position\":2,\"name\":\"Ap\u00f3s frente fria com chuva e ventos de 80km\\\/h, semana vai terminar com sol no Paran\u00e1\"}]},{\"@type\":\"WebSite\",\"@id\":\"https:\\\/\\\/jornalboasnoticias.com.br\\\/home\\\/#website\",\"url\":\"https:\\\/\\\/jornalboasnoticias.com.br\\\/home\\\/\",\"name\":\"Jornal Boas Not\u00edcias\",\"description\":\"Boas not\u00edcias\",\"publisher\":{\"@id\":\"https:\\\/\\\/jornalboasnoticias.com.br\\\/home\\\/#organization\"},\"potentialAction\":[{\"@type\":\"SearchAction\",\"target\":{\"@type\":\"EntryPoint\",\"urlTemplate\":\"https:\\\/\\\/jornalboasnoticias.com.br\\\/home\\\/?s={search_term_string}\"},\"query-input\":{\"@type\":\"PropertyValueSpecification\",\"valueRequired\":true,\"valueName\":\"search_term_string\"}}],\"inLanguage\":\"pt-BR\"},{\"@type\":\"Organization\",\"@id\":\"https:\\\/\\\/jornalboasnoticias.com.br\\\/home\\\/#organization\",\"name\":\"Coq Editora Ltda\",\"alternateName\":\"Jornal Boas Noticias\",\"url\":\"https:\\\/\\\/jornalboasnoticias.com.br\\\/home\\\/\",\"logo\":{\"@type\":\"ImageObject\",\"inLanguage\":\"pt-BR\",\"@id\":\"https:\\\/\\\/jornalboasnoticias.com.br\\\/home\\\/#\\\/schema\\\/logo\\\/image\\\/\",\"url\":\"https:\\\/\\\/jornalboasnoticias.com.br\\\/home\\\/wp-content\\\/uploads\\\/2024\\\/07\\\/cropped-logo.jpg\",\"contentUrl\":\"https:\\\/\\\/jornalboasnoticias.com.br\\\/home\\\/wp-content\\\/uploads\\\/2024\\\/07\\\/cropped-logo.jpg\",\"width\":290,\"height\":142,\"caption\":\"Coq Editora Ltda\"},\"image\":{\"@id\":\"https:\\\/\\\/jornalboasnoticias.com.br\\\/home\\\/#\\\/schema\\\/logo\\\/image\\\/\"},\"sameAs\":[\"https:\\\/\\\/www.facebook.com\\\/boasnoticiasjornal\"]},{\"@type\":\"Person\",\"@id\":\"https:\\\/\\\/jornalboasnoticias.com.br\\\/home\\\/#\\\/schema\\\/person\\\/75f9ebde398c998c166475fb446bda62\",\"name\":\"Luiz Carlos da Cruz\",\"image\":{\"@type\":\"ImageObject\",\"inLanguage\":\"pt-BR\",\"@id\":\"https:\\\/\\\/secure.gravatar.com\\\/avatar\\\/e6f4f45301b6cb8572f7b076572e8ac11c1db80e805d8c8d0858cf286ce3ac3b?s=96&d=mm&r=g\",\"url\":\"https:\\\/\\\/secure.gravatar.com\\\/avatar\\\/e6f4f45301b6cb8572f7b076572e8ac11c1db80e805d8c8d0858cf286ce3ac3b?s=96&d=mm&r=g\",\"contentUrl\":\"https:\\\/\\\/secure.gravatar.com\\\/avatar\\\/e6f4f45301b6cb8572f7b076572e8ac11c1db80e805d8c8d0858cf286ce3ac3b?s=96&d=mm&r=g\",\"caption\":\"Luiz Carlos da Cruz\"},\"url\":\"https:\\\/\\\/jornalboasnoticias.com.br\\\/home\\\/author\\\/luiz-carlos-da-cruz\\\/\"}]}<\/script>\n<!-- \/ Yoast SEO plugin. -->","yoast_head_json":{"title":"Ap\u00f3s frente fria com chuva e ventos de 80km\/h, semana vai terminar com sol no Paran\u00e1 - Jornal","description":"Ap\u00f3s frente fria com chuva e ventos de 80km\/h, semana vai terminar com sol no Paran\u00e1","robots":{"index":"index","follow":"follow","max-snippet":"max-snippet:-1","max-image-preview":"max-image-preview:large","max-video-preview":"max-video-preview:-1"},"canonical":"https:\/\/jornalboasnoticias.com.br\/home\/apos-frente-fria-com-chuva-e-ventos-de-80km-h-semana-vai-terminar-com-sol-no-parana\/","og_locale":"pt_BR","og_type":"article","og_title":"Ap\u00f3s frente fria com chuva e ventos de 80km\/h, semana vai terminar com sol no Paran\u00e1 - Jornal","og_description":"Ap\u00f3s frente fria com chuva e ventos de 80km\/h, semana vai terminar com sol no Paran\u00e1","og_url":"https:\/\/jornalboasnoticias.com.br\/home\/apos-frente-fria-com-chuva-e-ventos-de-80km-h-semana-vai-terminar-com-sol-no-parana\/","og_site_name":"Jornal","article_publisher":"https:\/\/www.facebook.com\/boasnoticiasjornal","article_published_time":"2025-11-17T17:08:51+00:00","og_image":[{"width":1000,"height":667,"url":"https:\/\/jornalboasnoticias.com.br\/home\/wp-content\/uploads\/2025\/11\/criancas_foto_rdziura-5507-scaled-e1763398990376.jpg","type":"image\/jpeg"}],"author":"Luiz Carlos da Cruz","twitter_card":"summary_large_image","twitter_misc":{"Escrito por":"Luiz Carlos da Cruz","Est. tempo de leitura":"5 minutos"},"schema":{"@context":"https:\/\/schema.org","@graph":[{"@type":"Article","@id":"https:\/\/jornalboasnoticias.com.br\/home\/apos-frente-fria-com-chuva-e-ventos-de-80km-h-semana-vai-terminar-com-sol-no-parana\/#article","isPartOf":{"@id":"https:\/\/jornalboasnoticias.com.br\/home\/apos-frente-fria-com-chuva-e-ventos-de-80km-h-semana-vai-terminar-com-sol-no-parana\/"},"author":{"name":"Luiz Carlos da Cruz","@id":"https:\/\/jornalboasnoticias.com.br\/home\/#\/schema\/person\/75f9ebde398c998c166475fb446bda62"},"headline":"Ap\u00f3s frente fria com chuva e ventos de 80km\/h, semana vai terminar com sol no Paran\u00e1","datePublished":"2025-11-17T17:08:51+00:00","mainEntityOfPage":{"@id":"https:\/\/jornalboasnoticias.com.br\/home\/apos-frente-fria-com-chuva-e-ventos-de-80km-h-semana-vai-terminar-com-sol-no-parana\/"},"wordCount":816,"commentCount":0,"publisher":{"@id":"https:\/\/jornalboasnoticias.com.br\/home\/#organization"},"image":{"@id":"https:\/\/jornalboasnoticias.com.br\/home\/apos-frente-fria-com-chuva-e-ventos-de-80km-h-semana-vai-terminar-com-sol-no-parana\/#primaryimage"},"thumbnailUrl":"https:\/\/jornalboasnoticias.com.br\/home\/wp-content\/uploads\/2025\/11\/criancas_foto_rdziura-5507-scaled-e1763398990376.jpg","articleSection":["DESTAQUE","PARAN\u00c1"],"inLanguage":"pt-BR","potentialAction":[{"@type":"CommentAction","name":"Comment","target":["https:\/\/jornalboasnoticias.com.br\/home\/apos-frente-fria-com-chuva-e-ventos-de-80km-h-semana-vai-terminar-com-sol-no-parana\/#respond"]}]},{"@type":"WebPage","@id":"https:\/\/jornalboasnoticias.com.br\/home\/apos-frente-fria-com-chuva-e-ventos-de-80km-h-semana-vai-terminar-com-sol-no-parana\/","url":"https:\/\/jornalboasnoticias.com.br\/home\/apos-frente-fria-com-chuva-e-ventos-de-80km-h-semana-vai-terminar-com-sol-no-parana\/","name":"Ap\u00f3s frente fria com chuva e ventos de 80km\/h, semana vai terminar com sol no Paran\u00e1 - Jornal","isPartOf":{"@id":"https:\/\/jornalboasnoticias.com.br\/home\/#website"},"primaryImageOfPage":{"@id":"https:\/\/jornalboasnoticias.com.br\/home\/apos-frente-fria-com-chuva-e-ventos-de-80km-h-semana-vai-terminar-com-sol-no-parana\/#primaryimage"},"image":{"@id":"https:\/\/jornalboasnoticias.com.br\/home\/apos-frente-fria-com-chuva-e-ventos-de-80km-h-semana-vai-terminar-com-sol-no-parana\/#primaryimage"},"thumbnailUrl":"https:\/\/jornalboasnoticias.com.br\/home\/wp-content\/uploads\/2025\/11\/criancas_foto_rdziura-5507-scaled-e1763398990376.jpg","datePublished":"2025-11-17T17:08:51+00:00","description":"Ap\u00f3s frente fria com chuva e ventos de 80km\/h, semana vai terminar com sol no Paran\u00e1","breadcrumb":{"@id":"https:\/\/jornalboasnoticias.com.br\/home\/apos-frente-fria-com-chuva-e-ventos-de-80km-h-semana-vai-terminar-com-sol-no-parana\/#breadcrumb"},"inLanguage":"pt-BR","potentialAction":[{"@type":"ReadAction","target":["https:\/\/jornalboasnoticias.com.br\/home\/apos-frente-fria-com-chuva-e-ventos-de-80km-h-semana-vai-terminar-com-sol-no-parana\/"]}]},{"@type":"ImageObject","inLanguage":"pt-BR","@id":"https:\/\/jornalboasnoticias.com.br\/home\/apos-frente-fria-com-chuva-e-ventos-de-80km-h-semana-vai-terminar-com-sol-no-parana\/#primaryimage","url":"https:\/\/jornalboasnoticias.com.br\/home\/wp-content\/uploads\/2025\/11\/criancas_foto_rdziura-5507-scaled-e1763398990376.jpg","contentUrl":"https:\/\/jornalboasnoticias.com.br\/home\/wp-content\/uploads\/2025\/11\/criancas_foto_rdziura-5507-scaled-e1763398990376.jpg","width":1000,"height":667,"caption":"Foto: Roberto Dziura Jr\/AEN"},{"@type":"BreadcrumbList","@id":"https:\/\/jornalboasnoticias.com.br\/home\/apos-frente-fria-com-chuva-e-ventos-de-80km-h-semana-vai-terminar-com-sol-no-parana\/#breadcrumb","itemListElement":[{"@type":"ListItem","position":1,"name":"In\u00edcio","item":"https:\/\/jornalboasnoticias.com.br\/home\/"},{"@type":"ListItem","position":2,"name":"Ap\u00f3s frente fria com chuva e ventos de 80km\/h, semana vai terminar com sol no Paran\u00e1"}]},{"@type":"WebSite","@id":"https:\/\/jornalboasnoticias.com.br\/home\/#website","url":"https:\/\/jornalboasnoticias.com.br\/home\/","name":"Jornal Boas Not\u00edcias","description":"Boas not\u00edcias","publisher":{"@id":"https:\/\/jornalboasnoticias.com.br\/home\/#organization"},"potentialAction":[{"@type":"SearchAction","target":{"@type":"EntryPoint","urlTemplate":"https:\/\/jornalboasnoticias.com.br\/home\/?s={search_term_string}"},"query-input":{"@type":"PropertyValueSpecification","valueRequired":true,"valueName":"search_term_string"}}],"inLanguage":"pt-BR"},{"@type":"Organization","@id":"https:\/\/jornalboasnoticias.com.br\/home\/#organization","name":"Coq Editora Ltda","alternateName":"Jornal Boas Noticias","url":"https:\/\/jornalboasnoticias.com.br\/home\/","logo":{"@type":"ImageObject","inLanguage":"pt-BR","@id":"https:\/\/jornalboasnoticias.com.br\/home\/#\/schema\/logo\/image\/","url":"https:\/\/jornalboasnoticias.com.br\/home\/wp-content\/uploads\/2024\/07\/cropped-logo.jpg","contentUrl":"https:\/\/jornalboasnoticias.com.br\/home\/wp-content\/uploads\/2024\/07\/cropped-logo.jpg","width":290,"height":142,"caption":"Coq Editora Ltda"},"image":{"@id":"https:\/\/jornalboasnoticias.com.br\/home\/#\/schema\/logo\/image\/"},"sameAs":["https:\/\/www.facebook.com\/boasnoticiasjornal"]},{"@type":"Person","@id":"https:\/\/jornalboasnoticias.com.br\/home\/#\/schema\/person\/75f9ebde398c998c166475fb446bda62","name":"Luiz Carlos da Cruz","image":{"@type":"ImageObject","inLanguage":"pt-BR","@id":"https:\/\/secure.gravatar.com\/avatar\/e6f4f45301b6cb8572f7b076572e8ac11c1db80e805d8c8d0858cf286ce3ac3b?s=96&d=mm&r=g","url":"https:\/\/secure.gravatar.com\/avatar\/e6f4f45301b6cb8572f7b076572e8ac11c1db80e805d8c8d0858cf286ce3ac3b?s=96&d=mm&r=g","contentUrl":"https:\/\/secure.gravatar.com\/avatar\/e6f4f45301b6cb8572f7b076572e8ac11c1db80e805d8c8d0858cf286ce3ac3b?s=96&d=mm&r=g","caption":"Luiz Carlos da Cruz"},"url":"https:\/\/jornalboasnoticias.com.br\/home\/author\/luiz-carlos-da-cruz\/"}]}},"_links":{"self":[{"href":"https:\/\/jornalboasnoticias.com.br\/home\/wp-json\/wp\/v2\/posts\/46504","targetHints":{"allow":["GET"]}}],"collection":[{"href":"https:\/\/jornalboasnoticias.com.br\/home\/wp-json\/wp\/v2\/posts"}],"about":[{"href":"https:\/\/jornalboasnoticias.com.br\/home\/wp-json\/wp\/v2\/types\/post"}],"author":[{"embeddable":true,"href":"https:\/\/jornalboasnoticias.com.br\/home\/wp-json\/wp\/v2\/users\/3"}],"replies":[{"embeddable":true,"href":"https:\/\/jornalboasnoticias.com.br\/home\/wp-json\/wp\/v2\/comments?post=46504"}],"version-history":[{"count":1,"href":"https:\/\/jornalboasnoticias.com.br\/home\/wp-json\/wp\/v2\/posts\/46504\/revisions"}],"predecessor-version":[{"id":46506,"href":"https:\/\/jornalboasnoticias.com.br\/home\/wp-json\/wp\/v2\/posts\/46504\/revisions\/46506"}],"wp:featuredmedia":[{"embeddable":true,"href":"https:\/\/jornalboasnoticias.com.br\/home\/wp-json\/wp\/v2\/media\/46505"}],"wp:attachment":[{"href":"https:\/\/jornalboasnoticias.com.br\/home\/wp-json\/wp\/v2\/media?parent=46504"}],"wp:term":[{"taxonomy":"category","embeddable":true,"href":"https:\/\/jornalboasnoticias.com.br\/home\/wp-json\/wp\/v2\/categories?post=46504"},{"taxonomy":"post_tag","embeddable":true,"href":"https:\/\/jornalboasnoticias.com.br\/home\/wp-json\/wp\/v2\/tags?post=46504"}],"curies":[{"name":"wp","href":"https:\/\/api.w.org\/{rel}","templated":true}]}}