{"id":46501,"date":"2025-10-22T19:08:41","date_gmt":"2025-10-22T19:08:41","guid":{"rendered":"https:\/\/jornalboasnoticias.com.br\/home\/?p=46501"},"modified":"2025-10-22T19:08:41","modified_gmt":"2025-10-22T19:08:41","slug":"camara-dos-deputados-podera-ter-bancada-crista","status":"publish","type":"post","link":"https:\/\/jornalboasnoticias.com.br\/home\/camara-dos-deputados-podera-ter-bancada-crista\/","title":{"rendered":"C\u00e2mara dos Deputados poder\u00e1 ter bancada crist\u00e3"},"content":{"rendered":"<div class=\"header-noticia full-width\">\n<blockquote>\n<div class=\"linha-fina-noticia\" style=\"text-align: center;\">Projeto ser\u00e1 votado ainda hoje<\/div>\n<\/blockquote>\n<\/div>\n<div class=\"subheader\">\n<div class=\"container-autoria\">\n<figure id=\"attachment_46502\" aria-describedby=\"caption-attachment-46502\" style=\"width: 1170px\" class=\"wp-caption alignnone\"><img loading=\"lazy\" decoding=\"async\" class=\"size-full wp-image-46502\" src=\"https:\/\/jornalboasnoticias.com.br\/home\/wp-content\/uploads\/2025\/10\/monumentos_brasilia_cupula_plenario_da_camara_dos_deputados3103201337.jpg\" alt=\"\" width=\"1170\" height=\"700\" srcset=\"https:\/\/jornalboasnoticias.com.br\/home\/wp-content\/uploads\/2025\/10\/monumentos_brasilia_cupula_plenario_da_camara_dos_deputados3103201337.jpg 1170w, https:\/\/jornalboasnoticias.com.br\/home\/wp-content\/uploads\/2025\/10\/monumentos_brasilia_cupula_plenario_da_camara_dos_deputados3103201337-300x179.jpg 300w, https:\/\/jornalboasnoticias.com.br\/home\/wp-content\/uploads\/2025\/10\/monumentos_brasilia_cupula_plenario_da_camara_dos_deputados3103201337-1024x613.jpg 1024w, https:\/\/jornalboasnoticias.com.br\/home\/wp-content\/uploads\/2025\/10\/monumentos_brasilia_cupula_plenario_da_camara_dos_deputados3103201337-768x459.jpg 768w\" sizes=\"auto, (max-width: 1170px) 100vw, 1170px\" \/><figcaption id=\"caption-attachment-46502\" class=\"wp-caption-text\">\u00a9 Marcello Casal JrAg\u00eancia Brasil<\/figcaption><\/figure>\n<p>O presidente da C\u00e2mara dos Deputados, Hugo Motta (Republicanos-PB), decidiu colocar em vota\u00e7\u00e3o, nesta quarta-feira (22), um pedido de urg\u00eancia para o projeto de resolu\u00e7\u00e3o que cria a bancada crist\u00e3. Caso a mat\u00e9ria seja aprovada, a nova bancada, formada por parlamentares evang\u00e9licos e cat\u00f3licos, se somar\u00e1 a outras duas existentes: a feminina e a negra.<img decoding=\"async\" src=\"https:\/\/agenciabrasil.ebc.com.br\/ebc.png?id=1663936&amp;o=node\" \/><img decoding=\"async\" src=\"https:\/\/agenciabrasil.ebc.com.br\/ebc.gif?id=1663936&amp;o=node\" \/><\/p>\n<p>Al\u00e9m disso, o l\u00edder da bancada participar\u00e1 das reuni\u00f5es de l\u00edderes da C\u00e2mara, com direito a voz e voto; e usar\u00e1 da palavra &#8211; pessoalmente ou por delega\u00e7\u00e3o &#8211; durante o per\u00edodo das comunica\u00e7\u00f5es de lideran\u00e7a, por cinco minutos, semanalmente.<\/p>\n<p>O projeto foi apresentado pelos presidentes das frentes parlamentares evang\u00e9lica e cat\u00f3lica, respectivamente, Gilberto Nascimento (PSD-SP) e Luiz Gast\u00e3o (PSD-CE).\u00a0A proposta diz que caber\u00e1 \u00e0 bancada zelar pela participa\u00e7\u00e3o de seus respectivos deputados e deputadas nos \u00f3rg\u00e3os e nas atividades da C\u00e2mara dos Deputados.<\/p>\n<h2>Realidade pol\u00edtica<\/h2>\n<p>Segundo o requerimento, a formaliza\u00e7\u00e3o da bancada crist\u00e3 no Regimento Interno representa o reconhecimento de uma realidade pol\u00edtica e social amplamente consolidada.<\/p>\n<p>\u201cTal medida reafirma o compromisso do parlamento com a representatividade plural, assegurando que convic\u00e7\u00f5es morais partilhadas por grande parcela da popula\u00e7\u00e3o brasileira encontrem express\u00e3o leg\u00edtima, organizada e transparente no processo legislativo\u201d, diz o requerimento.<\/p>\n<p>O documento diz, ainda, que as duas frentes continuar\u00e3o existindo e atuando junto da bancada crist\u00e3, &#8220;de forma independente, em pautas que convergirem e expressarem valores comuns.&#8221;<\/p>\n<p><em>Ag\u00eancia Brasil<\/em><\/p>\n<\/div>\n<\/div>\n","protected":false},"excerpt":{"rendered":"<p>Projeto ser\u00e1 votado ainda hoje O presidente da C\u00e2mara dos Deputados, Hugo Motta (Republicanos-PB), decidiu<\/p>\n","protected":false},"author":3,"featured_media":46502,"comment_status":"open","ping_status":"open","sticky":false,"template":"","format":"standard","meta":{"footnotes":""},"categories":[3,96],"tags":[],"class_list":["post-46501","post","type-post","status-publish","format-standard","has-post-thumbnail","hentry","category-destaques","category-politica"],"yoast_head":"<!-- This site is optimized with the Yoast SEO plugin v27.5 - https:\/\/yoast.com\/product\/yoast-seo-wordpress\/ -->\n<title>C\u00e2mara dos Deputados poder\u00e1 ter bancada crist\u00e3 - Jornal<\/title>\n<meta name=\"description\" content=\"C\u00e2mara dos Deputados poder\u00e1 ter bancada crist\u00e3\" \/>\n<meta name=\"robots\" content=\"index, follow, max-snippet:-1, max-image-preview:large, max-video-preview:-1\" \/>\n<link rel=\"canonical\" href=\"https:\/\/jornalboasnoticias.com.br\/home\/camara-dos-deputados-podera-ter-bancada-crista\/\" \/>\n<meta property=\"og:locale\" content=\"pt_BR\" \/>\n<meta property=\"og:type\" content=\"article\" \/>\n<meta property=\"og:title\" content=\"C\u00e2mara dos Deputados poder\u00e1 ter bancada crist\u00e3 - Jornal\" \/>\n<meta property=\"og:description\" content=\"C\u00e2mara dos Deputados poder\u00e1 ter bancada crist\u00e3\" \/>\n<meta property=\"og:url\" content=\"https:\/\/jornalboasnoticias.com.br\/home\/camara-dos-deputados-podera-ter-bancada-crista\/\" \/>\n<meta property=\"og:site_name\" content=\"Jornal\" \/>\n<meta property=\"article:publisher\" content=\"https:\/\/www.facebook.com\/boasnoticiasjornal\" \/>\n<meta property=\"article:published_time\" content=\"2025-10-22T19:08:41+00:00\" \/>\n<meta property=\"og:image\" content=\"https:\/\/jornalboasnoticias.com.br\/home\/wp-content\/uploads\/2025\/10\/monumentos_brasilia_cupula_plenario_da_camara_dos_deputados3103201337.jpg\" \/>\n\t<meta property=\"og:image:width\" content=\"1170\" \/>\n\t<meta property=\"og:image:height\" content=\"700\" \/>\n\t<meta property=\"og:image:type\" content=\"image\/jpeg\" \/>\n<meta name=\"author\" content=\"Luiz Carlos da Cruz\" \/>\n<meta name=\"twitter:card\" content=\"summary_large_image\" \/>\n<meta name=\"twitter:label1\" content=\"Escrito por\" \/>\n\t<meta name=\"twitter:data1\" content=\"Luiz Carlos da Cruz\" \/>\n\t<meta name=\"twitter:label2\" content=\"Est. tempo de leitura\" \/>\n\t<meta name=\"twitter:data2\" content=\"3 minutos\" \/>\n<script type=\"application\/ld+json\" class=\"yoast-schema-graph\">{\"@context\":\"https:\\\/\\\/schema.org\",\"@graph\":[{\"@type\":\"Article\",\"@id\":\"https:\\\/\\\/jornalboasnoticias.com.br\\\/home\\\/camara-dos-deputados-podera-ter-bancada-crista\\\/#article\",\"isPartOf\":{\"@id\":\"https:\\\/\\\/jornalboasnoticias.com.br\\\/home\\\/camara-dos-deputados-podera-ter-bancada-crista\\\/\"},\"author\":{\"name\":\"Luiz Carlos da Cruz\",\"@id\":\"https:\\\/\\\/jornalboasnoticias.com.br\\\/home\\\/#\\\/schema\\\/person\\\/75f9ebde398c998c166475fb446bda62\"},\"headline\":\"C\u00e2mara dos Deputados poder\u00e1 ter bancada crist\u00e3\",\"datePublished\":\"2025-10-22T19:08:41+00:00\",\"mainEntityOfPage\":{\"@id\":\"https:\\\/\\\/jornalboasnoticias.com.br\\\/home\\\/camara-dos-deputados-podera-ter-bancada-crista\\\/\"},\"wordCount\":281,\"commentCount\":0,\"publisher\":{\"@id\":\"https:\\\/\\\/jornalboasnoticias.com.br\\\/home\\\/#organization\"},\"image\":{\"@id\":\"https:\\\/\\\/jornalboasnoticias.com.br\\\/home\\\/camara-dos-deputados-podera-ter-bancada-crista\\\/#primaryimage\"},\"thumbnailUrl\":\"https:\\\/\\\/jornalboasnoticias.com.br\\\/home\\\/wp-content\\\/uploads\\\/2025\\\/10\\\/monumentos_brasilia_cupula_plenario_da_camara_dos_deputados3103201337.jpg\",\"articleSection\":[\"DESTAQUE\",\"POL\u00cdTICA\"],\"inLanguage\":\"pt-BR\",\"potentialAction\":[{\"@type\":\"CommentAction\",\"name\":\"Comment\",\"target\":[\"https:\\\/\\\/jornalboasnoticias.com.br\\\/home\\\/camara-dos-deputados-podera-ter-bancada-crista\\\/#respond\"]}]},{\"@type\":\"WebPage\",\"@id\":\"https:\\\/\\\/jornalboasnoticias.com.br\\\/home\\\/camara-dos-deputados-podera-ter-bancada-crista\\\/\",\"url\":\"https:\\\/\\\/jornalboasnoticias.com.br\\\/home\\\/camara-dos-deputados-podera-ter-bancada-crista\\\/\",\"name\":\"C\u00e2mara dos Deputados poder\u00e1 ter bancada crist\u00e3 - Jornal\",\"isPartOf\":{\"@id\":\"https:\\\/\\\/jornalboasnoticias.com.br\\\/home\\\/#website\"},\"primaryImageOfPage\":{\"@id\":\"https:\\\/\\\/jornalboasnoticias.com.br\\\/home\\\/camara-dos-deputados-podera-ter-bancada-crista\\\/#primaryimage\"},\"image\":{\"@id\":\"https:\\\/\\\/jornalboasnoticias.com.br\\\/home\\\/camara-dos-deputados-podera-ter-bancada-crista\\\/#primaryimage\"},\"thumbnailUrl\":\"https:\\\/\\\/jornalboasnoticias.com.br\\\/home\\\/wp-content\\\/uploads\\\/2025\\\/10\\\/monumentos_brasilia_cupula_plenario_da_camara_dos_deputados3103201337.jpg\",\"datePublished\":\"2025-10-22T19:08:41+00:00\",\"description\":\"C\u00e2mara dos Deputados poder\u00e1 ter bancada crist\u00e3\",\"breadcrumb\":{\"@id\":\"https:\\\/\\\/jornalboasnoticias.com.br\\\/home\\\/camara-dos-deputados-podera-ter-bancada-crista\\\/#breadcrumb\"},\"inLanguage\":\"pt-BR\",\"potentialAction\":[{\"@type\":\"ReadAction\",\"target\":[\"https:\\\/\\\/jornalboasnoticias.com.br\\\/home\\\/camara-dos-deputados-podera-ter-bancada-crista\\\/\"]}]},{\"@type\":\"ImageObject\",\"inLanguage\":\"pt-BR\",\"@id\":\"https:\\\/\\\/jornalboasnoticias.com.br\\\/home\\\/camara-dos-deputados-podera-ter-bancada-crista\\\/#primaryimage\",\"url\":\"https:\\\/\\\/jornalboasnoticias.com.br\\\/home\\\/wp-content\\\/uploads\\\/2025\\\/10\\\/monumentos_brasilia_cupula_plenario_da_camara_dos_deputados3103201337.jpg\",\"contentUrl\":\"https:\\\/\\\/jornalboasnoticias.com.br\\\/home\\\/wp-content\\\/uploads\\\/2025\\\/10\\\/monumentos_brasilia_cupula_plenario_da_camara_dos_deputados3103201337.jpg\",\"width\":1170,\"height\":700,\"caption\":\"\u00a9 Marcello Casal JrAg\u00eancia Brasil\"},{\"@type\":\"BreadcrumbList\",\"@id\":\"https:\\\/\\\/jornalboasnoticias.com.br\\\/home\\\/camara-dos-deputados-podera-ter-bancada-crista\\\/#breadcrumb\",\"itemListElement\":[{\"@type\":\"ListItem\",\"position\":1,\"name\":\"In\u00edcio\",\"item\":\"https:\\\/\\\/jornalboasnoticias.com.br\\\/home\\\/\"},{\"@type\":\"ListItem\",\"position\":2,\"name\":\"C\u00e2mara dos Deputados poder\u00e1 ter bancada crist\u00e3\"}]},{\"@type\":\"WebSite\",\"@id\":\"https:\\\/\\\/jornalboasnoticias.com.br\\\/home\\\/#website\",\"url\":\"https:\\\/\\\/jornalboasnoticias.com.br\\\/home\\\/\",\"name\":\"Jornal Boas Not\u00edcias\",\"description\":\"Boas not\u00edcias\",\"publisher\":{\"@id\":\"https:\\\/\\\/jornalboasnoticias.com.br\\\/home\\\/#organization\"},\"potentialAction\":[{\"@type\":\"SearchAction\",\"target\":{\"@type\":\"EntryPoint\",\"urlTemplate\":\"https:\\\/\\\/jornalboasnoticias.com.br\\\/home\\\/?s={search_term_string}\"},\"query-input\":{\"@type\":\"PropertyValueSpecification\",\"valueRequired\":true,\"valueName\":\"search_term_string\"}}],\"inLanguage\":\"pt-BR\"},{\"@type\":\"Organization\",\"@id\":\"https:\\\/\\\/jornalboasnoticias.com.br\\\/home\\\/#organization\",\"name\":\"Coq Editora Ltda\",\"alternateName\":\"Jornal Boas Noticias\",\"url\":\"https:\\\/\\\/jornalboasnoticias.com.br\\\/home\\\/\",\"logo\":{\"@type\":\"ImageObject\",\"inLanguage\":\"pt-BR\",\"@id\":\"https:\\\/\\\/jornalboasnoticias.com.br\\\/home\\\/#\\\/schema\\\/logo\\\/image\\\/\",\"url\":\"https:\\\/\\\/jornalboasnoticias.com.br\\\/home\\\/wp-content\\\/uploads\\\/2024\\\/07\\\/cropped-logo.jpg\",\"contentUrl\":\"https:\\\/\\\/jornalboasnoticias.com.br\\\/home\\\/wp-content\\\/uploads\\\/2024\\\/07\\\/cropped-logo.jpg\",\"width\":290,\"height\":142,\"caption\":\"Coq Editora Ltda\"},\"image\":{\"@id\":\"https:\\\/\\\/jornalboasnoticias.com.br\\\/home\\\/#\\\/schema\\\/logo\\\/image\\\/\"},\"sameAs\":[\"https:\\\/\\\/www.facebook.com\\\/boasnoticiasjornal\"]},{\"@type\":\"Person\",\"@id\":\"https:\\\/\\\/jornalboasnoticias.com.br\\\/home\\\/#\\\/schema\\\/person\\\/75f9ebde398c998c166475fb446bda62\",\"name\":\"Luiz Carlos da Cruz\",\"image\":{\"@type\":\"ImageObject\",\"inLanguage\":\"pt-BR\",\"@id\":\"https:\\\/\\\/secure.gravatar.com\\\/avatar\\\/e6f4f45301b6cb8572f7b076572e8ac11c1db80e805d8c8d0858cf286ce3ac3b?s=96&d=mm&r=g\",\"url\":\"https:\\\/\\\/secure.gravatar.com\\\/avatar\\\/e6f4f45301b6cb8572f7b076572e8ac11c1db80e805d8c8d0858cf286ce3ac3b?s=96&d=mm&r=g\",\"contentUrl\":\"https:\\\/\\\/secure.gravatar.com\\\/avatar\\\/e6f4f45301b6cb8572f7b076572e8ac11c1db80e805d8c8d0858cf286ce3ac3b?s=96&d=mm&r=g\",\"caption\":\"Luiz Carlos da Cruz\"},\"url\":\"https:\\\/\\\/jornalboasnoticias.com.br\\\/home\\\/author\\\/luiz-carlos-da-cruz\\\/\"}]}<\/script>\n<!-- \/ Yoast SEO plugin. -->","yoast_head_json":{"title":"C\u00e2mara dos Deputados poder\u00e1 ter bancada crist\u00e3 - Jornal","description":"C\u00e2mara dos Deputados poder\u00e1 ter bancada crist\u00e3","robots":{"index":"index","follow":"follow","max-snippet":"max-snippet:-1","max-image-preview":"max-image-preview:large","max-video-preview":"max-video-preview:-1"},"canonical":"https:\/\/jornalboasnoticias.com.br\/home\/camara-dos-deputados-podera-ter-bancada-crista\/","og_locale":"pt_BR","og_type":"article","og_title":"C\u00e2mara dos Deputados poder\u00e1 ter bancada crist\u00e3 - Jornal","og_description":"C\u00e2mara dos Deputados poder\u00e1 ter bancada crist\u00e3","og_url":"https:\/\/jornalboasnoticias.com.br\/home\/camara-dos-deputados-podera-ter-bancada-crista\/","og_site_name":"Jornal","article_publisher":"https:\/\/www.facebook.com\/boasnoticiasjornal","article_published_time":"2025-10-22T19:08:41+00:00","og_image":[{"width":1170,"height":700,"url":"https:\/\/jornalboasnoticias.com.br\/home\/wp-content\/uploads\/2025\/10\/monumentos_brasilia_cupula_plenario_da_camara_dos_deputados3103201337.jpg","type":"image\/jpeg"}],"author":"Luiz Carlos da Cruz","twitter_card":"summary_large_image","twitter_misc":{"Escrito por":"Luiz Carlos da Cruz","Est. tempo de leitura":"3 minutos"},"schema":{"@context":"https:\/\/schema.org","@graph":[{"@type":"Article","@id":"https:\/\/jornalboasnoticias.com.br\/home\/camara-dos-deputados-podera-ter-bancada-crista\/#article","isPartOf":{"@id":"https:\/\/jornalboasnoticias.com.br\/home\/camara-dos-deputados-podera-ter-bancada-crista\/"},"author":{"name":"Luiz Carlos da Cruz","@id":"https:\/\/jornalboasnoticias.com.br\/home\/#\/schema\/person\/75f9ebde398c998c166475fb446bda62"},"headline":"C\u00e2mara dos Deputados poder\u00e1 ter bancada crist\u00e3","datePublished":"2025-10-22T19:08:41+00:00","mainEntityOfPage":{"@id":"https:\/\/jornalboasnoticias.com.br\/home\/camara-dos-deputados-podera-ter-bancada-crista\/"},"wordCount":281,"commentCount":0,"publisher":{"@id":"https:\/\/jornalboasnoticias.com.br\/home\/#organization"},"image":{"@id":"https:\/\/jornalboasnoticias.com.br\/home\/camara-dos-deputados-podera-ter-bancada-crista\/#primaryimage"},"thumbnailUrl":"https:\/\/jornalboasnoticias.com.br\/home\/wp-content\/uploads\/2025\/10\/monumentos_brasilia_cupula_plenario_da_camara_dos_deputados3103201337.jpg","articleSection":["DESTAQUE","POL\u00cdTICA"],"inLanguage":"pt-BR","potentialAction":[{"@type":"CommentAction","name":"Comment","target":["https:\/\/jornalboasnoticias.com.br\/home\/camara-dos-deputados-podera-ter-bancada-crista\/#respond"]}]},{"@type":"WebPage","@id":"https:\/\/jornalboasnoticias.com.br\/home\/camara-dos-deputados-podera-ter-bancada-crista\/","url":"https:\/\/jornalboasnoticias.com.br\/home\/camara-dos-deputados-podera-ter-bancada-crista\/","name":"C\u00e2mara dos Deputados poder\u00e1 ter bancada crist\u00e3 - Jornal","isPartOf":{"@id":"https:\/\/jornalboasnoticias.com.br\/home\/#website"},"primaryImageOfPage":{"@id":"https:\/\/jornalboasnoticias.com.br\/home\/camara-dos-deputados-podera-ter-bancada-crista\/#primaryimage"},"image":{"@id":"https:\/\/jornalboasnoticias.com.br\/home\/camara-dos-deputados-podera-ter-bancada-crista\/#primaryimage"},"thumbnailUrl":"https:\/\/jornalboasnoticias.com.br\/home\/wp-content\/uploads\/2025\/10\/monumentos_brasilia_cupula_plenario_da_camara_dos_deputados3103201337.jpg","datePublished":"2025-10-22T19:08:41+00:00","description":"C\u00e2mara dos Deputados poder\u00e1 ter bancada crist\u00e3","breadcrumb":{"@id":"https:\/\/jornalboasnoticias.com.br\/home\/camara-dos-deputados-podera-ter-bancada-crista\/#breadcrumb"},"inLanguage":"pt-BR","potentialAction":[{"@type":"ReadAction","target":["https:\/\/jornalboasnoticias.com.br\/home\/camara-dos-deputados-podera-ter-bancada-crista\/"]}]},{"@type":"ImageObject","inLanguage":"pt-BR","@id":"https:\/\/jornalboasnoticias.com.br\/home\/camara-dos-deputados-podera-ter-bancada-crista\/#primaryimage","url":"https:\/\/jornalboasnoticias.com.br\/home\/wp-content\/uploads\/2025\/10\/monumentos_brasilia_cupula_plenario_da_camara_dos_deputados3103201337.jpg","contentUrl":"https:\/\/jornalboasnoticias.com.br\/home\/wp-content\/uploads\/2025\/10\/monumentos_brasilia_cupula_plenario_da_camara_dos_deputados3103201337.jpg","width":1170,"height":700,"caption":"\u00a9 Marcello Casal JrAg\u00eancia Brasil"},{"@type":"BreadcrumbList","@id":"https:\/\/jornalboasnoticias.com.br\/home\/camara-dos-deputados-podera-ter-bancada-crista\/#breadcrumb","itemListElement":[{"@type":"ListItem","position":1,"name":"In\u00edcio","item":"https:\/\/jornalboasnoticias.com.br\/home\/"},{"@type":"ListItem","position":2,"name":"C\u00e2mara dos Deputados poder\u00e1 ter bancada crist\u00e3"}]},{"@type":"WebSite","@id":"https:\/\/jornalboasnoticias.com.br\/home\/#website","url":"https:\/\/jornalboasnoticias.com.br\/home\/","name":"Jornal Boas Not\u00edcias","description":"Boas not\u00edcias","publisher":{"@id":"https:\/\/jornalboasnoticias.com.br\/home\/#organization"},"potentialAction":[{"@type":"SearchAction","target":{"@type":"EntryPoint","urlTemplate":"https:\/\/jornalboasnoticias.com.br\/home\/?s={search_term_string}"},"query-input":{"@type":"PropertyValueSpecification","valueRequired":true,"valueName":"search_term_string"}}],"inLanguage":"pt-BR"},{"@type":"Organization","@id":"https:\/\/jornalboasnoticias.com.br\/home\/#organization","name":"Coq Editora Ltda","alternateName":"Jornal Boas Noticias","url":"https:\/\/jornalboasnoticias.com.br\/home\/","logo":{"@type":"ImageObject","inLanguage":"pt-BR","@id":"https:\/\/jornalboasnoticias.com.br\/home\/#\/schema\/logo\/image\/","url":"https:\/\/jornalboasnoticias.com.br\/home\/wp-content\/uploads\/2024\/07\/cropped-logo.jpg","contentUrl":"https:\/\/jornalboasnoticias.com.br\/home\/wp-content\/uploads\/2024\/07\/cropped-logo.jpg","width":290,"height":142,"caption":"Coq Editora Ltda"},"image":{"@id":"https:\/\/jornalboasnoticias.com.br\/home\/#\/schema\/logo\/image\/"},"sameAs":["https:\/\/www.facebook.com\/boasnoticiasjornal"]},{"@type":"Person","@id":"https:\/\/jornalboasnoticias.com.br\/home\/#\/schema\/person\/75f9ebde398c998c166475fb446bda62","name":"Luiz Carlos da Cruz","image":{"@type":"ImageObject","inLanguage":"pt-BR","@id":"https:\/\/secure.gravatar.com\/avatar\/e6f4f45301b6cb8572f7b076572e8ac11c1db80e805d8c8d0858cf286ce3ac3b?s=96&d=mm&r=g","url":"https:\/\/secure.gravatar.com\/avatar\/e6f4f45301b6cb8572f7b076572e8ac11c1db80e805d8c8d0858cf286ce3ac3b?s=96&d=mm&r=g","contentUrl":"https:\/\/secure.gravatar.com\/avatar\/e6f4f45301b6cb8572f7b076572e8ac11c1db80e805d8c8d0858cf286ce3ac3b?s=96&d=mm&r=g","caption":"Luiz Carlos da Cruz"},"url":"https:\/\/jornalboasnoticias.com.br\/home\/author\/luiz-carlos-da-cruz\/"}]}},"_links":{"self":[{"href":"https:\/\/jornalboasnoticias.com.br\/home\/wp-json\/wp\/v2\/posts\/46501","targetHints":{"allow":["GET"]}}],"collection":[{"href":"https:\/\/jornalboasnoticias.com.br\/home\/wp-json\/wp\/v2\/posts"}],"about":[{"href":"https:\/\/jornalboasnoticias.com.br\/home\/wp-json\/wp\/v2\/types\/post"}],"author":[{"embeddable":true,"href":"https:\/\/jornalboasnoticias.com.br\/home\/wp-json\/wp\/v2\/users\/3"}],"replies":[{"embeddable":true,"href":"https:\/\/jornalboasnoticias.com.br\/home\/wp-json\/wp\/v2\/comments?post=46501"}],"version-history":[{"count":1,"href":"https:\/\/jornalboasnoticias.com.br\/home\/wp-json\/wp\/v2\/posts\/46501\/revisions"}],"predecessor-version":[{"id":46503,"href":"https:\/\/jornalboasnoticias.com.br\/home\/wp-json\/wp\/v2\/posts\/46501\/revisions\/46503"}],"wp:featuredmedia":[{"embeddable":true,"href":"https:\/\/jornalboasnoticias.com.br\/home\/wp-json\/wp\/v2\/media\/46502"}],"wp:attachment":[{"href":"https:\/\/jornalboasnoticias.com.br\/home\/wp-json\/wp\/v2\/media?parent=46501"}],"wp:term":[{"taxonomy":"category","embeddable":true,"href":"https:\/\/jornalboasnoticias.com.br\/home\/wp-json\/wp\/v2\/categories?post=46501"},{"taxonomy":"post_tag","embeddable":true,"href":"https:\/\/jornalboasnoticias.com.br\/home\/wp-json\/wp\/v2\/tags?post=46501"}],"curies":[{"name":"wp","href":"https:\/\/api.w.org\/{rel}","templated":true}]}}