{"id":46497,"date":"2025-10-10T13:51:51","date_gmt":"2025-10-10T13:51:51","guid":{"rendered":"https:\/\/jornalboasnoticias.com.br\/home\/?p=46497"},"modified":"2025-10-10T13:51:51","modified_gmt":"2025-10-10T13:51:51","slug":"apos-chuvas-nos-ultimos-dias-dia-das-criancas-tera-novas-tempestades-no-parana","status":"publish","type":"post","link":"https:\/\/jornalboasnoticias.com.br\/home\/apos-chuvas-nos-ultimos-dias-dia-das-criancas-tera-novas-tempestades-no-parana\/","title":{"rendered":"Ap\u00f3s chuvas nos \u00faltimos dias, Dia das Crian\u00e7as ter\u00e1 novas tempestades no Paran\u00e1"},"content":{"rendered":"<blockquote>\n<p style=\"text-align: center;\">De acordo com o Sistema de Tecnologia e Monitoramento Ambiental do Paran\u00e1 (Simepar), temporais s\u00e3o previstos para a faixa Oeste j\u00e1 na madrugada do Dia das Crian\u00e7as e feriado em homenagem a padroeira do Brasil, Nossa Senhora Aparecida. O tempo muda rapidamente nas outras regi\u00f5es.<\/p>\n<\/blockquote>\n<figure id=\"attachment_46498\" aria-describedby=\"caption-attachment-46498\" style=\"width: 1000px\" class=\"wp-caption alignnone\"><img loading=\"lazy\" decoding=\"async\" class=\"size-full wp-image-46498\" src=\"https:\/\/jornalboasnoticias.com.br\/home\/wp-content\/uploads\/2025\/10\/00520423-scaled-e1760104259335.jpg\" alt=\"\" width=\"1000\" height=\"667\" \/><figcaption id=\"caption-attachment-46498\" class=\"wp-caption-text\">Foto: Ricardo Maraj\u00f3\/Prefeitura de Curitiba<\/figcaption><\/figure>\n<p>A semana foi chuvosa no Paran\u00e1 e, ap\u00f3s um r\u00e1pido momento de sol no s\u00e1bado, as chuvas mais fortes voltar\u00e3o no domingo ao Estado. De acordo com o Sistema de Tecnologia e Monitoramento Ambiental do Paran\u00e1 (Simepar), temporais s\u00e3o previstos para a faixa Oeste j\u00e1 na madrugada do Dia das Crian\u00e7as e feriado em homenagem a padroeira do Brasil, Nossa Senhora Aparecida.<\/p>\n<p>Entre segunda (06) e quinta-feira (09), os acumulados de chuva somados chegaram a 74,2 mm em Antonina, 66,6 mm em Guaraque\u00e7aba, 38,8 mm em Palmas e 31,4 mm em Curitiba. Em outras cidades o acumulado foi menor, por\u00e9m muito significativo: Corn\u00e9lio Proc\u00f3pio em outubro registrou um volume acumulado de 17,2 mm de chuva, sendo 15,4 mm apenas nesta semana &#8211; a cidade n\u00e3o registrava essa quantidade de chuva desde 27 e 28 de julho, quando teve 30,2 mm.<\/p>\n<p>Durante todo o per\u00edodo depois do dia 28\/07 at\u00e9 o fim de setembro, juntando todos os dias, a chuva em Corn\u00e9lio Proc\u00f3pio n\u00e3o havia somado um acumulado superior a 16 mm.<\/p>\n<p>A chuva continua no Paran\u00e1 nesta sexta-feira (10) do Leste ao Litoral, e com menor intensidade em parte do Norte. \u201cNos Campos Gerais, Norte Pioneiro, Norte e Norte Novo, as pancadas de chuva s\u00e3o mais irregulares, principalmente no per\u00edodo da manh\u00e3, mas, durante a tarde, a chuva fica um pouco mais consistente nessas \u00e1reas tamb\u00e9m\u201d, explica Lizandro Jac\u00f3bsen, meteorologista do Simepar.<\/p>\n<p>Por conta da nebulosidade, as temperaturas seguem amenas entre a Capital, o Litoral e a regi\u00e3o de Ponta Grossa, que n\u00e3o ter\u00e3o m\u00e1ximas acima de 20\u00b0C. J\u00e1 no Interior, com predom\u00ednio de sol no Noroeste, Oeste e Sudoeste, as temperaturas chegam a 26\u00b0C.<\/p>\n<p>No s\u00e1bado (11), finalmente o sol aparece na Capital, mas ainda de forma t\u00edmida, principalmente no per\u00edodo da tarde. A temperatura m\u00e1xima pode se aproximar dos 20\u00b0C. Na maioria das regi\u00f5es do Paran\u00e1 o sol predomina e as temperaturas chegam a 30\u00b0C na faixa norte, e a 28\u00b0C no Oeste. No Litoral, entretanto, o c\u00e9u continua encoberto e h\u00e1 possibilidade de chuvisco ocasional.<\/p>\n<p>No domingo (12), as condi\u00e7\u00f5es do tempo mudam e se agravam principalmente na faixa Oeste do Paran\u00e1. \u201cMais uma frente fria associada a um ciclone extratropical sobre o oceano atl\u00e2ntico traz risco de temporais no estado, come\u00e7ando pelas regi\u00f5es Oeste, Sudoeste e Noroeste j\u00e1 na madrugada. Est\u00e3o previstas pancadas de chuva e trovoadas, al\u00e9m de rajadas de vento acima de 50 km\/h, podendo ter alguns picos de at\u00e9 70 km\/h ao longo do dia\u201d, ressalta Jac\u00f3bsen.<\/p>\n<p>A instabilidade come\u00e7a a afetar essas regi\u00f5es mais pr\u00f3ximas de fronteira com Paraguai e Argentina e de divisa com Mato Grosso do Sul e, ao longo do domingo, o tempo muda rapidamente nas outras regi\u00f5es paranaenses, como o Centro-Sul, Norte, Leste e Litoral, por\u00e9m com chuvas de menor intensidade em compara\u00e7\u00e3o ao previsto para a faixa Oeste.<\/p>\n<p>O tempo volta a ficar est\u00e1vel em todo o Paran\u00e1 apenas a partir de ter\u00e7a-feira.<\/p>\n<h2><strong>SIMEPAR<\/strong><\/h2>\n<p>Com uma estrutura de 120 esta\u00e7\u00f5es meteorol\u00f3gicas telem\u00e9tricas autom\u00e1ticas, tr\u00eas radares meteorol\u00f3gicos e cinco sensores de descargas atmosf\u00e9ricas, o Simepar \u00e9 respons\u00e1vel por fornecer dados meteorol\u00f3gicos para \u00f3rg\u00e3os como a Coordenadoria da Defesa Civil e a Secretaria do Desenvolvimento Sustent\u00e1vel, de modo a facilitar a\u00e7\u00f5es de resposta a situa\u00e7\u00f5es extremas. S\u00e3o monitoradas desde situa\u00e7\u00f5es causadas por chuvas extremas, como enxurradas, deslizamentos e alagamentos, at\u00e9 situa\u00e7\u00f5es como inc\u00eandios e secas.<\/p>\n<p>Dados mais detalhados da previs\u00e3o do tempo para os 399 munic\u00edpios paranaenses est\u00e3o dispon\u00edveis no site\u00a0<a class=\"0\" href=\"https:\/\/www.simepar.br\/\" target=\"_blank\" rel=\"nofollow noopener\">www.simepar.br<\/a>. A previs\u00e3o tem duas atualiza\u00e7\u00f5es di\u00e1rias. Para cada cidade \u00e9 poss\u00edvel saber o quanto deve chover, temperaturas m\u00ednimas e m\u00e1ximas previstas, umidade relativa do ar e vento, com detalhamento por hora para a data e o dia seguinte.<\/p>\n<p><em>Ag\u00eancia Estadual de Not\u00edcias<\/em><\/p>\n","protected":false},"excerpt":{"rendered":"<p>De acordo com o Sistema de Tecnologia e Monitoramento Ambiental do Paran\u00e1 (Simepar), temporais s\u00e3o<\/p>\n","protected":false},"author":3,"featured_media":46498,"comment_status":"open","ping_status":"open","sticky":false,"template":"","format":"standard","meta":{"footnotes":""},"categories":[3,4],"tags":[],"class_list":["post-46497","post","type-post","status-publish","format-standard","has-post-thumbnail","hentry","category-destaques","category-parana"],"yoast_head":"<!-- This site is optimized with the Yoast SEO plugin v27.5 - https:\/\/yoast.com\/product\/yoast-seo-wordpress\/ -->\n<title>Ap\u00f3s chuvas nos \u00faltimos dias, Dia das Crian\u00e7as ter\u00e1 novas tempestades no Paran\u00e1 - Jornal<\/title>\n<meta name=\"description\" content=\"Ap\u00f3s chuvas nos \u00faltimos dias, Dia das Crian\u00e7as ter\u00e1 novas tempestades no Paran\u00e1\" \/>\n<meta name=\"robots\" content=\"index, follow, max-snippet:-1, max-image-preview:large, max-video-preview:-1\" \/>\n<link rel=\"canonical\" href=\"https:\/\/jornalboasnoticias.com.br\/home\/apos-chuvas-nos-ultimos-dias-dia-das-criancas-tera-novas-tempestades-no-parana\/\" \/>\n<meta property=\"og:locale\" content=\"pt_BR\" \/>\n<meta property=\"og:type\" content=\"article\" \/>\n<meta property=\"og:title\" content=\"Ap\u00f3s chuvas nos \u00faltimos dias, Dia das Crian\u00e7as ter\u00e1 novas tempestades no Paran\u00e1 - Jornal\" \/>\n<meta property=\"og:description\" content=\"Ap\u00f3s chuvas nos \u00faltimos dias, Dia das Crian\u00e7as ter\u00e1 novas tempestades no Paran\u00e1\" \/>\n<meta property=\"og:url\" content=\"https:\/\/jornalboasnoticias.com.br\/home\/apos-chuvas-nos-ultimos-dias-dia-das-criancas-tera-novas-tempestades-no-parana\/\" \/>\n<meta property=\"og:site_name\" content=\"Jornal\" \/>\n<meta property=\"article:publisher\" content=\"https:\/\/www.facebook.com\/boasnoticiasjornal\" \/>\n<meta property=\"article:published_time\" content=\"2025-10-10T13:51:51+00:00\" \/>\n<meta property=\"og:image\" content=\"https:\/\/jornalboasnoticias.com.br\/home\/wp-content\/uploads\/2025\/10\/00520423-scaled-e1760104259335.jpg\" \/>\n\t<meta property=\"og:image:width\" content=\"1000\" \/>\n\t<meta property=\"og:image:height\" content=\"667\" \/>\n\t<meta property=\"og:image:type\" content=\"image\/jpeg\" \/>\n<meta name=\"author\" content=\"Luiz Carlos da Cruz\" \/>\n<meta name=\"twitter:card\" content=\"summary_large_image\" \/>\n<meta name=\"twitter:label1\" content=\"Escrito por\" \/>\n\t<meta name=\"twitter:data1\" content=\"Luiz Carlos da Cruz\" \/>\n\t<meta name=\"twitter:label2\" content=\"Est. tempo de leitura\" \/>\n\t<meta name=\"twitter:data2\" content=\"4 minutos\" \/>\n<script type=\"application\/ld+json\" class=\"yoast-schema-graph\">{\"@context\":\"https:\\\/\\\/schema.org\",\"@graph\":[{\"@type\":\"Article\",\"@id\":\"https:\\\/\\\/jornalboasnoticias.com.br\\\/home\\\/apos-chuvas-nos-ultimos-dias-dia-das-criancas-tera-novas-tempestades-no-parana\\\/#article\",\"isPartOf\":{\"@id\":\"https:\\\/\\\/jornalboasnoticias.com.br\\\/home\\\/apos-chuvas-nos-ultimos-dias-dia-das-criancas-tera-novas-tempestades-no-parana\\\/\"},\"author\":{\"name\":\"Luiz Carlos da Cruz\",\"@id\":\"https:\\\/\\\/jornalboasnoticias.com.br\\\/home\\\/#\\\/schema\\\/person\\\/75f9ebde398c998c166475fb446bda62\"},\"headline\":\"Ap\u00f3s chuvas nos \u00faltimos dias, Dia das Crian\u00e7as ter\u00e1 novas tempestades no Paran\u00e1\",\"datePublished\":\"2025-10-10T13:51:51+00:00\",\"mainEntityOfPage\":{\"@id\":\"https:\\\/\\\/jornalboasnoticias.com.br\\\/home\\\/apos-chuvas-nos-ultimos-dias-dia-das-criancas-tera-novas-tempestades-no-parana\\\/\"},\"wordCount\":747,\"commentCount\":0,\"publisher\":{\"@id\":\"https:\\\/\\\/jornalboasnoticias.com.br\\\/home\\\/#organization\"},\"image\":{\"@id\":\"https:\\\/\\\/jornalboasnoticias.com.br\\\/home\\\/apos-chuvas-nos-ultimos-dias-dia-das-criancas-tera-novas-tempestades-no-parana\\\/#primaryimage\"},\"thumbnailUrl\":\"https:\\\/\\\/jornalboasnoticias.com.br\\\/home\\\/wp-content\\\/uploads\\\/2025\\\/10\\\/00520423-scaled-e1760104259335.jpg\",\"articleSection\":[\"DESTAQUE\",\"PARAN\u00c1\"],\"inLanguage\":\"pt-BR\",\"potentialAction\":[{\"@type\":\"CommentAction\",\"name\":\"Comment\",\"target\":[\"https:\\\/\\\/jornalboasnoticias.com.br\\\/home\\\/apos-chuvas-nos-ultimos-dias-dia-das-criancas-tera-novas-tempestades-no-parana\\\/#respond\"]}]},{\"@type\":\"WebPage\",\"@id\":\"https:\\\/\\\/jornalboasnoticias.com.br\\\/home\\\/apos-chuvas-nos-ultimos-dias-dia-das-criancas-tera-novas-tempestades-no-parana\\\/\",\"url\":\"https:\\\/\\\/jornalboasnoticias.com.br\\\/home\\\/apos-chuvas-nos-ultimos-dias-dia-das-criancas-tera-novas-tempestades-no-parana\\\/\",\"name\":\"Ap\u00f3s chuvas nos \u00faltimos dias, Dia das Crian\u00e7as ter\u00e1 novas tempestades no Paran\u00e1 - Jornal\",\"isPartOf\":{\"@id\":\"https:\\\/\\\/jornalboasnoticias.com.br\\\/home\\\/#website\"},\"primaryImageOfPage\":{\"@id\":\"https:\\\/\\\/jornalboasnoticias.com.br\\\/home\\\/apos-chuvas-nos-ultimos-dias-dia-das-criancas-tera-novas-tempestades-no-parana\\\/#primaryimage\"},\"image\":{\"@id\":\"https:\\\/\\\/jornalboasnoticias.com.br\\\/home\\\/apos-chuvas-nos-ultimos-dias-dia-das-criancas-tera-novas-tempestades-no-parana\\\/#primaryimage\"},\"thumbnailUrl\":\"https:\\\/\\\/jornalboasnoticias.com.br\\\/home\\\/wp-content\\\/uploads\\\/2025\\\/10\\\/00520423-scaled-e1760104259335.jpg\",\"datePublished\":\"2025-10-10T13:51:51+00:00\",\"description\":\"Ap\u00f3s chuvas nos \u00faltimos dias, Dia das Crian\u00e7as ter\u00e1 novas tempestades no Paran\u00e1\",\"breadcrumb\":{\"@id\":\"https:\\\/\\\/jornalboasnoticias.com.br\\\/home\\\/apos-chuvas-nos-ultimos-dias-dia-das-criancas-tera-novas-tempestades-no-parana\\\/#breadcrumb\"},\"inLanguage\":\"pt-BR\",\"potentialAction\":[{\"@type\":\"ReadAction\",\"target\":[\"https:\\\/\\\/jornalboasnoticias.com.br\\\/home\\\/apos-chuvas-nos-ultimos-dias-dia-das-criancas-tera-novas-tempestades-no-parana\\\/\"]}]},{\"@type\":\"ImageObject\",\"inLanguage\":\"pt-BR\",\"@id\":\"https:\\\/\\\/jornalboasnoticias.com.br\\\/home\\\/apos-chuvas-nos-ultimos-dias-dia-das-criancas-tera-novas-tempestades-no-parana\\\/#primaryimage\",\"url\":\"https:\\\/\\\/jornalboasnoticias.com.br\\\/home\\\/wp-content\\\/uploads\\\/2025\\\/10\\\/00520423-scaled-e1760104259335.jpg\",\"contentUrl\":\"https:\\\/\\\/jornalboasnoticias.com.br\\\/home\\\/wp-content\\\/uploads\\\/2025\\\/10\\\/00520423-scaled-e1760104259335.jpg\",\"width\":1000,\"height\":667,\"caption\":\"Foto: Ricardo Maraj\u00f3\\\/Prefeitura de Curitiba\"},{\"@type\":\"BreadcrumbList\",\"@id\":\"https:\\\/\\\/jornalboasnoticias.com.br\\\/home\\\/apos-chuvas-nos-ultimos-dias-dia-das-criancas-tera-novas-tempestades-no-parana\\\/#breadcrumb\",\"itemListElement\":[{\"@type\":\"ListItem\",\"position\":1,\"name\":\"In\u00edcio\",\"item\":\"https:\\\/\\\/jornalboasnoticias.com.br\\\/home\\\/\"},{\"@type\":\"ListItem\",\"position\":2,\"name\":\"Ap\u00f3s chuvas nos \u00faltimos dias, Dia das Crian\u00e7as ter\u00e1 novas tempestades no Paran\u00e1\"}]},{\"@type\":\"WebSite\",\"@id\":\"https:\\\/\\\/jornalboasnoticias.com.br\\\/home\\\/#website\",\"url\":\"https:\\\/\\\/jornalboasnoticias.com.br\\\/home\\\/\",\"name\":\"Jornal Boas Not\u00edcias\",\"description\":\"Boas not\u00edcias\",\"publisher\":{\"@id\":\"https:\\\/\\\/jornalboasnoticias.com.br\\\/home\\\/#organization\"},\"potentialAction\":[{\"@type\":\"SearchAction\",\"target\":{\"@type\":\"EntryPoint\",\"urlTemplate\":\"https:\\\/\\\/jornalboasnoticias.com.br\\\/home\\\/?s={search_term_string}\"},\"query-input\":{\"@type\":\"PropertyValueSpecification\",\"valueRequired\":true,\"valueName\":\"search_term_string\"}}],\"inLanguage\":\"pt-BR\"},{\"@type\":\"Organization\",\"@id\":\"https:\\\/\\\/jornalboasnoticias.com.br\\\/home\\\/#organization\",\"name\":\"Coq Editora Ltda\",\"alternateName\":\"Jornal Boas Noticias\",\"url\":\"https:\\\/\\\/jornalboasnoticias.com.br\\\/home\\\/\",\"logo\":{\"@type\":\"ImageObject\",\"inLanguage\":\"pt-BR\",\"@id\":\"https:\\\/\\\/jornalboasnoticias.com.br\\\/home\\\/#\\\/schema\\\/logo\\\/image\\\/\",\"url\":\"https:\\\/\\\/jornalboasnoticias.com.br\\\/home\\\/wp-content\\\/uploads\\\/2024\\\/07\\\/cropped-logo.jpg\",\"contentUrl\":\"https:\\\/\\\/jornalboasnoticias.com.br\\\/home\\\/wp-content\\\/uploads\\\/2024\\\/07\\\/cropped-logo.jpg\",\"width\":290,\"height\":142,\"caption\":\"Coq Editora Ltda\"},\"image\":{\"@id\":\"https:\\\/\\\/jornalboasnoticias.com.br\\\/home\\\/#\\\/schema\\\/logo\\\/image\\\/\"},\"sameAs\":[\"https:\\\/\\\/www.facebook.com\\\/boasnoticiasjornal\"]},{\"@type\":\"Person\",\"@id\":\"https:\\\/\\\/jornalboasnoticias.com.br\\\/home\\\/#\\\/schema\\\/person\\\/75f9ebde398c998c166475fb446bda62\",\"name\":\"Luiz Carlos da Cruz\",\"image\":{\"@type\":\"ImageObject\",\"inLanguage\":\"pt-BR\",\"@id\":\"https:\\\/\\\/secure.gravatar.com\\\/avatar\\\/e6f4f45301b6cb8572f7b076572e8ac11c1db80e805d8c8d0858cf286ce3ac3b?s=96&d=mm&r=g\",\"url\":\"https:\\\/\\\/secure.gravatar.com\\\/avatar\\\/e6f4f45301b6cb8572f7b076572e8ac11c1db80e805d8c8d0858cf286ce3ac3b?s=96&d=mm&r=g\",\"contentUrl\":\"https:\\\/\\\/secure.gravatar.com\\\/avatar\\\/e6f4f45301b6cb8572f7b076572e8ac11c1db80e805d8c8d0858cf286ce3ac3b?s=96&d=mm&r=g\",\"caption\":\"Luiz Carlos da Cruz\"},\"url\":\"https:\\\/\\\/jornalboasnoticias.com.br\\\/home\\\/author\\\/luiz-carlos-da-cruz\\\/\"}]}<\/script>\n<!-- \/ Yoast SEO plugin. -->","yoast_head_json":{"title":"Ap\u00f3s chuvas nos \u00faltimos dias, Dia das Crian\u00e7as ter\u00e1 novas tempestades no Paran\u00e1 - Jornal","description":"Ap\u00f3s chuvas nos \u00faltimos dias, Dia das Crian\u00e7as ter\u00e1 novas tempestades no Paran\u00e1","robots":{"index":"index","follow":"follow","max-snippet":"max-snippet:-1","max-image-preview":"max-image-preview:large","max-video-preview":"max-video-preview:-1"},"canonical":"https:\/\/jornalboasnoticias.com.br\/home\/apos-chuvas-nos-ultimos-dias-dia-das-criancas-tera-novas-tempestades-no-parana\/","og_locale":"pt_BR","og_type":"article","og_title":"Ap\u00f3s chuvas nos \u00faltimos dias, Dia das Crian\u00e7as ter\u00e1 novas tempestades no Paran\u00e1 - Jornal","og_description":"Ap\u00f3s chuvas nos \u00faltimos dias, Dia das Crian\u00e7as ter\u00e1 novas tempestades no Paran\u00e1","og_url":"https:\/\/jornalboasnoticias.com.br\/home\/apos-chuvas-nos-ultimos-dias-dia-das-criancas-tera-novas-tempestades-no-parana\/","og_site_name":"Jornal","article_publisher":"https:\/\/www.facebook.com\/boasnoticiasjornal","article_published_time":"2025-10-10T13:51:51+00:00","og_image":[{"width":1000,"height":667,"url":"https:\/\/jornalboasnoticias.com.br\/home\/wp-content\/uploads\/2025\/10\/00520423-scaled-e1760104259335.jpg","type":"image\/jpeg"}],"author":"Luiz Carlos da Cruz","twitter_card":"summary_large_image","twitter_misc":{"Escrito por":"Luiz Carlos da Cruz","Est. tempo de leitura":"4 minutos"},"schema":{"@context":"https:\/\/schema.org","@graph":[{"@type":"Article","@id":"https:\/\/jornalboasnoticias.com.br\/home\/apos-chuvas-nos-ultimos-dias-dia-das-criancas-tera-novas-tempestades-no-parana\/#article","isPartOf":{"@id":"https:\/\/jornalboasnoticias.com.br\/home\/apos-chuvas-nos-ultimos-dias-dia-das-criancas-tera-novas-tempestades-no-parana\/"},"author":{"name":"Luiz Carlos da Cruz","@id":"https:\/\/jornalboasnoticias.com.br\/home\/#\/schema\/person\/75f9ebde398c998c166475fb446bda62"},"headline":"Ap\u00f3s chuvas nos \u00faltimos dias, Dia das Crian\u00e7as ter\u00e1 novas tempestades no Paran\u00e1","datePublished":"2025-10-10T13:51:51+00:00","mainEntityOfPage":{"@id":"https:\/\/jornalboasnoticias.com.br\/home\/apos-chuvas-nos-ultimos-dias-dia-das-criancas-tera-novas-tempestades-no-parana\/"},"wordCount":747,"commentCount":0,"publisher":{"@id":"https:\/\/jornalboasnoticias.com.br\/home\/#organization"},"image":{"@id":"https:\/\/jornalboasnoticias.com.br\/home\/apos-chuvas-nos-ultimos-dias-dia-das-criancas-tera-novas-tempestades-no-parana\/#primaryimage"},"thumbnailUrl":"https:\/\/jornalboasnoticias.com.br\/home\/wp-content\/uploads\/2025\/10\/00520423-scaled-e1760104259335.jpg","articleSection":["DESTAQUE","PARAN\u00c1"],"inLanguage":"pt-BR","potentialAction":[{"@type":"CommentAction","name":"Comment","target":["https:\/\/jornalboasnoticias.com.br\/home\/apos-chuvas-nos-ultimos-dias-dia-das-criancas-tera-novas-tempestades-no-parana\/#respond"]}]},{"@type":"WebPage","@id":"https:\/\/jornalboasnoticias.com.br\/home\/apos-chuvas-nos-ultimos-dias-dia-das-criancas-tera-novas-tempestades-no-parana\/","url":"https:\/\/jornalboasnoticias.com.br\/home\/apos-chuvas-nos-ultimos-dias-dia-das-criancas-tera-novas-tempestades-no-parana\/","name":"Ap\u00f3s chuvas nos \u00faltimos dias, Dia das Crian\u00e7as ter\u00e1 novas tempestades no Paran\u00e1 - Jornal","isPartOf":{"@id":"https:\/\/jornalboasnoticias.com.br\/home\/#website"},"primaryImageOfPage":{"@id":"https:\/\/jornalboasnoticias.com.br\/home\/apos-chuvas-nos-ultimos-dias-dia-das-criancas-tera-novas-tempestades-no-parana\/#primaryimage"},"image":{"@id":"https:\/\/jornalboasnoticias.com.br\/home\/apos-chuvas-nos-ultimos-dias-dia-das-criancas-tera-novas-tempestades-no-parana\/#primaryimage"},"thumbnailUrl":"https:\/\/jornalboasnoticias.com.br\/home\/wp-content\/uploads\/2025\/10\/00520423-scaled-e1760104259335.jpg","datePublished":"2025-10-10T13:51:51+00:00","description":"Ap\u00f3s chuvas nos \u00faltimos dias, Dia das Crian\u00e7as ter\u00e1 novas tempestades no Paran\u00e1","breadcrumb":{"@id":"https:\/\/jornalboasnoticias.com.br\/home\/apos-chuvas-nos-ultimos-dias-dia-das-criancas-tera-novas-tempestades-no-parana\/#breadcrumb"},"inLanguage":"pt-BR","potentialAction":[{"@type":"ReadAction","target":["https:\/\/jornalboasnoticias.com.br\/home\/apos-chuvas-nos-ultimos-dias-dia-das-criancas-tera-novas-tempestades-no-parana\/"]}]},{"@type":"ImageObject","inLanguage":"pt-BR","@id":"https:\/\/jornalboasnoticias.com.br\/home\/apos-chuvas-nos-ultimos-dias-dia-das-criancas-tera-novas-tempestades-no-parana\/#primaryimage","url":"https:\/\/jornalboasnoticias.com.br\/home\/wp-content\/uploads\/2025\/10\/00520423-scaled-e1760104259335.jpg","contentUrl":"https:\/\/jornalboasnoticias.com.br\/home\/wp-content\/uploads\/2025\/10\/00520423-scaled-e1760104259335.jpg","width":1000,"height":667,"caption":"Foto: Ricardo Maraj\u00f3\/Prefeitura de Curitiba"},{"@type":"BreadcrumbList","@id":"https:\/\/jornalboasnoticias.com.br\/home\/apos-chuvas-nos-ultimos-dias-dia-das-criancas-tera-novas-tempestades-no-parana\/#breadcrumb","itemListElement":[{"@type":"ListItem","position":1,"name":"In\u00edcio","item":"https:\/\/jornalboasnoticias.com.br\/home\/"},{"@type":"ListItem","position":2,"name":"Ap\u00f3s chuvas nos \u00faltimos dias, Dia das Crian\u00e7as ter\u00e1 novas tempestades no Paran\u00e1"}]},{"@type":"WebSite","@id":"https:\/\/jornalboasnoticias.com.br\/home\/#website","url":"https:\/\/jornalboasnoticias.com.br\/home\/","name":"Jornal Boas Not\u00edcias","description":"Boas not\u00edcias","publisher":{"@id":"https:\/\/jornalboasnoticias.com.br\/home\/#organization"},"potentialAction":[{"@type":"SearchAction","target":{"@type":"EntryPoint","urlTemplate":"https:\/\/jornalboasnoticias.com.br\/home\/?s={search_term_string}"},"query-input":{"@type":"PropertyValueSpecification","valueRequired":true,"valueName":"search_term_string"}}],"inLanguage":"pt-BR"},{"@type":"Organization","@id":"https:\/\/jornalboasnoticias.com.br\/home\/#organization","name":"Coq Editora Ltda","alternateName":"Jornal Boas Noticias","url":"https:\/\/jornalboasnoticias.com.br\/home\/","logo":{"@type":"ImageObject","inLanguage":"pt-BR","@id":"https:\/\/jornalboasnoticias.com.br\/home\/#\/schema\/logo\/image\/","url":"https:\/\/jornalboasnoticias.com.br\/home\/wp-content\/uploads\/2024\/07\/cropped-logo.jpg","contentUrl":"https:\/\/jornalboasnoticias.com.br\/home\/wp-content\/uploads\/2024\/07\/cropped-logo.jpg","width":290,"height":142,"caption":"Coq Editora Ltda"},"image":{"@id":"https:\/\/jornalboasnoticias.com.br\/home\/#\/schema\/logo\/image\/"},"sameAs":["https:\/\/www.facebook.com\/boasnoticiasjornal"]},{"@type":"Person","@id":"https:\/\/jornalboasnoticias.com.br\/home\/#\/schema\/person\/75f9ebde398c998c166475fb446bda62","name":"Luiz Carlos da Cruz","image":{"@type":"ImageObject","inLanguage":"pt-BR","@id":"https:\/\/secure.gravatar.com\/avatar\/e6f4f45301b6cb8572f7b076572e8ac11c1db80e805d8c8d0858cf286ce3ac3b?s=96&d=mm&r=g","url":"https:\/\/secure.gravatar.com\/avatar\/e6f4f45301b6cb8572f7b076572e8ac11c1db80e805d8c8d0858cf286ce3ac3b?s=96&d=mm&r=g","contentUrl":"https:\/\/secure.gravatar.com\/avatar\/e6f4f45301b6cb8572f7b076572e8ac11c1db80e805d8c8d0858cf286ce3ac3b?s=96&d=mm&r=g","caption":"Luiz Carlos da Cruz"},"url":"https:\/\/jornalboasnoticias.com.br\/home\/author\/luiz-carlos-da-cruz\/"}]}},"_links":{"self":[{"href":"https:\/\/jornalboasnoticias.com.br\/home\/wp-json\/wp\/v2\/posts\/46497","targetHints":{"allow":["GET"]}}],"collection":[{"href":"https:\/\/jornalboasnoticias.com.br\/home\/wp-json\/wp\/v2\/posts"}],"about":[{"href":"https:\/\/jornalboasnoticias.com.br\/home\/wp-json\/wp\/v2\/types\/post"}],"author":[{"embeddable":true,"href":"https:\/\/jornalboasnoticias.com.br\/home\/wp-json\/wp\/v2\/users\/3"}],"replies":[{"embeddable":true,"href":"https:\/\/jornalboasnoticias.com.br\/home\/wp-json\/wp\/v2\/comments?post=46497"}],"version-history":[{"count":1,"href":"https:\/\/jornalboasnoticias.com.br\/home\/wp-json\/wp\/v2\/posts\/46497\/revisions"}],"predecessor-version":[{"id":46499,"href":"https:\/\/jornalboasnoticias.com.br\/home\/wp-json\/wp\/v2\/posts\/46497\/revisions\/46499"}],"wp:featuredmedia":[{"embeddable":true,"href":"https:\/\/jornalboasnoticias.com.br\/home\/wp-json\/wp\/v2\/media\/46498"}],"wp:attachment":[{"href":"https:\/\/jornalboasnoticias.com.br\/home\/wp-json\/wp\/v2\/media?parent=46497"}],"wp:term":[{"taxonomy":"category","embeddable":true,"href":"https:\/\/jornalboasnoticias.com.br\/home\/wp-json\/wp\/v2\/categories?post=46497"},{"taxonomy":"post_tag","embeddable":true,"href":"https:\/\/jornalboasnoticias.com.br\/home\/wp-json\/wp\/v2\/tags?post=46497"}],"curies":[{"name":"wp","href":"https:\/\/api.w.org\/{rel}","templated":true}]}}