{"id":46493,"date":"2025-10-10T13:24:42","date_gmt":"2025-10-10T13:24:42","guid":{"rendered":"https:\/\/jornalboasnoticias.com.br\/home\/?p=46493"},"modified":"2025-10-10T13:24:42","modified_gmt":"2025-10-10T13:24:42","slug":"prefeitura-de-cascavel-promove-programacao-especial-no-zoo-e-no-ciro-nardi-para-celebrar-o-dia-das-criancas","status":"publish","type":"post","link":"https:\/\/jornalboasnoticias.com.br\/home\/prefeitura-de-cascavel-promove-programacao-especial-no-zoo-e-no-ciro-nardi-para-celebrar-o-dia-das-criancas\/","title":{"rendered":"Prefeitura de Cascavel promove programa\u00e7\u00e3o especial no Zoo e no Ciro Nardi para celebrar o Dia das Crian\u00e7as"},"content":{"rendered":"<blockquote>\n<p style=\"text-align: center;\">CiroPlay, no Complexo Esportivo Ciro Nardi, ser\u00e1 das 13h \u00e0s 18h, e atividades no Zoo ser\u00e3o das 10h \u00e0s 17h; participe!<\/p>\n<\/blockquote>\n<figure id=\"attachment_46494\" aria-describedby=\"caption-attachment-46494\" style=\"width: 1280px\" class=\"wp-caption aligncenter\"><img loading=\"lazy\" decoding=\"async\" class=\"size-full wp-image-46494\" src=\"https:\/\/jornalboasnoticias.com.br\/home\/wp-content\/uploads\/2025\/10\/WhatsApp-Image-2024-12-09-at-14_47_31-4-2.jpeg\" alt=\"\" width=\"1280\" height=\"853\" srcset=\"https:\/\/jornalboasnoticias.com.br\/home\/wp-content\/uploads\/2025\/10\/WhatsApp-Image-2024-12-09-at-14_47_31-4-2.jpeg 1280w, https:\/\/jornalboasnoticias.com.br\/home\/wp-content\/uploads\/2025\/10\/WhatsApp-Image-2024-12-09-at-14_47_31-4-2-300x200.jpeg 300w, https:\/\/jornalboasnoticias.com.br\/home\/wp-content\/uploads\/2025\/10\/WhatsApp-Image-2024-12-09-at-14_47_31-4-2-1024x682.jpeg 1024w, https:\/\/jornalboasnoticias.com.br\/home\/wp-content\/uploads\/2025\/10\/WhatsApp-Image-2024-12-09-at-14_47_31-4-2-768x512.jpeg 768w, https:\/\/jornalboasnoticias.com.br\/home\/wp-content\/uploads\/2025\/10\/WhatsApp-Image-2024-12-09-at-14_47_31-4-2-900x600.jpeg 900w\" sizes=\"auto, (max-width: 1280px) 100vw, 1280px\" \/><figcaption id=\"caption-attachment-46494\" class=\"wp-caption-text\">Divulga\u00e7\u00e3o\/Prefeitura de Cascavel<\/figcaption><\/figure>\n<p>O Dia das Crian\u00e7as est\u00e1 chegando e a Prefeitura de Cascavel preparou uma programa\u00e7\u00e3o especial e gratuita para garantir a alegria dos pequenos. As comemora\u00e7\u00f5es ser\u00e3o centralizadas neste s\u00e1bado (11), devido \u00e0 previs\u00e3o de chuva para domingo (12). Os cascavelenses poder\u00e3o aproveitar em fam\u00edlia o CiroPlay, no Complexo Esportivo Ciro Nardi, e atividades no Zool\u00f3gico Municipal.<\/p>\n<p>Das 13h \u00e0s 18h, o CiroPlay vai transformar o Ciro Nardi em um grande espa\u00e7o de lazer e brincadeiras. A a\u00e7\u00e3o, promovida pela Secretaria de Esporte e Lazer, contar\u00e1 com brinquedos infl\u00e1veis, cama el\u00e1stica, m\u00fasica, pipoca e uma s\u00e9rie de atividades esportivas, como futsal, v\u00f4lei e basquete nas quadras externas do complexo. Tudo ser\u00e1 acompanhado pelos orientadores esportivos da Semel, garantindo seguran\u00e7a e muita anima\u00e7\u00e3o.<\/p>\n<p>O evento \u00e9 gratuito e aberto a toda a comunidade. Para participar, basta comparecer ao local. As crian\u00e7as devem estar acompanhadas de um respons\u00e1vel durante toda a perman\u00eancia no espa\u00e7o.<\/p>\n<h2>ZOO<\/h2>\n<p>J\u00e1 no Zool\u00f3gico de Cascavel, a festa ser\u00e1 das 10h \u00e0s 17h, com entrada gratuita mediante cadastro online no site\u00a0<a href=\"https:\/\/doity.com.br\/zoocascavel\">https:\/\/doity.com.br\/zoocascavel<\/a>. Al\u00e9m do tradicional passeio em meio \u00e0 natureza e da observa\u00e7\u00e3o dos mais de 350 animais de 72 esp\u00e9cies, o p\u00fablico poder\u00e1 se divertir com brinquedos infl\u00e1veis, pintura facial e outras brincadeiras no estacionamento do Zoo.<\/p>\n<p>Com 46 anos de hist\u00f3ria, o Zool\u00f3gico Municipal \u00e9 um dos principais espa\u00e7os de lazer da cidade, unindo educa\u00e7\u00e3o ambiental e conserva\u00e7\u00e3o da fauna.<\/p>\n<p><em>Al\u00e9m da programa\u00e7\u00e3o especial do fim de semana, Cascavel conta com diversas pra\u00e7as e parquinhos espalhados pelos bairros, que oferecem espa\u00e7os de conviv\u00eancia e lazer para as fam\u00edlias aproveitarem bons momentos juntos ao ar livre.<\/em><\/p>\n<p><em>Prefeitura de Cascavel<\/em><\/p>\n","protected":false},"excerpt":{"rendered":"<p>CiroPlay, no Complexo Esportivo Ciro Nardi, ser\u00e1 das 13h \u00e0s 18h, e atividades no Zoo<\/p>\n","protected":false},"author":3,"featured_media":46494,"comment_status":"open","ping_status":"open","sticky":false,"template":"","format":"standard","meta":{"footnotes":""},"categories":[2,3],"tags":[],"class_list":["post-46493","post","type-post","status-publish","format-standard","has-post-thumbnail","hentry","category-cascavel","category-destaques"],"yoast_head":"<!-- This site is optimized with the Yoast SEO plugin v27.5 - https:\/\/yoast.com\/product\/yoast-seo-wordpress\/ -->\n<title>Prefeitura de Cascavel promove programa\u00e7\u00e3o especial no Zoo e no Ciro Nardi para celebrar o Dia das Crian\u00e7as - Jornal<\/title>\n<meta name=\"description\" content=\"Prefeitura de Cascavel promove programa\u00e7\u00e3o especial no Zoo e no Ciro Nardi para celebrar o Dia das Crian\u00e7as\" \/>\n<meta name=\"robots\" content=\"index, follow, max-snippet:-1, max-image-preview:large, max-video-preview:-1\" \/>\n<link rel=\"canonical\" href=\"https:\/\/jornalboasnoticias.com.br\/home\/prefeitura-de-cascavel-promove-programacao-especial-no-zoo-e-no-ciro-nardi-para-celebrar-o-dia-das-criancas\/\" \/>\n<meta property=\"og:locale\" content=\"pt_BR\" \/>\n<meta property=\"og:type\" content=\"article\" \/>\n<meta property=\"og:title\" content=\"Prefeitura de Cascavel promove programa\u00e7\u00e3o especial no Zoo e no Ciro Nardi para celebrar o Dia das Crian\u00e7as - Jornal\" \/>\n<meta property=\"og:description\" content=\"Prefeitura de Cascavel promove programa\u00e7\u00e3o especial no Zoo e no Ciro Nardi para celebrar o Dia das Crian\u00e7as\" \/>\n<meta property=\"og:url\" content=\"https:\/\/jornalboasnoticias.com.br\/home\/prefeitura-de-cascavel-promove-programacao-especial-no-zoo-e-no-ciro-nardi-para-celebrar-o-dia-das-criancas\/\" \/>\n<meta property=\"og:site_name\" content=\"Jornal\" \/>\n<meta property=\"article:publisher\" content=\"https:\/\/www.facebook.com\/boasnoticiasjornal\" \/>\n<meta property=\"article:published_time\" content=\"2025-10-10T13:24:42+00:00\" \/>\n<meta property=\"og:image\" content=\"https:\/\/jornalboasnoticias.com.br\/home\/wp-content\/uploads\/2025\/10\/WhatsApp-Image-2024-12-09-at-14_47_31-4-2.jpeg\" \/>\n\t<meta property=\"og:image:width\" content=\"1280\" \/>\n\t<meta property=\"og:image:height\" content=\"853\" \/>\n\t<meta property=\"og:image:type\" content=\"image\/jpeg\" \/>\n<meta name=\"author\" content=\"Luiz Carlos da Cruz\" \/>\n<meta name=\"twitter:card\" content=\"summary_large_image\" \/>\n<meta name=\"twitter:label1\" content=\"Escrito por\" \/>\n\t<meta name=\"twitter:data1\" content=\"Luiz Carlos da Cruz\" \/>\n\t<meta name=\"twitter:label2\" content=\"Est. tempo de leitura\" \/>\n\t<meta name=\"twitter:data2\" content=\"2 minutos\" \/>\n<script type=\"application\/ld+json\" class=\"yoast-schema-graph\">{\"@context\":\"https:\\\/\\\/schema.org\",\"@graph\":[{\"@type\":\"Article\",\"@id\":\"https:\\\/\\\/jornalboasnoticias.com.br\\\/home\\\/prefeitura-de-cascavel-promove-programacao-especial-no-zoo-e-no-ciro-nardi-para-celebrar-o-dia-das-criancas\\\/#article\",\"isPartOf\":{\"@id\":\"https:\\\/\\\/jornalboasnoticias.com.br\\\/home\\\/prefeitura-de-cascavel-promove-programacao-especial-no-zoo-e-no-ciro-nardi-para-celebrar-o-dia-das-criancas\\\/\"},\"author\":{\"name\":\"Luiz Carlos da Cruz\",\"@id\":\"https:\\\/\\\/jornalboasnoticias.com.br\\\/home\\\/#\\\/schema\\\/person\\\/75f9ebde398c998c166475fb446bda62\"},\"headline\":\"Prefeitura de Cascavel promove programa\u00e7\u00e3o especial no Zoo e no Ciro Nardi para celebrar o Dia das Crian\u00e7as\",\"datePublished\":\"2025-10-10T13:24:42+00:00\",\"mainEntityOfPage\":{\"@id\":\"https:\\\/\\\/jornalboasnoticias.com.br\\\/home\\\/prefeitura-de-cascavel-promove-programacao-especial-no-zoo-e-no-ciro-nardi-para-celebrar-o-dia-das-criancas\\\/\"},\"wordCount\":359,\"commentCount\":0,\"publisher\":{\"@id\":\"https:\\\/\\\/jornalboasnoticias.com.br\\\/home\\\/#organization\"},\"image\":{\"@id\":\"https:\\\/\\\/jornalboasnoticias.com.br\\\/home\\\/prefeitura-de-cascavel-promove-programacao-especial-no-zoo-e-no-ciro-nardi-para-celebrar-o-dia-das-criancas\\\/#primaryimage\"},\"thumbnailUrl\":\"https:\\\/\\\/jornalboasnoticias.com.br\\\/home\\\/wp-content\\\/uploads\\\/2025\\\/10\\\/WhatsApp-Image-2024-12-09-at-14_47_31-4-2.jpeg\",\"articleSection\":[\"CASCAVEL\",\"DESTAQUE\"],\"inLanguage\":\"pt-BR\",\"potentialAction\":[{\"@type\":\"CommentAction\",\"name\":\"Comment\",\"target\":[\"https:\\\/\\\/jornalboasnoticias.com.br\\\/home\\\/prefeitura-de-cascavel-promove-programacao-especial-no-zoo-e-no-ciro-nardi-para-celebrar-o-dia-das-criancas\\\/#respond\"]}]},{\"@type\":\"WebPage\",\"@id\":\"https:\\\/\\\/jornalboasnoticias.com.br\\\/home\\\/prefeitura-de-cascavel-promove-programacao-especial-no-zoo-e-no-ciro-nardi-para-celebrar-o-dia-das-criancas\\\/\",\"url\":\"https:\\\/\\\/jornalboasnoticias.com.br\\\/home\\\/prefeitura-de-cascavel-promove-programacao-especial-no-zoo-e-no-ciro-nardi-para-celebrar-o-dia-das-criancas\\\/\",\"name\":\"Prefeitura de Cascavel promove programa\u00e7\u00e3o especial no Zoo e no Ciro Nardi para celebrar o Dia das Crian\u00e7as - Jornal\",\"isPartOf\":{\"@id\":\"https:\\\/\\\/jornalboasnoticias.com.br\\\/home\\\/#website\"},\"primaryImageOfPage\":{\"@id\":\"https:\\\/\\\/jornalboasnoticias.com.br\\\/home\\\/prefeitura-de-cascavel-promove-programacao-especial-no-zoo-e-no-ciro-nardi-para-celebrar-o-dia-das-criancas\\\/#primaryimage\"},\"image\":{\"@id\":\"https:\\\/\\\/jornalboasnoticias.com.br\\\/home\\\/prefeitura-de-cascavel-promove-programacao-especial-no-zoo-e-no-ciro-nardi-para-celebrar-o-dia-das-criancas\\\/#primaryimage\"},\"thumbnailUrl\":\"https:\\\/\\\/jornalboasnoticias.com.br\\\/home\\\/wp-content\\\/uploads\\\/2025\\\/10\\\/WhatsApp-Image-2024-12-09-at-14_47_31-4-2.jpeg\",\"datePublished\":\"2025-10-10T13:24:42+00:00\",\"description\":\"Prefeitura de Cascavel promove programa\u00e7\u00e3o especial no Zoo e no Ciro Nardi para celebrar o Dia das Crian\u00e7as\",\"breadcrumb\":{\"@id\":\"https:\\\/\\\/jornalboasnoticias.com.br\\\/home\\\/prefeitura-de-cascavel-promove-programacao-especial-no-zoo-e-no-ciro-nardi-para-celebrar-o-dia-das-criancas\\\/#breadcrumb\"},\"inLanguage\":\"pt-BR\",\"potentialAction\":[{\"@type\":\"ReadAction\",\"target\":[\"https:\\\/\\\/jornalboasnoticias.com.br\\\/home\\\/prefeitura-de-cascavel-promove-programacao-especial-no-zoo-e-no-ciro-nardi-para-celebrar-o-dia-das-criancas\\\/\"]}]},{\"@type\":\"ImageObject\",\"inLanguage\":\"pt-BR\",\"@id\":\"https:\\\/\\\/jornalboasnoticias.com.br\\\/home\\\/prefeitura-de-cascavel-promove-programacao-especial-no-zoo-e-no-ciro-nardi-para-celebrar-o-dia-das-criancas\\\/#primaryimage\",\"url\":\"https:\\\/\\\/jornalboasnoticias.com.br\\\/home\\\/wp-content\\\/uploads\\\/2025\\\/10\\\/WhatsApp-Image-2024-12-09-at-14_47_31-4-2.jpeg\",\"contentUrl\":\"https:\\\/\\\/jornalboasnoticias.com.br\\\/home\\\/wp-content\\\/uploads\\\/2025\\\/10\\\/WhatsApp-Image-2024-12-09-at-14_47_31-4-2.jpeg\",\"width\":1280,\"height\":853,\"caption\":\"Divulga\u00e7\u00e3o\\\/Prefeitura de Cascavel\"},{\"@type\":\"BreadcrumbList\",\"@id\":\"https:\\\/\\\/jornalboasnoticias.com.br\\\/home\\\/prefeitura-de-cascavel-promove-programacao-especial-no-zoo-e-no-ciro-nardi-para-celebrar-o-dia-das-criancas\\\/#breadcrumb\",\"itemListElement\":[{\"@type\":\"ListItem\",\"position\":1,\"name\":\"In\u00edcio\",\"item\":\"https:\\\/\\\/jornalboasnoticias.com.br\\\/home\\\/\"},{\"@type\":\"ListItem\",\"position\":2,\"name\":\"Prefeitura de Cascavel promove programa\u00e7\u00e3o especial no Zoo e no Ciro Nardi para celebrar o Dia das Crian\u00e7as\"}]},{\"@type\":\"WebSite\",\"@id\":\"https:\\\/\\\/jornalboasnoticias.com.br\\\/home\\\/#website\",\"url\":\"https:\\\/\\\/jornalboasnoticias.com.br\\\/home\\\/\",\"name\":\"Jornal Boas Not\u00edcias\",\"description\":\"Boas not\u00edcias\",\"publisher\":{\"@id\":\"https:\\\/\\\/jornalboasnoticias.com.br\\\/home\\\/#organization\"},\"potentialAction\":[{\"@type\":\"SearchAction\",\"target\":{\"@type\":\"EntryPoint\",\"urlTemplate\":\"https:\\\/\\\/jornalboasnoticias.com.br\\\/home\\\/?s={search_term_string}\"},\"query-input\":{\"@type\":\"PropertyValueSpecification\",\"valueRequired\":true,\"valueName\":\"search_term_string\"}}],\"inLanguage\":\"pt-BR\"},{\"@type\":\"Organization\",\"@id\":\"https:\\\/\\\/jornalboasnoticias.com.br\\\/home\\\/#organization\",\"name\":\"Coq Editora Ltda\",\"alternateName\":\"Jornal Boas Noticias\",\"url\":\"https:\\\/\\\/jornalboasnoticias.com.br\\\/home\\\/\",\"logo\":{\"@type\":\"ImageObject\",\"inLanguage\":\"pt-BR\",\"@id\":\"https:\\\/\\\/jornalboasnoticias.com.br\\\/home\\\/#\\\/schema\\\/logo\\\/image\\\/\",\"url\":\"https:\\\/\\\/jornalboasnoticias.com.br\\\/home\\\/wp-content\\\/uploads\\\/2024\\\/07\\\/cropped-logo.jpg\",\"contentUrl\":\"https:\\\/\\\/jornalboasnoticias.com.br\\\/home\\\/wp-content\\\/uploads\\\/2024\\\/07\\\/cropped-logo.jpg\",\"width\":290,\"height\":142,\"caption\":\"Coq Editora Ltda\"},\"image\":{\"@id\":\"https:\\\/\\\/jornalboasnoticias.com.br\\\/home\\\/#\\\/schema\\\/logo\\\/image\\\/\"},\"sameAs\":[\"https:\\\/\\\/www.facebook.com\\\/boasnoticiasjornal\"]},{\"@type\":\"Person\",\"@id\":\"https:\\\/\\\/jornalboasnoticias.com.br\\\/home\\\/#\\\/schema\\\/person\\\/75f9ebde398c998c166475fb446bda62\",\"name\":\"Luiz Carlos da Cruz\",\"image\":{\"@type\":\"ImageObject\",\"inLanguage\":\"pt-BR\",\"@id\":\"https:\\\/\\\/secure.gravatar.com\\\/avatar\\\/e6f4f45301b6cb8572f7b076572e8ac11c1db80e805d8c8d0858cf286ce3ac3b?s=96&d=mm&r=g\",\"url\":\"https:\\\/\\\/secure.gravatar.com\\\/avatar\\\/e6f4f45301b6cb8572f7b076572e8ac11c1db80e805d8c8d0858cf286ce3ac3b?s=96&d=mm&r=g\",\"contentUrl\":\"https:\\\/\\\/secure.gravatar.com\\\/avatar\\\/e6f4f45301b6cb8572f7b076572e8ac11c1db80e805d8c8d0858cf286ce3ac3b?s=96&d=mm&r=g\",\"caption\":\"Luiz Carlos da Cruz\"},\"url\":\"https:\\\/\\\/jornalboasnoticias.com.br\\\/home\\\/author\\\/luiz-carlos-da-cruz\\\/\"}]}<\/script>\n<!-- \/ Yoast SEO plugin. -->","yoast_head_json":{"title":"Prefeitura de Cascavel promove programa\u00e7\u00e3o especial no Zoo e no Ciro Nardi para celebrar o Dia das Crian\u00e7as - Jornal","description":"Prefeitura de Cascavel promove programa\u00e7\u00e3o especial no Zoo e no Ciro Nardi para celebrar o Dia das Crian\u00e7as","robots":{"index":"index","follow":"follow","max-snippet":"max-snippet:-1","max-image-preview":"max-image-preview:large","max-video-preview":"max-video-preview:-1"},"canonical":"https:\/\/jornalboasnoticias.com.br\/home\/prefeitura-de-cascavel-promove-programacao-especial-no-zoo-e-no-ciro-nardi-para-celebrar-o-dia-das-criancas\/","og_locale":"pt_BR","og_type":"article","og_title":"Prefeitura de Cascavel promove programa\u00e7\u00e3o especial no Zoo e no Ciro Nardi para celebrar o Dia das Crian\u00e7as - Jornal","og_description":"Prefeitura de Cascavel promove programa\u00e7\u00e3o especial no Zoo e no Ciro Nardi para celebrar o Dia das Crian\u00e7as","og_url":"https:\/\/jornalboasnoticias.com.br\/home\/prefeitura-de-cascavel-promove-programacao-especial-no-zoo-e-no-ciro-nardi-para-celebrar-o-dia-das-criancas\/","og_site_name":"Jornal","article_publisher":"https:\/\/www.facebook.com\/boasnoticiasjornal","article_published_time":"2025-10-10T13:24:42+00:00","og_image":[{"width":1280,"height":853,"url":"https:\/\/jornalboasnoticias.com.br\/home\/wp-content\/uploads\/2025\/10\/WhatsApp-Image-2024-12-09-at-14_47_31-4-2.jpeg","type":"image\/jpeg"}],"author":"Luiz Carlos da Cruz","twitter_card":"summary_large_image","twitter_misc":{"Escrito por":"Luiz Carlos da Cruz","Est. tempo de leitura":"2 minutos"},"schema":{"@context":"https:\/\/schema.org","@graph":[{"@type":"Article","@id":"https:\/\/jornalboasnoticias.com.br\/home\/prefeitura-de-cascavel-promove-programacao-especial-no-zoo-e-no-ciro-nardi-para-celebrar-o-dia-das-criancas\/#article","isPartOf":{"@id":"https:\/\/jornalboasnoticias.com.br\/home\/prefeitura-de-cascavel-promove-programacao-especial-no-zoo-e-no-ciro-nardi-para-celebrar-o-dia-das-criancas\/"},"author":{"name":"Luiz Carlos da Cruz","@id":"https:\/\/jornalboasnoticias.com.br\/home\/#\/schema\/person\/75f9ebde398c998c166475fb446bda62"},"headline":"Prefeitura de Cascavel promove programa\u00e7\u00e3o especial no Zoo e no Ciro Nardi para celebrar o Dia das Crian\u00e7as","datePublished":"2025-10-10T13:24:42+00:00","mainEntityOfPage":{"@id":"https:\/\/jornalboasnoticias.com.br\/home\/prefeitura-de-cascavel-promove-programacao-especial-no-zoo-e-no-ciro-nardi-para-celebrar-o-dia-das-criancas\/"},"wordCount":359,"commentCount":0,"publisher":{"@id":"https:\/\/jornalboasnoticias.com.br\/home\/#organization"},"image":{"@id":"https:\/\/jornalboasnoticias.com.br\/home\/prefeitura-de-cascavel-promove-programacao-especial-no-zoo-e-no-ciro-nardi-para-celebrar-o-dia-das-criancas\/#primaryimage"},"thumbnailUrl":"https:\/\/jornalboasnoticias.com.br\/home\/wp-content\/uploads\/2025\/10\/WhatsApp-Image-2024-12-09-at-14_47_31-4-2.jpeg","articleSection":["CASCAVEL","DESTAQUE"],"inLanguage":"pt-BR","potentialAction":[{"@type":"CommentAction","name":"Comment","target":["https:\/\/jornalboasnoticias.com.br\/home\/prefeitura-de-cascavel-promove-programacao-especial-no-zoo-e-no-ciro-nardi-para-celebrar-o-dia-das-criancas\/#respond"]}]},{"@type":"WebPage","@id":"https:\/\/jornalboasnoticias.com.br\/home\/prefeitura-de-cascavel-promove-programacao-especial-no-zoo-e-no-ciro-nardi-para-celebrar-o-dia-das-criancas\/","url":"https:\/\/jornalboasnoticias.com.br\/home\/prefeitura-de-cascavel-promove-programacao-especial-no-zoo-e-no-ciro-nardi-para-celebrar-o-dia-das-criancas\/","name":"Prefeitura de Cascavel promove programa\u00e7\u00e3o especial no Zoo e no Ciro Nardi para celebrar o Dia das Crian\u00e7as - Jornal","isPartOf":{"@id":"https:\/\/jornalboasnoticias.com.br\/home\/#website"},"primaryImageOfPage":{"@id":"https:\/\/jornalboasnoticias.com.br\/home\/prefeitura-de-cascavel-promove-programacao-especial-no-zoo-e-no-ciro-nardi-para-celebrar-o-dia-das-criancas\/#primaryimage"},"image":{"@id":"https:\/\/jornalboasnoticias.com.br\/home\/prefeitura-de-cascavel-promove-programacao-especial-no-zoo-e-no-ciro-nardi-para-celebrar-o-dia-das-criancas\/#primaryimage"},"thumbnailUrl":"https:\/\/jornalboasnoticias.com.br\/home\/wp-content\/uploads\/2025\/10\/WhatsApp-Image-2024-12-09-at-14_47_31-4-2.jpeg","datePublished":"2025-10-10T13:24:42+00:00","description":"Prefeitura de Cascavel promove programa\u00e7\u00e3o especial no Zoo e no Ciro Nardi para celebrar o Dia das Crian\u00e7as","breadcrumb":{"@id":"https:\/\/jornalboasnoticias.com.br\/home\/prefeitura-de-cascavel-promove-programacao-especial-no-zoo-e-no-ciro-nardi-para-celebrar-o-dia-das-criancas\/#breadcrumb"},"inLanguage":"pt-BR","potentialAction":[{"@type":"ReadAction","target":["https:\/\/jornalboasnoticias.com.br\/home\/prefeitura-de-cascavel-promove-programacao-especial-no-zoo-e-no-ciro-nardi-para-celebrar-o-dia-das-criancas\/"]}]},{"@type":"ImageObject","inLanguage":"pt-BR","@id":"https:\/\/jornalboasnoticias.com.br\/home\/prefeitura-de-cascavel-promove-programacao-especial-no-zoo-e-no-ciro-nardi-para-celebrar-o-dia-das-criancas\/#primaryimage","url":"https:\/\/jornalboasnoticias.com.br\/home\/wp-content\/uploads\/2025\/10\/WhatsApp-Image-2024-12-09-at-14_47_31-4-2.jpeg","contentUrl":"https:\/\/jornalboasnoticias.com.br\/home\/wp-content\/uploads\/2025\/10\/WhatsApp-Image-2024-12-09-at-14_47_31-4-2.jpeg","width":1280,"height":853,"caption":"Divulga\u00e7\u00e3o\/Prefeitura de Cascavel"},{"@type":"BreadcrumbList","@id":"https:\/\/jornalboasnoticias.com.br\/home\/prefeitura-de-cascavel-promove-programacao-especial-no-zoo-e-no-ciro-nardi-para-celebrar-o-dia-das-criancas\/#breadcrumb","itemListElement":[{"@type":"ListItem","position":1,"name":"In\u00edcio","item":"https:\/\/jornalboasnoticias.com.br\/home\/"},{"@type":"ListItem","position":2,"name":"Prefeitura de Cascavel promove programa\u00e7\u00e3o especial no Zoo e no Ciro Nardi para celebrar o Dia das Crian\u00e7as"}]},{"@type":"WebSite","@id":"https:\/\/jornalboasnoticias.com.br\/home\/#website","url":"https:\/\/jornalboasnoticias.com.br\/home\/","name":"Jornal Boas Not\u00edcias","description":"Boas not\u00edcias","publisher":{"@id":"https:\/\/jornalboasnoticias.com.br\/home\/#organization"},"potentialAction":[{"@type":"SearchAction","target":{"@type":"EntryPoint","urlTemplate":"https:\/\/jornalboasnoticias.com.br\/home\/?s={search_term_string}"},"query-input":{"@type":"PropertyValueSpecification","valueRequired":true,"valueName":"search_term_string"}}],"inLanguage":"pt-BR"},{"@type":"Organization","@id":"https:\/\/jornalboasnoticias.com.br\/home\/#organization","name":"Coq Editora Ltda","alternateName":"Jornal Boas Noticias","url":"https:\/\/jornalboasnoticias.com.br\/home\/","logo":{"@type":"ImageObject","inLanguage":"pt-BR","@id":"https:\/\/jornalboasnoticias.com.br\/home\/#\/schema\/logo\/image\/","url":"https:\/\/jornalboasnoticias.com.br\/home\/wp-content\/uploads\/2024\/07\/cropped-logo.jpg","contentUrl":"https:\/\/jornalboasnoticias.com.br\/home\/wp-content\/uploads\/2024\/07\/cropped-logo.jpg","width":290,"height":142,"caption":"Coq Editora Ltda"},"image":{"@id":"https:\/\/jornalboasnoticias.com.br\/home\/#\/schema\/logo\/image\/"},"sameAs":["https:\/\/www.facebook.com\/boasnoticiasjornal"]},{"@type":"Person","@id":"https:\/\/jornalboasnoticias.com.br\/home\/#\/schema\/person\/75f9ebde398c998c166475fb446bda62","name":"Luiz Carlos da Cruz","image":{"@type":"ImageObject","inLanguage":"pt-BR","@id":"https:\/\/secure.gravatar.com\/avatar\/e6f4f45301b6cb8572f7b076572e8ac11c1db80e805d8c8d0858cf286ce3ac3b?s=96&d=mm&r=g","url":"https:\/\/secure.gravatar.com\/avatar\/e6f4f45301b6cb8572f7b076572e8ac11c1db80e805d8c8d0858cf286ce3ac3b?s=96&d=mm&r=g","contentUrl":"https:\/\/secure.gravatar.com\/avatar\/e6f4f45301b6cb8572f7b076572e8ac11c1db80e805d8c8d0858cf286ce3ac3b?s=96&d=mm&r=g","caption":"Luiz Carlos da Cruz"},"url":"https:\/\/jornalboasnoticias.com.br\/home\/author\/luiz-carlos-da-cruz\/"}]}},"_links":{"self":[{"href":"https:\/\/jornalboasnoticias.com.br\/home\/wp-json\/wp\/v2\/posts\/46493","targetHints":{"allow":["GET"]}}],"collection":[{"href":"https:\/\/jornalboasnoticias.com.br\/home\/wp-json\/wp\/v2\/posts"}],"about":[{"href":"https:\/\/jornalboasnoticias.com.br\/home\/wp-json\/wp\/v2\/types\/post"}],"author":[{"embeddable":true,"href":"https:\/\/jornalboasnoticias.com.br\/home\/wp-json\/wp\/v2\/users\/3"}],"replies":[{"embeddable":true,"href":"https:\/\/jornalboasnoticias.com.br\/home\/wp-json\/wp\/v2\/comments?post=46493"}],"version-history":[{"count":1,"href":"https:\/\/jornalboasnoticias.com.br\/home\/wp-json\/wp\/v2\/posts\/46493\/revisions"}],"predecessor-version":[{"id":46495,"href":"https:\/\/jornalboasnoticias.com.br\/home\/wp-json\/wp\/v2\/posts\/46493\/revisions\/46495"}],"wp:featuredmedia":[{"embeddable":true,"href":"https:\/\/jornalboasnoticias.com.br\/home\/wp-json\/wp\/v2\/media\/46494"}],"wp:attachment":[{"href":"https:\/\/jornalboasnoticias.com.br\/home\/wp-json\/wp\/v2\/media?parent=46493"}],"wp:term":[{"taxonomy":"category","embeddable":true,"href":"https:\/\/jornalboasnoticias.com.br\/home\/wp-json\/wp\/v2\/categories?post=46493"},{"taxonomy":"post_tag","embeddable":true,"href":"https:\/\/jornalboasnoticias.com.br\/home\/wp-json\/wp\/v2\/tags?post=46493"}],"curies":[{"name":"wp","href":"https:\/\/api.w.org\/{rel}","templated":true}]}}