{"id":46490,"date":"2025-10-06T19:38:02","date_gmt":"2025-10-06T19:38:02","guid":{"rendered":"https:\/\/jornalboasnoticias.com.br\/home\/?p=46490"},"modified":"2025-10-06T19:38:02","modified_gmt":"2025-10-06T19:38:02","slug":"amistosos-ancelotti-comanda-1o-treino-da-selecao-na-coreia-do-sul","status":"publish","type":"post","link":"https:\/\/jornalboasnoticias.com.br\/home\/amistosos-ancelotti-comanda-1o-treino-da-selecao-na-coreia-do-sul\/","title":{"rendered":"Amistosos: Ancelotti comanda 1\u00ba treino da sele\u00e7\u00e3o na Coreia do Sul"},"content":{"rendered":"<blockquote>\n<p style=\"text-align: center;\">Brasil encara pa\u00eds anfitri\u00e3o na pr\u00f3xima sexta e Jap\u00e3o 4 dias depois<\/p>\n<\/blockquote>\n<figure id=\"attachment_67177\" aria-describedby=\"caption-attachment-67177\" style=\"width: 1000px\" class=\"wp-caption aligncenter\"><img loading=\"lazy\" decoding=\"async\" class=\"wp-image-67177 size-full\" src=\"https:\/\/portalcantagalo.com.br\/wp-content\/uploads\/2025\/10\/treino_1_selecao_bras_masc_coreia_do_sul-e1759779380652.webp\" alt=\"\" width=\"1000\" height=\"598\" \/><figcaption id=\"caption-attachment-67177\" class=\"wp-caption-text\">\u00a9 Rafael Ribeiro\/CBF<\/figcaption><\/figure>\n<p>O t\u00e9cnico italiano Carlo Ancelotti comandou nesta segunda-feira (6) em Goyang (Coreia do Sul) o primeiro treino da sele\u00e7\u00e3o brasileira, antes do amistoso da pr\u00f3xima sexta (10) contra a Coreia do Sul, e contra o Jap\u00e3o quatro dias depois. A atividade ocorreu sob chuva fina, com os 10 primeiros jogadores a se apresentarem \u00e0 delega\u00e7\u00e3o na noite do domingo (5): Bento, Matheus Cunha, Rodrygo, Vinicius Jr., Fabr\u00edcio Bruno, Luiz Henrique, Carlos Augusto, Casemiro, Milit\u00e3o e Douglas Santos.<img decoding=\"async\" src=\"https:\/\/agenciabrasil.ebc.com.br\/ebc.png?id=1661558&amp;o=node\" \/><img decoding=\"async\" src=\"https:\/\/agenciabrasil.ebc.com.br\/ebc.gif?id=1661558&amp;o=node\" \/><\/p>\n<p>Ao longo desta segunda (6), outros seis convocados se juntaram \u00e0 equipe \u2013 Richarlison, Lucas Paquet\u00e1, Gabriel Martinelli, Hugo Souza e Gabriel Magalhaes \u2013 e devem participar do treino de ter\u00e7a (7), quando est\u00e1 prevista a chegada de outros nove jogadores. Convocado de \u00faltima hora, o lateral-direito Paulo Henrique (Vasco) se apresentar\u00e1 na quarta (8). Ele substituir\u00e1 Wesley (Roma), desconvocado ap\u00f3s les\u00e3o em duelo do Campeonato Italiano.<\/p>\n<p>Outra novidade na lista de Ancelotti \u00e9 o goleiro John, ex-Botafogo e atualmente no Nottingham Forest. Ele entrar\u00e1 no lugar de Ederson (Fenerbah\u00e7e), tamb\u00e9m cortado da amarelinha ap\u00f3s se machucar durante treino do time turco.<\/p>\n<p>Com a desconvoca\u00e7\u00e3o de Ederson, o goleiro Bento (Al-Nassr), de 26 anos, tornou-se o mais experiente dos tr\u00eas arqueiros \u00e0 disposi\u00e7\u00e3o de Ancelotti. Nos \u00faltimos dois anos, Bento foi convocado 24 vezes, contra sete de Hugo Souza (Corinthians) e apenas uma de John \u2013 os dois \u00faltimos ainda n\u00e3o estrearam em campo com o escrete canarinho.<\/p>\n<p>Nascido em Curitiba, Bento figurou em todas as convoca\u00e7\u00f5es de Ancelotti, que assumiu o comando a amarelinha em junho.<\/p>\n<blockquote><p>\u201c\u00c9 importante para mim, estou feliz de poder mostrar o meu trabalho na sele\u00e7\u00e3o, acho que est\u00e1 sendo bem feito. Vou aproveitar ao m\u00e1ximo os treinamentos aqui e dar o meu melhor para seguir sendo convocado. Tenho o sonho de jogar uma Copa do Mundo e estar aqui \u00e9 a realiza\u00e7\u00e3o de um sonho\u201d, disse o curitibano em entrevista nesta segunda (6) antes do treino.<\/p><\/blockquote>\n<h2>Amistosos<\/h2>\n<p>Brasil x Coreia do Sul \u2013 10 de outubro \u2013 8h (hor\u00e1rio de Bras\u00edlia)<\/p>\n<p>Brasil x Jap\u00e3o \u2013 14 de outubro \u2013 7h30<\/p>\n<p><em>Ag\u00eancia Brasil<\/em><\/p>\n","protected":false},"excerpt":{"rendered":"<p>Brasil encara pa\u00eds anfitri\u00e3o na pr\u00f3xima sexta e Jap\u00e3o 4 dias depois O t\u00e9cnico italiano<\/p>\n","protected":false},"author":3,"featured_media":46491,"comment_status":"open","ping_status":"open","sticky":false,"template":"","format":"standard","meta":{"footnotes":""},"categories":[3,31],"tags":[],"class_list":["post-46490","post","type-post","status-publish","format-standard","has-post-thumbnail","hentry","category-destaques","category-esporte"],"yoast_head":"<!-- This site is optimized with the Yoast SEO plugin v27.5 - https:\/\/yoast.com\/product\/yoast-seo-wordpress\/ -->\n<title>Amistosos: Ancelotti comanda 1\u00ba treino da sele\u00e7\u00e3o na Coreia do Sul - Jornal<\/title>\n<meta name=\"description\" content=\"Amistosos: Ancelotti comanda 1\u00ba treino da sele\u00e7\u00e3o na Coreia do Sul\" \/>\n<meta name=\"robots\" content=\"index, follow, max-snippet:-1, max-image-preview:large, max-video-preview:-1\" \/>\n<link rel=\"canonical\" href=\"https:\/\/jornalboasnoticias.com.br\/home\/amistosos-ancelotti-comanda-1o-treino-da-selecao-na-coreia-do-sul\/\" \/>\n<meta property=\"og:locale\" content=\"pt_BR\" \/>\n<meta property=\"og:type\" content=\"article\" \/>\n<meta property=\"og:title\" content=\"Amistosos: Ancelotti comanda 1\u00ba treino da sele\u00e7\u00e3o na Coreia do Sul - Jornal\" \/>\n<meta property=\"og:description\" content=\"Amistosos: Ancelotti comanda 1\u00ba treino da sele\u00e7\u00e3o na Coreia do Sul\" \/>\n<meta property=\"og:url\" content=\"https:\/\/jornalboasnoticias.com.br\/home\/amistosos-ancelotti-comanda-1o-treino-da-selecao-na-coreia-do-sul\/\" \/>\n<meta property=\"og:site_name\" content=\"Jornal\" \/>\n<meta property=\"article:publisher\" content=\"https:\/\/www.facebook.com\/boasnoticiasjornal\" \/>\n<meta property=\"article:published_time\" content=\"2025-10-06T19:38:02+00:00\" \/>\n<meta property=\"og:image\" content=\"https:\/\/jornalboasnoticias.com.br\/home\/wp-content\/uploads\/2025\/10\/treino_1_selecao_bras_masc_coreia_do_sul-e1759779450948.webp\" \/>\n\t<meta property=\"og:image:width\" content=\"1000\" \/>\n\t<meta property=\"og:image:height\" content=\"598\" \/>\n\t<meta property=\"og:image:type\" content=\"image\/webp\" \/>\n<meta name=\"author\" content=\"Luiz Carlos da Cruz\" \/>\n<meta name=\"twitter:card\" content=\"summary_large_image\" \/>\n<meta name=\"twitter:label1\" content=\"Escrito por\" \/>\n\t<meta name=\"twitter:data1\" content=\"Luiz Carlos da Cruz\" \/>\n\t<meta name=\"twitter:label2\" content=\"Est. tempo de leitura\" \/>\n\t<meta name=\"twitter:data2\" content=\"3 minutos\" \/>\n<script type=\"application\/ld+json\" class=\"yoast-schema-graph\">{\"@context\":\"https:\\\/\\\/schema.org\",\"@graph\":[{\"@type\":\"Article\",\"@id\":\"https:\\\/\\\/jornalboasnoticias.com.br\\\/home\\\/amistosos-ancelotti-comanda-1o-treino-da-selecao-na-coreia-do-sul\\\/#article\",\"isPartOf\":{\"@id\":\"https:\\\/\\\/jornalboasnoticias.com.br\\\/home\\\/amistosos-ancelotti-comanda-1o-treino-da-selecao-na-coreia-do-sul\\\/\"},\"author\":{\"name\":\"Luiz Carlos da Cruz\",\"@id\":\"https:\\\/\\\/jornalboasnoticias.com.br\\\/home\\\/#\\\/schema\\\/person\\\/75f9ebde398c998c166475fb446bda62\"},\"headline\":\"Amistosos: Ancelotti comanda 1\u00ba treino da sele\u00e7\u00e3o na Coreia do Sul\",\"datePublished\":\"2025-10-06T19:38:02+00:00\",\"mainEntityOfPage\":{\"@id\":\"https:\\\/\\\/jornalboasnoticias.com.br\\\/home\\\/amistosos-ancelotti-comanda-1o-treino-da-selecao-na-coreia-do-sul\\\/\"},\"wordCount\":381,\"commentCount\":0,\"publisher\":{\"@id\":\"https:\\\/\\\/jornalboasnoticias.com.br\\\/home\\\/#organization\"},\"image\":{\"@id\":\"https:\\\/\\\/jornalboasnoticias.com.br\\\/home\\\/amistosos-ancelotti-comanda-1o-treino-da-selecao-na-coreia-do-sul\\\/#primaryimage\"},\"thumbnailUrl\":\"https:\\\/\\\/jornalboasnoticias.com.br\\\/home\\\/wp-content\\\/uploads\\\/2025\\\/10\\\/treino_1_selecao_bras_masc_coreia_do_sul-e1759779450948.webp\",\"articleSection\":[\"DESTAQUE\",\"ESPORTE\"],\"inLanguage\":\"pt-BR\",\"potentialAction\":[{\"@type\":\"CommentAction\",\"name\":\"Comment\",\"target\":[\"https:\\\/\\\/jornalboasnoticias.com.br\\\/home\\\/amistosos-ancelotti-comanda-1o-treino-da-selecao-na-coreia-do-sul\\\/#respond\"]}]},{\"@type\":\"WebPage\",\"@id\":\"https:\\\/\\\/jornalboasnoticias.com.br\\\/home\\\/amistosos-ancelotti-comanda-1o-treino-da-selecao-na-coreia-do-sul\\\/\",\"url\":\"https:\\\/\\\/jornalboasnoticias.com.br\\\/home\\\/amistosos-ancelotti-comanda-1o-treino-da-selecao-na-coreia-do-sul\\\/\",\"name\":\"Amistosos: Ancelotti comanda 1\u00ba treino da sele\u00e7\u00e3o na Coreia do Sul - Jornal\",\"isPartOf\":{\"@id\":\"https:\\\/\\\/jornalboasnoticias.com.br\\\/home\\\/#website\"},\"primaryImageOfPage\":{\"@id\":\"https:\\\/\\\/jornalboasnoticias.com.br\\\/home\\\/amistosos-ancelotti-comanda-1o-treino-da-selecao-na-coreia-do-sul\\\/#primaryimage\"},\"image\":{\"@id\":\"https:\\\/\\\/jornalboasnoticias.com.br\\\/home\\\/amistosos-ancelotti-comanda-1o-treino-da-selecao-na-coreia-do-sul\\\/#primaryimage\"},\"thumbnailUrl\":\"https:\\\/\\\/jornalboasnoticias.com.br\\\/home\\\/wp-content\\\/uploads\\\/2025\\\/10\\\/treino_1_selecao_bras_masc_coreia_do_sul-e1759779450948.webp\",\"datePublished\":\"2025-10-06T19:38:02+00:00\",\"description\":\"Amistosos: Ancelotti comanda 1\u00ba treino da sele\u00e7\u00e3o na Coreia do Sul\",\"breadcrumb\":{\"@id\":\"https:\\\/\\\/jornalboasnoticias.com.br\\\/home\\\/amistosos-ancelotti-comanda-1o-treino-da-selecao-na-coreia-do-sul\\\/#breadcrumb\"},\"inLanguage\":\"pt-BR\",\"potentialAction\":[{\"@type\":\"ReadAction\",\"target\":[\"https:\\\/\\\/jornalboasnoticias.com.br\\\/home\\\/amistosos-ancelotti-comanda-1o-treino-da-selecao-na-coreia-do-sul\\\/\"]}]},{\"@type\":\"ImageObject\",\"inLanguage\":\"pt-BR\",\"@id\":\"https:\\\/\\\/jornalboasnoticias.com.br\\\/home\\\/amistosos-ancelotti-comanda-1o-treino-da-selecao-na-coreia-do-sul\\\/#primaryimage\",\"url\":\"https:\\\/\\\/jornalboasnoticias.com.br\\\/home\\\/wp-content\\\/uploads\\\/2025\\\/10\\\/treino_1_selecao_bras_masc_coreia_do_sul-e1759779450948.webp\",\"contentUrl\":\"https:\\\/\\\/jornalboasnoticias.com.br\\\/home\\\/wp-content\\\/uploads\\\/2025\\\/10\\\/treino_1_selecao_bras_masc_coreia_do_sul-e1759779450948.webp\",\"width\":1000,\"height\":598},{\"@type\":\"BreadcrumbList\",\"@id\":\"https:\\\/\\\/jornalboasnoticias.com.br\\\/home\\\/amistosos-ancelotti-comanda-1o-treino-da-selecao-na-coreia-do-sul\\\/#breadcrumb\",\"itemListElement\":[{\"@type\":\"ListItem\",\"position\":1,\"name\":\"In\u00edcio\",\"item\":\"https:\\\/\\\/jornalboasnoticias.com.br\\\/home\\\/\"},{\"@type\":\"ListItem\",\"position\":2,\"name\":\"Amistosos: Ancelotti comanda 1\u00ba treino da sele\u00e7\u00e3o na Coreia do Sul\"}]},{\"@type\":\"WebSite\",\"@id\":\"https:\\\/\\\/jornalboasnoticias.com.br\\\/home\\\/#website\",\"url\":\"https:\\\/\\\/jornalboasnoticias.com.br\\\/home\\\/\",\"name\":\"Jornal Boas Not\u00edcias\",\"description\":\"Boas not\u00edcias\",\"publisher\":{\"@id\":\"https:\\\/\\\/jornalboasnoticias.com.br\\\/home\\\/#organization\"},\"potentialAction\":[{\"@type\":\"SearchAction\",\"target\":{\"@type\":\"EntryPoint\",\"urlTemplate\":\"https:\\\/\\\/jornalboasnoticias.com.br\\\/home\\\/?s={search_term_string}\"},\"query-input\":{\"@type\":\"PropertyValueSpecification\",\"valueRequired\":true,\"valueName\":\"search_term_string\"}}],\"inLanguage\":\"pt-BR\"},{\"@type\":\"Organization\",\"@id\":\"https:\\\/\\\/jornalboasnoticias.com.br\\\/home\\\/#organization\",\"name\":\"Coq Editora Ltda\",\"alternateName\":\"Jornal Boas Noticias\",\"url\":\"https:\\\/\\\/jornalboasnoticias.com.br\\\/home\\\/\",\"logo\":{\"@type\":\"ImageObject\",\"inLanguage\":\"pt-BR\",\"@id\":\"https:\\\/\\\/jornalboasnoticias.com.br\\\/home\\\/#\\\/schema\\\/logo\\\/image\\\/\",\"url\":\"https:\\\/\\\/jornalboasnoticias.com.br\\\/home\\\/wp-content\\\/uploads\\\/2024\\\/07\\\/cropped-logo.jpg\",\"contentUrl\":\"https:\\\/\\\/jornalboasnoticias.com.br\\\/home\\\/wp-content\\\/uploads\\\/2024\\\/07\\\/cropped-logo.jpg\",\"width\":290,\"height\":142,\"caption\":\"Coq Editora Ltda\"},\"image\":{\"@id\":\"https:\\\/\\\/jornalboasnoticias.com.br\\\/home\\\/#\\\/schema\\\/logo\\\/image\\\/\"},\"sameAs\":[\"https:\\\/\\\/www.facebook.com\\\/boasnoticiasjornal\"]},{\"@type\":\"Person\",\"@id\":\"https:\\\/\\\/jornalboasnoticias.com.br\\\/home\\\/#\\\/schema\\\/person\\\/75f9ebde398c998c166475fb446bda62\",\"name\":\"Luiz Carlos da Cruz\",\"image\":{\"@type\":\"ImageObject\",\"inLanguage\":\"pt-BR\",\"@id\":\"https:\\\/\\\/secure.gravatar.com\\\/avatar\\\/e6f4f45301b6cb8572f7b076572e8ac11c1db80e805d8c8d0858cf286ce3ac3b?s=96&d=mm&r=g\",\"url\":\"https:\\\/\\\/secure.gravatar.com\\\/avatar\\\/e6f4f45301b6cb8572f7b076572e8ac11c1db80e805d8c8d0858cf286ce3ac3b?s=96&d=mm&r=g\",\"contentUrl\":\"https:\\\/\\\/secure.gravatar.com\\\/avatar\\\/e6f4f45301b6cb8572f7b076572e8ac11c1db80e805d8c8d0858cf286ce3ac3b?s=96&d=mm&r=g\",\"caption\":\"Luiz Carlos da Cruz\"},\"url\":\"https:\\\/\\\/jornalboasnoticias.com.br\\\/home\\\/author\\\/luiz-carlos-da-cruz\\\/\"}]}<\/script>\n<!-- \/ Yoast SEO plugin. -->","yoast_head_json":{"title":"Amistosos: Ancelotti comanda 1\u00ba treino da sele\u00e7\u00e3o na Coreia do Sul - Jornal","description":"Amistosos: Ancelotti comanda 1\u00ba treino da sele\u00e7\u00e3o na Coreia do Sul","robots":{"index":"index","follow":"follow","max-snippet":"max-snippet:-1","max-image-preview":"max-image-preview:large","max-video-preview":"max-video-preview:-1"},"canonical":"https:\/\/jornalboasnoticias.com.br\/home\/amistosos-ancelotti-comanda-1o-treino-da-selecao-na-coreia-do-sul\/","og_locale":"pt_BR","og_type":"article","og_title":"Amistosos: Ancelotti comanda 1\u00ba treino da sele\u00e7\u00e3o na Coreia do Sul - Jornal","og_description":"Amistosos: Ancelotti comanda 1\u00ba treino da sele\u00e7\u00e3o na Coreia do Sul","og_url":"https:\/\/jornalboasnoticias.com.br\/home\/amistosos-ancelotti-comanda-1o-treino-da-selecao-na-coreia-do-sul\/","og_site_name":"Jornal","article_publisher":"https:\/\/www.facebook.com\/boasnoticiasjornal","article_published_time":"2025-10-06T19:38:02+00:00","og_image":[{"width":1000,"height":598,"url":"https:\/\/jornalboasnoticias.com.br\/home\/wp-content\/uploads\/2025\/10\/treino_1_selecao_bras_masc_coreia_do_sul-e1759779450948.webp","type":"image\/webp"}],"author":"Luiz Carlos da Cruz","twitter_card":"summary_large_image","twitter_misc":{"Escrito por":"Luiz Carlos da Cruz","Est. tempo de leitura":"3 minutos"},"schema":{"@context":"https:\/\/schema.org","@graph":[{"@type":"Article","@id":"https:\/\/jornalboasnoticias.com.br\/home\/amistosos-ancelotti-comanda-1o-treino-da-selecao-na-coreia-do-sul\/#article","isPartOf":{"@id":"https:\/\/jornalboasnoticias.com.br\/home\/amistosos-ancelotti-comanda-1o-treino-da-selecao-na-coreia-do-sul\/"},"author":{"name":"Luiz Carlos da Cruz","@id":"https:\/\/jornalboasnoticias.com.br\/home\/#\/schema\/person\/75f9ebde398c998c166475fb446bda62"},"headline":"Amistosos: Ancelotti comanda 1\u00ba treino da sele\u00e7\u00e3o na Coreia do Sul","datePublished":"2025-10-06T19:38:02+00:00","mainEntityOfPage":{"@id":"https:\/\/jornalboasnoticias.com.br\/home\/amistosos-ancelotti-comanda-1o-treino-da-selecao-na-coreia-do-sul\/"},"wordCount":381,"commentCount":0,"publisher":{"@id":"https:\/\/jornalboasnoticias.com.br\/home\/#organization"},"image":{"@id":"https:\/\/jornalboasnoticias.com.br\/home\/amistosos-ancelotti-comanda-1o-treino-da-selecao-na-coreia-do-sul\/#primaryimage"},"thumbnailUrl":"https:\/\/jornalboasnoticias.com.br\/home\/wp-content\/uploads\/2025\/10\/treino_1_selecao_bras_masc_coreia_do_sul-e1759779450948.webp","articleSection":["DESTAQUE","ESPORTE"],"inLanguage":"pt-BR","potentialAction":[{"@type":"CommentAction","name":"Comment","target":["https:\/\/jornalboasnoticias.com.br\/home\/amistosos-ancelotti-comanda-1o-treino-da-selecao-na-coreia-do-sul\/#respond"]}]},{"@type":"WebPage","@id":"https:\/\/jornalboasnoticias.com.br\/home\/amistosos-ancelotti-comanda-1o-treino-da-selecao-na-coreia-do-sul\/","url":"https:\/\/jornalboasnoticias.com.br\/home\/amistosos-ancelotti-comanda-1o-treino-da-selecao-na-coreia-do-sul\/","name":"Amistosos: Ancelotti comanda 1\u00ba treino da sele\u00e7\u00e3o na Coreia do Sul - Jornal","isPartOf":{"@id":"https:\/\/jornalboasnoticias.com.br\/home\/#website"},"primaryImageOfPage":{"@id":"https:\/\/jornalboasnoticias.com.br\/home\/amistosos-ancelotti-comanda-1o-treino-da-selecao-na-coreia-do-sul\/#primaryimage"},"image":{"@id":"https:\/\/jornalboasnoticias.com.br\/home\/amistosos-ancelotti-comanda-1o-treino-da-selecao-na-coreia-do-sul\/#primaryimage"},"thumbnailUrl":"https:\/\/jornalboasnoticias.com.br\/home\/wp-content\/uploads\/2025\/10\/treino_1_selecao_bras_masc_coreia_do_sul-e1759779450948.webp","datePublished":"2025-10-06T19:38:02+00:00","description":"Amistosos: Ancelotti comanda 1\u00ba treino da sele\u00e7\u00e3o na Coreia do Sul","breadcrumb":{"@id":"https:\/\/jornalboasnoticias.com.br\/home\/amistosos-ancelotti-comanda-1o-treino-da-selecao-na-coreia-do-sul\/#breadcrumb"},"inLanguage":"pt-BR","potentialAction":[{"@type":"ReadAction","target":["https:\/\/jornalboasnoticias.com.br\/home\/amistosos-ancelotti-comanda-1o-treino-da-selecao-na-coreia-do-sul\/"]}]},{"@type":"ImageObject","inLanguage":"pt-BR","@id":"https:\/\/jornalboasnoticias.com.br\/home\/amistosos-ancelotti-comanda-1o-treino-da-selecao-na-coreia-do-sul\/#primaryimage","url":"https:\/\/jornalboasnoticias.com.br\/home\/wp-content\/uploads\/2025\/10\/treino_1_selecao_bras_masc_coreia_do_sul-e1759779450948.webp","contentUrl":"https:\/\/jornalboasnoticias.com.br\/home\/wp-content\/uploads\/2025\/10\/treino_1_selecao_bras_masc_coreia_do_sul-e1759779450948.webp","width":1000,"height":598},{"@type":"BreadcrumbList","@id":"https:\/\/jornalboasnoticias.com.br\/home\/amistosos-ancelotti-comanda-1o-treino-da-selecao-na-coreia-do-sul\/#breadcrumb","itemListElement":[{"@type":"ListItem","position":1,"name":"In\u00edcio","item":"https:\/\/jornalboasnoticias.com.br\/home\/"},{"@type":"ListItem","position":2,"name":"Amistosos: Ancelotti comanda 1\u00ba treino da sele\u00e7\u00e3o na Coreia do Sul"}]},{"@type":"WebSite","@id":"https:\/\/jornalboasnoticias.com.br\/home\/#website","url":"https:\/\/jornalboasnoticias.com.br\/home\/","name":"Jornal Boas Not\u00edcias","description":"Boas not\u00edcias","publisher":{"@id":"https:\/\/jornalboasnoticias.com.br\/home\/#organization"},"potentialAction":[{"@type":"SearchAction","target":{"@type":"EntryPoint","urlTemplate":"https:\/\/jornalboasnoticias.com.br\/home\/?s={search_term_string}"},"query-input":{"@type":"PropertyValueSpecification","valueRequired":true,"valueName":"search_term_string"}}],"inLanguage":"pt-BR"},{"@type":"Organization","@id":"https:\/\/jornalboasnoticias.com.br\/home\/#organization","name":"Coq Editora Ltda","alternateName":"Jornal Boas Noticias","url":"https:\/\/jornalboasnoticias.com.br\/home\/","logo":{"@type":"ImageObject","inLanguage":"pt-BR","@id":"https:\/\/jornalboasnoticias.com.br\/home\/#\/schema\/logo\/image\/","url":"https:\/\/jornalboasnoticias.com.br\/home\/wp-content\/uploads\/2024\/07\/cropped-logo.jpg","contentUrl":"https:\/\/jornalboasnoticias.com.br\/home\/wp-content\/uploads\/2024\/07\/cropped-logo.jpg","width":290,"height":142,"caption":"Coq Editora Ltda"},"image":{"@id":"https:\/\/jornalboasnoticias.com.br\/home\/#\/schema\/logo\/image\/"},"sameAs":["https:\/\/www.facebook.com\/boasnoticiasjornal"]},{"@type":"Person","@id":"https:\/\/jornalboasnoticias.com.br\/home\/#\/schema\/person\/75f9ebde398c998c166475fb446bda62","name":"Luiz Carlos da Cruz","image":{"@type":"ImageObject","inLanguage":"pt-BR","@id":"https:\/\/secure.gravatar.com\/avatar\/e6f4f45301b6cb8572f7b076572e8ac11c1db80e805d8c8d0858cf286ce3ac3b?s=96&d=mm&r=g","url":"https:\/\/secure.gravatar.com\/avatar\/e6f4f45301b6cb8572f7b076572e8ac11c1db80e805d8c8d0858cf286ce3ac3b?s=96&d=mm&r=g","contentUrl":"https:\/\/secure.gravatar.com\/avatar\/e6f4f45301b6cb8572f7b076572e8ac11c1db80e805d8c8d0858cf286ce3ac3b?s=96&d=mm&r=g","caption":"Luiz Carlos da Cruz"},"url":"https:\/\/jornalboasnoticias.com.br\/home\/author\/luiz-carlos-da-cruz\/"}]}},"_links":{"self":[{"href":"https:\/\/jornalboasnoticias.com.br\/home\/wp-json\/wp\/v2\/posts\/46490","targetHints":{"allow":["GET"]}}],"collection":[{"href":"https:\/\/jornalboasnoticias.com.br\/home\/wp-json\/wp\/v2\/posts"}],"about":[{"href":"https:\/\/jornalboasnoticias.com.br\/home\/wp-json\/wp\/v2\/types\/post"}],"author":[{"embeddable":true,"href":"https:\/\/jornalboasnoticias.com.br\/home\/wp-json\/wp\/v2\/users\/3"}],"replies":[{"embeddable":true,"href":"https:\/\/jornalboasnoticias.com.br\/home\/wp-json\/wp\/v2\/comments?post=46490"}],"version-history":[{"count":1,"href":"https:\/\/jornalboasnoticias.com.br\/home\/wp-json\/wp\/v2\/posts\/46490\/revisions"}],"predecessor-version":[{"id":46492,"href":"https:\/\/jornalboasnoticias.com.br\/home\/wp-json\/wp\/v2\/posts\/46490\/revisions\/46492"}],"wp:featuredmedia":[{"embeddable":true,"href":"https:\/\/jornalboasnoticias.com.br\/home\/wp-json\/wp\/v2\/media\/46491"}],"wp:attachment":[{"href":"https:\/\/jornalboasnoticias.com.br\/home\/wp-json\/wp\/v2\/media?parent=46490"}],"wp:term":[{"taxonomy":"category","embeddable":true,"href":"https:\/\/jornalboasnoticias.com.br\/home\/wp-json\/wp\/v2\/categories?post=46490"},{"taxonomy":"post_tag","embeddable":true,"href":"https:\/\/jornalboasnoticias.com.br\/home\/wp-json\/wp\/v2\/tags?post=46490"}],"curies":[{"name":"wp","href":"https:\/\/api.w.org\/{rel}","templated":true}]}}