{"id":46478,"date":"2025-09-10T12:52:59","date_gmt":"2025-09-10T12:52:59","guid":{"rendered":"https:\/\/jornalboasnoticias.com.br\/home\/?p=46478"},"modified":"2025-09-10T12:52:59","modified_gmt":"2025-09-10T12:52:59","slug":"5a-mostra-gospel-tera-coreografias-que-unem-arte-e-fe-no-centro-cultural-gilberto-mayer","status":"publish","type":"post","link":"https:\/\/jornalboasnoticias.com.br\/home\/5a-mostra-gospel-tera-coreografias-que-unem-arte-e-fe-no-centro-cultural-gilberto-mayer\/","title":{"rendered":"5\u00aa Mostra Gospel ter\u00e1 coreografias que unem arte e f\u00e9 no Centro Cultural Gilberto Mayer"},"content":{"rendered":"<blockquote>\n<p style=\"text-align: center;\">Atra\u00e7\u00e3o ser\u00e1 nesta sexta-feira (12), a partir das 18h e com entrada gratuita<\/p>\n<\/blockquote>\n<p><img loading=\"lazy\" decoding=\"async\" class=\"alignnone size-full wp-image-46479\" src=\"https:\/\/jornalboasnoticias.com.br\/home\/wp-content\/uploads\/2025\/09\/WhatsApp-Image-2025-09-09-at-16_17_12-1.jpeg\" alt=\"\" width=\"1066\" height=\"1600\" srcset=\"https:\/\/jornalboasnoticias.com.br\/home\/wp-content\/uploads\/2025\/09\/WhatsApp-Image-2025-09-09-at-16_17_12-1.jpeg 1066w, https:\/\/jornalboasnoticias.com.br\/home\/wp-content\/uploads\/2025\/09\/WhatsApp-Image-2025-09-09-at-16_17_12-1-200x300.jpeg 200w, https:\/\/jornalboasnoticias.com.br\/home\/wp-content\/uploads\/2025\/09\/WhatsApp-Image-2025-09-09-at-16_17_12-1-682x1024.jpeg 682w, https:\/\/jornalboasnoticias.com.br\/home\/wp-content\/uploads\/2025\/09\/WhatsApp-Image-2025-09-09-at-16_17_12-1-768x1153.jpeg 768w, https:\/\/jornalboasnoticias.com.br\/home\/wp-content\/uploads\/2025\/09\/WhatsApp-Image-2025-09-09-at-16_17_12-1-1023x1536.jpeg 1023w\" sizes=\"auto, (max-width: 1066px) 100vw, 1066px\" \/>O Centro Cultural Gilberto Mayer ser\u00e1 palco de uma noite de celebra\u00e7\u00e3o, f\u00e9 e arte com a realiza\u00e7\u00e3o da 5\u00aa Mostra Gospel, dentro da programa\u00e7\u00e3o do 35\u00ba Festival de Dan\u00e7a de Cascavel, nesta sexta-feira (12). O evento ter\u00e1 in\u00edcio \u00e0s 18h e promete emocionar o p\u00fablico com exibi\u00e7\u00f5es que unem devo\u00e7\u00e3o, espiritualidade e express\u00e3o art\u00edstica. A entrada \u00e9 gratuita. O evento \u00e9 promovido pela Secretaria de Cultura.<\/p>\n<p>Ao todo, 11 coreografias comp\u00f5em a mostra, reunindo companhias e grupos de dan\u00e7a da cidade e regi\u00e3o. Entre os destaques est\u00e3o &#8220;Sinos&#8221;, com o Espa\u00e7o de Dan\u00e7a Eleve; &#8220;J\u00e1 Cheguei At\u00e9 Aqui&#8221; e &#8220;O Grande Amor do Meu Senhor&#8221;, apresentadas pela Cia de Dan\u00e7a e Arte Jenifer Lima; e &#8220;Yahweh&#8221; e &#8220;Move&#8221;, assinadas pelo grupo FireUp Dance.<\/p>\n<p>Tamb\u00e9m integram a programa\u00e7\u00e3o: &#8220;Desenhista&#8221;, com o Espa\u00e7o de Dan\u00e7a &#8220;Eis-me Aqui&#8221;, do Conjunto Kadosh; &#8220;Water&#8221; e &#8220;Seven Days&#8221;, do Conjunto Qodesh; e &#8220;Cantai&#8221;, novamente com o Espa\u00e7o de Dan\u00e7a Eleve. Finalizando a noite de apresenta\u00e7\u00f5es, a Cia de Dan\u00e7a e Arte Jenifer Lima executa a performance &#8220;T\u00e1 Chorando Por Qu\u00ea?&#8221;.<\/p>\n<p>A Mostra Gospel \u00e9 um dos eventos mais esperados dentro do festival por promover a dan\u00e7a como manifesta\u00e7\u00e3o cultural, mas tamb\u00e9m como instrumento de f\u00e9 e inspira\u00e7\u00e3o.<\/p>\n<p><em>Prefeitura de Cascavel<\/em><\/p>\n","protected":false},"excerpt":{"rendered":"<p>Atra\u00e7\u00e3o ser\u00e1 nesta sexta-feira (12), a partir das 18h e com entrada gratuita O Centro<\/p>\n","protected":false},"author":3,"featured_media":46479,"comment_status":"open","ping_status":"open","sticky":false,"template":"","format":"standard","meta":{"footnotes":""},"categories":[2,3],"tags":[],"class_list":["post-46478","post","type-post","status-publish","format-standard","has-post-thumbnail","hentry","category-cascavel","category-destaques"],"yoast_head":"<!-- This site is optimized with the Yoast SEO plugin v27.5 - https:\/\/yoast.com\/product\/yoast-seo-wordpress\/ -->\n<title>5\u00aa Mostra Gospel ter\u00e1 coreografias que unem arte e f\u00e9 no Centro Cultural Gilberto Mayer - Jornal<\/title>\n<meta name=\"description\" content=\"5\u00aa Mostra Gospel ter\u00e1 coreografias que unem arte e f\u00e9 no Centro Cultural Gilberto Mayer\" \/>\n<meta name=\"robots\" content=\"index, follow, max-snippet:-1, max-image-preview:large, max-video-preview:-1\" \/>\n<link rel=\"canonical\" href=\"https:\/\/jornalboasnoticias.com.br\/home\/5a-mostra-gospel-tera-coreografias-que-unem-arte-e-fe-no-centro-cultural-gilberto-mayer\/\" \/>\n<meta property=\"og:locale\" content=\"pt_BR\" \/>\n<meta property=\"og:type\" content=\"article\" \/>\n<meta property=\"og:title\" content=\"5\u00aa Mostra Gospel ter\u00e1 coreografias que unem arte e f\u00e9 no Centro Cultural Gilberto Mayer - Jornal\" \/>\n<meta property=\"og:description\" content=\"5\u00aa Mostra Gospel ter\u00e1 coreografias que unem arte e f\u00e9 no Centro Cultural Gilberto Mayer\" \/>\n<meta property=\"og:url\" content=\"https:\/\/jornalboasnoticias.com.br\/home\/5a-mostra-gospel-tera-coreografias-que-unem-arte-e-fe-no-centro-cultural-gilberto-mayer\/\" \/>\n<meta property=\"og:site_name\" content=\"Jornal\" \/>\n<meta property=\"article:publisher\" content=\"https:\/\/www.facebook.com\/boasnoticiasjornal\" \/>\n<meta property=\"article:published_time\" content=\"2025-09-10T12:52:59+00:00\" \/>\n<meta property=\"og:image\" content=\"https:\/\/jornalboasnoticias.com.br\/home\/wp-content\/uploads\/2025\/09\/WhatsApp-Image-2025-09-09-at-16_17_12-1.jpeg\" \/>\n\t<meta property=\"og:image:width\" content=\"1066\" \/>\n\t<meta property=\"og:image:height\" content=\"1600\" \/>\n\t<meta property=\"og:image:type\" content=\"image\/jpeg\" \/>\n<meta name=\"author\" content=\"Luiz Carlos da Cruz\" \/>\n<meta name=\"twitter:card\" content=\"summary_large_image\" \/>\n<meta name=\"twitter:label1\" content=\"Escrito por\" \/>\n\t<meta name=\"twitter:data1\" content=\"Luiz Carlos da Cruz\" \/>\n\t<meta name=\"twitter:label2\" content=\"Est. tempo de leitura\" \/>\n\t<meta name=\"twitter:data2\" content=\"2 minutos\" \/>\n<script type=\"application\/ld+json\" class=\"yoast-schema-graph\">{\"@context\":\"https:\\\/\\\/schema.org\",\"@graph\":[{\"@type\":\"Article\",\"@id\":\"https:\\\/\\\/jornalboasnoticias.com.br\\\/home\\\/5a-mostra-gospel-tera-coreografias-que-unem-arte-e-fe-no-centro-cultural-gilberto-mayer\\\/#article\",\"isPartOf\":{\"@id\":\"https:\\\/\\\/jornalboasnoticias.com.br\\\/home\\\/5a-mostra-gospel-tera-coreografias-que-unem-arte-e-fe-no-centro-cultural-gilberto-mayer\\\/\"},\"author\":{\"name\":\"Luiz Carlos da Cruz\",\"@id\":\"https:\\\/\\\/jornalboasnoticias.com.br\\\/home\\\/#\\\/schema\\\/person\\\/75f9ebde398c998c166475fb446bda62\"},\"headline\":\"5\u00aa Mostra Gospel ter\u00e1 coreografias que unem arte e f\u00e9 no Centro Cultural Gilberto Mayer\",\"datePublished\":\"2025-09-10T12:52:59+00:00\",\"mainEntityOfPage\":{\"@id\":\"https:\\\/\\\/jornalboasnoticias.com.br\\\/home\\\/5a-mostra-gospel-tera-coreografias-que-unem-arte-e-fe-no-centro-cultural-gilberto-mayer\\\/\"},\"wordCount\":254,\"commentCount\":0,\"publisher\":{\"@id\":\"https:\\\/\\\/jornalboasnoticias.com.br\\\/home\\\/#organization\"},\"image\":{\"@id\":\"https:\\\/\\\/jornalboasnoticias.com.br\\\/home\\\/5a-mostra-gospel-tera-coreografias-que-unem-arte-e-fe-no-centro-cultural-gilberto-mayer\\\/#primaryimage\"},\"thumbnailUrl\":\"https:\\\/\\\/jornalboasnoticias.com.br\\\/home\\\/wp-content\\\/uploads\\\/2025\\\/09\\\/WhatsApp-Image-2025-09-09-at-16_17_12-1.jpeg\",\"articleSection\":[\"CASCAVEL\",\"DESTAQUE\"],\"inLanguage\":\"pt-BR\",\"potentialAction\":[{\"@type\":\"CommentAction\",\"name\":\"Comment\",\"target\":[\"https:\\\/\\\/jornalboasnoticias.com.br\\\/home\\\/5a-mostra-gospel-tera-coreografias-que-unem-arte-e-fe-no-centro-cultural-gilberto-mayer\\\/#respond\"]}]},{\"@type\":\"WebPage\",\"@id\":\"https:\\\/\\\/jornalboasnoticias.com.br\\\/home\\\/5a-mostra-gospel-tera-coreografias-que-unem-arte-e-fe-no-centro-cultural-gilberto-mayer\\\/\",\"url\":\"https:\\\/\\\/jornalboasnoticias.com.br\\\/home\\\/5a-mostra-gospel-tera-coreografias-que-unem-arte-e-fe-no-centro-cultural-gilberto-mayer\\\/\",\"name\":\"5\u00aa Mostra Gospel ter\u00e1 coreografias que unem arte e f\u00e9 no Centro Cultural Gilberto Mayer - Jornal\",\"isPartOf\":{\"@id\":\"https:\\\/\\\/jornalboasnoticias.com.br\\\/home\\\/#website\"},\"primaryImageOfPage\":{\"@id\":\"https:\\\/\\\/jornalboasnoticias.com.br\\\/home\\\/5a-mostra-gospel-tera-coreografias-que-unem-arte-e-fe-no-centro-cultural-gilberto-mayer\\\/#primaryimage\"},\"image\":{\"@id\":\"https:\\\/\\\/jornalboasnoticias.com.br\\\/home\\\/5a-mostra-gospel-tera-coreografias-que-unem-arte-e-fe-no-centro-cultural-gilberto-mayer\\\/#primaryimage\"},\"thumbnailUrl\":\"https:\\\/\\\/jornalboasnoticias.com.br\\\/home\\\/wp-content\\\/uploads\\\/2025\\\/09\\\/WhatsApp-Image-2025-09-09-at-16_17_12-1.jpeg\",\"datePublished\":\"2025-09-10T12:52:59+00:00\",\"description\":\"5\u00aa Mostra Gospel ter\u00e1 coreografias que unem arte e f\u00e9 no Centro Cultural Gilberto Mayer\",\"breadcrumb\":{\"@id\":\"https:\\\/\\\/jornalboasnoticias.com.br\\\/home\\\/5a-mostra-gospel-tera-coreografias-que-unem-arte-e-fe-no-centro-cultural-gilberto-mayer\\\/#breadcrumb\"},\"inLanguage\":\"pt-BR\",\"potentialAction\":[{\"@type\":\"ReadAction\",\"target\":[\"https:\\\/\\\/jornalboasnoticias.com.br\\\/home\\\/5a-mostra-gospel-tera-coreografias-que-unem-arte-e-fe-no-centro-cultural-gilberto-mayer\\\/\"]}]},{\"@type\":\"ImageObject\",\"inLanguage\":\"pt-BR\",\"@id\":\"https:\\\/\\\/jornalboasnoticias.com.br\\\/home\\\/5a-mostra-gospel-tera-coreografias-que-unem-arte-e-fe-no-centro-cultural-gilberto-mayer\\\/#primaryimage\",\"url\":\"https:\\\/\\\/jornalboasnoticias.com.br\\\/home\\\/wp-content\\\/uploads\\\/2025\\\/09\\\/WhatsApp-Image-2025-09-09-at-16_17_12-1.jpeg\",\"contentUrl\":\"https:\\\/\\\/jornalboasnoticias.com.br\\\/home\\\/wp-content\\\/uploads\\\/2025\\\/09\\\/WhatsApp-Image-2025-09-09-at-16_17_12-1.jpeg\",\"width\":1066,\"height\":1600},{\"@type\":\"BreadcrumbList\",\"@id\":\"https:\\\/\\\/jornalboasnoticias.com.br\\\/home\\\/5a-mostra-gospel-tera-coreografias-que-unem-arte-e-fe-no-centro-cultural-gilberto-mayer\\\/#breadcrumb\",\"itemListElement\":[{\"@type\":\"ListItem\",\"position\":1,\"name\":\"In\u00edcio\",\"item\":\"https:\\\/\\\/jornalboasnoticias.com.br\\\/home\\\/\"},{\"@type\":\"ListItem\",\"position\":2,\"name\":\"5\u00aa Mostra Gospel ter\u00e1 coreografias que unem arte e f\u00e9 no Centro Cultural Gilberto Mayer\"}]},{\"@type\":\"WebSite\",\"@id\":\"https:\\\/\\\/jornalboasnoticias.com.br\\\/home\\\/#website\",\"url\":\"https:\\\/\\\/jornalboasnoticias.com.br\\\/home\\\/\",\"name\":\"Jornal Boas Not\u00edcias\",\"description\":\"Boas not\u00edcias\",\"publisher\":{\"@id\":\"https:\\\/\\\/jornalboasnoticias.com.br\\\/home\\\/#organization\"},\"potentialAction\":[{\"@type\":\"SearchAction\",\"target\":{\"@type\":\"EntryPoint\",\"urlTemplate\":\"https:\\\/\\\/jornalboasnoticias.com.br\\\/home\\\/?s={search_term_string}\"},\"query-input\":{\"@type\":\"PropertyValueSpecification\",\"valueRequired\":true,\"valueName\":\"search_term_string\"}}],\"inLanguage\":\"pt-BR\"},{\"@type\":\"Organization\",\"@id\":\"https:\\\/\\\/jornalboasnoticias.com.br\\\/home\\\/#organization\",\"name\":\"Coq Editora Ltda\",\"alternateName\":\"Jornal Boas Noticias\",\"url\":\"https:\\\/\\\/jornalboasnoticias.com.br\\\/home\\\/\",\"logo\":{\"@type\":\"ImageObject\",\"inLanguage\":\"pt-BR\",\"@id\":\"https:\\\/\\\/jornalboasnoticias.com.br\\\/home\\\/#\\\/schema\\\/logo\\\/image\\\/\",\"url\":\"https:\\\/\\\/jornalboasnoticias.com.br\\\/home\\\/wp-content\\\/uploads\\\/2024\\\/07\\\/cropped-logo.jpg\",\"contentUrl\":\"https:\\\/\\\/jornalboasnoticias.com.br\\\/home\\\/wp-content\\\/uploads\\\/2024\\\/07\\\/cropped-logo.jpg\",\"width\":290,\"height\":142,\"caption\":\"Coq Editora Ltda\"},\"image\":{\"@id\":\"https:\\\/\\\/jornalboasnoticias.com.br\\\/home\\\/#\\\/schema\\\/logo\\\/image\\\/\"},\"sameAs\":[\"https:\\\/\\\/www.facebook.com\\\/boasnoticiasjornal\"]},{\"@type\":\"Person\",\"@id\":\"https:\\\/\\\/jornalboasnoticias.com.br\\\/home\\\/#\\\/schema\\\/person\\\/75f9ebde398c998c166475fb446bda62\",\"name\":\"Luiz Carlos da Cruz\",\"image\":{\"@type\":\"ImageObject\",\"inLanguage\":\"pt-BR\",\"@id\":\"https:\\\/\\\/secure.gravatar.com\\\/avatar\\\/e6f4f45301b6cb8572f7b076572e8ac11c1db80e805d8c8d0858cf286ce3ac3b?s=96&d=mm&r=g\",\"url\":\"https:\\\/\\\/secure.gravatar.com\\\/avatar\\\/e6f4f45301b6cb8572f7b076572e8ac11c1db80e805d8c8d0858cf286ce3ac3b?s=96&d=mm&r=g\",\"contentUrl\":\"https:\\\/\\\/secure.gravatar.com\\\/avatar\\\/e6f4f45301b6cb8572f7b076572e8ac11c1db80e805d8c8d0858cf286ce3ac3b?s=96&d=mm&r=g\",\"caption\":\"Luiz Carlos da Cruz\"},\"url\":\"https:\\\/\\\/jornalboasnoticias.com.br\\\/home\\\/author\\\/luiz-carlos-da-cruz\\\/\"}]}<\/script>\n<!-- \/ Yoast SEO plugin. -->","yoast_head_json":{"title":"5\u00aa Mostra Gospel ter\u00e1 coreografias que unem arte e f\u00e9 no Centro Cultural Gilberto Mayer - Jornal","description":"5\u00aa Mostra Gospel ter\u00e1 coreografias que unem arte e f\u00e9 no Centro Cultural Gilberto Mayer","robots":{"index":"index","follow":"follow","max-snippet":"max-snippet:-1","max-image-preview":"max-image-preview:large","max-video-preview":"max-video-preview:-1"},"canonical":"https:\/\/jornalboasnoticias.com.br\/home\/5a-mostra-gospel-tera-coreografias-que-unem-arte-e-fe-no-centro-cultural-gilberto-mayer\/","og_locale":"pt_BR","og_type":"article","og_title":"5\u00aa Mostra Gospel ter\u00e1 coreografias que unem arte e f\u00e9 no Centro Cultural Gilberto Mayer - Jornal","og_description":"5\u00aa Mostra Gospel ter\u00e1 coreografias que unem arte e f\u00e9 no Centro Cultural Gilberto Mayer","og_url":"https:\/\/jornalboasnoticias.com.br\/home\/5a-mostra-gospel-tera-coreografias-que-unem-arte-e-fe-no-centro-cultural-gilberto-mayer\/","og_site_name":"Jornal","article_publisher":"https:\/\/www.facebook.com\/boasnoticiasjornal","article_published_time":"2025-09-10T12:52:59+00:00","og_image":[{"width":1066,"height":1600,"url":"https:\/\/jornalboasnoticias.com.br\/home\/wp-content\/uploads\/2025\/09\/WhatsApp-Image-2025-09-09-at-16_17_12-1.jpeg","type":"image\/jpeg"}],"author":"Luiz Carlos da Cruz","twitter_card":"summary_large_image","twitter_misc":{"Escrito por":"Luiz Carlos da Cruz","Est. tempo de leitura":"2 minutos"},"schema":{"@context":"https:\/\/schema.org","@graph":[{"@type":"Article","@id":"https:\/\/jornalboasnoticias.com.br\/home\/5a-mostra-gospel-tera-coreografias-que-unem-arte-e-fe-no-centro-cultural-gilberto-mayer\/#article","isPartOf":{"@id":"https:\/\/jornalboasnoticias.com.br\/home\/5a-mostra-gospel-tera-coreografias-que-unem-arte-e-fe-no-centro-cultural-gilberto-mayer\/"},"author":{"name":"Luiz Carlos da Cruz","@id":"https:\/\/jornalboasnoticias.com.br\/home\/#\/schema\/person\/75f9ebde398c998c166475fb446bda62"},"headline":"5\u00aa Mostra Gospel ter\u00e1 coreografias que unem arte e f\u00e9 no Centro Cultural Gilberto Mayer","datePublished":"2025-09-10T12:52:59+00:00","mainEntityOfPage":{"@id":"https:\/\/jornalboasnoticias.com.br\/home\/5a-mostra-gospel-tera-coreografias-que-unem-arte-e-fe-no-centro-cultural-gilberto-mayer\/"},"wordCount":254,"commentCount":0,"publisher":{"@id":"https:\/\/jornalboasnoticias.com.br\/home\/#organization"},"image":{"@id":"https:\/\/jornalboasnoticias.com.br\/home\/5a-mostra-gospel-tera-coreografias-que-unem-arte-e-fe-no-centro-cultural-gilberto-mayer\/#primaryimage"},"thumbnailUrl":"https:\/\/jornalboasnoticias.com.br\/home\/wp-content\/uploads\/2025\/09\/WhatsApp-Image-2025-09-09-at-16_17_12-1.jpeg","articleSection":["CASCAVEL","DESTAQUE"],"inLanguage":"pt-BR","potentialAction":[{"@type":"CommentAction","name":"Comment","target":["https:\/\/jornalboasnoticias.com.br\/home\/5a-mostra-gospel-tera-coreografias-que-unem-arte-e-fe-no-centro-cultural-gilberto-mayer\/#respond"]}]},{"@type":"WebPage","@id":"https:\/\/jornalboasnoticias.com.br\/home\/5a-mostra-gospel-tera-coreografias-que-unem-arte-e-fe-no-centro-cultural-gilberto-mayer\/","url":"https:\/\/jornalboasnoticias.com.br\/home\/5a-mostra-gospel-tera-coreografias-que-unem-arte-e-fe-no-centro-cultural-gilberto-mayer\/","name":"5\u00aa Mostra Gospel ter\u00e1 coreografias que unem arte e f\u00e9 no Centro Cultural Gilberto Mayer - Jornal","isPartOf":{"@id":"https:\/\/jornalboasnoticias.com.br\/home\/#website"},"primaryImageOfPage":{"@id":"https:\/\/jornalboasnoticias.com.br\/home\/5a-mostra-gospel-tera-coreografias-que-unem-arte-e-fe-no-centro-cultural-gilberto-mayer\/#primaryimage"},"image":{"@id":"https:\/\/jornalboasnoticias.com.br\/home\/5a-mostra-gospel-tera-coreografias-que-unem-arte-e-fe-no-centro-cultural-gilberto-mayer\/#primaryimage"},"thumbnailUrl":"https:\/\/jornalboasnoticias.com.br\/home\/wp-content\/uploads\/2025\/09\/WhatsApp-Image-2025-09-09-at-16_17_12-1.jpeg","datePublished":"2025-09-10T12:52:59+00:00","description":"5\u00aa Mostra Gospel ter\u00e1 coreografias que unem arte e f\u00e9 no Centro Cultural Gilberto Mayer","breadcrumb":{"@id":"https:\/\/jornalboasnoticias.com.br\/home\/5a-mostra-gospel-tera-coreografias-que-unem-arte-e-fe-no-centro-cultural-gilberto-mayer\/#breadcrumb"},"inLanguage":"pt-BR","potentialAction":[{"@type":"ReadAction","target":["https:\/\/jornalboasnoticias.com.br\/home\/5a-mostra-gospel-tera-coreografias-que-unem-arte-e-fe-no-centro-cultural-gilberto-mayer\/"]}]},{"@type":"ImageObject","inLanguage":"pt-BR","@id":"https:\/\/jornalboasnoticias.com.br\/home\/5a-mostra-gospel-tera-coreografias-que-unem-arte-e-fe-no-centro-cultural-gilberto-mayer\/#primaryimage","url":"https:\/\/jornalboasnoticias.com.br\/home\/wp-content\/uploads\/2025\/09\/WhatsApp-Image-2025-09-09-at-16_17_12-1.jpeg","contentUrl":"https:\/\/jornalboasnoticias.com.br\/home\/wp-content\/uploads\/2025\/09\/WhatsApp-Image-2025-09-09-at-16_17_12-1.jpeg","width":1066,"height":1600},{"@type":"BreadcrumbList","@id":"https:\/\/jornalboasnoticias.com.br\/home\/5a-mostra-gospel-tera-coreografias-que-unem-arte-e-fe-no-centro-cultural-gilberto-mayer\/#breadcrumb","itemListElement":[{"@type":"ListItem","position":1,"name":"In\u00edcio","item":"https:\/\/jornalboasnoticias.com.br\/home\/"},{"@type":"ListItem","position":2,"name":"5\u00aa Mostra Gospel ter\u00e1 coreografias que unem arte e f\u00e9 no Centro Cultural Gilberto Mayer"}]},{"@type":"WebSite","@id":"https:\/\/jornalboasnoticias.com.br\/home\/#website","url":"https:\/\/jornalboasnoticias.com.br\/home\/","name":"Jornal Boas Not\u00edcias","description":"Boas not\u00edcias","publisher":{"@id":"https:\/\/jornalboasnoticias.com.br\/home\/#organization"},"potentialAction":[{"@type":"SearchAction","target":{"@type":"EntryPoint","urlTemplate":"https:\/\/jornalboasnoticias.com.br\/home\/?s={search_term_string}"},"query-input":{"@type":"PropertyValueSpecification","valueRequired":true,"valueName":"search_term_string"}}],"inLanguage":"pt-BR"},{"@type":"Organization","@id":"https:\/\/jornalboasnoticias.com.br\/home\/#organization","name":"Coq Editora Ltda","alternateName":"Jornal Boas Noticias","url":"https:\/\/jornalboasnoticias.com.br\/home\/","logo":{"@type":"ImageObject","inLanguage":"pt-BR","@id":"https:\/\/jornalboasnoticias.com.br\/home\/#\/schema\/logo\/image\/","url":"https:\/\/jornalboasnoticias.com.br\/home\/wp-content\/uploads\/2024\/07\/cropped-logo.jpg","contentUrl":"https:\/\/jornalboasnoticias.com.br\/home\/wp-content\/uploads\/2024\/07\/cropped-logo.jpg","width":290,"height":142,"caption":"Coq Editora Ltda"},"image":{"@id":"https:\/\/jornalboasnoticias.com.br\/home\/#\/schema\/logo\/image\/"},"sameAs":["https:\/\/www.facebook.com\/boasnoticiasjornal"]},{"@type":"Person","@id":"https:\/\/jornalboasnoticias.com.br\/home\/#\/schema\/person\/75f9ebde398c998c166475fb446bda62","name":"Luiz Carlos da Cruz","image":{"@type":"ImageObject","inLanguage":"pt-BR","@id":"https:\/\/secure.gravatar.com\/avatar\/e6f4f45301b6cb8572f7b076572e8ac11c1db80e805d8c8d0858cf286ce3ac3b?s=96&d=mm&r=g","url":"https:\/\/secure.gravatar.com\/avatar\/e6f4f45301b6cb8572f7b076572e8ac11c1db80e805d8c8d0858cf286ce3ac3b?s=96&d=mm&r=g","contentUrl":"https:\/\/secure.gravatar.com\/avatar\/e6f4f45301b6cb8572f7b076572e8ac11c1db80e805d8c8d0858cf286ce3ac3b?s=96&d=mm&r=g","caption":"Luiz Carlos da Cruz"},"url":"https:\/\/jornalboasnoticias.com.br\/home\/author\/luiz-carlos-da-cruz\/"}]}},"_links":{"self":[{"href":"https:\/\/jornalboasnoticias.com.br\/home\/wp-json\/wp\/v2\/posts\/46478","targetHints":{"allow":["GET"]}}],"collection":[{"href":"https:\/\/jornalboasnoticias.com.br\/home\/wp-json\/wp\/v2\/posts"}],"about":[{"href":"https:\/\/jornalboasnoticias.com.br\/home\/wp-json\/wp\/v2\/types\/post"}],"author":[{"embeddable":true,"href":"https:\/\/jornalboasnoticias.com.br\/home\/wp-json\/wp\/v2\/users\/3"}],"replies":[{"embeddable":true,"href":"https:\/\/jornalboasnoticias.com.br\/home\/wp-json\/wp\/v2\/comments?post=46478"}],"version-history":[{"count":1,"href":"https:\/\/jornalboasnoticias.com.br\/home\/wp-json\/wp\/v2\/posts\/46478\/revisions"}],"predecessor-version":[{"id":46480,"href":"https:\/\/jornalboasnoticias.com.br\/home\/wp-json\/wp\/v2\/posts\/46478\/revisions\/46480"}],"wp:featuredmedia":[{"embeddable":true,"href":"https:\/\/jornalboasnoticias.com.br\/home\/wp-json\/wp\/v2\/media\/46479"}],"wp:attachment":[{"href":"https:\/\/jornalboasnoticias.com.br\/home\/wp-json\/wp\/v2\/media?parent=46478"}],"wp:term":[{"taxonomy":"category","embeddable":true,"href":"https:\/\/jornalboasnoticias.com.br\/home\/wp-json\/wp\/v2\/categories?post=46478"},{"taxonomy":"post_tag","embeddable":true,"href":"https:\/\/jornalboasnoticias.com.br\/home\/wp-json\/wp\/v2\/tags?post=46478"}],"curies":[{"name":"wp","href":"https:\/\/api.w.org\/{rel}","templated":true}]}}