{"id":46472,"date":"2025-09-09T13:04:27","date_gmt":"2025-09-09T13:04:27","guid":{"rendered":"https:\/\/jornalboasnoticias.com.br\/home\/?p=46472"},"modified":"2025-09-09T13:04:27","modified_gmt":"2025-09-09T13:04:27","slug":"bolsonaro-esta-debilitado-e-nao-ira-a-julgamento-diz-advogado","status":"publish","type":"post","link":"https:\/\/jornalboasnoticias.com.br\/home\/bolsonaro-esta-debilitado-e-nao-ira-a-julgamento-diz-advogado\/","title":{"rendered":"Bolsonaro est\u00e1 \u201cdebilitado\u201d e n\u00e3o ir\u00e1 a julgamento, diz advogado"},"content":{"rendered":"<blockquote>\n<p style=\"text-align: center;\">Segundo Paulo Bueno, n\u00e3o h\u00e1 recomenda\u00e7\u00e3o m\u00e9dica para isso<\/p>\n<\/blockquote>\n<figure id=\"attachment_46473\" aria-describedby=\"caption-attachment-46473\" style=\"width: 1000px\" class=\"wp-caption alignnone\"><img loading=\"lazy\" decoding=\"async\" class=\"size-full wp-image-46473\" src=\"https:\/\/jornalboasnoticias.com.br\/home\/wp-content\/uploads\/2025\/09\/52867713501_225a8e331b_o-e1757423049702.webp\" alt=\"\" width=\"1000\" height=\"598\" \/><figcaption id=\"caption-attachment-46473\" class=\"wp-caption-text\">\u00a9 Fabio Rodrigues-Pozzebom\/ Ag\u00eancia<\/figcaption><\/figure>\n<p>O advogado Paulo Cunha Bueno, que representa o ex-presidente Jair Bolsonaro, confirmou nesta ter\u00e7a-feira (9) que o pol\u00edtico n\u00e3o comparecer\u00e1 ao julgamento em que \u00e9 acusado de ter liderado uma tentativa de golpe de Estado para se manter no poder ap\u00f3s derrota eleitoral.\u00a0<img decoding=\"async\" src=\"https:\/\/agenciabrasil.ebc.com.br\/ebc.png?id=1657692&amp;o=node\" \/><img decoding=\"async\" src=\"https:\/\/agenciabrasil.ebc.com.br\/ebc.gif?id=1657692&amp;o=node\" \/><\/p>\n<p>Segundo Bueno, o ex-presidente n\u00e3o tem condi\u00e7\u00f5es de sa\u00fade para comparecer, mesmo que assim desejasse. \u201cN\u00e3o tem recomenda\u00e7\u00e3o m\u00e9dica para isso, a sa\u00fade dele \u00e9 debilitada\u201d, relatou o defensor ao chegar para o julgamento.<\/p>\n<p>Assim como Bolsonaro, nenhum dos outros sete r\u00e9us compareceu ao primeiro dia de vota\u00e7\u00e3o no julgamento, que \u00e9 realizado presencialmente na sala da Primeira Turma do Supremo Tribunal Federal (STF).<\/p>\n<p>Hoje, a Primeira Turma retoma o julgamento que pode condenar Bolsonaro e mais sete aliados por uma trama golpista que teria atuado para reverter o resultado das elei\u00e7\u00f5es de 2022.<\/p>\n<p>O grupo faz parte do n\u00facleo crucial da den\u00fancia apresentada pela Procuradoria-Geral da Rep\u00fablica (PGR), formado pelas principais cabe\u00e7as da tentativa de golpe.<\/p>\n<p>O julgamento come\u00e7ou na semana passada, quando foram ouvidas as sustenta\u00e7\u00f5es das defesas do ex-presidente e dos demais acusados, al\u00e9m da manifesta\u00e7\u00e3o do procurador-geral da Rep\u00fablica, Paulo Gonet, favor\u00e1vel \u00e0 condena\u00e7\u00e3o de todos os r\u00e9us.<\/p>\n<p>A partir de hoje, ser\u00e1 iniciada a vota\u00e7\u00e3o que resultar\u00e1 na condena\u00e7\u00e3o ou absolvi\u00e7\u00e3o dos r\u00e9us. Tamb\u00e9m foram reservadas as sess\u00f5es dos dias 10, 11 e 12 de setembro para finaliza\u00e7\u00e3o do julgamento.<\/p>\n<p>At\u00e9 a pr\u00f3xima sexta-feira (12), devem votar, nessa\u00a0ordem: o relator, ministro Alexandre de Moraes, e os ministros Fl\u00e1vio Dino, Luiz Fux, C\u00e1rmen L\u00facia e Cristiano Zanin, presidente do colegiado e que preside a sess\u00e3o.<\/p>\n<h2>Quem s\u00e3o os r\u00e9us<\/h2>\n<p>Jair Bolsonaro \u2013 ex-presidente da Rep\u00fablica;<\/p>\n<p>Alexandre Ramagem &#8211; ex-diretor da Ag\u00eancia Brasileira de Intelig\u00eancia (Abin);<\/p>\n<p>Almir Garnier &#8211; ex-comandante da Marinha;<\/p>\n<p>Anderson Torres &#8211; ex-ministro da Justi\u00e7a e ex-secret\u00e1rio de Seguran\u00e7a do Distrito Federal;<\/p>\n<p>Augusto Heleno &#8211; ex-ministro do Gabinete de Seguran\u00e7a Institucional (GSI);<\/p>\n<p>Paulo S\u00e9rgio Nogueira &#8211; ex-ministro da Defesa;<\/p>\n<p>Walter Braga Netto &#8211; ex-ministro da Defesa\u00a0e candidato a\u00a0vice de Bolsonaro na chapa de 2022;<\/p>\n<p>Mauro Cid \u2013 ex-ajudante de ordens de Bolsonaro.<\/p>\n<h2>Crimes<\/h2>\n<p>Todos os r\u00e9us respondem pelos crimes de organiza\u00e7\u00e3o criminosa armada, tentativa de aboli\u00e7\u00e3o violenta do Estado Democr\u00e1tico de Direito, golpe de Estado, dano qualificado pela viol\u00eancia e grave amea\u00e7a e deteriora\u00e7\u00e3o de patrim\u00f4nio tombado.<\/p>\n<p>A exce\u00e7\u00e3o \u00e9 o\u00a0ex-diretor da Abin Alexandre Ramagem\u00a0que, atualmente, \u00e9 deputado federal. Ele foi beneficiado com a suspens\u00e3o de parte das acusa\u00e7\u00f5es e responde somente a tr\u00eas dos cinco crimes. A regra est\u00e1 prevista na Constitui\u00e7\u00e3o.<\/p>\n<p>A suspens\u00e3o vale para os crimes de dano qualificado pela viol\u00eancia e grave amea\u00e7a, contra o patrim\u00f4nio da Uni\u00e3o, com consider\u00e1vel preju\u00edzo para a v\u00edtima e deteriora\u00e7\u00e3o de patrim\u00f4nio tombado, relacionados aos atos golpistas de 8 de janeiro.<\/p>\n<p><em>Ag\u00eancia Brasil<\/em><\/p>\n","protected":false},"excerpt":{"rendered":"<p>Segundo Paulo Bueno, n\u00e3o h\u00e1 recomenda\u00e7\u00e3o m\u00e9dica para isso O advogado Paulo Cunha Bueno, que<\/p>\n","protected":false},"author":3,"featured_media":46473,"comment_status":"open","ping_status":"open","sticky":false,"template":"","format":"standard","meta":{"footnotes":""},"categories":[3,22],"tags":[],"class_list":["post-46472","post","type-post","status-publish","format-standard","has-post-thumbnail","hentry","category-destaques","category-justica"],"yoast_head":"<!-- This site is optimized with the Yoast SEO plugin v27.5 - https:\/\/yoast.com\/product\/yoast-seo-wordpress\/ -->\n<title>Bolsonaro est\u00e1 \u201cdebilitado\u201d e n\u00e3o ir\u00e1 a julgamento, diz advogado - Jornal<\/title>\n<meta name=\"description\" content=\"Bolsonaro est\u00e1 \u201cdebilitado\u201d e n\u00e3o ir\u00e1 a julgamento, diz advogado\" \/>\n<meta name=\"robots\" content=\"index, follow, max-snippet:-1, max-image-preview:large, max-video-preview:-1\" \/>\n<link rel=\"canonical\" href=\"https:\/\/jornalboasnoticias.com.br\/home\/bolsonaro-esta-debilitado-e-nao-ira-a-julgamento-diz-advogado\/\" \/>\n<meta property=\"og:locale\" content=\"pt_BR\" \/>\n<meta property=\"og:type\" content=\"article\" \/>\n<meta property=\"og:title\" content=\"Bolsonaro est\u00e1 \u201cdebilitado\u201d e n\u00e3o ir\u00e1 a julgamento, diz advogado - Jornal\" \/>\n<meta property=\"og:description\" content=\"Bolsonaro est\u00e1 \u201cdebilitado\u201d e n\u00e3o ir\u00e1 a julgamento, diz advogado\" \/>\n<meta property=\"og:url\" content=\"https:\/\/jornalboasnoticias.com.br\/home\/bolsonaro-esta-debilitado-e-nao-ira-a-julgamento-diz-advogado\/\" \/>\n<meta property=\"og:site_name\" content=\"Jornal\" \/>\n<meta property=\"article:publisher\" content=\"https:\/\/www.facebook.com\/boasnoticiasjornal\" \/>\n<meta property=\"article:published_time\" content=\"2025-09-09T13:04:27+00:00\" \/>\n<meta property=\"og:image\" content=\"https:\/\/jornalboasnoticias.com.br\/home\/wp-content\/uploads\/2025\/09\/52867713501_225a8e331b_o-e1757423049702.webp\" \/>\n\t<meta property=\"og:image:width\" content=\"1000\" \/>\n\t<meta property=\"og:image:height\" content=\"598\" \/>\n\t<meta property=\"og:image:type\" content=\"image\/webp\" \/>\n<meta name=\"author\" content=\"Luiz Carlos da Cruz\" \/>\n<meta name=\"twitter:card\" content=\"summary_large_image\" \/>\n<meta name=\"twitter:label1\" content=\"Escrito por\" \/>\n\t<meta name=\"twitter:data1\" content=\"Luiz Carlos da Cruz\" \/>\n\t<meta name=\"twitter:label2\" content=\"Est. tempo de leitura\" \/>\n\t<meta name=\"twitter:data2\" content=\"4 minutos\" \/>\n<script type=\"application\/ld+json\" class=\"yoast-schema-graph\">{\"@context\":\"https:\\\/\\\/schema.org\",\"@graph\":[{\"@type\":\"Article\",\"@id\":\"https:\\\/\\\/jornalboasnoticias.com.br\\\/home\\\/bolsonaro-esta-debilitado-e-nao-ira-a-julgamento-diz-advogado\\\/#article\",\"isPartOf\":{\"@id\":\"https:\\\/\\\/jornalboasnoticias.com.br\\\/home\\\/bolsonaro-esta-debilitado-e-nao-ira-a-julgamento-diz-advogado\\\/\"},\"author\":{\"name\":\"Luiz Carlos da Cruz\",\"@id\":\"https:\\\/\\\/jornalboasnoticias.com.br\\\/home\\\/#\\\/schema\\\/person\\\/75f9ebde398c998c166475fb446bda62\"},\"headline\":\"Bolsonaro est\u00e1 \u201cdebilitado\u201d e n\u00e3o ir\u00e1 a julgamento, diz advogado\",\"datePublished\":\"2025-09-09T13:04:27+00:00\",\"mainEntityOfPage\":{\"@id\":\"https:\\\/\\\/jornalboasnoticias.com.br\\\/home\\\/bolsonaro-esta-debilitado-e-nao-ira-a-julgamento-diz-advogado\\\/\"},\"wordCount\":547,\"commentCount\":0,\"publisher\":{\"@id\":\"https:\\\/\\\/jornalboasnoticias.com.br\\\/home\\\/#organization\"},\"image\":{\"@id\":\"https:\\\/\\\/jornalboasnoticias.com.br\\\/home\\\/bolsonaro-esta-debilitado-e-nao-ira-a-julgamento-diz-advogado\\\/#primaryimage\"},\"thumbnailUrl\":\"https:\\\/\\\/jornalboasnoticias.com.br\\\/home\\\/wp-content\\\/uploads\\\/2025\\\/09\\\/52867713501_225a8e331b_o-e1757423049702.webp\",\"articleSection\":[\"DESTAQUE\",\"JUSTI\u00c7A\"],\"inLanguage\":\"pt-BR\",\"potentialAction\":[{\"@type\":\"CommentAction\",\"name\":\"Comment\",\"target\":[\"https:\\\/\\\/jornalboasnoticias.com.br\\\/home\\\/bolsonaro-esta-debilitado-e-nao-ira-a-julgamento-diz-advogado\\\/#respond\"]}]},{\"@type\":\"WebPage\",\"@id\":\"https:\\\/\\\/jornalboasnoticias.com.br\\\/home\\\/bolsonaro-esta-debilitado-e-nao-ira-a-julgamento-diz-advogado\\\/\",\"url\":\"https:\\\/\\\/jornalboasnoticias.com.br\\\/home\\\/bolsonaro-esta-debilitado-e-nao-ira-a-julgamento-diz-advogado\\\/\",\"name\":\"Bolsonaro est\u00e1 \u201cdebilitado\u201d e n\u00e3o ir\u00e1 a julgamento, diz advogado - Jornal\",\"isPartOf\":{\"@id\":\"https:\\\/\\\/jornalboasnoticias.com.br\\\/home\\\/#website\"},\"primaryImageOfPage\":{\"@id\":\"https:\\\/\\\/jornalboasnoticias.com.br\\\/home\\\/bolsonaro-esta-debilitado-e-nao-ira-a-julgamento-diz-advogado\\\/#primaryimage\"},\"image\":{\"@id\":\"https:\\\/\\\/jornalboasnoticias.com.br\\\/home\\\/bolsonaro-esta-debilitado-e-nao-ira-a-julgamento-diz-advogado\\\/#primaryimage\"},\"thumbnailUrl\":\"https:\\\/\\\/jornalboasnoticias.com.br\\\/home\\\/wp-content\\\/uploads\\\/2025\\\/09\\\/52867713501_225a8e331b_o-e1757423049702.webp\",\"datePublished\":\"2025-09-09T13:04:27+00:00\",\"description\":\"Bolsonaro est\u00e1 \u201cdebilitado\u201d e n\u00e3o ir\u00e1 a julgamento, diz advogado\",\"breadcrumb\":{\"@id\":\"https:\\\/\\\/jornalboasnoticias.com.br\\\/home\\\/bolsonaro-esta-debilitado-e-nao-ira-a-julgamento-diz-advogado\\\/#breadcrumb\"},\"inLanguage\":\"pt-BR\",\"potentialAction\":[{\"@type\":\"ReadAction\",\"target\":[\"https:\\\/\\\/jornalboasnoticias.com.br\\\/home\\\/bolsonaro-esta-debilitado-e-nao-ira-a-julgamento-diz-advogado\\\/\"]}]},{\"@type\":\"ImageObject\",\"inLanguage\":\"pt-BR\",\"@id\":\"https:\\\/\\\/jornalboasnoticias.com.br\\\/home\\\/bolsonaro-esta-debilitado-e-nao-ira-a-julgamento-diz-advogado\\\/#primaryimage\",\"url\":\"https:\\\/\\\/jornalboasnoticias.com.br\\\/home\\\/wp-content\\\/uploads\\\/2025\\\/09\\\/52867713501_225a8e331b_o-e1757423049702.webp\",\"contentUrl\":\"https:\\\/\\\/jornalboasnoticias.com.br\\\/home\\\/wp-content\\\/uploads\\\/2025\\\/09\\\/52867713501_225a8e331b_o-e1757423049702.webp\",\"width\":1000,\"height\":598,\"caption\":\"\u00a9 Fabio Rodrigues-Pozzebom\\\/ Ag\u00eancia\"},{\"@type\":\"BreadcrumbList\",\"@id\":\"https:\\\/\\\/jornalboasnoticias.com.br\\\/home\\\/bolsonaro-esta-debilitado-e-nao-ira-a-julgamento-diz-advogado\\\/#breadcrumb\",\"itemListElement\":[{\"@type\":\"ListItem\",\"position\":1,\"name\":\"In\u00edcio\",\"item\":\"https:\\\/\\\/jornalboasnoticias.com.br\\\/home\\\/\"},{\"@type\":\"ListItem\",\"position\":2,\"name\":\"Bolsonaro est\u00e1 \u201cdebilitado\u201d e n\u00e3o ir\u00e1 a julgamento, diz advogado\"}]},{\"@type\":\"WebSite\",\"@id\":\"https:\\\/\\\/jornalboasnoticias.com.br\\\/home\\\/#website\",\"url\":\"https:\\\/\\\/jornalboasnoticias.com.br\\\/home\\\/\",\"name\":\"Jornal Boas Not\u00edcias\",\"description\":\"Boas not\u00edcias\",\"publisher\":{\"@id\":\"https:\\\/\\\/jornalboasnoticias.com.br\\\/home\\\/#organization\"},\"potentialAction\":[{\"@type\":\"SearchAction\",\"target\":{\"@type\":\"EntryPoint\",\"urlTemplate\":\"https:\\\/\\\/jornalboasnoticias.com.br\\\/home\\\/?s={search_term_string}\"},\"query-input\":{\"@type\":\"PropertyValueSpecification\",\"valueRequired\":true,\"valueName\":\"search_term_string\"}}],\"inLanguage\":\"pt-BR\"},{\"@type\":\"Organization\",\"@id\":\"https:\\\/\\\/jornalboasnoticias.com.br\\\/home\\\/#organization\",\"name\":\"Coq Editora Ltda\",\"alternateName\":\"Jornal Boas Noticias\",\"url\":\"https:\\\/\\\/jornalboasnoticias.com.br\\\/home\\\/\",\"logo\":{\"@type\":\"ImageObject\",\"inLanguage\":\"pt-BR\",\"@id\":\"https:\\\/\\\/jornalboasnoticias.com.br\\\/home\\\/#\\\/schema\\\/logo\\\/image\\\/\",\"url\":\"https:\\\/\\\/jornalboasnoticias.com.br\\\/home\\\/wp-content\\\/uploads\\\/2024\\\/07\\\/cropped-logo.jpg\",\"contentUrl\":\"https:\\\/\\\/jornalboasnoticias.com.br\\\/home\\\/wp-content\\\/uploads\\\/2024\\\/07\\\/cropped-logo.jpg\",\"width\":290,\"height\":142,\"caption\":\"Coq Editora Ltda\"},\"image\":{\"@id\":\"https:\\\/\\\/jornalboasnoticias.com.br\\\/home\\\/#\\\/schema\\\/logo\\\/image\\\/\"},\"sameAs\":[\"https:\\\/\\\/www.facebook.com\\\/boasnoticiasjornal\"]},{\"@type\":\"Person\",\"@id\":\"https:\\\/\\\/jornalboasnoticias.com.br\\\/home\\\/#\\\/schema\\\/person\\\/75f9ebde398c998c166475fb446bda62\",\"name\":\"Luiz Carlos da Cruz\",\"image\":{\"@type\":\"ImageObject\",\"inLanguage\":\"pt-BR\",\"@id\":\"https:\\\/\\\/secure.gravatar.com\\\/avatar\\\/e6f4f45301b6cb8572f7b076572e8ac11c1db80e805d8c8d0858cf286ce3ac3b?s=96&d=mm&r=g\",\"url\":\"https:\\\/\\\/secure.gravatar.com\\\/avatar\\\/e6f4f45301b6cb8572f7b076572e8ac11c1db80e805d8c8d0858cf286ce3ac3b?s=96&d=mm&r=g\",\"contentUrl\":\"https:\\\/\\\/secure.gravatar.com\\\/avatar\\\/e6f4f45301b6cb8572f7b076572e8ac11c1db80e805d8c8d0858cf286ce3ac3b?s=96&d=mm&r=g\",\"caption\":\"Luiz Carlos da Cruz\"},\"url\":\"https:\\\/\\\/jornalboasnoticias.com.br\\\/home\\\/author\\\/luiz-carlos-da-cruz\\\/\"}]}<\/script>\n<!-- \/ Yoast SEO plugin. -->","yoast_head_json":{"title":"Bolsonaro est\u00e1 \u201cdebilitado\u201d e n\u00e3o ir\u00e1 a julgamento, diz advogado - Jornal","description":"Bolsonaro est\u00e1 \u201cdebilitado\u201d e n\u00e3o ir\u00e1 a julgamento, diz advogado","robots":{"index":"index","follow":"follow","max-snippet":"max-snippet:-1","max-image-preview":"max-image-preview:large","max-video-preview":"max-video-preview:-1"},"canonical":"https:\/\/jornalboasnoticias.com.br\/home\/bolsonaro-esta-debilitado-e-nao-ira-a-julgamento-diz-advogado\/","og_locale":"pt_BR","og_type":"article","og_title":"Bolsonaro est\u00e1 \u201cdebilitado\u201d e n\u00e3o ir\u00e1 a julgamento, diz advogado - Jornal","og_description":"Bolsonaro est\u00e1 \u201cdebilitado\u201d e n\u00e3o ir\u00e1 a julgamento, diz advogado","og_url":"https:\/\/jornalboasnoticias.com.br\/home\/bolsonaro-esta-debilitado-e-nao-ira-a-julgamento-diz-advogado\/","og_site_name":"Jornal","article_publisher":"https:\/\/www.facebook.com\/boasnoticiasjornal","article_published_time":"2025-09-09T13:04:27+00:00","og_image":[{"width":1000,"height":598,"url":"https:\/\/jornalboasnoticias.com.br\/home\/wp-content\/uploads\/2025\/09\/52867713501_225a8e331b_o-e1757423049702.webp","type":"image\/webp"}],"author":"Luiz Carlos da Cruz","twitter_card":"summary_large_image","twitter_misc":{"Escrito por":"Luiz Carlos da Cruz","Est. tempo de leitura":"4 minutos"},"schema":{"@context":"https:\/\/schema.org","@graph":[{"@type":"Article","@id":"https:\/\/jornalboasnoticias.com.br\/home\/bolsonaro-esta-debilitado-e-nao-ira-a-julgamento-diz-advogado\/#article","isPartOf":{"@id":"https:\/\/jornalboasnoticias.com.br\/home\/bolsonaro-esta-debilitado-e-nao-ira-a-julgamento-diz-advogado\/"},"author":{"name":"Luiz Carlos da Cruz","@id":"https:\/\/jornalboasnoticias.com.br\/home\/#\/schema\/person\/75f9ebde398c998c166475fb446bda62"},"headline":"Bolsonaro est\u00e1 \u201cdebilitado\u201d e n\u00e3o ir\u00e1 a julgamento, diz advogado","datePublished":"2025-09-09T13:04:27+00:00","mainEntityOfPage":{"@id":"https:\/\/jornalboasnoticias.com.br\/home\/bolsonaro-esta-debilitado-e-nao-ira-a-julgamento-diz-advogado\/"},"wordCount":547,"commentCount":0,"publisher":{"@id":"https:\/\/jornalboasnoticias.com.br\/home\/#organization"},"image":{"@id":"https:\/\/jornalboasnoticias.com.br\/home\/bolsonaro-esta-debilitado-e-nao-ira-a-julgamento-diz-advogado\/#primaryimage"},"thumbnailUrl":"https:\/\/jornalboasnoticias.com.br\/home\/wp-content\/uploads\/2025\/09\/52867713501_225a8e331b_o-e1757423049702.webp","articleSection":["DESTAQUE","JUSTI\u00c7A"],"inLanguage":"pt-BR","potentialAction":[{"@type":"CommentAction","name":"Comment","target":["https:\/\/jornalboasnoticias.com.br\/home\/bolsonaro-esta-debilitado-e-nao-ira-a-julgamento-diz-advogado\/#respond"]}]},{"@type":"WebPage","@id":"https:\/\/jornalboasnoticias.com.br\/home\/bolsonaro-esta-debilitado-e-nao-ira-a-julgamento-diz-advogado\/","url":"https:\/\/jornalboasnoticias.com.br\/home\/bolsonaro-esta-debilitado-e-nao-ira-a-julgamento-diz-advogado\/","name":"Bolsonaro est\u00e1 \u201cdebilitado\u201d e n\u00e3o ir\u00e1 a julgamento, diz advogado - Jornal","isPartOf":{"@id":"https:\/\/jornalboasnoticias.com.br\/home\/#website"},"primaryImageOfPage":{"@id":"https:\/\/jornalboasnoticias.com.br\/home\/bolsonaro-esta-debilitado-e-nao-ira-a-julgamento-diz-advogado\/#primaryimage"},"image":{"@id":"https:\/\/jornalboasnoticias.com.br\/home\/bolsonaro-esta-debilitado-e-nao-ira-a-julgamento-diz-advogado\/#primaryimage"},"thumbnailUrl":"https:\/\/jornalboasnoticias.com.br\/home\/wp-content\/uploads\/2025\/09\/52867713501_225a8e331b_o-e1757423049702.webp","datePublished":"2025-09-09T13:04:27+00:00","description":"Bolsonaro est\u00e1 \u201cdebilitado\u201d e n\u00e3o ir\u00e1 a julgamento, diz advogado","breadcrumb":{"@id":"https:\/\/jornalboasnoticias.com.br\/home\/bolsonaro-esta-debilitado-e-nao-ira-a-julgamento-diz-advogado\/#breadcrumb"},"inLanguage":"pt-BR","potentialAction":[{"@type":"ReadAction","target":["https:\/\/jornalboasnoticias.com.br\/home\/bolsonaro-esta-debilitado-e-nao-ira-a-julgamento-diz-advogado\/"]}]},{"@type":"ImageObject","inLanguage":"pt-BR","@id":"https:\/\/jornalboasnoticias.com.br\/home\/bolsonaro-esta-debilitado-e-nao-ira-a-julgamento-diz-advogado\/#primaryimage","url":"https:\/\/jornalboasnoticias.com.br\/home\/wp-content\/uploads\/2025\/09\/52867713501_225a8e331b_o-e1757423049702.webp","contentUrl":"https:\/\/jornalboasnoticias.com.br\/home\/wp-content\/uploads\/2025\/09\/52867713501_225a8e331b_o-e1757423049702.webp","width":1000,"height":598,"caption":"\u00a9 Fabio Rodrigues-Pozzebom\/ Ag\u00eancia"},{"@type":"BreadcrumbList","@id":"https:\/\/jornalboasnoticias.com.br\/home\/bolsonaro-esta-debilitado-e-nao-ira-a-julgamento-diz-advogado\/#breadcrumb","itemListElement":[{"@type":"ListItem","position":1,"name":"In\u00edcio","item":"https:\/\/jornalboasnoticias.com.br\/home\/"},{"@type":"ListItem","position":2,"name":"Bolsonaro est\u00e1 \u201cdebilitado\u201d e n\u00e3o ir\u00e1 a julgamento, diz advogado"}]},{"@type":"WebSite","@id":"https:\/\/jornalboasnoticias.com.br\/home\/#website","url":"https:\/\/jornalboasnoticias.com.br\/home\/","name":"Jornal Boas Not\u00edcias","description":"Boas not\u00edcias","publisher":{"@id":"https:\/\/jornalboasnoticias.com.br\/home\/#organization"},"potentialAction":[{"@type":"SearchAction","target":{"@type":"EntryPoint","urlTemplate":"https:\/\/jornalboasnoticias.com.br\/home\/?s={search_term_string}"},"query-input":{"@type":"PropertyValueSpecification","valueRequired":true,"valueName":"search_term_string"}}],"inLanguage":"pt-BR"},{"@type":"Organization","@id":"https:\/\/jornalboasnoticias.com.br\/home\/#organization","name":"Coq Editora Ltda","alternateName":"Jornal Boas Noticias","url":"https:\/\/jornalboasnoticias.com.br\/home\/","logo":{"@type":"ImageObject","inLanguage":"pt-BR","@id":"https:\/\/jornalboasnoticias.com.br\/home\/#\/schema\/logo\/image\/","url":"https:\/\/jornalboasnoticias.com.br\/home\/wp-content\/uploads\/2024\/07\/cropped-logo.jpg","contentUrl":"https:\/\/jornalboasnoticias.com.br\/home\/wp-content\/uploads\/2024\/07\/cropped-logo.jpg","width":290,"height":142,"caption":"Coq Editora Ltda"},"image":{"@id":"https:\/\/jornalboasnoticias.com.br\/home\/#\/schema\/logo\/image\/"},"sameAs":["https:\/\/www.facebook.com\/boasnoticiasjornal"]},{"@type":"Person","@id":"https:\/\/jornalboasnoticias.com.br\/home\/#\/schema\/person\/75f9ebde398c998c166475fb446bda62","name":"Luiz Carlos da Cruz","image":{"@type":"ImageObject","inLanguage":"pt-BR","@id":"https:\/\/secure.gravatar.com\/avatar\/e6f4f45301b6cb8572f7b076572e8ac11c1db80e805d8c8d0858cf286ce3ac3b?s=96&d=mm&r=g","url":"https:\/\/secure.gravatar.com\/avatar\/e6f4f45301b6cb8572f7b076572e8ac11c1db80e805d8c8d0858cf286ce3ac3b?s=96&d=mm&r=g","contentUrl":"https:\/\/secure.gravatar.com\/avatar\/e6f4f45301b6cb8572f7b076572e8ac11c1db80e805d8c8d0858cf286ce3ac3b?s=96&d=mm&r=g","caption":"Luiz Carlos da Cruz"},"url":"https:\/\/jornalboasnoticias.com.br\/home\/author\/luiz-carlos-da-cruz\/"}]}},"_links":{"self":[{"href":"https:\/\/jornalboasnoticias.com.br\/home\/wp-json\/wp\/v2\/posts\/46472","targetHints":{"allow":["GET"]}}],"collection":[{"href":"https:\/\/jornalboasnoticias.com.br\/home\/wp-json\/wp\/v2\/posts"}],"about":[{"href":"https:\/\/jornalboasnoticias.com.br\/home\/wp-json\/wp\/v2\/types\/post"}],"author":[{"embeddable":true,"href":"https:\/\/jornalboasnoticias.com.br\/home\/wp-json\/wp\/v2\/users\/3"}],"replies":[{"embeddable":true,"href":"https:\/\/jornalboasnoticias.com.br\/home\/wp-json\/wp\/v2\/comments?post=46472"}],"version-history":[{"count":1,"href":"https:\/\/jornalboasnoticias.com.br\/home\/wp-json\/wp\/v2\/posts\/46472\/revisions"}],"predecessor-version":[{"id":46474,"href":"https:\/\/jornalboasnoticias.com.br\/home\/wp-json\/wp\/v2\/posts\/46472\/revisions\/46474"}],"wp:featuredmedia":[{"embeddable":true,"href":"https:\/\/jornalboasnoticias.com.br\/home\/wp-json\/wp\/v2\/media\/46473"}],"wp:attachment":[{"href":"https:\/\/jornalboasnoticias.com.br\/home\/wp-json\/wp\/v2\/media?parent=46472"}],"wp:term":[{"taxonomy":"category","embeddable":true,"href":"https:\/\/jornalboasnoticias.com.br\/home\/wp-json\/wp\/v2\/categories?post=46472"},{"taxonomy":"post_tag","embeddable":true,"href":"https:\/\/jornalboasnoticias.com.br\/home\/wp-json\/wp\/v2\/tags?post=46472"}],"curies":[{"name":"wp","href":"https:\/\/api.w.org\/{rel}","templated":true}]}}