{"id":46463,"date":"2025-09-08T18:48:05","date_gmt":"2025-09-08T18:48:05","guid":{"rendered":"https:\/\/jornalboasnoticias.com.br\/home\/?p=46463"},"modified":"2025-09-08T18:48:05","modified_gmt":"2025-09-08T18:48:05","slug":"bolsonaro-pede-autorizacao-do-stf-para-fazer-procedimento-medico","status":"publish","type":"post","link":"https:\/\/jornalboasnoticias.com.br\/home\/bolsonaro-pede-autorizacao-do-stf-para-fazer-procedimento-medico\/","title":{"rendered":"Bolsonaro pede autoriza\u00e7\u00e3o do STF para fazer procedimento m\u00e9dico"},"content":{"rendered":"<blockquote>\n<p style=\"text-align: center;\">Prescri\u00e7\u00e3o \u00e9 de realiza\u00e7\u00e3o de procedimento na pele<\/p>\n<\/blockquote>\n<figure id=\"attachment_46464\" aria-describedby=\"caption-attachment-46464\" style=\"width: 1170px\" class=\"wp-caption aligncenter\"><img loading=\"lazy\" decoding=\"async\" class=\"wp-image-46464 size-full\" src=\"https:\/\/jornalboasnoticias.com.br\/home\/wp-content\/uploads\/2025\/09\/54409368261_d47aa40a95_o.webp\" alt=\"\" width=\"1170\" height=\"700\" srcset=\"https:\/\/jornalboasnoticias.com.br\/home\/wp-content\/uploads\/2025\/09\/54409368261_d47aa40a95_o.webp 1170w, https:\/\/jornalboasnoticias.com.br\/home\/wp-content\/uploads\/2025\/09\/54409368261_d47aa40a95_o-300x179.webp 300w, https:\/\/jornalboasnoticias.com.br\/home\/wp-content\/uploads\/2025\/09\/54409368261_d47aa40a95_o-1024x613.webp 1024w, https:\/\/jornalboasnoticias.com.br\/home\/wp-content\/uploads\/2025\/09\/54409368261_d47aa40a95_o-768x459.webp 768w\" sizes=\"auto, (max-width: 1170px) 100vw, 1170px\" \/><figcaption id=\"caption-attachment-46464\" class=\"wp-caption-text\">\u00a9 Antonio Augusto\/STF<\/figcaption><\/figure>\n<p>O ex-presidente Jair Bolsonaro pediu autoriza\u00e7\u00e3o ao ministro Alexandre de Moraes, do Supremo Tribunal Federal (STF), para realiza\u00e7\u00e3o de um procedimento m\u00e9dico no pr\u00f3ximo domingo\u00a0(14), no Hospital DF Star, em Bras\u00edlia.<img decoding=\"async\" src=\"https:\/\/agenciabrasil.ebc.com.br\/ebc.png?id=1657606&amp;o=node\" \/><img decoding=\"async\" src=\"https:\/\/agenciabrasil.ebc.com.br\/ebc.gif?id=1657606&amp;o=node\" \/><\/p>\n<p>No pedido encaminhado ao Supremo na manh\u00e3 de hoje, Bolsonaro, que est\u00e1 em pris\u00e3o domiciliar,\u00a0anexou relat\u00f3rio m\u00e9dico que prescreve\u00a0um procedimento na pele, com alta no mesmo dia.<\/p>\n<p>No dia 4 de agosto,\u00a0Moraes decretou a pris\u00e3o domiciliar\u00a0do ex-presidente\u00a0e restringiu a realiza\u00e7\u00e3o de visitas na casa de Bolsonaro, que tamb\u00e9m \u00e9 monitorado por tornozeleira eletr\u00f4nica.<\/p>\n<p>A pris\u00e3o foi\u00a0decretada\u00a0ap\u00f3s o ministro entender que Bolsonaro\u00a0usou redes sociais dos filhos para burlar a proibi\u00e7\u00e3o de usar as pr\u00f3prias, inclusive por interm\u00e9dio de terceiros.<\/p>\n<p>As medidas cautelares foram determinadas no inqu\u00e9rito no qual o deputado federal\u00a0Eduardo Bolsonaro\u00a0(PL-SP), filho do ex-presidente, \u00e9 investigado pela\u00a0atua\u00e7\u00e3o junto ao governo do presidente dos Estados Unidos, Donald Trump, para promover medidas de retalia\u00e7\u00e3o contra o governo brasileiro e ministros do Supremo.<\/p>\n<p>Em mar\u00e7o deste ano,\u00a0Eduardo\u00a0pediu licen\u00e7a\u00a0do mandato parlamentar e foi morar nos Estados Unidos, sob a alega\u00e7\u00e3o de persegui\u00e7\u00e3o pol\u00edtica.<\/p>\n<p>Nesse processo, o ex-presidente \u00e9 investigado por mandar recursos, via pix, para bancar a estadia de seu filho no exterior.<\/p>\n<p>Bolsonaro\u00a0tamb\u00e9m \u00e9 r\u00e9u na a\u00e7\u00e3o penal da trama golpista no Supremo, cujo\u00a0julgamento deve ser finalizado na sexta-feira\u00a0(12).<\/p>\n<p><em>Ag\u00eancia Brasil<\/em><\/p>\n","protected":false},"excerpt":{"rendered":"<p>Prescri\u00e7\u00e3o \u00e9 de realiza\u00e7\u00e3o de procedimento na pele O ex-presidente Jair Bolsonaro pediu autoriza\u00e7\u00e3o ao<\/p>\n","protected":false},"author":3,"featured_media":46464,"comment_status":"open","ping_status":"open","sticky":false,"template":"","format":"standard","meta":{"footnotes":""},"categories":[3,22],"tags":[],"class_list":["post-46463","post","type-post","status-publish","format-standard","has-post-thumbnail","hentry","category-destaques","category-justica"],"yoast_head":"<!-- This site is optimized with the Yoast SEO plugin v27.5 - https:\/\/yoast.com\/product\/yoast-seo-wordpress\/ -->\n<title>Bolsonaro pede autoriza\u00e7\u00e3o do STF para fazer procedimento m\u00e9dico - Jornal<\/title>\n<meta name=\"description\" content=\"Bolsonaro pede autoriza\u00e7\u00e3o do STF para fazer procedimento m\u00e9dico\" \/>\n<meta name=\"robots\" content=\"index, follow, max-snippet:-1, max-image-preview:large, max-video-preview:-1\" \/>\n<link rel=\"canonical\" href=\"https:\/\/jornalboasnoticias.com.br\/home\/bolsonaro-pede-autorizacao-do-stf-para-fazer-procedimento-medico\/\" \/>\n<meta property=\"og:locale\" content=\"pt_BR\" \/>\n<meta property=\"og:type\" content=\"article\" \/>\n<meta property=\"og:title\" content=\"Bolsonaro pede autoriza\u00e7\u00e3o do STF para fazer procedimento m\u00e9dico - Jornal\" \/>\n<meta property=\"og:description\" content=\"Bolsonaro pede autoriza\u00e7\u00e3o do STF para fazer procedimento m\u00e9dico\" \/>\n<meta property=\"og:url\" content=\"https:\/\/jornalboasnoticias.com.br\/home\/bolsonaro-pede-autorizacao-do-stf-para-fazer-procedimento-medico\/\" \/>\n<meta property=\"og:site_name\" content=\"Jornal\" \/>\n<meta property=\"article:publisher\" content=\"https:\/\/www.facebook.com\/boasnoticiasjornal\" \/>\n<meta property=\"article:published_time\" content=\"2025-09-08T18:48:05+00:00\" \/>\n<meta property=\"og:image\" content=\"https:\/\/jornalboasnoticias.com.br\/home\/wp-content\/uploads\/2025\/09\/54409368261_d47aa40a95_o.webp\" \/>\n\t<meta property=\"og:image:width\" content=\"1170\" \/>\n\t<meta property=\"og:image:height\" content=\"700\" \/>\n\t<meta property=\"og:image:type\" content=\"image\/webp\" \/>\n<meta name=\"author\" content=\"Luiz Carlos da Cruz\" \/>\n<meta name=\"twitter:card\" content=\"summary_large_image\" \/>\n<meta name=\"twitter:label1\" content=\"Escrito por\" \/>\n\t<meta name=\"twitter:data1\" content=\"Luiz Carlos da Cruz\" \/>\n\t<meta name=\"twitter:label2\" content=\"Est. tempo de leitura\" \/>\n\t<meta name=\"twitter:data2\" content=\"3 minutos\" \/>\n<script type=\"application\/ld+json\" class=\"yoast-schema-graph\">{\"@context\":\"https:\\\/\\\/schema.org\",\"@graph\":[{\"@type\":\"Article\",\"@id\":\"https:\\\/\\\/jornalboasnoticias.com.br\\\/home\\\/bolsonaro-pede-autorizacao-do-stf-para-fazer-procedimento-medico\\\/#article\",\"isPartOf\":{\"@id\":\"https:\\\/\\\/jornalboasnoticias.com.br\\\/home\\\/bolsonaro-pede-autorizacao-do-stf-para-fazer-procedimento-medico\\\/\"},\"author\":{\"name\":\"Luiz Carlos da Cruz\",\"@id\":\"https:\\\/\\\/jornalboasnoticias.com.br\\\/home\\\/#\\\/schema\\\/person\\\/75f9ebde398c998c166475fb446bda62\"},\"headline\":\"Bolsonaro pede autoriza\u00e7\u00e3o do STF para fazer procedimento m\u00e9dico\",\"datePublished\":\"2025-09-08T18:48:05+00:00\",\"mainEntityOfPage\":{\"@id\":\"https:\\\/\\\/jornalboasnoticias.com.br\\\/home\\\/bolsonaro-pede-autorizacao-do-stf-para-fazer-procedimento-medico\\\/\"},\"wordCount\":279,\"commentCount\":0,\"publisher\":{\"@id\":\"https:\\\/\\\/jornalboasnoticias.com.br\\\/home\\\/#organization\"},\"image\":{\"@id\":\"https:\\\/\\\/jornalboasnoticias.com.br\\\/home\\\/bolsonaro-pede-autorizacao-do-stf-para-fazer-procedimento-medico\\\/#primaryimage\"},\"thumbnailUrl\":\"https:\\\/\\\/jornalboasnoticias.com.br\\\/home\\\/wp-content\\\/uploads\\\/2025\\\/09\\\/54409368261_d47aa40a95_o.webp\",\"articleSection\":[\"DESTAQUE\",\"JUSTI\u00c7A\"],\"inLanguage\":\"pt-BR\",\"potentialAction\":[{\"@type\":\"CommentAction\",\"name\":\"Comment\",\"target\":[\"https:\\\/\\\/jornalboasnoticias.com.br\\\/home\\\/bolsonaro-pede-autorizacao-do-stf-para-fazer-procedimento-medico\\\/#respond\"]}]},{\"@type\":\"WebPage\",\"@id\":\"https:\\\/\\\/jornalboasnoticias.com.br\\\/home\\\/bolsonaro-pede-autorizacao-do-stf-para-fazer-procedimento-medico\\\/\",\"url\":\"https:\\\/\\\/jornalboasnoticias.com.br\\\/home\\\/bolsonaro-pede-autorizacao-do-stf-para-fazer-procedimento-medico\\\/\",\"name\":\"Bolsonaro pede autoriza\u00e7\u00e3o do STF para fazer procedimento m\u00e9dico - Jornal\",\"isPartOf\":{\"@id\":\"https:\\\/\\\/jornalboasnoticias.com.br\\\/home\\\/#website\"},\"primaryImageOfPage\":{\"@id\":\"https:\\\/\\\/jornalboasnoticias.com.br\\\/home\\\/bolsonaro-pede-autorizacao-do-stf-para-fazer-procedimento-medico\\\/#primaryimage\"},\"image\":{\"@id\":\"https:\\\/\\\/jornalboasnoticias.com.br\\\/home\\\/bolsonaro-pede-autorizacao-do-stf-para-fazer-procedimento-medico\\\/#primaryimage\"},\"thumbnailUrl\":\"https:\\\/\\\/jornalboasnoticias.com.br\\\/home\\\/wp-content\\\/uploads\\\/2025\\\/09\\\/54409368261_d47aa40a95_o.webp\",\"datePublished\":\"2025-09-08T18:48:05+00:00\",\"description\":\"Bolsonaro pede autoriza\u00e7\u00e3o do STF para fazer procedimento m\u00e9dico\",\"breadcrumb\":{\"@id\":\"https:\\\/\\\/jornalboasnoticias.com.br\\\/home\\\/bolsonaro-pede-autorizacao-do-stf-para-fazer-procedimento-medico\\\/#breadcrumb\"},\"inLanguage\":\"pt-BR\",\"potentialAction\":[{\"@type\":\"ReadAction\",\"target\":[\"https:\\\/\\\/jornalboasnoticias.com.br\\\/home\\\/bolsonaro-pede-autorizacao-do-stf-para-fazer-procedimento-medico\\\/\"]}]},{\"@type\":\"ImageObject\",\"inLanguage\":\"pt-BR\",\"@id\":\"https:\\\/\\\/jornalboasnoticias.com.br\\\/home\\\/bolsonaro-pede-autorizacao-do-stf-para-fazer-procedimento-medico\\\/#primaryimage\",\"url\":\"https:\\\/\\\/jornalboasnoticias.com.br\\\/home\\\/wp-content\\\/uploads\\\/2025\\\/09\\\/54409368261_d47aa40a95_o.webp\",\"contentUrl\":\"https:\\\/\\\/jornalboasnoticias.com.br\\\/home\\\/wp-content\\\/uploads\\\/2025\\\/09\\\/54409368261_d47aa40a95_o.webp\",\"width\":1170,\"height\":700,\"caption\":\"\u00a9 Antonio Augusto\\\/STF\"},{\"@type\":\"BreadcrumbList\",\"@id\":\"https:\\\/\\\/jornalboasnoticias.com.br\\\/home\\\/bolsonaro-pede-autorizacao-do-stf-para-fazer-procedimento-medico\\\/#breadcrumb\",\"itemListElement\":[{\"@type\":\"ListItem\",\"position\":1,\"name\":\"In\u00edcio\",\"item\":\"https:\\\/\\\/jornalboasnoticias.com.br\\\/home\\\/\"},{\"@type\":\"ListItem\",\"position\":2,\"name\":\"Bolsonaro pede autoriza\u00e7\u00e3o do STF para fazer procedimento m\u00e9dico\"}]},{\"@type\":\"WebSite\",\"@id\":\"https:\\\/\\\/jornalboasnoticias.com.br\\\/home\\\/#website\",\"url\":\"https:\\\/\\\/jornalboasnoticias.com.br\\\/home\\\/\",\"name\":\"Jornal Boas Not\u00edcias\",\"description\":\"Boas not\u00edcias\",\"publisher\":{\"@id\":\"https:\\\/\\\/jornalboasnoticias.com.br\\\/home\\\/#organization\"},\"potentialAction\":[{\"@type\":\"SearchAction\",\"target\":{\"@type\":\"EntryPoint\",\"urlTemplate\":\"https:\\\/\\\/jornalboasnoticias.com.br\\\/home\\\/?s={search_term_string}\"},\"query-input\":{\"@type\":\"PropertyValueSpecification\",\"valueRequired\":true,\"valueName\":\"search_term_string\"}}],\"inLanguage\":\"pt-BR\"},{\"@type\":\"Organization\",\"@id\":\"https:\\\/\\\/jornalboasnoticias.com.br\\\/home\\\/#organization\",\"name\":\"Coq Editora Ltda\",\"alternateName\":\"Jornal Boas Noticias\",\"url\":\"https:\\\/\\\/jornalboasnoticias.com.br\\\/home\\\/\",\"logo\":{\"@type\":\"ImageObject\",\"inLanguage\":\"pt-BR\",\"@id\":\"https:\\\/\\\/jornalboasnoticias.com.br\\\/home\\\/#\\\/schema\\\/logo\\\/image\\\/\",\"url\":\"https:\\\/\\\/jornalboasnoticias.com.br\\\/home\\\/wp-content\\\/uploads\\\/2024\\\/07\\\/cropped-logo.jpg\",\"contentUrl\":\"https:\\\/\\\/jornalboasnoticias.com.br\\\/home\\\/wp-content\\\/uploads\\\/2024\\\/07\\\/cropped-logo.jpg\",\"width\":290,\"height\":142,\"caption\":\"Coq Editora Ltda\"},\"image\":{\"@id\":\"https:\\\/\\\/jornalboasnoticias.com.br\\\/home\\\/#\\\/schema\\\/logo\\\/image\\\/\"},\"sameAs\":[\"https:\\\/\\\/www.facebook.com\\\/boasnoticiasjornal\"]},{\"@type\":\"Person\",\"@id\":\"https:\\\/\\\/jornalboasnoticias.com.br\\\/home\\\/#\\\/schema\\\/person\\\/75f9ebde398c998c166475fb446bda62\",\"name\":\"Luiz Carlos da Cruz\",\"image\":{\"@type\":\"ImageObject\",\"inLanguage\":\"pt-BR\",\"@id\":\"https:\\\/\\\/secure.gravatar.com\\\/avatar\\\/e6f4f45301b6cb8572f7b076572e8ac11c1db80e805d8c8d0858cf286ce3ac3b?s=96&d=mm&r=g\",\"url\":\"https:\\\/\\\/secure.gravatar.com\\\/avatar\\\/e6f4f45301b6cb8572f7b076572e8ac11c1db80e805d8c8d0858cf286ce3ac3b?s=96&d=mm&r=g\",\"contentUrl\":\"https:\\\/\\\/secure.gravatar.com\\\/avatar\\\/e6f4f45301b6cb8572f7b076572e8ac11c1db80e805d8c8d0858cf286ce3ac3b?s=96&d=mm&r=g\",\"caption\":\"Luiz Carlos da Cruz\"},\"url\":\"https:\\\/\\\/jornalboasnoticias.com.br\\\/home\\\/author\\\/luiz-carlos-da-cruz\\\/\"}]}<\/script>\n<!-- \/ Yoast SEO plugin. -->","yoast_head_json":{"title":"Bolsonaro pede autoriza\u00e7\u00e3o do STF para fazer procedimento m\u00e9dico - Jornal","description":"Bolsonaro pede autoriza\u00e7\u00e3o do STF para fazer procedimento m\u00e9dico","robots":{"index":"index","follow":"follow","max-snippet":"max-snippet:-1","max-image-preview":"max-image-preview:large","max-video-preview":"max-video-preview:-1"},"canonical":"https:\/\/jornalboasnoticias.com.br\/home\/bolsonaro-pede-autorizacao-do-stf-para-fazer-procedimento-medico\/","og_locale":"pt_BR","og_type":"article","og_title":"Bolsonaro pede autoriza\u00e7\u00e3o do STF para fazer procedimento m\u00e9dico - Jornal","og_description":"Bolsonaro pede autoriza\u00e7\u00e3o do STF para fazer procedimento m\u00e9dico","og_url":"https:\/\/jornalboasnoticias.com.br\/home\/bolsonaro-pede-autorizacao-do-stf-para-fazer-procedimento-medico\/","og_site_name":"Jornal","article_publisher":"https:\/\/www.facebook.com\/boasnoticiasjornal","article_published_time":"2025-09-08T18:48:05+00:00","og_image":[{"width":1170,"height":700,"url":"https:\/\/jornalboasnoticias.com.br\/home\/wp-content\/uploads\/2025\/09\/54409368261_d47aa40a95_o.webp","type":"image\/webp"}],"author":"Luiz Carlos da Cruz","twitter_card":"summary_large_image","twitter_misc":{"Escrito por":"Luiz Carlos da Cruz","Est. tempo de leitura":"3 minutos"},"schema":{"@context":"https:\/\/schema.org","@graph":[{"@type":"Article","@id":"https:\/\/jornalboasnoticias.com.br\/home\/bolsonaro-pede-autorizacao-do-stf-para-fazer-procedimento-medico\/#article","isPartOf":{"@id":"https:\/\/jornalboasnoticias.com.br\/home\/bolsonaro-pede-autorizacao-do-stf-para-fazer-procedimento-medico\/"},"author":{"name":"Luiz Carlos da Cruz","@id":"https:\/\/jornalboasnoticias.com.br\/home\/#\/schema\/person\/75f9ebde398c998c166475fb446bda62"},"headline":"Bolsonaro pede autoriza\u00e7\u00e3o do STF para fazer procedimento m\u00e9dico","datePublished":"2025-09-08T18:48:05+00:00","mainEntityOfPage":{"@id":"https:\/\/jornalboasnoticias.com.br\/home\/bolsonaro-pede-autorizacao-do-stf-para-fazer-procedimento-medico\/"},"wordCount":279,"commentCount":0,"publisher":{"@id":"https:\/\/jornalboasnoticias.com.br\/home\/#organization"},"image":{"@id":"https:\/\/jornalboasnoticias.com.br\/home\/bolsonaro-pede-autorizacao-do-stf-para-fazer-procedimento-medico\/#primaryimage"},"thumbnailUrl":"https:\/\/jornalboasnoticias.com.br\/home\/wp-content\/uploads\/2025\/09\/54409368261_d47aa40a95_o.webp","articleSection":["DESTAQUE","JUSTI\u00c7A"],"inLanguage":"pt-BR","potentialAction":[{"@type":"CommentAction","name":"Comment","target":["https:\/\/jornalboasnoticias.com.br\/home\/bolsonaro-pede-autorizacao-do-stf-para-fazer-procedimento-medico\/#respond"]}]},{"@type":"WebPage","@id":"https:\/\/jornalboasnoticias.com.br\/home\/bolsonaro-pede-autorizacao-do-stf-para-fazer-procedimento-medico\/","url":"https:\/\/jornalboasnoticias.com.br\/home\/bolsonaro-pede-autorizacao-do-stf-para-fazer-procedimento-medico\/","name":"Bolsonaro pede autoriza\u00e7\u00e3o do STF para fazer procedimento m\u00e9dico - Jornal","isPartOf":{"@id":"https:\/\/jornalboasnoticias.com.br\/home\/#website"},"primaryImageOfPage":{"@id":"https:\/\/jornalboasnoticias.com.br\/home\/bolsonaro-pede-autorizacao-do-stf-para-fazer-procedimento-medico\/#primaryimage"},"image":{"@id":"https:\/\/jornalboasnoticias.com.br\/home\/bolsonaro-pede-autorizacao-do-stf-para-fazer-procedimento-medico\/#primaryimage"},"thumbnailUrl":"https:\/\/jornalboasnoticias.com.br\/home\/wp-content\/uploads\/2025\/09\/54409368261_d47aa40a95_o.webp","datePublished":"2025-09-08T18:48:05+00:00","description":"Bolsonaro pede autoriza\u00e7\u00e3o do STF para fazer procedimento m\u00e9dico","breadcrumb":{"@id":"https:\/\/jornalboasnoticias.com.br\/home\/bolsonaro-pede-autorizacao-do-stf-para-fazer-procedimento-medico\/#breadcrumb"},"inLanguage":"pt-BR","potentialAction":[{"@type":"ReadAction","target":["https:\/\/jornalboasnoticias.com.br\/home\/bolsonaro-pede-autorizacao-do-stf-para-fazer-procedimento-medico\/"]}]},{"@type":"ImageObject","inLanguage":"pt-BR","@id":"https:\/\/jornalboasnoticias.com.br\/home\/bolsonaro-pede-autorizacao-do-stf-para-fazer-procedimento-medico\/#primaryimage","url":"https:\/\/jornalboasnoticias.com.br\/home\/wp-content\/uploads\/2025\/09\/54409368261_d47aa40a95_o.webp","contentUrl":"https:\/\/jornalboasnoticias.com.br\/home\/wp-content\/uploads\/2025\/09\/54409368261_d47aa40a95_o.webp","width":1170,"height":700,"caption":"\u00a9 Antonio Augusto\/STF"},{"@type":"BreadcrumbList","@id":"https:\/\/jornalboasnoticias.com.br\/home\/bolsonaro-pede-autorizacao-do-stf-para-fazer-procedimento-medico\/#breadcrumb","itemListElement":[{"@type":"ListItem","position":1,"name":"In\u00edcio","item":"https:\/\/jornalboasnoticias.com.br\/home\/"},{"@type":"ListItem","position":2,"name":"Bolsonaro pede autoriza\u00e7\u00e3o do STF para fazer procedimento m\u00e9dico"}]},{"@type":"WebSite","@id":"https:\/\/jornalboasnoticias.com.br\/home\/#website","url":"https:\/\/jornalboasnoticias.com.br\/home\/","name":"Jornal Boas Not\u00edcias","description":"Boas not\u00edcias","publisher":{"@id":"https:\/\/jornalboasnoticias.com.br\/home\/#organization"},"potentialAction":[{"@type":"SearchAction","target":{"@type":"EntryPoint","urlTemplate":"https:\/\/jornalboasnoticias.com.br\/home\/?s={search_term_string}"},"query-input":{"@type":"PropertyValueSpecification","valueRequired":true,"valueName":"search_term_string"}}],"inLanguage":"pt-BR"},{"@type":"Organization","@id":"https:\/\/jornalboasnoticias.com.br\/home\/#organization","name":"Coq Editora Ltda","alternateName":"Jornal Boas Noticias","url":"https:\/\/jornalboasnoticias.com.br\/home\/","logo":{"@type":"ImageObject","inLanguage":"pt-BR","@id":"https:\/\/jornalboasnoticias.com.br\/home\/#\/schema\/logo\/image\/","url":"https:\/\/jornalboasnoticias.com.br\/home\/wp-content\/uploads\/2024\/07\/cropped-logo.jpg","contentUrl":"https:\/\/jornalboasnoticias.com.br\/home\/wp-content\/uploads\/2024\/07\/cropped-logo.jpg","width":290,"height":142,"caption":"Coq Editora Ltda"},"image":{"@id":"https:\/\/jornalboasnoticias.com.br\/home\/#\/schema\/logo\/image\/"},"sameAs":["https:\/\/www.facebook.com\/boasnoticiasjornal"]},{"@type":"Person","@id":"https:\/\/jornalboasnoticias.com.br\/home\/#\/schema\/person\/75f9ebde398c998c166475fb446bda62","name":"Luiz Carlos da Cruz","image":{"@type":"ImageObject","inLanguage":"pt-BR","@id":"https:\/\/secure.gravatar.com\/avatar\/e6f4f45301b6cb8572f7b076572e8ac11c1db80e805d8c8d0858cf286ce3ac3b?s=96&d=mm&r=g","url":"https:\/\/secure.gravatar.com\/avatar\/e6f4f45301b6cb8572f7b076572e8ac11c1db80e805d8c8d0858cf286ce3ac3b?s=96&d=mm&r=g","contentUrl":"https:\/\/secure.gravatar.com\/avatar\/e6f4f45301b6cb8572f7b076572e8ac11c1db80e805d8c8d0858cf286ce3ac3b?s=96&d=mm&r=g","caption":"Luiz Carlos da Cruz"},"url":"https:\/\/jornalboasnoticias.com.br\/home\/author\/luiz-carlos-da-cruz\/"}]}},"_links":{"self":[{"href":"https:\/\/jornalboasnoticias.com.br\/home\/wp-json\/wp\/v2\/posts\/46463","targetHints":{"allow":["GET"]}}],"collection":[{"href":"https:\/\/jornalboasnoticias.com.br\/home\/wp-json\/wp\/v2\/posts"}],"about":[{"href":"https:\/\/jornalboasnoticias.com.br\/home\/wp-json\/wp\/v2\/types\/post"}],"author":[{"embeddable":true,"href":"https:\/\/jornalboasnoticias.com.br\/home\/wp-json\/wp\/v2\/users\/3"}],"replies":[{"embeddable":true,"href":"https:\/\/jornalboasnoticias.com.br\/home\/wp-json\/wp\/v2\/comments?post=46463"}],"version-history":[{"count":1,"href":"https:\/\/jornalboasnoticias.com.br\/home\/wp-json\/wp\/v2\/posts\/46463\/revisions"}],"predecessor-version":[{"id":46465,"href":"https:\/\/jornalboasnoticias.com.br\/home\/wp-json\/wp\/v2\/posts\/46463\/revisions\/46465"}],"wp:featuredmedia":[{"embeddable":true,"href":"https:\/\/jornalboasnoticias.com.br\/home\/wp-json\/wp\/v2\/media\/46464"}],"wp:attachment":[{"href":"https:\/\/jornalboasnoticias.com.br\/home\/wp-json\/wp\/v2\/media?parent=46463"}],"wp:term":[{"taxonomy":"category","embeddable":true,"href":"https:\/\/jornalboasnoticias.com.br\/home\/wp-json\/wp\/v2\/categories?post=46463"},{"taxonomy":"post_tag","embeddable":true,"href":"https:\/\/jornalboasnoticias.com.br\/home\/wp-json\/wp\/v2\/tags?post=46463"}],"curies":[{"name":"wp","href":"https:\/\/api.w.org\/{rel}","templated":true}]}}