{"id":46460,"date":"2025-09-08T00:42:57","date_gmt":"2025-09-08T00:42:57","guid":{"rendered":"https:\/\/jornalboasnoticias.com.br\/home\/?p=46460"},"modified":"2025-09-08T00:42:57","modified_gmt":"2025-09-08T00:42:57","slug":"camara-de-sp-entrega-rua-a-igreja-batista-e-se-dobra-ao-lobby-religioso","status":"publish","type":"post","link":"https:\/\/jornalboasnoticias.com.br\/home\/camara-de-sp-entrega-rua-a-igreja-batista-e-se-dobra-ao-lobby-religioso\/","title":{"rendered":"C\u00e2mara de SP entrega rua \u00e0 Igreja Batista e se dobra ao lobby religioso"},"content":{"rendered":"<figure id=\"attachment_46461\" aria-describedby=\"caption-attachment-46461\" style=\"width: 1200px\" class=\"wp-caption alignnone\"><img loading=\"lazy\" decoding=\"async\" class=\"size-full wp-image-46461\" src=\"https:\/\/jornalboasnoticias.com.br\/home\/wp-content\/uploads\/2025\/09\/rua.webp\" alt=\"\" width=\"1200\" height=\"630\" srcset=\"https:\/\/jornalboasnoticias.com.br\/home\/wp-content\/uploads\/2025\/09\/rua.webp 1200w, https:\/\/jornalboasnoticias.com.br\/home\/wp-content\/uploads\/2025\/09\/rua-300x158.webp 300w, https:\/\/jornalboasnoticias.com.br\/home\/wp-content\/uploads\/2025\/09\/rua-1024x538.webp 1024w, https:\/\/jornalboasnoticias.com.br\/home\/wp-content\/uploads\/2025\/09\/rua-768x403.webp 768w\" sizes=\"auto, (max-width: 1200px) 100vw, 1200px\" \/><figcaption id=\"caption-attachment-46461\" class=\"wp-caption-text\">Rua Canoal, na Vila Andrade, zona sul de S\u00e3o Paulo \u2013 Foto: Reprodu\u00e7\u00e3o<\/figcaption><\/figure>\n<p data-start=\"142\" data-end=\"482\">A C\u00e2mara Municipal de S\u00e3o Paulo aprovou, por 30 votos a 13, uma emenda que autoriza a privatiza\u00e7\u00e3o da Rua Canoal, localizada na Vila Andrade, zona sul da capital. A medida, proposta pelo vereador Isac F\u00e9lix (PL), membro da Igreja Batista do Morumbi, beneficia diretamente a institui\u00e7\u00e3o religiosa, que possui im\u00f3veis nos dois lados da via.<\/p>\n<p data-start=\"484\" data-end=\"807\">Se sancionada pelo prefeito Ricardo Nunes (MDB), a rua deixar\u00e1 de ser um bem de uso comum e passar\u00e1 \u00e0 categoria de bem dominial, o que permitir\u00e1 sua venda. A Prefeitura tem 15 dias \u00fateis para decidir entre sancionar integralmente, vetar ou sancionar parcialmente o texto, ap\u00f3s parecer t\u00e9cnico das secretarias competentes.<\/p>\n<p data-start=\"809\" data-end=\"1198\">A Rua Canoal tem cerca de 100 metros de extens\u00e3o e 7 metros de largura, totalizando 700 m\u00b2. No entorno, est\u00e3o o templo principal da Igreja Batista do Morumbi, com 4,1 mil m\u00b2 de \u00e1rea constru\u00edda, e o Christian Hall, institui\u00e7\u00e3o de ensino m\u00e9dio, gradua\u00e7\u00e3o e p\u00f3s-gradua\u00e7\u00e3o ligada \u00e0 entidade religiosa. A igreja atua h\u00e1 mais de 40 anos na regi\u00e3o, com atividades religiosas e projetos sociais.<\/p>\n<p data-start=\"1200\" data-end=\"1636\">Em 2024, a Igreja Batista j\u00e1 havia tentado fechar a rua com port\u00e3o ou cancela, mas o pedido foi negado pela Subprefeitura do Campo Limpo, ap\u00f3s parecer da Companhia de Engenharia de Tr\u00e1fego (CET). O relat\u00f3rio t\u00e9cnico apontou impacto negativo na mobilidade, j\u00e1 que a via \u00e9 usada por moradores de condom\u00ednios residenciais, frequentadores de escolas pr\u00f3ximas e serve de liga\u00e7\u00e3o entre as ruas Carvalho de Freitas e Maria Jos\u00e9 da Concei\u00e7\u00e3o.<\/p>\n<p data-start=\"1638\" data-end=\"1868\">A CET tamb\u00e9m destacou que a Rua Canoal cumpre papel relevante no tr\u00e2nsito local, inclusive oferecendo vagas de estacionamento em per\u00edodos de grande movimento, e alertou que o fechamento poderia prejudicar a circula\u00e7\u00e3o da regi\u00e3o.<\/p>\n","protected":false},"excerpt":{"rendered":"<p>A C\u00e2mara Municipal de S\u00e3o Paulo aprovou, por 30 votos a 13, uma emenda que<\/p>\n","protected":false},"author":3,"featured_media":46461,"comment_status":"open","ping_status":"open","sticky":false,"template":"","format":"standard","meta":{"footnotes":""},"categories":[6],"tags":[],"class_list":["post-46460","post","type-post","status-publish","format-standard","has-post-thumbnail","hentry","category-brasil"],"yoast_head":"<!-- This site is optimized with the Yoast SEO plugin v27.5 - https:\/\/yoast.com\/product\/yoast-seo-wordpress\/ -->\n<title>C\u00e2mara de SP entrega rua \u00e0 Igreja Batista e se dobra ao lobby religioso - Jornal<\/title>\n<meta name=\"description\" content=\"C\u00e2mara de SP entrega rua \u00e0 Igreja Batista e se dobra ao lobby religioso\" \/>\n<meta name=\"robots\" content=\"index, follow, max-snippet:-1, max-image-preview:large, max-video-preview:-1\" \/>\n<link rel=\"canonical\" href=\"https:\/\/jornalboasnoticias.com.br\/home\/camara-de-sp-entrega-rua-a-igreja-batista-e-se-dobra-ao-lobby-religioso\/\" \/>\n<meta property=\"og:locale\" content=\"pt_BR\" \/>\n<meta property=\"og:type\" content=\"article\" \/>\n<meta property=\"og:title\" content=\"C\u00e2mara de SP entrega rua \u00e0 Igreja Batista e se dobra ao lobby religioso - Jornal\" \/>\n<meta property=\"og:description\" content=\"C\u00e2mara de SP entrega rua \u00e0 Igreja Batista e se dobra ao lobby religioso\" \/>\n<meta property=\"og:url\" content=\"https:\/\/jornalboasnoticias.com.br\/home\/camara-de-sp-entrega-rua-a-igreja-batista-e-se-dobra-ao-lobby-religioso\/\" \/>\n<meta property=\"og:site_name\" content=\"Jornal\" \/>\n<meta property=\"article:publisher\" content=\"https:\/\/www.facebook.com\/boasnoticiasjornal\" \/>\n<meta property=\"article:published_time\" content=\"2025-09-08T00:42:57+00:00\" \/>\n<meta property=\"og:image\" content=\"https:\/\/jornalboasnoticias.com.br\/home\/wp-content\/uploads\/2025\/09\/rua.webp\" \/>\n\t<meta property=\"og:image:width\" content=\"1200\" \/>\n\t<meta property=\"og:image:height\" content=\"630\" \/>\n\t<meta property=\"og:image:type\" content=\"image\/webp\" \/>\n<meta name=\"author\" content=\"Luiz Carlos da Cruz\" \/>\n<meta name=\"twitter:card\" content=\"summary_large_image\" \/>\n<meta name=\"twitter:label1\" content=\"Escrito por\" \/>\n\t<meta name=\"twitter:data1\" content=\"Luiz Carlos da Cruz\" \/>\n\t<meta name=\"twitter:label2\" content=\"Est. tempo de leitura\" \/>\n\t<meta name=\"twitter:data2\" content=\"3 minutos\" \/>\n<script type=\"application\/ld+json\" class=\"yoast-schema-graph\">{\"@context\":\"https:\\\/\\\/schema.org\",\"@graph\":[{\"@type\":\"Article\",\"@id\":\"https:\\\/\\\/jornalboasnoticias.com.br\\\/home\\\/camara-de-sp-entrega-rua-a-igreja-batista-e-se-dobra-ao-lobby-religioso\\\/#article\",\"isPartOf\":{\"@id\":\"https:\\\/\\\/jornalboasnoticias.com.br\\\/home\\\/camara-de-sp-entrega-rua-a-igreja-batista-e-se-dobra-ao-lobby-religioso\\\/\"},\"author\":{\"name\":\"Luiz Carlos da Cruz\",\"@id\":\"https:\\\/\\\/jornalboasnoticias.com.br\\\/home\\\/#\\\/schema\\\/person\\\/75f9ebde398c998c166475fb446bda62\"},\"headline\":\"C\u00e2mara de SP entrega rua \u00e0 Igreja Batista e se dobra ao lobby religioso\",\"datePublished\":\"2025-09-08T00:42:57+00:00\",\"mainEntityOfPage\":{\"@id\":\"https:\\\/\\\/jornalboasnoticias.com.br\\\/home\\\/camara-de-sp-entrega-rua-a-igreja-batista-e-se-dobra-ao-lobby-religioso\\\/\"},\"wordCount\":336,\"commentCount\":0,\"publisher\":{\"@id\":\"https:\\\/\\\/jornalboasnoticias.com.br\\\/home\\\/#organization\"},\"image\":{\"@id\":\"https:\\\/\\\/jornalboasnoticias.com.br\\\/home\\\/camara-de-sp-entrega-rua-a-igreja-batista-e-se-dobra-ao-lobby-religioso\\\/#primaryimage\"},\"thumbnailUrl\":\"https:\\\/\\\/jornalboasnoticias.com.br\\\/home\\\/wp-content\\\/uploads\\\/2025\\\/09\\\/rua.webp\",\"articleSection\":[\"BRASIL\"],\"inLanguage\":\"pt-BR\",\"potentialAction\":[{\"@type\":\"CommentAction\",\"name\":\"Comment\",\"target\":[\"https:\\\/\\\/jornalboasnoticias.com.br\\\/home\\\/camara-de-sp-entrega-rua-a-igreja-batista-e-se-dobra-ao-lobby-religioso\\\/#respond\"]}]},{\"@type\":\"WebPage\",\"@id\":\"https:\\\/\\\/jornalboasnoticias.com.br\\\/home\\\/camara-de-sp-entrega-rua-a-igreja-batista-e-se-dobra-ao-lobby-religioso\\\/\",\"url\":\"https:\\\/\\\/jornalboasnoticias.com.br\\\/home\\\/camara-de-sp-entrega-rua-a-igreja-batista-e-se-dobra-ao-lobby-religioso\\\/\",\"name\":\"C\u00e2mara de SP entrega rua \u00e0 Igreja Batista e se dobra ao lobby religioso - Jornal\",\"isPartOf\":{\"@id\":\"https:\\\/\\\/jornalboasnoticias.com.br\\\/home\\\/#website\"},\"primaryImageOfPage\":{\"@id\":\"https:\\\/\\\/jornalboasnoticias.com.br\\\/home\\\/camara-de-sp-entrega-rua-a-igreja-batista-e-se-dobra-ao-lobby-religioso\\\/#primaryimage\"},\"image\":{\"@id\":\"https:\\\/\\\/jornalboasnoticias.com.br\\\/home\\\/camara-de-sp-entrega-rua-a-igreja-batista-e-se-dobra-ao-lobby-religioso\\\/#primaryimage\"},\"thumbnailUrl\":\"https:\\\/\\\/jornalboasnoticias.com.br\\\/home\\\/wp-content\\\/uploads\\\/2025\\\/09\\\/rua.webp\",\"datePublished\":\"2025-09-08T00:42:57+00:00\",\"description\":\"C\u00e2mara de SP entrega rua \u00e0 Igreja Batista e se dobra ao lobby religioso\",\"breadcrumb\":{\"@id\":\"https:\\\/\\\/jornalboasnoticias.com.br\\\/home\\\/camara-de-sp-entrega-rua-a-igreja-batista-e-se-dobra-ao-lobby-religioso\\\/#breadcrumb\"},\"inLanguage\":\"pt-BR\",\"potentialAction\":[{\"@type\":\"ReadAction\",\"target\":[\"https:\\\/\\\/jornalboasnoticias.com.br\\\/home\\\/camara-de-sp-entrega-rua-a-igreja-batista-e-se-dobra-ao-lobby-religioso\\\/\"]}]},{\"@type\":\"ImageObject\",\"inLanguage\":\"pt-BR\",\"@id\":\"https:\\\/\\\/jornalboasnoticias.com.br\\\/home\\\/camara-de-sp-entrega-rua-a-igreja-batista-e-se-dobra-ao-lobby-religioso\\\/#primaryimage\",\"url\":\"https:\\\/\\\/jornalboasnoticias.com.br\\\/home\\\/wp-content\\\/uploads\\\/2025\\\/09\\\/rua.webp\",\"contentUrl\":\"https:\\\/\\\/jornalboasnoticias.com.br\\\/home\\\/wp-content\\\/uploads\\\/2025\\\/09\\\/rua.webp\",\"width\":1200,\"height\":630,\"caption\":\"Rua Canoal, na Vila Andrade, zona sul de S\u00e3o Paulo \u2013 Foto: Reprodu\u00e7\u00e3o\"},{\"@type\":\"BreadcrumbList\",\"@id\":\"https:\\\/\\\/jornalboasnoticias.com.br\\\/home\\\/camara-de-sp-entrega-rua-a-igreja-batista-e-se-dobra-ao-lobby-religioso\\\/#breadcrumb\",\"itemListElement\":[{\"@type\":\"ListItem\",\"position\":1,\"name\":\"In\u00edcio\",\"item\":\"https:\\\/\\\/jornalboasnoticias.com.br\\\/home\\\/\"},{\"@type\":\"ListItem\",\"position\":2,\"name\":\"C\u00e2mara de SP entrega rua \u00e0 Igreja Batista e se dobra ao lobby religioso\"}]},{\"@type\":\"WebSite\",\"@id\":\"https:\\\/\\\/jornalboasnoticias.com.br\\\/home\\\/#website\",\"url\":\"https:\\\/\\\/jornalboasnoticias.com.br\\\/home\\\/\",\"name\":\"Jornal Boas Not\u00edcias\",\"description\":\"Boas not\u00edcias\",\"publisher\":{\"@id\":\"https:\\\/\\\/jornalboasnoticias.com.br\\\/home\\\/#organization\"},\"potentialAction\":[{\"@type\":\"SearchAction\",\"target\":{\"@type\":\"EntryPoint\",\"urlTemplate\":\"https:\\\/\\\/jornalboasnoticias.com.br\\\/home\\\/?s={search_term_string}\"},\"query-input\":{\"@type\":\"PropertyValueSpecification\",\"valueRequired\":true,\"valueName\":\"search_term_string\"}}],\"inLanguage\":\"pt-BR\"},{\"@type\":\"Organization\",\"@id\":\"https:\\\/\\\/jornalboasnoticias.com.br\\\/home\\\/#organization\",\"name\":\"Coq Editora Ltda\",\"alternateName\":\"Jornal Boas Noticias\",\"url\":\"https:\\\/\\\/jornalboasnoticias.com.br\\\/home\\\/\",\"logo\":{\"@type\":\"ImageObject\",\"inLanguage\":\"pt-BR\",\"@id\":\"https:\\\/\\\/jornalboasnoticias.com.br\\\/home\\\/#\\\/schema\\\/logo\\\/image\\\/\",\"url\":\"https:\\\/\\\/jornalboasnoticias.com.br\\\/home\\\/wp-content\\\/uploads\\\/2024\\\/07\\\/cropped-logo.jpg\",\"contentUrl\":\"https:\\\/\\\/jornalboasnoticias.com.br\\\/home\\\/wp-content\\\/uploads\\\/2024\\\/07\\\/cropped-logo.jpg\",\"width\":290,\"height\":142,\"caption\":\"Coq Editora Ltda\"},\"image\":{\"@id\":\"https:\\\/\\\/jornalboasnoticias.com.br\\\/home\\\/#\\\/schema\\\/logo\\\/image\\\/\"},\"sameAs\":[\"https:\\\/\\\/www.facebook.com\\\/boasnoticiasjornal\"]},{\"@type\":\"Person\",\"@id\":\"https:\\\/\\\/jornalboasnoticias.com.br\\\/home\\\/#\\\/schema\\\/person\\\/75f9ebde398c998c166475fb446bda62\",\"name\":\"Luiz Carlos da Cruz\",\"image\":{\"@type\":\"ImageObject\",\"inLanguage\":\"pt-BR\",\"@id\":\"https:\\\/\\\/secure.gravatar.com\\\/avatar\\\/e6f4f45301b6cb8572f7b076572e8ac11c1db80e805d8c8d0858cf286ce3ac3b?s=96&d=mm&r=g\",\"url\":\"https:\\\/\\\/secure.gravatar.com\\\/avatar\\\/e6f4f45301b6cb8572f7b076572e8ac11c1db80e805d8c8d0858cf286ce3ac3b?s=96&d=mm&r=g\",\"contentUrl\":\"https:\\\/\\\/secure.gravatar.com\\\/avatar\\\/e6f4f45301b6cb8572f7b076572e8ac11c1db80e805d8c8d0858cf286ce3ac3b?s=96&d=mm&r=g\",\"caption\":\"Luiz Carlos da Cruz\"},\"url\":\"https:\\\/\\\/jornalboasnoticias.com.br\\\/home\\\/author\\\/luiz-carlos-da-cruz\\\/\"}]}<\/script>\n<!-- \/ Yoast SEO plugin. -->","yoast_head_json":{"title":"C\u00e2mara de SP entrega rua \u00e0 Igreja Batista e se dobra ao lobby religioso - Jornal","description":"C\u00e2mara de SP entrega rua \u00e0 Igreja Batista e se dobra ao lobby religioso","robots":{"index":"index","follow":"follow","max-snippet":"max-snippet:-1","max-image-preview":"max-image-preview:large","max-video-preview":"max-video-preview:-1"},"canonical":"https:\/\/jornalboasnoticias.com.br\/home\/camara-de-sp-entrega-rua-a-igreja-batista-e-se-dobra-ao-lobby-religioso\/","og_locale":"pt_BR","og_type":"article","og_title":"C\u00e2mara de SP entrega rua \u00e0 Igreja Batista e se dobra ao lobby religioso - Jornal","og_description":"C\u00e2mara de SP entrega rua \u00e0 Igreja Batista e se dobra ao lobby religioso","og_url":"https:\/\/jornalboasnoticias.com.br\/home\/camara-de-sp-entrega-rua-a-igreja-batista-e-se-dobra-ao-lobby-religioso\/","og_site_name":"Jornal","article_publisher":"https:\/\/www.facebook.com\/boasnoticiasjornal","article_published_time":"2025-09-08T00:42:57+00:00","og_image":[{"width":1200,"height":630,"url":"https:\/\/jornalboasnoticias.com.br\/home\/wp-content\/uploads\/2025\/09\/rua.webp","type":"image\/webp"}],"author":"Luiz Carlos da Cruz","twitter_card":"summary_large_image","twitter_misc":{"Escrito por":"Luiz Carlos da Cruz","Est. tempo de leitura":"3 minutos"},"schema":{"@context":"https:\/\/schema.org","@graph":[{"@type":"Article","@id":"https:\/\/jornalboasnoticias.com.br\/home\/camara-de-sp-entrega-rua-a-igreja-batista-e-se-dobra-ao-lobby-religioso\/#article","isPartOf":{"@id":"https:\/\/jornalboasnoticias.com.br\/home\/camara-de-sp-entrega-rua-a-igreja-batista-e-se-dobra-ao-lobby-religioso\/"},"author":{"name":"Luiz Carlos da Cruz","@id":"https:\/\/jornalboasnoticias.com.br\/home\/#\/schema\/person\/75f9ebde398c998c166475fb446bda62"},"headline":"C\u00e2mara de SP entrega rua \u00e0 Igreja Batista e se dobra ao lobby religioso","datePublished":"2025-09-08T00:42:57+00:00","mainEntityOfPage":{"@id":"https:\/\/jornalboasnoticias.com.br\/home\/camara-de-sp-entrega-rua-a-igreja-batista-e-se-dobra-ao-lobby-religioso\/"},"wordCount":336,"commentCount":0,"publisher":{"@id":"https:\/\/jornalboasnoticias.com.br\/home\/#organization"},"image":{"@id":"https:\/\/jornalboasnoticias.com.br\/home\/camara-de-sp-entrega-rua-a-igreja-batista-e-se-dobra-ao-lobby-religioso\/#primaryimage"},"thumbnailUrl":"https:\/\/jornalboasnoticias.com.br\/home\/wp-content\/uploads\/2025\/09\/rua.webp","articleSection":["BRASIL"],"inLanguage":"pt-BR","potentialAction":[{"@type":"CommentAction","name":"Comment","target":["https:\/\/jornalboasnoticias.com.br\/home\/camara-de-sp-entrega-rua-a-igreja-batista-e-se-dobra-ao-lobby-religioso\/#respond"]}]},{"@type":"WebPage","@id":"https:\/\/jornalboasnoticias.com.br\/home\/camara-de-sp-entrega-rua-a-igreja-batista-e-se-dobra-ao-lobby-religioso\/","url":"https:\/\/jornalboasnoticias.com.br\/home\/camara-de-sp-entrega-rua-a-igreja-batista-e-se-dobra-ao-lobby-religioso\/","name":"C\u00e2mara de SP entrega rua \u00e0 Igreja Batista e se dobra ao lobby religioso - Jornal","isPartOf":{"@id":"https:\/\/jornalboasnoticias.com.br\/home\/#website"},"primaryImageOfPage":{"@id":"https:\/\/jornalboasnoticias.com.br\/home\/camara-de-sp-entrega-rua-a-igreja-batista-e-se-dobra-ao-lobby-religioso\/#primaryimage"},"image":{"@id":"https:\/\/jornalboasnoticias.com.br\/home\/camara-de-sp-entrega-rua-a-igreja-batista-e-se-dobra-ao-lobby-religioso\/#primaryimage"},"thumbnailUrl":"https:\/\/jornalboasnoticias.com.br\/home\/wp-content\/uploads\/2025\/09\/rua.webp","datePublished":"2025-09-08T00:42:57+00:00","description":"C\u00e2mara de SP entrega rua \u00e0 Igreja Batista e se dobra ao lobby religioso","breadcrumb":{"@id":"https:\/\/jornalboasnoticias.com.br\/home\/camara-de-sp-entrega-rua-a-igreja-batista-e-se-dobra-ao-lobby-religioso\/#breadcrumb"},"inLanguage":"pt-BR","potentialAction":[{"@type":"ReadAction","target":["https:\/\/jornalboasnoticias.com.br\/home\/camara-de-sp-entrega-rua-a-igreja-batista-e-se-dobra-ao-lobby-religioso\/"]}]},{"@type":"ImageObject","inLanguage":"pt-BR","@id":"https:\/\/jornalboasnoticias.com.br\/home\/camara-de-sp-entrega-rua-a-igreja-batista-e-se-dobra-ao-lobby-religioso\/#primaryimage","url":"https:\/\/jornalboasnoticias.com.br\/home\/wp-content\/uploads\/2025\/09\/rua.webp","contentUrl":"https:\/\/jornalboasnoticias.com.br\/home\/wp-content\/uploads\/2025\/09\/rua.webp","width":1200,"height":630,"caption":"Rua Canoal, na Vila Andrade, zona sul de S\u00e3o Paulo \u2013 Foto: Reprodu\u00e7\u00e3o"},{"@type":"BreadcrumbList","@id":"https:\/\/jornalboasnoticias.com.br\/home\/camara-de-sp-entrega-rua-a-igreja-batista-e-se-dobra-ao-lobby-religioso\/#breadcrumb","itemListElement":[{"@type":"ListItem","position":1,"name":"In\u00edcio","item":"https:\/\/jornalboasnoticias.com.br\/home\/"},{"@type":"ListItem","position":2,"name":"C\u00e2mara de SP entrega rua \u00e0 Igreja Batista e se dobra ao lobby religioso"}]},{"@type":"WebSite","@id":"https:\/\/jornalboasnoticias.com.br\/home\/#website","url":"https:\/\/jornalboasnoticias.com.br\/home\/","name":"Jornal Boas Not\u00edcias","description":"Boas not\u00edcias","publisher":{"@id":"https:\/\/jornalboasnoticias.com.br\/home\/#organization"},"potentialAction":[{"@type":"SearchAction","target":{"@type":"EntryPoint","urlTemplate":"https:\/\/jornalboasnoticias.com.br\/home\/?s={search_term_string}"},"query-input":{"@type":"PropertyValueSpecification","valueRequired":true,"valueName":"search_term_string"}}],"inLanguage":"pt-BR"},{"@type":"Organization","@id":"https:\/\/jornalboasnoticias.com.br\/home\/#organization","name":"Coq Editora Ltda","alternateName":"Jornal Boas Noticias","url":"https:\/\/jornalboasnoticias.com.br\/home\/","logo":{"@type":"ImageObject","inLanguage":"pt-BR","@id":"https:\/\/jornalboasnoticias.com.br\/home\/#\/schema\/logo\/image\/","url":"https:\/\/jornalboasnoticias.com.br\/home\/wp-content\/uploads\/2024\/07\/cropped-logo.jpg","contentUrl":"https:\/\/jornalboasnoticias.com.br\/home\/wp-content\/uploads\/2024\/07\/cropped-logo.jpg","width":290,"height":142,"caption":"Coq Editora Ltda"},"image":{"@id":"https:\/\/jornalboasnoticias.com.br\/home\/#\/schema\/logo\/image\/"},"sameAs":["https:\/\/www.facebook.com\/boasnoticiasjornal"]},{"@type":"Person","@id":"https:\/\/jornalboasnoticias.com.br\/home\/#\/schema\/person\/75f9ebde398c998c166475fb446bda62","name":"Luiz Carlos da Cruz","image":{"@type":"ImageObject","inLanguage":"pt-BR","@id":"https:\/\/secure.gravatar.com\/avatar\/e6f4f45301b6cb8572f7b076572e8ac11c1db80e805d8c8d0858cf286ce3ac3b?s=96&d=mm&r=g","url":"https:\/\/secure.gravatar.com\/avatar\/e6f4f45301b6cb8572f7b076572e8ac11c1db80e805d8c8d0858cf286ce3ac3b?s=96&d=mm&r=g","contentUrl":"https:\/\/secure.gravatar.com\/avatar\/e6f4f45301b6cb8572f7b076572e8ac11c1db80e805d8c8d0858cf286ce3ac3b?s=96&d=mm&r=g","caption":"Luiz Carlos da Cruz"},"url":"https:\/\/jornalboasnoticias.com.br\/home\/author\/luiz-carlos-da-cruz\/"}]}},"_links":{"self":[{"href":"https:\/\/jornalboasnoticias.com.br\/home\/wp-json\/wp\/v2\/posts\/46460","targetHints":{"allow":["GET"]}}],"collection":[{"href":"https:\/\/jornalboasnoticias.com.br\/home\/wp-json\/wp\/v2\/posts"}],"about":[{"href":"https:\/\/jornalboasnoticias.com.br\/home\/wp-json\/wp\/v2\/types\/post"}],"author":[{"embeddable":true,"href":"https:\/\/jornalboasnoticias.com.br\/home\/wp-json\/wp\/v2\/users\/3"}],"replies":[{"embeddable":true,"href":"https:\/\/jornalboasnoticias.com.br\/home\/wp-json\/wp\/v2\/comments?post=46460"}],"version-history":[{"count":1,"href":"https:\/\/jornalboasnoticias.com.br\/home\/wp-json\/wp\/v2\/posts\/46460\/revisions"}],"predecessor-version":[{"id":46462,"href":"https:\/\/jornalboasnoticias.com.br\/home\/wp-json\/wp\/v2\/posts\/46460\/revisions\/46462"}],"wp:featuredmedia":[{"embeddable":true,"href":"https:\/\/jornalboasnoticias.com.br\/home\/wp-json\/wp\/v2\/media\/46461"}],"wp:attachment":[{"href":"https:\/\/jornalboasnoticias.com.br\/home\/wp-json\/wp\/v2\/media?parent=46460"}],"wp:term":[{"taxonomy":"category","embeddable":true,"href":"https:\/\/jornalboasnoticias.com.br\/home\/wp-json\/wp\/v2\/categories?post=46460"},{"taxonomy":"post_tag","embeddable":true,"href":"https:\/\/jornalboasnoticias.com.br\/home\/wp-json\/wp\/v2\/tags?post=46460"}],"curies":[{"name":"wp","href":"https:\/\/api.w.org\/{rel}","templated":true}]}}