{"id":46457,"date":"2025-09-08T00:32:10","date_gmt":"2025-09-08T00:32:10","guid":{"rendered":"https:\/\/jornalboasnoticias.com.br\/home\/?p=46457"},"modified":"2025-09-08T00:32:10","modified_gmt":"2025-09-08T00:32:10","slug":"malafaia-chama-ato-da-esquerda-de-fiasco-e-defende-anistia-em-protesto-na-avenida-paulista","status":"publish","type":"post","link":"https:\/\/jornalboasnoticias.com.br\/home\/malafaia-chama-ato-da-esquerda-de-fiasco-e-defende-anistia-em-protesto-na-avenida-paulista\/","title":{"rendered":"Malafaia chama ato da esquerda de \u201cfiasco\u201d e defende anistia em protesto na Avenida Paulista"},"content":{"rendered":"<figure id=\"attachment_46458\" aria-describedby=\"caption-attachment-46458\" style=\"width: 1024px\" class=\"wp-caption alignnone\"><img loading=\"lazy\" decoding=\"async\" class=\"size-full wp-image-46458\" src=\"https:\/\/jornalboasnoticias.com.br\/home\/wp-content\/uploads\/2025\/09\/Silas-Malafaia-na-avenida-paulista.webp\" alt=\"\" width=\"1024\" height=\"682\" srcset=\"https:\/\/jornalboasnoticias.com.br\/home\/wp-content\/uploads\/2025\/09\/Silas-Malafaia-na-avenida-paulista.webp 1024w, https:\/\/jornalboasnoticias.com.br\/home\/wp-content\/uploads\/2025\/09\/Silas-Malafaia-na-avenida-paulista-300x200.webp 300w, https:\/\/jornalboasnoticias.com.br\/home\/wp-content\/uploads\/2025\/09\/Silas-Malafaia-na-avenida-paulista-768x512.webp 768w, https:\/\/jornalboasnoticias.com.br\/home\/wp-content\/uploads\/2025\/09\/Silas-Malafaia-na-avenida-paulista-900x600.webp 900w\" sizes=\"auto, (max-width: 1024px) 100vw, 1024px\" \/><figcaption id=\"caption-attachment-46458\" class=\"wp-caption-text\">Foto: Reprodu\u00e7\u00e3o<\/figcaption><\/figure>\n<p data-start=\"152\" data-end=\"584\">O pastor Silas Malafaia classificou como \u201cfiasco\u201d as manifesta\u00e7\u00f5es organizadas pela esquerda neste domingo (7), em diversas cidades do pa\u00eds, e voltou a defender a anistia para os condenados pelos atos golpistas de 8 de janeiro de 2023. As declara\u00e7\u00f5es foram dadas pouco antes do in\u00edcio do protesto convocado por apoiadores do ex-presidente Jair Bolsonaro na Avenida Paulista, em S\u00e3o Paulo, onde milhares de pessoas pediam a medida.<\/p>\n<p data-start=\"586\" data-end=\"863\">Malafaia criticou a escolha da data do chamado \u201cGrito dos Exclu\u00eddos\u201d, promovido por movimentos sociais e partidos de esquerda, que tradicionalmente ocorre no 7 de Setembro. \u201cVai marcar no mesmo dia? Pelo amor de Deus\u201d, disse o pastor, acusando a falta de estrat\u00e9gia pol\u00edtica.<\/p>\n<p data-start=\"865\" data-end=\"1259\">Organizador do ato bolsonarista, Malafaia afirmou que o movimento da direita cumpre o prop\u00f3sito de reivindicar \u201cliberdade e anistia\u201d e refor\u00e7ou o impacto da mobiliza\u00e7\u00e3o sobre o Congresso Nacional. \u201cIsso \u00e9 forte. O povo \u00e9 supremo poder, amigo; isso \u00e9 constitucional. O poder emana do povo, n\u00e3o tem outra\u201d, declarou, defendendo que Executivo, Legislativo e Judici\u00e1rio devem se \u201cdobrar ao povo\u201d.<\/p>\n<p data-start=\"1261\" data-end=\"1618\">O pastor tamb\u00e9m comparou a atual campanha por anistia \u00e0 que foi realizada ap\u00f3s a ditadura militar. Segundo ele, o perd\u00e3o concedido em 1979 contemplou \u201cguerrilheiros, assaltantes de banco e sequestradores de embaixador\u201d, em refer\u00eancia a militantes de esquerda que combateram o regime. \u201cO PT lutou por isso e agora vem com essa conversa fiada?\u201d, questionou.<\/p>\n","protected":false},"excerpt":{"rendered":"<p>O pastor Silas Malafaia classificou como \u201cfiasco\u201d as manifesta\u00e7\u00f5es organizadas pela esquerda neste domingo (7),<\/p>\n","protected":false},"author":3,"featured_media":46458,"comment_status":"open","ping_status":"open","sticky":false,"template":"","format":"standard","meta":{"footnotes":""},"categories":[3,96],"tags":[],"class_list":["post-46457","post","type-post","status-publish","format-standard","has-post-thumbnail","hentry","category-destaques","category-politica"],"yoast_head":"<!-- This site is optimized with the Yoast SEO plugin v27.5 - https:\/\/yoast.com\/product\/yoast-seo-wordpress\/ -->\n<title>Malafaia chama ato da esquerda de \u201cfiasco\u201d e defende anistia em protesto na Avenida Paulista - Jornal<\/title>\n<meta name=\"description\" content=\"Malafaia chama ato da esquerda de \u201cfiasco\u201d e defende anistia em protesto na Avenida Paulista\" \/>\n<meta name=\"robots\" content=\"index, follow, max-snippet:-1, max-image-preview:large, max-video-preview:-1\" \/>\n<link rel=\"canonical\" href=\"https:\/\/jornalboasnoticias.com.br\/home\/malafaia-chama-ato-da-esquerda-de-fiasco-e-defende-anistia-em-protesto-na-avenida-paulista\/\" \/>\n<meta property=\"og:locale\" content=\"pt_BR\" \/>\n<meta property=\"og:type\" content=\"article\" \/>\n<meta property=\"og:title\" content=\"Malafaia chama ato da esquerda de \u201cfiasco\u201d e defende anistia em protesto na Avenida Paulista - Jornal\" \/>\n<meta property=\"og:description\" content=\"Malafaia chama ato da esquerda de \u201cfiasco\u201d e defende anistia em protesto na Avenida Paulista\" \/>\n<meta property=\"og:url\" content=\"https:\/\/jornalboasnoticias.com.br\/home\/malafaia-chama-ato-da-esquerda-de-fiasco-e-defende-anistia-em-protesto-na-avenida-paulista\/\" \/>\n<meta property=\"og:site_name\" content=\"Jornal\" \/>\n<meta property=\"article:publisher\" content=\"https:\/\/www.facebook.com\/boasnoticiasjornal\" \/>\n<meta property=\"article:published_time\" content=\"2025-09-08T00:32:10+00:00\" \/>\n<meta property=\"og:image\" content=\"https:\/\/jornalboasnoticias.com.br\/home\/wp-content\/uploads\/2025\/09\/Silas-Malafaia-na-avenida-paulista.webp\" \/>\n\t<meta property=\"og:image:width\" content=\"1024\" \/>\n\t<meta property=\"og:image:height\" content=\"682\" \/>\n\t<meta property=\"og:image:type\" content=\"image\/webp\" \/>\n<meta name=\"author\" content=\"Luiz Carlos da Cruz\" \/>\n<meta name=\"twitter:card\" content=\"summary_large_image\" \/>\n<meta name=\"twitter:label1\" content=\"Escrito por\" \/>\n\t<meta name=\"twitter:data1\" content=\"Luiz Carlos da Cruz\" \/>\n\t<meta name=\"twitter:label2\" content=\"Est. tempo de leitura\" \/>\n\t<meta name=\"twitter:data2\" content=\"2 minutos\" \/>\n<script type=\"application\/ld+json\" class=\"yoast-schema-graph\">{\"@context\":\"https:\\\/\\\/schema.org\",\"@graph\":[{\"@type\":\"Article\",\"@id\":\"https:\\\/\\\/jornalboasnoticias.com.br\\\/home\\\/malafaia-chama-ato-da-esquerda-de-fiasco-e-defende-anistia-em-protesto-na-avenida-paulista\\\/#article\",\"isPartOf\":{\"@id\":\"https:\\\/\\\/jornalboasnoticias.com.br\\\/home\\\/malafaia-chama-ato-da-esquerda-de-fiasco-e-defende-anistia-em-protesto-na-avenida-paulista\\\/\"},\"author\":{\"name\":\"Luiz Carlos da Cruz\",\"@id\":\"https:\\\/\\\/jornalboasnoticias.com.br\\\/home\\\/#\\\/schema\\\/person\\\/75f9ebde398c998c166475fb446bda62\"},\"headline\":\"Malafaia chama ato da esquerda de \u201cfiasco\u201d e defende anistia em protesto na Avenida Paulista\",\"datePublished\":\"2025-09-08T00:32:10+00:00\",\"mainEntityOfPage\":{\"@id\":\"https:\\\/\\\/jornalboasnoticias.com.br\\\/home\\\/malafaia-chama-ato-da-esquerda-de-fiasco-e-defende-anistia-em-protesto-na-avenida-paulista\\\/\"},\"wordCount\":262,\"commentCount\":0,\"publisher\":{\"@id\":\"https:\\\/\\\/jornalboasnoticias.com.br\\\/home\\\/#organization\"},\"image\":{\"@id\":\"https:\\\/\\\/jornalboasnoticias.com.br\\\/home\\\/malafaia-chama-ato-da-esquerda-de-fiasco-e-defende-anistia-em-protesto-na-avenida-paulista\\\/#primaryimage\"},\"thumbnailUrl\":\"https:\\\/\\\/jornalboasnoticias.com.br\\\/home\\\/wp-content\\\/uploads\\\/2025\\\/09\\\/Silas-Malafaia-na-avenida-paulista.webp\",\"articleSection\":[\"DESTAQUE\",\"POL\u00cdTICA\"],\"inLanguage\":\"pt-BR\",\"potentialAction\":[{\"@type\":\"CommentAction\",\"name\":\"Comment\",\"target\":[\"https:\\\/\\\/jornalboasnoticias.com.br\\\/home\\\/malafaia-chama-ato-da-esquerda-de-fiasco-e-defende-anistia-em-protesto-na-avenida-paulista\\\/#respond\"]}]},{\"@type\":\"WebPage\",\"@id\":\"https:\\\/\\\/jornalboasnoticias.com.br\\\/home\\\/malafaia-chama-ato-da-esquerda-de-fiasco-e-defende-anistia-em-protesto-na-avenida-paulista\\\/\",\"url\":\"https:\\\/\\\/jornalboasnoticias.com.br\\\/home\\\/malafaia-chama-ato-da-esquerda-de-fiasco-e-defende-anistia-em-protesto-na-avenida-paulista\\\/\",\"name\":\"Malafaia chama ato da esquerda de \u201cfiasco\u201d e defende anistia em protesto na Avenida Paulista - Jornal\",\"isPartOf\":{\"@id\":\"https:\\\/\\\/jornalboasnoticias.com.br\\\/home\\\/#website\"},\"primaryImageOfPage\":{\"@id\":\"https:\\\/\\\/jornalboasnoticias.com.br\\\/home\\\/malafaia-chama-ato-da-esquerda-de-fiasco-e-defende-anistia-em-protesto-na-avenida-paulista\\\/#primaryimage\"},\"image\":{\"@id\":\"https:\\\/\\\/jornalboasnoticias.com.br\\\/home\\\/malafaia-chama-ato-da-esquerda-de-fiasco-e-defende-anistia-em-protesto-na-avenida-paulista\\\/#primaryimage\"},\"thumbnailUrl\":\"https:\\\/\\\/jornalboasnoticias.com.br\\\/home\\\/wp-content\\\/uploads\\\/2025\\\/09\\\/Silas-Malafaia-na-avenida-paulista.webp\",\"datePublished\":\"2025-09-08T00:32:10+00:00\",\"description\":\"Malafaia chama ato da esquerda de \u201cfiasco\u201d e defende anistia em protesto na Avenida Paulista\",\"breadcrumb\":{\"@id\":\"https:\\\/\\\/jornalboasnoticias.com.br\\\/home\\\/malafaia-chama-ato-da-esquerda-de-fiasco-e-defende-anistia-em-protesto-na-avenida-paulista\\\/#breadcrumb\"},\"inLanguage\":\"pt-BR\",\"potentialAction\":[{\"@type\":\"ReadAction\",\"target\":[\"https:\\\/\\\/jornalboasnoticias.com.br\\\/home\\\/malafaia-chama-ato-da-esquerda-de-fiasco-e-defende-anistia-em-protesto-na-avenida-paulista\\\/\"]}]},{\"@type\":\"ImageObject\",\"inLanguage\":\"pt-BR\",\"@id\":\"https:\\\/\\\/jornalboasnoticias.com.br\\\/home\\\/malafaia-chama-ato-da-esquerda-de-fiasco-e-defende-anistia-em-protesto-na-avenida-paulista\\\/#primaryimage\",\"url\":\"https:\\\/\\\/jornalboasnoticias.com.br\\\/home\\\/wp-content\\\/uploads\\\/2025\\\/09\\\/Silas-Malafaia-na-avenida-paulista.webp\",\"contentUrl\":\"https:\\\/\\\/jornalboasnoticias.com.br\\\/home\\\/wp-content\\\/uploads\\\/2025\\\/09\\\/Silas-Malafaia-na-avenida-paulista.webp\",\"width\":1024,\"height\":682,\"caption\":\"Foto: Reprodu\u00e7\u00e3o\"},{\"@type\":\"BreadcrumbList\",\"@id\":\"https:\\\/\\\/jornalboasnoticias.com.br\\\/home\\\/malafaia-chama-ato-da-esquerda-de-fiasco-e-defende-anistia-em-protesto-na-avenida-paulista\\\/#breadcrumb\",\"itemListElement\":[{\"@type\":\"ListItem\",\"position\":1,\"name\":\"In\u00edcio\",\"item\":\"https:\\\/\\\/jornalboasnoticias.com.br\\\/home\\\/\"},{\"@type\":\"ListItem\",\"position\":2,\"name\":\"Malafaia chama ato da esquerda de \u201cfiasco\u201d e defende anistia em protesto na Avenida Paulista\"}]},{\"@type\":\"WebSite\",\"@id\":\"https:\\\/\\\/jornalboasnoticias.com.br\\\/home\\\/#website\",\"url\":\"https:\\\/\\\/jornalboasnoticias.com.br\\\/home\\\/\",\"name\":\"Jornal Boas Not\u00edcias\",\"description\":\"Boas not\u00edcias\",\"publisher\":{\"@id\":\"https:\\\/\\\/jornalboasnoticias.com.br\\\/home\\\/#organization\"},\"potentialAction\":[{\"@type\":\"SearchAction\",\"target\":{\"@type\":\"EntryPoint\",\"urlTemplate\":\"https:\\\/\\\/jornalboasnoticias.com.br\\\/home\\\/?s={search_term_string}\"},\"query-input\":{\"@type\":\"PropertyValueSpecification\",\"valueRequired\":true,\"valueName\":\"search_term_string\"}}],\"inLanguage\":\"pt-BR\"},{\"@type\":\"Organization\",\"@id\":\"https:\\\/\\\/jornalboasnoticias.com.br\\\/home\\\/#organization\",\"name\":\"Coq Editora Ltda\",\"alternateName\":\"Jornal Boas Noticias\",\"url\":\"https:\\\/\\\/jornalboasnoticias.com.br\\\/home\\\/\",\"logo\":{\"@type\":\"ImageObject\",\"inLanguage\":\"pt-BR\",\"@id\":\"https:\\\/\\\/jornalboasnoticias.com.br\\\/home\\\/#\\\/schema\\\/logo\\\/image\\\/\",\"url\":\"https:\\\/\\\/jornalboasnoticias.com.br\\\/home\\\/wp-content\\\/uploads\\\/2024\\\/07\\\/cropped-logo.jpg\",\"contentUrl\":\"https:\\\/\\\/jornalboasnoticias.com.br\\\/home\\\/wp-content\\\/uploads\\\/2024\\\/07\\\/cropped-logo.jpg\",\"width\":290,\"height\":142,\"caption\":\"Coq Editora Ltda\"},\"image\":{\"@id\":\"https:\\\/\\\/jornalboasnoticias.com.br\\\/home\\\/#\\\/schema\\\/logo\\\/image\\\/\"},\"sameAs\":[\"https:\\\/\\\/www.facebook.com\\\/boasnoticiasjornal\"]},{\"@type\":\"Person\",\"@id\":\"https:\\\/\\\/jornalboasnoticias.com.br\\\/home\\\/#\\\/schema\\\/person\\\/75f9ebde398c998c166475fb446bda62\",\"name\":\"Luiz Carlos da Cruz\",\"image\":{\"@type\":\"ImageObject\",\"inLanguage\":\"pt-BR\",\"@id\":\"https:\\\/\\\/secure.gravatar.com\\\/avatar\\\/e6f4f45301b6cb8572f7b076572e8ac11c1db80e805d8c8d0858cf286ce3ac3b?s=96&d=mm&r=g\",\"url\":\"https:\\\/\\\/secure.gravatar.com\\\/avatar\\\/e6f4f45301b6cb8572f7b076572e8ac11c1db80e805d8c8d0858cf286ce3ac3b?s=96&d=mm&r=g\",\"contentUrl\":\"https:\\\/\\\/secure.gravatar.com\\\/avatar\\\/e6f4f45301b6cb8572f7b076572e8ac11c1db80e805d8c8d0858cf286ce3ac3b?s=96&d=mm&r=g\",\"caption\":\"Luiz Carlos da Cruz\"},\"url\":\"https:\\\/\\\/jornalboasnoticias.com.br\\\/home\\\/author\\\/luiz-carlos-da-cruz\\\/\"}]}<\/script>\n<!-- \/ Yoast SEO plugin. -->","yoast_head_json":{"title":"Malafaia chama ato da esquerda de \u201cfiasco\u201d e defende anistia em protesto na Avenida Paulista - Jornal","description":"Malafaia chama ato da esquerda de \u201cfiasco\u201d e defende anistia em protesto na Avenida Paulista","robots":{"index":"index","follow":"follow","max-snippet":"max-snippet:-1","max-image-preview":"max-image-preview:large","max-video-preview":"max-video-preview:-1"},"canonical":"https:\/\/jornalboasnoticias.com.br\/home\/malafaia-chama-ato-da-esquerda-de-fiasco-e-defende-anistia-em-protesto-na-avenida-paulista\/","og_locale":"pt_BR","og_type":"article","og_title":"Malafaia chama ato da esquerda de \u201cfiasco\u201d e defende anistia em protesto na Avenida Paulista - Jornal","og_description":"Malafaia chama ato da esquerda de \u201cfiasco\u201d e defende anistia em protesto na Avenida Paulista","og_url":"https:\/\/jornalboasnoticias.com.br\/home\/malafaia-chama-ato-da-esquerda-de-fiasco-e-defende-anistia-em-protesto-na-avenida-paulista\/","og_site_name":"Jornal","article_publisher":"https:\/\/www.facebook.com\/boasnoticiasjornal","article_published_time":"2025-09-08T00:32:10+00:00","og_image":[{"width":1024,"height":682,"url":"https:\/\/jornalboasnoticias.com.br\/home\/wp-content\/uploads\/2025\/09\/Silas-Malafaia-na-avenida-paulista.webp","type":"image\/webp"}],"author":"Luiz Carlos da Cruz","twitter_card":"summary_large_image","twitter_misc":{"Escrito por":"Luiz Carlos da Cruz","Est. tempo de leitura":"2 minutos"},"schema":{"@context":"https:\/\/schema.org","@graph":[{"@type":"Article","@id":"https:\/\/jornalboasnoticias.com.br\/home\/malafaia-chama-ato-da-esquerda-de-fiasco-e-defende-anistia-em-protesto-na-avenida-paulista\/#article","isPartOf":{"@id":"https:\/\/jornalboasnoticias.com.br\/home\/malafaia-chama-ato-da-esquerda-de-fiasco-e-defende-anistia-em-protesto-na-avenida-paulista\/"},"author":{"name":"Luiz Carlos da Cruz","@id":"https:\/\/jornalboasnoticias.com.br\/home\/#\/schema\/person\/75f9ebde398c998c166475fb446bda62"},"headline":"Malafaia chama ato da esquerda de \u201cfiasco\u201d e defende anistia em protesto na Avenida Paulista","datePublished":"2025-09-08T00:32:10+00:00","mainEntityOfPage":{"@id":"https:\/\/jornalboasnoticias.com.br\/home\/malafaia-chama-ato-da-esquerda-de-fiasco-e-defende-anistia-em-protesto-na-avenida-paulista\/"},"wordCount":262,"commentCount":0,"publisher":{"@id":"https:\/\/jornalboasnoticias.com.br\/home\/#organization"},"image":{"@id":"https:\/\/jornalboasnoticias.com.br\/home\/malafaia-chama-ato-da-esquerda-de-fiasco-e-defende-anistia-em-protesto-na-avenida-paulista\/#primaryimage"},"thumbnailUrl":"https:\/\/jornalboasnoticias.com.br\/home\/wp-content\/uploads\/2025\/09\/Silas-Malafaia-na-avenida-paulista.webp","articleSection":["DESTAQUE","POL\u00cdTICA"],"inLanguage":"pt-BR","potentialAction":[{"@type":"CommentAction","name":"Comment","target":["https:\/\/jornalboasnoticias.com.br\/home\/malafaia-chama-ato-da-esquerda-de-fiasco-e-defende-anistia-em-protesto-na-avenida-paulista\/#respond"]}]},{"@type":"WebPage","@id":"https:\/\/jornalboasnoticias.com.br\/home\/malafaia-chama-ato-da-esquerda-de-fiasco-e-defende-anistia-em-protesto-na-avenida-paulista\/","url":"https:\/\/jornalboasnoticias.com.br\/home\/malafaia-chama-ato-da-esquerda-de-fiasco-e-defende-anistia-em-protesto-na-avenida-paulista\/","name":"Malafaia chama ato da esquerda de \u201cfiasco\u201d e defende anistia em protesto na Avenida Paulista - Jornal","isPartOf":{"@id":"https:\/\/jornalboasnoticias.com.br\/home\/#website"},"primaryImageOfPage":{"@id":"https:\/\/jornalboasnoticias.com.br\/home\/malafaia-chama-ato-da-esquerda-de-fiasco-e-defende-anistia-em-protesto-na-avenida-paulista\/#primaryimage"},"image":{"@id":"https:\/\/jornalboasnoticias.com.br\/home\/malafaia-chama-ato-da-esquerda-de-fiasco-e-defende-anistia-em-protesto-na-avenida-paulista\/#primaryimage"},"thumbnailUrl":"https:\/\/jornalboasnoticias.com.br\/home\/wp-content\/uploads\/2025\/09\/Silas-Malafaia-na-avenida-paulista.webp","datePublished":"2025-09-08T00:32:10+00:00","description":"Malafaia chama ato da esquerda de \u201cfiasco\u201d e defende anistia em protesto na Avenida Paulista","breadcrumb":{"@id":"https:\/\/jornalboasnoticias.com.br\/home\/malafaia-chama-ato-da-esquerda-de-fiasco-e-defende-anistia-em-protesto-na-avenida-paulista\/#breadcrumb"},"inLanguage":"pt-BR","potentialAction":[{"@type":"ReadAction","target":["https:\/\/jornalboasnoticias.com.br\/home\/malafaia-chama-ato-da-esquerda-de-fiasco-e-defende-anistia-em-protesto-na-avenida-paulista\/"]}]},{"@type":"ImageObject","inLanguage":"pt-BR","@id":"https:\/\/jornalboasnoticias.com.br\/home\/malafaia-chama-ato-da-esquerda-de-fiasco-e-defende-anistia-em-protesto-na-avenida-paulista\/#primaryimage","url":"https:\/\/jornalboasnoticias.com.br\/home\/wp-content\/uploads\/2025\/09\/Silas-Malafaia-na-avenida-paulista.webp","contentUrl":"https:\/\/jornalboasnoticias.com.br\/home\/wp-content\/uploads\/2025\/09\/Silas-Malafaia-na-avenida-paulista.webp","width":1024,"height":682,"caption":"Foto: Reprodu\u00e7\u00e3o"},{"@type":"BreadcrumbList","@id":"https:\/\/jornalboasnoticias.com.br\/home\/malafaia-chama-ato-da-esquerda-de-fiasco-e-defende-anistia-em-protesto-na-avenida-paulista\/#breadcrumb","itemListElement":[{"@type":"ListItem","position":1,"name":"In\u00edcio","item":"https:\/\/jornalboasnoticias.com.br\/home\/"},{"@type":"ListItem","position":2,"name":"Malafaia chama ato da esquerda de \u201cfiasco\u201d e defende anistia em protesto na Avenida Paulista"}]},{"@type":"WebSite","@id":"https:\/\/jornalboasnoticias.com.br\/home\/#website","url":"https:\/\/jornalboasnoticias.com.br\/home\/","name":"Jornal Boas Not\u00edcias","description":"Boas not\u00edcias","publisher":{"@id":"https:\/\/jornalboasnoticias.com.br\/home\/#organization"},"potentialAction":[{"@type":"SearchAction","target":{"@type":"EntryPoint","urlTemplate":"https:\/\/jornalboasnoticias.com.br\/home\/?s={search_term_string}"},"query-input":{"@type":"PropertyValueSpecification","valueRequired":true,"valueName":"search_term_string"}}],"inLanguage":"pt-BR"},{"@type":"Organization","@id":"https:\/\/jornalboasnoticias.com.br\/home\/#organization","name":"Coq Editora Ltda","alternateName":"Jornal Boas Noticias","url":"https:\/\/jornalboasnoticias.com.br\/home\/","logo":{"@type":"ImageObject","inLanguage":"pt-BR","@id":"https:\/\/jornalboasnoticias.com.br\/home\/#\/schema\/logo\/image\/","url":"https:\/\/jornalboasnoticias.com.br\/home\/wp-content\/uploads\/2024\/07\/cropped-logo.jpg","contentUrl":"https:\/\/jornalboasnoticias.com.br\/home\/wp-content\/uploads\/2024\/07\/cropped-logo.jpg","width":290,"height":142,"caption":"Coq Editora Ltda"},"image":{"@id":"https:\/\/jornalboasnoticias.com.br\/home\/#\/schema\/logo\/image\/"},"sameAs":["https:\/\/www.facebook.com\/boasnoticiasjornal"]},{"@type":"Person","@id":"https:\/\/jornalboasnoticias.com.br\/home\/#\/schema\/person\/75f9ebde398c998c166475fb446bda62","name":"Luiz Carlos da Cruz","image":{"@type":"ImageObject","inLanguage":"pt-BR","@id":"https:\/\/secure.gravatar.com\/avatar\/e6f4f45301b6cb8572f7b076572e8ac11c1db80e805d8c8d0858cf286ce3ac3b?s=96&d=mm&r=g","url":"https:\/\/secure.gravatar.com\/avatar\/e6f4f45301b6cb8572f7b076572e8ac11c1db80e805d8c8d0858cf286ce3ac3b?s=96&d=mm&r=g","contentUrl":"https:\/\/secure.gravatar.com\/avatar\/e6f4f45301b6cb8572f7b076572e8ac11c1db80e805d8c8d0858cf286ce3ac3b?s=96&d=mm&r=g","caption":"Luiz Carlos da Cruz"},"url":"https:\/\/jornalboasnoticias.com.br\/home\/author\/luiz-carlos-da-cruz\/"}]}},"_links":{"self":[{"href":"https:\/\/jornalboasnoticias.com.br\/home\/wp-json\/wp\/v2\/posts\/46457","targetHints":{"allow":["GET"]}}],"collection":[{"href":"https:\/\/jornalboasnoticias.com.br\/home\/wp-json\/wp\/v2\/posts"}],"about":[{"href":"https:\/\/jornalboasnoticias.com.br\/home\/wp-json\/wp\/v2\/types\/post"}],"author":[{"embeddable":true,"href":"https:\/\/jornalboasnoticias.com.br\/home\/wp-json\/wp\/v2\/users\/3"}],"replies":[{"embeddable":true,"href":"https:\/\/jornalboasnoticias.com.br\/home\/wp-json\/wp\/v2\/comments?post=46457"}],"version-history":[{"count":1,"href":"https:\/\/jornalboasnoticias.com.br\/home\/wp-json\/wp\/v2\/posts\/46457\/revisions"}],"predecessor-version":[{"id":46459,"href":"https:\/\/jornalboasnoticias.com.br\/home\/wp-json\/wp\/v2\/posts\/46457\/revisions\/46459"}],"wp:featuredmedia":[{"embeddable":true,"href":"https:\/\/jornalboasnoticias.com.br\/home\/wp-json\/wp\/v2\/media\/46458"}],"wp:attachment":[{"href":"https:\/\/jornalboasnoticias.com.br\/home\/wp-json\/wp\/v2\/media?parent=46457"}],"wp:term":[{"taxonomy":"category","embeddable":true,"href":"https:\/\/jornalboasnoticias.com.br\/home\/wp-json\/wp\/v2\/categories?post=46457"},{"taxonomy":"post_tag","embeddable":true,"href":"https:\/\/jornalboasnoticias.com.br\/home\/wp-json\/wp\/v2\/tags?post=46457"}],"curies":[{"name":"wp","href":"https:\/\/api.w.org\/{rel}","templated":true}]}}