{"id":46454,"date":"2025-09-08T00:22:26","date_gmt":"2025-09-08T00:22:26","guid":{"rendered":"https:\/\/jornalboasnoticias.com.br\/home\/?p=46454"},"modified":"2025-09-08T00:22:26","modified_gmt":"2025-09-08T00:22:26","slug":"jogadores-do-brasil-destacam-desafio-de-jogar-na-altitude-da-bolivia","status":"publish","type":"post","link":"https:\/\/jornalboasnoticias.com.br\/home\/jogadores-do-brasil-destacam-desafio-de-jogar-na-altitude-da-bolivia\/","title":{"rendered":"Jogadores do Brasil destacam desafio de jogar na altitude da Bol\u00edvia"},"content":{"rendered":"<figure id=\"attachment_46455\" aria-describedby=\"caption-attachment-46455\" style=\"width: 1170px\" class=\"wp-caption alignnone\"><img loading=\"lazy\" decoding=\"async\" class=\"size-full wp-image-46455\" src=\"https:\/\/jornalboasnoticias.com.br\/home\/wp-content\/uploads\/2025\/09\/jogadores-da-selecao-em-treino.webp\" alt=\"\" width=\"1170\" height=\"700\" srcset=\"https:\/\/jornalboasnoticias.com.br\/home\/wp-content\/uploads\/2025\/09\/jogadores-da-selecao-em-treino.webp 1170w, https:\/\/jornalboasnoticias.com.br\/home\/wp-content\/uploads\/2025\/09\/jogadores-da-selecao-em-treino-300x179.webp 300w, https:\/\/jornalboasnoticias.com.br\/home\/wp-content\/uploads\/2025\/09\/jogadores-da-selecao-em-treino-1024x613.webp 1024w, https:\/\/jornalboasnoticias.com.br\/home\/wp-content\/uploads\/2025\/09\/jogadores-da-selecao-em-treino-768x459.webp 768w\" sizes=\"auto, (max-width: 1170px) 100vw, 1170px\" \/><figcaption id=\"caption-attachment-46455\" class=\"wp-caption-text\">Foto: \u00a9 Rafael Ribeiro\/CBF<\/figcaption><\/figure>\n<p>Na pr\u00f3xima ter\u00e7a-feira (9) o Brasil visita a Bol\u00edvia na cidade de El Alto em seu \u00faltimo compromisso pela atual edi\u00e7\u00e3o das Eliminat\u00f3rias Sul-Americanas para a Copa do Mundo de 2026. E o desafio de atuar sob os efeitos dos 4.150 metros de altitude \u00e9\u00a0assunto entre os jogadores da sele\u00e7\u00e3o brasileira.<img decoding=\"async\" src=\"https:\/\/agenciabrasil.ebc.com.br\/ebc.png?id=1657566&amp;o=node\" \/><img decoding=\"async\" src=\"https:\/\/agenciabrasil.ebc.com.br\/ebc.gif?id=1657566&amp;o=node\" \/><\/p>\n<p>Segundo o zagueiro Gabriel Magalh\u00e3es, do Arsenal (Inglaterra), que foi titular na vit\u00f3ria de 3 a 0 sobre a Bol\u00edvia na \u00faltima quinta-feira (4), o Brasil deve entrar em campo para medir for\u00e7as com a Bol\u00edvia sem temer os efeitos da altitude: \u201cN\u00e3o temos que pensar em altitude e, sim, que vestimos a camisa da sele\u00e7\u00e3o brasileira, para fazer um grande jogo e sairmos vitoriosos. Sabemos das dificuldades, mas temos tamb\u00e9m que saber o que precisamos fazer dentro de campo e estamos preparados para isso\u201d.<\/p>\n<p>Quem tem opini\u00e3o semelhante \u00e9 o atacante Gabriel Martinelli, tamb\u00e9m do Arsenal, que aposta em um triunfo do Brasil do t\u00e9cnico italiano Carlo Ancelotti: \u201cS\u00f3 n\u00e3o vejo a hora de chegar o jogo, estou preparado. O nosso foco \u00e9 estar o melhor poss\u00edvel para o jogo e ganhar a partida da melhor maneira poss\u00edvel, jogando o nosso futebol. Com certeza \u00e9 um ponto que atrapalha, mas a gente est\u00e1 focado\u201d.<\/p>\n<p>Brasil e Bol\u00edvia medem for\u00e7as a partir das 20h30 (hor\u00e1rio de Bras\u00edlia) da pr\u00f3xima ter\u00e7a-feira (9) no Est\u00e1dio Municipal de El Alto, na cidade de El Alto.<\/p>\n<p><strong>Ag\u00eancia Brasil<\/strong><\/p>\n","protected":false},"excerpt":{"rendered":"<p>Na pr\u00f3xima ter\u00e7a-feira (9) o Brasil visita a Bol\u00edvia na cidade de El Alto em<\/p>\n","protected":false},"author":3,"featured_media":46455,"comment_status":"open","ping_status":"open","sticky":false,"template":"","format":"standard","meta":{"footnotes":""},"categories":[3,31],"tags":[],"class_list":["post-46454","post","type-post","status-publish","format-standard","has-post-thumbnail","hentry","category-destaques","category-esporte"],"yoast_head":"<!-- This site is optimized with the Yoast SEO plugin v27.5 - https:\/\/yoast.com\/product\/yoast-seo-wordpress\/ -->\n<title>Jogadores do Brasil destacam desafio de jogar na altitude da Bol\u00edvia - Jornal<\/title>\n<meta name=\"description\" content=\"Jogadores do Brasil destacam desafio de jogar na altitude da Bol\u00edvia\" \/>\n<meta name=\"robots\" content=\"index, follow, max-snippet:-1, max-image-preview:large, max-video-preview:-1\" \/>\n<link rel=\"canonical\" href=\"https:\/\/jornalboasnoticias.com.br\/home\/jogadores-do-brasil-destacam-desafio-de-jogar-na-altitude-da-bolivia\/\" \/>\n<meta property=\"og:locale\" content=\"pt_BR\" \/>\n<meta property=\"og:type\" content=\"article\" \/>\n<meta property=\"og:title\" content=\"Jogadores do Brasil destacam desafio de jogar na altitude da Bol\u00edvia - Jornal\" \/>\n<meta property=\"og:description\" content=\"Jogadores do Brasil destacam desafio de jogar na altitude da Bol\u00edvia\" \/>\n<meta property=\"og:url\" content=\"https:\/\/jornalboasnoticias.com.br\/home\/jogadores-do-brasil-destacam-desafio-de-jogar-na-altitude-da-bolivia\/\" \/>\n<meta property=\"og:site_name\" content=\"Jornal\" \/>\n<meta property=\"article:publisher\" content=\"https:\/\/www.facebook.com\/boasnoticiasjornal\" \/>\n<meta property=\"article:published_time\" content=\"2025-09-08T00:22:26+00:00\" \/>\n<meta property=\"og:image\" content=\"https:\/\/jornalboasnoticias.com.br\/home\/wp-content\/uploads\/2025\/09\/jogadores-da-selecao-em-treino.webp\" \/>\n\t<meta property=\"og:image:width\" content=\"1170\" \/>\n\t<meta property=\"og:image:height\" content=\"700\" \/>\n\t<meta property=\"og:image:type\" content=\"image\/webp\" \/>\n<meta name=\"author\" content=\"Luiz Carlos da Cruz\" \/>\n<meta name=\"twitter:card\" content=\"summary_large_image\" \/>\n<meta name=\"twitter:label1\" content=\"Escrito por\" \/>\n\t<meta name=\"twitter:data1\" content=\"Luiz Carlos da Cruz\" \/>\n\t<meta name=\"twitter:label2\" content=\"Est. tempo de leitura\" \/>\n\t<meta name=\"twitter:data2\" content=\"3 minutos\" \/>\n<script type=\"application\/ld+json\" class=\"yoast-schema-graph\">{\"@context\":\"https:\\\/\\\/schema.org\",\"@graph\":[{\"@type\":\"Article\",\"@id\":\"https:\\\/\\\/jornalboasnoticias.com.br\\\/home\\\/jogadores-do-brasil-destacam-desafio-de-jogar-na-altitude-da-bolivia\\\/#article\",\"isPartOf\":{\"@id\":\"https:\\\/\\\/jornalboasnoticias.com.br\\\/home\\\/jogadores-do-brasil-destacam-desafio-de-jogar-na-altitude-da-bolivia\\\/\"},\"author\":{\"name\":\"Luiz Carlos da Cruz\",\"@id\":\"https:\\\/\\\/jornalboasnoticias.com.br\\\/home\\\/#\\\/schema\\\/person\\\/75f9ebde398c998c166475fb446bda62\"},\"headline\":\"Jogadores do Brasil destacam desafio de jogar na altitude da Bol\u00edvia\",\"datePublished\":\"2025-09-08T00:22:26+00:00\",\"mainEntityOfPage\":{\"@id\":\"https:\\\/\\\/jornalboasnoticias.com.br\\\/home\\\/jogadores-do-brasil-destacam-desafio-de-jogar-na-altitude-da-bolivia\\\/\"},\"wordCount\":276,\"commentCount\":0,\"publisher\":{\"@id\":\"https:\\\/\\\/jornalboasnoticias.com.br\\\/home\\\/#organization\"},\"image\":{\"@id\":\"https:\\\/\\\/jornalboasnoticias.com.br\\\/home\\\/jogadores-do-brasil-destacam-desafio-de-jogar-na-altitude-da-bolivia\\\/#primaryimage\"},\"thumbnailUrl\":\"https:\\\/\\\/jornalboasnoticias.com.br\\\/home\\\/wp-content\\\/uploads\\\/2025\\\/09\\\/jogadores-da-selecao-em-treino.webp\",\"articleSection\":[\"DESTAQUE\",\"ESPORTE\"],\"inLanguage\":\"pt-BR\",\"potentialAction\":[{\"@type\":\"CommentAction\",\"name\":\"Comment\",\"target\":[\"https:\\\/\\\/jornalboasnoticias.com.br\\\/home\\\/jogadores-do-brasil-destacam-desafio-de-jogar-na-altitude-da-bolivia\\\/#respond\"]}]},{\"@type\":\"WebPage\",\"@id\":\"https:\\\/\\\/jornalboasnoticias.com.br\\\/home\\\/jogadores-do-brasil-destacam-desafio-de-jogar-na-altitude-da-bolivia\\\/\",\"url\":\"https:\\\/\\\/jornalboasnoticias.com.br\\\/home\\\/jogadores-do-brasil-destacam-desafio-de-jogar-na-altitude-da-bolivia\\\/\",\"name\":\"Jogadores do Brasil destacam desafio de jogar na altitude da Bol\u00edvia - Jornal\",\"isPartOf\":{\"@id\":\"https:\\\/\\\/jornalboasnoticias.com.br\\\/home\\\/#website\"},\"primaryImageOfPage\":{\"@id\":\"https:\\\/\\\/jornalboasnoticias.com.br\\\/home\\\/jogadores-do-brasil-destacam-desafio-de-jogar-na-altitude-da-bolivia\\\/#primaryimage\"},\"image\":{\"@id\":\"https:\\\/\\\/jornalboasnoticias.com.br\\\/home\\\/jogadores-do-brasil-destacam-desafio-de-jogar-na-altitude-da-bolivia\\\/#primaryimage\"},\"thumbnailUrl\":\"https:\\\/\\\/jornalboasnoticias.com.br\\\/home\\\/wp-content\\\/uploads\\\/2025\\\/09\\\/jogadores-da-selecao-em-treino.webp\",\"datePublished\":\"2025-09-08T00:22:26+00:00\",\"description\":\"Jogadores do Brasil destacam desafio de jogar na altitude da Bol\u00edvia\",\"breadcrumb\":{\"@id\":\"https:\\\/\\\/jornalboasnoticias.com.br\\\/home\\\/jogadores-do-brasil-destacam-desafio-de-jogar-na-altitude-da-bolivia\\\/#breadcrumb\"},\"inLanguage\":\"pt-BR\",\"potentialAction\":[{\"@type\":\"ReadAction\",\"target\":[\"https:\\\/\\\/jornalboasnoticias.com.br\\\/home\\\/jogadores-do-brasil-destacam-desafio-de-jogar-na-altitude-da-bolivia\\\/\"]}]},{\"@type\":\"ImageObject\",\"inLanguage\":\"pt-BR\",\"@id\":\"https:\\\/\\\/jornalboasnoticias.com.br\\\/home\\\/jogadores-do-brasil-destacam-desafio-de-jogar-na-altitude-da-bolivia\\\/#primaryimage\",\"url\":\"https:\\\/\\\/jornalboasnoticias.com.br\\\/home\\\/wp-content\\\/uploads\\\/2025\\\/09\\\/jogadores-da-selecao-em-treino.webp\",\"contentUrl\":\"https:\\\/\\\/jornalboasnoticias.com.br\\\/home\\\/wp-content\\\/uploads\\\/2025\\\/09\\\/jogadores-da-selecao-em-treino.webp\",\"width\":1170,\"height\":700,\"caption\":\"Foto: \u00a9 Rafael Ribeiro\\\/CBF\"},{\"@type\":\"BreadcrumbList\",\"@id\":\"https:\\\/\\\/jornalboasnoticias.com.br\\\/home\\\/jogadores-do-brasil-destacam-desafio-de-jogar-na-altitude-da-bolivia\\\/#breadcrumb\",\"itemListElement\":[{\"@type\":\"ListItem\",\"position\":1,\"name\":\"In\u00edcio\",\"item\":\"https:\\\/\\\/jornalboasnoticias.com.br\\\/home\\\/\"},{\"@type\":\"ListItem\",\"position\":2,\"name\":\"Jogadores do Brasil destacam desafio de jogar na altitude da Bol\u00edvia\"}]},{\"@type\":\"WebSite\",\"@id\":\"https:\\\/\\\/jornalboasnoticias.com.br\\\/home\\\/#website\",\"url\":\"https:\\\/\\\/jornalboasnoticias.com.br\\\/home\\\/\",\"name\":\"Jornal Boas Not\u00edcias\",\"description\":\"Boas not\u00edcias\",\"publisher\":{\"@id\":\"https:\\\/\\\/jornalboasnoticias.com.br\\\/home\\\/#organization\"},\"potentialAction\":[{\"@type\":\"SearchAction\",\"target\":{\"@type\":\"EntryPoint\",\"urlTemplate\":\"https:\\\/\\\/jornalboasnoticias.com.br\\\/home\\\/?s={search_term_string}\"},\"query-input\":{\"@type\":\"PropertyValueSpecification\",\"valueRequired\":true,\"valueName\":\"search_term_string\"}}],\"inLanguage\":\"pt-BR\"},{\"@type\":\"Organization\",\"@id\":\"https:\\\/\\\/jornalboasnoticias.com.br\\\/home\\\/#organization\",\"name\":\"Coq Editora Ltda\",\"alternateName\":\"Jornal Boas Noticias\",\"url\":\"https:\\\/\\\/jornalboasnoticias.com.br\\\/home\\\/\",\"logo\":{\"@type\":\"ImageObject\",\"inLanguage\":\"pt-BR\",\"@id\":\"https:\\\/\\\/jornalboasnoticias.com.br\\\/home\\\/#\\\/schema\\\/logo\\\/image\\\/\",\"url\":\"https:\\\/\\\/jornalboasnoticias.com.br\\\/home\\\/wp-content\\\/uploads\\\/2024\\\/07\\\/cropped-logo.jpg\",\"contentUrl\":\"https:\\\/\\\/jornalboasnoticias.com.br\\\/home\\\/wp-content\\\/uploads\\\/2024\\\/07\\\/cropped-logo.jpg\",\"width\":290,\"height\":142,\"caption\":\"Coq Editora Ltda\"},\"image\":{\"@id\":\"https:\\\/\\\/jornalboasnoticias.com.br\\\/home\\\/#\\\/schema\\\/logo\\\/image\\\/\"},\"sameAs\":[\"https:\\\/\\\/www.facebook.com\\\/boasnoticiasjornal\"]},{\"@type\":\"Person\",\"@id\":\"https:\\\/\\\/jornalboasnoticias.com.br\\\/home\\\/#\\\/schema\\\/person\\\/75f9ebde398c998c166475fb446bda62\",\"name\":\"Luiz Carlos da Cruz\",\"image\":{\"@type\":\"ImageObject\",\"inLanguage\":\"pt-BR\",\"@id\":\"https:\\\/\\\/secure.gravatar.com\\\/avatar\\\/e6f4f45301b6cb8572f7b076572e8ac11c1db80e805d8c8d0858cf286ce3ac3b?s=96&d=mm&r=g\",\"url\":\"https:\\\/\\\/secure.gravatar.com\\\/avatar\\\/e6f4f45301b6cb8572f7b076572e8ac11c1db80e805d8c8d0858cf286ce3ac3b?s=96&d=mm&r=g\",\"contentUrl\":\"https:\\\/\\\/secure.gravatar.com\\\/avatar\\\/e6f4f45301b6cb8572f7b076572e8ac11c1db80e805d8c8d0858cf286ce3ac3b?s=96&d=mm&r=g\",\"caption\":\"Luiz Carlos da Cruz\"},\"url\":\"https:\\\/\\\/jornalboasnoticias.com.br\\\/home\\\/author\\\/luiz-carlos-da-cruz\\\/\"}]}<\/script>\n<!-- \/ Yoast SEO plugin. -->","yoast_head_json":{"title":"Jogadores do Brasil destacam desafio de jogar na altitude da Bol\u00edvia - Jornal","description":"Jogadores do Brasil destacam desafio de jogar na altitude da Bol\u00edvia","robots":{"index":"index","follow":"follow","max-snippet":"max-snippet:-1","max-image-preview":"max-image-preview:large","max-video-preview":"max-video-preview:-1"},"canonical":"https:\/\/jornalboasnoticias.com.br\/home\/jogadores-do-brasil-destacam-desafio-de-jogar-na-altitude-da-bolivia\/","og_locale":"pt_BR","og_type":"article","og_title":"Jogadores do Brasil destacam desafio de jogar na altitude da Bol\u00edvia - Jornal","og_description":"Jogadores do Brasil destacam desafio de jogar na altitude da Bol\u00edvia","og_url":"https:\/\/jornalboasnoticias.com.br\/home\/jogadores-do-brasil-destacam-desafio-de-jogar-na-altitude-da-bolivia\/","og_site_name":"Jornal","article_publisher":"https:\/\/www.facebook.com\/boasnoticiasjornal","article_published_time":"2025-09-08T00:22:26+00:00","og_image":[{"width":1170,"height":700,"url":"https:\/\/jornalboasnoticias.com.br\/home\/wp-content\/uploads\/2025\/09\/jogadores-da-selecao-em-treino.webp","type":"image\/webp"}],"author":"Luiz Carlos da Cruz","twitter_card":"summary_large_image","twitter_misc":{"Escrito por":"Luiz Carlos da Cruz","Est. tempo de leitura":"3 minutos"},"schema":{"@context":"https:\/\/schema.org","@graph":[{"@type":"Article","@id":"https:\/\/jornalboasnoticias.com.br\/home\/jogadores-do-brasil-destacam-desafio-de-jogar-na-altitude-da-bolivia\/#article","isPartOf":{"@id":"https:\/\/jornalboasnoticias.com.br\/home\/jogadores-do-brasil-destacam-desafio-de-jogar-na-altitude-da-bolivia\/"},"author":{"name":"Luiz Carlos da Cruz","@id":"https:\/\/jornalboasnoticias.com.br\/home\/#\/schema\/person\/75f9ebde398c998c166475fb446bda62"},"headline":"Jogadores do Brasil destacam desafio de jogar na altitude da Bol\u00edvia","datePublished":"2025-09-08T00:22:26+00:00","mainEntityOfPage":{"@id":"https:\/\/jornalboasnoticias.com.br\/home\/jogadores-do-brasil-destacam-desafio-de-jogar-na-altitude-da-bolivia\/"},"wordCount":276,"commentCount":0,"publisher":{"@id":"https:\/\/jornalboasnoticias.com.br\/home\/#organization"},"image":{"@id":"https:\/\/jornalboasnoticias.com.br\/home\/jogadores-do-brasil-destacam-desafio-de-jogar-na-altitude-da-bolivia\/#primaryimage"},"thumbnailUrl":"https:\/\/jornalboasnoticias.com.br\/home\/wp-content\/uploads\/2025\/09\/jogadores-da-selecao-em-treino.webp","articleSection":["DESTAQUE","ESPORTE"],"inLanguage":"pt-BR","potentialAction":[{"@type":"CommentAction","name":"Comment","target":["https:\/\/jornalboasnoticias.com.br\/home\/jogadores-do-brasil-destacam-desafio-de-jogar-na-altitude-da-bolivia\/#respond"]}]},{"@type":"WebPage","@id":"https:\/\/jornalboasnoticias.com.br\/home\/jogadores-do-brasil-destacam-desafio-de-jogar-na-altitude-da-bolivia\/","url":"https:\/\/jornalboasnoticias.com.br\/home\/jogadores-do-brasil-destacam-desafio-de-jogar-na-altitude-da-bolivia\/","name":"Jogadores do Brasil destacam desafio de jogar na altitude da Bol\u00edvia - Jornal","isPartOf":{"@id":"https:\/\/jornalboasnoticias.com.br\/home\/#website"},"primaryImageOfPage":{"@id":"https:\/\/jornalboasnoticias.com.br\/home\/jogadores-do-brasil-destacam-desafio-de-jogar-na-altitude-da-bolivia\/#primaryimage"},"image":{"@id":"https:\/\/jornalboasnoticias.com.br\/home\/jogadores-do-brasil-destacam-desafio-de-jogar-na-altitude-da-bolivia\/#primaryimage"},"thumbnailUrl":"https:\/\/jornalboasnoticias.com.br\/home\/wp-content\/uploads\/2025\/09\/jogadores-da-selecao-em-treino.webp","datePublished":"2025-09-08T00:22:26+00:00","description":"Jogadores do Brasil destacam desafio de jogar na altitude da Bol\u00edvia","breadcrumb":{"@id":"https:\/\/jornalboasnoticias.com.br\/home\/jogadores-do-brasil-destacam-desafio-de-jogar-na-altitude-da-bolivia\/#breadcrumb"},"inLanguage":"pt-BR","potentialAction":[{"@type":"ReadAction","target":["https:\/\/jornalboasnoticias.com.br\/home\/jogadores-do-brasil-destacam-desafio-de-jogar-na-altitude-da-bolivia\/"]}]},{"@type":"ImageObject","inLanguage":"pt-BR","@id":"https:\/\/jornalboasnoticias.com.br\/home\/jogadores-do-brasil-destacam-desafio-de-jogar-na-altitude-da-bolivia\/#primaryimage","url":"https:\/\/jornalboasnoticias.com.br\/home\/wp-content\/uploads\/2025\/09\/jogadores-da-selecao-em-treino.webp","contentUrl":"https:\/\/jornalboasnoticias.com.br\/home\/wp-content\/uploads\/2025\/09\/jogadores-da-selecao-em-treino.webp","width":1170,"height":700,"caption":"Foto: \u00a9 Rafael Ribeiro\/CBF"},{"@type":"BreadcrumbList","@id":"https:\/\/jornalboasnoticias.com.br\/home\/jogadores-do-brasil-destacam-desafio-de-jogar-na-altitude-da-bolivia\/#breadcrumb","itemListElement":[{"@type":"ListItem","position":1,"name":"In\u00edcio","item":"https:\/\/jornalboasnoticias.com.br\/home\/"},{"@type":"ListItem","position":2,"name":"Jogadores do Brasil destacam desafio de jogar na altitude da Bol\u00edvia"}]},{"@type":"WebSite","@id":"https:\/\/jornalboasnoticias.com.br\/home\/#website","url":"https:\/\/jornalboasnoticias.com.br\/home\/","name":"Jornal Boas Not\u00edcias","description":"Boas not\u00edcias","publisher":{"@id":"https:\/\/jornalboasnoticias.com.br\/home\/#organization"},"potentialAction":[{"@type":"SearchAction","target":{"@type":"EntryPoint","urlTemplate":"https:\/\/jornalboasnoticias.com.br\/home\/?s={search_term_string}"},"query-input":{"@type":"PropertyValueSpecification","valueRequired":true,"valueName":"search_term_string"}}],"inLanguage":"pt-BR"},{"@type":"Organization","@id":"https:\/\/jornalboasnoticias.com.br\/home\/#organization","name":"Coq Editora Ltda","alternateName":"Jornal Boas Noticias","url":"https:\/\/jornalboasnoticias.com.br\/home\/","logo":{"@type":"ImageObject","inLanguage":"pt-BR","@id":"https:\/\/jornalboasnoticias.com.br\/home\/#\/schema\/logo\/image\/","url":"https:\/\/jornalboasnoticias.com.br\/home\/wp-content\/uploads\/2024\/07\/cropped-logo.jpg","contentUrl":"https:\/\/jornalboasnoticias.com.br\/home\/wp-content\/uploads\/2024\/07\/cropped-logo.jpg","width":290,"height":142,"caption":"Coq Editora Ltda"},"image":{"@id":"https:\/\/jornalboasnoticias.com.br\/home\/#\/schema\/logo\/image\/"},"sameAs":["https:\/\/www.facebook.com\/boasnoticiasjornal"]},{"@type":"Person","@id":"https:\/\/jornalboasnoticias.com.br\/home\/#\/schema\/person\/75f9ebde398c998c166475fb446bda62","name":"Luiz Carlos da Cruz","image":{"@type":"ImageObject","inLanguage":"pt-BR","@id":"https:\/\/secure.gravatar.com\/avatar\/e6f4f45301b6cb8572f7b076572e8ac11c1db80e805d8c8d0858cf286ce3ac3b?s=96&d=mm&r=g","url":"https:\/\/secure.gravatar.com\/avatar\/e6f4f45301b6cb8572f7b076572e8ac11c1db80e805d8c8d0858cf286ce3ac3b?s=96&d=mm&r=g","contentUrl":"https:\/\/secure.gravatar.com\/avatar\/e6f4f45301b6cb8572f7b076572e8ac11c1db80e805d8c8d0858cf286ce3ac3b?s=96&d=mm&r=g","caption":"Luiz Carlos da Cruz"},"url":"https:\/\/jornalboasnoticias.com.br\/home\/author\/luiz-carlos-da-cruz\/"}]}},"_links":{"self":[{"href":"https:\/\/jornalboasnoticias.com.br\/home\/wp-json\/wp\/v2\/posts\/46454","targetHints":{"allow":["GET"]}}],"collection":[{"href":"https:\/\/jornalboasnoticias.com.br\/home\/wp-json\/wp\/v2\/posts"}],"about":[{"href":"https:\/\/jornalboasnoticias.com.br\/home\/wp-json\/wp\/v2\/types\/post"}],"author":[{"embeddable":true,"href":"https:\/\/jornalboasnoticias.com.br\/home\/wp-json\/wp\/v2\/users\/3"}],"replies":[{"embeddable":true,"href":"https:\/\/jornalboasnoticias.com.br\/home\/wp-json\/wp\/v2\/comments?post=46454"}],"version-history":[{"count":1,"href":"https:\/\/jornalboasnoticias.com.br\/home\/wp-json\/wp\/v2\/posts\/46454\/revisions"}],"predecessor-version":[{"id":46456,"href":"https:\/\/jornalboasnoticias.com.br\/home\/wp-json\/wp\/v2\/posts\/46454\/revisions\/46456"}],"wp:featuredmedia":[{"embeddable":true,"href":"https:\/\/jornalboasnoticias.com.br\/home\/wp-json\/wp\/v2\/media\/46455"}],"wp:attachment":[{"href":"https:\/\/jornalboasnoticias.com.br\/home\/wp-json\/wp\/v2\/media?parent=46454"}],"wp:term":[{"taxonomy":"category","embeddable":true,"href":"https:\/\/jornalboasnoticias.com.br\/home\/wp-json\/wp\/v2\/categories?post=46454"},{"taxonomy":"post_tag","embeddable":true,"href":"https:\/\/jornalboasnoticias.com.br\/home\/wp-json\/wp\/v2\/tags?post=46454"}],"curies":[{"name":"wp","href":"https:\/\/api.w.org\/{rel}","templated":true}]}}