{"id":46450,"date":"2025-09-08T00:18:16","date_gmt":"2025-09-08T00:18:16","guid":{"rendered":"https:\/\/jornalboasnoticias.com.br\/home\/?p=46450"},"modified":"2025-09-08T00:18:16","modified_gmt":"2025-09-08T00:18:16","slug":"desfile-de-7-de-setembro-emociona-e-mantem-acesa-chama-do-patriotismo-em-cascavel","status":"publish","type":"post","link":"https:\/\/jornalboasnoticias.com.br\/home\/desfile-de-7-de-setembro-emociona-e-mantem-acesa-chama-do-patriotismo-em-cascavel\/","title":{"rendered":"Desfile de 7 de Setembro emociona e mant\u00e9m acesa chama do patriotismo em Cascavel"},"content":{"rendered":"<p><img loading=\"lazy\" decoding=\"async\" class=\"alignnone size-full wp-image-46452\" src=\"https:\/\/jornalboasnoticias.com.br\/home\/wp-content\/uploads\/2025\/09\/000.jpg\" alt=\"\" width=\"1025\" height=\"607\" srcset=\"https:\/\/jornalboasnoticias.com.br\/home\/wp-content\/uploads\/2025\/09\/000.jpg 1025w, https:\/\/jornalboasnoticias.com.br\/home\/wp-content\/uploads\/2025\/09\/000-300x178.jpg 300w, https:\/\/jornalboasnoticias.com.br\/home\/wp-content\/uploads\/2025\/09\/000-768x455.jpg 768w\" sizes=\"auto, (max-width: 1025px) 100vw, 1025px\" \/><\/p>\n<p>Um dia que entrar\u00e1 na hist\u00f3ria do Munic\u00edpio. A Avenida Brasil se transformou em um verdadeiro s\u00edmbolo do amor \u00e0 p\u00e1tria neste dia 7 de Setembro. Cascavel celebrou os 203 anos da Independ\u00eancia do Brasil com um desfile c\u00edvico-militar que reuniu mais de 12 mil pessoas, um recorde da cidade. Crian\u00e7as, jovens, profissionais da educa\u00e7\u00e3o, for\u00e7as de seguran\u00e7a, entidades, atletas, toda comunidade celebrando o civismo em uma manh\u00e3 marcada pelo verde e amarelo, m\u00fasica e muita em emo\u00e7\u00e3o.<\/p>\n<p data-end=\"359\" data-start=\"136\">O prefeito Renato Silva destacou a import\u00e2ncia de manter vivo o esp\u00edrito c\u00edvico. &#8220;\u00c9 um momento de respeito \u00e0 hist\u00f3ria e de inspira\u00e7\u00e3o para as novas gera\u00e7\u00f5es. O\u00a0munic\u00edpio de Cascavel faz, mais uma vez, uma grande festa para celebrar a nossa liberdade, conquistada com muito sacrif\u00edcio. \u00c9 importante estarmos presentes para dar exemplo \u00e0s crian\u00e7as e mostrar que o nosso pa\u00eds \u00e9 amado, rico e pujante. Precisamos sempre lutar pela liberdade, pelos princ\u00edpios e pela ordem. Durante toda a semana acompanhamos nas escolas o patriotismo das crian\u00e7as, a emo\u00e7\u00e3o ao cantar o Hino Nacional e a valoriza\u00e7\u00e3o da nossa p\u00e1tria. Esse amor vai se renovando a cada gera\u00e7\u00e3o, e \u00e9 isso que garante um povo livre, verdadeiro e preparado para seguir de cabe\u00e7a erguida, sempre com ordem e progresso\u201d.<\/p>\n<p>O General Machado, \u00e0 frente da 15\u00b0 Batalh\u00e3o Mecanizado, lembra do legado hist\u00f3rico do pa\u00eds e o sentimento de patriotismo que une todas as gera\u00e7\u00f5es. \u201cHoje \u00e9 um dia de reafirmar o amor \u00e0 nossa terra, \u00e0 nossa gente, e a soberania do Brasil, especialmente neste rinc\u00e3o do Oeste do Paran\u00e1\u201d.<\/p>\n<p>O desfile reuniu 63 institui\u00e7\u00f5es, 7.693 pessoas a p\u00e9, 162 ve\u00edculos, 95 motocicletas e 24 cavalos, com destaque para a rede municipal de ensino, que levou mais de 2 mil alunos e profissionais para a avenida, mostrando o entusiasmo das crian\u00e7as e adolescentes pelo pa\u00eds. A Banda da 15\u00b0 Brigada de Infantaria Mecanizada e nove fanfarras escolares marcaram o ritmo da celebra\u00e7\u00e3o, garantindo anima\u00e7\u00e3o durante toda a manh\u00e3.<\/p>\n<p>O p\u00fablico tamb\u00e9m marcou presen\u00e7a com grande emo\u00e7\u00e3o.\u00a0\u201cEst\u00e1 muito legal, muito bacana ver o pessoal representando as cidades de Cascavel. Ficou bem organizado e, na verdade, todo ano \u00e9 assim, mas esse ano o pessoal se superou\u201d, comenta o gestor de tr\u00e1fego, Guilherme Chaves Lopes.<\/p>\n<p data-end=\"654\" data-start=\"507\">A estudante Emily Sibeli Ferreira Monteiro, de 14 anos, tamb\u00e9m compartilhou sua empolga\u00e7\u00e3o ao acompanhar o desfile e ver familiares participando.\u00a0\u201cA parte que mais gostei foi quando meu sobrinho desfilou pelo Col\u00e9gio Dulce Maria. Ficou muito lindo, adorei. Com certeza vou voltar no ano que vem para prestigiar novamente\u201d.<\/p>\n<p data-end=\"1001\" data-start=\"883\">O t\u00e9cnico de ar-condicionado Marcos Vin\u00edcius destacou a import\u00e2ncia das for\u00e7as de seguran\u00e7a e da tradi\u00e7\u00e3o do evento.\u00a0\u201cMuito bom, toda ano gente sempre est\u00e1 aqui para acompanhar e est\u00e1 legal. A parte que mais espero para ver \u00e9 o desfile motorizado, o Ex\u00e9rcito, e a pol\u00edcia&#8221;, observa.<\/p>\n<p>Para receber a comunidade, a Prefeitura de Cascavel preparou uma estrutura completa com arquibancadas, tendas, banheiros adaptados, bebedouros, tel\u00e3o e seguran\u00e7a refor\u00e7ada, garantindo conforto e acessibilidade para todos<\/p>\n<p><strong>Secom<\/strong><\/p>\n","protected":false},"excerpt":{"rendered":"<p>Um dia que entrar\u00e1 na hist\u00f3ria do Munic\u00edpio. A Avenida Brasil se transformou em um<\/p>\n","protected":false},"author":3,"featured_media":46452,"comment_status":"open","ping_status":"open","sticky":false,"template":"","format":"standard","meta":{"footnotes":""},"categories":[2],"tags":[],"class_list":["post-46450","post","type-post","status-publish","format-standard","has-post-thumbnail","hentry","category-cascavel"],"yoast_head":"<!-- This site is optimized with the Yoast SEO plugin v27.5 - https:\/\/yoast.com\/product\/yoast-seo-wordpress\/ -->\n<title>Desfile de 7 de Setembro emociona e mant\u00e9m acesa chama do patriotismo em Cascavel - Jornal<\/title>\n<meta name=\"description\" content=\"Desfile de 7 de Setembro emociona e mant\u00e9m acesa chama do patriotismo em Cascavel\" \/>\n<meta name=\"robots\" content=\"index, follow, max-snippet:-1, max-image-preview:large, max-video-preview:-1\" \/>\n<link rel=\"canonical\" href=\"https:\/\/jornalboasnoticias.com.br\/home\/desfile-de-7-de-setembro-emociona-e-mantem-acesa-chama-do-patriotismo-em-cascavel\/\" \/>\n<meta property=\"og:locale\" content=\"pt_BR\" \/>\n<meta property=\"og:type\" content=\"article\" \/>\n<meta property=\"og:title\" content=\"Desfile de 7 de Setembro emociona e mant\u00e9m acesa chama do patriotismo em Cascavel - Jornal\" \/>\n<meta property=\"og:description\" content=\"Desfile de 7 de Setembro emociona e mant\u00e9m acesa chama do patriotismo em Cascavel\" \/>\n<meta property=\"og:url\" content=\"https:\/\/jornalboasnoticias.com.br\/home\/desfile-de-7-de-setembro-emociona-e-mantem-acesa-chama-do-patriotismo-em-cascavel\/\" \/>\n<meta property=\"og:site_name\" content=\"Jornal\" \/>\n<meta property=\"article:publisher\" content=\"https:\/\/www.facebook.com\/boasnoticiasjornal\" \/>\n<meta property=\"article:published_time\" content=\"2025-09-08T00:18:16+00:00\" \/>\n<meta property=\"og:image\" content=\"https:\/\/jornalboasnoticias.com.br\/home\/wp-content\/uploads\/2025\/09\/000.jpg\" \/>\n\t<meta property=\"og:image:width\" content=\"1025\" \/>\n\t<meta property=\"og:image:height\" content=\"607\" \/>\n\t<meta property=\"og:image:type\" content=\"image\/jpeg\" \/>\n<meta name=\"author\" content=\"Luiz Carlos da Cruz\" \/>\n<meta name=\"twitter:card\" content=\"summary_large_image\" \/>\n<meta name=\"twitter:label1\" content=\"Escrito por\" \/>\n\t<meta name=\"twitter:data1\" content=\"Luiz Carlos da Cruz\" \/>\n\t<meta name=\"twitter:label2\" content=\"Est. tempo de leitura\" \/>\n\t<meta name=\"twitter:data2\" content=\"4 minutos\" \/>\n<script type=\"application\/ld+json\" class=\"yoast-schema-graph\">{\"@context\":\"https:\\\/\\\/schema.org\",\"@graph\":[{\"@type\":\"Article\",\"@id\":\"https:\\\/\\\/jornalboasnoticias.com.br\\\/home\\\/desfile-de-7-de-setembro-emociona-e-mantem-acesa-chama-do-patriotismo-em-cascavel\\\/#article\",\"isPartOf\":{\"@id\":\"https:\\\/\\\/jornalboasnoticias.com.br\\\/home\\\/desfile-de-7-de-setembro-emociona-e-mantem-acesa-chama-do-patriotismo-em-cascavel\\\/\"},\"author\":{\"name\":\"Luiz Carlos da Cruz\",\"@id\":\"https:\\\/\\\/jornalboasnoticias.com.br\\\/home\\\/#\\\/schema\\\/person\\\/75f9ebde398c998c166475fb446bda62\"},\"headline\":\"Desfile de 7 de Setembro emociona e mant\u00e9m acesa chama do patriotismo em Cascavel\",\"datePublished\":\"2025-09-08T00:18:16+00:00\",\"mainEntityOfPage\":{\"@id\":\"https:\\\/\\\/jornalboasnoticias.com.br\\\/home\\\/desfile-de-7-de-setembro-emociona-e-mantem-acesa-chama-do-patriotismo-em-cascavel\\\/\"},\"wordCount\":549,\"commentCount\":0,\"publisher\":{\"@id\":\"https:\\\/\\\/jornalboasnoticias.com.br\\\/home\\\/#organization\"},\"image\":{\"@id\":\"https:\\\/\\\/jornalboasnoticias.com.br\\\/home\\\/desfile-de-7-de-setembro-emociona-e-mantem-acesa-chama-do-patriotismo-em-cascavel\\\/#primaryimage\"},\"thumbnailUrl\":\"https:\\\/\\\/jornalboasnoticias.com.br\\\/home\\\/wp-content\\\/uploads\\\/2025\\\/09\\\/000.jpg\",\"articleSection\":[\"CASCAVEL\"],\"inLanguage\":\"pt-BR\",\"potentialAction\":[{\"@type\":\"CommentAction\",\"name\":\"Comment\",\"target\":[\"https:\\\/\\\/jornalboasnoticias.com.br\\\/home\\\/desfile-de-7-de-setembro-emociona-e-mantem-acesa-chama-do-patriotismo-em-cascavel\\\/#respond\"]}]},{\"@type\":\"WebPage\",\"@id\":\"https:\\\/\\\/jornalboasnoticias.com.br\\\/home\\\/desfile-de-7-de-setembro-emociona-e-mantem-acesa-chama-do-patriotismo-em-cascavel\\\/\",\"url\":\"https:\\\/\\\/jornalboasnoticias.com.br\\\/home\\\/desfile-de-7-de-setembro-emociona-e-mantem-acesa-chama-do-patriotismo-em-cascavel\\\/\",\"name\":\"Desfile de 7 de Setembro emociona e mant\u00e9m acesa chama do patriotismo em Cascavel - Jornal\",\"isPartOf\":{\"@id\":\"https:\\\/\\\/jornalboasnoticias.com.br\\\/home\\\/#website\"},\"primaryImageOfPage\":{\"@id\":\"https:\\\/\\\/jornalboasnoticias.com.br\\\/home\\\/desfile-de-7-de-setembro-emociona-e-mantem-acesa-chama-do-patriotismo-em-cascavel\\\/#primaryimage\"},\"image\":{\"@id\":\"https:\\\/\\\/jornalboasnoticias.com.br\\\/home\\\/desfile-de-7-de-setembro-emociona-e-mantem-acesa-chama-do-patriotismo-em-cascavel\\\/#primaryimage\"},\"thumbnailUrl\":\"https:\\\/\\\/jornalboasnoticias.com.br\\\/home\\\/wp-content\\\/uploads\\\/2025\\\/09\\\/000.jpg\",\"datePublished\":\"2025-09-08T00:18:16+00:00\",\"description\":\"Desfile de 7 de Setembro emociona e mant\u00e9m acesa chama do patriotismo em Cascavel\",\"breadcrumb\":{\"@id\":\"https:\\\/\\\/jornalboasnoticias.com.br\\\/home\\\/desfile-de-7-de-setembro-emociona-e-mantem-acesa-chama-do-patriotismo-em-cascavel\\\/#breadcrumb\"},\"inLanguage\":\"pt-BR\",\"potentialAction\":[{\"@type\":\"ReadAction\",\"target\":[\"https:\\\/\\\/jornalboasnoticias.com.br\\\/home\\\/desfile-de-7-de-setembro-emociona-e-mantem-acesa-chama-do-patriotismo-em-cascavel\\\/\"]}]},{\"@type\":\"ImageObject\",\"inLanguage\":\"pt-BR\",\"@id\":\"https:\\\/\\\/jornalboasnoticias.com.br\\\/home\\\/desfile-de-7-de-setembro-emociona-e-mantem-acesa-chama-do-patriotismo-em-cascavel\\\/#primaryimage\",\"url\":\"https:\\\/\\\/jornalboasnoticias.com.br\\\/home\\\/wp-content\\\/uploads\\\/2025\\\/09\\\/000.jpg\",\"contentUrl\":\"https:\\\/\\\/jornalboasnoticias.com.br\\\/home\\\/wp-content\\\/uploads\\\/2025\\\/09\\\/000.jpg\",\"width\":1025,\"height\":607},{\"@type\":\"BreadcrumbList\",\"@id\":\"https:\\\/\\\/jornalboasnoticias.com.br\\\/home\\\/desfile-de-7-de-setembro-emociona-e-mantem-acesa-chama-do-patriotismo-em-cascavel\\\/#breadcrumb\",\"itemListElement\":[{\"@type\":\"ListItem\",\"position\":1,\"name\":\"In\u00edcio\",\"item\":\"https:\\\/\\\/jornalboasnoticias.com.br\\\/home\\\/\"},{\"@type\":\"ListItem\",\"position\":2,\"name\":\"Desfile de 7 de Setembro emociona e mant\u00e9m acesa chama do patriotismo em Cascavel\"}]},{\"@type\":\"WebSite\",\"@id\":\"https:\\\/\\\/jornalboasnoticias.com.br\\\/home\\\/#website\",\"url\":\"https:\\\/\\\/jornalboasnoticias.com.br\\\/home\\\/\",\"name\":\"Jornal Boas Not\u00edcias\",\"description\":\"Boas not\u00edcias\",\"publisher\":{\"@id\":\"https:\\\/\\\/jornalboasnoticias.com.br\\\/home\\\/#organization\"},\"potentialAction\":[{\"@type\":\"SearchAction\",\"target\":{\"@type\":\"EntryPoint\",\"urlTemplate\":\"https:\\\/\\\/jornalboasnoticias.com.br\\\/home\\\/?s={search_term_string}\"},\"query-input\":{\"@type\":\"PropertyValueSpecification\",\"valueRequired\":true,\"valueName\":\"search_term_string\"}}],\"inLanguage\":\"pt-BR\"},{\"@type\":\"Organization\",\"@id\":\"https:\\\/\\\/jornalboasnoticias.com.br\\\/home\\\/#organization\",\"name\":\"Coq Editora Ltda\",\"alternateName\":\"Jornal Boas Noticias\",\"url\":\"https:\\\/\\\/jornalboasnoticias.com.br\\\/home\\\/\",\"logo\":{\"@type\":\"ImageObject\",\"inLanguage\":\"pt-BR\",\"@id\":\"https:\\\/\\\/jornalboasnoticias.com.br\\\/home\\\/#\\\/schema\\\/logo\\\/image\\\/\",\"url\":\"https:\\\/\\\/jornalboasnoticias.com.br\\\/home\\\/wp-content\\\/uploads\\\/2024\\\/07\\\/cropped-logo.jpg\",\"contentUrl\":\"https:\\\/\\\/jornalboasnoticias.com.br\\\/home\\\/wp-content\\\/uploads\\\/2024\\\/07\\\/cropped-logo.jpg\",\"width\":290,\"height\":142,\"caption\":\"Coq Editora Ltda\"},\"image\":{\"@id\":\"https:\\\/\\\/jornalboasnoticias.com.br\\\/home\\\/#\\\/schema\\\/logo\\\/image\\\/\"},\"sameAs\":[\"https:\\\/\\\/www.facebook.com\\\/boasnoticiasjornal\"]},{\"@type\":\"Person\",\"@id\":\"https:\\\/\\\/jornalboasnoticias.com.br\\\/home\\\/#\\\/schema\\\/person\\\/75f9ebde398c998c166475fb446bda62\",\"name\":\"Luiz Carlos da Cruz\",\"image\":{\"@type\":\"ImageObject\",\"inLanguage\":\"pt-BR\",\"@id\":\"https:\\\/\\\/secure.gravatar.com\\\/avatar\\\/e6f4f45301b6cb8572f7b076572e8ac11c1db80e805d8c8d0858cf286ce3ac3b?s=96&d=mm&r=g\",\"url\":\"https:\\\/\\\/secure.gravatar.com\\\/avatar\\\/e6f4f45301b6cb8572f7b076572e8ac11c1db80e805d8c8d0858cf286ce3ac3b?s=96&d=mm&r=g\",\"contentUrl\":\"https:\\\/\\\/secure.gravatar.com\\\/avatar\\\/e6f4f45301b6cb8572f7b076572e8ac11c1db80e805d8c8d0858cf286ce3ac3b?s=96&d=mm&r=g\",\"caption\":\"Luiz Carlos da Cruz\"},\"url\":\"https:\\\/\\\/jornalboasnoticias.com.br\\\/home\\\/author\\\/luiz-carlos-da-cruz\\\/\"}]}<\/script>\n<!-- \/ Yoast SEO plugin. -->","yoast_head_json":{"title":"Desfile de 7 de Setembro emociona e mant\u00e9m acesa chama do patriotismo em Cascavel - Jornal","description":"Desfile de 7 de Setembro emociona e mant\u00e9m acesa chama do patriotismo em Cascavel","robots":{"index":"index","follow":"follow","max-snippet":"max-snippet:-1","max-image-preview":"max-image-preview:large","max-video-preview":"max-video-preview:-1"},"canonical":"https:\/\/jornalboasnoticias.com.br\/home\/desfile-de-7-de-setembro-emociona-e-mantem-acesa-chama-do-patriotismo-em-cascavel\/","og_locale":"pt_BR","og_type":"article","og_title":"Desfile de 7 de Setembro emociona e mant\u00e9m acesa chama do patriotismo em Cascavel - Jornal","og_description":"Desfile de 7 de Setembro emociona e mant\u00e9m acesa chama do patriotismo em Cascavel","og_url":"https:\/\/jornalboasnoticias.com.br\/home\/desfile-de-7-de-setembro-emociona-e-mantem-acesa-chama-do-patriotismo-em-cascavel\/","og_site_name":"Jornal","article_publisher":"https:\/\/www.facebook.com\/boasnoticiasjornal","article_published_time":"2025-09-08T00:18:16+00:00","og_image":[{"width":1025,"height":607,"url":"https:\/\/jornalboasnoticias.com.br\/home\/wp-content\/uploads\/2025\/09\/000.jpg","type":"image\/jpeg"}],"author":"Luiz Carlos da Cruz","twitter_card":"summary_large_image","twitter_misc":{"Escrito por":"Luiz Carlos da Cruz","Est. tempo de leitura":"4 minutos"},"schema":{"@context":"https:\/\/schema.org","@graph":[{"@type":"Article","@id":"https:\/\/jornalboasnoticias.com.br\/home\/desfile-de-7-de-setembro-emociona-e-mantem-acesa-chama-do-patriotismo-em-cascavel\/#article","isPartOf":{"@id":"https:\/\/jornalboasnoticias.com.br\/home\/desfile-de-7-de-setembro-emociona-e-mantem-acesa-chama-do-patriotismo-em-cascavel\/"},"author":{"name":"Luiz Carlos da Cruz","@id":"https:\/\/jornalboasnoticias.com.br\/home\/#\/schema\/person\/75f9ebde398c998c166475fb446bda62"},"headline":"Desfile de 7 de Setembro emociona e mant\u00e9m acesa chama do patriotismo em Cascavel","datePublished":"2025-09-08T00:18:16+00:00","mainEntityOfPage":{"@id":"https:\/\/jornalboasnoticias.com.br\/home\/desfile-de-7-de-setembro-emociona-e-mantem-acesa-chama-do-patriotismo-em-cascavel\/"},"wordCount":549,"commentCount":0,"publisher":{"@id":"https:\/\/jornalboasnoticias.com.br\/home\/#organization"},"image":{"@id":"https:\/\/jornalboasnoticias.com.br\/home\/desfile-de-7-de-setembro-emociona-e-mantem-acesa-chama-do-patriotismo-em-cascavel\/#primaryimage"},"thumbnailUrl":"https:\/\/jornalboasnoticias.com.br\/home\/wp-content\/uploads\/2025\/09\/000.jpg","articleSection":["CASCAVEL"],"inLanguage":"pt-BR","potentialAction":[{"@type":"CommentAction","name":"Comment","target":["https:\/\/jornalboasnoticias.com.br\/home\/desfile-de-7-de-setembro-emociona-e-mantem-acesa-chama-do-patriotismo-em-cascavel\/#respond"]}]},{"@type":"WebPage","@id":"https:\/\/jornalboasnoticias.com.br\/home\/desfile-de-7-de-setembro-emociona-e-mantem-acesa-chama-do-patriotismo-em-cascavel\/","url":"https:\/\/jornalboasnoticias.com.br\/home\/desfile-de-7-de-setembro-emociona-e-mantem-acesa-chama-do-patriotismo-em-cascavel\/","name":"Desfile de 7 de Setembro emociona e mant\u00e9m acesa chama do patriotismo em Cascavel - Jornal","isPartOf":{"@id":"https:\/\/jornalboasnoticias.com.br\/home\/#website"},"primaryImageOfPage":{"@id":"https:\/\/jornalboasnoticias.com.br\/home\/desfile-de-7-de-setembro-emociona-e-mantem-acesa-chama-do-patriotismo-em-cascavel\/#primaryimage"},"image":{"@id":"https:\/\/jornalboasnoticias.com.br\/home\/desfile-de-7-de-setembro-emociona-e-mantem-acesa-chama-do-patriotismo-em-cascavel\/#primaryimage"},"thumbnailUrl":"https:\/\/jornalboasnoticias.com.br\/home\/wp-content\/uploads\/2025\/09\/000.jpg","datePublished":"2025-09-08T00:18:16+00:00","description":"Desfile de 7 de Setembro emociona e mant\u00e9m acesa chama do patriotismo em Cascavel","breadcrumb":{"@id":"https:\/\/jornalboasnoticias.com.br\/home\/desfile-de-7-de-setembro-emociona-e-mantem-acesa-chama-do-patriotismo-em-cascavel\/#breadcrumb"},"inLanguage":"pt-BR","potentialAction":[{"@type":"ReadAction","target":["https:\/\/jornalboasnoticias.com.br\/home\/desfile-de-7-de-setembro-emociona-e-mantem-acesa-chama-do-patriotismo-em-cascavel\/"]}]},{"@type":"ImageObject","inLanguage":"pt-BR","@id":"https:\/\/jornalboasnoticias.com.br\/home\/desfile-de-7-de-setembro-emociona-e-mantem-acesa-chama-do-patriotismo-em-cascavel\/#primaryimage","url":"https:\/\/jornalboasnoticias.com.br\/home\/wp-content\/uploads\/2025\/09\/000.jpg","contentUrl":"https:\/\/jornalboasnoticias.com.br\/home\/wp-content\/uploads\/2025\/09\/000.jpg","width":1025,"height":607},{"@type":"BreadcrumbList","@id":"https:\/\/jornalboasnoticias.com.br\/home\/desfile-de-7-de-setembro-emociona-e-mantem-acesa-chama-do-patriotismo-em-cascavel\/#breadcrumb","itemListElement":[{"@type":"ListItem","position":1,"name":"In\u00edcio","item":"https:\/\/jornalboasnoticias.com.br\/home\/"},{"@type":"ListItem","position":2,"name":"Desfile de 7 de Setembro emociona e mant\u00e9m acesa chama do patriotismo em Cascavel"}]},{"@type":"WebSite","@id":"https:\/\/jornalboasnoticias.com.br\/home\/#website","url":"https:\/\/jornalboasnoticias.com.br\/home\/","name":"Jornal Boas Not\u00edcias","description":"Boas not\u00edcias","publisher":{"@id":"https:\/\/jornalboasnoticias.com.br\/home\/#organization"},"potentialAction":[{"@type":"SearchAction","target":{"@type":"EntryPoint","urlTemplate":"https:\/\/jornalboasnoticias.com.br\/home\/?s={search_term_string}"},"query-input":{"@type":"PropertyValueSpecification","valueRequired":true,"valueName":"search_term_string"}}],"inLanguage":"pt-BR"},{"@type":"Organization","@id":"https:\/\/jornalboasnoticias.com.br\/home\/#organization","name":"Coq Editora Ltda","alternateName":"Jornal Boas Noticias","url":"https:\/\/jornalboasnoticias.com.br\/home\/","logo":{"@type":"ImageObject","inLanguage":"pt-BR","@id":"https:\/\/jornalboasnoticias.com.br\/home\/#\/schema\/logo\/image\/","url":"https:\/\/jornalboasnoticias.com.br\/home\/wp-content\/uploads\/2024\/07\/cropped-logo.jpg","contentUrl":"https:\/\/jornalboasnoticias.com.br\/home\/wp-content\/uploads\/2024\/07\/cropped-logo.jpg","width":290,"height":142,"caption":"Coq Editora Ltda"},"image":{"@id":"https:\/\/jornalboasnoticias.com.br\/home\/#\/schema\/logo\/image\/"},"sameAs":["https:\/\/www.facebook.com\/boasnoticiasjornal"]},{"@type":"Person","@id":"https:\/\/jornalboasnoticias.com.br\/home\/#\/schema\/person\/75f9ebde398c998c166475fb446bda62","name":"Luiz Carlos da Cruz","image":{"@type":"ImageObject","inLanguage":"pt-BR","@id":"https:\/\/secure.gravatar.com\/avatar\/e6f4f45301b6cb8572f7b076572e8ac11c1db80e805d8c8d0858cf286ce3ac3b?s=96&d=mm&r=g","url":"https:\/\/secure.gravatar.com\/avatar\/e6f4f45301b6cb8572f7b076572e8ac11c1db80e805d8c8d0858cf286ce3ac3b?s=96&d=mm&r=g","contentUrl":"https:\/\/secure.gravatar.com\/avatar\/e6f4f45301b6cb8572f7b076572e8ac11c1db80e805d8c8d0858cf286ce3ac3b?s=96&d=mm&r=g","caption":"Luiz Carlos da Cruz"},"url":"https:\/\/jornalboasnoticias.com.br\/home\/author\/luiz-carlos-da-cruz\/"}]}},"_links":{"self":[{"href":"https:\/\/jornalboasnoticias.com.br\/home\/wp-json\/wp\/v2\/posts\/46450","targetHints":{"allow":["GET"]}}],"collection":[{"href":"https:\/\/jornalboasnoticias.com.br\/home\/wp-json\/wp\/v2\/posts"}],"about":[{"href":"https:\/\/jornalboasnoticias.com.br\/home\/wp-json\/wp\/v2\/types\/post"}],"author":[{"embeddable":true,"href":"https:\/\/jornalboasnoticias.com.br\/home\/wp-json\/wp\/v2\/users\/3"}],"replies":[{"embeddable":true,"href":"https:\/\/jornalboasnoticias.com.br\/home\/wp-json\/wp\/v2\/comments?post=46450"}],"version-history":[{"count":1,"href":"https:\/\/jornalboasnoticias.com.br\/home\/wp-json\/wp\/v2\/posts\/46450\/revisions"}],"predecessor-version":[{"id":46453,"href":"https:\/\/jornalboasnoticias.com.br\/home\/wp-json\/wp\/v2\/posts\/46450\/revisions\/46453"}],"wp:featuredmedia":[{"embeddable":true,"href":"https:\/\/jornalboasnoticias.com.br\/home\/wp-json\/wp\/v2\/media\/46452"}],"wp:attachment":[{"href":"https:\/\/jornalboasnoticias.com.br\/home\/wp-json\/wp\/v2\/media?parent=46450"}],"wp:term":[{"taxonomy":"category","embeddable":true,"href":"https:\/\/jornalboasnoticias.com.br\/home\/wp-json\/wp\/v2\/categories?post=46450"},{"taxonomy":"post_tag","embeddable":true,"href":"https:\/\/jornalboasnoticias.com.br\/home\/wp-json\/wp\/v2\/tags?post=46450"}],"curies":[{"name":"wp","href":"https:\/\/api.w.org\/{rel}","templated":true}]}}