{"id":46447,"date":"2025-09-08T00:09:47","date_gmt":"2025-09-08T00:09:47","guid":{"rendered":"https:\/\/jornalboasnoticias.com.br\/home\/?p=46447"},"modified":"2025-09-08T00:09:47","modified_gmt":"2025-09-08T00:09:47","slug":"ato-pro-bolsonaro-une-governadores-e-parlamentares-de-direita-em-sp","status":"publish","type":"post","link":"https:\/\/jornalboasnoticias.com.br\/home\/ato-pro-bolsonaro-une-governadores-e-parlamentares-de-direita-em-sp\/","title":{"rendered":"Ato pr\u00f3-Bolsonaro une governadores e parlamentares de direita em SP"},"content":{"rendered":"<figure id=\"attachment_46448\" aria-describedby=\"caption-attachment-46448\" style=\"width: 1170px\" class=\"wp-caption alignnone\"><img loading=\"lazy\" decoding=\"async\" class=\"size-full wp-image-46448\" src=\"https:\/\/jornalboasnoticias.com.br\/home\/wp-content\/uploads\/2025\/09\/manifestacao-em-Brasilia.webp\" alt=\"\" width=\"1170\" height=\"700\" srcset=\"https:\/\/jornalboasnoticias.com.br\/home\/wp-content\/uploads\/2025\/09\/manifestacao-em-Brasilia.webp 1170w, https:\/\/jornalboasnoticias.com.br\/home\/wp-content\/uploads\/2025\/09\/manifestacao-em-Brasilia-300x179.webp 300w, https:\/\/jornalboasnoticias.com.br\/home\/wp-content\/uploads\/2025\/09\/manifestacao-em-Brasilia-1024x613.webp 1024w, https:\/\/jornalboasnoticias.com.br\/home\/wp-content\/uploads\/2025\/09\/manifestacao-em-Brasilia-768x459.webp 768w\" sizes=\"auto, (max-width: 1170px) 100vw, 1170px\" \/><figcaption id=\"caption-attachment-46448\" class=\"wp-caption-text\">Foto: Paulo Pinto<\/figcaption><\/figure>\n<p><strong>Em ato organizado em S\u00e3o Paulo por movimentos da direita e grupos religiosos, manifestantes assistiram neste domingo (7) a discursos defendendo pautas como a liberdade e a anistia ao ex-presidente Jair Bolsonaro e o impeachment do ministro do Supremo Tribunal Federal (STF) Alexandre de Moraes.\u00a0<\/strong><img decoding=\"async\" src=\"https:\/\/agenciabrasil.ebc.com.br\/ebc.png?id=1657564&amp;o=node\" \/><img decoding=\"async\" src=\"https:\/\/agenciabrasil.ebc.com.br\/ebc.gif?id=1657564&amp;o=node\" \/><\/p>\n<p>Reunidos na Avenida Paulista, o grupo tamb\u00e9m se manifestou contra o presidente Luiz In\u00e1cio Lula da Silva, em alguns casos pedindo sua pris\u00e3o.<\/p>\n<p>O governador de S\u00e3o Paulo, Tarc\u00edsio de Freitas, falou em uma celebra\u00e7\u00e3o incompleta pela aus\u00eancia do direito de ir e vir de Bolsonaro. Disse ainda que o que se assiste \u00e9 a constru\u00e7\u00e3o de uma s\u00e9rie de narrativas por parte da esquerda na condu\u00e7\u00e3o do julgamento em torno do 8 de janeiro, para incriminar o ex-presidente.<\/p>\n<p>&#8220;O que eles t\u00eam \u00e9 uma \u00fanica dela\u00e7\u00e3o de um colaborador, mudada seis vezes em tr\u00eas dias, sob coa\u00e7\u00e3o. N\u00e3o se pode destruir a democracia sob o pretexto de resgat\u00e1-la&#8221;.<\/p>\n<p><strong>Para o governador, a anistia tem de ser ampla e para todos os envolvidos<\/strong>, em favor da tradi\u00e7\u00e3o nacional pela pacifica\u00e7\u00e3o, &#8220;para que a gente possa se livrar do PT&#8221;. Freitas reafirmou ainda a ascens\u00e3o de uma direita anti-sistema, de um estado\u00a0<em>pro-business<\/em>, de uma direita que n\u00e3o tem vergonha de ir para as ruas e classificou a atua\u00e7\u00e3o de Alexandre de Moraes como &#8220;tirania&#8221;.<\/p>\n<div class=\"dnd-widget-wrapper context-cheio_8colunas type-image atom-align-center\">\n<div class=\"dnd-atom-rendered\"><img decoding=\"async\" class=\"aligncenter\" title=\"Paulo Pinto\/Ag\u00eancia Brasil\" src=\"https:\/\/imagens.ebc.com.br\/2eYiUJnd6E2G5BEoZ9nEKc7flsw=\/754x0\/smart\/https:\/\/agenciabrasil.ebc.com.br\/sites\/default\/files\/thumbnails\/image\/2025\/09\/07\/pint9070_0.jpg?itok=p5uTpDqU\" alt=\"S\u00e3o Paulo (SP), 07\/09\/2025 - Pessoas participam do evento Reaja Brasil, na Avenida Paulista. Foto: Paulo Pinto\/Ag\u00eancia Brasil\" \/><\/div>\n<div class=\"dnd-caption-wrapper\">\n<h6 class=\"meta rtecenter\">\u00a0 \u00a0 \u00a0 \u00a0 \u00a0 \u00a0 \u00a0 \u00a0 \u00a0 \u00a0 \u00a0 \u00a0 \u00a0 \u00a0 \u00a0 \u00a0 \u00a0 \u00a0 \u00a0 \u00a0 \u00a0 \u00a0 \u00a0 Evento Reaja Brasil, na Avenida Paulista. Foto: <strong>Paulo Pinto\/Ag\u00eancia Brasil<\/strong><\/h6>\n<\/div>\n<\/div>\n<p><strong>O pastor Silas Malafaia fez um longo discurso defendendo a unidade da direita em torno de Bolsonaro.\u00a0<\/strong>Ele citou o que considera uma injusti\u00e7a do processo contra o ex-presidente e abusos da parte do STF e do ministro Alexandre de Moraes, que caracterizou como um &#8220;ditador&#8221; e algu\u00e9m que desrespeita a liberdade pol\u00edtica e a religiosa. O pastor lembrou a apreens\u00e3o de seus cadernos de ora\u00e7\u00e3o h\u00e1 dez dias, quando retornava de uma viagem a Portugal, e negou estar dialogando com autoridades estrangeiras.<\/p>\n<p>No fim de agosto,\u00a0<a href=\"http:\/\/agenciabrasil.ebc.com.br\/justica\/noticia\/2025-08\/moraes-determina-busca-e-apreensao-contra-silas-malafaia\">Malafaia foi alvo de busca e apreens\u00e3o<\/a>\u00a0determinada por Moraes. Segundo a Procuradoria-Geral da Rep\u00fablica, o pastor teria agido como \u201corientador\u00a0 e auxiliar das a\u00e7\u00f5es de coa\u00e7\u00e3o\u201d promovidas por Bolsonaro e pelo deputado federal Eduardo Bolsonaro (PL-SP).<\/p>\n<p>A ex-primeira dama Michelle Bolsonaro foi a \u00faltima a discursar. Ela fez diversas falas religiosas e lembrou da dificuldade em ver seu marido sem poder sair de casa, n\u00e3o poder realizar cultos e de ter de lidar com uma vigil\u00e2ncia que ocorre de maneira desproporcional, segundo ela.<\/p>\n<p><strong>Durante o evento, os manifestantes estenderam uma bandeira gigante dos Estados Unidos.<\/strong>\u00a0O ato tamb\u00e9m teve a participa\u00e7\u00e3o do governador de Minas Gerais, Romeu Zema, senadores e\u00a0deputados.<\/p>\n<div class=\"dnd-widget-wrapper context-cheio_8colunas type-image atom-align-center\">\n<div class=\"dnd-caption-wrapper\">\n<h6 class=\"meta rtecenter\"><strong style=\"font-size: 16px;\">Os atos em defesa da anistia e de Bolsonaro tamb\u00e9m ocorreram em outras capitais.<\/strong><span style=\"font-size: 16px;\">\u00a0No Rio de Janeiro, a manifesta\u00e7\u00e3o ocupou um quarteir\u00e3o de Copacabana e reuniu o governador do Rio de Janeiro, Cl\u00e1udio Castro, a ex-primeira-dama Michelle Bolsonaro e os deputados federais do PL Alexandre Ramagem, Luiz Lima, Eduardo Pazuello, H\u00e9lio Lopes e Clarissa Garotinho.<\/span><\/h6>\n<\/div>\n<\/div>\n<p>Ramagem \u00e9 r\u00e9u no julgamento da tentativa do golpe, em andamento no Supremo Tribunal Federal. Em seu discurso no ato, ele defendeu anistia ampla, geral e irrestrita para quem atentou contra a democracia no dia 8 de janeiro de 2023.<\/p>\n<h2>Soberania<\/h2>\n<p><strong>Neste 7 de setembro, mais de 45 mil pessoas acompanharam o\u00a0desfile c\u00edvico-militar\u00a0na Esplanada dos Minist\u00e9rios, em Bras\u00edlia.\u00a0<\/strong><\/p>\n<p>O presidente Luiz In\u00e1cio Lula da Silva, o presidente da C\u00e2mara dos Deputados, Hugo Motta, e ministros do Executivo estavam presentes no evento.\u00a0<strong>Parte do p\u00fablico se manifestou\u00a0com gritos de &#8220;sem anistia&#8221; e &#8220;soberania n\u00e3o se negocia&#8221;.\u00a0<\/strong>O mesmo ocorreu nos atos do Grito dos Exclu\u00eddos, sindicatos e movimentos sociais pelo pa\u00eds.<\/p>\n<p>O principal tema do desfile oficial de 7 de setembro deste ano foi justamente a soberania do pa\u00eds. Outros eixos tem\u00e1ticos foram a 30\u00aa Confer\u00eancia das Na\u00e7\u00f5es Unidas sobre as Mudan\u00e7as Clim\u00e1ticas (COP30), a ser realizada em Bel\u00e9m, em novembro, e o Novo Programa de Acelera\u00e7\u00e3o do Crescimento (PAC).\u00a0<strong>O\u00a0pronunciamento do presidente Lula\u00a0em rede nacional de r\u00e1dio e TV tamb\u00e9m tratou desses temas.\u00a0<\/strong>Lula chamou os brasileiros que trabalham contra o Brasil de &#8220;traidores da p\u00e1tria&#8221;.<\/p>\n<p>Este ano, as comemora\u00e7\u00f5es do 7 de setembro &#8211; Dia da Independ\u00eancia do Brasil ocorre em meio \u00e0 crise bilateral entre Brasil e Estados Unidos, provocada pelo presidente norte-americano, Donald Trump, que imp\u00f4s tarifas comerciais aos produtos brasileiros para pressionar o pa\u00eds a favor do ex-presidente Jair Bolsonaro, que est\u00e1 sendo julgado pelo STF pelos crimes de tentativa de golpe e aboli\u00e7\u00e3o do Estado Democr\u00e1tico de Direito. O julgamento\u00a0deve ser conclu\u00eddo esta semana.<\/p>\n<p><strong>Ag\u00eancia Brasil<\/strong><\/p>\n","protected":false},"excerpt":{"rendered":"<p>Em ato organizado em S\u00e3o Paulo por movimentos da direita e grupos religiosos, manifestantes assistiram<\/p>\n","protected":false},"author":3,"featured_media":46448,"comment_status":"open","ping_status":"open","sticky":false,"template":"","format":"standard","meta":{"footnotes":""},"categories":[6,3],"tags":[],"class_list":["post-46447","post","type-post","status-publish","format-standard","has-post-thumbnail","hentry","category-brasil","category-destaques"],"yoast_head":"<!-- This site is optimized with the Yoast SEO plugin v27.5 - https:\/\/yoast.com\/product\/yoast-seo-wordpress\/ -->\n<title>Ato pr\u00f3-Bolsonaro une governadores e parlamentares de direita em SP - Jornal<\/title>\n<meta name=\"description\" content=\"Ato pr\u00f3-Bolsonaro une governadores e parlamentares de direita em SP\" \/>\n<meta name=\"robots\" content=\"index, follow, max-snippet:-1, max-image-preview:large, max-video-preview:-1\" \/>\n<link rel=\"canonical\" href=\"https:\/\/jornalboasnoticias.com.br\/home\/ato-pro-bolsonaro-une-governadores-e-parlamentares-de-direita-em-sp\/\" \/>\n<meta property=\"og:locale\" content=\"pt_BR\" \/>\n<meta property=\"og:type\" content=\"article\" \/>\n<meta property=\"og:title\" content=\"Ato pr\u00f3-Bolsonaro une governadores e parlamentares de direita em SP - Jornal\" \/>\n<meta property=\"og:description\" content=\"Ato pr\u00f3-Bolsonaro une governadores e parlamentares de direita em SP\" \/>\n<meta property=\"og:url\" content=\"https:\/\/jornalboasnoticias.com.br\/home\/ato-pro-bolsonaro-une-governadores-e-parlamentares-de-direita-em-sp\/\" \/>\n<meta property=\"og:site_name\" content=\"Jornal\" \/>\n<meta property=\"article:publisher\" content=\"https:\/\/www.facebook.com\/boasnoticiasjornal\" \/>\n<meta property=\"article:published_time\" content=\"2025-09-08T00:09:47+00:00\" \/>\n<meta property=\"og:image\" content=\"https:\/\/jornalboasnoticias.com.br\/home\/wp-content\/uploads\/2025\/09\/manifestacao-em-Brasilia.webp\" \/>\n\t<meta property=\"og:image:width\" content=\"1170\" \/>\n\t<meta property=\"og:image:height\" content=\"700\" \/>\n\t<meta property=\"og:image:type\" content=\"image\/webp\" \/>\n<meta name=\"author\" content=\"Luiz Carlos da Cruz\" \/>\n<meta name=\"twitter:card\" content=\"summary_large_image\" \/>\n<meta name=\"twitter:label1\" content=\"Escrito por\" \/>\n\t<meta name=\"twitter:data1\" content=\"Luiz Carlos da Cruz\" \/>\n\t<meta name=\"twitter:label2\" content=\"Est. tempo de leitura\" \/>\n\t<meta name=\"twitter:data2\" content=\"6 minutos\" \/>\n<script type=\"application\/ld+json\" class=\"yoast-schema-graph\">{\"@context\":\"https:\\\/\\\/schema.org\",\"@graph\":[{\"@type\":\"Article\",\"@id\":\"https:\\\/\\\/jornalboasnoticias.com.br\\\/home\\\/ato-pro-bolsonaro-une-governadores-e-parlamentares-de-direita-em-sp\\\/#article\",\"isPartOf\":{\"@id\":\"https:\\\/\\\/jornalboasnoticias.com.br\\\/home\\\/ato-pro-bolsonaro-une-governadores-e-parlamentares-de-direita-em-sp\\\/\"},\"author\":{\"name\":\"Luiz Carlos da Cruz\",\"@id\":\"https:\\\/\\\/jornalboasnoticias.com.br\\\/home\\\/#\\\/schema\\\/person\\\/75f9ebde398c998c166475fb446bda62\"},\"headline\":\"Ato pr\u00f3-Bolsonaro une governadores e parlamentares de direita em SP\",\"datePublished\":\"2025-09-08T00:09:47+00:00\",\"mainEntityOfPage\":{\"@id\":\"https:\\\/\\\/jornalboasnoticias.com.br\\\/home\\\/ato-pro-bolsonaro-une-governadores-e-parlamentares-de-direita-em-sp\\\/\"},\"wordCount\":830,\"commentCount\":0,\"publisher\":{\"@id\":\"https:\\\/\\\/jornalboasnoticias.com.br\\\/home\\\/#organization\"},\"image\":{\"@id\":\"https:\\\/\\\/jornalboasnoticias.com.br\\\/home\\\/ato-pro-bolsonaro-une-governadores-e-parlamentares-de-direita-em-sp\\\/#primaryimage\"},\"thumbnailUrl\":\"https:\\\/\\\/jornalboasnoticias.com.br\\\/home\\\/wp-content\\\/uploads\\\/2025\\\/09\\\/manifestacao-em-Brasilia.webp\",\"articleSection\":[\"BRASIL\",\"DESTAQUE\"],\"inLanguage\":\"pt-BR\",\"potentialAction\":[{\"@type\":\"CommentAction\",\"name\":\"Comment\",\"target\":[\"https:\\\/\\\/jornalboasnoticias.com.br\\\/home\\\/ato-pro-bolsonaro-une-governadores-e-parlamentares-de-direita-em-sp\\\/#respond\"]}]},{\"@type\":\"WebPage\",\"@id\":\"https:\\\/\\\/jornalboasnoticias.com.br\\\/home\\\/ato-pro-bolsonaro-une-governadores-e-parlamentares-de-direita-em-sp\\\/\",\"url\":\"https:\\\/\\\/jornalboasnoticias.com.br\\\/home\\\/ato-pro-bolsonaro-une-governadores-e-parlamentares-de-direita-em-sp\\\/\",\"name\":\"Ato pr\u00f3-Bolsonaro une governadores e parlamentares de direita em SP - Jornal\",\"isPartOf\":{\"@id\":\"https:\\\/\\\/jornalboasnoticias.com.br\\\/home\\\/#website\"},\"primaryImageOfPage\":{\"@id\":\"https:\\\/\\\/jornalboasnoticias.com.br\\\/home\\\/ato-pro-bolsonaro-une-governadores-e-parlamentares-de-direita-em-sp\\\/#primaryimage\"},\"image\":{\"@id\":\"https:\\\/\\\/jornalboasnoticias.com.br\\\/home\\\/ato-pro-bolsonaro-une-governadores-e-parlamentares-de-direita-em-sp\\\/#primaryimage\"},\"thumbnailUrl\":\"https:\\\/\\\/jornalboasnoticias.com.br\\\/home\\\/wp-content\\\/uploads\\\/2025\\\/09\\\/manifestacao-em-Brasilia.webp\",\"datePublished\":\"2025-09-08T00:09:47+00:00\",\"description\":\"Ato pr\u00f3-Bolsonaro une governadores e parlamentares de direita em SP\",\"breadcrumb\":{\"@id\":\"https:\\\/\\\/jornalboasnoticias.com.br\\\/home\\\/ato-pro-bolsonaro-une-governadores-e-parlamentares-de-direita-em-sp\\\/#breadcrumb\"},\"inLanguage\":\"pt-BR\",\"potentialAction\":[{\"@type\":\"ReadAction\",\"target\":[\"https:\\\/\\\/jornalboasnoticias.com.br\\\/home\\\/ato-pro-bolsonaro-une-governadores-e-parlamentares-de-direita-em-sp\\\/\"]}]},{\"@type\":\"ImageObject\",\"inLanguage\":\"pt-BR\",\"@id\":\"https:\\\/\\\/jornalboasnoticias.com.br\\\/home\\\/ato-pro-bolsonaro-une-governadores-e-parlamentares-de-direita-em-sp\\\/#primaryimage\",\"url\":\"https:\\\/\\\/jornalboasnoticias.com.br\\\/home\\\/wp-content\\\/uploads\\\/2025\\\/09\\\/manifestacao-em-Brasilia.webp\",\"contentUrl\":\"https:\\\/\\\/jornalboasnoticias.com.br\\\/home\\\/wp-content\\\/uploads\\\/2025\\\/09\\\/manifestacao-em-Brasilia.webp\",\"width\":1170,\"height\":700,\"caption\":\"Foto: Paulo Pinto\"},{\"@type\":\"BreadcrumbList\",\"@id\":\"https:\\\/\\\/jornalboasnoticias.com.br\\\/home\\\/ato-pro-bolsonaro-une-governadores-e-parlamentares-de-direita-em-sp\\\/#breadcrumb\",\"itemListElement\":[{\"@type\":\"ListItem\",\"position\":1,\"name\":\"In\u00edcio\",\"item\":\"https:\\\/\\\/jornalboasnoticias.com.br\\\/home\\\/\"},{\"@type\":\"ListItem\",\"position\":2,\"name\":\"Ato pr\u00f3-Bolsonaro une governadores e parlamentares de direita em SP\"}]},{\"@type\":\"WebSite\",\"@id\":\"https:\\\/\\\/jornalboasnoticias.com.br\\\/home\\\/#website\",\"url\":\"https:\\\/\\\/jornalboasnoticias.com.br\\\/home\\\/\",\"name\":\"Jornal Boas Not\u00edcias\",\"description\":\"Boas not\u00edcias\",\"publisher\":{\"@id\":\"https:\\\/\\\/jornalboasnoticias.com.br\\\/home\\\/#organization\"},\"potentialAction\":[{\"@type\":\"SearchAction\",\"target\":{\"@type\":\"EntryPoint\",\"urlTemplate\":\"https:\\\/\\\/jornalboasnoticias.com.br\\\/home\\\/?s={search_term_string}\"},\"query-input\":{\"@type\":\"PropertyValueSpecification\",\"valueRequired\":true,\"valueName\":\"search_term_string\"}}],\"inLanguage\":\"pt-BR\"},{\"@type\":\"Organization\",\"@id\":\"https:\\\/\\\/jornalboasnoticias.com.br\\\/home\\\/#organization\",\"name\":\"Coq Editora Ltda\",\"alternateName\":\"Jornal Boas Noticias\",\"url\":\"https:\\\/\\\/jornalboasnoticias.com.br\\\/home\\\/\",\"logo\":{\"@type\":\"ImageObject\",\"inLanguage\":\"pt-BR\",\"@id\":\"https:\\\/\\\/jornalboasnoticias.com.br\\\/home\\\/#\\\/schema\\\/logo\\\/image\\\/\",\"url\":\"https:\\\/\\\/jornalboasnoticias.com.br\\\/home\\\/wp-content\\\/uploads\\\/2024\\\/07\\\/cropped-logo.jpg\",\"contentUrl\":\"https:\\\/\\\/jornalboasnoticias.com.br\\\/home\\\/wp-content\\\/uploads\\\/2024\\\/07\\\/cropped-logo.jpg\",\"width\":290,\"height\":142,\"caption\":\"Coq Editora Ltda\"},\"image\":{\"@id\":\"https:\\\/\\\/jornalboasnoticias.com.br\\\/home\\\/#\\\/schema\\\/logo\\\/image\\\/\"},\"sameAs\":[\"https:\\\/\\\/www.facebook.com\\\/boasnoticiasjornal\"]},{\"@type\":\"Person\",\"@id\":\"https:\\\/\\\/jornalboasnoticias.com.br\\\/home\\\/#\\\/schema\\\/person\\\/75f9ebde398c998c166475fb446bda62\",\"name\":\"Luiz Carlos da Cruz\",\"image\":{\"@type\":\"ImageObject\",\"inLanguage\":\"pt-BR\",\"@id\":\"https:\\\/\\\/secure.gravatar.com\\\/avatar\\\/e6f4f45301b6cb8572f7b076572e8ac11c1db80e805d8c8d0858cf286ce3ac3b?s=96&d=mm&r=g\",\"url\":\"https:\\\/\\\/secure.gravatar.com\\\/avatar\\\/e6f4f45301b6cb8572f7b076572e8ac11c1db80e805d8c8d0858cf286ce3ac3b?s=96&d=mm&r=g\",\"contentUrl\":\"https:\\\/\\\/secure.gravatar.com\\\/avatar\\\/e6f4f45301b6cb8572f7b076572e8ac11c1db80e805d8c8d0858cf286ce3ac3b?s=96&d=mm&r=g\",\"caption\":\"Luiz Carlos da Cruz\"},\"url\":\"https:\\\/\\\/jornalboasnoticias.com.br\\\/home\\\/author\\\/luiz-carlos-da-cruz\\\/\"}]}<\/script>\n<!-- \/ Yoast SEO plugin. -->","yoast_head_json":{"title":"Ato pr\u00f3-Bolsonaro une governadores e parlamentares de direita em SP - Jornal","description":"Ato pr\u00f3-Bolsonaro une governadores e parlamentares de direita em SP","robots":{"index":"index","follow":"follow","max-snippet":"max-snippet:-1","max-image-preview":"max-image-preview:large","max-video-preview":"max-video-preview:-1"},"canonical":"https:\/\/jornalboasnoticias.com.br\/home\/ato-pro-bolsonaro-une-governadores-e-parlamentares-de-direita-em-sp\/","og_locale":"pt_BR","og_type":"article","og_title":"Ato pr\u00f3-Bolsonaro une governadores e parlamentares de direita em SP - Jornal","og_description":"Ato pr\u00f3-Bolsonaro une governadores e parlamentares de direita em SP","og_url":"https:\/\/jornalboasnoticias.com.br\/home\/ato-pro-bolsonaro-une-governadores-e-parlamentares-de-direita-em-sp\/","og_site_name":"Jornal","article_publisher":"https:\/\/www.facebook.com\/boasnoticiasjornal","article_published_time":"2025-09-08T00:09:47+00:00","og_image":[{"width":1170,"height":700,"url":"https:\/\/jornalboasnoticias.com.br\/home\/wp-content\/uploads\/2025\/09\/manifestacao-em-Brasilia.webp","type":"image\/webp"}],"author":"Luiz Carlos da Cruz","twitter_card":"summary_large_image","twitter_misc":{"Escrito por":"Luiz Carlos da Cruz","Est. tempo de leitura":"6 minutos"},"schema":{"@context":"https:\/\/schema.org","@graph":[{"@type":"Article","@id":"https:\/\/jornalboasnoticias.com.br\/home\/ato-pro-bolsonaro-une-governadores-e-parlamentares-de-direita-em-sp\/#article","isPartOf":{"@id":"https:\/\/jornalboasnoticias.com.br\/home\/ato-pro-bolsonaro-une-governadores-e-parlamentares-de-direita-em-sp\/"},"author":{"name":"Luiz Carlos da Cruz","@id":"https:\/\/jornalboasnoticias.com.br\/home\/#\/schema\/person\/75f9ebde398c998c166475fb446bda62"},"headline":"Ato pr\u00f3-Bolsonaro une governadores e parlamentares de direita em SP","datePublished":"2025-09-08T00:09:47+00:00","mainEntityOfPage":{"@id":"https:\/\/jornalboasnoticias.com.br\/home\/ato-pro-bolsonaro-une-governadores-e-parlamentares-de-direita-em-sp\/"},"wordCount":830,"commentCount":0,"publisher":{"@id":"https:\/\/jornalboasnoticias.com.br\/home\/#organization"},"image":{"@id":"https:\/\/jornalboasnoticias.com.br\/home\/ato-pro-bolsonaro-une-governadores-e-parlamentares-de-direita-em-sp\/#primaryimage"},"thumbnailUrl":"https:\/\/jornalboasnoticias.com.br\/home\/wp-content\/uploads\/2025\/09\/manifestacao-em-Brasilia.webp","articleSection":["BRASIL","DESTAQUE"],"inLanguage":"pt-BR","potentialAction":[{"@type":"CommentAction","name":"Comment","target":["https:\/\/jornalboasnoticias.com.br\/home\/ato-pro-bolsonaro-une-governadores-e-parlamentares-de-direita-em-sp\/#respond"]}]},{"@type":"WebPage","@id":"https:\/\/jornalboasnoticias.com.br\/home\/ato-pro-bolsonaro-une-governadores-e-parlamentares-de-direita-em-sp\/","url":"https:\/\/jornalboasnoticias.com.br\/home\/ato-pro-bolsonaro-une-governadores-e-parlamentares-de-direita-em-sp\/","name":"Ato pr\u00f3-Bolsonaro une governadores e parlamentares de direita em SP - Jornal","isPartOf":{"@id":"https:\/\/jornalboasnoticias.com.br\/home\/#website"},"primaryImageOfPage":{"@id":"https:\/\/jornalboasnoticias.com.br\/home\/ato-pro-bolsonaro-une-governadores-e-parlamentares-de-direita-em-sp\/#primaryimage"},"image":{"@id":"https:\/\/jornalboasnoticias.com.br\/home\/ato-pro-bolsonaro-une-governadores-e-parlamentares-de-direita-em-sp\/#primaryimage"},"thumbnailUrl":"https:\/\/jornalboasnoticias.com.br\/home\/wp-content\/uploads\/2025\/09\/manifestacao-em-Brasilia.webp","datePublished":"2025-09-08T00:09:47+00:00","description":"Ato pr\u00f3-Bolsonaro une governadores e parlamentares de direita em SP","breadcrumb":{"@id":"https:\/\/jornalboasnoticias.com.br\/home\/ato-pro-bolsonaro-une-governadores-e-parlamentares-de-direita-em-sp\/#breadcrumb"},"inLanguage":"pt-BR","potentialAction":[{"@type":"ReadAction","target":["https:\/\/jornalboasnoticias.com.br\/home\/ato-pro-bolsonaro-une-governadores-e-parlamentares-de-direita-em-sp\/"]}]},{"@type":"ImageObject","inLanguage":"pt-BR","@id":"https:\/\/jornalboasnoticias.com.br\/home\/ato-pro-bolsonaro-une-governadores-e-parlamentares-de-direita-em-sp\/#primaryimage","url":"https:\/\/jornalboasnoticias.com.br\/home\/wp-content\/uploads\/2025\/09\/manifestacao-em-Brasilia.webp","contentUrl":"https:\/\/jornalboasnoticias.com.br\/home\/wp-content\/uploads\/2025\/09\/manifestacao-em-Brasilia.webp","width":1170,"height":700,"caption":"Foto: Paulo Pinto"},{"@type":"BreadcrumbList","@id":"https:\/\/jornalboasnoticias.com.br\/home\/ato-pro-bolsonaro-une-governadores-e-parlamentares-de-direita-em-sp\/#breadcrumb","itemListElement":[{"@type":"ListItem","position":1,"name":"In\u00edcio","item":"https:\/\/jornalboasnoticias.com.br\/home\/"},{"@type":"ListItem","position":2,"name":"Ato pr\u00f3-Bolsonaro une governadores e parlamentares de direita em SP"}]},{"@type":"WebSite","@id":"https:\/\/jornalboasnoticias.com.br\/home\/#website","url":"https:\/\/jornalboasnoticias.com.br\/home\/","name":"Jornal Boas Not\u00edcias","description":"Boas not\u00edcias","publisher":{"@id":"https:\/\/jornalboasnoticias.com.br\/home\/#organization"},"potentialAction":[{"@type":"SearchAction","target":{"@type":"EntryPoint","urlTemplate":"https:\/\/jornalboasnoticias.com.br\/home\/?s={search_term_string}"},"query-input":{"@type":"PropertyValueSpecification","valueRequired":true,"valueName":"search_term_string"}}],"inLanguage":"pt-BR"},{"@type":"Organization","@id":"https:\/\/jornalboasnoticias.com.br\/home\/#organization","name":"Coq Editora Ltda","alternateName":"Jornal Boas Noticias","url":"https:\/\/jornalboasnoticias.com.br\/home\/","logo":{"@type":"ImageObject","inLanguage":"pt-BR","@id":"https:\/\/jornalboasnoticias.com.br\/home\/#\/schema\/logo\/image\/","url":"https:\/\/jornalboasnoticias.com.br\/home\/wp-content\/uploads\/2024\/07\/cropped-logo.jpg","contentUrl":"https:\/\/jornalboasnoticias.com.br\/home\/wp-content\/uploads\/2024\/07\/cropped-logo.jpg","width":290,"height":142,"caption":"Coq Editora Ltda"},"image":{"@id":"https:\/\/jornalboasnoticias.com.br\/home\/#\/schema\/logo\/image\/"},"sameAs":["https:\/\/www.facebook.com\/boasnoticiasjornal"]},{"@type":"Person","@id":"https:\/\/jornalboasnoticias.com.br\/home\/#\/schema\/person\/75f9ebde398c998c166475fb446bda62","name":"Luiz Carlos da Cruz","image":{"@type":"ImageObject","inLanguage":"pt-BR","@id":"https:\/\/secure.gravatar.com\/avatar\/e6f4f45301b6cb8572f7b076572e8ac11c1db80e805d8c8d0858cf286ce3ac3b?s=96&d=mm&r=g","url":"https:\/\/secure.gravatar.com\/avatar\/e6f4f45301b6cb8572f7b076572e8ac11c1db80e805d8c8d0858cf286ce3ac3b?s=96&d=mm&r=g","contentUrl":"https:\/\/secure.gravatar.com\/avatar\/e6f4f45301b6cb8572f7b076572e8ac11c1db80e805d8c8d0858cf286ce3ac3b?s=96&d=mm&r=g","caption":"Luiz Carlos da Cruz"},"url":"https:\/\/jornalboasnoticias.com.br\/home\/author\/luiz-carlos-da-cruz\/"}]}},"_links":{"self":[{"href":"https:\/\/jornalboasnoticias.com.br\/home\/wp-json\/wp\/v2\/posts\/46447","targetHints":{"allow":["GET"]}}],"collection":[{"href":"https:\/\/jornalboasnoticias.com.br\/home\/wp-json\/wp\/v2\/posts"}],"about":[{"href":"https:\/\/jornalboasnoticias.com.br\/home\/wp-json\/wp\/v2\/types\/post"}],"author":[{"embeddable":true,"href":"https:\/\/jornalboasnoticias.com.br\/home\/wp-json\/wp\/v2\/users\/3"}],"replies":[{"embeddable":true,"href":"https:\/\/jornalboasnoticias.com.br\/home\/wp-json\/wp\/v2\/comments?post=46447"}],"version-history":[{"count":1,"href":"https:\/\/jornalboasnoticias.com.br\/home\/wp-json\/wp\/v2\/posts\/46447\/revisions"}],"predecessor-version":[{"id":46449,"href":"https:\/\/jornalboasnoticias.com.br\/home\/wp-json\/wp\/v2\/posts\/46447\/revisions\/46449"}],"wp:featuredmedia":[{"embeddable":true,"href":"https:\/\/jornalboasnoticias.com.br\/home\/wp-json\/wp\/v2\/media\/46448"}],"wp:attachment":[{"href":"https:\/\/jornalboasnoticias.com.br\/home\/wp-json\/wp\/v2\/media?parent=46447"}],"wp:term":[{"taxonomy":"category","embeddable":true,"href":"https:\/\/jornalboasnoticias.com.br\/home\/wp-json\/wp\/v2\/categories?post=46447"},{"taxonomy":"post_tag","embeddable":true,"href":"https:\/\/jornalboasnoticias.com.br\/home\/wp-json\/wp\/v2\/tags?post=46447"}],"curies":[{"name":"wp","href":"https:\/\/api.w.org\/{rel}","templated":true}]}}