{"id":46444,"date":"2025-09-08T00:00:01","date_gmt":"2025-09-08T00:00:01","guid":{"rendered":"https:\/\/jornalboasnoticias.com.br\/home\/?p=46444"},"modified":"2025-09-08T00:12:54","modified_gmt":"2025-09-08T00:12:54","slug":"nao-ha-ditadura-da-toga-no-brasil-afirma-gilmar-mendes","status":"publish","type":"post","link":"https:\/\/jornalboasnoticias.com.br\/home\/nao-ha-ditadura-da-toga-no-brasil-afirma-gilmar-mendes\/","title":{"rendered":"N\u00e3o h\u00e1 &#8220;ditadura da toga&#8221; no Brasil, afirma Gilmar Mendes"},"content":{"rendered":"<figure id=\"attachment_46445\" aria-describedby=\"caption-attachment-46445\" style=\"width: 1170px\" class=\"wp-caption alignnone\"><img loading=\"lazy\" decoding=\"async\" class=\"size-full wp-image-46445\" src=\"https:\/\/jornalboasnoticias.com.br\/home\/wp-content\/uploads\/2025\/09\/Gilmar-Mendes.webp\" alt=\"\" width=\"1170\" height=\"700\" srcset=\"https:\/\/jornalboasnoticias.com.br\/home\/wp-content\/uploads\/2025\/09\/Gilmar-Mendes.webp 1170w, https:\/\/jornalboasnoticias.com.br\/home\/wp-content\/uploads\/2025\/09\/Gilmar-Mendes-300x179.webp 300w, https:\/\/jornalboasnoticias.com.br\/home\/wp-content\/uploads\/2025\/09\/Gilmar-Mendes-1024x613.webp 1024w, https:\/\/jornalboasnoticias.com.br\/home\/wp-content\/uploads\/2025\/09\/Gilmar-Mendes-768x459.webp 768w\" sizes=\"auto, (max-width: 1170px) 100vw, 1170px\" \/><figcaption id=\"caption-attachment-46445\" class=\"wp-caption-text\">Marcelo Camargo\/Ag\u00eancia Brasil<\/figcaption><\/figure>\n<p><strong>O ministro Gilmar Mendes, do Supremo Tribunal Federal (STF), usou suas redes sociais para rebater as recorrentes cr\u00edticas ao Poder Judici\u00e1rio brasileiro.\u00a0<\/strong>Em uma postagem\u00a0publicada no in\u00edcio da noite\u00a0na rede X, Mendes defendeu a atua\u00e7\u00e3o da Corte, afirmando que o STF atua como guardi\u00e3o da Constitui\u00e7\u00e3o e do Estado de Direito, impedindo retrocessos e preservando garantias fundamentais.<img decoding=\"async\" src=\"https:\/\/agenciabrasil.ebc.com.br\/ebc.png?id=1657573&amp;o=node\" \/><img decoding=\"async\" src=\"https:\/\/agenciabrasil.ebc.com.br\/ebc.gif?id=1657573&amp;o=node\" \/><\/p>\n<p>\u201cNo Dia da Independ\u00eancia, \u00e9 oportuno reiterar que a verdadeira liberdade n\u00e3o nasce de ataques \u00e0s institui\u00e7\u00f5es, mas do seu fortalecimento\u201d, escreveu Mendes, poucas horas ap\u00f3s\u00a0atos organizados por pol\u00edticos de direita e grupos religiosos terem reunido milhares de manifestantes a favor da anistia do ex-presidente da Rep\u00fablica Jair Bolsonaro e de r\u00e9us condenados pelos atos do 8 de Janeiro e do impeachment do ministro Alexandre de Moraes.<\/p>\n<p>\u201cN\u00e3o h\u00e1, no Brasil, &#8216;ditadura da toga&#8217;, tampouco ministros agindo como tiranos\u201d, afirmou Mendes<\/p>\n<p><strong>Segundo ele, os ministros da Corte v\u00eam atuando de forma a preservar as chamadas garantias fundamentais \u2013 ou seja, os direitos e prote\u00e7\u00f5es asseguradas na Constitui\u00e7\u00e3o Federal a todos os cidad\u00e3os brasileiros.<\/strong><\/p>\n<p>Sem mencionar nomes, Mendes teceu cr\u00edticas alusivas \u00e0 gest\u00e3o do ex-presidente Jair Bolsonaro, lembrando das recorrentes cr\u00edticas do ex-presidente e de seus apoiadores ao sistema eleitoral brasileiro e a gest\u00e3o da pandemia da covid-19 pelo governo Bolsonaro, entre outros epis\u00f3dios.<\/p>\n<p>\u201cSe quisermos falar sobre os perigos do autoritarismo, basta recordar o passado recente de nosso pa\u00eds: milhares de mortos em uma pandemia; vacinas deliberadamente negligenciadas por autoridades; amea\u00e7as ao sistema eleitoral e \u00e0 separa\u00e7\u00e3o de Poderes; acampamentos diante de quart\u00e9is pedindo interven\u00e7\u00e3o militar, tentativa de golpe de Estado com viol\u00eancia e destrui\u00e7\u00e3o do patrim\u00f4nio p\u00fablico, al\u00e9m de planos de assassinato contra autoridades da Rep\u00fablica\u201d, comentou o ministro.<\/p>\n<p>Mais cedo, em evento na Avenida Paulista, o governador de S\u00e3o Paulo, Tarc\u00edsio de Freitas, classificou a atua\u00e7\u00e3o do ministro Alexandre de Moraes, relator da a\u00e7\u00e3o penal sobre tentativa de golpe de Estado, como &#8220;tirania&#8221;. &#8220;Ningu\u00e9m aguenta mais a tirania de um ministro como Moraes. Ningu\u00e9m aguenta mais o que t\u00e1 acontecendo nesse pa\u00eds &#8221; \u00a0Tarc\u00edsio, durante o ato na Paulista.<\/p>\n<p>\u201cO que o Brasil realmente n\u00e3o aguenta mais s\u00e3o as sucessivas tentativas de golpe que, ao longo de sua hist\u00f3ria, amea\u00e7aram a democracia e a liberdade do povo. \u00c9 fundamental que se reafirme: crimes contra o Estado Democr\u00e1tico de Direito s\u00e3o insuscet\u00edveis de perd\u00e3o! Cabe \u00e0s institui\u00e7\u00f5es puni-los com rigor e garantir que jamais se repitam\u201d, concluiu o ministro Gilmar Mendes.<\/p>\n<blockquote><p><strong>Ag\u00eancia Brasil<\/strong><\/p><\/blockquote>\n","protected":false},"excerpt":{"rendered":"<p>O ministro Gilmar Mendes, do Supremo Tribunal Federal (STF), usou suas redes sociais para rebater<\/p>\n","protected":false},"author":3,"featured_media":46445,"comment_status":"open","ping_status":"open","sticky":false,"template":"","format":"standard","meta":{"footnotes":""},"categories":[3,22],"tags":[],"class_list":["post-46444","post","type-post","status-publish","format-standard","has-post-thumbnail","hentry","category-destaques","category-justica"],"yoast_head":"<!-- This site is optimized with the Yoast SEO plugin v27.5 - https:\/\/yoast.com\/product\/yoast-seo-wordpress\/ -->\n<title>N\u00e3o h\u00e1 &quot;ditadura da toga&quot; no Brasil, afirma Gilmar Mendes - Jornal<\/title>\n<meta name=\"description\" content=\"N\u00e3o h\u00e1 &quot;ditadura da toga&quot; no Brasil, afirma Gilmar Mendes\" \/>\n<meta name=\"robots\" content=\"index, follow, max-snippet:-1, max-image-preview:large, max-video-preview:-1\" \/>\n<link rel=\"canonical\" href=\"https:\/\/jornalboasnoticias.com.br\/home\/nao-ha-ditadura-da-toga-no-brasil-afirma-gilmar-mendes\/\" \/>\n<meta property=\"og:locale\" content=\"pt_BR\" \/>\n<meta property=\"og:type\" content=\"article\" \/>\n<meta property=\"og:title\" content=\"N\u00e3o h\u00e1 &quot;ditadura da toga&quot; no Brasil, afirma Gilmar Mendes - Jornal\" \/>\n<meta property=\"og:description\" content=\"N\u00e3o h\u00e1 &quot;ditadura da toga&quot; no Brasil, afirma Gilmar Mendes\" \/>\n<meta property=\"og:url\" content=\"https:\/\/jornalboasnoticias.com.br\/home\/nao-ha-ditadura-da-toga-no-brasil-afirma-gilmar-mendes\/\" \/>\n<meta property=\"og:site_name\" content=\"Jornal\" \/>\n<meta property=\"article:publisher\" content=\"https:\/\/www.facebook.com\/boasnoticiasjornal\" \/>\n<meta property=\"article:published_time\" content=\"2025-09-08T00:00:01+00:00\" \/>\n<meta property=\"article:modified_time\" content=\"2025-09-08T00:12:54+00:00\" \/>\n<meta property=\"og:image\" content=\"https:\/\/jornalboasnoticias.com.br\/home\/wp-content\/uploads\/2025\/09\/Gilmar-Mendes.webp\" \/>\n\t<meta property=\"og:image:width\" content=\"1170\" \/>\n\t<meta property=\"og:image:height\" content=\"700\" \/>\n\t<meta property=\"og:image:type\" content=\"image\/webp\" \/>\n<meta name=\"author\" content=\"Luiz Carlos da Cruz\" \/>\n<meta name=\"twitter:card\" content=\"summary_large_image\" \/>\n<meta name=\"twitter:label1\" content=\"Escrito por\" \/>\n\t<meta name=\"twitter:data1\" content=\"Luiz Carlos da Cruz\" \/>\n\t<meta name=\"twitter:label2\" content=\"Est. tempo de leitura\" \/>\n\t<meta name=\"twitter:data2\" content=\"4 minutos\" \/>\n<script type=\"application\/ld+json\" class=\"yoast-schema-graph\">{\"@context\":\"https:\\\/\\\/schema.org\",\"@graph\":[{\"@type\":\"Article\",\"@id\":\"https:\\\/\\\/jornalboasnoticias.com.br\\\/home\\\/nao-ha-ditadura-da-toga-no-brasil-afirma-gilmar-mendes\\\/#article\",\"isPartOf\":{\"@id\":\"https:\\\/\\\/jornalboasnoticias.com.br\\\/home\\\/nao-ha-ditadura-da-toga-no-brasil-afirma-gilmar-mendes\\\/\"},\"author\":{\"name\":\"Luiz Carlos da Cruz\",\"@id\":\"https:\\\/\\\/jornalboasnoticias.com.br\\\/home\\\/#\\\/schema\\\/person\\\/75f9ebde398c998c166475fb446bda62\"},\"headline\":\"N\u00e3o h\u00e1 &#8220;ditadura da toga&#8221; no Brasil, afirma Gilmar Mendes\",\"datePublished\":\"2025-09-08T00:00:01+00:00\",\"dateModified\":\"2025-09-08T00:12:54+00:00\",\"mainEntityOfPage\":{\"@id\":\"https:\\\/\\\/jornalboasnoticias.com.br\\\/home\\\/nao-ha-ditadura-da-toga-no-brasil-afirma-gilmar-mendes\\\/\"},\"wordCount\":472,\"commentCount\":0,\"publisher\":{\"@id\":\"https:\\\/\\\/jornalboasnoticias.com.br\\\/home\\\/#organization\"},\"image\":{\"@id\":\"https:\\\/\\\/jornalboasnoticias.com.br\\\/home\\\/nao-ha-ditadura-da-toga-no-brasil-afirma-gilmar-mendes\\\/#primaryimage\"},\"thumbnailUrl\":\"https:\\\/\\\/jornalboasnoticias.com.br\\\/home\\\/wp-content\\\/uploads\\\/2025\\\/09\\\/Gilmar-Mendes.webp\",\"articleSection\":[\"DESTAQUE\",\"JUSTI\u00c7A\"],\"inLanguage\":\"pt-BR\",\"potentialAction\":[{\"@type\":\"CommentAction\",\"name\":\"Comment\",\"target\":[\"https:\\\/\\\/jornalboasnoticias.com.br\\\/home\\\/nao-ha-ditadura-da-toga-no-brasil-afirma-gilmar-mendes\\\/#respond\"]}]},{\"@type\":\"WebPage\",\"@id\":\"https:\\\/\\\/jornalboasnoticias.com.br\\\/home\\\/nao-ha-ditadura-da-toga-no-brasil-afirma-gilmar-mendes\\\/\",\"url\":\"https:\\\/\\\/jornalboasnoticias.com.br\\\/home\\\/nao-ha-ditadura-da-toga-no-brasil-afirma-gilmar-mendes\\\/\",\"name\":\"N\u00e3o h\u00e1 \\\"ditadura da toga\\\" no Brasil, afirma Gilmar Mendes - Jornal\",\"isPartOf\":{\"@id\":\"https:\\\/\\\/jornalboasnoticias.com.br\\\/home\\\/#website\"},\"primaryImageOfPage\":{\"@id\":\"https:\\\/\\\/jornalboasnoticias.com.br\\\/home\\\/nao-ha-ditadura-da-toga-no-brasil-afirma-gilmar-mendes\\\/#primaryimage\"},\"image\":{\"@id\":\"https:\\\/\\\/jornalboasnoticias.com.br\\\/home\\\/nao-ha-ditadura-da-toga-no-brasil-afirma-gilmar-mendes\\\/#primaryimage\"},\"thumbnailUrl\":\"https:\\\/\\\/jornalboasnoticias.com.br\\\/home\\\/wp-content\\\/uploads\\\/2025\\\/09\\\/Gilmar-Mendes.webp\",\"datePublished\":\"2025-09-08T00:00:01+00:00\",\"dateModified\":\"2025-09-08T00:12:54+00:00\",\"description\":\"N\u00e3o h\u00e1 \\\"ditadura da toga\\\" no Brasil, afirma Gilmar Mendes\",\"breadcrumb\":{\"@id\":\"https:\\\/\\\/jornalboasnoticias.com.br\\\/home\\\/nao-ha-ditadura-da-toga-no-brasil-afirma-gilmar-mendes\\\/#breadcrumb\"},\"inLanguage\":\"pt-BR\",\"potentialAction\":[{\"@type\":\"ReadAction\",\"target\":[\"https:\\\/\\\/jornalboasnoticias.com.br\\\/home\\\/nao-ha-ditadura-da-toga-no-brasil-afirma-gilmar-mendes\\\/\"]}]},{\"@type\":\"ImageObject\",\"inLanguage\":\"pt-BR\",\"@id\":\"https:\\\/\\\/jornalboasnoticias.com.br\\\/home\\\/nao-ha-ditadura-da-toga-no-brasil-afirma-gilmar-mendes\\\/#primaryimage\",\"url\":\"https:\\\/\\\/jornalboasnoticias.com.br\\\/home\\\/wp-content\\\/uploads\\\/2025\\\/09\\\/Gilmar-Mendes.webp\",\"contentUrl\":\"https:\\\/\\\/jornalboasnoticias.com.br\\\/home\\\/wp-content\\\/uploads\\\/2025\\\/09\\\/Gilmar-Mendes.webp\",\"width\":1170,\"height\":700,\"caption\":\"Marcelo Camargo\\\/Ag\u00eancia Brasil\"},{\"@type\":\"BreadcrumbList\",\"@id\":\"https:\\\/\\\/jornalboasnoticias.com.br\\\/home\\\/nao-ha-ditadura-da-toga-no-brasil-afirma-gilmar-mendes\\\/#breadcrumb\",\"itemListElement\":[{\"@type\":\"ListItem\",\"position\":1,\"name\":\"In\u00edcio\",\"item\":\"https:\\\/\\\/jornalboasnoticias.com.br\\\/home\\\/\"},{\"@type\":\"ListItem\",\"position\":2,\"name\":\"N\u00e3o h\u00e1 &#8220;ditadura da toga&#8221; no Brasil, afirma Gilmar Mendes\"}]},{\"@type\":\"WebSite\",\"@id\":\"https:\\\/\\\/jornalboasnoticias.com.br\\\/home\\\/#website\",\"url\":\"https:\\\/\\\/jornalboasnoticias.com.br\\\/home\\\/\",\"name\":\"Jornal Boas Not\u00edcias\",\"description\":\"Boas not\u00edcias\",\"publisher\":{\"@id\":\"https:\\\/\\\/jornalboasnoticias.com.br\\\/home\\\/#organization\"},\"potentialAction\":[{\"@type\":\"SearchAction\",\"target\":{\"@type\":\"EntryPoint\",\"urlTemplate\":\"https:\\\/\\\/jornalboasnoticias.com.br\\\/home\\\/?s={search_term_string}\"},\"query-input\":{\"@type\":\"PropertyValueSpecification\",\"valueRequired\":true,\"valueName\":\"search_term_string\"}}],\"inLanguage\":\"pt-BR\"},{\"@type\":\"Organization\",\"@id\":\"https:\\\/\\\/jornalboasnoticias.com.br\\\/home\\\/#organization\",\"name\":\"Coq Editora Ltda\",\"alternateName\":\"Jornal Boas Noticias\",\"url\":\"https:\\\/\\\/jornalboasnoticias.com.br\\\/home\\\/\",\"logo\":{\"@type\":\"ImageObject\",\"inLanguage\":\"pt-BR\",\"@id\":\"https:\\\/\\\/jornalboasnoticias.com.br\\\/home\\\/#\\\/schema\\\/logo\\\/image\\\/\",\"url\":\"https:\\\/\\\/jornalboasnoticias.com.br\\\/home\\\/wp-content\\\/uploads\\\/2024\\\/07\\\/cropped-logo.jpg\",\"contentUrl\":\"https:\\\/\\\/jornalboasnoticias.com.br\\\/home\\\/wp-content\\\/uploads\\\/2024\\\/07\\\/cropped-logo.jpg\",\"width\":290,\"height\":142,\"caption\":\"Coq Editora Ltda\"},\"image\":{\"@id\":\"https:\\\/\\\/jornalboasnoticias.com.br\\\/home\\\/#\\\/schema\\\/logo\\\/image\\\/\"},\"sameAs\":[\"https:\\\/\\\/www.facebook.com\\\/boasnoticiasjornal\"]},{\"@type\":\"Person\",\"@id\":\"https:\\\/\\\/jornalboasnoticias.com.br\\\/home\\\/#\\\/schema\\\/person\\\/75f9ebde398c998c166475fb446bda62\",\"name\":\"Luiz Carlos da Cruz\",\"image\":{\"@type\":\"ImageObject\",\"inLanguage\":\"pt-BR\",\"@id\":\"https:\\\/\\\/secure.gravatar.com\\\/avatar\\\/e6f4f45301b6cb8572f7b076572e8ac11c1db80e805d8c8d0858cf286ce3ac3b?s=96&d=mm&r=g\",\"url\":\"https:\\\/\\\/secure.gravatar.com\\\/avatar\\\/e6f4f45301b6cb8572f7b076572e8ac11c1db80e805d8c8d0858cf286ce3ac3b?s=96&d=mm&r=g\",\"contentUrl\":\"https:\\\/\\\/secure.gravatar.com\\\/avatar\\\/e6f4f45301b6cb8572f7b076572e8ac11c1db80e805d8c8d0858cf286ce3ac3b?s=96&d=mm&r=g\",\"caption\":\"Luiz Carlos da Cruz\"},\"url\":\"https:\\\/\\\/jornalboasnoticias.com.br\\\/home\\\/author\\\/luiz-carlos-da-cruz\\\/\"}]}<\/script>\n<!-- \/ Yoast SEO plugin. -->","yoast_head_json":{"title":"N\u00e3o h\u00e1 \"ditadura da toga\" no Brasil, afirma Gilmar Mendes - Jornal","description":"N\u00e3o h\u00e1 \"ditadura da toga\" no Brasil, afirma Gilmar Mendes","robots":{"index":"index","follow":"follow","max-snippet":"max-snippet:-1","max-image-preview":"max-image-preview:large","max-video-preview":"max-video-preview:-1"},"canonical":"https:\/\/jornalboasnoticias.com.br\/home\/nao-ha-ditadura-da-toga-no-brasil-afirma-gilmar-mendes\/","og_locale":"pt_BR","og_type":"article","og_title":"N\u00e3o h\u00e1 \"ditadura da toga\" no Brasil, afirma Gilmar Mendes - Jornal","og_description":"N\u00e3o h\u00e1 \"ditadura da toga\" no Brasil, afirma Gilmar Mendes","og_url":"https:\/\/jornalboasnoticias.com.br\/home\/nao-ha-ditadura-da-toga-no-brasil-afirma-gilmar-mendes\/","og_site_name":"Jornal","article_publisher":"https:\/\/www.facebook.com\/boasnoticiasjornal","article_published_time":"2025-09-08T00:00:01+00:00","article_modified_time":"2025-09-08T00:12:54+00:00","og_image":[{"width":1170,"height":700,"url":"https:\/\/jornalboasnoticias.com.br\/home\/wp-content\/uploads\/2025\/09\/Gilmar-Mendes.webp","type":"image\/webp"}],"author":"Luiz Carlos da Cruz","twitter_card":"summary_large_image","twitter_misc":{"Escrito por":"Luiz Carlos da Cruz","Est. tempo de leitura":"4 minutos"},"schema":{"@context":"https:\/\/schema.org","@graph":[{"@type":"Article","@id":"https:\/\/jornalboasnoticias.com.br\/home\/nao-ha-ditadura-da-toga-no-brasil-afirma-gilmar-mendes\/#article","isPartOf":{"@id":"https:\/\/jornalboasnoticias.com.br\/home\/nao-ha-ditadura-da-toga-no-brasil-afirma-gilmar-mendes\/"},"author":{"name":"Luiz Carlos da Cruz","@id":"https:\/\/jornalboasnoticias.com.br\/home\/#\/schema\/person\/75f9ebde398c998c166475fb446bda62"},"headline":"N\u00e3o h\u00e1 &#8220;ditadura da toga&#8221; no Brasil, afirma Gilmar Mendes","datePublished":"2025-09-08T00:00:01+00:00","dateModified":"2025-09-08T00:12:54+00:00","mainEntityOfPage":{"@id":"https:\/\/jornalboasnoticias.com.br\/home\/nao-ha-ditadura-da-toga-no-brasil-afirma-gilmar-mendes\/"},"wordCount":472,"commentCount":0,"publisher":{"@id":"https:\/\/jornalboasnoticias.com.br\/home\/#organization"},"image":{"@id":"https:\/\/jornalboasnoticias.com.br\/home\/nao-ha-ditadura-da-toga-no-brasil-afirma-gilmar-mendes\/#primaryimage"},"thumbnailUrl":"https:\/\/jornalboasnoticias.com.br\/home\/wp-content\/uploads\/2025\/09\/Gilmar-Mendes.webp","articleSection":["DESTAQUE","JUSTI\u00c7A"],"inLanguage":"pt-BR","potentialAction":[{"@type":"CommentAction","name":"Comment","target":["https:\/\/jornalboasnoticias.com.br\/home\/nao-ha-ditadura-da-toga-no-brasil-afirma-gilmar-mendes\/#respond"]}]},{"@type":"WebPage","@id":"https:\/\/jornalboasnoticias.com.br\/home\/nao-ha-ditadura-da-toga-no-brasil-afirma-gilmar-mendes\/","url":"https:\/\/jornalboasnoticias.com.br\/home\/nao-ha-ditadura-da-toga-no-brasil-afirma-gilmar-mendes\/","name":"N\u00e3o h\u00e1 \"ditadura da toga\" no Brasil, afirma Gilmar Mendes - Jornal","isPartOf":{"@id":"https:\/\/jornalboasnoticias.com.br\/home\/#website"},"primaryImageOfPage":{"@id":"https:\/\/jornalboasnoticias.com.br\/home\/nao-ha-ditadura-da-toga-no-brasil-afirma-gilmar-mendes\/#primaryimage"},"image":{"@id":"https:\/\/jornalboasnoticias.com.br\/home\/nao-ha-ditadura-da-toga-no-brasil-afirma-gilmar-mendes\/#primaryimage"},"thumbnailUrl":"https:\/\/jornalboasnoticias.com.br\/home\/wp-content\/uploads\/2025\/09\/Gilmar-Mendes.webp","datePublished":"2025-09-08T00:00:01+00:00","dateModified":"2025-09-08T00:12:54+00:00","description":"N\u00e3o h\u00e1 \"ditadura da toga\" no Brasil, afirma Gilmar Mendes","breadcrumb":{"@id":"https:\/\/jornalboasnoticias.com.br\/home\/nao-ha-ditadura-da-toga-no-brasil-afirma-gilmar-mendes\/#breadcrumb"},"inLanguage":"pt-BR","potentialAction":[{"@type":"ReadAction","target":["https:\/\/jornalboasnoticias.com.br\/home\/nao-ha-ditadura-da-toga-no-brasil-afirma-gilmar-mendes\/"]}]},{"@type":"ImageObject","inLanguage":"pt-BR","@id":"https:\/\/jornalboasnoticias.com.br\/home\/nao-ha-ditadura-da-toga-no-brasil-afirma-gilmar-mendes\/#primaryimage","url":"https:\/\/jornalboasnoticias.com.br\/home\/wp-content\/uploads\/2025\/09\/Gilmar-Mendes.webp","contentUrl":"https:\/\/jornalboasnoticias.com.br\/home\/wp-content\/uploads\/2025\/09\/Gilmar-Mendes.webp","width":1170,"height":700,"caption":"Marcelo Camargo\/Ag\u00eancia Brasil"},{"@type":"BreadcrumbList","@id":"https:\/\/jornalboasnoticias.com.br\/home\/nao-ha-ditadura-da-toga-no-brasil-afirma-gilmar-mendes\/#breadcrumb","itemListElement":[{"@type":"ListItem","position":1,"name":"In\u00edcio","item":"https:\/\/jornalboasnoticias.com.br\/home\/"},{"@type":"ListItem","position":2,"name":"N\u00e3o h\u00e1 &#8220;ditadura da toga&#8221; no Brasil, afirma Gilmar Mendes"}]},{"@type":"WebSite","@id":"https:\/\/jornalboasnoticias.com.br\/home\/#website","url":"https:\/\/jornalboasnoticias.com.br\/home\/","name":"Jornal Boas Not\u00edcias","description":"Boas not\u00edcias","publisher":{"@id":"https:\/\/jornalboasnoticias.com.br\/home\/#organization"},"potentialAction":[{"@type":"SearchAction","target":{"@type":"EntryPoint","urlTemplate":"https:\/\/jornalboasnoticias.com.br\/home\/?s={search_term_string}"},"query-input":{"@type":"PropertyValueSpecification","valueRequired":true,"valueName":"search_term_string"}}],"inLanguage":"pt-BR"},{"@type":"Organization","@id":"https:\/\/jornalboasnoticias.com.br\/home\/#organization","name":"Coq Editora Ltda","alternateName":"Jornal Boas Noticias","url":"https:\/\/jornalboasnoticias.com.br\/home\/","logo":{"@type":"ImageObject","inLanguage":"pt-BR","@id":"https:\/\/jornalboasnoticias.com.br\/home\/#\/schema\/logo\/image\/","url":"https:\/\/jornalboasnoticias.com.br\/home\/wp-content\/uploads\/2024\/07\/cropped-logo.jpg","contentUrl":"https:\/\/jornalboasnoticias.com.br\/home\/wp-content\/uploads\/2024\/07\/cropped-logo.jpg","width":290,"height":142,"caption":"Coq Editora Ltda"},"image":{"@id":"https:\/\/jornalboasnoticias.com.br\/home\/#\/schema\/logo\/image\/"},"sameAs":["https:\/\/www.facebook.com\/boasnoticiasjornal"]},{"@type":"Person","@id":"https:\/\/jornalboasnoticias.com.br\/home\/#\/schema\/person\/75f9ebde398c998c166475fb446bda62","name":"Luiz Carlos da Cruz","image":{"@type":"ImageObject","inLanguage":"pt-BR","@id":"https:\/\/secure.gravatar.com\/avatar\/e6f4f45301b6cb8572f7b076572e8ac11c1db80e805d8c8d0858cf286ce3ac3b?s=96&d=mm&r=g","url":"https:\/\/secure.gravatar.com\/avatar\/e6f4f45301b6cb8572f7b076572e8ac11c1db80e805d8c8d0858cf286ce3ac3b?s=96&d=mm&r=g","contentUrl":"https:\/\/secure.gravatar.com\/avatar\/e6f4f45301b6cb8572f7b076572e8ac11c1db80e805d8c8d0858cf286ce3ac3b?s=96&d=mm&r=g","caption":"Luiz Carlos da Cruz"},"url":"https:\/\/jornalboasnoticias.com.br\/home\/author\/luiz-carlos-da-cruz\/"}]}},"_links":{"self":[{"href":"https:\/\/jornalboasnoticias.com.br\/home\/wp-json\/wp\/v2\/posts\/46444","targetHints":{"allow":["GET"]}}],"collection":[{"href":"https:\/\/jornalboasnoticias.com.br\/home\/wp-json\/wp\/v2\/posts"}],"about":[{"href":"https:\/\/jornalboasnoticias.com.br\/home\/wp-json\/wp\/v2\/types\/post"}],"author":[{"embeddable":true,"href":"https:\/\/jornalboasnoticias.com.br\/home\/wp-json\/wp\/v2\/users\/3"}],"replies":[{"embeddable":true,"href":"https:\/\/jornalboasnoticias.com.br\/home\/wp-json\/wp\/v2\/comments?post=46444"}],"version-history":[{"count":1,"href":"https:\/\/jornalboasnoticias.com.br\/home\/wp-json\/wp\/v2\/posts\/46444\/revisions"}],"predecessor-version":[{"id":46446,"href":"https:\/\/jornalboasnoticias.com.br\/home\/wp-json\/wp\/v2\/posts\/46444\/revisions\/46446"}],"wp:featuredmedia":[{"embeddable":true,"href":"https:\/\/jornalboasnoticias.com.br\/home\/wp-json\/wp\/v2\/media\/46445"}],"wp:attachment":[{"href":"https:\/\/jornalboasnoticias.com.br\/home\/wp-json\/wp\/v2\/media?parent=46444"}],"wp:term":[{"taxonomy":"category","embeddable":true,"href":"https:\/\/jornalboasnoticias.com.br\/home\/wp-json\/wp\/v2\/categories?post=46444"},{"taxonomy":"post_tag","embeddable":true,"href":"https:\/\/jornalboasnoticias.com.br\/home\/wp-json\/wp\/v2\/tags?post=46444"}],"curies":[{"name":"wp","href":"https:\/\/api.w.org\/{rel}","templated":true}]}}