{"id":46441,"date":"2025-09-02T02:55:39","date_gmt":"2025-09-02T02:55:39","guid":{"rendered":"https:\/\/jornalboasnoticias.com.br\/home\/?p=46441"},"modified":"2025-09-02T02:55:39","modified_gmt":"2025-09-02T02:55:39","slug":"criancas-dao-show-de-civismo-na-semana-da-patria-em-cascavel","status":"publish","type":"post","link":"https:\/\/jornalboasnoticias.com.br\/home\/criancas-dao-show-de-civismo-na-semana-da-patria-em-cascavel\/","title":{"rendered":"Crian\u00e7as d\u00e3o show de civismo na Semana da P\u00e1tria em Cascavel"},"content":{"rendered":"<p><img loading=\"lazy\" decoding=\"async\" class=\"alignnone size-full wp-image-46442\" src=\"https:\/\/jornalboasnoticias.com.br\/home\/wp-content\/uploads\/2025\/09\/1.jpg\" alt=\"\" width=\"700\" height=\"466\" srcset=\"https:\/\/jornalboasnoticias.com.br\/home\/wp-content\/uploads\/2025\/09\/1.jpg 700w, https:\/\/jornalboasnoticias.com.br\/home\/wp-content\/uploads\/2025\/09\/1-300x200.jpg 300w\" sizes=\"auto, (max-width: 700px) 100vw, 700px\" \/><\/p>\n<p>As celebra\u00e7\u00f5es da Semana da P\u00e1tria seguem em Cascavel. Nesta segunda-feira (1\u00ba), foi a vez de levar as atividades para as crian\u00e7as da Rede Municipal de Ensino, em uma solenidade c\u00edvica na Escola Municipal Dulce Perp\u00e9tua Pierozan Tavares, no bairro Bras\u00edlia II.<\/p>\n<p>O evento contou com a participa\u00e7\u00e3o do Cmei Leonardo Chevinski e reuniu estudantes, professores, autoridades e a comunidade escolar. A programa\u00e7\u00e3o que celebra os 203 anos da Independ\u00eancia do Brasil incluiu o hasteamento da bandeira, execu\u00e7\u00e3o do Hino Nacional e apresenta\u00e7\u00f5es culturais preparadas pelos alunos. A Banda da 15\u00aa Brigada de Infantaria Mecanizada tamb\u00e9m deu o tom das comemora\u00e7\u00f5es.<\/p>\n<p>Durante a solenidade, o prefeito Renato Silva destacou a import\u00e2ncia de despertar desde cedo o amor pelo pa\u00eds. \u201cVer professores e crian\u00e7as participando desse momento me move e me motiva. Nossa presen\u00e7a aqui \u00e9 para mostrar que estamos juntos, construindo uma educa\u00e7\u00e3o cada vez melhor, para que nosso povo seja mais livre, independente e feliz\u201d, afirmou.<\/p>\n<p>A diretora do Departamento de Ensino, Franciele Beckert, explicou que o trabalho de prepara\u00e7\u00e3o envolveu toda a rede municipal. \u201c\u00c9 um momento de reflex\u00e3o. Celebramos a Independ\u00eancia, mas tamb\u00e9m convidamos as crian\u00e7as a pensarem sobre o que significa ser cidad\u00e3o e como podemos contribuir para a sociedade\u201d, explicou.<\/p>\n<p>A solenidade desta manh\u00e3 complementa a programa\u00e7\u00e3o que come\u00e7ou no domingo (31), com a abertura realizada na Feira do Teatro, que contou com a presen\u00e7a de autoridades pol\u00edticas e militares.<\/p>\n<p>At\u00e9 s\u00e1bado (6), v\u00e1rias escolas da cidade e dos distritos ter\u00e3o atividades relacionadas \u00e0 data. As celebra\u00e7\u00f5es da Semana da P\u00e1tria \u00a0se encerram no domingo (7) com o grande Desfile C\u00edvico-Militar, a partir das 8h30, na Avenida Brasil.<\/p>\n<p>Pr\u00f3ximas solenidades da Semana da P\u00e1tria em Cascavel<\/p>\n<p>01\/09 \u2013 Segunda-feira<br \/>\n14h \u2013 Escola Municipal Aloys Jo\u00e3o Mann<br \/>\nRua Salgado Filho, 3533 \u2013 Cancelli<\/p>\n<p>02\/09 \u2013 Ter\u00e7a-feira<br \/>\n08h30 \u2013 Escola Municipal Prof\u00aa Maria Aparecida Fagnani Soares<br \/>\nParticipa\u00e7\u00e3o: CMEI Prof\u00aa Felisbina Bittencourt e CMEI Prof\u00aa Leonides Ezure<br \/>\nRua Caieiras, 2780 \u2013 Conjunto Riviera<\/p>\n<p>14h \u2013 Escola Municipal Francisco Vaz de Lima<br \/>\nParticipa\u00e7\u00e3o: CMEI Irm\u00e3 Iolanda G. Bazan e CMEI Castelinho<br \/>\nAvenida Interlagos, 542 \u2013 Interlagos<\/p>\n<p>03\/09 \u2013 Quarta-feira<br \/>\n14h \u2013 Escola Municipal Prof\u00aa Maria dos Prazeres Neres da Silva<br \/>\nParticipa\u00e7\u00e3o: CMEI J\u00falio In\u00e1cio Uncer e CMEI Val\u00e9rio Baratter<br \/>\nRua Andr\u00e9 de Barros, 849 \u2013 Jardim Uni\u00e3o<\/p>\n<p>16h \u2013 Pa\u00e7o Municipal de Cascavel<br \/>\nParticipa\u00e7\u00e3o: Escola Municipal Luis Carlos Ruaro, Coral da Rede Municipal e ginastas Agrecc<br \/>\nRua Paran\u00e1, 5000 \u2013 Centro<\/p>\n<p>04\/09 \u2013 Quinta-feira<br \/>\n08h30 \u2013 Escola Municipal Prof\u00aa Ilizete Bonatto Pasini \u2013 Transpar\u00eancia II<br \/>\nParticipa\u00e7\u00e3o: CMEI Prof. Paulo Marques, CMEI Prof\u00aa Gracinda Rocha e CMEI Prof\u00aa Clementina M. Joergensen<br \/>\nRua S\u00f3crates, 1251 \u2013 Loteamento Gralha Azul \u2013 Interlagos<\/p>\n<p>14h \u2013 Escola Municipal At\u00edlio Destro<br \/>\nParticipa\u00e7\u00e3o: CMEI Maria Vaz Meister, CMEI Prof\u00aa Miriam Ana D. Boschetto e CMEI Prof\u00aa Clarisse Paganini<br \/>\nRua Portugal, 1230 \u2013 Jardim Nova It\u00e1lia<br \/>\n05\/09 \u2013 Sexta-feira<br \/>\n08h30 \u2013 Col\u00e9gio Estadual C\u00edvico-Militar Cataratas<br \/>\nRua Acelino de Almeida, 435 \u2013 Cataratas<\/p>\n<p>14h \u2013 Col\u00e9gio Santa Maria<br \/>\nRua S\u00e3o Paulo, 2453 \u2013 Centro (entrada pela Rua Marechal Deodoro)<\/p>\n<p>06\/09 \u2013 S\u00e1bado<br \/>\n09h \u2013 Escola Municipal do Campo Jos\u00e9 Bonif\u00e1cio<br \/>\nParticipa\u00e7\u00e3o: CMEI do Campo Romalina Vaz Machado, Escola Municipal do Campo Carlos de Carvalho, Col\u00e9gio Estadual do Campo de S\u00e3o Salvador e Col\u00e9gio Estadual do Campo de Rio do Salto<br \/>\nAvenida Luiz Liberali, 1220 \u2013 Rio do Salto<\/p>\n<p>15h \u2013 Escola Municipal do Campo Tereza P\u00e9rico Bernardini<br \/>\nParticipa\u00e7\u00e3o: Col\u00e9gio Estadual do Campo de Juvin\u00f3polis<br \/>\nAvenida Castelo Branco, 400 \u2013 Juvin\u00f3polis<\/p>\n<p>07\/09 \u2013 Domingo \u2013 Desfile C\u00edvico-Militar<br \/>\n08h30 \u2013 Avenida Brasil<br \/>\nRecep\u00e7\u00e3o do Fogo Simb\u00f3lico<br \/>\nAcendimento da Pira da P\u00e1tria<br \/>\nExecu\u00e7\u00e3o do Hino Nacional Brasileiro<br \/>\nHasteamento das Bandeiras<br \/>\nRevista da Tropa Militar<br \/>\nDiscurso de abertura<\/p>\n<p>09h \u2013 Grande Desfile C\u00edvico-Militar<br \/>\nAvenida Brasil (entre a Rua 7 de Setembro e Avenida Carlos Gomes)<\/p>\n<p><strong>Secom<\/strong><\/p>\n","protected":false},"excerpt":{"rendered":"<p>As celebra\u00e7\u00f5es da Semana da P\u00e1tria seguem em Cascavel. Nesta segunda-feira (1\u00ba), foi a vez<\/p>\n","protected":false},"author":3,"featured_media":46442,"comment_status":"open","ping_status":"open","sticky":false,"template":"","format":"standard","meta":{"footnotes":""},"categories":[2],"tags":[],"class_list":["post-46441","post","type-post","status-publish","format-standard","has-post-thumbnail","hentry","category-cascavel"],"yoast_head":"<!-- This site is optimized with the Yoast SEO plugin v27.5 - https:\/\/yoast.com\/product\/yoast-seo-wordpress\/ -->\n<title>Crian\u00e7as d\u00e3o show de civismo na Semana da P\u00e1tria em Cascavel - Jornal<\/title>\n<meta name=\"description\" content=\"Crian\u00e7as d\u00e3o show de civismo na Semana da P\u00e1tria em Cascavel\" \/>\n<meta name=\"robots\" content=\"index, follow, max-snippet:-1, max-image-preview:large, max-video-preview:-1\" \/>\n<link rel=\"canonical\" href=\"https:\/\/jornalboasnoticias.com.br\/home\/criancas-dao-show-de-civismo-na-semana-da-patria-em-cascavel\/\" \/>\n<meta property=\"og:locale\" content=\"pt_BR\" \/>\n<meta property=\"og:type\" content=\"article\" \/>\n<meta property=\"og:title\" content=\"Crian\u00e7as d\u00e3o show de civismo na Semana da P\u00e1tria em Cascavel - Jornal\" \/>\n<meta property=\"og:description\" content=\"Crian\u00e7as d\u00e3o show de civismo na Semana da P\u00e1tria em Cascavel\" \/>\n<meta property=\"og:url\" content=\"https:\/\/jornalboasnoticias.com.br\/home\/criancas-dao-show-de-civismo-na-semana-da-patria-em-cascavel\/\" \/>\n<meta property=\"og:site_name\" content=\"Jornal\" \/>\n<meta property=\"article:publisher\" content=\"https:\/\/www.facebook.com\/boasnoticiasjornal\" \/>\n<meta property=\"article:published_time\" content=\"2025-09-02T02:55:39+00:00\" \/>\n<meta property=\"og:image\" content=\"https:\/\/jornalboasnoticias.com.br\/home\/wp-content\/uploads\/2025\/09\/1.jpg\" \/>\n\t<meta property=\"og:image:width\" content=\"700\" \/>\n\t<meta property=\"og:image:height\" content=\"466\" \/>\n\t<meta property=\"og:image:type\" content=\"image\/jpeg\" \/>\n<meta name=\"author\" content=\"Luiz Carlos da Cruz\" \/>\n<meta name=\"twitter:card\" content=\"summary_large_image\" \/>\n<meta name=\"twitter:label1\" content=\"Escrito por\" \/>\n\t<meta name=\"twitter:data1\" content=\"Luiz Carlos da Cruz\" \/>\n\t<meta name=\"twitter:label2\" content=\"Est. tempo de leitura\" \/>\n\t<meta name=\"twitter:data2\" content=\"4 minutos\" \/>\n<script type=\"application\/ld+json\" class=\"yoast-schema-graph\">{\"@context\":\"https:\\\/\\\/schema.org\",\"@graph\":[{\"@type\":\"Article\",\"@id\":\"https:\\\/\\\/jornalboasnoticias.com.br\\\/home\\\/criancas-dao-show-de-civismo-na-semana-da-patria-em-cascavel\\\/#article\",\"isPartOf\":{\"@id\":\"https:\\\/\\\/jornalboasnoticias.com.br\\\/home\\\/criancas-dao-show-de-civismo-na-semana-da-patria-em-cascavel\\\/\"},\"author\":{\"name\":\"Luiz Carlos da Cruz\",\"@id\":\"https:\\\/\\\/jornalboasnoticias.com.br\\\/home\\\/#\\\/schema\\\/person\\\/75f9ebde398c998c166475fb446bda62\"},\"headline\":\"Crian\u00e7as d\u00e3o show de civismo na Semana da P\u00e1tria em Cascavel\",\"datePublished\":\"2025-09-02T02:55:39+00:00\",\"mainEntityOfPage\":{\"@id\":\"https:\\\/\\\/jornalboasnoticias.com.br\\\/home\\\/criancas-dao-show-de-civismo-na-semana-da-patria-em-cascavel\\\/\"},\"wordCount\":650,\"commentCount\":0,\"publisher\":{\"@id\":\"https:\\\/\\\/jornalboasnoticias.com.br\\\/home\\\/#organization\"},\"image\":{\"@id\":\"https:\\\/\\\/jornalboasnoticias.com.br\\\/home\\\/criancas-dao-show-de-civismo-na-semana-da-patria-em-cascavel\\\/#primaryimage\"},\"thumbnailUrl\":\"https:\\\/\\\/jornalboasnoticias.com.br\\\/home\\\/wp-content\\\/uploads\\\/2025\\\/09\\\/1.jpg\",\"articleSection\":[\"CASCAVEL\"],\"inLanguage\":\"pt-BR\",\"potentialAction\":[{\"@type\":\"CommentAction\",\"name\":\"Comment\",\"target\":[\"https:\\\/\\\/jornalboasnoticias.com.br\\\/home\\\/criancas-dao-show-de-civismo-na-semana-da-patria-em-cascavel\\\/#respond\"]}]},{\"@type\":\"WebPage\",\"@id\":\"https:\\\/\\\/jornalboasnoticias.com.br\\\/home\\\/criancas-dao-show-de-civismo-na-semana-da-patria-em-cascavel\\\/\",\"url\":\"https:\\\/\\\/jornalboasnoticias.com.br\\\/home\\\/criancas-dao-show-de-civismo-na-semana-da-patria-em-cascavel\\\/\",\"name\":\"Crian\u00e7as d\u00e3o show de civismo na Semana da P\u00e1tria em Cascavel - Jornal\",\"isPartOf\":{\"@id\":\"https:\\\/\\\/jornalboasnoticias.com.br\\\/home\\\/#website\"},\"primaryImageOfPage\":{\"@id\":\"https:\\\/\\\/jornalboasnoticias.com.br\\\/home\\\/criancas-dao-show-de-civismo-na-semana-da-patria-em-cascavel\\\/#primaryimage\"},\"image\":{\"@id\":\"https:\\\/\\\/jornalboasnoticias.com.br\\\/home\\\/criancas-dao-show-de-civismo-na-semana-da-patria-em-cascavel\\\/#primaryimage\"},\"thumbnailUrl\":\"https:\\\/\\\/jornalboasnoticias.com.br\\\/home\\\/wp-content\\\/uploads\\\/2025\\\/09\\\/1.jpg\",\"datePublished\":\"2025-09-02T02:55:39+00:00\",\"description\":\"Crian\u00e7as d\u00e3o show de civismo na Semana da P\u00e1tria em Cascavel\",\"breadcrumb\":{\"@id\":\"https:\\\/\\\/jornalboasnoticias.com.br\\\/home\\\/criancas-dao-show-de-civismo-na-semana-da-patria-em-cascavel\\\/#breadcrumb\"},\"inLanguage\":\"pt-BR\",\"potentialAction\":[{\"@type\":\"ReadAction\",\"target\":[\"https:\\\/\\\/jornalboasnoticias.com.br\\\/home\\\/criancas-dao-show-de-civismo-na-semana-da-patria-em-cascavel\\\/\"]}]},{\"@type\":\"ImageObject\",\"inLanguage\":\"pt-BR\",\"@id\":\"https:\\\/\\\/jornalboasnoticias.com.br\\\/home\\\/criancas-dao-show-de-civismo-na-semana-da-patria-em-cascavel\\\/#primaryimage\",\"url\":\"https:\\\/\\\/jornalboasnoticias.com.br\\\/home\\\/wp-content\\\/uploads\\\/2025\\\/09\\\/1.jpg\",\"contentUrl\":\"https:\\\/\\\/jornalboasnoticias.com.br\\\/home\\\/wp-content\\\/uploads\\\/2025\\\/09\\\/1.jpg\",\"width\":700,\"height\":466},{\"@type\":\"BreadcrumbList\",\"@id\":\"https:\\\/\\\/jornalboasnoticias.com.br\\\/home\\\/criancas-dao-show-de-civismo-na-semana-da-patria-em-cascavel\\\/#breadcrumb\",\"itemListElement\":[{\"@type\":\"ListItem\",\"position\":1,\"name\":\"In\u00edcio\",\"item\":\"https:\\\/\\\/jornalboasnoticias.com.br\\\/home\\\/\"},{\"@type\":\"ListItem\",\"position\":2,\"name\":\"Crian\u00e7as d\u00e3o show de civismo na Semana da P\u00e1tria em Cascavel\"}]},{\"@type\":\"WebSite\",\"@id\":\"https:\\\/\\\/jornalboasnoticias.com.br\\\/home\\\/#website\",\"url\":\"https:\\\/\\\/jornalboasnoticias.com.br\\\/home\\\/\",\"name\":\"Jornal Boas Not\u00edcias\",\"description\":\"Boas not\u00edcias\",\"publisher\":{\"@id\":\"https:\\\/\\\/jornalboasnoticias.com.br\\\/home\\\/#organization\"},\"potentialAction\":[{\"@type\":\"SearchAction\",\"target\":{\"@type\":\"EntryPoint\",\"urlTemplate\":\"https:\\\/\\\/jornalboasnoticias.com.br\\\/home\\\/?s={search_term_string}\"},\"query-input\":{\"@type\":\"PropertyValueSpecification\",\"valueRequired\":true,\"valueName\":\"search_term_string\"}}],\"inLanguage\":\"pt-BR\"},{\"@type\":\"Organization\",\"@id\":\"https:\\\/\\\/jornalboasnoticias.com.br\\\/home\\\/#organization\",\"name\":\"Coq Editora Ltda\",\"alternateName\":\"Jornal Boas Noticias\",\"url\":\"https:\\\/\\\/jornalboasnoticias.com.br\\\/home\\\/\",\"logo\":{\"@type\":\"ImageObject\",\"inLanguage\":\"pt-BR\",\"@id\":\"https:\\\/\\\/jornalboasnoticias.com.br\\\/home\\\/#\\\/schema\\\/logo\\\/image\\\/\",\"url\":\"https:\\\/\\\/jornalboasnoticias.com.br\\\/home\\\/wp-content\\\/uploads\\\/2024\\\/07\\\/cropped-logo.jpg\",\"contentUrl\":\"https:\\\/\\\/jornalboasnoticias.com.br\\\/home\\\/wp-content\\\/uploads\\\/2024\\\/07\\\/cropped-logo.jpg\",\"width\":290,\"height\":142,\"caption\":\"Coq Editora Ltda\"},\"image\":{\"@id\":\"https:\\\/\\\/jornalboasnoticias.com.br\\\/home\\\/#\\\/schema\\\/logo\\\/image\\\/\"},\"sameAs\":[\"https:\\\/\\\/www.facebook.com\\\/boasnoticiasjornal\"]},{\"@type\":\"Person\",\"@id\":\"https:\\\/\\\/jornalboasnoticias.com.br\\\/home\\\/#\\\/schema\\\/person\\\/75f9ebde398c998c166475fb446bda62\",\"name\":\"Luiz Carlos da Cruz\",\"image\":{\"@type\":\"ImageObject\",\"inLanguage\":\"pt-BR\",\"@id\":\"https:\\\/\\\/secure.gravatar.com\\\/avatar\\\/e6f4f45301b6cb8572f7b076572e8ac11c1db80e805d8c8d0858cf286ce3ac3b?s=96&d=mm&r=g\",\"url\":\"https:\\\/\\\/secure.gravatar.com\\\/avatar\\\/e6f4f45301b6cb8572f7b076572e8ac11c1db80e805d8c8d0858cf286ce3ac3b?s=96&d=mm&r=g\",\"contentUrl\":\"https:\\\/\\\/secure.gravatar.com\\\/avatar\\\/e6f4f45301b6cb8572f7b076572e8ac11c1db80e805d8c8d0858cf286ce3ac3b?s=96&d=mm&r=g\",\"caption\":\"Luiz Carlos da Cruz\"},\"url\":\"https:\\\/\\\/jornalboasnoticias.com.br\\\/home\\\/author\\\/luiz-carlos-da-cruz\\\/\"}]}<\/script>\n<!-- \/ Yoast SEO plugin. -->","yoast_head_json":{"title":"Crian\u00e7as d\u00e3o show de civismo na Semana da P\u00e1tria em Cascavel - Jornal","description":"Crian\u00e7as d\u00e3o show de civismo na Semana da P\u00e1tria em Cascavel","robots":{"index":"index","follow":"follow","max-snippet":"max-snippet:-1","max-image-preview":"max-image-preview:large","max-video-preview":"max-video-preview:-1"},"canonical":"https:\/\/jornalboasnoticias.com.br\/home\/criancas-dao-show-de-civismo-na-semana-da-patria-em-cascavel\/","og_locale":"pt_BR","og_type":"article","og_title":"Crian\u00e7as d\u00e3o show de civismo na Semana da P\u00e1tria em Cascavel - Jornal","og_description":"Crian\u00e7as d\u00e3o show de civismo na Semana da P\u00e1tria em Cascavel","og_url":"https:\/\/jornalboasnoticias.com.br\/home\/criancas-dao-show-de-civismo-na-semana-da-patria-em-cascavel\/","og_site_name":"Jornal","article_publisher":"https:\/\/www.facebook.com\/boasnoticiasjornal","article_published_time":"2025-09-02T02:55:39+00:00","og_image":[{"width":700,"height":466,"url":"https:\/\/jornalboasnoticias.com.br\/home\/wp-content\/uploads\/2025\/09\/1.jpg","type":"image\/jpeg"}],"author":"Luiz Carlos da Cruz","twitter_card":"summary_large_image","twitter_misc":{"Escrito por":"Luiz Carlos da Cruz","Est. tempo de leitura":"4 minutos"},"schema":{"@context":"https:\/\/schema.org","@graph":[{"@type":"Article","@id":"https:\/\/jornalboasnoticias.com.br\/home\/criancas-dao-show-de-civismo-na-semana-da-patria-em-cascavel\/#article","isPartOf":{"@id":"https:\/\/jornalboasnoticias.com.br\/home\/criancas-dao-show-de-civismo-na-semana-da-patria-em-cascavel\/"},"author":{"name":"Luiz Carlos da Cruz","@id":"https:\/\/jornalboasnoticias.com.br\/home\/#\/schema\/person\/75f9ebde398c998c166475fb446bda62"},"headline":"Crian\u00e7as d\u00e3o show de civismo na Semana da P\u00e1tria em Cascavel","datePublished":"2025-09-02T02:55:39+00:00","mainEntityOfPage":{"@id":"https:\/\/jornalboasnoticias.com.br\/home\/criancas-dao-show-de-civismo-na-semana-da-patria-em-cascavel\/"},"wordCount":650,"commentCount":0,"publisher":{"@id":"https:\/\/jornalboasnoticias.com.br\/home\/#organization"},"image":{"@id":"https:\/\/jornalboasnoticias.com.br\/home\/criancas-dao-show-de-civismo-na-semana-da-patria-em-cascavel\/#primaryimage"},"thumbnailUrl":"https:\/\/jornalboasnoticias.com.br\/home\/wp-content\/uploads\/2025\/09\/1.jpg","articleSection":["CASCAVEL"],"inLanguage":"pt-BR","potentialAction":[{"@type":"CommentAction","name":"Comment","target":["https:\/\/jornalboasnoticias.com.br\/home\/criancas-dao-show-de-civismo-na-semana-da-patria-em-cascavel\/#respond"]}]},{"@type":"WebPage","@id":"https:\/\/jornalboasnoticias.com.br\/home\/criancas-dao-show-de-civismo-na-semana-da-patria-em-cascavel\/","url":"https:\/\/jornalboasnoticias.com.br\/home\/criancas-dao-show-de-civismo-na-semana-da-patria-em-cascavel\/","name":"Crian\u00e7as d\u00e3o show de civismo na Semana da P\u00e1tria em Cascavel - Jornal","isPartOf":{"@id":"https:\/\/jornalboasnoticias.com.br\/home\/#website"},"primaryImageOfPage":{"@id":"https:\/\/jornalboasnoticias.com.br\/home\/criancas-dao-show-de-civismo-na-semana-da-patria-em-cascavel\/#primaryimage"},"image":{"@id":"https:\/\/jornalboasnoticias.com.br\/home\/criancas-dao-show-de-civismo-na-semana-da-patria-em-cascavel\/#primaryimage"},"thumbnailUrl":"https:\/\/jornalboasnoticias.com.br\/home\/wp-content\/uploads\/2025\/09\/1.jpg","datePublished":"2025-09-02T02:55:39+00:00","description":"Crian\u00e7as d\u00e3o show de civismo na Semana da P\u00e1tria em Cascavel","breadcrumb":{"@id":"https:\/\/jornalboasnoticias.com.br\/home\/criancas-dao-show-de-civismo-na-semana-da-patria-em-cascavel\/#breadcrumb"},"inLanguage":"pt-BR","potentialAction":[{"@type":"ReadAction","target":["https:\/\/jornalboasnoticias.com.br\/home\/criancas-dao-show-de-civismo-na-semana-da-patria-em-cascavel\/"]}]},{"@type":"ImageObject","inLanguage":"pt-BR","@id":"https:\/\/jornalboasnoticias.com.br\/home\/criancas-dao-show-de-civismo-na-semana-da-patria-em-cascavel\/#primaryimage","url":"https:\/\/jornalboasnoticias.com.br\/home\/wp-content\/uploads\/2025\/09\/1.jpg","contentUrl":"https:\/\/jornalboasnoticias.com.br\/home\/wp-content\/uploads\/2025\/09\/1.jpg","width":700,"height":466},{"@type":"BreadcrumbList","@id":"https:\/\/jornalboasnoticias.com.br\/home\/criancas-dao-show-de-civismo-na-semana-da-patria-em-cascavel\/#breadcrumb","itemListElement":[{"@type":"ListItem","position":1,"name":"In\u00edcio","item":"https:\/\/jornalboasnoticias.com.br\/home\/"},{"@type":"ListItem","position":2,"name":"Crian\u00e7as d\u00e3o show de civismo na Semana da P\u00e1tria em Cascavel"}]},{"@type":"WebSite","@id":"https:\/\/jornalboasnoticias.com.br\/home\/#website","url":"https:\/\/jornalboasnoticias.com.br\/home\/","name":"Jornal Boas Not\u00edcias","description":"Boas not\u00edcias","publisher":{"@id":"https:\/\/jornalboasnoticias.com.br\/home\/#organization"},"potentialAction":[{"@type":"SearchAction","target":{"@type":"EntryPoint","urlTemplate":"https:\/\/jornalboasnoticias.com.br\/home\/?s={search_term_string}"},"query-input":{"@type":"PropertyValueSpecification","valueRequired":true,"valueName":"search_term_string"}}],"inLanguage":"pt-BR"},{"@type":"Organization","@id":"https:\/\/jornalboasnoticias.com.br\/home\/#organization","name":"Coq Editora Ltda","alternateName":"Jornal Boas Noticias","url":"https:\/\/jornalboasnoticias.com.br\/home\/","logo":{"@type":"ImageObject","inLanguage":"pt-BR","@id":"https:\/\/jornalboasnoticias.com.br\/home\/#\/schema\/logo\/image\/","url":"https:\/\/jornalboasnoticias.com.br\/home\/wp-content\/uploads\/2024\/07\/cropped-logo.jpg","contentUrl":"https:\/\/jornalboasnoticias.com.br\/home\/wp-content\/uploads\/2024\/07\/cropped-logo.jpg","width":290,"height":142,"caption":"Coq Editora Ltda"},"image":{"@id":"https:\/\/jornalboasnoticias.com.br\/home\/#\/schema\/logo\/image\/"},"sameAs":["https:\/\/www.facebook.com\/boasnoticiasjornal"]},{"@type":"Person","@id":"https:\/\/jornalboasnoticias.com.br\/home\/#\/schema\/person\/75f9ebde398c998c166475fb446bda62","name":"Luiz Carlos da Cruz","image":{"@type":"ImageObject","inLanguage":"pt-BR","@id":"https:\/\/secure.gravatar.com\/avatar\/e6f4f45301b6cb8572f7b076572e8ac11c1db80e805d8c8d0858cf286ce3ac3b?s=96&d=mm&r=g","url":"https:\/\/secure.gravatar.com\/avatar\/e6f4f45301b6cb8572f7b076572e8ac11c1db80e805d8c8d0858cf286ce3ac3b?s=96&d=mm&r=g","contentUrl":"https:\/\/secure.gravatar.com\/avatar\/e6f4f45301b6cb8572f7b076572e8ac11c1db80e805d8c8d0858cf286ce3ac3b?s=96&d=mm&r=g","caption":"Luiz Carlos da Cruz"},"url":"https:\/\/jornalboasnoticias.com.br\/home\/author\/luiz-carlos-da-cruz\/"}]}},"_links":{"self":[{"href":"https:\/\/jornalboasnoticias.com.br\/home\/wp-json\/wp\/v2\/posts\/46441","targetHints":{"allow":["GET"]}}],"collection":[{"href":"https:\/\/jornalboasnoticias.com.br\/home\/wp-json\/wp\/v2\/posts"}],"about":[{"href":"https:\/\/jornalboasnoticias.com.br\/home\/wp-json\/wp\/v2\/types\/post"}],"author":[{"embeddable":true,"href":"https:\/\/jornalboasnoticias.com.br\/home\/wp-json\/wp\/v2\/users\/3"}],"replies":[{"embeddable":true,"href":"https:\/\/jornalboasnoticias.com.br\/home\/wp-json\/wp\/v2\/comments?post=46441"}],"version-history":[{"count":1,"href":"https:\/\/jornalboasnoticias.com.br\/home\/wp-json\/wp\/v2\/posts\/46441\/revisions"}],"predecessor-version":[{"id":46443,"href":"https:\/\/jornalboasnoticias.com.br\/home\/wp-json\/wp\/v2\/posts\/46441\/revisions\/46443"}],"wp:featuredmedia":[{"embeddable":true,"href":"https:\/\/jornalboasnoticias.com.br\/home\/wp-json\/wp\/v2\/media\/46442"}],"wp:attachment":[{"href":"https:\/\/jornalboasnoticias.com.br\/home\/wp-json\/wp\/v2\/media?parent=46441"}],"wp:term":[{"taxonomy":"category","embeddable":true,"href":"https:\/\/jornalboasnoticias.com.br\/home\/wp-json\/wp\/v2\/categories?post=46441"},{"taxonomy":"post_tag","embeddable":true,"href":"https:\/\/jornalboasnoticias.com.br\/home\/wp-json\/wp\/v2\/tags?post=46441"}],"curies":[{"name":"wp","href":"https:\/\/api.w.org\/{rel}","templated":true}]}}