{"id":46439,"date":"2025-09-02T02:51:13","date_gmt":"2025-09-02T02:51:13","guid":{"rendered":"https:\/\/jornalboasnoticias.com.br\/home\/?p=46439"},"modified":"2025-09-02T02:51:13","modified_gmt":"2025-09-02T02:51:13","slug":"ministerio-do-trabalho-multa-igreja-de-silas-malafaia-por-atraso-no-fgts-de-funcionarios","status":"publish","type":"post","link":"https:\/\/jornalboasnoticias.com.br\/home\/ministerio-do-trabalho-multa-igreja-de-silas-malafaia-por-atraso-no-fgts-de-funcionarios\/","title":{"rendered":"Minist\u00e9rio do Trabalho multa igreja de Silas Malafaia por atraso no FGTS de funcion\u00e1rios"},"content":{"rendered":"<figure id=\"attachment_45872\" aria-describedby=\"caption-attachment-45872\" style=\"width: 900px\" class=\"wp-caption alignnone\"><img loading=\"lazy\" decoding=\"async\" class=\"size-full wp-image-45872\" src=\"https:\/\/jornalboasnoticias.com.br\/home\/wp-content\/uploads\/2024\/11\/Pastor-Silas-Malafaia-@Reproducao.webp\" alt=\"\" width=\"900\" height=\"506\" srcset=\"https:\/\/jornalboasnoticias.com.br\/home\/wp-content\/uploads\/2024\/11\/Pastor-Silas-Malafaia-@Reproducao.webp 900w, https:\/\/jornalboasnoticias.com.br\/home\/wp-content\/uploads\/2024\/11\/Pastor-Silas-Malafaia-@Reproducao-300x169.webp 300w, https:\/\/jornalboasnoticias.com.br\/home\/wp-content\/uploads\/2024\/11\/Pastor-Silas-Malafaia-@Reproducao-768x432.webp 768w\" sizes=\"auto, (max-width: 900px) 100vw, 900px\" \/><figcaption id=\"caption-attachment-45872\" class=\"wp-caption-text\">Pastor Silas Malafaia &#8211; @Reprodu\u00e7\u00e3o<\/figcaption><\/figure>\n<p data-start=\"96\" data-end=\"394\">O <strong data-start=\"98\" data-end=\"140\">Minist\u00e9rio do Trabalho e Emprego (MTE)<\/strong> notificou e multou a <strong data-start=\"162\" data-end=\"202\">Assembleia de Deus Vit\u00f3ria em Cristo<\/strong>, igreja liderada pelo pastor <strong data-start=\"232\" data-end=\"250\">Silas Malafaia<\/strong>, ap\u00f3s constatar que a institui\u00e7\u00e3o deixou de depositar mensalmente o <strong data-start=\"319\" data-end=\"367\">Fundo de Garantia do Tempo de Servi\u00e7o (FGTS)<\/strong> de <strong data-start=\"371\" data-end=\"391\">423 funcion\u00e1rios<\/strong>.<\/p>\n<p data-start=\"396\" data-end=\"648\">O auto de infra\u00e7\u00e3o foi aplicado em <strong data-start=\"431\" data-end=\"450\">abril deste ano<\/strong> e se refere \u00e0 sede da igreja na cidade do Rio de Janeiro. A medida faz parte da fiscaliza\u00e7\u00e3o do cumprimento das obriga\u00e7\u00f5es trabalhistas por parte de institui\u00e7\u00f5es religiosas e demais empregadores.<\/p>\n<p data-start=\"650\" data-end=\"1008\">Nos \u00faltimos dias, as obriga\u00e7\u00f5es fiscais de empreendimentos ligados ao pastor Silas Malafaia ganharam repercuss\u00e3o na m\u00eddia. Segundo informa\u00e7\u00f5es da <strong data-start=\"796\" data-end=\"838\">Procuradoria-Geral da Fazenda Nacional<\/strong>, o religioso acumula <strong data-start=\"860\" data-end=\"922\">d\u00edvidas ativas com a Uni\u00e3o que somam mais de R$ 17 milh\u00f5es<\/strong>, valores que est\u00e3o sendo cobrados pelo governo e permanecem pendentes de pagamento.<\/p>\n<p data-start=\"1010\" data-end=\"1219\">O caso ressalta a aten\u00e7\u00e3o das autoridades quanto \u00e0 regularidade fiscal e trabalhista de grandes institui\u00e7\u00f5es religiosas e refor\u00e7a a necessidade de cumprimento das obriga\u00e7\u00f5es legais em rela\u00e7\u00e3o aos empregados.<\/p>\n<p data-start=\"1010\" data-end=\"1219\"><strong>Com informa\u00e7\u00f5es do Metr\u00f3poles<\/strong><\/p>\n","protected":false},"excerpt":{"rendered":"<p>O Minist\u00e9rio do Trabalho e Emprego (MTE) notificou e multou a Assembleia de Deus Vit\u00f3ria<\/p>\n","protected":false},"author":3,"featured_media":45872,"comment_status":"open","ping_status":"open","sticky":false,"template":"","format":"standard","meta":{"footnotes":""},"categories":[6],"tags":[],"class_list":["post-46439","post","type-post","status-publish","format-standard","has-post-thumbnail","hentry","category-brasil"],"yoast_head":"<!-- This site is optimized with the Yoast SEO plugin v27.5 - https:\/\/yoast.com\/product\/yoast-seo-wordpress\/ -->\n<title>Minist\u00e9rio do Trabalho multa igreja de Silas Malafaia por atraso no FGTS de funcion\u00e1rios - Jornal<\/title>\n<meta name=\"description\" content=\"Minist\u00e9rio do Trabalho multa igreja de Silas Malafaia por atraso no FGTS de funcion\u00e1rios\" \/>\n<meta name=\"robots\" content=\"index, follow, max-snippet:-1, max-image-preview:large, max-video-preview:-1\" \/>\n<link rel=\"canonical\" href=\"https:\/\/jornalboasnoticias.com.br\/home\/ministerio-do-trabalho-multa-igreja-de-silas-malafaia-por-atraso-no-fgts-de-funcionarios\/\" \/>\n<meta property=\"og:locale\" content=\"pt_BR\" \/>\n<meta property=\"og:type\" content=\"article\" \/>\n<meta property=\"og:title\" content=\"Minist\u00e9rio do Trabalho multa igreja de Silas Malafaia por atraso no FGTS de funcion\u00e1rios - Jornal\" \/>\n<meta property=\"og:description\" content=\"Minist\u00e9rio do Trabalho multa igreja de Silas Malafaia por atraso no FGTS de funcion\u00e1rios\" \/>\n<meta property=\"og:url\" content=\"https:\/\/jornalboasnoticias.com.br\/home\/ministerio-do-trabalho-multa-igreja-de-silas-malafaia-por-atraso-no-fgts-de-funcionarios\/\" \/>\n<meta property=\"og:site_name\" content=\"Jornal\" \/>\n<meta property=\"article:publisher\" content=\"https:\/\/www.facebook.com\/boasnoticiasjornal\" \/>\n<meta property=\"article:published_time\" content=\"2025-09-02T02:51:13+00:00\" \/>\n<meta property=\"og:image\" content=\"https:\/\/jornalboasnoticias.com.br\/home\/wp-content\/uploads\/2024\/11\/Pastor-Silas-Malafaia-@Reproducao.webp\" \/>\n\t<meta property=\"og:image:width\" content=\"900\" \/>\n\t<meta property=\"og:image:height\" content=\"506\" \/>\n\t<meta property=\"og:image:type\" content=\"image\/webp\" \/>\n<meta name=\"author\" content=\"Luiz Carlos da Cruz\" \/>\n<meta name=\"twitter:card\" content=\"summary_large_image\" \/>\n<meta name=\"twitter:label1\" content=\"Escrito por\" \/>\n\t<meta name=\"twitter:data1\" content=\"Luiz Carlos da Cruz\" \/>\n\t<meta name=\"twitter:label2\" content=\"Est. tempo de leitura\" \/>\n\t<meta name=\"twitter:data2\" content=\"2 minutos\" \/>\n<script type=\"application\/ld+json\" class=\"yoast-schema-graph\">{\"@context\":\"https:\\\/\\\/schema.org\",\"@graph\":[{\"@type\":\"Article\",\"@id\":\"https:\\\/\\\/jornalboasnoticias.com.br\\\/home\\\/ministerio-do-trabalho-multa-igreja-de-silas-malafaia-por-atraso-no-fgts-de-funcionarios\\\/#article\",\"isPartOf\":{\"@id\":\"https:\\\/\\\/jornalboasnoticias.com.br\\\/home\\\/ministerio-do-trabalho-multa-igreja-de-silas-malafaia-por-atraso-no-fgts-de-funcionarios\\\/\"},\"author\":{\"name\":\"Luiz Carlos da Cruz\",\"@id\":\"https:\\\/\\\/jornalboasnoticias.com.br\\\/home\\\/#\\\/schema\\\/person\\\/75f9ebde398c998c166475fb446bda62\"},\"headline\":\"Minist\u00e9rio do Trabalho multa igreja de Silas Malafaia por atraso no FGTS de funcion\u00e1rios\",\"datePublished\":\"2025-09-02T02:51:13+00:00\",\"mainEntityOfPage\":{\"@id\":\"https:\\\/\\\/jornalboasnoticias.com.br\\\/home\\\/ministerio-do-trabalho-multa-igreja-de-silas-malafaia-por-atraso-no-fgts-de-funcionarios\\\/\"},\"wordCount\":221,\"commentCount\":0,\"publisher\":{\"@id\":\"https:\\\/\\\/jornalboasnoticias.com.br\\\/home\\\/#organization\"},\"image\":{\"@id\":\"https:\\\/\\\/jornalboasnoticias.com.br\\\/home\\\/ministerio-do-trabalho-multa-igreja-de-silas-malafaia-por-atraso-no-fgts-de-funcionarios\\\/#primaryimage\"},\"thumbnailUrl\":\"https:\\\/\\\/jornalboasnoticias.com.br\\\/home\\\/wp-content\\\/uploads\\\/2024\\\/11\\\/Pastor-Silas-Malafaia-@Reproducao.webp\",\"articleSection\":[\"BRASIL\"],\"inLanguage\":\"pt-BR\",\"potentialAction\":[{\"@type\":\"CommentAction\",\"name\":\"Comment\",\"target\":[\"https:\\\/\\\/jornalboasnoticias.com.br\\\/home\\\/ministerio-do-trabalho-multa-igreja-de-silas-malafaia-por-atraso-no-fgts-de-funcionarios\\\/#respond\"]}]},{\"@type\":\"WebPage\",\"@id\":\"https:\\\/\\\/jornalboasnoticias.com.br\\\/home\\\/ministerio-do-trabalho-multa-igreja-de-silas-malafaia-por-atraso-no-fgts-de-funcionarios\\\/\",\"url\":\"https:\\\/\\\/jornalboasnoticias.com.br\\\/home\\\/ministerio-do-trabalho-multa-igreja-de-silas-malafaia-por-atraso-no-fgts-de-funcionarios\\\/\",\"name\":\"Minist\u00e9rio do Trabalho multa igreja de Silas Malafaia por atraso no FGTS de funcion\u00e1rios - Jornal\",\"isPartOf\":{\"@id\":\"https:\\\/\\\/jornalboasnoticias.com.br\\\/home\\\/#website\"},\"primaryImageOfPage\":{\"@id\":\"https:\\\/\\\/jornalboasnoticias.com.br\\\/home\\\/ministerio-do-trabalho-multa-igreja-de-silas-malafaia-por-atraso-no-fgts-de-funcionarios\\\/#primaryimage\"},\"image\":{\"@id\":\"https:\\\/\\\/jornalboasnoticias.com.br\\\/home\\\/ministerio-do-trabalho-multa-igreja-de-silas-malafaia-por-atraso-no-fgts-de-funcionarios\\\/#primaryimage\"},\"thumbnailUrl\":\"https:\\\/\\\/jornalboasnoticias.com.br\\\/home\\\/wp-content\\\/uploads\\\/2024\\\/11\\\/Pastor-Silas-Malafaia-@Reproducao.webp\",\"datePublished\":\"2025-09-02T02:51:13+00:00\",\"description\":\"Minist\u00e9rio do Trabalho multa igreja de Silas Malafaia por atraso no FGTS de funcion\u00e1rios\",\"breadcrumb\":{\"@id\":\"https:\\\/\\\/jornalboasnoticias.com.br\\\/home\\\/ministerio-do-trabalho-multa-igreja-de-silas-malafaia-por-atraso-no-fgts-de-funcionarios\\\/#breadcrumb\"},\"inLanguage\":\"pt-BR\",\"potentialAction\":[{\"@type\":\"ReadAction\",\"target\":[\"https:\\\/\\\/jornalboasnoticias.com.br\\\/home\\\/ministerio-do-trabalho-multa-igreja-de-silas-malafaia-por-atraso-no-fgts-de-funcionarios\\\/\"]}]},{\"@type\":\"ImageObject\",\"inLanguage\":\"pt-BR\",\"@id\":\"https:\\\/\\\/jornalboasnoticias.com.br\\\/home\\\/ministerio-do-trabalho-multa-igreja-de-silas-malafaia-por-atraso-no-fgts-de-funcionarios\\\/#primaryimage\",\"url\":\"https:\\\/\\\/jornalboasnoticias.com.br\\\/home\\\/wp-content\\\/uploads\\\/2024\\\/11\\\/Pastor-Silas-Malafaia-@Reproducao.webp\",\"contentUrl\":\"https:\\\/\\\/jornalboasnoticias.com.br\\\/home\\\/wp-content\\\/uploads\\\/2024\\\/11\\\/Pastor-Silas-Malafaia-@Reproducao.webp\",\"width\":900,\"height\":506,\"caption\":\"Pastor Silas Malafaia - @Reprodu\u00e7\u00e3o\"},{\"@type\":\"BreadcrumbList\",\"@id\":\"https:\\\/\\\/jornalboasnoticias.com.br\\\/home\\\/ministerio-do-trabalho-multa-igreja-de-silas-malafaia-por-atraso-no-fgts-de-funcionarios\\\/#breadcrumb\",\"itemListElement\":[{\"@type\":\"ListItem\",\"position\":1,\"name\":\"In\u00edcio\",\"item\":\"https:\\\/\\\/jornalboasnoticias.com.br\\\/home\\\/\"},{\"@type\":\"ListItem\",\"position\":2,\"name\":\"Minist\u00e9rio do Trabalho multa igreja de Silas Malafaia por atraso no FGTS de funcion\u00e1rios\"}]},{\"@type\":\"WebSite\",\"@id\":\"https:\\\/\\\/jornalboasnoticias.com.br\\\/home\\\/#website\",\"url\":\"https:\\\/\\\/jornalboasnoticias.com.br\\\/home\\\/\",\"name\":\"Jornal Boas Not\u00edcias\",\"description\":\"Boas not\u00edcias\",\"publisher\":{\"@id\":\"https:\\\/\\\/jornalboasnoticias.com.br\\\/home\\\/#organization\"},\"potentialAction\":[{\"@type\":\"SearchAction\",\"target\":{\"@type\":\"EntryPoint\",\"urlTemplate\":\"https:\\\/\\\/jornalboasnoticias.com.br\\\/home\\\/?s={search_term_string}\"},\"query-input\":{\"@type\":\"PropertyValueSpecification\",\"valueRequired\":true,\"valueName\":\"search_term_string\"}}],\"inLanguage\":\"pt-BR\"},{\"@type\":\"Organization\",\"@id\":\"https:\\\/\\\/jornalboasnoticias.com.br\\\/home\\\/#organization\",\"name\":\"Coq Editora Ltda\",\"alternateName\":\"Jornal Boas Noticias\",\"url\":\"https:\\\/\\\/jornalboasnoticias.com.br\\\/home\\\/\",\"logo\":{\"@type\":\"ImageObject\",\"inLanguage\":\"pt-BR\",\"@id\":\"https:\\\/\\\/jornalboasnoticias.com.br\\\/home\\\/#\\\/schema\\\/logo\\\/image\\\/\",\"url\":\"https:\\\/\\\/jornalboasnoticias.com.br\\\/home\\\/wp-content\\\/uploads\\\/2024\\\/07\\\/cropped-logo.jpg\",\"contentUrl\":\"https:\\\/\\\/jornalboasnoticias.com.br\\\/home\\\/wp-content\\\/uploads\\\/2024\\\/07\\\/cropped-logo.jpg\",\"width\":290,\"height\":142,\"caption\":\"Coq Editora Ltda\"},\"image\":{\"@id\":\"https:\\\/\\\/jornalboasnoticias.com.br\\\/home\\\/#\\\/schema\\\/logo\\\/image\\\/\"},\"sameAs\":[\"https:\\\/\\\/www.facebook.com\\\/boasnoticiasjornal\"]},{\"@type\":\"Person\",\"@id\":\"https:\\\/\\\/jornalboasnoticias.com.br\\\/home\\\/#\\\/schema\\\/person\\\/75f9ebde398c998c166475fb446bda62\",\"name\":\"Luiz Carlos da Cruz\",\"image\":{\"@type\":\"ImageObject\",\"inLanguage\":\"pt-BR\",\"@id\":\"https:\\\/\\\/secure.gravatar.com\\\/avatar\\\/e6f4f45301b6cb8572f7b076572e8ac11c1db80e805d8c8d0858cf286ce3ac3b?s=96&d=mm&r=g\",\"url\":\"https:\\\/\\\/secure.gravatar.com\\\/avatar\\\/e6f4f45301b6cb8572f7b076572e8ac11c1db80e805d8c8d0858cf286ce3ac3b?s=96&d=mm&r=g\",\"contentUrl\":\"https:\\\/\\\/secure.gravatar.com\\\/avatar\\\/e6f4f45301b6cb8572f7b076572e8ac11c1db80e805d8c8d0858cf286ce3ac3b?s=96&d=mm&r=g\",\"caption\":\"Luiz Carlos da Cruz\"},\"url\":\"https:\\\/\\\/jornalboasnoticias.com.br\\\/home\\\/author\\\/luiz-carlos-da-cruz\\\/\"}]}<\/script>\n<!-- \/ Yoast SEO plugin. -->","yoast_head_json":{"title":"Minist\u00e9rio do Trabalho multa igreja de Silas Malafaia por atraso no FGTS de funcion\u00e1rios - Jornal","description":"Minist\u00e9rio do Trabalho multa igreja de Silas Malafaia por atraso no FGTS de funcion\u00e1rios","robots":{"index":"index","follow":"follow","max-snippet":"max-snippet:-1","max-image-preview":"max-image-preview:large","max-video-preview":"max-video-preview:-1"},"canonical":"https:\/\/jornalboasnoticias.com.br\/home\/ministerio-do-trabalho-multa-igreja-de-silas-malafaia-por-atraso-no-fgts-de-funcionarios\/","og_locale":"pt_BR","og_type":"article","og_title":"Minist\u00e9rio do Trabalho multa igreja de Silas Malafaia por atraso no FGTS de funcion\u00e1rios - Jornal","og_description":"Minist\u00e9rio do Trabalho multa igreja de Silas Malafaia por atraso no FGTS de funcion\u00e1rios","og_url":"https:\/\/jornalboasnoticias.com.br\/home\/ministerio-do-trabalho-multa-igreja-de-silas-malafaia-por-atraso-no-fgts-de-funcionarios\/","og_site_name":"Jornal","article_publisher":"https:\/\/www.facebook.com\/boasnoticiasjornal","article_published_time":"2025-09-02T02:51:13+00:00","og_image":[{"width":900,"height":506,"url":"https:\/\/jornalboasnoticias.com.br\/home\/wp-content\/uploads\/2024\/11\/Pastor-Silas-Malafaia-@Reproducao.webp","type":"image\/webp"}],"author":"Luiz Carlos da Cruz","twitter_card":"summary_large_image","twitter_misc":{"Escrito por":"Luiz Carlos da Cruz","Est. tempo de leitura":"2 minutos"},"schema":{"@context":"https:\/\/schema.org","@graph":[{"@type":"Article","@id":"https:\/\/jornalboasnoticias.com.br\/home\/ministerio-do-trabalho-multa-igreja-de-silas-malafaia-por-atraso-no-fgts-de-funcionarios\/#article","isPartOf":{"@id":"https:\/\/jornalboasnoticias.com.br\/home\/ministerio-do-trabalho-multa-igreja-de-silas-malafaia-por-atraso-no-fgts-de-funcionarios\/"},"author":{"name":"Luiz Carlos da Cruz","@id":"https:\/\/jornalboasnoticias.com.br\/home\/#\/schema\/person\/75f9ebde398c998c166475fb446bda62"},"headline":"Minist\u00e9rio do Trabalho multa igreja de Silas Malafaia por atraso no FGTS de funcion\u00e1rios","datePublished":"2025-09-02T02:51:13+00:00","mainEntityOfPage":{"@id":"https:\/\/jornalboasnoticias.com.br\/home\/ministerio-do-trabalho-multa-igreja-de-silas-malafaia-por-atraso-no-fgts-de-funcionarios\/"},"wordCount":221,"commentCount":0,"publisher":{"@id":"https:\/\/jornalboasnoticias.com.br\/home\/#organization"},"image":{"@id":"https:\/\/jornalboasnoticias.com.br\/home\/ministerio-do-trabalho-multa-igreja-de-silas-malafaia-por-atraso-no-fgts-de-funcionarios\/#primaryimage"},"thumbnailUrl":"https:\/\/jornalboasnoticias.com.br\/home\/wp-content\/uploads\/2024\/11\/Pastor-Silas-Malafaia-@Reproducao.webp","articleSection":["BRASIL"],"inLanguage":"pt-BR","potentialAction":[{"@type":"CommentAction","name":"Comment","target":["https:\/\/jornalboasnoticias.com.br\/home\/ministerio-do-trabalho-multa-igreja-de-silas-malafaia-por-atraso-no-fgts-de-funcionarios\/#respond"]}]},{"@type":"WebPage","@id":"https:\/\/jornalboasnoticias.com.br\/home\/ministerio-do-trabalho-multa-igreja-de-silas-malafaia-por-atraso-no-fgts-de-funcionarios\/","url":"https:\/\/jornalboasnoticias.com.br\/home\/ministerio-do-trabalho-multa-igreja-de-silas-malafaia-por-atraso-no-fgts-de-funcionarios\/","name":"Minist\u00e9rio do Trabalho multa igreja de Silas Malafaia por atraso no FGTS de funcion\u00e1rios - Jornal","isPartOf":{"@id":"https:\/\/jornalboasnoticias.com.br\/home\/#website"},"primaryImageOfPage":{"@id":"https:\/\/jornalboasnoticias.com.br\/home\/ministerio-do-trabalho-multa-igreja-de-silas-malafaia-por-atraso-no-fgts-de-funcionarios\/#primaryimage"},"image":{"@id":"https:\/\/jornalboasnoticias.com.br\/home\/ministerio-do-trabalho-multa-igreja-de-silas-malafaia-por-atraso-no-fgts-de-funcionarios\/#primaryimage"},"thumbnailUrl":"https:\/\/jornalboasnoticias.com.br\/home\/wp-content\/uploads\/2024\/11\/Pastor-Silas-Malafaia-@Reproducao.webp","datePublished":"2025-09-02T02:51:13+00:00","description":"Minist\u00e9rio do Trabalho multa igreja de Silas Malafaia por atraso no FGTS de funcion\u00e1rios","breadcrumb":{"@id":"https:\/\/jornalboasnoticias.com.br\/home\/ministerio-do-trabalho-multa-igreja-de-silas-malafaia-por-atraso-no-fgts-de-funcionarios\/#breadcrumb"},"inLanguage":"pt-BR","potentialAction":[{"@type":"ReadAction","target":["https:\/\/jornalboasnoticias.com.br\/home\/ministerio-do-trabalho-multa-igreja-de-silas-malafaia-por-atraso-no-fgts-de-funcionarios\/"]}]},{"@type":"ImageObject","inLanguage":"pt-BR","@id":"https:\/\/jornalboasnoticias.com.br\/home\/ministerio-do-trabalho-multa-igreja-de-silas-malafaia-por-atraso-no-fgts-de-funcionarios\/#primaryimage","url":"https:\/\/jornalboasnoticias.com.br\/home\/wp-content\/uploads\/2024\/11\/Pastor-Silas-Malafaia-@Reproducao.webp","contentUrl":"https:\/\/jornalboasnoticias.com.br\/home\/wp-content\/uploads\/2024\/11\/Pastor-Silas-Malafaia-@Reproducao.webp","width":900,"height":506,"caption":"Pastor Silas Malafaia - @Reprodu\u00e7\u00e3o"},{"@type":"BreadcrumbList","@id":"https:\/\/jornalboasnoticias.com.br\/home\/ministerio-do-trabalho-multa-igreja-de-silas-malafaia-por-atraso-no-fgts-de-funcionarios\/#breadcrumb","itemListElement":[{"@type":"ListItem","position":1,"name":"In\u00edcio","item":"https:\/\/jornalboasnoticias.com.br\/home\/"},{"@type":"ListItem","position":2,"name":"Minist\u00e9rio do Trabalho multa igreja de Silas Malafaia por atraso no FGTS de funcion\u00e1rios"}]},{"@type":"WebSite","@id":"https:\/\/jornalboasnoticias.com.br\/home\/#website","url":"https:\/\/jornalboasnoticias.com.br\/home\/","name":"Jornal Boas Not\u00edcias","description":"Boas not\u00edcias","publisher":{"@id":"https:\/\/jornalboasnoticias.com.br\/home\/#organization"},"potentialAction":[{"@type":"SearchAction","target":{"@type":"EntryPoint","urlTemplate":"https:\/\/jornalboasnoticias.com.br\/home\/?s={search_term_string}"},"query-input":{"@type":"PropertyValueSpecification","valueRequired":true,"valueName":"search_term_string"}}],"inLanguage":"pt-BR"},{"@type":"Organization","@id":"https:\/\/jornalboasnoticias.com.br\/home\/#organization","name":"Coq Editora Ltda","alternateName":"Jornal Boas Noticias","url":"https:\/\/jornalboasnoticias.com.br\/home\/","logo":{"@type":"ImageObject","inLanguage":"pt-BR","@id":"https:\/\/jornalboasnoticias.com.br\/home\/#\/schema\/logo\/image\/","url":"https:\/\/jornalboasnoticias.com.br\/home\/wp-content\/uploads\/2024\/07\/cropped-logo.jpg","contentUrl":"https:\/\/jornalboasnoticias.com.br\/home\/wp-content\/uploads\/2024\/07\/cropped-logo.jpg","width":290,"height":142,"caption":"Coq Editora Ltda"},"image":{"@id":"https:\/\/jornalboasnoticias.com.br\/home\/#\/schema\/logo\/image\/"},"sameAs":["https:\/\/www.facebook.com\/boasnoticiasjornal"]},{"@type":"Person","@id":"https:\/\/jornalboasnoticias.com.br\/home\/#\/schema\/person\/75f9ebde398c998c166475fb446bda62","name":"Luiz Carlos da Cruz","image":{"@type":"ImageObject","inLanguage":"pt-BR","@id":"https:\/\/secure.gravatar.com\/avatar\/e6f4f45301b6cb8572f7b076572e8ac11c1db80e805d8c8d0858cf286ce3ac3b?s=96&d=mm&r=g","url":"https:\/\/secure.gravatar.com\/avatar\/e6f4f45301b6cb8572f7b076572e8ac11c1db80e805d8c8d0858cf286ce3ac3b?s=96&d=mm&r=g","contentUrl":"https:\/\/secure.gravatar.com\/avatar\/e6f4f45301b6cb8572f7b076572e8ac11c1db80e805d8c8d0858cf286ce3ac3b?s=96&d=mm&r=g","caption":"Luiz Carlos da Cruz"},"url":"https:\/\/jornalboasnoticias.com.br\/home\/author\/luiz-carlos-da-cruz\/"}]}},"_links":{"self":[{"href":"https:\/\/jornalboasnoticias.com.br\/home\/wp-json\/wp\/v2\/posts\/46439","targetHints":{"allow":["GET"]}}],"collection":[{"href":"https:\/\/jornalboasnoticias.com.br\/home\/wp-json\/wp\/v2\/posts"}],"about":[{"href":"https:\/\/jornalboasnoticias.com.br\/home\/wp-json\/wp\/v2\/types\/post"}],"author":[{"embeddable":true,"href":"https:\/\/jornalboasnoticias.com.br\/home\/wp-json\/wp\/v2\/users\/3"}],"replies":[{"embeddable":true,"href":"https:\/\/jornalboasnoticias.com.br\/home\/wp-json\/wp\/v2\/comments?post=46439"}],"version-history":[{"count":1,"href":"https:\/\/jornalboasnoticias.com.br\/home\/wp-json\/wp\/v2\/posts\/46439\/revisions"}],"predecessor-version":[{"id":46440,"href":"https:\/\/jornalboasnoticias.com.br\/home\/wp-json\/wp\/v2\/posts\/46439\/revisions\/46440"}],"wp:featuredmedia":[{"embeddable":true,"href":"https:\/\/jornalboasnoticias.com.br\/home\/wp-json\/wp\/v2\/media\/45872"}],"wp:attachment":[{"href":"https:\/\/jornalboasnoticias.com.br\/home\/wp-json\/wp\/v2\/media?parent=46439"}],"wp:term":[{"taxonomy":"category","embeddable":true,"href":"https:\/\/jornalboasnoticias.com.br\/home\/wp-json\/wp\/v2\/categories?post=46439"},{"taxonomy":"post_tag","embeddable":true,"href":"https:\/\/jornalboasnoticias.com.br\/home\/wp-json\/wp\/v2\/tags?post=46439"}],"curies":[{"name":"wp","href":"https:\/\/api.w.org\/{rel}","templated":true}]}}