{"id":46433,"date":"2025-09-02T02:38:16","date_gmt":"2025-09-02T02:38:16","guid":{"rendered":"https:\/\/jornalboasnoticias.com.br\/home\/?p=46433"},"modified":"2025-09-02T02:38:16","modified_gmt":"2025-09-02T02:38:16","slug":"em-parecer-ao-stf-pgr-defende-que-braga-netto-deve-continuar-preso","status":"publish","type":"post","link":"https:\/\/jornalboasnoticias.com.br\/home\/em-parecer-ao-stf-pgr-defende-que-braga-netto-deve-continuar-preso\/","title":{"rendered":"Em parecer ao STF, PGR defende que Braga Netto deve continuar preso"},"content":{"rendered":"<figure id=\"attachment_46434\" aria-describedby=\"caption-attachment-46434\" style=\"width: 1170px\" class=\"wp-caption alignnone\"><img loading=\"lazy\" decoding=\"async\" class=\"size-full wp-image-46434\" src=\"https:\/\/jornalboasnoticias.com.br\/home\/wp-content\/uploads\/2025\/09\/Braga-Netto.webp\" alt=\"\" width=\"1170\" height=\"700\" srcset=\"https:\/\/jornalboasnoticias.com.br\/home\/wp-content\/uploads\/2025\/09\/Braga-Netto.webp 1170w, https:\/\/jornalboasnoticias.com.br\/home\/wp-content\/uploads\/2025\/09\/Braga-Netto-300x179.webp 300w, https:\/\/jornalboasnoticias.com.br\/home\/wp-content\/uploads\/2025\/09\/Braga-Netto-1024x613.webp 1024w, https:\/\/jornalboasnoticias.com.br\/home\/wp-content\/uploads\/2025\/09\/Braga-Netto-768x459.webp 768w\" sizes=\"auto, (max-width: 1170px) 100vw, 1170px\" \/><figcaption id=\"caption-attachment-46434\" class=\"wp-caption-text\">Foto: Isac N\u00f3brega<\/figcaption><\/figure>\n<p>O procurador-geral da Rep\u00fablica, Paulo Gonet, enviou nesta segunda-feira (1\u00b0), ao Supremo Tribunal Federal (STF), um parecer contr\u00e1rio ao novo pedido de soltura feito pela defesa do general Braga\u00a0Netto.\u00a0<img decoding=\"async\" src=\"https:\/\/agenciabrasil.ebc.com.br\/ebc.png?id=1656684&amp;o=node\" \/><img decoding=\"async\" src=\"https:\/\/agenciabrasil.ebc.com.br\/ebc.gif?id=1656684&amp;o=node\" \/><\/p>\n<p>General da reserva e vice na chapa de Jair Bolsonaro em 2022,\u00a0<strong>o militar est\u00e1 preso desde dezembro do ano passado, sob a acusa\u00e7\u00e3o de obstruir a investiga\u00e7\u00e3o sobre a tentativa de golpe de Estado no pa\u00eds para impedir a posse do presidente Luiz In\u00e1cio Lula da Silva.<\/strong>\u00a0Ele tamb\u00e9m \u00e9 um dos r\u00e9us do n\u00facleo crucial da trama golpista, que ser\u00e1 julgado a partir da desta ter\u00e7a-feira (2).<\/p>\n<p>No m\u00eas passado, o ministro Alexandre de Moraes decidiu manter a pris\u00e3o de Braga\u00a0Netto\u00a0e afirmou que h\u00e1 ind\u00edcios da participa\u00e7\u00e3o do general na tentativa de golpe de Estado durante o governo Bolsonaro.<\/p>\n<p>Em seguida, a defesa do militar da reserva recorreu da decis\u00e3o, e\u00a0o ministro pediu um parecer da PGR antes de decidir sobre\u00a0a quest\u00e3o novamente.<\/p>\n<p><strong>Na manifesta\u00e7\u00e3o, Gonet entendeu a pris\u00e3o do general deve ser mantida.<\/strong>\u00a0\u201cNo mais, reiteram-se as manifesta\u00e7\u00f5es ministeriais de 11.7.2025 e 29.7.2025, no sentido da perman\u00eancia dos motivos que fundamentaram a cust\u00f3dia provis\u00f3ria, ante a aus\u00eancia de fatos novos que alterem o quadro f\u00e1tico-probat\u00f3rio para justificar a revoga\u00e7\u00e3o ou a readequa\u00e7\u00e3o da medida\u201d, afirmou o procurador.<\/p>\n<p>Durante as investiga\u00e7\u00f5es sobre a trama golpista,\u00a0<strong>a Pol\u00edcia Federal identificou que o general, r\u00e9u por ser um dos principais articuladores do plano golpista, tentou obter dados sigilosos da dela\u00e7\u00e3o de Mauro Cid, ex-ajudante de ordens de Bolsonaro.<\/strong><\/p>\n<p>Ap\u00f3s a pris\u00e3o, a defesa negou que Braga\u00a0Netto\u00a0tenha obstru\u00eddo as investiga\u00e7\u00f5es.<\/p>\n<p><strong>Ag\u00eancia Brasil<\/strong><\/p>\n","protected":false},"excerpt":{"rendered":"<p>O procurador-geral da Rep\u00fablica, Paulo Gonet, enviou nesta segunda-feira (1\u00b0), ao Supremo Tribunal Federal (STF),<\/p>\n","protected":false},"author":3,"featured_media":46434,"comment_status":"open","ping_status":"open","sticky":false,"template":"","format":"standard","meta":{"footnotes":""},"categories":[6,3],"tags":[],"class_list":["post-46433","post","type-post","status-publish","format-standard","has-post-thumbnail","hentry","category-brasil","category-destaques"],"yoast_head":"<!-- This site is optimized with the Yoast SEO plugin v27.5 - https:\/\/yoast.com\/product\/yoast-seo-wordpress\/ -->\n<title>Em parecer ao STF, PGR defende que Braga Netto deve continuar preso - Jornal<\/title>\n<meta name=\"description\" content=\"Em parecer ao STF, PGR defende que Braga Netto deve continuar preso\" \/>\n<meta name=\"robots\" content=\"index, follow, max-snippet:-1, max-image-preview:large, max-video-preview:-1\" \/>\n<link rel=\"canonical\" href=\"https:\/\/jornalboasnoticias.com.br\/home\/em-parecer-ao-stf-pgr-defende-que-braga-netto-deve-continuar-preso\/\" \/>\n<meta property=\"og:locale\" content=\"pt_BR\" \/>\n<meta property=\"og:type\" content=\"article\" \/>\n<meta property=\"og:title\" content=\"Em parecer ao STF, PGR defende que Braga Netto deve continuar preso - Jornal\" \/>\n<meta property=\"og:description\" content=\"Em parecer ao STF, PGR defende que Braga Netto deve continuar preso\" \/>\n<meta property=\"og:url\" content=\"https:\/\/jornalboasnoticias.com.br\/home\/em-parecer-ao-stf-pgr-defende-que-braga-netto-deve-continuar-preso\/\" \/>\n<meta property=\"og:site_name\" content=\"Jornal\" \/>\n<meta property=\"article:publisher\" content=\"https:\/\/www.facebook.com\/boasnoticiasjornal\" \/>\n<meta property=\"article:published_time\" content=\"2025-09-02T02:38:16+00:00\" \/>\n<meta property=\"og:image\" content=\"https:\/\/jornalboasnoticias.com.br\/home\/wp-content\/uploads\/2025\/09\/Braga-Netto.webp\" \/>\n\t<meta property=\"og:image:width\" content=\"1170\" \/>\n\t<meta property=\"og:image:height\" content=\"700\" \/>\n\t<meta property=\"og:image:type\" content=\"image\/webp\" \/>\n<meta name=\"author\" content=\"Luiz Carlos da Cruz\" \/>\n<meta name=\"twitter:card\" content=\"summary_large_image\" \/>\n<meta name=\"twitter:label1\" content=\"Escrito por\" \/>\n\t<meta name=\"twitter:data1\" content=\"Luiz Carlos da Cruz\" \/>\n\t<meta name=\"twitter:label2\" content=\"Est. tempo de leitura\" \/>\n\t<meta name=\"twitter:data2\" content=\"3 minutos\" \/>\n<script type=\"application\/ld+json\" class=\"yoast-schema-graph\">{\"@context\":\"https:\\\/\\\/schema.org\",\"@graph\":[{\"@type\":\"Article\",\"@id\":\"https:\\\/\\\/jornalboasnoticias.com.br\\\/home\\\/em-parecer-ao-stf-pgr-defende-que-braga-netto-deve-continuar-preso\\\/#article\",\"isPartOf\":{\"@id\":\"https:\\\/\\\/jornalboasnoticias.com.br\\\/home\\\/em-parecer-ao-stf-pgr-defende-que-braga-netto-deve-continuar-preso\\\/\"},\"author\":{\"name\":\"Luiz Carlos da Cruz\",\"@id\":\"https:\\\/\\\/jornalboasnoticias.com.br\\\/home\\\/#\\\/schema\\\/person\\\/75f9ebde398c998c166475fb446bda62\"},\"headline\":\"Em parecer ao STF, PGR defende que Braga Netto deve continuar preso\",\"datePublished\":\"2025-09-02T02:38:16+00:00\",\"mainEntityOfPage\":{\"@id\":\"https:\\\/\\\/jornalboasnoticias.com.br\\\/home\\\/em-parecer-ao-stf-pgr-defende-que-braga-netto-deve-continuar-preso\\\/\"},\"wordCount\":320,\"commentCount\":0,\"publisher\":{\"@id\":\"https:\\\/\\\/jornalboasnoticias.com.br\\\/home\\\/#organization\"},\"image\":{\"@id\":\"https:\\\/\\\/jornalboasnoticias.com.br\\\/home\\\/em-parecer-ao-stf-pgr-defende-que-braga-netto-deve-continuar-preso\\\/#primaryimage\"},\"thumbnailUrl\":\"https:\\\/\\\/jornalboasnoticias.com.br\\\/home\\\/wp-content\\\/uploads\\\/2025\\\/09\\\/Braga-Netto.webp\",\"articleSection\":[\"BRASIL\",\"DESTAQUE\"],\"inLanguage\":\"pt-BR\",\"potentialAction\":[{\"@type\":\"CommentAction\",\"name\":\"Comment\",\"target\":[\"https:\\\/\\\/jornalboasnoticias.com.br\\\/home\\\/em-parecer-ao-stf-pgr-defende-que-braga-netto-deve-continuar-preso\\\/#respond\"]}]},{\"@type\":\"WebPage\",\"@id\":\"https:\\\/\\\/jornalboasnoticias.com.br\\\/home\\\/em-parecer-ao-stf-pgr-defende-que-braga-netto-deve-continuar-preso\\\/\",\"url\":\"https:\\\/\\\/jornalboasnoticias.com.br\\\/home\\\/em-parecer-ao-stf-pgr-defende-que-braga-netto-deve-continuar-preso\\\/\",\"name\":\"Em parecer ao STF, PGR defende que Braga Netto deve continuar preso - Jornal\",\"isPartOf\":{\"@id\":\"https:\\\/\\\/jornalboasnoticias.com.br\\\/home\\\/#website\"},\"primaryImageOfPage\":{\"@id\":\"https:\\\/\\\/jornalboasnoticias.com.br\\\/home\\\/em-parecer-ao-stf-pgr-defende-que-braga-netto-deve-continuar-preso\\\/#primaryimage\"},\"image\":{\"@id\":\"https:\\\/\\\/jornalboasnoticias.com.br\\\/home\\\/em-parecer-ao-stf-pgr-defende-que-braga-netto-deve-continuar-preso\\\/#primaryimage\"},\"thumbnailUrl\":\"https:\\\/\\\/jornalboasnoticias.com.br\\\/home\\\/wp-content\\\/uploads\\\/2025\\\/09\\\/Braga-Netto.webp\",\"datePublished\":\"2025-09-02T02:38:16+00:00\",\"description\":\"Em parecer ao STF, PGR defende que Braga Netto deve continuar preso\",\"breadcrumb\":{\"@id\":\"https:\\\/\\\/jornalboasnoticias.com.br\\\/home\\\/em-parecer-ao-stf-pgr-defende-que-braga-netto-deve-continuar-preso\\\/#breadcrumb\"},\"inLanguage\":\"pt-BR\",\"potentialAction\":[{\"@type\":\"ReadAction\",\"target\":[\"https:\\\/\\\/jornalboasnoticias.com.br\\\/home\\\/em-parecer-ao-stf-pgr-defende-que-braga-netto-deve-continuar-preso\\\/\"]}]},{\"@type\":\"ImageObject\",\"inLanguage\":\"pt-BR\",\"@id\":\"https:\\\/\\\/jornalboasnoticias.com.br\\\/home\\\/em-parecer-ao-stf-pgr-defende-que-braga-netto-deve-continuar-preso\\\/#primaryimage\",\"url\":\"https:\\\/\\\/jornalboasnoticias.com.br\\\/home\\\/wp-content\\\/uploads\\\/2025\\\/09\\\/Braga-Netto.webp\",\"contentUrl\":\"https:\\\/\\\/jornalboasnoticias.com.br\\\/home\\\/wp-content\\\/uploads\\\/2025\\\/09\\\/Braga-Netto.webp\",\"width\":1170,\"height\":700,\"caption\":\"Foto: Isac N\u00f3brega\"},{\"@type\":\"BreadcrumbList\",\"@id\":\"https:\\\/\\\/jornalboasnoticias.com.br\\\/home\\\/em-parecer-ao-stf-pgr-defende-que-braga-netto-deve-continuar-preso\\\/#breadcrumb\",\"itemListElement\":[{\"@type\":\"ListItem\",\"position\":1,\"name\":\"In\u00edcio\",\"item\":\"https:\\\/\\\/jornalboasnoticias.com.br\\\/home\\\/\"},{\"@type\":\"ListItem\",\"position\":2,\"name\":\"Em parecer ao STF, PGR defende que Braga Netto deve continuar preso\"}]},{\"@type\":\"WebSite\",\"@id\":\"https:\\\/\\\/jornalboasnoticias.com.br\\\/home\\\/#website\",\"url\":\"https:\\\/\\\/jornalboasnoticias.com.br\\\/home\\\/\",\"name\":\"Jornal Boas Not\u00edcias\",\"description\":\"Boas not\u00edcias\",\"publisher\":{\"@id\":\"https:\\\/\\\/jornalboasnoticias.com.br\\\/home\\\/#organization\"},\"potentialAction\":[{\"@type\":\"SearchAction\",\"target\":{\"@type\":\"EntryPoint\",\"urlTemplate\":\"https:\\\/\\\/jornalboasnoticias.com.br\\\/home\\\/?s={search_term_string}\"},\"query-input\":{\"@type\":\"PropertyValueSpecification\",\"valueRequired\":true,\"valueName\":\"search_term_string\"}}],\"inLanguage\":\"pt-BR\"},{\"@type\":\"Organization\",\"@id\":\"https:\\\/\\\/jornalboasnoticias.com.br\\\/home\\\/#organization\",\"name\":\"Coq Editora Ltda\",\"alternateName\":\"Jornal Boas Noticias\",\"url\":\"https:\\\/\\\/jornalboasnoticias.com.br\\\/home\\\/\",\"logo\":{\"@type\":\"ImageObject\",\"inLanguage\":\"pt-BR\",\"@id\":\"https:\\\/\\\/jornalboasnoticias.com.br\\\/home\\\/#\\\/schema\\\/logo\\\/image\\\/\",\"url\":\"https:\\\/\\\/jornalboasnoticias.com.br\\\/home\\\/wp-content\\\/uploads\\\/2024\\\/07\\\/cropped-logo.jpg\",\"contentUrl\":\"https:\\\/\\\/jornalboasnoticias.com.br\\\/home\\\/wp-content\\\/uploads\\\/2024\\\/07\\\/cropped-logo.jpg\",\"width\":290,\"height\":142,\"caption\":\"Coq Editora Ltda\"},\"image\":{\"@id\":\"https:\\\/\\\/jornalboasnoticias.com.br\\\/home\\\/#\\\/schema\\\/logo\\\/image\\\/\"},\"sameAs\":[\"https:\\\/\\\/www.facebook.com\\\/boasnoticiasjornal\"]},{\"@type\":\"Person\",\"@id\":\"https:\\\/\\\/jornalboasnoticias.com.br\\\/home\\\/#\\\/schema\\\/person\\\/75f9ebde398c998c166475fb446bda62\",\"name\":\"Luiz Carlos da Cruz\",\"image\":{\"@type\":\"ImageObject\",\"inLanguage\":\"pt-BR\",\"@id\":\"https:\\\/\\\/secure.gravatar.com\\\/avatar\\\/e6f4f45301b6cb8572f7b076572e8ac11c1db80e805d8c8d0858cf286ce3ac3b?s=96&d=mm&r=g\",\"url\":\"https:\\\/\\\/secure.gravatar.com\\\/avatar\\\/e6f4f45301b6cb8572f7b076572e8ac11c1db80e805d8c8d0858cf286ce3ac3b?s=96&d=mm&r=g\",\"contentUrl\":\"https:\\\/\\\/secure.gravatar.com\\\/avatar\\\/e6f4f45301b6cb8572f7b076572e8ac11c1db80e805d8c8d0858cf286ce3ac3b?s=96&d=mm&r=g\",\"caption\":\"Luiz Carlos da Cruz\"},\"url\":\"https:\\\/\\\/jornalboasnoticias.com.br\\\/home\\\/author\\\/luiz-carlos-da-cruz\\\/\"}]}<\/script>\n<!-- \/ Yoast SEO plugin. -->","yoast_head_json":{"title":"Em parecer ao STF, PGR defende que Braga Netto deve continuar preso - Jornal","description":"Em parecer ao STF, PGR defende que Braga Netto deve continuar preso","robots":{"index":"index","follow":"follow","max-snippet":"max-snippet:-1","max-image-preview":"max-image-preview:large","max-video-preview":"max-video-preview:-1"},"canonical":"https:\/\/jornalboasnoticias.com.br\/home\/em-parecer-ao-stf-pgr-defende-que-braga-netto-deve-continuar-preso\/","og_locale":"pt_BR","og_type":"article","og_title":"Em parecer ao STF, PGR defende que Braga Netto deve continuar preso - Jornal","og_description":"Em parecer ao STF, PGR defende que Braga Netto deve continuar preso","og_url":"https:\/\/jornalboasnoticias.com.br\/home\/em-parecer-ao-stf-pgr-defende-que-braga-netto-deve-continuar-preso\/","og_site_name":"Jornal","article_publisher":"https:\/\/www.facebook.com\/boasnoticiasjornal","article_published_time":"2025-09-02T02:38:16+00:00","og_image":[{"width":1170,"height":700,"url":"https:\/\/jornalboasnoticias.com.br\/home\/wp-content\/uploads\/2025\/09\/Braga-Netto.webp","type":"image\/webp"}],"author":"Luiz Carlos da Cruz","twitter_card":"summary_large_image","twitter_misc":{"Escrito por":"Luiz Carlos da Cruz","Est. tempo de leitura":"3 minutos"},"schema":{"@context":"https:\/\/schema.org","@graph":[{"@type":"Article","@id":"https:\/\/jornalboasnoticias.com.br\/home\/em-parecer-ao-stf-pgr-defende-que-braga-netto-deve-continuar-preso\/#article","isPartOf":{"@id":"https:\/\/jornalboasnoticias.com.br\/home\/em-parecer-ao-stf-pgr-defende-que-braga-netto-deve-continuar-preso\/"},"author":{"name":"Luiz Carlos da Cruz","@id":"https:\/\/jornalboasnoticias.com.br\/home\/#\/schema\/person\/75f9ebde398c998c166475fb446bda62"},"headline":"Em parecer ao STF, PGR defende que Braga Netto deve continuar preso","datePublished":"2025-09-02T02:38:16+00:00","mainEntityOfPage":{"@id":"https:\/\/jornalboasnoticias.com.br\/home\/em-parecer-ao-stf-pgr-defende-que-braga-netto-deve-continuar-preso\/"},"wordCount":320,"commentCount":0,"publisher":{"@id":"https:\/\/jornalboasnoticias.com.br\/home\/#organization"},"image":{"@id":"https:\/\/jornalboasnoticias.com.br\/home\/em-parecer-ao-stf-pgr-defende-que-braga-netto-deve-continuar-preso\/#primaryimage"},"thumbnailUrl":"https:\/\/jornalboasnoticias.com.br\/home\/wp-content\/uploads\/2025\/09\/Braga-Netto.webp","articleSection":["BRASIL","DESTAQUE"],"inLanguage":"pt-BR","potentialAction":[{"@type":"CommentAction","name":"Comment","target":["https:\/\/jornalboasnoticias.com.br\/home\/em-parecer-ao-stf-pgr-defende-que-braga-netto-deve-continuar-preso\/#respond"]}]},{"@type":"WebPage","@id":"https:\/\/jornalboasnoticias.com.br\/home\/em-parecer-ao-stf-pgr-defende-que-braga-netto-deve-continuar-preso\/","url":"https:\/\/jornalboasnoticias.com.br\/home\/em-parecer-ao-stf-pgr-defende-que-braga-netto-deve-continuar-preso\/","name":"Em parecer ao STF, PGR defende que Braga Netto deve continuar preso - Jornal","isPartOf":{"@id":"https:\/\/jornalboasnoticias.com.br\/home\/#website"},"primaryImageOfPage":{"@id":"https:\/\/jornalboasnoticias.com.br\/home\/em-parecer-ao-stf-pgr-defende-que-braga-netto-deve-continuar-preso\/#primaryimage"},"image":{"@id":"https:\/\/jornalboasnoticias.com.br\/home\/em-parecer-ao-stf-pgr-defende-que-braga-netto-deve-continuar-preso\/#primaryimage"},"thumbnailUrl":"https:\/\/jornalboasnoticias.com.br\/home\/wp-content\/uploads\/2025\/09\/Braga-Netto.webp","datePublished":"2025-09-02T02:38:16+00:00","description":"Em parecer ao STF, PGR defende que Braga Netto deve continuar preso","breadcrumb":{"@id":"https:\/\/jornalboasnoticias.com.br\/home\/em-parecer-ao-stf-pgr-defende-que-braga-netto-deve-continuar-preso\/#breadcrumb"},"inLanguage":"pt-BR","potentialAction":[{"@type":"ReadAction","target":["https:\/\/jornalboasnoticias.com.br\/home\/em-parecer-ao-stf-pgr-defende-que-braga-netto-deve-continuar-preso\/"]}]},{"@type":"ImageObject","inLanguage":"pt-BR","@id":"https:\/\/jornalboasnoticias.com.br\/home\/em-parecer-ao-stf-pgr-defende-que-braga-netto-deve-continuar-preso\/#primaryimage","url":"https:\/\/jornalboasnoticias.com.br\/home\/wp-content\/uploads\/2025\/09\/Braga-Netto.webp","contentUrl":"https:\/\/jornalboasnoticias.com.br\/home\/wp-content\/uploads\/2025\/09\/Braga-Netto.webp","width":1170,"height":700,"caption":"Foto: Isac N\u00f3brega"},{"@type":"BreadcrumbList","@id":"https:\/\/jornalboasnoticias.com.br\/home\/em-parecer-ao-stf-pgr-defende-que-braga-netto-deve-continuar-preso\/#breadcrumb","itemListElement":[{"@type":"ListItem","position":1,"name":"In\u00edcio","item":"https:\/\/jornalboasnoticias.com.br\/home\/"},{"@type":"ListItem","position":2,"name":"Em parecer ao STF, PGR defende que Braga Netto deve continuar preso"}]},{"@type":"WebSite","@id":"https:\/\/jornalboasnoticias.com.br\/home\/#website","url":"https:\/\/jornalboasnoticias.com.br\/home\/","name":"Jornal Boas Not\u00edcias","description":"Boas not\u00edcias","publisher":{"@id":"https:\/\/jornalboasnoticias.com.br\/home\/#organization"},"potentialAction":[{"@type":"SearchAction","target":{"@type":"EntryPoint","urlTemplate":"https:\/\/jornalboasnoticias.com.br\/home\/?s={search_term_string}"},"query-input":{"@type":"PropertyValueSpecification","valueRequired":true,"valueName":"search_term_string"}}],"inLanguage":"pt-BR"},{"@type":"Organization","@id":"https:\/\/jornalboasnoticias.com.br\/home\/#organization","name":"Coq Editora Ltda","alternateName":"Jornal Boas Noticias","url":"https:\/\/jornalboasnoticias.com.br\/home\/","logo":{"@type":"ImageObject","inLanguage":"pt-BR","@id":"https:\/\/jornalboasnoticias.com.br\/home\/#\/schema\/logo\/image\/","url":"https:\/\/jornalboasnoticias.com.br\/home\/wp-content\/uploads\/2024\/07\/cropped-logo.jpg","contentUrl":"https:\/\/jornalboasnoticias.com.br\/home\/wp-content\/uploads\/2024\/07\/cropped-logo.jpg","width":290,"height":142,"caption":"Coq Editora Ltda"},"image":{"@id":"https:\/\/jornalboasnoticias.com.br\/home\/#\/schema\/logo\/image\/"},"sameAs":["https:\/\/www.facebook.com\/boasnoticiasjornal"]},{"@type":"Person","@id":"https:\/\/jornalboasnoticias.com.br\/home\/#\/schema\/person\/75f9ebde398c998c166475fb446bda62","name":"Luiz Carlos da Cruz","image":{"@type":"ImageObject","inLanguage":"pt-BR","@id":"https:\/\/secure.gravatar.com\/avatar\/e6f4f45301b6cb8572f7b076572e8ac11c1db80e805d8c8d0858cf286ce3ac3b?s=96&d=mm&r=g","url":"https:\/\/secure.gravatar.com\/avatar\/e6f4f45301b6cb8572f7b076572e8ac11c1db80e805d8c8d0858cf286ce3ac3b?s=96&d=mm&r=g","contentUrl":"https:\/\/secure.gravatar.com\/avatar\/e6f4f45301b6cb8572f7b076572e8ac11c1db80e805d8c8d0858cf286ce3ac3b?s=96&d=mm&r=g","caption":"Luiz Carlos da Cruz"},"url":"https:\/\/jornalboasnoticias.com.br\/home\/author\/luiz-carlos-da-cruz\/"}]}},"_links":{"self":[{"href":"https:\/\/jornalboasnoticias.com.br\/home\/wp-json\/wp\/v2\/posts\/46433","targetHints":{"allow":["GET"]}}],"collection":[{"href":"https:\/\/jornalboasnoticias.com.br\/home\/wp-json\/wp\/v2\/posts"}],"about":[{"href":"https:\/\/jornalboasnoticias.com.br\/home\/wp-json\/wp\/v2\/types\/post"}],"author":[{"embeddable":true,"href":"https:\/\/jornalboasnoticias.com.br\/home\/wp-json\/wp\/v2\/users\/3"}],"replies":[{"embeddable":true,"href":"https:\/\/jornalboasnoticias.com.br\/home\/wp-json\/wp\/v2\/comments?post=46433"}],"version-history":[{"count":1,"href":"https:\/\/jornalboasnoticias.com.br\/home\/wp-json\/wp\/v2\/posts\/46433\/revisions"}],"predecessor-version":[{"id":46435,"href":"https:\/\/jornalboasnoticias.com.br\/home\/wp-json\/wp\/v2\/posts\/46433\/revisions\/46435"}],"wp:featuredmedia":[{"embeddable":true,"href":"https:\/\/jornalboasnoticias.com.br\/home\/wp-json\/wp\/v2\/media\/46434"}],"wp:attachment":[{"href":"https:\/\/jornalboasnoticias.com.br\/home\/wp-json\/wp\/v2\/media?parent=46433"}],"wp:term":[{"taxonomy":"category","embeddable":true,"href":"https:\/\/jornalboasnoticias.com.br\/home\/wp-json\/wp\/v2\/categories?post=46433"},{"taxonomy":"post_tag","embeddable":true,"href":"https:\/\/jornalboasnoticias.com.br\/home\/wp-json\/wp\/v2\/tags?post=46433"}],"curies":[{"name":"wp","href":"https:\/\/api.w.org\/{rel}","templated":true}]}}