{"id":46430,"date":"2025-09-02T02:33:56","date_gmt":"2025-09-02T02:33:56","guid":{"rendered":"https:\/\/jornalboasnoticias.com.br\/home\/?p=46430"},"modified":"2025-09-02T02:33:56","modified_gmt":"2025-09-02T02:33:56","slug":"eliminatorias-brasil-inicia-preparacao-para-jogo-contra-o-chile","status":"publish","type":"post","link":"https:\/\/jornalboasnoticias.com.br\/home\/eliminatorias-brasil-inicia-preparacao-para-jogo-contra-o-chile\/","title":{"rendered":"Eliminat\u00f3rias: Brasil inicia prepara\u00e7\u00e3o para jogo contra o Chile"},"content":{"rendered":"<figure id=\"attachment_46431\" aria-describedby=\"caption-attachment-46431\" style=\"width: 760px\" class=\"wp-caption alignnone\"><img loading=\"lazy\" decoding=\"async\" class=\"size-full wp-image-46431\" src=\"https:\/\/jornalboasnoticias.com.br\/home\/wp-content\/uploads\/2025\/09\/54758608917_54122740ce_o-scaled-e1756780405898.jpg\" alt=\"\" width=\"760\" height=\"509\" \/><figcaption id=\"caption-attachment-46431\" class=\"wp-caption-text\">Foto: Rafael Ribeiro\/CBF<\/figcaption><\/figure>\n<p>A sele\u00e7\u00e3o brasileira iniciou, nesta segunda-feira (1) na Granja Comary, em Teres\u00f3polis, a prepara\u00e7\u00e3o para o jogo contra o Chile. O confronto, que ser\u00e1 realizado\u00a0a partir das 21h30 (hor\u00e1rio de Bras\u00edlia) da pr\u00f3xima quinta-feira (4) no est\u00e1dio do Maracan\u00e3, vale pela 17\u00aa, e pen\u00faltima, rodada das Eliminat\u00f3rias Sul-Americanas para a Copa do Mundo.<img decoding=\"async\" src=\"https:\/\/agenciabrasil.ebc.com.br\/ebc.png?id=1656680&amp;o=node\" \/><img decoding=\"async\" src=\"https:\/\/agenciabrasil.ebc.com.br\/ebc.gif?id=1656680&amp;o=node\" \/><\/p>\n<p>Na atividade realizada nesta segunda, o t\u00e9cnico italiano Carlo Ancelotti n\u00e3o p\u00f4de contar com cinco jogadores, que ainda n\u00e3o se apresentaram: Alisson, Caio Henrique, Gabriel Magalh\u00e3es, Raphinha e Gabriel Martinelli.<\/p>\n<p>Al\u00e9m disso, Jean Lucas, Lucas Paquet\u00e1 e Samuel Lino, que estiveram em a\u00e7\u00e3o no \u00faltimo domingo (31), n\u00e3o foram a campo e realizaram apenas atividades regenerativas.<\/p>\n<p>Um dos jogadores a participar do treinamento foi o atacante Est\u00eav\u00e3o. Segundo o atleta do Chelsea (Inglaterra), o Brasil deve esperar dificuldades tanto diante do Chile como da Bol\u00edvia, advers\u00e1ria que a sele\u00e7\u00e3o encara na pr\u00f3xima semana nos\u00a04.150 metros de\u00a0altitude de El Alto: \u201cS\u00e3o partidas bem dif\u00edceis. Contra o Chile, estaremos ao lado da nossa torcida no Maracan\u00e3, o que ser\u00e1 importante para a gente. E na Bol\u00edvia tem a altitude, vamos dar o nosso m\u00e1ximo, claro que nunca \u00e9 f\u00e1cil jogar l\u00e1. Mas, se Deus quiser, tudo correr\u00e1 bem\u201d.<\/p>\n<p>Independentemente do resultado, o jogo contra o Chile ser\u00e1 especial, pois marcar\u00e1 a despedida da sele\u00e7\u00e3o brasileira do p\u00fablico nacional em 2025, al\u00e9m de ser o primeiro compromisso do t\u00e9cnico\u00a0Carlo Ancelotti \u00e0 frente do Brasil no Maracan\u00e3.<\/p>\n<p><strong>Ag\u00eancia Brasil<\/strong><\/p>\n","protected":false},"excerpt":{"rendered":"<p>A sele\u00e7\u00e3o brasileira iniciou, nesta segunda-feira (1) na Granja Comary, em Teres\u00f3polis, a prepara\u00e7\u00e3o para<\/p>\n","protected":false},"author":3,"featured_media":46431,"comment_status":"open","ping_status":"open","sticky":false,"template":"","format":"standard","meta":{"footnotes":""},"categories":[3,31],"tags":[],"class_list":["post-46430","post","type-post","status-publish","format-standard","has-post-thumbnail","hentry","category-destaques","category-esporte"],"yoast_head":"<!-- This site is optimized with the Yoast SEO plugin v27.5 - https:\/\/yoast.com\/product\/yoast-seo-wordpress\/ -->\n<title>Eliminat\u00f3rias: Brasil inicia prepara\u00e7\u00e3o para jogo contra o Chile - Jornal<\/title>\n<meta name=\"description\" content=\"Eliminat\u00f3rias: Brasil inicia prepara\u00e7\u00e3o para jogo contra o Chile\" \/>\n<meta name=\"robots\" content=\"index, follow, max-snippet:-1, max-image-preview:large, max-video-preview:-1\" \/>\n<link rel=\"canonical\" href=\"https:\/\/jornalboasnoticias.com.br\/home\/eliminatorias-brasil-inicia-preparacao-para-jogo-contra-o-chile\/\" \/>\n<meta property=\"og:locale\" content=\"pt_BR\" \/>\n<meta property=\"og:type\" content=\"article\" \/>\n<meta property=\"og:title\" content=\"Eliminat\u00f3rias: Brasil inicia prepara\u00e7\u00e3o para jogo contra o Chile - Jornal\" \/>\n<meta property=\"og:description\" content=\"Eliminat\u00f3rias: Brasil inicia prepara\u00e7\u00e3o para jogo contra o Chile\" \/>\n<meta property=\"og:url\" content=\"https:\/\/jornalboasnoticias.com.br\/home\/eliminatorias-brasil-inicia-preparacao-para-jogo-contra-o-chile\/\" \/>\n<meta property=\"og:site_name\" content=\"Jornal\" \/>\n<meta property=\"article:publisher\" content=\"https:\/\/www.facebook.com\/boasnoticiasjornal\" \/>\n<meta property=\"article:published_time\" content=\"2025-09-02T02:33:56+00:00\" \/>\n<meta property=\"og:image\" content=\"https:\/\/jornalboasnoticias.com.br\/home\/wp-content\/uploads\/2025\/09\/54758608917_54122740ce_o-scaled-e1756780405898.jpg\" \/>\n\t<meta property=\"og:image:width\" content=\"760\" \/>\n\t<meta property=\"og:image:height\" content=\"509\" \/>\n\t<meta property=\"og:image:type\" content=\"image\/jpeg\" \/>\n<meta name=\"author\" content=\"Luiz Carlos da Cruz\" \/>\n<meta name=\"twitter:card\" content=\"summary_large_image\" \/>\n<meta name=\"twitter:label1\" content=\"Escrito por\" \/>\n\t<meta name=\"twitter:data1\" content=\"Luiz Carlos da Cruz\" \/>\n\t<meta name=\"twitter:label2\" content=\"Est. tempo de leitura\" \/>\n\t<meta name=\"twitter:data2\" content=\"3 minutos\" \/>\n<script type=\"application\/ld+json\" class=\"yoast-schema-graph\">{\"@context\":\"https:\\\/\\\/schema.org\",\"@graph\":[{\"@type\":\"Article\",\"@id\":\"https:\\\/\\\/jornalboasnoticias.com.br\\\/home\\\/eliminatorias-brasil-inicia-preparacao-para-jogo-contra-o-chile\\\/#article\",\"isPartOf\":{\"@id\":\"https:\\\/\\\/jornalboasnoticias.com.br\\\/home\\\/eliminatorias-brasil-inicia-preparacao-para-jogo-contra-o-chile\\\/\"},\"author\":{\"name\":\"Luiz Carlos da Cruz\",\"@id\":\"https:\\\/\\\/jornalboasnoticias.com.br\\\/home\\\/#\\\/schema\\\/person\\\/75f9ebde398c998c166475fb446bda62\"},\"headline\":\"Eliminat\u00f3rias: Brasil inicia prepara\u00e7\u00e3o para jogo contra o Chile\",\"datePublished\":\"2025-09-02T02:33:56+00:00\",\"mainEntityOfPage\":{\"@id\":\"https:\\\/\\\/jornalboasnoticias.com.br\\\/home\\\/eliminatorias-brasil-inicia-preparacao-para-jogo-contra-o-chile\\\/\"},\"wordCount\":289,\"commentCount\":0,\"publisher\":{\"@id\":\"https:\\\/\\\/jornalboasnoticias.com.br\\\/home\\\/#organization\"},\"image\":{\"@id\":\"https:\\\/\\\/jornalboasnoticias.com.br\\\/home\\\/eliminatorias-brasil-inicia-preparacao-para-jogo-contra-o-chile\\\/#primaryimage\"},\"thumbnailUrl\":\"https:\\\/\\\/jornalboasnoticias.com.br\\\/home\\\/wp-content\\\/uploads\\\/2025\\\/09\\\/54758608917_54122740ce_o-scaled-e1756780405898.jpg\",\"articleSection\":[\"DESTAQUE\",\"ESPORTE\"],\"inLanguage\":\"pt-BR\",\"potentialAction\":[{\"@type\":\"CommentAction\",\"name\":\"Comment\",\"target\":[\"https:\\\/\\\/jornalboasnoticias.com.br\\\/home\\\/eliminatorias-brasil-inicia-preparacao-para-jogo-contra-o-chile\\\/#respond\"]}]},{\"@type\":\"WebPage\",\"@id\":\"https:\\\/\\\/jornalboasnoticias.com.br\\\/home\\\/eliminatorias-brasil-inicia-preparacao-para-jogo-contra-o-chile\\\/\",\"url\":\"https:\\\/\\\/jornalboasnoticias.com.br\\\/home\\\/eliminatorias-brasil-inicia-preparacao-para-jogo-contra-o-chile\\\/\",\"name\":\"Eliminat\u00f3rias: Brasil inicia prepara\u00e7\u00e3o para jogo contra o Chile - Jornal\",\"isPartOf\":{\"@id\":\"https:\\\/\\\/jornalboasnoticias.com.br\\\/home\\\/#website\"},\"primaryImageOfPage\":{\"@id\":\"https:\\\/\\\/jornalboasnoticias.com.br\\\/home\\\/eliminatorias-brasil-inicia-preparacao-para-jogo-contra-o-chile\\\/#primaryimage\"},\"image\":{\"@id\":\"https:\\\/\\\/jornalboasnoticias.com.br\\\/home\\\/eliminatorias-brasil-inicia-preparacao-para-jogo-contra-o-chile\\\/#primaryimage\"},\"thumbnailUrl\":\"https:\\\/\\\/jornalboasnoticias.com.br\\\/home\\\/wp-content\\\/uploads\\\/2025\\\/09\\\/54758608917_54122740ce_o-scaled-e1756780405898.jpg\",\"datePublished\":\"2025-09-02T02:33:56+00:00\",\"description\":\"Eliminat\u00f3rias: Brasil inicia prepara\u00e7\u00e3o para jogo contra o Chile\",\"breadcrumb\":{\"@id\":\"https:\\\/\\\/jornalboasnoticias.com.br\\\/home\\\/eliminatorias-brasil-inicia-preparacao-para-jogo-contra-o-chile\\\/#breadcrumb\"},\"inLanguage\":\"pt-BR\",\"potentialAction\":[{\"@type\":\"ReadAction\",\"target\":[\"https:\\\/\\\/jornalboasnoticias.com.br\\\/home\\\/eliminatorias-brasil-inicia-preparacao-para-jogo-contra-o-chile\\\/\"]}]},{\"@type\":\"ImageObject\",\"inLanguage\":\"pt-BR\",\"@id\":\"https:\\\/\\\/jornalboasnoticias.com.br\\\/home\\\/eliminatorias-brasil-inicia-preparacao-para-jogo-contra-o-chile\\\/#primaryimage\",\"url\":\"https:\\\/\\\/jornalboasnoticias.com.br\\\/home\\\/wp-content\\\/uploads\\\/2025\\\/09\\\/54758608917_54122740ce_o-scaled-e1756780405898.jpg\",\"contentUrl\":\"https:\\\/\\\/jornalboasnoticias.com.br\\\/home\\\/wp-content\\\/uploads\\\/2025\\\/09\\\/54758608917_54122740ce_o-scaled-e1756780405898.jpg\",\"width\":760,\"height\":509,\"caption\":\"Foto: Rafael Ribeiro\\\/CBF\"},{\"@type\":\"BreadcrumbList\",\"@id\":\"https:\\\/\\\/jornalboasnoticias.com.br\\\/home\\\/eliminatorias-brasil-inicia-preparacao-para-jogo-contra-o-chile\\\/#breadcrumb\",\"itemListElement\":[{\"@type\":\"ListItem\",\"position\":1,\"name\":\"In\u00edcio\",\"item\":\"https:\\\/\\\/jornalboasnoticias.com.br\\\/home\\\/\"},{\"@type\":\"ListItem\",\"position\":2,\"name\":\"Eliminat\u00f3rias: Brasil inicia prepara\u00e7\u00e3o para jogo contra o Chile\"}]},{\"@type\":\"WebSite\",\"@id\":\"https:\\\/\\\/jornalboasnoticias.com.br\\\/home\\\/#website\",\"url\":\"https:\\\/\\\/jornalboasnoticias.com.br\\\/home\\\/\",\"name\":\"Jornal Boas Not\u00edcias\",\"description\":\"Boas not\u00edcias\",\"publisher\":{\"@id\":\"https:\\\/\\\/jornalboasnoticias.com.br\\\/home\\\/#organization\"},\"potentialAction\":[{\"@type\":\"SearchAction\",\"target\":{\"@type\":\"EntryPoint\",\"urlTemplate\":\"https:\\\/\\\/jornalboasnoticias.com.br\\\/home\\\/?s={search_term_string}\"},\"query-input\":{\"@type\":\"PropertyValueSpecification\",\"valueRequired\":true,\"valueName\":\"search_term_string\"}}],\"inLanguage\":\"pt-BR\"},{\"@type\":\"Organization\",\"@id\":\"https:\\\/\\\/jornalboasnoticias.com.br\\\/home\\\/#organization\",\"name\":\"Coq Editora Ltda\",\"alternateName\":\"Jornal Boas Noticias\",\"url\":\"https:\\\/\\\/jornalboasnoticias.com.br\\\/home\\\/\",\"logo\":{\"@type\":\"ImageObject\",\"inLanguage\":\"pt-BR\",\"@id\":\"https:\\\/\\\/jornalboasnoticias.com.br\\\/home\\\/#\\\/schema\\\/logo\\\/image\\\/\",\"url\":\"https:\\\/\\\/jornalboasnoticias.com.br\\\/home\\\/wp-content\\\/uploads\\\/2024\\\/07\\\/cropped-logo.jpg\",\"contentUrl\":\"https:\\\/\\\/jornalboasnoticias.com.br\\\/home\\\/wp-content\\\/uploads\\\/2024\\\/07\\\/cropped-logo.jpg\",\"width\":290,\"height\":142,\"caption\":\"Coq Editora Ltda\"},\"image\":{\"@id\":\"https:\\\/\\\/jornalboasnoticias.com.br\\\/home\\\/#\\\/schema\\\/logo\\\/image\\\/\"},\"sameAs\":[\"https:\\\/\\\/www.facebook.com\\\/boasnoticiasjornal\"]},{\"@type\":\"Person\",\"@id\":\"https:\\\/\\\/jornalboasnoticias.com.br\\\/home\\\/#\\\/schema\\\/person\\\/75f9ebde398c998c166475fb446bda62\",\"name\":\"Luiz Carlos da Cruz\",\"image\":{\"@type\":\"ImageObject\",\"inLanguage\":\"pt-BR\",\"@id\":\"https:\\\/\\\/secure.gravatar.com\\\/avatar\\\/e6f4f45301b6cb8572f7b076572e8ac11c1db80e805d8c8d0858cf286ce3ac3b?s=96&d=mm&r=g\",\"url\":\"https:\\\/\\\/secure.gravatar.com\\\/avatar\\\/e6f4f45301b6cb8572f7b076572e8ac11c1db80e805d8c8d0858cf286ce3ac3b?s=96&d=mm&r=g\",\"contentUrl\":\"https:\\\/\\\/secure.gravatar.com\\\/avatar\\\/e6f4f45301b6cb8572f7b076572e8ac11c1db80e805d8c8d0858cf286ce3ac3b?s=96&d=mm&r=g\",\"caption\":\"Luiz Carlos da Cruz\"},\"url\":\"https:\\\/\\\/jornalboasnoticias.com.br\\\/home\\\/author\\\/luiz-carlos-da-cruz\\\/\"}]}<\/script>\n<!-- \/ Yoast SEO plugin. -->","yoast_head_json":{"title":"Eliminat\u00f3rias: Brasil inicia prepara\u00e7\u00e3o para jogo contra o Chile - Jornal","description":"Eliminat\u00f3rias: Brasil inicia prepara\u00e7\u00e3o para jogo contra o Chile","robots":{"index":"index","follow":"follow","max-snippet":"max-snippet:-1","max-image-preview":"max-image-preview:large","max-video-preview":"max-video-preview:-1"},"canonical":"https:\/\/jornalboasnoticias.com.br\/home\/eliminatorias-brasil-inicia-preparacao-para-jogo-contra-o-chile\/","og_locale":"pt_BR","og_type":"article","og_title":"Eliminat\u00f3rias: Brasil inicia prepara\u00e7\u00e3o para jogo contra o Chile - Jornal","og_description":"Eliminat\u00f3rias: Brasil inicia prepara\u00e7\u00e3o para jogo contra o Chile","og_url":"https:\/\/jornalboasnoticias.com.br\/home\/eliminatorias-brasil-inicia-preparacao-para-jogo-contra-o-chile\/","og_site_name":"Jornal","article_publisher":"https:\/\/www.facebook.com\/boasnoticiasjornal","article_published_time":"2025-09-02T02:33:56+00:00","og_image":[{"width":760,"height":509,"url":"https:\/\/jornalboasnoticias.com.br\/home\/wp-content\/uploads\/2025\/09\/54758608917_54122740ce_o-scaled-e1756780405898.jpg","type":"image\/jpeg"}],"author":"Luiz Carlos da Cruz","twitter_card":"summary_large_image","twitter_misc":{"Escrito por":"Luiz Carlos da Cruz","Est. tempo de leitura":"3 minutos"},"schema":{"@context":"https:\/\/schema.org","@graph":[{"@type":"Article","@id":"https:\/\/jornalboasnoticias.com.br\/home\/eliminatorias-brasil-inicia-preparacao-para-jogo-contra-o-chile\/#article","isPartOf":{"@id":"https:\/\/jornalboasnoticias.com.br\/home\/eliminatorias-brasil-inicia-preparacao-para-jogo-contra-o-chile\/"},"author":{"name":"Luiz Carlos da Cruz","@id":"https:\/\/jornalboasnoticias.com.br\/home\/#\/schema\/person\/75f9ebde398c998c166475fb446bda62"},"headline":"Eliminat\u00f3rias: Brasil inicia prepara\u00e7\u00e3o para jogo contra o Chile","datePublished":"2025-09-02T02:33:56+00:00","mainEntityOfPage":{"@id":"https:\/\/jornalboasnoticias.com.br\/home\/eliminatorias-brasil-inicia-preparacao-para-jogo-contra-o-chile\/"},"wordCount":289,"commentCount":0,"publisher":{"@id":"https:\/\/jornalboasnoticias.com.br\/home\/#organization"},"image":{"@id":"https:\/\/jornalboasnoticias.com.br\/home\/eliminatorias-brasil-inicia-preparacao-para-jogo-contra-o-chile\/#primaryimage"},"thumbnailUrl":"https:\/\/jornalboasnoticias.com.br\/home\/wp-content\/uploads\/2025\/09\/54758608917_54122740ce_o-scaled-e1756780405898.jpg","articleSection":["DESTAQUE","ESPORTE"],"inLanguage":"pt-BR","potentialAction":[{"@type":"CommentAction","name":"Comment","target":["https:\/\/jornalboasnoticias.com.br\/home\/eliminatorias-brasil-inicia-preparacao-para-jogo-contra-o-chile\/#respond"]}]},{"@type":"WebPage","@id":"https:\/\/jornalboasnoticias.com.br\/home\/eliminatorias-brasil-inicia-preparacao-para-jogo-contra-o-chile\/","url":"https:\/\/jornalboasnoticias.com.br\/home\/eliminatorias-brasil-inicia-preparacao-para-jogo-contra-o-chile\/","name":"Eliminat\u00f3rias: Brasil inicia prepara\u00e7\u00e3o para jogo contra o Chile - Jornal","isPartOf":{"@id":"https:\/\/jornalboasnoticias.com.br\/home\/#website"},"primaryImageOfPage":{"@id":"https:\/\/jornalboasnoticias.com.br\/home\/eliminatorias-brasil-inicia-preparacao-para-jogo-contra-o-chile\/#primaryimage"},"image":{"@id":"https:\/\/jornalboasnoticias.com.br\/home\/eliminatorias-brasil-inicia-preparacao-para-jogo-contra-o-chile\/#primaryimage"},"thumbnailUrl":"https:\/\/jornalboasnoticias.com.br\/home\/wp-content\/uploads\/2025\/09\/54758608917_54122740ce_o-scaled-e1756780405898.jpg","datePublished":"2025-09-02T02:33:56+00:00","description":"Eliminat\u00f3rias: Brasil inicia prepara\u00e7\u00e3o para jogo contra o Chile","breadcrumb":{"@id":"https:\/\/jornalboasnoticias.com.br\/home\/eliminatorias-brasil-inicia-preparacao-para-jogo-contra-o-chile\/#breadcrumb"},"inLanguage":"pt-BR","potentialAction":[{"@type":"ReadAction","target":["https:\/\/jornalboasnoticias.com.br\/home\/eliminatorias-brasil-inicia-preparacao-para-jogo-contra-o-chile\/"]}]},{"@type":"ImageObject","inLanguage":"pt-BR","@id":"https:\/\/jornalboasnoticias.com.br\/home\/eliminatorias-brasil-inicia-preparacao-para-jogo-contra-o-chile\/#primaryimage","url":"https:\/\/jornalboasnoticias.com.br\/home\/wp-content\/uploads\/2025\/09\/54758608917_54122740ce_o-scaled-e1756780405898.jpg","contentUrl":"https:\/\/jornalboasnoticias.com.br\/home\/wp-content\/uploads\/2025\/09\/54758608917_54122740ce_o-scaled-e1756780405898.jpg","width":760,"height":509,"caption":"Foto: Rafael Ribeiro\/CBF"},{"@type":"BreadcrumbList","@id":"https:\/\/jornalboasnoticias.com.br\/home\/eliminatorias-brasil-inicia-preparacao-para-jogo-contra-o-chile\/#breadcrumb","itemListElement":[{"@type":"ListItem","position":1,"name":"In\u00edcio","item":"https:\/\/jornalboasnoticias.com.br\/home\/"},{"@type":"ListItem","position":2,"name":"Eliminat\u00f3rias: Brasil inicia prepara\u00e7\u00e3o para jogo contra o Chile"}]},{"@type":"WebSite","@id":"https:\/\/jornalboasnoticias.com.br\/home\/#website","url":"https:\/\/jornalboasnoticias.com.br\/home\/","name":"Jornal Boas Not\u00edcias","description":"Boas not\u00edcias","publisher":{"@id":"https:\/\/jornalboasnoticias.com.br\/home\/#organization"},"potentialAction":[{"@type":"SearchAction","target":{"@type":"EntryPoint","urlTemplate":"https:\/\/jornalboasnoticias.com.br\/home\/?s={search_term_string}"},"query-input":{"@type":"PropertyValueSpecification","valueRequired":true,"valueName":"search_term_string"}}],"inLanguage":"pt-BR"},{"@type":"Organization","@id":"https:\/\/jornalboasnoticias.com.br\/home\/#organization","name":"Coq Editora Ltda","alternateName":"Jornal Boas Noticias","url":"https:\/\/jornalboasnoticias.com.br\/home\/","logo":{"@type":"ImageObject","inLanguage":"pt-BR","@id":"https:\/\/jornalboasnoticias.com.br\/home\/#\/schema\/logo\/image\/","url":"https:\/\/jornalboasnoticias.com.br\/home\/wp-content\/uploads\/2024\/07\/cropped-logo.jpg","contentUrl":"https:\/\/jornalboasnoticias.com.br\/home\/wp-content\/uploads\/2024\/07\/cropped-logo.jpg","width":290,"height":142,"caption":"Coq Editora Ltda"},"image":{"@id":"https:\/\/jornalboasnoticias.com.br\/home\/#\/schema\/logo\/image\/"},"sameAs":["https:\/\/www.facebook.com\/boasnoticiasjornal"]},{"@type":"Person","@id":"https:\/\/jornalboasnoticias.com.br\/home\/#\/schema\/person\/75f9ebde398c998c166475fb446bda62","name":"Luiz Carlos da Cruz","image":{"@type":"ImageObject","inLanguage":"pt-BR","@id":"https:\/\/secure.gravatar.com\/avatar\/e6f4f45301b6cb8572f7b076572e8ac11c1db80e805d8c8d0858cf286ce3ac3b?s=96&d=mm&r=g","url":"https:\/\/secure.gravatar.com\/avatar\/e6f4f45301b6cb8572f7b076572e8ac11c1db80e805d8c8d0858cf286ce3ac3b?s=96&d=mm&r=g","contentUrl":"https:\/\/secure.gravatar.com\/avatar\/e6f4f45301b6cb8572f7b076572e8ac11c1db80e805d8c8d0858cf286ce3ac3b?s=96&d=mm&r=g","caption":"Luiz Carlos da Cruz"},"url":"https:\/\/jornalboasnoticias.com.br\/home\/author\/luiz-carlos-da-cruz\/"}]}},"_links":{"self":[{"href":"https:\/\/jornalboasnoticias.com.br\/home\/wp-json\/wp\/v2\/posts\/46430","targetHints":{"allow":["GET"]}}],"collection":[{"href":"https:\/\/jornalboasnoticias.com.br\/home\/wp-json\/wp\/v2\/posts"}],"about":[{"href":"https:\/\/jornalboasnoticias.com.br\/home\/wp-json\/wp\/v2\/types\/post"}],"author":[{"embeddable":true,"href":"https:\/\/jornalboasnoticias.com.br\/home\/wp-json\/wp\/v2\/users\/3"}],"replies":[{"embeddable":true,"href":"https:\/\/jornalboasnoticias.com.br\/home\/wp-json\/wp\/v2\/comments?post=46430"}],"version-history":[{"count":1,"href":"https:\/\/jornalboasnoticias.com.br\/home\/wp-json\/wp\/v2\/posts\/46430\/revisions"}],"predecessor-version":[{"id":46432,"href":"https:\/\/jornalboasnoticias.com.br\/home\/wp-json\/wp\/v2\/posts\/46430\/revisions\/46432"}],"wp:featuredmedia":[{"embeddable":true,"href":"https:\/\/jornalboasnoticias.com.br\/home\/wp-json\/wp\/v2\/media\/46431"}],"wp:attachment":[{"href":"https:\/\/jornalboasnoticias.com.br\/home\/wp-json\/wp\/v2\/media?parent=46430"}],"wp:term":[{"taxonomy":"category","embeddable":true,"href":"https:\/\/jornalboasnoticias.com.br\/home\/wp-json\/wp\/v2\/categories?post=46430"},{"taxonomy":"post_tag","embeddable":true,"href":"https:\/\/jornalboasnoticias.com.br\/home\/wp-json\/wp\/v2\/tags?post=46430"}],"curies":[{"name":"wp","href":"https:\/\/api.w.org\/{rel}","templated":true}]}}