{"id":46425,"date":"2025-08-11T19:08:53","date_gmt":"2025-08-11T19:08:53","guid":{"rendered":"https:\/\/jornalboasnoticias.com.br\/home\/?p=46425"},"modified":"2025-08-11T19:08:53","modified_gmt":"2025-08-11T19:08:53","slug":"mapa-de-calor-aponta-locais-de-maior-concentracao-de-pessoas-em-situacao-de-vulnerabilidade-em-cascavel","status":"publish","type":"post","link":"https:\/\/jornalboasnoticias.com.br\/home\/mapa-de-calor-aponta-locais-de-maior-concentracao-de-pessoas-em-situacao-de-vulnerabilidade-em-cascavel\/","title":{"rendered":"Mapa de calor aponta locais de maior concentra\u00e7\u00e3o de pessoas em situa\u00e7\u00e3o de vulnerabilidade em Cascavel"},"content":{"rendered":"<blockquote>\n<p style=\"text-align: center;\">Ferramenta foi desenvolvida pela govtech catarinense IPM Sistemas e j\u00e1 est\u00e1 em opera\u00e7\u00e3o h\u00e1 tr\u00eas meses na cidade<\/p>\n<\/blockquote>\n<p><img loading=\"lazy\" decoding=\"async\" class=\"aligncenter wp-image-46426 size-full\" src=\"https:\/\/jornalboasnoticias.com.br\/home\/wp-content\/uploads\/2025\/08\/c0bd4e74-f8b0-4573-a4fd-57058a047fd1.jpeg\" alt=\"\" width=\"1280\" height=\"719\" srcset=\"https:\/\/jornalboasnoticias.com.br\/home\/wp-content\/uploads\/2025\/08\/c0bd4e74-f8b0-4573-a4fd-57058a047fd1.jpeg 1280w, https:\/\/jornalboasnoticias.com.br\/home\/wp-content\/uploads\/2025\/08\/c0bd4e74-f8b0-4573-a4fd-57058a047fd1-300x169.jpeg 300w, https:\/\/jornalboasnoticias.com.br\/home\/wp-content\/uploads\/2025\/08\/c0bd4e74-f8b0-4573-a4fd-57058a047fd1-1024x575.jpeg 1024w, https:\/\/jornalboasnoticias.com.br\/home\/wp-content\/uploads\/2025\/08\/c0bd4e74-f8b0-4573-a4fd-57058a047fd1-768x431.jpeg 768w\" sizes=\"auto, (max-width: 1280px) 100vw, 1280px\" \/><br \/>\nIdentificar quem vive na rua ou em situa\u00e7\u00e3o de vulnerabilidade social \u00e9 um desafio que muitas prefeituras ainda enfrentam. Em Cascavel (PR), uma nova estrat\u00e9gia est\u00e1 mudando esse cen\u00e1rio: um sistema que usa mapas de calor para direcionar equipes de abordagem social para os pontos com maior concentra\u00e7\u00e3o de pessoas nessa situa\u00e7\u00e3o.<\/p>\n<p>A ferramenta, desenvolvida pela catarinense IPM Sistemas, est\u00e1 em uso h\u00e1 pouco mais de tr\u00eas meses e j\u00e1 mostrou resultados. \u201cDesde abril, mais de 1.100 ocorr\u00eancias foram registradas no aplicativo. Isso facilita o trabalho dos educadores sociais e das equipes de abordagem\u201d, afirma Mariele Ruschel, coordenadora da Vigil\u00e2ncia Socioassistencial da cidade.<\/p>\n<p>Antes, as equipes se baseavam em relatos verbais; agora, cada atendimento \u00e9 georreferenciado, gerando relat\u00f3rios sobre as \u00e1reas cr\u00edticas. Um simples toque no celular mostra onde est\u00e3o as pessoas mais necessitadas e ajuda a tri\u00e1\u2011las, agilizando o encaminhamento para estruturas de acolhimento tempor\u00e1rio, servi\u00e7os de sa\u00fade ou emiss\u00e3o de documentos. Cascavel tem atendido um n\u00famero crescente de estrangeiros, especialmente argentinos e venezuelanos: de janeiro a junho deste ano, foram 429 pessoas.<\/p>\n<p>O mapa de calor \u00e9 apenas uma das funcionalidades do sistema. Ele tamb\u00e9m gera mapas cartogr\u00e1ficos e relat\u00f3rios gerenciais que, al\u00e9m de orientar as equipes, ajudam na tomada de decis\u00f5es. No centro da cidade, por exemplo, a concentra\u00e7\u00e3o de pessoas em situa\u00e7\u00e3o de rua \u00e9 a maior \u2013 um dado que agora aparece claramente nos relat\u00f3rios.<\/p>\n<h2>Sobre a IPM Sistemas<\/h2>\n<p>Com tr\u00eas d\u00e9cadas de mercado, a IPM \u00e9 especializada em tecnologia para a administra\u00e7\u00e3o p\u00fablica. Seu ecossistema de gest\u00e3o, que usa intelig\u00eancia artificial, alcan\u00e7a mais de 30 milh\u00f5es de brasileiros, permitindo cerca de 150 milh\u00f5es de autoatendimentos por ano e economizando cerca de R$ 8 bilh\u00f5es aos cofres p\u00fablicos com a digitaliza\u00e7\u00e3o de processos. A empresa, sediada em Florian\u00f3polis, mant\u00e9m um centro de tecnologia em Rio do Sul e conta com mais de 800 colaboradores. Reconhecida pela cultura de diversidade, ostenta os selos Great Place to Work e foi eleita uma das empresas mais inovadoras do Sul em 2023 e 2024.<\/p>\n","protected":false},"excerpt":{"rendered":"<p>Ferramenta foi desenvolvida pela govtech catarinense IPM Sistemas e j\u00e1 est\u00e1 em opera\u00e7\u00e3o h\u00e1 tr\u00eas<\/p>\n","protected":false},"author":3,"featured_media":46426,"comment_status":"open","ping_status":"open","sticky":false,"template":"","format":"standard","meta":{"footnotes":""},"categories":[2,3],"tags":[],"class_list":["post-46425","post","type-post","status-publish","format-standard","has-post-thumbnail","hentry","category-cascavel","category-destaques"],"yoast_head":"<!-- This site is optimized with the Yoast SEO plugin v27.5 - https:\/\/yoast.com\/product\/yoast-seo-wordpress\/ -->\n<title>Mapa de calor aponta locais de maior concentra\u00e7\u00e3o de pessoas em situa\u00e7\u00e3o de vulnerabilidade em Cascavel - Jornal<\/title>\n<meta name=\"description\" content=\"Mapa de calor aponta locais de maior concentra\u00e7\u00e3o de pessoas em situa\u00e7\u00e3o de vulnerabilidade em Cascavel\" \/>\n<meta name=\"robots\" content=\"index, follow, max-snippet:-1, max-image-preview:large, max-video-preview:-1\" \/>\n<link rel=\"canonical\" href=\"https:\/\/jornalboasnoticias.com.br\/home\/mapa-de-calor-aponta-locais-de-maior-concentracao-de-pessoas-em-situacao-de-vulnerabilidade-em-cascavel\/\" \/>\n<meta property=\"og:locale\" content=\"pt_BR\" \/>\n<meta property=\"og:type\" content=\"article\" \/>\n<meta property=\"og:title\" content=\"Mapa de calor aponta locais de maior concentra\u00e7\u00e3o de pessoas em situa\u00e7\u00e3o de vulnerabilidade em Cascavel - Jornal\" \/>\n<meta property=\"og:description\" content=\"Mapa de calor aponta locais de maior concentra\u00e7\u00e3o de pessoas em situa\u00e7\u00e3o de vulnerabilidade em Cascavel\" \/>\n<meta property=\"og:url\" content=\"https:\/\/jornalboasnoticias.com.br\/home\/mapa-de-calor-aponta-locais-de-maior-concentracao-de-pessoas-em-situacao-de-vulnerabilidade-em-cascavel\/\" \/>\n<meta property=\"og:site_name\" content=\"Jornal\" \/>\n<meta property=\"article:publisher\" content=\"https:\/\/www.facebook.com\/boasnoticiasjornal\" \/>\n<meta property=\"article:published_time\" content=\"2025-08-11T19:08:53+00:00\" \/>\n<meta property=\"og:image\" content=\"https:\/\/jornalboasnoticias.com.br\/home\/wp-content\/uploads\/2025\/08\/c0bd4e74-f8b0-4573-a4fd-57058a047fd1.jpeg\" \/>\n\t<meta property=\"og:image:width\" content=\"1280\" \/>\n\t<meta property=\"og:image:height\" content=\"719\" \/>\n\t<meta property=\"og:image:type\" content=\"image\/jpeg\" \/>\n<meta name=\"author\" content=\"Luiz Carlos da Cruz\" \/>\n<meta name=\"twitter:card\" content=\"summary_large_image\" \/>\n<meta name=\"twitter:label1\" content=\"Escrito por\" \/>\n\t<meta name=\"twitter:data1\" content=\"Luiz Carlos da Cruz\" \/>\n\t<meta name=\"twitter:label2\" content=\"Est. tempo de leitura\" \/>\n\t<meta name=\"twitter:data2\" content=\"3 minutos\" \/>\n<script type=\"application\/ld+json\" class=\"yoast-schema-graph\">{\"@context\":\"https:\\\/\\\/schema.org\",\"@graph\":[{\"@type\":\"Article\",\"@id\":\"https:\\\/\\\/jornalboasnoticias.com.br\\\/home\\\/mapa-de-calor-aponta-locais-de-maior-concentracao-de-pessoas-em-situacao-de-vulnerabilidade-em-cascavel\\\/#article\",\"isPartOf\":{\"@id\":\"https:\\\/\\\/jornalboasnoticias.com.br\\\/home\\\/mapa-de-calor-aponta-locais-de-maior-concentracao-de-pessoas-em-situacao-de-vulnerabilidade-em-cascavel\\\/\"},\"author\":{\"name\":\"Luiz Carlos da Cruz\",\"@id\":\"https:\\\/\\\/jornalboasnoticias.com.br\\\/home\\\/#\\\/schema\\\/person\\\/75f9ebde398c998c166475fb446bda62\"},\"headline\":\"Mapa de calor aponta locais de maior concentra\u00e7\u00e3o de pessoas em situa\u00e7\u00e3o de vulnerabilidade em Cascavel\",\"datePublished\":\"2025-08-11T19:08:53+00:00\",\"mainEntityOfPage\":{\"@id\":\"https:\\\/\\\/jornalboasnoticias.com.br\\\/home\\\/mapa-de-calor-aponta-locais-de-maior-concentracao-de-pessoas-em-situacao-de-vulnerabilidade-em-cascavel\\\/\"},\"wordCount\":398,\"commentCount\":0,\"publisher\":{\"@id\":\"https:\\\/\\\/jornalboasnoticias.com.br\\\/home\\\/#organization\"},\"image\":{\"@id\":\"https:\\\/\\\/jornalboasnoticias.com.br\\\/home\\\/mapa-de-calor-aponta-locais-de-maior-concentracao-de-pessoas-em-situacao-de-vulnerabilidade-em-cascavel\\\/#primaryimage\"},\"thumbnailUrl\":\"https:\\\/\\\/jornalboasnoticias.com.br\\\/home\\\/wp-content\\\/uploads\\\/2025\\\/08\\\/c0bd4e74-f8b0-4573-a4fd-57058a047fd1.jpeg\",\"articleSection\":[\"CASCAVEL\",\"DESTAQUE\"],\"inLanguage\":\"pt-BR\",\"potentialAction\":[{\"@type\":\"CommentAction\",\"name\":\"Comment\",\"target\":[\"https:\\\/\\\/jornalboasnoticias.com.br\\\/home\\\/mapa-de-calor-aponta-locais-de-maior-concentracao-de-pessoas-em-situacao-de-vulnerabilidade-em-cascavel\\\/#respond\"]}]},{\"@type\":\"WebPage\",\"@id\":\"https:\\\/\\\/jornalboasnoticias.com.br\\\/home\\\/mapa-de-calor-aponta-locais-de-maior-concentracao-de-pessoas-em-situacao-de-vulnerabilidade-em-cascavel\\\/\",\"url\":\"https:\\\/\\\/jornalboasnoticias.com.br\\\/home\\\/mapa-de-calor-aponta-locais-de-maior-concentracao-de-pessoas-em-situacao-de-vulnerabilidade-em-cascavel\\\/\",\"name\":\"Mapa de calor aponta locais de maior concentra\u00e7\u00e3o de pessoas em situa\u00e7\u00e3o de vulnerabilidade em Cascavel - Jornal\",\"isPartOf\":{\"@id\":\"https:\\\/\\\/jornalboasnoticias.com.br\\\/home\\\/#website\"},\"primaryImageOfPage\":{\"@id\":\"https:\\\/\\\/jornalboasnoticias.com.br\\\/home\\\/mapa-de-calor-aponta-locais-de-maior-concentracao-de-pessoas-em-situacao-de-vulnerabilidade-em-cascavel\\\/#primaryimage\"},\"image\":{\"@id\":\"https:\\\/\\\/jornalboasnoticias.com.br\\\/home\\\/mapa-de-calor-aponta-locais-de-maior-concentracao-de-pessoas-em-situacao-de-vulnerabilidade-em-cascavel\\\/#primaryimage\"},\"thumbnailUrl\":\"https:\\\/\\\/jornalboasnoticias.com.br\\\/home\\\/wp-content\\\/uploads\\\/2025\\\/08\\\/c0bd4e74-f8b0-4573-a4fd-57058a047fd1.jpeg\",\"datePublished\":\"2025-08-11T19:08:53+00:00\",\"description\":\"Mapa de calor aponta locais de maior concentra\u00e7\u00e3o de pessoas em situa\u00e7\u00e3o de vulnerabilidade em Cascavel\",\"breadcrumb\":{\"@id\":\"https:\\\/\\\/jornalboasnoticias.com.br\\\/home\\\/mapa-de-calor-aponta-locais-de-maior-concentracao-de-pessoas-em-situacao-de-vulnerabilidade-em-cascavel\\\/#breadcrumb\"},\"inLanguage\":\"pt-BR\",\"potentialAction\":[{\"@type\":\"ReadAction\",\"target\":[\"https:\\\/\\\/jornalboasnoticias.com.br\\\/home\\\/mapa-de-calor-aponta-locais-de-maior-concentracao-de-pessoas-em-situacao-de-vulnerabilidade-em-cascavel\\\/\"]}]},{\"@type\":\"ImageObject\",\"inLanguage\":\"pt-BR\",\"@id\":\"https:\\\/\\\/jornalboasnoticias.com.br\\\/home\\\/mapa-de-calor-aponta-locais-de-maior-concentracao-de-pessoas-em-situacao-de-vulnerabilidade-em-cascavel\\\/#primaryimage\",\"url\":\"https:\\\/\\\/jornalboasnoticias.com.br\\\/home\\\/wp-content\\\/uploads\\\/2025\\\/08\\\/c0bd4e74-f8b0-4573-a4fd-57058a047fd1.jpeg\",\"contentUrl\":\"https:\\\/\\\/jornalboasnoticias.com.br\\\/home\\\/wp-content\\\/uploads\\\/2025\\\/08\\\/c0bd4e74-f8b0-4573-a4fd-57058a047fd1.jpeg\",\"width\":1280,\"height\":719},{\"@type\":\"BreadcrumbList\",\"@id\":\"https:\\\/\\\/jornalboasnoticias.com.br\\\/home\\\/mapa-de-calor-aponta-locais-de-maior-concentracao-de-pessoas-em-situacao-de-vulnerabilidade-em-cascavel\\\/#breadcrumb\",\"itemListElement\":[{\"@type\":\"ListItem\",\"position\":1,\"name\":\"In\u00edcio\",\"item\":\"https:\\\/\\\/jornalboasnoticias.com.br\\\/home\\\/\"},{\"@type\":\"ListItem\",\"position\":2,\"name\":\"Mapa de calor aponta locais de maior concentra\u00e7\u00e3o de pessoas em situa\u00e7\u00e3o de vulnerabilidade em Cascavel\"}]},{\"@type\":\"WebSite\",\"@id\":\"https:\\\/\\\/jornalboasnoticias.com.br\\\/home\\\/#website\",\"url\":\"https:\\\/\\\/jornalboasnoticias.com.br\\\/home\\\/\",\"name\":\"Jornal Boas Not\u00edcias\",\"description\":\"Boas not\u00edcias\",\"publisher\":{\"@id\":\"https:\\\/\\\/jornalboasnoticias.com.br\\\/home\\\/#organization\"},\"potentialAction\":[{\"@type\":\"SearchAction\",\"target\":{\"@type\":\"EntryPoint\",\"urlTemplate\":\"https:\\\/\\\/jornalboasnoticias.com.br\\\/home\\\/?s={search_term_string}\"},\"query-input\":{\"@type\":\"PropertyValueSpecification\",\"valueRequired\":true,\"valueName\":\"search_term_string\"}}],\"inLanguage\":\"pt-BR\"},{\"@type\":\"Organization\",\"@id\":\"https:\\\/\\\/jornalboasnoticias.com.br\\\/home\\\/#organization\",\"name\":\"Coq Editora Ltda\",\"alternateName\":\"Jornal Boas Noticias\",\"url\":\"https:\\\/\\\/jornalboasnoticias.com.br\\\/home\\\/\",\"logo\":{\"@type\":\"ImageObject\",\"inLanguage\":\"pt-BR\",\"@id\":\"https:\\\/\\\/jornalboasnoticias.com.br\\\/home\\\/#\\\/schema\\\/logo\\\/image\\\/\",\"url\":\"https:\\\/\\\/jornalboasnoticias.com.br\\\/home\\\/wp-content\\\/uploads\\\/2024\\\/07\\\/cropped-logo.jpg\",\"contentUrl\":\"https:\\\/\\\/jornalboasnoticias.com.br\\\/home\\\/wp-content\\\/uploads\\\/2024\\\/07\\\/cropped-logo.jpg\",\"width\":290,\"height\":142,\"caption\":\"Coq Editora Ltda\"},\"image\":{\"@id\":\"https:\\\/\\\/jornalboasnoticias.com.br\\\/home\\\/#\\\/schema\\\/logo\\\/image\\\/\"},\"sameAs\":[\"https:\\\/\\\/www.facebook.com\\\/boasnoticiasjornal\"]},{\"@type\":\"Person\",\"@id\":\"https:\\\/\\\/jornalboasnoticias.com.br\\\/home\\\/#\\\/schema\\\/person\\\/75f9ebde398c998c166475fb446bda62\",\"name\":\"Luiz Carlos da Cruz\",\"image\":{\"@type\":\"ImageObject\",\"inLanguage\":\"pt-BR\",\"@id\":\"https:\\\/\\\/secure.gravatar.com\\\/avatar\\\/e6f4f45301b6cb8572f7b076572e8ac11c1db80e805d8c8d0858cf286ce3ac3b?s=96&d=mm&r=g\",\"url\":\"https:\\\/\\\/secure.gravatar.com\\\/avatar\\\/e6f4f45301b6cb8572f7b076572e8ac11c1db80e805d8c8d0858cf286ce3ac3b?s=96&d=mm&r=g\",\"contentUrl\":\"https:\\\/\\\/secure.gravatar.com\\\/avatar\\\/e6f4f45301b6cb8572f7b076572e8ac11c1db80e805d8c8d0858cf286ce3ac3b?s=96&d=mm&r=g\",\"caption\":\"Luiz Carlos da Cruz\"},\"url\":\"https:\\\/\\\/jornalboasnoticias.com.br\\\/home\\\/author\\\/luiz-carlos-da-cruz\\\/\"}]}<\/script>\n<!-- \/ Yoast SEO plugin. -->","yoast_head_json":{"title":"Mapa de calor aponta locais de maior concentra\u00e7\u00e3o de pessoas em situa\u00e7\u00e3o de vulnerabilidade em Cascavel - Jornal","description":"Mapa de calor aponta locais de maior concentra\u00e7\u00e3o de pessoas em situa\u00e7\u00e3o de vulnerabilidade em Cascavel","robots":{"index":"index","follow":"follow","max-snippet":"max-snippet:-1","max-image-preview":"max-image-preview:large","max-video-preview":"max-video-preview:-1"},"canonical":"https:\/\/jornalboasnoticias.com.br\/home\/mapa-de-calor-aponta-locais-de-maior-concentracao-de-pessoas-em-situacao-de-vulnerabilidade-em-cascavel\/","og_locale":"pt_BR","og_type":"article","og_title":"Mapa de calor aponta locais de maior concentra\u00e7\u00e3o de pessoas em situa\u00e7\u00e3o de vulnerabilidade em Cascavel - Jornal","og_description":"Mapa de calor aponta locais de maior concentra\u00e7\u00e3o de pessoas em situa\u00e7\u00e3o de vulnerabilidade em Cascavel","og_url":"https:\/\/jornalboasnoticias.com.br\/home\/mapa-de-calor-aponta-locais-de-maior-concentracao-de-pessoas-em-situacao-de-vulnerabilidade-em-cascavel\/","og_site_name":"Jornal","article_publisher":"https:\/\/www.facebook.com\/boasnoticiasjornal","article_published_time":"2025-08-11T19:08:53+00:00","og_image":[{"width":1280,"height":719,"url":"https:\/\/jornalboasnoticias.com.br\/home\/wp-content\/uploads\/2025\/08\/c0bd4e74-f8b0-4573-a4fd-57058a047fd1.jpeg","type":"image\/jpeg"}],"author":"Luiz Carlos da Cruz","twitter_card":"summary_large_image","twitter_misc":{"Escrito por":"Luiz Carlos da Cruz","Est. tempo de leitura":"3 minutos"},"schema":{"@context":"https:\/\/schema.org","@graph":[{"@type":"Article","@id":"https:\/\/jornalboasnoticias.com.br\/home\/mapa-de-calor-aponta-locais-de-maior-concentracao-de-pessoas-em-situacao-de-vulnerabilidade-em-cascavel\/#article","isPartOf":{"@id":"https:\/\/jornalboasnoticias.com.br\/home\/mapa-de-calor-aponta-locais-de-maior-concentracao-de-pessoas-em-situacao-de-vulnerabilidade-em-cascavel\/"},"author":{"name":"Luiz Carlos da Cruz","@id":"https:\/\/jornalboasnoticias.com.br\/home\/#\/schema\/person\/75f9ebde398c998c166475fb446bda62"},"headline":"Mapa de calor aponta locais de maior concentra\u00e7\u00e3o de pessoas em situa\u00e7\u00e3o de vulnerabilidade em Cascavel","datePublished":"2025-08-11T19:08:53+00:00","mainEntityOfPage":{"@id":"https:\/\/jornalboasnoticias.com.br\/home\/mapa-de-calor-aponta-locais-de-maior-concentracao-de-pessoas-em-situacao-de-vulnerabilidade-em-cascavel\/"},"wordCount":398,"commentCount":0,"publisher":{"@id":"https:\/\/jornalboasnoticias.com.br\/home\/#organization"},"image":{"@id":"https:\/\/jornalboasnoticias.com.br\/home\/mapa-de-calor-aponta-locais-de-maior-concentracao-de-pessoas-em-situacao-de-vulnerabilidade-em-cascavel\/#primaryimage"},"thumbnailUrl":"https:\/\/jornalboasnoticias.com.br\/home\/wp-content\/uploads\/2025\/08\/c0bd4e74-f8b0-4573-a4fd-57058a047fd1.jpeg","articleSection":["CASCAVEL","DESTAQUE"],"inLanguage":"pt-BR","potentialAction":[{"@type":"CommentAction","name":"Comment","target":["https:\/\/jornalboasnoticias.com.br\/home\/mapa-de-calor-aponta-locais-de-maior-concentracao-de-pessoas-em-situacao-de-vulnerabilidade-em-cascavel\/#respond"]}]},{"@type":"WebPage","@id":"https:\/\/jornalboasnoticias.com.br\/home\/mapa-de-calor-aponta-locais-de-maior-concentracao-de-pessoas-em-situacao-de-vulnerabilidade-em-cascavel\/","url":"https:\/\/jornalboasnoticias.com.br\/home\/mapa-de-calor-aponta-locais-de-maior-concentracao-de-pessoas-em-situacao-de-vulnerabilidade-em-cascavel\/","name":"Mapa de calor aponta locais de maior concentra\u00e7\u00e3o de pessoas em situa\u00e7\u00e3o de vulnerabilidade em Cascavel - Jornal","isPartOf":{"@id":"https:\/\/jornalboasnoticias.com.br\/home\/#website"},"primaryImageOfPage":{"@id":"https:\/\/jornalboasnoticias.com.br\/home\/mapa-de-calor-aponta-locais-de-maior-concentracao-de-pessoas-em-situacao-de-vulnerabilidade-em-cascavel\/#primaryimage"},"image":{"@id":"https:\/\/jornalboasnoticias.com.br\/home\/mapa-de-calor-aponta-locais-de-maior-concentracao-de-pessoas-em-situacao-de-vulnerabilidade-em-cascavel\/#primaryimage"},"thumbnailUrl":"https:\/\/jornalboasnoticias.com.br\/home\/wp-content\/uploads\/2025\/08\/c0bd4e74-f8b0-4573-a4fd-57058a047fd1.jpeg","datePublished":"2025-08-11T19:08:53+00:00","description":"Mapa de calor aponta locais de maior concentra\u00e7\u00e3o de pessoas em situa\u00e7\u00e3o de vulnerabilidade em Cascavel","breadcrumb":{"@id":"https:\/\/jornalboasnoticias.com.br\/home\/mapa-de-calor-aponta-locais-de-maior-concentracao-de-pessoas-em-situacao-de-vulnerabilidade-em-cascavel\/#breadcrumb"},"inLanguage":"pt-BR","potentialAction":[{"@type":"ReadAction","target":["https:\/\/jornalboasnoticias.com.br\/home\/mapa-de-calor-aponta-locais-de-maior-concentracao-de-pessoas-em-situacao-de-vulnerabilidade-em-cascavel\/"]}]},{"@type":"ImageObject","inLanguage":"pt-BR","@id":"https:\/\/jornalboasnoticias.com.br\/home\/mapa-de-calor-aponta-locais-de-maior-concentracao-de-pessoas-em-situacao-de-vulnerabilidade-em-cascavel\/#primaryimage","url":"https:\/\/jornalboasnoticias.com.br\/home\/wp-content\/uploads\/2025\/08\/c0bd4e74-f8b0-4573-a4fd-57058a047fd1.jpeg","contentUrl":"https:\/\/jornalboasnoticias.com.br\/home\/wp-content\/uploads\/2025\/08\/c0bd4e74-f8b0-4573-a4fd-57058a047fd1.jpeg","width":1280,"height":719},{"@type":"BreadcrumbList","@id":"https:\/\/jornalboasnoticias.com.br\/home\/mapa-de-calor-aponta-locais-de-maior-concentracao-de-pessoas-em-situacao-de-vulnerabilidade-em-cascavel\/#breadcrumb","itemListElement":[{"@type":"ListItem","position":1,"name":"In\u00edcio","item":"https:\/\/jornalboasnoticias.com.br\/home\/"},{"@type":"ListItem","position":2,"name":"Mapa de calor aponta locais de maior concentra\u00e7\u00e3o de pessoas em situa\u00e7\u00e3o de vulnerabilidade em Cascavel"}]},{"@type":"WebSite","@id":"https:\/\/jornalboasnoticias.com.br\/home\/#website","url":"https:\/\/jornalboasnoticias.com.br\/home\/","name":"Jornal Boas Not\u00edcias","description":"Boas not\u00edcias","publisher":{"@id":"https:\/\/jornalboasnoticias.com.br\/home\/#organization"},"potentialAction":[{"@type":"SearchAction","target":{"@type":"EntryPoint","urlTemplate":"https:\/\/jornalboasnoticias.com.br\/home\/?s={search_term_string}"},"query-input":{"@type":"PropertyValueSpecification","valueRequired":true,"valueName":"search_term_string"}}],"inLanguage":"pt-BR"},{"@type":"Organization","@id":"https:\/\/jornalboasnoticias.com.br\/home\/#organization","name":"Coq Editora Ltda","alternateName":"Jornal Boas Noticias","url":"https:\/\/jornalboasnoticias.com.br\/home\/","logo":{"@type":"ImageObject","inLanguage":"pt-BR","@id":"https:\/\/jornalboasnoticias.com.br\/home\/#\/schema\/logo\/image\/","url":"https:\/\/jornalboasnoticias.com.br\/home\/wp-content\/uploads\/2024\/07\/cropped-logo.jpg","contentUrl":"https:\/\/jornalboasnoticias.com.br\/home\/wp-content\/uploads\/2024\/07\/cropped-logo.jpg","width":290,"height":142,"caption":"Coq Editora Ltda"},"image":{"@id":"https:\/\/jornalboasnoticias.com.br\/home\/#\/schema\/logo\/image\/"},"sameAs":["https:\/\/www.facebook.com\/boasnoticiasjornal"]},{"@type":"Person","@id":"https:\/\/jornalboasnoticias.com.br\/home\/#\/schema\/person\/75f9ebde398c998c166475fb446bda62","name":"Luiz Carlos da Cruz","image":{"@type":"ImageObject","inLanguage":"pt-BR","@id":"https:\/\/secure.gravatar.com\/avatar\/e6f4f45301b6cb8572f7b076572e8ac11c1db80e805d8c8d0858cf286ce3ac3b?s=96&d=mm&r=g","url":"https:\/\/secure.gravatar.com\/avatar\/e6f4f45301b6cb8572f7b076572e8ac11c1db80e805d8c8d0858cf286ce3ac3b?s=96&d=mm&r=g","contentUrl":"https:\/\/secure.gravatar.com\/avatar\/e6f4f45301b6cb8572f7b076572e8ac11c1db80e805d8c8d0858cf286ce3ac3b?s=96&d=mm&r=g","caption":"Luiz Carlos da Cruz"},"url":"https:\/\/jornalboasnoticias.com.br\/home\/author\/luiz-carlos-da-cruz\/"}]}},"_links":{"self":[{"href":"https:\/\/jornalboasnoticias.com.br\/home\/wp-json\/wp\/v2\/posts\/46425","targetHints":{"allow":["GET"]}}],"collection":[{"href":"https:\/\/jornalboasnoticias.com.br\/home\/wp-json\/wp\/v2\/posts"}],"about":[{"href":"https:\/\/jornalboasnoticias.com.br\/home\/wp-json\/wp\/v2\/types\/post"}],"author":[{"embeddable":true,"href":"https:\/\/jornalboasnoticias.com.br\/home\/wp-json\/wp\/v2\/users\/3"}],"replies":[{"embeddable":true,"href":"https:\/\/jornalboasnoticias.com.br\/home\/wp-json\/wp\/v2\/comments?post=46425"}],"version-history":[{"count":1,"href":"https:\/\/jornalboasnoticias.com.br\/home\/wp-json\/wp\/v2\/posts\/46425\/revisions"}],"predecessor-version":[{"id":46427,"href":"https:\/\/jornalboasnoticias.com.br\/home\/wp-json\/wp\/v2\/posts\/46425\/revisions\/46427"}],"wp:featuredmedia":[{"embeddable":true,"href":"https:\/\/jornalboasnoticias.com.br\/home\/wp-json\/wp\/v2\/media\/46426"}],"wp:attachment":[{"href":"https:\/\/jornalboasnoticias.com.br\/home\/wp-json\/wp\/v2\/media?parent=46425"}],"wp:term":[{"taxonomy":"category","embeddable":true,"href":"https:\/\/jornalboasnoticias.com.br\/home\/wp-json\/wp\/v2\/categories?post=46425"},{"taxonomy":"post_tag","embeddable":true,"href":"https:\/\/jornalboasnoticias.com.br\/home\/wp-json\/wp\/v2\/tags?post=46425"}],"curies":[{"name":"wp","href":"https:\/\/api.w.org\/{rel}","templated":true}]}}