{"id":46422,"date":"2025-08-11T00:09:55","date_gmt":"2025-08-11T00:09:55","guid":{"rendered":"https:\/\/jornalboasnoticias.com.br\/home\/?p=46422"},"modified":"2025-08-11T00:09:55","modified_gmt":"2025-08-11T00:09:55","slug":"sul-e-sudeste-comecam-semana-com-frio-alerta-de-seca-no-centro-oeste","status":"publish","type":"post","link":"https:\/\/jornalboasnoticias.com.br\/home\/sul-e-sudeste-comecam-semana-com-frio-alerta-de-seca-no-centro-oeste\/","title":{"rendered":"Sul e Sudeste come\u00e7am semana com frio; alerta de seca no Centro-Oeste"},"content":{"rendered":"<figure id=\"attachment_46423\" aria-describedby=\"caption-attachment-46423\" style=\"width: 1170px\" class=\"wp-caption alignnone\"><img loading=\"lazy\" decoding=\"async\" class=\"size-full wp-image-46423\" src=\"https:\/\/jornalboasnoticias.com.br\/home\/wp-content\/uploads\/2025\/08\/frio.webp\" alt=\"\" width=\"1170\" height=\"700\" srcset=\"https:\/\/jornalboasnoticias.com.br\/home\/wp-content\/uploads\/2025\/08\/frio.webp 1170w, https:\/\/jornalboasnoticias.com.br\/home\/wp-content\/uploads\/2025\/08\/frio-300x179.webp 300w, https:\/\/jornalboasnoticias.com.br\/home\/wp-content\/uploads\/2025\/08\/frio-1024x613.webp 1024w, https:\/\/jornalboasnoticias.com.br\/home\/wp-content\/uploads\/2025\/08\/frio-768x459.webp 768w\" sizes=\"auto, (max-width: 1170px) 100vw, 1170px\" \/><figcaption id=\"caption-attachment-46423\" class=\"wp-caption-text\">Marcelo Camargo\/Ag\u00eancia Brasil<\/figcaption><\/figure>\n<p>Depois de um final de semana com frio intenso em cidades do Sul e Sudeste, as temperaturas devem continuar em baixa. No Rio Grande do Sul, chegou a cair neve em algumas cidades no \u00faltimo s\u00e1bado.<img decoding=\"async\" src=\"https:\/\/agenciabrasil.ebc.com.br\/ebc.png?id=1653933&amp;o=node\" \/><img decoding=\"async\" src=\"https:\/\/agenciabrasil.ebc.com.br\/ebc.gif?id=1653933&amp;o=node\" \/><\/p>\n<p>Pelas previs\u00f5es do Instituto Nacional e Meteorologia (Inmet),\u00a0a temperatura pode chegar a 3\u00ba C em \u00e1reas do estado ga\u00facho e de Santa Catarina, com forte chance de geada.<\/p>\n<p>O frio tamb\u00e9m deve se intensificar em cidades do Sudeste, Centro-Oeste e at\u00e9 mesmo Nordeste.<\/p>\n<p><strong>Na regi\u00e3o central do pa\u00eds, o alerta \u00e9 para seca, com umidade relativa do ar variando entre 30% e 20%.\u00a0<\/strong><\/p>\n<p>Nessas \u00e1reas, \u00e9 fundamental beber bastante l\u00edquido e evitar desgaste f\u00edsico nas horas mais secas.<\/p>\n<p>J\u00e1 na Regi\u00e3o Norte, as chuvas devem aumentar. As \u00e1reas mais afetadas ser\u00e3o\u00a0Norte de Roraima, Centro Amazonense, Sudoeste Amazonense, Norte Amazonense, Sul Amazonense e Sul de Roraima.<\/p>\n<h2>S\u00e3o Paulo<\/h2>\n<p>O domingo (10) foi de c\u00e9u nublado e encoberto com sensa\u00e7\u00e3o de frio na capital paulista, com a temperatura m\u00e9dia de 13,4\u00b0C na capital paulista. O vento \u00famido e frio que sopra do mar, associado \u00e0 massa de ar polar manteve o c\u00e9u encoberto e as temperaturas baixas. Com isso, a Defesa Civil municipal mant\u00e9m a cidade em estado de alerta para baixas temperaturas desde o dia 22 de junho.<\/p>\n<p>Segundo os meteorologistas do Centro de Gerenciamento de Emerg\u00eancias (CGE) da prefeitura, o ar frio e seco permanece sobre a regi\u00e3o metropolitana de S\u00e3o Paulo, mantendo as noites, madrugadas e primeiras horas da manh\u00e3 frias. O predom\u00ednio de sol vai favorecer a gradual eleva\u00e7\u00e3o das temperaturas durante as tardes e n\u00e3o h\u00e1 previs\u00e3o de chuva.<\/p>\n<p>A segunda-feira (11) come\u00e7a com muitas nuvens com o surgimento de sol predominante pela manh\u00e3. Os term\u00f4metros oscilam entre a m\u00ednima de 9\u00b0C e a m\u00e1xima de 17\u00b0C. O dia vai terminar com aumento de nuvens e sensa\u00e7\u00e3o de frio. A ter\u00e7a-feira (12) tem previs\u00e3o de forma\u00e7\u00e3o de n\u00e9voa \u00famida e muitas nuvens entre a madrugada e o amanhecer. A nebulosidade se dissipa ainda pela manh\u00e3, com predom\u00ednio de sol e eleva\u00e7\u00e3o de temperatura. A temperatura m\u00ednima \u00e9 de 9\u00b0C e a m\u00e1xima de 20\u00b0C. Umidade do ar em decl\u00ednio, com percentuais m\u00ednimos em torno dos 40% \u00e0 tarde.<\/p>\n<p><strong>Ag\u00eancia Brasil<\/strong><\/p>\n","protected":false},"excerpt":{"rendered":"<p>Depois de um final de semana com frio intenso em cidades do Sul e Sudeste,<\/p>\n","protected":false},"author":3,"featured_media":46423,"comment_status":"open","ping_status":"open","sticky":false,"template":"","format":"standard","meta":{"footnotes":""},"categories":[6],"tags":[],"class_list":["post-46422","post","type-post","status-publish","format-standard","has-post-thumbnail","hentry","category-brasil"],"yoast_head":"<!-- This site is optimized with the Yoast SEO plugin v27.5 - https:\/\/yoast.com\/product\/yoast-seo-wordpress\/ -->\n<title>Sul e Sudeste come\u00e7am semana com frio; alerta de seca no Centro-Oeste - Jornal<\/title>\n<meta name=\"description\" content=\"Sul e Sudeste come\u00e7am semana com frio; alerta de seca no Centro-Oeste\" \/>\n<meta name=\"robots\" content=\"index, follow, max-snippet:-1, max-image-preview:large, max-video-preview:-1\" \/>\n<link rel=\"canonical\" href=\"https:\/\/jornalboasnoticias.com.br\/home\/sul-e-sudeste-comecam-semana-com-frio-alerta-de-seca-no-centro-oeste\/\" \/>\n<meta property=\"og:locale\" content=\"pt_BR\" \/>\n<meta property=\"og:type\" content=\"article\" \/>\n<meta property=\"og:title\" content=\"Sul e Sudeste come\u00e7am semana com frio; alerta de seca no Centro-Oeste - Jornal\" \/>\n<meta property=\"og:description\" content=\"Sul e Sudeste come\u00e7am semana com frio; alerta de seca no Centro-Oeste\" \/>\n<meta property=\"og:url\" content=\"https:\/\/jornalboasnoticias.com.br\/home\/sul-e-sudeste-comecam-semana-com-frio-alerta-de-seca-no-centro-oeste\/\" \/>\n<meta property=\"og:site_name\" content=\"Jornal\" \/>\n<meta property=\"article:publisher\" content=\"https:\/\/www.facebook.com\/boasnoticiasjornal\" \/>\n<meta property=\"article:published_time\" content=\"2025-08-11T00:09:55+00:00\" \/>\n<meta property=\"og:image\" content=\"https:\/\/jornalboasnoticias.com.br\/home\/wp-content\/uploads\/2025\/08\/frio.webp\" \/>\n\t<meta property=\"og:image:width\" content=\"1170\" \/>\n\t<meta property=\"og:image:height\" content=\"700\" \/>\n\t<meta property=\"og:image:type\" content=\"image\/webp\" \/>\n<meta name=\"author\" content=\"Luiz Carlos da Cruz\" \/>\n<meta name=\"twitter:card\" content=\"summary_large_image\" \/>\n<meta name=\"twitter:label1\" content=\"Escrito por\" \/>\n\t<meta name=\"twitter:data1\" content=\"Luiz Carlos da Cruz\" \/>\n\t<meta name=\"twitter:label2\" content=\"Est. tempo de leitura\" \/>\n\t<meta name=\"twitter:data2\" content=\"3 minutos\" \/>\n<script type=\"application\/ld+json\" class=\"yoast-schema-graph\">{\"@context\":\"https:\\\/\\\/schema.org\",\"@graph\":[{\"@type\":\"Article\",\"@id\":\"https:\\\/\\\/jornalboasnoticias.com.br\\\/home\\\/sul-e-sudeste-comecam-semana-com-frio-alerta-de-seca-no-centro-oeste\\\/#article\",\"isPartOf\":{\"@id\":\"https:\\\/\\\/jornalboasnoticias.com.br\\\/home\\\/sul-e-sudeste-comecam-semana-com-frio-alerta-de-seca-no-centro-oeste\\\/\"},\"author\":{\"name\":\"Luiz Carlos da Cruz\",\"@id\":\"https:\\\/\\\/jornalboasnoticias.com.br\\\/home\\\/#\\\/schema\\\/person\\\/75f9ebde398c998c166475fb446bda62\"},\"headline\":\"Sul e Sudeste come\u00e7am semana com frio; alerta de seca no Centro-Oeste\",\"datePublished\":\"2025-08-11T00:09:55+00:00\",\"mainEntityOfPage\":{\"@id\":\"https:\\\/\\\/jornalboasnoticias.com.br\\\/home\\\/sul-e-sudeste-comecam-semana-com-frio-alerta-de-seca-no-centro-oeste\\\/\"},\"wordCount\":422,\"commentCount\":0,\"publisher\":{\"@id\":\"https:\\\/\\\/jornalboasnoticias.com.br\\\/home\\\/#organization\"},\"image\":{\"@id\":\"https:\\\/\\\/jornalboasnoticias.com.br\\\/home\\\/sul-e-sudeste-comecam-semana-com-frio-alerta-de-seca-no-centro-oeste\\\/#primaryimage\"},\"thumbnailUrl\":\"https:\\\/\\\/jornalboasnoticias.com.br\\\/home\\\/wp-content\\\/uploads\\\/2025\\\/08\\\/frio.webp\",\"articleSection\":[\"BRASIL\"],\"inLanguage\":\"pt-BR\",\"potentialAction\":[{\"@type\":\"CommentAction\",\"name\":\"Comment\",\"target\":[\"https:\\\/\\\/jornalboasnoticias.com.br\\\/home\\\/sul-e-sudeste-comecam-semana-com-frio-alerta-de-seca-no-centro-oeste\\\/#respond\"]}]},{\"@type\":\"WebPage\",\"@id\":\"https:\\\/\\\/jornalboasnoticias.com.br\\\/home\\\/sul-e-sudeste-comecam-semana-com-frio-alerta-de-seca-no-centro-oeste\\\/\",\"url\":\"https:\\\/\\\/jornalboasnoticias.com.br\\\/home\\\/sul-e-sudeste-comecam-semana-com-frio-alerta-de-seca-no-centro-oeste\\\/\",\"name\":\"Sul e Sudeste come\u00e7am semana com frio; alerta de seca no Centro-Oeste - Jornal\",\"isPartOf\":{\"@id\":\"https:\\\/\\\/jornalboasnoticias.com.br\\\/home\\\/#website\"},\"primaryImageOfPage\":{\"@id\":\"https:\\\/\\\/jornalboasnoticias.com.br\\\/home\\\/sul-e-sudeste-comecam-semana-com-frio-alerta-de-seca-no-centro-oeste\\\/#primaryimage\"},\"image\":{\"@id\":\"https:\\\/\\\/jornalboasnoticias.com.br\\\/home\\\/sul-e-sudeste-comecam-semana-com-frio-alerta-de-seca-no-centro-oeste\\\/#primaryimage\"},\"thumbnailUrl\":\"https:\\\/\\\/jornalboasnoticias.com.br\\\/home\\\/wp-content\\\/uploads\\\/2025\\\/08\\\/frio.webp\",\"datePublished\":\"2025-08-11T00:09:55+00:00\",\"description\":\"Sul e Sudeste come\u00e7am semana com frio; alerta de seca no Centro-Oeste\",\"breadcrumb\":{\"@id\":\"https:\\\/\\\/jornalboasnoticias.com.br\\\/home\\\/sul-e-sudeste-comecam-semana-com-frio-alerta-de-seca-no-centro-oeste\\\/#breadcrumb\"},\"inLanguage\":\"pt-BR\",\"potentialAction\":[{\"@type\":\"ReadAction\",\"target\":[\"https:\\\/\\\/jornalboasnoticias.com.br\\\/home\\\/sul-e-sudeste-comecam-semana-com-frio-alerta-de-seca-no-centro-oeste\\\/\"]}]},{\"@type\":\"ImageObject\",\"inLanguage\":\"pt-BR\",\"@id\":\"https:\\\/\\\/jornalboasnoticias.com.br\\\/home\\\/sul-e-sudeste-comecam-semana-com-frio-alerta-de-seca-no-centro-oeste\\\/#primaryimage\",\"url\":\"https:\\\/\\\/jornalboasnoticias.com.br\\\/home\\\/wp-content\\\/uploads\\\/2025\\\/08\\\/frio.webp\",\"contentUrl\":\"https:\\\/\\\/jornalboasnoticias.com.br\\\/home\\\/wp-content\\\/uploads\\\/2025\\\/08\\\/frio.webp\",\"width\":1170,\"height\":700,\"caption\":\"Marcelo Camargo\\\/Ag\u00eancia Brasil\"},{\"@type\":\"BreadcrumbList\",\"@id\":\"https:\\\/\\\/jornalboasnoticias.com.br\\\/home\\\/sul-e-sudeste-comecam-semana-com-frio-alerta-de-seca-no-centro-oeste\\\/#breadcrumb\",\"itemListElement\":[{\"@type\":\"ListItem\",\"position\":1,\"name\":\"In\u00edcio\",\"item\":\"https:\\\/\\\/jornalboasnoticias.com.br\\\/home\\\/\"},{\"@type\":\"ListItem\",\"position\":2,\"name\":\"Sul e Sudeste come\u00e7am semana com frio; alerta de seca no Centro-Oeste\"}]},{\"@type\":\"WebSite\",\"@id\":\"https:\\\/\\\/jornalboasnoticias.com.br\\\/home\\\/#website\",\"url\":\"https:\\\/\\\/jornalboasnoticias.com.br\\\/home\\\/\",\"name\":\"Jornal Boas Not\u00edcias\",\"description\":\"Boas not\u00edcias\",\"publisher\":{\"@id\":\"https:\\\/\\\/jornalboasnoticias.com.br\\\/home\\\/#organization\"},\"potentialAction\":[{\"@type\":\"SearchAction\",\"target\":{\"@type\":\"EntryPoint\",\"urlTemplate\":\"https:\\\/\\\/jornalboasnoticias.com.br\\\/home\\\/?s={search_term_string}\"},\"query-input\":{\"@type\":\"PropertyValueSpecification\",\"valueRequired\":true,\"valueName\":\"search_term_string\"}}],\"inLanguage\":\"pt-BR\"},{\"@type\":\"Organization\",\"@id\":\"https:\\\/\\\/jornalboasnoticias.com.br\\\/home\\\/#organization\",\"name\":\"Coq Editora Ltda\",\"alternateName\":\"Jornal Boas Noticias\",\"url\":\"https:\\\/\\\/jornalboasnoticias.com.br\\\/home\\\/\",\"logo\":{\"@type\":\"ImageObject\",\"inLanguage\":\"pt-BR\",\"@id\":\"https:\\\/\\\/jornalboasnoticias.com.br\\\/home\\\/#\\\/schema\\\/logo\\\/image\\\/\",\"url\":\"https:\\\/\\\/jornalboasnoticias.com.br\\\/home\\\/wp-content\\\/uploads\\\/2024\\\/07\\\/cropped-logo.jpg\",\"contentUrl\":\"https:\\\/\\\/jornalboasnoticias.com.br\\\/home\\\/wp-content\\\/uploads\\\/2024\\\/07\\\/cropped-logo.jpg\",\"width\":290,\"height\":142,\"caption\":\"Coq Editora Ltda\"},\"image\":{\"@id\":\"https:\\\/\\\/jornalboasnoticias.com.br\\\/home\\\/#\\\/schema\\\/logo\\\/image\\\/\"},\"sameAs\":[\"https:\\\/\\\/www.facebook.com\\\/boasnoticiasjornal\"]},{\"@type\":\"Person\",\"@id\":\"https:\\\/\\\/jornalboasnoticias.com.br\\\/home\\\/#\\\/schema\\\/person\\\/75f9ebde398c998c166475fb446bda62\",\"name\":\"Luiz Carlos da Cruz\",\"image\":{\"@type\":\"ImageObject\",\"inLanguage\":\"pt-BR\",\"@id\":\"https:\\\/\\\/secure.gravatar.com\\\/avatar\\\/e6f4f45301b6cb8572f7b076572e8ac11c1db80e805d8c8d0858cf286ce3ac3b?s=96&d=mm&r=g\",\"url\":\"https:\\\/\\\/secure.gravatar.com\\\/avatar\\\/e6f4f45301b6cb8572f7b076572e8ac11c1db80e805d8c8d0858cf286ce3ac3b?s=96&d=mm&r=g\",\"contentUrl\":\"https:\\\/\\\/secure.gravatar.com\\\/avatar\\\/e6f4f45301b6cb8572f7b076572e8ac11c1db80e805d8c8d0858cf286ce3ac3b?s=96&d=mm&r=g\",\"caption\":\"Luiz Carlos da Cruz\"},\"url\":\"https:\\\/\\\/jornalboasnoticias.com.br\\\/home\\\/author\\\/luiz-carlos-da-cruz\\\/\"}]}<\/script>\n<!-- \/ Yoast SEO plugin. -->","yoast_head_json":{"title":"Sul e Sudeste come\u00e7am semana com frio; alerta de seca no Centro-Oeste - Jornal","description":"Sul e Sudeste come\u00e7am semana com frio; alerta de seca no Centro-Oeste","robots":{"index":"index","follow":"follow","max-snippet":"max-snippet:-1","max-image-preview":"max-image-preview:large","max-video-preview":"max-video-preview:-1"},"canonical":"https:\/\/jornalboasnoticias.com.br\/home\/sul-e-sudeste-comecam-semana-com-frio-alerta-de-seca-no-centro-oeste\/","og_locale":"pt_BR","og_type":"article","og_title":"Sul e Sudeste come\u00e7am semana com frio; alerta de seca no Centro-Oeste - Jornal","og_description":"Sul e Sudeste come\u00e7am semana com frio; alerta de seca no Centro-Oeste","og_url":"https:\/\/jornalboasnoticias.com.br\/home\/sul-e-sudeste-comecam-semana-com-frio-alerta-de-seca-no-centro-oeste\/","og_site_name":"Jornal","article_publisher":"https:\/\/www.facebook.com\/boasnoticiasjornal","article_published_time":"2025-08-11T00:09:55+00:00","og_image":[{"width":1170,"height":700,"url":"https:\/\/jornalboasnoticias.com.br\/home\/wp-content\/uploads\/2025\/08\/frio.webp","type":"image\/webp"}],"author":"Luiz Carlos da Cruz","twitter_card":"summary_large_image","twitter_misc":{"Escrito por":"Luiz Carlos da Cruz","Est. tempo de leitura":"3 minutos"},"schema":{"@context":"https:\/\/schema.org","@graph":[{"@type":"Article","@id":"https:\/\/jornalboasnoticias.com.br\/home\/sul-e-sudeste-comecam-semana-com-frio-alerta-de-seca-no-centro-oeste\/#article","isPartOf":{"@id":"https:\/\/jornalboasnoticias.com.br\/home\/sul-e-sudeste-comecam-semana-com-frio-alerta-de-seca-no-centro-oeste\/"},"author":{"name":"Luiz Carlos da Cruz","@id":"https:\/\/jornalboasnoticias.com.br\/home\/#\/schema\/person\/75f9ebde398c998c166475fb446bda62"},"headline":"Sul e Sudeste come\u00e7am semana com frio; alerta de seca no Centro-Oeste","datePublished":"2025-08-11T00:09:55+00:00","mainEntityOfPage":{"@id":"https:\/\/jornalboasnoticias.com.br\/home\/sul-e-sudeste-comecam-semana-com-frio-alerta-de-seca-no-centro-oeste\/"},"wordCount":422,"commentCount":0,"publisher":{"@id":"https:\/\/jornalboasnoticias.com.br\/home\/#organization"},"image":{"@id":"https:\/\/jornalboasnoticias.com.br\/home\/sul-e-sudeste-comecam-semana-com-frio-alerta-de-seca-no-centro-oeste\/#primaryimage"},"thumbnailUrl":"https:\/\/jornalboasnoticias.com.br\/home\/wp-content\/uploads\/2025\/08\/frio.webp","articleSection":["BRASIL"],"inLanguage":"pt-BR","potentialAction":[{"@type":"CommentAction","name":"Comment","target":["https:\/\/jornalboasnoticias.com.br\/home\/sul-e-sudeste-comecam-semana-com-frio-alerta-de-seca-no-centro-oeste\/#respond"]}]},{"@type":"WebPage","@id":"https:\/\/jornalboasnoticias.com.br\/home\/sul-e-sudeste-comecam-semana-com-frio-alerta-de-seca-no-centro-oeste\/","url":"https:\/\/jornalboasnoticias.com.br\/home\/sul-e-sudeste-comecam-semana-com-frio-alerta-de-seca-no-centro-oeste\/","name":"Sul e Sudeste come\u00e7am semana com frio; alerta de seca no Centro-Oeste - Jornal","isPartOf":{"@id":"https:\/\/jornalboasnoticias.com.br\/home\/#website"},"primaryImageOfPage":{"@id":"https:\/\/jornalboasnoticias.com.br\/home\/sul-e-sudeste-comecam-semana-com-frio-alerta-de-seca-no-centro-oeste\/#primaryimage"},"image":{"@id":"https:\/\/jornalboasnoticias.com.br\/home\/sul-e-sudeste-comecam-semana-com-frio-alerta-de-seca-no-centro-oeste\/#primaryimage"},"thumbnailUrl":"https:\/\/jornalboasnoticias.com.br\/home\/wp-content\/uploads\/2025\/08\/frio.webp","datePublished":"2025-08-11T00:09:55+00:00","description":"Sul e Sudeste come\u00e7am semana com frio; alerta de seca no Centro-Oeste","breadcrumb":{"@id":"https:\/\/jornalboasnoticias.com.br\/home\/sul-e-sudeste-comecam-semana-com-frio-alerta-de-seca-no-centro-oeste\/#breadcrumb"},"inLanguage":"pt-BR","potentialAction":[{"@type":"ReadAction","target":["https:\/\/jornalboasnoticias.com.br\/home\/sul-e-sudeste-comecam-semana-com-frio-alerta-de-seca-no-centro-oeste\/"]}]},{"@type":"ImageObject","inLanguage":"pt-BR","@id":"https:\/\/jornalboasnoticias.com.br\/home\/sul-e-sudeste-comecam-semana-com-frio-alerta-de-seca-no-centro-oeste\/#primaryimage","url":"https:\/\/jornalboasnoticias.com.br\/home\/wp-content\/uploads\/2025\/08\/frio.webp","contentUrl":"https:\/\/jornalboasnoticias.com.br\/home\/wp-content\/uploads\/2025\/08\/frio.webp","width":1170,"height":700,"caption":"Marcelo Camargo\/Ag\u00eancia Brasil"},{"@type":"BreadcrumbList","@id":"https:\/\/jornalboasnoticias.com.br\/home\/sul-e-sudeste-comecam-semana-com-frio-alerta-de-seca-no-centro-oeste\/#breadcrumb","itemListElement":[{"@type":"ListItem","position":1,"name":"In\u00edcio","item":"https:\/\/jornalboasnoticias.com.br\/home\/"},{"@type":"ListItem","position":2,"name":"Sul e Sudeste come\u00e7am semana com frio; alerta de seca no Centro-Oeste"}]},{"@type":"WebSite","@id":"https:\/\/jornalboasnoticias.com.br\/home\/#website","url":"https:\/\/jornalboasnoticias.com.br\/home\/","name":"Jornal Boas Not\u00edcias","description":"Boas not\u00edcias","publisher":{"@id":"https:\/\/jornalboasnoticias.com.br\/home\/#organization"},"potentialAction":[{"@type":"SearchAction","target":{"@type":"EntryPoint","urlTemplate":"https:\/\/jornalboasnoticias.com.br\/home\/?s={search_term_string}"},"query-input":{"@type":"PropertyValueSpecification","valueRequired":true,"valueName":"search_term_string"}}],"inLanguage":"pt-BR"},{"@type":"Organization","@id":"https:\/\/jornalboasnoticias.com.br\/home\/#organization","name":"Coq Editora Ltda","alternateName":"Jornal Boas Noticias","url":"https:\/\/jornalboasnoticias.com.br\/home\/","logo":{"@type":"ImageObject","inLanguage":"pt-BR","@id":"https:\/\/jornalboasnoticias.com.br\/home\/#\/schema\/logo\/image\/","url":"https:\/\/jornalboasnoticias.com.br\/home\/wp-content\/uploads\/2024\/07\/cropped-logo.jpg","contentUrl":"https:\/\/jornalboasnoticias.com.br\/home\/wp-content\/uploads\/2024\/07\/cropped-logo.jpg","width":290,"height":142,"caption":"Coq Editora Ltda"},"image":{"@id":"https:\/\/jornalboasnoticias.com.br\/home\/#\/schema\/logo\/image\/"},"sameAs":["https:\/\/www.facebook.com\/boasnoticiasjornal"]},{"@type":"Person","@id":"https:\/\/jornalboasnoticias.com.br\/home\/#\/schema\/person\/75f9ebde398c998c166475fb446bda62","name":"Luiz Carlos da Cruz","image":{"@type":"ImageObject","inLanguage":"pt-BR","@id":"https:\/\/secure.gravatar.com\/avatar\/e6f4f45301b6cb8572f7b076572e8ac11c1db80e805d8c8d0858cf286ce3ac3b?s=96&d=mm&r=g","url":"https:\/\/secure.gravatar.com\/avatar\/e6f4f45301b6cb8572f7b076572e8ac11c1db80e805d8c8d0858cf286ce3ac3b?s=96&d=mm&r=g","contentUrl":"https:\/\/secure.gravatar.com\/avatar\/e6f4f45301b6cb8572f7b076572e8ac11c1db80e805d8c8d0858cf286ce3ac3b?s=96&d=mm&r=g","caption":"Luiz Carlos da Cruz"},"url":"https:\/\/jornalboasnoticias.com.br\/home\/author\/luiz-carlos-da-cruz\/"}]}},"_links":{"self":[{"href":"https:\/\/jornalboasnoticias.com.br\/home\/wp-json\/wp\/v2\/posts\/46422","targetHints":{"allow":["GET"]}}],"collection":[{"href":"https:\/\/jornalboasnoticias.com.br\/home\/wp-json\/wp\/v2\/posts"}],"about":[{"href":"https:\/\/jornalboasnoticias.com.br\/home\/wp-json\/wp\/v2\/types\/post"}],"author":[{"embeddable":true,"href":"https:\/\/jornalboasnoticias.com.br\/home\/wp-json\/wp\/v2\/users\/3"}],"replies":[{"embeddable":true,"href":"https:\/\/jornalboasnoticias.com.br\/home\/wp-json\/wp\/v2\/comments?post=46422"}],"version-history":[{"count":1,"href":"https:\/\/jornalboasnoticias.com.br\/home\/wp-json\/wp\/v2\/posts\/46422\/revisions"}],"predecessor-version":[{"id":46424,"href":"https:\/\/jornalboasnoticias.com.br\/home\/wp-json\/wp\/v2\/posts\/46422\/revisions\/46424"}],"wp:featuredmedia":[{"embeddable":true,"href":"https:\/\/jornalboasnoticias.com.br\/home\/wp-json\/wp\/v2\/media\/46423"}],"wp:attachment":[{"href":"https:\/\/jornalboasnoticias.com.br\/home\/wp-json\/wp\/v2\/media?parent=46422"}],"wp:term":[{"taxonomy":"category","embeddable":true,"href":"https:\/\/jornalboasnoticias.com.br\/home\/wp-json\/wp\/v2\/categories?post=46422"},{"taxonomy":"post_tag","embeddable":true,"href":"https:\/\/jornalboasnoticias.com.br\/home\/wp-json\/wp\/v2\/tags?post=46422"}],"curies":[{"name":"wp","href":"https:\/\/api.w.org\/{rel}","templated":true}]}}