{"id":46419,"date":"2025-08-10T23:47:08","date_gmt":"2025-08-10T23:47:08","guid":{"rendered":"https:\/\/jornalboasnoticias.com.br\/home\/?p=46419"},"modified":"2025-08-10T23:47:08","modified_gmt":"2025-08-10T23:47:08","slug":"cascavel-recebe-condecoracao-do-amm-brasil-na-regional-cascavel-moto-clube-que-une-paixao-e-acoes-sociais","status":"publish","type":"post","link":"https:\/\/jornalboasnoticias.com.br\/home\/cascavel-recebe-condecoracao-do-amm-brasil-na-regional-cascavel-moto-clube-que-une-paixao-e-acoes-sociais\/","title":{"rendered":"Cascavel recebe condecora\u00e7\u00e3o do AMM Brasil, na Regional Cascavel moto clube que une paix\u00e3o e a\u00e7\u00f5es sociais"},"content":{"rendered":"<p><img loading=\"lazy\" decoding=\"async\" class=\"size-full wp-image-46420 aligncenter\" src=\"https:\/\/jornalboasnoticias.com.br\/home\/wp-content\/uploads\/2025\/08\/amm.jpg\" alt=\"\" width=\"800\" height=\"450\" srcset=\"https:\/\/jornalboasnoticias.com.br\/home\/wp-content\/uploads\/2025\/08\/amm.jpg 800w, https:\/\/jornalboasnoticias.com.br\/home\/wp-content\/uploads\/2025\/08\/amm-300x169.jpg 300w, https:\/\/jornalboasnoticias.com.br\/home\/wp-content\/uploads\/2025\/08\/amm-768x432.jpg 768w\" sizes=\"auto, (max-width: 800px) 100vw, 800px\" \/><br \/>\nCascavel foi palco, no \u00faltimo s\u00e1bado (9), de uma grande confraterniza\u00e7\u00e3o e condecora\u00e7\u00e3o promovida pelo Regional Cascavel AMM Brasil, moto clube com atua\u00e7\u00e3o em todo o pa\u00eds que alia a paix\u00e3o pelas duas rodas a projetos de responsabilidade social.<\/p>\n<p>A cerim\u00f4nia reuniu cerca de 100 motociclistas e marcou a entrega de camisetas e coletes a integrantes que conclu\u00edram as etapas de integra\u00e7\u00e3o ao clube. No AMM Brasil, para se tornar membro ativo \u00e9 preciso passar por um processo que pode durar at\u00e9 um ano, com participa\u00e7\u00e3o em reuni\u00f5es, miss\u00f5es e contribui\u00e7\u00e3o nas a\u00e7\u00f5es sociais.<\/p>\n<p>Ap\u00f3s o evento, os motociclistas realizaram uma motociata pelos bairros Recanto Tropical e Parque Verde, encerrando a programa\u00e7\u00e3o com a distribui\u00e7\u00e3o de revistas informativas sobre o combate \u00e0 viol\u00eancia infantil e contra a mulher.<\/p>\n<p>Segundo o l\u00edder da Regional AMM Cascavel, Charles Braun, o motociclismo \u00e9 uma forma diferente e eficaz de chamar a aten\u00e7\u00e3o da comunidade para causas importantes.<br \/>\n\u201cEssa paix\u00e3o pelo motociclismo leva o minist\u00e9rio a apoiar a Igreja Adventista do S\u00e9timo dia nas a\u00e7\u00f5es sociais. Al\u00e9m dessas campanhas, o AMM Brasil participa de arrecada\u00e7\u00e3o de alimentos, visitas a abrigos, hospitais, doa\u00e7\u00e3o de sangue e entrega de cestas b\u00e1sicas. Nosso lema \u00e9: em cada passeio, uma miss\u00e3o&#8221;, destacou Braun.<\/p>\n<p>O AMM Brasil mant\u00e9m um calend\u00e1rio anual de atividades sociais, sempre conectando a vida sobre duas rodas com o compromisso de ajudar o pr\u00f3ximo.<\/p>\n","protected":false},"excerpt":{"rendered":"<p>Cascavel foi palco, no \u00faltimo s\u00e1bado (9), de uma grande confraterniza\u00e7\u00e3o e condecora\u00e7\u00e3o promovida pelo<\/p>\n","protected":false},"author":3,"featured_media":46420,"comment_status":"open","ping_status":"open","sticky":false,"template":"","format":"standard","meta":{"footnotes":""},"categories":[2,3],"tags":[10],"class_list":["post-46419","post","type-post","status-publish","format-standard","has-post-thumbnail","hentry","category-cascavel","category-destaques","tag-cascavel"],"yoast_head":"<!-- This site is optimized with the Yoast SEO plugin v27.5 - https:\/\/yoast.com\/product\/yoast-seo-wordpress\/ -->\n<title>Cascavel recebe condecora\u00e7\u00e3o do AMM Brasil, na Regional Cascavel moto clube que une paix\u00e3o e a\u00e7\u00f5es sociais - Jornal<\/title>\n<meta name=\"description\" content=\"Cascavel recebe condecora\u00e7\u00e3o do AMM Brasil, na Regional Cascavel moto clube que une paix\u00e3o e a\u00e7\u00f5es sociais\" \/>\n<meta name=\"robots\" content=\"index, follow, max-snippet:-1, max-image-preview:large, max-video-preview:-1\" \/>\n<link rel=\"canonical\" href=\"https:\/\/jornalboasnoticias.com.br\/home\/cascavel-recebe-condecoracao-do-amm-brasil-na-regional-cascavel-moto-clube-que-une-paixao-e-acoes-sociais\/\" \/>\n<meta property=\"og:locale\" content=\"pt_BR\" \/>\n<meta property=\"og:type\" content=\"article\" \/>\n<meta property=\"og:title\" content=\"Cascavel recebe condecora\u00e7\u00e3o do AMM Brasil, na Regional Cascavel moto clube que une paix\u00e3o e a\u00e7\u00f5es sociais - Jornal\" \/>\n<meta property=\"og:description\" content=\"Cascavel recebe condecora\u00e7\u00e3o do AMM Brasil, na Regional Cascavel moto clube que une paix\u00e3o e a\u00e7\u00f5es sociais\" \/>\n<meta property=\"og:url\" content=\"https:\/\/jornalboasnoticias.com.br\/home\/cascavel-recebe-condecoracao-do-amm-brasil-na-regional-cascavel-moto-clube-que-une-paixao-e-acoes-sociais\/\" \/>\n<meta property=\"og:site_name\" content=\"Jornal\" \/>\n<meta property=\"article:publisher\" content=\"https:\/\/www.facebook.com\/boasnoticiasjornal\" \/>\n<meta property=\"article:published_time\" content=\"2025-08-10T23:47:08+00:00\" \/>\n<meta property=\"og:image\" content=\"https:\/\/jornalboasnoticias.com.br\/home\/wp-content\/uploads\/2025\/08\/amm.jpg\" \/>\n\t<meta property=\"og:image:width\" content=\"800\" \/>\n\t<meta property=\"og:image:height\" content=\"450\" \/>\n\t<meta property=\"og:image:type\" content=\"image\/jpeg\" \/>\n<meta name=\"author\" content=\"Luiz Carlos da Cruz\" \/>\n<meta name=\"twitter:card\" content=\"summary_large_image\" \/>\n<meta name=\"twitter:label1\" content=\"Escrito por\" \/>\n\t<meta name=\"twitter:data1\" content=\"Luiz Carlos da Cruz\" \/>\n\t<meta name=\"twitter:label2\" content=\"Est. tempo de leitura\" \/>\n\t<meta name=\"twitter:data2\" content=\"2 minutos\" \/>\n<script type=\"application\/ld+json\" class=\"yoast-schema-graph\">{\"@context\":\"https:\\\/\\\/schema.org\",\"@graph\":[{\"@type\":\"Article\",\"@id\":\"https:\\\/\\\/jornalboasnoticias.com.br\\\/home\\\/cascavel-recebe-condecoracao-do-amm-brasil-na-regional-cascavel-moto-clube-que-une-paixao-e-acoes-sociais\\\/#article\",\"isPartOf\":{\"@id\":\"https:\\\/\\\/jornalboasnoticias.com.br\\\/home\\\/cascavel-recebe-condecoracao-do-amm-brasil-na-regional-cascavel-moto-clube-que-une-paixao-e-acoes-sociais\\\/\"},\"author\":{\"name\":\"Luiz Carlos da Cruz\",\"@id\":\"https:\\\/\\\/jornalboasnoticias.com.br\\\/home\\\/#\\\/schema\\\/person\\\/75f9ebde398c998c166475fb446bda62\"},\"headline\":\"Cascavel recebe condecora\u00e7\u00e3o do AMM Brasil, na Regional Cascavel moto clube que une paix\u00e3o e a\u00e7\u00f5es sociais\",\"datePublished\":\"2025-08-10T23:47:08+00:00\",\"mainEntityOfPage\":{\"@id\":\"https:\\\/\\\/jornalboasnoticias.com.br\\\/home\\\/cascavel-recebe-condecoracao-do-amm-brasil-na-regional-cascavel-moto-clube-que-une-paixao-e-acoes-sociais\\\/\"},\"wordCount\":275,\"commentCount\":0,\"publisher\":{\"@id\":\"https:\\\/\\\/jornalboasnoticias.com.br\\\/home\\\/#organization\"},\"image\":{\"@id\":\"https:\\\/\\\/jornalboasnoticias.com.br\\\/home\\\/cascavel-recebe-condecoracao-do-amm-brasil-na-regional-cascavel-moto-clube-que-une-paixao-e-acoes-sociais\\\/#primaryimage\"},\"thumbnailUrl\":\"https:\\\/\\\/jornalboasnoticias.com.br\\\/home\\\/wp-content\\\/uploads\\\/2025\\\/08\\\/amm.jpg\",\"keywords\":[\"cascavel\"],\"articleSection\":[\"CASCAVEL\",\"DESTAQUE\"],\"inLanguage\":\"pt-BR\",\"potentialAction\":[{\"@type\":\"CommentAction\",\"name\":\"Comment\",\"target\":[\"https:\\\/\\\/jornalboasnoticias.com.br\\\/home\\\/cascavel-recebe-condecoracao-do-amm-brasil-na-regional-cascavel-moto-clube-que-une-paixao-e-acoes-sociais\\\/#respond\"]}]},{\"@type\":\"WebPage\",\"@id\":\"https:\\\/\\\/jornalboasnoticias.com.br\\\/home\\\/cascavel-recebe-condecoracao-do-amm-brasil-na-regional-cascavel-moto-clube-que-une-paixao-e-acoes-sociais\\\/\",\"url\":\"https:\\\/\\\/jornalboasnoticias.com.br\\\/home\\\/cascavel-recebe-condecoracao-do-amm-brasil-na-regional-cascavel-moto-clube-que-une-paixao-e-acoes-sociais\\\/\",\"name\":\"Cascavel recebe condecora\u00e7\u00e3o do AMM Brasil, na Regional Cascavel moto clube que une paix\u00e3o e a\u00e7\u00f5es sociais - Jornal\",\"isPartOf\":{\"@id\":\"https:\\\/\\\/jornalboasnoticias.com.br\\\/home\\\/#website\"},\"primaryImageOfPage\":{\"@id\":\"https:\\\/\\\/jornalboasnoticias.com.br\\\/home\\\/cascavel-recebe-condecoracao-do-amm-brasil-na-regional-cascavel-moto-clube-que-une-paixao-e-acoes-sociais\\\/#primaryimage\"},\"image\":{\"@id\":\"https:\\\/\\\/jornalboasnoticias.com.br\\\/home\\\/cascavel-recebe-condecoracao-do-amm-brasil-na-regional-cascavel-moto-clube-que-une-paixao-e-acoes-sociais\\\/#primaryimage\"},\"thumbnailUrl\":\"https:\\\/\\\/jornalboasnoticias.com.br\\\/home\\\/wp-content\\\/uploads\\\/2025\\\/08\\\/amm.jpg\",\"datePublished\":\"2025-08-10T23:47:08+00:00\",\"description\":\"Cascavel recebe condecora\u00e7\u00e3o do AMM Brasil, na Regional Cascavel moto clube que une paix\u00e3o e a\u00e7\u00f5es sociais\",\"breadcrumb\":{\"@id\":\"https:\\\/\\\/jornalboasnoticias.com.br\\\/home\\\/cascavel-recebe-condecoracao-do-amm-brasil-na-regional-cascavel-moto-clube-que-une-paixao-e-acoes-sociais\\\/#breadcrumb\"},\"inLanguage\":\"pt-BR\",\"potentialAction\":[{\"@type\":\"ReadAction\",\"target\":[\"https:\\\/\\\/jornalboasnoticias.com.br\\\/home\\\/cascavel-recebe-condecoracao-do-amm-brasil-na-regional-cascavel-moto-clube-que-une-paixao-e-acoes-sociais\\\/\"]}]},{\"@type\":\"ImageObject\",\"inLanguage\":\"pt-BR\",\"@id\":\"https:\\\/\\\/jornalboasnoticias.com.br\\\/home\\\/cascavel-recebe-condecoracao-do-amm-brasil-na-regional-cascavel-moto-clube-que-une-paixao-e-acoes-sociais\\\/#primaryimage\",\"url\":\"https:\\\/\\\/jornalboasnoticias.com.br\\\/home\\\/wp-content\\\/uploads\\\/2025\\\/08\\\/amm.jpg\",\"contentUrl\":\"https:\\\/\\\/jornalboasnoticias.com.br\\\/home\\\/wp-content\\\/uploads\\\/2025\\\/08\\\/amm.jpg\",\"width\":800,\"height\":450},{\"@type\":\"BreadcrumbList\",\"@id\":\"https:\\\/\\\/jornalboasnoticias.com.br\\\/home\\\/cascavel-recebe-condecoracao-do-amm-brasil-na-regional-cascavel-moto-clube-que-une-paixao-e-acoes-sociais\\\/#breadcrumb\",\"itemListElement\":[{\"@type\":\"ListItem\",\"position\":1,\"name\":\"In\u00edcio\",\"item\":\"https:\\\/\\\/jornalboasnoticias.com.br\\\/home\\\/\"},{\"@type\":\"ListItem\",\"position\":2,\"name\":\"Cascavel recebe condecora\u00e7\u00e3o do AMM Brasil, na Regional Cascavel moto clube que une paix\u00e3o e a\u00e7\u00f5es sociais\"}]},{\"@type\":\"WebSite\",\"@id\":\"https:\\\/\\\/jornalboasnoticias.com.br\\\/home\\\/#website\",\"url\":\"https:\\\/\\\/jornalboasnoticias.com.br\\\/home\\\/\",\"name\":\"Jornal Boas Not\u00edcias\",\"description\":\"Boas not\u00edcias\",\"publisher\":{\"@id\":\"https:\\\/\\\/jornalboasnoticias.com.br\\\/home\\\/#organization\"},\"potentialAction\":[{\"@type\":\"SearchAction\",\"target\":{\"@type\":\"EntryPoint\",\"urlTemplate\":\"https:\\\/\\\/jornalboasnoticias.com.br\\\/home\\\/?s={search_term_string}\"},\"query-input\":{\"@type\":\"PropertyValueSpecification\",\"valueRequired\":true,\"valueName\":\"search_term_string\"}}],\"inLanguage\":\"pt-BR\"},{\"@type\":\"Organization\",\"@id\":\"https:\\\/\\\/jornalboasnoticias.com.br\\\/home\\\/#organization\",\"name\":\"Coq Editora Ltda\",\"alternateName\":\"Jornal Boas Noticias\",\"url\":\"https:\\\/\\\/jornalboasnoticias.com.br\\\/home\\\/\",\"logo\":{\"@type\":\"ImageObject\",\"inLanguage\":\"pt-BR\",\"@id\":\"https:\\\/\\\/jornalboasnoticias.com.br\\\/home\\\/#\\\/schema\\\/logo\\\/image\\\/\",\"url\":\"https:\\\/\\\/jornalboasnoticias.com.br\\\/home\\\/wp-content\\\/uploads\\\/2024\\\/07\\\/cropped-logo.jpg\",\"contentUrl\":\"https:\\\/\\\/jornalboasnoticias.com.br\\\/home\\\/wp-content\\\/uploads\\\/2024\\\/07\\\/cropped-logo.jpg\",\"width\":290,\"height\":142,\"caption\":\"Coq Editora Ltda\"},\"image\":{\"@id\":\"https:\\\/\\\/jornalboasnoticias.com.br\\\/home\\\/#\\\/schema\\\/logo\\\/image\\\/\"},\"sameAs\":[\"https:\\\/\\\/www.facebook.com\\\/boasnoticiasjornal\"]},{\"@type\":\"Person\",\"@id\":\"https:\\\/\\\/jornalboasnoticias.com.br\\\/home\\\/#\\\/schema\\\/person\\\/75f9ebde398c998c166475fb446bda62\",\"name\":\"Luiz Carlos da Cruz\",\"image\":{\"@type\":\"ImageObject\",\"inLanguage\":\"pt-BR\",\"@id\":\"https:\\\/\\\/secure.gravatar.com\\\/avatar\\\/e6f4f45301b6cb8572f7b076572e8ac11c1db80e805d8c8d0858cf286ce3ac3b?s=96&d=mm&r=g\",\"url\":\"https:\\\/\\\/secure.gravatar.com\\\/avatar\\\/e6f4f45301b6cb8572f7b076572e8ac11c1db80e805d8c8d0858cf286ce3ac3b?s=96&d=mm&r=g\",\"contentUrl\":\"https:\\\/\\\/secure.gravatar.com\\\/avatar\\\/e6f4f45301b6cb8572f7b076572e8ac11c1db80e805d8c8d0858cf286ce3ac3b?s=96&d=mm&r=g\",\"caption\":\"Luiz Carlos da Cruz\"},\"url\":\"https:\\\/\\\/jornalboasnoticias.com.br\\\/home\\\/author\\\/luiz-carlos-da-cruz\\\/\"}]}<\/script>\n<!-- \/ Yoast SEO plugin. -->","yoast_head_json":{"title":"Cascavel recebe condecora\u00e7\u00e3o do AMM Brasil, na Regional Cascavel moto clube que une paix\u00e3o e a\u00e7\u00f5es sociais - Jornal","description":"Cascavel recebe condecora\u00e7\u00e3o do AMM Brasil, na Regional Cascavel moto clube que une paix\u00e3o e a\u00e7\u00f5es sociais","robots":{"index":"index","follow":"follow","max-snippet":"max-snippet:-1","max-image-preview":"max-image-preview:large","max-video-preview":"max-video-preview:-1"},"canonical":"https:\/\/jornalboasnoticias.com.br\/home\/cascavel-recebe-condecoracao-do-amm-brasil-na-regional-cascavel-moto-clube-que-une-paixao-e-acoes-sociais\/","og_locale":"pt_BR","og_type":"article","og_title":"Cascavel recebe condecora\u00e7\u00e3o do AMM Brasil, na Regional Cascavel moto clube que une paix\u00e3o e a\u00e7\u00f5es sociais - Jornal","og_description":"Cascavel recebe condecora\u00e7\u00e3o do AMM Brasil, na Regional Cascavel moto clube que une paix\u00e3o e a\u00e7\u00f5es sociais","og_url":"https:\/\/jornalboasnoticias.com.br\/home\/cascavel-recebe-condecoracao-do-amm-brasil-na-regional-cascavel-moto-clube-que-une-paixao-e-acoes-sociais\/","og_site_name":"Jornal","article_publisher":"https:\/\/www.facebook.com\/boasnoticiasjornal","article_published_time":"2025-08-10T23:47:08+00:00","og_image":[{"width":800,"height":450,"url":"https:\/\/jornalboasnoticias.com.br\/home\/wp-content\/uploads\/2025\/08\/amm.jpg","type":"image\/jpeg"}],"author":"Luiz Carlos da Cruz","twitter_card":"summary_large_image","twitter_misc":{"Escrito por":"Luiz Carlos da Cruz","Est. tempo de leitura":"2 minutos"},"schema":{"@context":"https:\/\/schema.org","@graph":[{"@type":"Article","@id":"https:\/\/jornalboasnoticias.com.br\/home\/cascavel-recebe-condecoracao-do-amm-brasil-na-regional-cascavel-moto-clube-que-une-paixao-e-acoes-sociais\/#article","isPartOf":{"@id":"https:\/\/jornalboasnoticias.com.br\/home\/cascavel-recebe-condecoracao-do-amm-brasil-na-regional-cascavel-moto-clube-que-une-paixao-e-acoes-sociais\/"},"author":{"name":"Luiz Carlos da Cruz","@id":"https:\/\/jornalboasnoticias.com.br\/home\/#\/schema\/person\/75f9ebde398c998c166475fb446bda62"},"headline":"Cascavel recebe condecora\u00e7\u00e3o do AMM Brasil, na Regional Cascavel moto clube que une paix\u00e3o e a\u00e7\u00f5es sociais","datePublished":"2025-08-10T23:47:08+00:00","mainEntityOfPage":{"@id":"https:\/\/jornalboasnoticias.com.br\/home\/cascavel-recebe-condecoracao-do-amm-brasil-na-regional-cascavel-moto-clube-que-une-paixao-e-acoes-sociais\/"},"wordCount":275,"commentCount":0,"publisher":{"@id":"https:\/\/jornalboasnoticias.com.br\/home\/#organization"},"image":{"@id":"https:\/\/jornalboasnoticias.com.br\/home\/cascavel-recebe-condecoracao-do-amm-brasil-na-regional-cascavel-moto-clube-que-une-paixao-e-acoes-sociais\/#primaryimage"},"thumbnailUrl":"https:\/\/jornalboasnoticias.com.br\/home\/wp-content\/uploads\/2025\/08\/amm.jpg","keywords":["cascavel"],"articleSection":["CASCAVEL","DESTAQUE"],"inLanguage":"pt-BR","potentialAction":[{"@type":"CommentAction","name":"Comment","target":["https:\/\/jornalboasnoticias.com.br\/home\/cascavel-recebe-condecoracao-do-amm-brasil-na-regional-cascavel-moto-clube-que-une-paixao-e-acoes-sociais\/#respond"]}]},{"@type":"WebPage","@id":"https:\/\/jornalboasnoticias.com.br\/home\/cascavel-recebe-condecoracao-do-amm-brasil-na-regional-cascavel-moto-clube-que-une-paixao-e-acoes-sociais\/","url":"https:\/\/jornalboasnoticias.com.br\/home\/cascavel-recebe-condecoracao-do-amm-brasil-na-regional-cascavel-moto-clube-que-une-paixao-e-acoes-sociais\/","name":"Cascavel recebe condecora\u00e7\u00e3o do AMM Brasil, na Regional Cascavel moto clube que une paix\u00e3o e a\u00e7\u00f5es sociais - Jornal","isPartOf":{"@id":"https:\/\/jornalboasnoticias.com.br\/home\/#website"},"primaryImageOfPage":{"@id":"https:\/\/jornalboasnoticias.com.br\/home\/cascavel-recebe-condecoracao-do-amm-brasil-na-regional-cascavel-moto-clube-que-une-paixao-e-acoes-sociais\/#primaryimage"},"image":{"@id":"https:\/\/jornalboasnoticias.com.br\/home\/cascavel-recebe-condecoracao-do-amm-brasil-na-regional-cascavel-moto-clube-que-une-paixao-e-acoes-sociais\/#primaryimage"},"thumbnailUrl":"https:\/\/jornalboasnoticias.com.br\/home\/wp-content\/uploads\/2025\/08\/amm.jpg","datePublished":"2025-08-10T23:47:08+00:00","description":"Cascavel recebe condecora\u00e7\u00e3o do AMM Brasil, na Regional Cascavel moto clube que une paix\u00e3o e a\u00e7\u00f5es sociais","breadcrumb":{"@id":"https:\/\/jornalboasnoticias.com.br\/home\/cascavel-recebe-condecoracao-do-amm-brasil-na-regional-cascavel-moto-clube-que-une-paixao-e-acoes-sociais\/#breadcrumb"},"inLanguage":"pt-BR","potentialAction":[{"@type":"ReadAction","target":["https:\/\/jornalboasnoticias.com.br\/home\/cascavel-recebe-condecoracao-do-amm-brasil-na-regional-cascavel-moto-clube-que-une-paixao-e-acoes-sociais\/"]}]},{"@type":"ImageObject","inLanguage":"pt-BR","@id":"https:\/\/jornalboasnoticias.com.br\/home\/cascavel-recebe-condecoracao-do-amm-brasil-na-regional-cascavel-moto-clube-que-une-paixao-e-acoes-sociais\/#primaryimage","url":"https:\/\/jornalboasnoticias.com.br\/home\/wp-content\/uploads\/2025\/08\/amm.jpg","contentUrl":"https:\/\/jornalboasnoticias.com.br\/home\/wp-content\/uploads\/2025\/08\/amm.jpg","width":800,"height":450},{"@type":"BreadcrumbList","@id":"https:\/\/jornalboasnoticias.com.br\/home\/cascavel-recebe-condecoracao-do-amm-brasil-na-regional-cascavel-moto-clube-que-une-paixao-e-acoes-sociais\/#breadcrumb","itemListElement":[{"@type":"ListItem","position":1,"name":"In\u00edcio","item":"https:\/\/jornalboasnoticias.com.br\/home\/"},{"@type":"ListItem","position":2,"name":"Cascavel recebe condecora\u00e7\u00e3o do AMM Brasil, na Regional Cascavel moto clube que une paix\u00e3o e a\u00e7\u00f5es sociais"}]},{"@type":"WebSite","@id":"https:\/\/jornalboasnoticias.com.br\/home\/#website","url":"https:\/\/jornalboasnoticias.com.br\/home\/","name":"Jornal Boas Not\u00edcias","description":"Boas not\u00edcias","publisher":{"@id":"https:\/\/jornalboasnoticias.com.br\/home\/#organization"},"potentialAction":[{"@type":"SearchAction","target":{"@type":"EntryPoint","urlTemplate":"https:\/\/jornalboasnoticias.com.br\/home\/?s={search_term_string}"},"query-input":{"@type":"PropertyValueSpecification","valueRequired":true,"valueName":"search_term_string"}}],"inLanguage":"pt-BR"},{"@type":"Organization","@id":"https:\/\/jornalboasnoticias.com.br\/home\/#organization","name":"Coq Editora Ltda","alternateName":"Jornal Boas Noticias","url":"https:\/\/jornalboasnoticias.com.br\/home\/","logo":{"@type":"ImageObject","inLanguage":"pt-BR","@id":"https:\/\/jornalboasnoticias.com.br\/home\/#\/schema\/logo\/image\/","url":"https:\/\/jornalboasnoticias.com.br\/home\/wp-content\/uploads\/2024\/07\/cropped-logo.jpg","contentUrl":"https:\/\/jornalboasnoticias.com.br\/home\/wp-content\/uploads\/2024\/07\/cropped-logo.jpg","width":290,"height":142,"caption":"Coq Editora Ltda"},"image":{"@id":"https:\/\/jornalboasnoticias.com.br\/home\/#\/schema\/logo\/image\/"},"sameAs":["https:\/\/www.facebook.com\/boasnoticiasjornal"]},{"@type":"Person","@id":"https:\/\/jornalboasnoticias.com.br\/home\/#\/schema\/person\/75f9ebde398c998c166475fb446bda62","name":"Luiz Carlos da Cruz","image":{"@type":"ImageObject","inLanguage":"pt-BR","@id":"https:\/\/secure.gravatar.com\/avatar\/e6f4f45301b6cb8572f7b076572e8ac11c1db80e805d8c8d0858cf286ce3ac3b?s=96&d=mm&r=g","url":"https:\/\/secure.gravatar.com\/avatar\/e6f4f45301b6cb8572f7b076572e8ac11c1db80e805d8c8d0858cf286ce3ac3b?s=96&d=mm&r=g","contentUrl":"https:\/\/secure.gravatar.com\/avatar\/e6f4f45301b6cb8572f7b076572e8ac11c1db80e805d8c8d0858cf286ce3ac3b?s=96&d=mm&r=g","caption":"Luiz Carlos da Cruz"},"url":"https:\/\/jornalboasnoticias.com.br\/home\/author\/luiz-carlos-da-cruz\/"}]}},"_links":{"self":[{"href":"https:\/\/jornalboasnoticias.com.br\/home\/wp-json\/wp\/v2\/posts\/46419","targetHints":{"allow":["GET"]}}],"collection":[{"href":"https:\/\/jornalboasnoticias.com.br\/home\/wp-json\/wp\/v2\/posts"}],"about":[{"href":"https:\/\/jornalboasnoticias.com.br\/home\/wp-json\/wp\/v2\/types\/post"}],"author":[{"embeddable":true,"href":"https:\/\/jornalboasnoticias.com.br\/home\/wp-json\/wp\/v2\/users\/3"}],"replies":[{"embeddable":true,"href":"https:\/\/jornalboasnoticias.com.br\/home\/wp-json\/wp\/v2\/comments?post=46419"}],"version-history":[{"count":1,"href":"https:\/\/jornalboasnoticias.com.br\/home\/wp-json\/wp\/v2\/posts\/46419\/revisions"}],"predecessor-version":[{"id":46421,"href":"https:\/\/jornalboasnoticias.com.br\/home\/wp-json\/wp\/v2\/posts\/46419\/revisions\/46421"}],"wp:featuredmedia":[{"embeddable":true,"href":"https:\/\/jornalboasnoticias.com.br\/home\/wp-json\/wp\/v2\/media\/46420"}],"wp:attachment":[{"href":"https:\/\/jornalboasnoticias.com.br\/home\/wp-json\/wp\/v2\/media?parent=46419"}],"wp:term":[{"taxonomy":"category","embeddable":true,"href":"https:\/\/jornalboasnoticias.com.br\/home\/wp-json\/wp\/v2\/categories?post=46419"},{"taxonomy":"post_tag","embeddable":true,"href":"https:\/\/jornalboasnoticias.com.br\/home\/wp-json\/wp\/v2\/tags?post=46419"}],"curies":[{"name":"wp","href":"https:\/\/api.w.org\/{rel}","templated":true}]}}