{"id":46403,"date":"2025-07-31T17:59:17","date_gmt":"2025-07-31T17:59:17","guid":{"rendered":"https:\/\/jornalboasnoticias.com.br\/home\/?p=46403"},"modified":"2025-07-31T17:59:17","modified_gmt":"2025-07-31T17:59:17","slug":"policia-investiga-abordagem-que-baleou-cantor-gospel-em-sao-paulo","status":"publish","type":"post","link":"https:\/\/jornalboasnoticias.com.br\/home\/policia-investiga-abordagem-que-baleou-cantor-gospel-em-sao-paulo\/","title":{"rendered":"Pol\u00edcia investiga abordagem que baleou cantor gospel em S\u00e3o Paulo"},"content":{"rendered":"<blockquote>\n<p style=\"text-align: center;\">Jo\u00e3o Igor passou por cirurgia e segue internado<\/p>\n<\/blockquote>\n<figure id=\"attachment_46404\" aria-describedby=\"caption-attachment-46404\" style=\"width: 1170px\" class=\"wp-caption alignnone\"><img loading=\"lazy\" decoding=\"async\" class=\"size-full wp-image-46404\" src=\"https:\/\/jornalboasnoticias.com.br\/home\/wp-content\/uploads\/2025\/07\/saveclip.app_503664910_18514118023046091_426234983293274082_n.webp\" alt=\"\" width=\"1170\" height=\"700\" srcset=\"https:\/\/jornalboasnoticias.com.br\/home\/wp-content\/uploads\/2025\/07\/saveclip.app_503664910_18514118023046091_426234983293274082_n.webp 1170w, https:\/\/jornalboasnoticias.com.br\/home\/wp-content\/uploads\/2025\/07\/saveclip.app_503664910_18514118023046091_426234983293274082_n-300x179.webp 300w, https:\/\/jornalboasnoticias.com.br\/home\/wp-content\/uploads\/2025\/07\/saveclip.app_503664910_18514118023046091_426234983293274082_n-1024x613.webp 1024w, https:\/\/jornalboasnoticias.com.br\/home\/wp-content\/uploads\/2025\/07\/saveclip.app_503664910_18514118023046091_426234983293274082_n-768x459.webp 768w\" sizes=\"auto, (max-width: 1170px) 100vw, 1170px\" \/><figcaption id=\"caption-attachment-46404\" class=\"wp-caption-text\">\u00a9 joao_igoroficial\/Instagram<\/figcaption><\/figure>\n<p>As pol\u00edcias Civil e Militar investigam uma abordagem policial em um \u00f4nibus, no terminal rodovi\u00e1rio da Barra Funda, na zona oeste de S\u00e3o Paulo, que resultou em um policial militar e um homem de 26 anos feridos, nessa quarta-feira (30).<img decoding=\"async\" src=\"https:\/\/agenciabrasil.ebc.com.br\/ebc.png?id=1652696&amp;o=node\" \/><img decoding=\"async\" src=\"https:\/\/agenciabrasil.ebc.com.br\/ebc.gif?id=1652696&amp;o=node\" \/><\/p>\n<p>O homem foi identificado como o cantor gospel Jo\u00e3o Igor. Ele foi alvejado na perna e no bra\u00e7o. Foi socorrido e levado para um hospital, onde passou por cirurgia. Jo\u00e3o segue internado e deve se submeter a outro procedimento cir\u00fargico.<\/p>\n<p>Segundo informa\u00e7\u00f5es da Secretaria Estadual de Seguran\u00e7a P\u00fablica (SSP-SP), a PM foi acionada ap\u00f3s o policial, que havia embarcado no \u00f4nibus com destino a Bauru, sentir cheiro de maconha vindo da bagagem de dois passageiros.<\/p>\n<p>\u201cDurante a abordagem, os suspeitos entraram em luta corporal com o agente, e os tr\u00eas ca\u00edram da escada do ve\u00edculo. Nesse momento, houve disparo da arma do policial, que atingiu um dos homens. Ele foi socorrido ao Pronto-Socorro da Santa Casa. O policial sofreu ferimentos na m\u00e3o e recebeu atendimento na UPA da Lapa. O outro passageiro n\u00e3o se feriu e foi encontrado na sua bolsa subst\u00e2ncia com caracter\u00edsticas semelhantes \u00e0 maconha\u201d, informou, em nota, a SSP-SP.<\/p>\n<p>Ainda segundo a Secretaria, foram solicitados exames periciais ao Instituto de Criminal\u00edstica (IC) e ao Instituto M\u00e9dico Legal (IML). O caso foi registrado no 91\u00ba Distrito Policial, no Ceasa, como ato de resist\u00eancia seguido de les\u00e3o corporal decorrente de interven\u00e7\u00e3o policial.<\/p>\n<p><em>Ag\u00eancia Brasil<\/em><\/p>\n","protected":false},"excerpt":{"rendered":"<p>Jo\u00e3o Igor passou por cirurgia e segue internado As pol\u00edcias Civil e Militar investigam uma<\/p>\n","protected":false},"author":3,"featured_media":46404,"comment_status":"open","ping_status":"open","sticky":false,"template":"","format":"standard","meta":{"footnotes":""},"categories":[6,3],"tags":[],"class_list":["post-46403","post","type-post","status-publish","format-standard","has-post-thumbnail","hentry","category-brasil","category-destaques"],"yoast_head":"<!-- This site is optimized with the Yoast SEO plugin v27.5 - https:\/\/yoast.com\/product\/yoast-seo-wordpress\/ -->\n<title>Pol\u00edcia investiga abordagem que baleou cantor gospel em S\u00e3o Paulo - Jornal<\/title>\n<meta name=\"description\" content=\"Pol\u00edcia investiga abordagem que baleou cantor gospel em S\u00e3o Paulo\" \/>\n<meta name=\"robots\" content=\"index, follow, max-snippet:-1, max-image-preview:large, max-video-preview:-1\" \/>\n<link rel=\"canonical\" href=\"https:\/\/jornalboasnoticias.com.br\/home\/policia-investiga-abordagem-que-baleou-cantor-gospel-em-sao-paulo\/\" \/>\n<meta property=\"og:locale\" content=\"pt_BR\" \/>\n<meta property=\"og:type\" content=\"article\" \/>\n<meta property=\"og:title\" content=\"Pol\u00edcia investiga abordagem que baleou cantor gospel em S\u00e3o Paulo - Jornal\" \/>\n<meta property=\"og:description\" content=\"Pol\u00edcia investiga abordagem que baleou cantor gospel em S\u00e3o Paulo\" \/>\n<meta property=\"og:url\" content=\"https:\/\/jornalboasnoticias.com.br\/home\/policia-investiga-abordagem-que-baleou-cantor-gospel-em-sao-paulo\/\" \/>\n<meta property=\"og:site_name\" content=\"Jornal\" \/>\n<meta property=\"article:publisher\" content=\"https:\/\/www.facebook.com\/boasnoticiasjornal\" \/>\n<meta property=\"article:published_time\" content=\"2025-07-31T17:59:17+00:00\" \/>\n<meta property=\"og:image\" content=\"https:\/\/jornalboasnoticias.com.br\/home\/wp-content\/uploads\/2025\/07\/saveclip.app_503664910_18514118023046091_426234983293274082_n.webp\" \/>\n\t<meta property=\"og:image:width\" content=\"1170\" \/>\n\t<meta property=\"og:image:height\" content=\"700\" \/>\n\t<meta property=\"og:image:type\" content=\"image\/webp\" \/>\n<meta name=\"author\" content=\"Luiz Carlos da Cruz\" \/>\n<meta name=\"twitter:card\" content=\"summary_large_image\" \/>\n<meta name=\"twitter:label1\" content=\"Escrito por\" \/>\n\t<meta name=\"twitter:data1\" content=\"Luiz Carlos da Cruz\" \/>\n\t<meta name=\"twitter:label2\" content=\"Est. tempo de leitura\" \/>\n\t<meta name=\"twitter:data2\" content=\"3 minutos\" \/>\n<script type=\"application\/ld+json\" class=\"yoast-schema-graph\">{\"@context\":\"https:\\\/\\\/schema.org\",\"@graph\":[{\"@type\":\"Article\",\"@id\":\"https:\\\/\\\/jornalboasnoticias.com.br\\\/home\\\/policia-investiga-abordagem-que-baleou-cantor-gospel-em-sao-paulo\\\/#article\",\"isPartOf\":{\"@id\":\"https:\\\/\\\/jornalboasnoticias.com.br\\\/home\\\/policia-investiga-abordagem-que-baleou-cantor-gospel-em-sao-paulo\\\/\"},\"author\":{\"name\":\"Luiz Carlos da Cruz\",\"@id\":\"https:\\\/\\\/jornalboasnoticias.com.br\\\/home\\\/#\\\/schema\\\/person\\\/75f9ebde398c998c166475fb446bda62\"},\"headline\":\"Pol\u00edcia investiga abordagem que baleou cantor gospel em S\u00e3o Paulo\",\"datePublished\":\"2025-07-31T17:59:17+00:00\",\"mainEntityOfPage\":{\"@id\":\"https:\\\/\\\/jornalboasnoticias.com.br\\\/home\\\/policia-investiga-abordagem-que-baleou-cantor-gospel-em-sao-paulo\\\/\"},\"wordCount\":286,\"commentCount\":0,\"publisher\":{\"@id\":\"https:\\\/\\\/jornalboasnoticias.com.br\\\/home\\\/#organization\"},\"image\":{\"@id\":\"https:\\\/\\\/jornalboasnoticias.com.br\\\/home\\\/policia-investiga-abordagem-que-baleou-cantor-gospel-em-sao-paulo\\\/#primaryimage\"},\"thumbnailUrl\":\"https:\\\/\\\/jornalboasnoticias.com.br\\\/home\\\/wp-content\\\/uploads\\\/2025\\\/07\\\/saveclip.app_503664910_18514118023046091_426234983293274082_n.webp\",\"articleSection\":[\"BRASIL\",\"DESTAQUE\"],\"inLanguage\":\"pt-BR\",\"potentialAction\":[{\"@type\":\"CommentAction\",\"name\":\"Comment\",\"target\":[\"https:\\\/\\\/jornalboasnoticias.com.br\\\/home\\\/policia-investiga-abordagem-que-baleou-cantor-gospel-em-sao-paulo\\\/#respond\"]}]},{\"@type\":\"WebPage\",\"@id\":\"https:\\\/\\\/jornalboasnoticias.com.br\\\/home\\\/policia-investiga-abordagem-que-baleou-cantor-gospel-em-sao-paulo\\\/\",\"url\":\"https:\\\/\\\/jornalboasnoticias.com.br\\\/home\\\/policia-investiga-abordagem-que-baleou-cantor-gospel-em-sao-paulo\\\/\",\"name\":\"Pol\u00edcia investiga abordagem que baleou cantor gospel em S\u00e3o Paulo - Jornal\",\"isPartOf\":{\"@id\":\"https:\\\/\\\/jornalboasnoticias.com.br\\\/home\\\/#website\"},\"primaryImageOfPage\":{\"@id\":\"https:\\\/\\\/jornalboasnoticias.com.br\\\/home\\\/policia-investiga-abordagem-que-baleou-cantor-gospel-em-sao-paulo\\\/#primaryimage\"},\"image\":{\"@id\":\"https:\\\/\\\/jornalboasnoticias.com.br\\\/home\\\/policia-investiga-abordagem-que-baleou-cantor-gospel-em-sao-paulo\\\/#primaryimage\"},\"thumbnailUrl\":\"https:\\\/\\\/jornalboasnoticias.com.br\\\/home\\\/wp-content\\\/uploads\\\/2025\\\/07\\\/saveclip.app_503664910_18514118023046091_426234983293274082_n.webp\",\"datePublished\":\"2025-07-31T17:59:17+00:00\",\"description\":\"Pol\u00edcia investiga abordagem que baleou cantor gospel em S\u00e3o Paulo\",\"breadcrumb\":{\"@id\":\"https:\\\/\\\/jornalboasnoticias.com.br\\\/home\\\/policia-investiga-abordagem-que-baleou-cantor-gospel-em-sao-paulo\\\/#breadcrumb\"},\"inLanguage\":\"pt-BR\",\"potentialAction\":[{\"@type\":\"ReadAction\",\"target\":[\"https:\\\/\\\/jornalboasnoticias.com.br\\\/home\\\/policia-investiga-abordagem-que-baleou-cantor-gospel-em-sao-paulo\\\/\"]}]},{\"@type\":\"ImageObject\",\"inLanguage\":\"pt-BR\",\"@id\":\"https:\\\/\\\/jornalboasnoticias.com.br\\\/home\\\/policia-investiga-abordagem-que-baleou-cantor-gospel-em-sao-paulo\\\/#primaryimage\",\"url\":\"https:\\\/\\\/jornalboasnoticias.com.br\\\/home\\\/wp-content\\\/uploads\\\/2025\\\/07\\\/saveclip.app_503664910_18514118023046091_426234983293274082_n.webp\",\"contentUrl\":\"https:\\\/\\\/jornalboasnoticias.com.br\\\/home\\\/wp-content\\\/uploads\\\/2025\\\/07\\\/saveclip.app_503664910_18514118023046091_426234983293274082_n.webp\",\"width\":1170,\"height\":700,\"caption\":\"\u00a9 joao_igoroficial\\\/Instagram\"},{\"@type\":\"BreadcrumbList\",\"@id\":\"https:\\\/\\\/jornalboasnoticias.com.br\\\/home\\\/policia-investiga-abordagem-que-baleou-cantor-gospel-em-sao-paulo\\\/#breadcrumb\",\"itemListElement\":[{\"@type\":\"ListItem\",\"position\":1,\"name\":\"In\u00edcio\",\"item\":\"https:\\\/\\\/jornalboasnoticias.com.br\\\/home\\\/\"},{\"@type\":\"ListItem\",\"position\":2,\"name\":\"Pol\u00edcia investiga abordagem que baleou cantor gospel em S\u00e3o Paulo\"}]},{\"@type\":\"WebSite\",\"@id\":\"https:\\\/\\\/jornalboasnoticias.com.br\\\/home\\\/#website\",\"url\":\"https:\\\/\\\/jornalboasnoticias.com.br\\\/home\\\/\",\"name\":\"Jornal Boas Not\u00edcias\",\"description\":\"Boas not\u00edcias\",\"publisher\":{\"@id\":\"https:\\\/\\\/jornalboasnoticias.com.br\\\/home\\\/#organization\"},\"potentialAction\":[{\"@type\":\"SearchAction\",\"target\":{\"@type\":\"EntryPoint\",\"urlTemplate\":\"https:\\\/\\\/jornalboasnoticias.com.br\\\/home\\\/?s={search_term_string}\"},\"query-input\":{\"@type\":\"PropertyValueSpecification\",\"valueRequired\":true,\"valueName\":\"search_term_string\"}}],\"inLanguage\":\"pt-BR\"},{\"@type\":\"Organization\",\"@id\":\"https:\\\/\\\/jornalboasnoticias.com.br\\\/home\\\/#organization\",\"name\":\"Coq Editora Ltda\",\"alternateName\":\"Jornal Boas Noticias\",\"url\":\"https:\\\/\\\/jornalboasnoticias.com.br\\\/home\\\/\",\"logo\":{\"@type\":\"ImageObject\",\"inLanguage\":\"pt-BR\",\"@id\":\"https:\\\/\\\/jornalboasnoticias.com.br\\\/home\\\/#\\\/schema\\\/logo\\\/image\\\/\",\"url\":\"https:\\\/\\\/jornalboasnoticias.com.br\\\/home\\\/wp-content\\\/uploads\\\/2024\\\/07\\\/cropped-logo.jpg\",\"contentUrl\":\"https:\\\/\\\/jornalboasnoticias.com.br\\\/home\\\/wp-content\\\/uploads\\\/2024\\\/07\\\/cropped-logo.jpg\",\"width\":290,\"height\":142,\"caption\":\"Coq Editora Ltda\"},\"image\":{\"@id\":\"https:\\\/\\\/jornalboasnoticias.com.br\\\/home\\\/#\\\/schema\\\/logo\\\/image\\\/\"},\"sameAs\":[\"https:\\\/\\\/www.facebook.com\\\/boasnoticiasjornal\"]},{\"@type\":\"Person\",\"@id\":\"https:\\\/\\\/jornalboasnoticias.com.br\\\/home\\\/#\\\/schema\\\/person\\\/75f9ebde398c998c166475fb446bda62\",\"name\":\"Luiz Carlos da Cruz\",\"image\":{\"@type\":\"ImageObject\",\"inLanguage\":\"pt-BR\",\"@id\":\"https:\\\/\\\/secure.gravatar.com\\\/avatar\\\/e6f4f45301b6cb8572f7b076572e8ac11c1db80e805d8c8d0858cf286ce3ac3b?s=96&d=mm&r=g\",\"url\":\"https:\\\/\\\/secure.gravatar.com\\\/avatar\\\/e6f4f45301b6cb8572f7b076572e8ac11c1db80e805d8c8d0858cf286ce3ac3b?s=96&d=mm&r=g\",\"contentUrl\":\"https:\\\/\\\/secure.gravatar.com\\\/avatar\\\/e6f4f45301b6cb8572f7b076572e8ac11c1db80e805d8c8d0858cf286ce3ac3b?s=96&d=mm&r=g\",\"caption\":\"Luiz Carlos da Cruz\"},\"url\":\"https:\\\/\\\/jornalboasnoticias.com.br\\\/home\\\/author\\\/luiz-carlos-da-cruz\\\/\"}]}<\/script>\n<!-- \/ Yoast SEO plugin. -->","yoast_head_json":{"title":"Pol\u00edcia investiga abordagem que baleou cantor gospel em S\u00e3o Paulo - Jornal","description":"Pol\u00edcia investiga abordagem que baleou cantor gospel em S\u00e3o Paulo","robots":{"index":"index","follow":"follow","max-snippet":"max-snippet:-1","max-image-preview":"max-image-preview:large","max-video-preview":"max-video-preview:-1"},"canonical":"https:\/\/jornalboasnoticias.com.br\/home\/policia-investiga-abordagem-que-baleou-cantor-gospel-em-sao-paulo\/","og_locale":"pt_BR","og_type":"article","og_title":"Pol\u00edcia investiga abordagem que baleou cantor gospel em S\u00e3o Paulo - Jornal","og_description":"Pol\u00edcia investiga abordagem que baleou cantor gospel em S\u00e3o Paulo","og_url":"https:\/\/jornalboasnoticias.com.br\/home\/policia-investiga-abordagem-que-baleou-cantor-gospel-em-sao-paulo\/","og_site_name":"Jornal","article_publisher":"https:\/\/www.facebook.com\/boasnoticiasjornal","article_published_time":"2025-07-31T17:59:17+00:00","og_image":[{"width":1170,"height":700,"url":"https:\/\/jornalboasnoticias.com.br\/home\/wp-content\/uploads\/2025\/07\/saveclip.app_503664910_18514118023046091_426234983293274082_n.webp","type":"image\/webp"}],"author":"Luiz Carlos da Cruz","twitter_card":"summary_large_image","twitter_misc":{"Escrito por":"Luiz Carlos da Cruz","Est. tempo de leitura":"3 minutos"},"schema":{"@context":"https:\/\/schema.org","@graph":[{"@type":"Article","@id":"https:\/\/jornalboasnoticias.com.br\/home\/policia-investiga-abordagem-que-baleou-cantor-gospel-em-sao-paulo\/#article","isPartOf":{"@id":"https:\/\/jornalboasnoticias.com.br\/home\/policia-investiga-abordagem-que-baleou-cantor-gospel-em-sao-paulo\/"},"author":{"name":"Luiz Carlos da Cruz","@id":"https:\/\/jornalboasnoticias.com.br\/home\/#\/schema\/person\/75f9ebde398c998c166475fb446bda62"},"headline":"Pol\u00edcia investiga abordagem que baleou cantor gospel em S\u00e3o Paulo","datePublished":"2025-07-31T17:59:17+00:00","mainEntityOfPage":{"@id":"https:\/\/jornalboasnoticias.com.br\/home\/policia-investiga-abordagem-que-baleou-cantor-gospel-em-sao-paulo\/"},"wordCount":286,"commentCount":0,"publisher":{"@id":"https:\/\/jornalboasnoticias.com.br\/home\/#organization"},"image":{"@id":"https:\/\/jornalboasnoticias.com.br\/home\/policia-investiga-abordagem-que-baleou-cantor-gospel-em-sao-paulo\/#primaryimage"},"thumbnailUrl":"https:\/\/jornalboasnoticias.com.br\/home\/wp-content\/uploads\/2025\/07\/saveclip.app_503664910_18514118023046091_426234983293274082_n.webp","articleSection":["BRASIL","DESTAQUE"],"inLanguage":"pt-BR","potentialAction":[{"@type":"CommentAction","name":"Comment","target":["https:\/\/jornalboasnoticias.com.br\/home\/policia-investiga-abordagem-que-baleou-cantor-gospel-em-sao-paulo\/#respond"]}]},{"@type":"WebPage","@id":"https:\/\/jornalboasnoticias.com.br\/home\/policia-investiga-abordagem-que-baleou-cantor-gospel-em-sao-paulo\/","url":"https:\/\/jornalboasnoticias.com.br\/home\/policia-investiga-abordagem-que-baleou-cantor-gospel-em-sao-paulo\/","name":"Pol\u00edcia investiga abordagem que baleou cantor gospel em S\u00e3o Paulo - Jornal","isPartOf":{"@id":"https:\/\/jornalboasnoticias.com.br\/home\/#website"},"primaryImageOfPage":{"@id":"https:\/\/jornalboasnoticias.com.br\/home\/policia-investiga-abordagem-que-baleou-cantor-gospel-em-sao-paulo\/#primaryimage"},"image":{"@id":"https:\/\/jornalboasnoticias.com.br\/home\/policia-investiga-abordagem-que-baleou-cantor-gospel-em-sao-paulo\/#primaryimage"},"thumbnailUrl":"https:\/\/jornalboasnoticias.com.br\/home\/wp-content\/uploads\/2025\/07\/saveclip.app_503664910_18514118023046091_426234983293274082_n.webp","datePublished":"2025-07-31T17:59:17+00:00","description":"Pol\u00edcia investiga abordagem que baleou cantor gospel em S\u00e3o Paulo","breadcrumb":{"@id":"https:\/\/jornalboasnoticias.com.br\/home\/policia-investiga-abordagem-que-baleou-cantor-gospel-em-sao-paulo\/#breadcrumb"},"inLanguage":"pt-BR","potentialAction":[{"@type":"ReadAction","target":["https:\/\/jornalboasnoticias.com.br\/home\/policia-investiga-abordagem-que-baleou-cantor-gospel-em-sao-paulo\/"]}]},{"@type":"ImageObject","inLanguage":"pt-BR","@id":"https:\/\/jornalboasnoticias.com.br\/home\/policia-investiga-abordagem-que-baleou-cantor-gospel-em-sao-paulo\/#primaryimage","url":"https:\/\/jornalboasnoticias.com.br\/home\/wp-content\/uploads\/2025\/07\/saveclip.app_503664910_18514118023046091_426234983293274082_n.webp","contentUrl":"https:\/\/jornalboasnoticias.com.br\/home\/wp-content\/uploads\/2025\/07\/saveclip.app_503664910_18514118023046091_426234983293274082_n.webp","width":1170,"height":700,"caption":"\u00a9 joao_igoroficial\/Instagram"},{"@type":"BreadcrumbList","@id":"https:\/\/jornalboasnoticias.com.br\/home\/policia-investiga-abordagem-que-baleou-cantor-gospel-em-sao-paulo\/#breadcrumb","itemListElement":[{"@type":"ListItem","position":1,"name":"In\u00edcio","item":"https:\/\/jornalboasnoticias.com.br\/home\/"},{"@type":"ListItem","position":2,"name":"Pol\u00edcia investiga abordagem que baleou cantor gospel em S\u00e3o Paulo"}]},{"@type":"WebSite","@id":"https:\/\/jornalboasnoticias.com.br\/home\/#website","url":"https:\/\/jornalboasnoticias.com.br\/home\/","name":"Jornal Boas Not\u00edcias","description":"Boas not\u00edcias","publisher":{"@id":"https:\/\/jornalboasnoticias.com.br\/home\/#organization"},"potentialAction":[{"@type":"SearchAction","target":{"@type":"EntryPoint","urlTemplate":"https:\/\/jornalboasnoticias.com.br\/home\/?s={search_term_string}"},"query-input":{"@type":"PropertyValueSpecification","valueRequired":true,"valueName":"search_term_string"}}],"inLanguage":"pt-BR"},{"@type":"Organization","@id":"https:\/\/jornalboasnoticias.com.br\/home\/#organization","name":"Coq Editora Ltda","alternateName":"Jornal Boas Noticias","url":"https:\/\/jornalboasnoticias.com.br\/home\/","logo":{"@type":"ImageObject","inLanguage":"pt-BR","@id":"https:\/\/jornalboasnoticias.com.br\/home\/#\/schema\/logo\/image\/","url":"https:\/\/jornalboasnoticias.com.br\/home\/wp-content\/uploads\/2024\/07\/cropped-logo.jpg","contentUrl":"https:\/\/jornalboasnoticias.com.br\/home\/wp-content\/uploads\/2024\/07\/cropped-logo.jpg","width":290,"height":142,"caption":"Coq Editora Ltda"},"image":{"@id":"https:\/\/jornalboasnoticias.com.br\/home\/#\/schema\/logo\/image\/"},"sameAs":["https:\/\/www.facebook.com\/boasnoticiasjornal"]},{"@type":"Person","@id":"https:\/\/jornalboasnoticias.com.br\/home\/#\/schema\/person\/75f9ebde398c998c166475fb446bda62","name":"Luiz Carlos da Cruz","image":{"@type":"ImageObject","inLanguage":"pt-BR","@id":"https:\/\/secure.gravatar.com\/avatar\/e6f4f45301b6cb8572f7b076572e8ac11c1db80e805d8c8d0858cf286ce3ac3b?s=96&d=mm&r=g","url":"https:\/\/secure.gravatar.com\/avatar\/e6f4f45301b6cb8572f7b076572e8ac11c1db80e805d8c8d0858cf286ce3ac3b?s=96&d=mm&r=g","contentUrl":"https:\/\/secure.gravatar.com\/avatar\/e6f4f45301b6cb8572f7b076572e8ac11c1db80e805d8c8d0858cf286ce3ac3b?s=96&d=mm&r=g","caption":"Luiz Carlos da Cruz"},"url":"https:\/\/jornalboasnoticias.com.br\/home\/author\/luiz-carlos-da-cruz\/"}]}},"_links":{"self":[{"href":"https:\/\/jornalboasnoticias.com.br\/home\/wp-json\/wp\/v2\/posts\/46403","targetHints":{"allow":["GET"]}}],"collection":[{"href":"https:\/\/jornalboasnoticias.com.br\/home\/wp-json\/wp\/v2\/posts"}],"about":[{"href":"https:\/\/jornalboasnoticias.com.br\/home\/wp-json\/wp\/v2\/types\/post"}],"author":[{"embeddable":true,"href":"https:\/\/jornalboasnoticias.com.br\/home\/wp-json\/wp\/v2\/users\/3"}],"replies":[{"embeddable":true,"href":"https:\/\/jornalboasnoticias.com.br\/home\/wp-json\/wp\/v2\/comments?post=46403"}],"version-history":[{"count":1,"href":"https:\/\/jornalboasnoticias.com.br\/home\/wp-json\/wp\/v2\/posts\/46403\/revisions"}],"predecessor-version":[{"id":46405,"href":"https:\/\/jornalboasnoticias.com.br\/home\/wp-json\/wp\/v2\/posts\/46403\/revisions\/46405"}],"wp:featuredmedia":[{"embeddable":true,"href":"https:\/\/jornalboasnoticias.com.br\/home\/wp-json\/wp\/v2\/media\/46404"}],"wp:attachment":[{"href":"https:\/\/jornalboasnoticias.com.br\/home\/wp-json\/wp\/v2\/media?parent=46403"}],"wp:term":[{"taxonomy":"category","embeddable":true,"href":"https:\/\/jornalboasnoticias.com.br\/home\/wp-json\/wp\/v2\/categories?post=46403"},{"taxonomy":"post_tag","embeddable":true,"href":"https:\/\/jornalboasnoticias.com.br\/home\/wp-json\/wp\/v2\/tags?post=46403"}],"curies":[{"name":"wp","href":"https:\/\/api.w.org\/{rel}","templated":true}]}}