{"id":46379,"date":"2025-07-24T12:51:12","date_gmt":"2025-07-24T12:51:12","guid":{"rendered":"https:\/\/jornalboasnoticias.com.br\/home\/?p=46379"},"modified":"2025-07-24T12:51:12","modified_gmt":"2025-07-24T12:51:12","slug":"prefeitura-fara-mutirao-de-atualizacao-de-cadastro-unico-em-cascavel","status":"publish","type":"post","link":"https:\/\/jornalboasnoticias.com.br\/home\/prefeitura-fara-mutirao-de-atualizacao-de-cadastro-unico-em-cascavel\/","title":{"rendered":"Prefeitura far\u00e1 mutir\u00e3o de atualiza\u00e7\u00e3o de Cadastro \u00danico em Cascavel"},"content":{"rendered":"<blockquote>\n<p style=\"text-align: center;\">Em raz\u00e3o do trabalho, n\u00e3o haver\u00e1 atendimento presencial do servi\u00e7o de inclus\u00e3o ou atualiza\u00e7\u00e3o do Cadastro \u00danico nos Cras de segunda (28) at\u00e9 dia 1\u00b0 de agosto. Demais servi\u00e7os seguem com atendimento normal nos Cras<\/p>\n<\/blockquote>\n<figure id=\"attachment_46380\" aria-describedby=\"caption-attachment-46380\" style=\"width: 1000px\" class=\"wp-caption alignnone\"><img loading=\"lazy\" decoding=\"async\" class=\"size-full wp-image-46380\" src=\"https:\/\/jornalboasnoticias.com.br\/home\/wp-content\/uploads\/2025\/07\/WhatsApp-Image-2025-02-28-at-09_11_52-1-e1753361431772.jpeg\" alt=\"\" width=\"1000\" height=\"666\" \/><figcaption id=\"caption-attachment-46380\" class=\"wp-caption-text\">Divulga\u00e7\u00e3o<\/figcaption><\/figure>\n<p>A Prefeitura, por meio da Secretaria de Assist\u00eancia Social informa que, a partir de segunda-feira (28) at\u00e9 dia 1\u00ba de agosto, ser\u00e1 realizado um mutir\u00e3o de atendimento do Cadastro \u00danico, por meio de visitas domiciliares.<\/p>\n<p>A a\u00e7\u00e3o atende \u00e0s diretrizes do governo federal, que vem promovendo processos de atualiza\u00e7\u00e3o cadastral do Cadastro \u00danico com exig\u00eancia de que, em alguns casos espec\u00edficos, a atualiza\u00e7\u00e3o ocorra exclusivamente por meio de visita ao domic\u00edlio.<\/p>\n<p>A medida est\u00e1 respaldada pela Portaria MDS n\u00ba 746, de 6 de julho de 2023, pela Instru\u00e7\u00e3o Normativa SENARC n\u00ba 18, de 28 de julho de 2023, e pela Lei n\u00b0 15.077 de 27 de dezembro de 2024, que estabelecem orienta\u00e7\u00f5es para atualiza\u00e7\u00e3o em domic\u00edlio de fam\u00edlias com ind\u00edcios de irregularidades cadastrais, e de fam\u00edlias unipessoais com perfil para programas sociais do Governo Federal.<\/p>\n<p>Entre os perfis obrigat\u00f3rios para atualiza\u00e7\u00e3o domiciliar est\u00e3o:<\/p>\n<p>&#8211; Fam\u00edlias unipessoais, compostas por apenas uma pessoa. Atualmente, Cascavel possui cerca de 16 mil fam\u00edlias unipessoais cadastradas no Cadastro \u00danico.<\/p>\n<p>&#8211; Fam\u00edlias inseridas na A\u00e7\u00e3o de Qualifica\u00e7\u00e3o Cadastral de 2025, conforme indica\u00e7\u00e3o do Governo Federal. No momento, s\u00e3o 1.546 fam\u00edlias nessa condi\u00e7\u00e3o.<\/p>\n<p>&#8211; Outros casos espec\u00edficos, como fam\u00edlias que desejam atualizar o Cadastro \u00danico para excluir um integrante que possui renda.<\/p>\n<h2>ATENDIMENTO PRESENCIAL<\/h2>\n<p>Diante da alta demanda, o Munic\u00edpio est\u00e1 adotando estrat\u00e9gias para intensificar o atendimento domiciliar. Dessa forma, n\u00e3o haver\u00e1 atendimento presencial do Cadastro \u00danico nas unidades dos CRAS, de segunda (28) at\u00e9 o dia 1\u00b0 de agosto, pois os entrevistadores sociais estar\u00e3o exclusivamente dedicados \u00e0s visitas domiciliares.<\/p>\n<p>A Secretaria Municipal de Assist\u00eancia Social realizar\u00e1 os agendamentos pr\u00e9vios e conta com a colabora\u00e7\u00e3o das fam\u00edlias para receber as equipes nas datas e hor\u00e1rios marcados. A previs\u00e3o \u00e9 realizar mais de 400 visitas ao longo da semana.<\/p>\n<p>Os demais atendimentos nas unidades dos CRAS ocorrer\u00e3o normalmente. Os atendimentos para inclus\u00e3o ou atualiza\u00e7\u00e3o do Cadastro \u00danico \u00a0retornar\u00e3o no dia 04 de agosto.<\/p>\n<p><em>Prefeitura de Cascavel<\/em><\/p>\n<p>&nbsp;<\/p>\n","protected":false},"excerpt":{"rendered":"<p>Em raz\u00e3o do trabalho, n\u00e3o haver\u00e1 atendimento presencial do servi\u00e7o de inclus\u00e3o ou atualiza\u00e7\u00e3o do<\/p>\n","protected":false},"author":3,"featured_media":46380,"comment_status":"open","ping_status":"open","sticky":false,"template":"","format":"standard","meta":{"footnotes":""},"categories":[2,3],"tags":[],"class_list":["post-46379","post","type-post","status-publish","format-standard","has-post-thumbnail","hentry","category-cascavel","category-destaques"],"yoast_head":"<!-- This site is optimized with the Yoast SEO plugin v27.5 - https:\/\/yoast.com\/product\/yoast-seo-wordpress\/ -->\n<title>Prefeitura far\u00e1 mutir\u00e3o de atualiza\u00e7\u00e3o de Cadastro \u00danico em Cascavel - Jornal<\/title>\n<meta name=\"description\" content=\"Prefeitura far\u00e1 mutir\u00e3o de atualiza\u00e7\u00e3o de Cadastro \u00danico em Cascavel\" \/>\n<meta name=\"robots\" content=\"index, follow, max-snippet:-1, max-image-preview:large, max-video-preview:-1\" \/>\n<link rel=\"canonical\" href=\"https:\/\/jornalboasnoticias.com.br\/home\/prefeitura-fara-mutirao-de-atualizacao-de-cadastro-unico-em-cascavel\/\" \/>\n<meta property=\"og:locale\" content=\"pt_BR\" \/>\n<meta property=\"og:type\" content=\"article\" \/>\n<meta property=\"og:title\" content=\"Prefeitura far\u00e1 mutir\u00e3o de atualiza\u00e7\u00e3o de Cadastro \u00danico em Cascavel - Jornal\" \/>\n<meta property=\"og:description\" content=\"Prefeitura far\u00e1 mutir\u00e3o de atualiza\u00e7\u00e3o de Cadastro \u00danico em Cascavel\" \/>\n<meta property=\"og:url\" content=\"https:\/\/jornalboasnoticias.com.br\/home\/prefeitura-fara-mutirao-de-atualizacao-de-cadastro-unico-em-cascavel\/\" \/>\n<meta property=\"og:site_name\" content=\"Jornal\" \/>\n<meta property=\"article:publisher\" content=\"https:\/\/www.facebook.com\/boasnoticiasjornal\" \/>\n<meta property=\"article:published_time\" content=\"2025-07-24T12:51:12+00:00\" \/>\n<meta property=\"og:image\" content=\"https:\/\/jornalboasnoticias.com.br\/home\/wp-content\/uploads\/2025\/07\/WhatsApp-Image-2025-02-28-at-09_11_52-1-e1753361431772.jpeg\" \/>\n\t<meta property=\"og:image:width\" content=\"1000\" \/>\n\t<meta property=\"og:image:height\" content=\"666\" \/>\n\t<meta property=\"og:image:type\" content=\"image\/jpeg\" \/>\n<meta name=\"author\" content=\"Luiz Carlos da Cruz\" \/>\n<meta name=\"twitter:card\" content=\"summary_large_image\" \/>\n<meta name=\"twitter:label1\" content=\"Escrito por\" \/>\n\t<meta name=\"twitter:data1\" content=\"Luiz Carlos da Cruz\" \/>\n\t<meta name=\"twitter:label2\" content=\"Est. tempo de leitura\" \/>\n\t<meta name=\"twitter:data2\" content=\"3 minutos\" \/>\n<script type=\"application\/ld+json\" class=\"yoast-schema-graph\">{\"@context\":\"https:\\\/\\\/schema.org\",\"@graph\":[{\"@type\":\"Article\",\"@id\":\"https:\\\/\\\/jornalboasnoticias.com.br\\\/home\\\/prefeitura-fara-mutirao-de-atualizacao-de-cadastro-unico-em-cascavel\\\/#article\",\"isPartOf\":{\"@id\":\"https:\\\/\\\/jornalboasnoticias.com.br\\\/home\\\/prefeitura-fara-mutirao-de-atualizacao-de-cadastro-unico-em-cascavel\\\/\"},\"author\":{\"name\":\"Luiz Carlos da Cruz\",\"@id\":\"https:\\\/\\\/jornalboasnoticias.com.br\\\/home\\\/#\\\/schema\\\/person\\\/75f9ebde398c998c166475fb446bda62\"},\"headline\":\"Prefeitura far\u00e1 mutir\u00e3o de atualiza\u00e7\u00e3o de Cadastro \u00danico em Cascavel\",\"datePublished\":\"2025-07-24T12:51:12+00:00\",\"mainEntityOfPage\":{\"@id\":\"https:\\\/\\\/jornalboasnoticias.com.br\\\/home\\\/prefeitura-fara-mutirao-de-atualizacao-de-cadastro-unico-em-cascavel\\\/\"},\"wordCount\":403,\"commentCount\":0,\"publisher\":{\"@id\":\"https:\\\/\\\/jornalboasnoticias.com.br\\\/home\\\/#organization\"},\"image\":{\"@id\":\"https:\\\/\\\/jornalboasnoticias.com.br\\\/home\\\/prefeitura-fara-mutirao-de-atualizacao-de-cadastro-unico-em-cascavel\\\/#primaryimage\"},\"thumbnailUrl\":\"https:\\\/\\\/jornalboasnoticias.com.br\\\/home\\\/wp-content\\\/uploads\\\/2025\\\/07\\\/WhatsApp-Image-2025-02-28-at-09_11_52-1-e1753361431772.jpeg\",\"articleSection\":[\"CASCAVEL\",\"DESTAQUE\"],\"inLanguage\":\"pt-BR\",\"potentialAction\":[{\"@type\":\"CommentAction\",\"name\":\"Comment\",\"target\":[\"https:\\\/\\\/jornalboasnoticias.com.br\\\/home\\\/prefeitura-fara-mutirao-de-atualizacao-de-cadastro-unico-em-cascavel\\\/#respond\"]}]},{\"@type\":\"WebPage\",\"@id\":\"https:\\\/\\\/jornalboasnoticias.com.br\\\/home\\\/prefeitura-fara-mutirao-de-atualizacao-de-cadastro-unico-em-cascavel\\\/\",\"url\":\"https:\\\/\\\/jornalboasnoticias.com.br\\\/home\\\/prefeitura-fara-mutirao-de-atualizacao-de-cadastro-unico-em-cascavel\\\/\",\"name\":\"Prefeitura far\u00e1 mutir\u00e3o de atualiza\u00e7\u00e3o de Cadastro \u00danico em Cascavel - Jornal\",\"isPartOf\":{\"@id\":\"https:\\\/\\\/jornalboasnoticias.com.br\\\/home\\\/#website\"},\"primaryImageOfPage\":{\"@id\":\"https:\\\/\\\/jornalboasnoticias.com.br\\\/home\\\/prefeitura-fara-mutirao-de-atualizacao-de-cadastro-unico-em-cascavel\\\/#primaryimage\"},\"image\":{\"@id\":\"https:\\\/\\\/jornalboasnoticias.com.br\\\/home\\\/prefeitura-fara-mutirao-de-atualizacao-de-cadastro-unico-em-cascavel\\\/#primaryimage\"},\"thumbnailUrl\":\"https:\\\/\\\/jornalboasnoticias.com.br\\\/home\\\/wp-content\\\/uploads\\\/2025\\\/07\\\/WhatsApp-Image-2025-02-28-at-09_11_52-1-e1753361431772.jpeg\",\"datePublished\":\"2025-07-24T12:51:12+00:00\",\"description\":\"Prefeitura far\u00e1 mutir\u00e3o de atualiza\u00e7\u00e3o de Cadastro \u00danico em Cascavel\",\"breadcrumb\":{\"@id\":\"https:\\\/\\\/jornalboasnoticias.com.br\\\/home\\\/prefeitura-fara-mutirao-de-atualizacao-de-cadastro-unico-em-cascavel\\\/#breadcrumb\"},\"inLanguage\":\"pt-BR\",\"potentialAction\":[{\"@type\":\"ReadAction\",\"target\":[\"https:\\\/\\\/jornalboasnoticias.com.br\\\/home\\\/prefeitura-fara-mutirao-de-atualizacao-de-cadastro-unico-em-cascavel\\\/\"]}]},{\"@type\":\"ImageObject\",\"inLanguage\":\"pt-BR\",\"@id\":\"https:\\\/\\\/jornalboasnoticias.com.br\\\/home\\\/prefeitura-fara-mutirao-de-atualizacao-de-cadastro-unico-em-cascavel\\\/#primaryimage\",\"url\":\"https:\\\/\\\/jornalboasnoticias.com.br\\\/home\\\/wp-content\\\/uploads\\\/2025\\\/07\\\/WhatsApp-Image-2025-02-28-at-09_11_52-1-e1753361431772.jpeg\",\"contentUrl\":\"https:\\\/\\\/jornalboasnoticias.com.br\\\/home\\\/wp-content\\\/uploads\\\/2025\\\/07\\\/WhatsApp-Image-2025-02-28-at-09_11_52-1-e1753361431772.jpeg\",\"width\":1000,\"height\":666,\"caption\":\"Divulga\u00e7\u00e3o\"},{\"@type\":\"BreadcrumbList\",\"@id\":\"https:\\\/\\\/jornalboasnoticias.com.br\\\/home\\\/prefeitura-fara-mutirao-de-atualizacao-de-cadastro-unico-em-cascavel\\\/#breadcrumb\",\"itemListElement\":[{\"@type\":\"ListItem\",\"position\":1,\"name\":\"In\u00edcio\",\"item\":\"https:\\\/\\\/jornalboasnoticias.com.br\\\/home\\\/\"},{\"@type\":\"ListItem\",\"position\":2,\"name\":\"Prefeitura far\u00e1 mutir\u00e3o de atualiza\u00e7\u00e3o de Cadastro \u00danico em Cascavel\"}]},{\"@type\":\"WebSite\",\"@id\":\"https:\\\/\\\/jornalboasnoticias.com.br\\\/home\\\/#website\",\"url\":\"https:\\\/\\\/jornalboasnoticias.com.br\\\/home\\\/\",\"name\":\"Jornal Boas Not\u00edcias\",\"description\":\"Boas not\u00edcias\",\"publisher\":{\"@id\":\"https:\\\/\\\/jornalboasnoticias.com.br\\\/home\\\/#organization\"},\"potentialAction\":[{\"@type\":\"SearchAction\",\"target\":{\"@type\":\"EntryPoint\",\"urlTemplate\":\"https:\\\/\\\/jornalboasnoticias.com.br\\\/home\\\/?s={search_term_string}\"},\"query-input\":{\"@type\":\"PropertyValueSpecification\",\"valueRequired\":true,\"valueName\":\"search_term_string\"}}],\"inLanguage\":\"pt-BR\"},{\"@type\":\"Organization\",\"@id\":\"https:\\\/\\\/jornalboasnoticias.com.br\\\/home\\\/#organization\",\"name\":\"Coq Editora Ltda\",\"alternateName\":\"Jornal Boas Noticias\",\"url\":\"https:\\\/\\\/jornalboasnoticias.com.br\\\/home\\\/\",\"logo\":{\"@type\":\"ImageObject\",\"inLanguage\":\"pt-BR\",\"@id\":\"https:\\\/\\\/jornalboasnoticias.com.br\\\/home\\\/#\\\/schema\\\/logo\\\/image\\\/\",\"url\":\"https:\\\/\\\/jornalboasnoticias.com.br\\\/home\\\/wp-content\\\/uploads\\\/2024\\\/07\\\/cropped-logo.jpg\",\"contentUrl\":\"https:\\\/\\\/jornalboasnoticias.com.br\\\/home\\\/wp-content\\\/uploads\\\/2024\\\/07\\\/cropped-logo.jpg\",\"width\":290,\"height\":142,\"caption\":\"Coq Editora Ltda\"},\"image\":{\"@id\":\"https:\\\/\\\/jornalboasnoticias.com.br\\\/home\\\/#\\\/schema\\\/logo\\\/image\\\/\"},\"sameAs\":[\"https:\\\/\\\/www.facebook.com\\\/boasnoticiasjornal\"]},{\"@type\":\"Person\",\"@id\":\"https:\\\/\\\/jornalboasnoticias.com.br\\\/home\\\/#\\\/schema\\\/person\\\/75f9ebde398c998c166475fb446bda62\",\"name\":\"Luiz Carlos da Cruz\",\"image\":{\"@type\":\"ImageObject\",\"inLanguage\":\"pt-BR\",\"@id\":\"https:\\\/\\\/secure.gravatar.com\\\/avatar\\\/e6f4f45301b6cb8572f7b076572e8ac11c1db80e805d8c8d0858cf286ce3ac3b?s=96&d=mm&r=g\",\"url\":\"https:\\\/\\\/secure.gravatar.com\\\/avatar\\\/e6f4f45301b6cb8572f7b076572e8ac11c1db80e805d8c8d0858cf286ce3ac3b?s=96&d=mm&r=g\",\"contentUrl\":\"https:\\\/\\\/secure.gravatar.com\\\/avatar\\\/e6f4f45301b6cb8572f7b076572e8ac11c1db80e805d8c8d0858cf286ce3ac3b?s=96&d=mm&r=g\",\"caption\":\"Luiz Carlos da Cruz\"},\"url\":\"https:\\\/\\\/jornalboasnoticias.com.br\\\/home\\\/author\\\/luiz-carlos-da-cruz\\\/\"}]}<\/script>\n<!-- \/ Yoast SEO plugin. -->","yoast_head_json":{"title":"Prefeitura far\u00e1 mutir\u00e3o de atualiza\u00e7\u00e3o de Cadastro \u00danico em Cascavel - Jornal","description":"Prefeitura far\u00e1 mutir\u00e3o de atualiza\u00e7\u00e3o de Cadastro \u00danico em Cascavel","robots":{"index":"index","follow":"follow","max-snippet":"max-snippet:-1","max-image-preview":"max-image-preview:large","max-video-preview":"max-video-preview:-1"},"canonical":"https:\/\/jornalboasnoticias.com.br\/home\/prefeitura-fara-mutirao-de-atualizacao-de-cadastro-unico-em-cascavel\/","og_locale":"pt_BR","og_type":"article","og_title":"Prefeitura far\u00e1 mutir\u00e3o de atualiza\u00e7\u00e3o de Cadastro \u00danico em Cascavel - Jornal","og_description":"Prefeitura far\u00e1 mutir\u00e3o de atualiza\u00e7\u00e3o de Cadastro \u00danico em Cascavel","og_url":"https:\/\/jornalboasnoticias.com.br\/home\/prefeitura-fara-mutirao-de-atualizacao-de-cadastro-unico-em-cascavel\/","og_site_name":"Jornal","article_publisher":"https:\/\/www.facebook.com\/boasnoticiasjornal","article_published_time":"2025-07-24T12:51:12+00:00","og_image":[{"width":1000,"height":666,"url":"https:\/\/jornalboasnoticias.com.br\/home\/wp-content\/uploads\/2025\/07\/WhatsApp-Image-2025-02-28-at-09_11_52-1-e1753361431772.jpeg","type":"image\/jpeg"}],"author":"Luiz Carlos da Cruz","twitter_card":"summary_large_image","twitter_misc":{"Escrito por":"Luiz Carlos da Cruz","Est. tempo de leitura":"3 minutos"},"schema":{"@context":"https:\/\/schema.org","@graph":[{"@type":"Article","@id":"https:\/\/jornalboasnoticias.com.br\/home\/prefeitura-fara-mutirao-de-atualizacao-de-cadastro-unico-em-cascavel\/#article","isPartOf":{"@id":"https:\/\/jornalboasnoticias.com.br\/home\/prefeitura-fara-mutirao-de-atualizacao-de-cadastro-unico-em-cascavel\/"},"author":{"name":"Luiz Carlos da Cruz","@id":"https:\/\/jornalboasnoticias.com.br\/home\/#\/schema\/person\/75f9ebde398c998c166475fb446bda62"},"headline":"Prefeitura far\u00e1 mutir\u00e3o de atualiza\u00e7\u00e3o de Cadastro \u00danico em Cascavel","datePublished":"2025-07-24T12:51:12+00:00","mainEntityOfPage":{"@id":"https:\/\/jornalboasnoticias.com.br\/home\/prefeitura-fara-mutirao-de-atualizacao-de-cadastro-unico-em-cascavel\/"},"wordCount":403,"commentCount":0,"publisher":{"@id":"https:\/\/jornalboasnoticias.com.br\/home\/#organization"},"image":{"@id":"https:\/\/jornalboasnoticias.com.br\/home\/prefeitura-fara-mutirao-de-atualizacao-de-cadastro-unico-em-cascavel\/#primaryimage"},"thumbnailUrl":"https:\/\/jornalboasnoticias.com.br\/home\/wp-content\/uploads\/2025\/07\/WhatsApp-Image-2025-02-28-at-09_11_52-1-e1753361431772.jpeg","articleSection":["CASCAVEL","DESTAQUE"],"inLanguage":"pt-BR","potentialAction":[{"@type":"CommentAction","name":"Comment","target":["https:\/\/jornalboasnoticias.com.br\/home\/prefeitura-fara-mutirao-de-atualizacao-de-cadastro-unico-em-cascavel\/#respond"]}]},{"@type":"WebPage","@id":"https:\/\/jornalboasnoticias.com.br\/home\/prefeitura-fara-mutirao-de-atualizacao-de-cadastro-unico-em-cascavel\/","url":"https:\/\/jornalboasnoticias.com.br\/home\/prefeitura-fara-mutirao-de-atualizacao-de-cadastro-unico-em-cascavel\/","name":"Prefeitura far\u00e1 mutir\u00e3o de atualiza\u00e7\u00e3o de Cadastro \u00danico em Cascavel - Jornal","isPartOf":{"@id":"https:\/\/jornalboasnoticias.com.br\/home\/#website"},"primaryImageOfPage":{"@id":"https:\/\/jornalboasnoticias.com.br\/home\/prefeitura-fara-mutirao-de-atualizacao-de-cadastro-unico-em-cascavel\/#primaryimage"},"image":{"@id":"https:\/\/jornalboasnoticias.com.br\/home\/prefeitura-fara-mutirao-de-atualizacao-de-cadastro-unico-em-cascavel\/#primaryimage"},"thumbnailUrl":"https:\/\/jornalboasnoticias.com.br\/home\/wp-content\/uploads\/2025\/07\/WhatsApp-Image-2025-02-28-at-09_11_52-1-e1753361431772.jpeg","datePublished":"2025-07-24T12:51:12+00:00","description":"Prefeitura far\u00e1 mutir\u00e3o de atualiza\u00e7\u00e3o de Cadastro \u00danico em Cascavel","breadcrumb":{"@id":"https:\/\/jornalboasnoticias.com.br\/home\/prefeitura-fara-mutirao-de-atualizacao-de-cadastro-unico-em-cascavel\/#breadcrumb"},"inLanguage":"pt-BR","potentialAction":[{"@type":"ReadAction","target":["https:\/\/jornalboasnoticias.com.br\/home\/prefeitura-fara-mutirao-de-atualizacao-de-cadastro-unico-em-cascavel\/"]}]},{"@type":"ImageObject","inLanguage":"pt-BR","@id":"https:\/\/jornalboasnoticias.com.br\/home\/prefeitura-fara-mutirao-de-atualizacao-de-cadastro-unico-em-cascavel\/#primaryimage","url":"https:\/\/jornalboasnoticias.com.br\/home\/wp-content\/uploads\/2025\/07\/WhatsApp-Image-2025-02-28-at-09_11_52-1-e1753361431772.jpeg","contentUrl":"https:\/\/jornalboasnoticias.com.br\/home\/wp-content\/uploads\/2025\/07\/WhatsApp-Image-2025-02-28-at-09_11_52-1-e1753361431772.jpeg","width":1000,"height":666,"caption":"Divulga\u00e7\u00e3o"},{"@type":"BreadcrumbList","@id":"https:\/\/jornalboasnoticias.com.br\/home\/prefeitura-fara-mutirao-de-atualizacao-de-cadastro-unico-em-cascavel\/#breadcrumb","itemListElement":[{"@type":"ListItem","position":1,"name":"In\u00edcio","item":"https:\/\/jornalboasnoticias.com.br\/home\/"},{"@type":"ListItem","position":2,"name":"Prefeitura far\u00e1 mutir\u00e3o de atualiza\u00e7\u00e3o de Cadastro \u00danico em Cascavel"}]},{"@type":"WebSite","@id":"https:\/\/jornalboasnoticias.com.br\/home\/#website","url":"https:\/\/jornalboasnoticias.com.br\/home\/","name":"Jornal Boas Not\u00edcias","description":"Boas not\u00edcias","publisher":{"@id":"https:\/\/jornalboasnoticias.com.br\/home\/#organization"},"potentialAction":[{"@type":"SearchAction","target":{"@type":"EntryPoint","urlTemplate":"https:\/\/jornalboasnoticias.com.br\/home\/?s={search_term_string}"},"query-input":{"@type":"PropertyValueSpecification","valueRequired":true,"valueName":"search_term_string"}}],"inLanguage":"pt-BR"},{"@type":"Organization","@id":"https:\/\/jornalboasnoticias.com.br\/home\/#organization","name":"Coq Editora Ltda","alternateName":"Jornal Boas Noticias","url":"https:\/\/jornalboasnoticias.com.br\/home\/","logo":{"@type":"ImageObject","inLanguage":"pt-BR","@id":"https:\/\/jornalboasnoticias.com.br\/home\/#\/schema\/logo\/image\/","url":"https:\/\/jornalboasnoticias.com.br\/home\/wp-content\/uploads\/2024\/07\/cropped-logo.jpg","contentUrl":"https:\/\/jornalboasnoticias.com.br\/home\/wp-content\/uploads\/2024\/07\/cropped-logo.jpg","width":290,"height":142,"caption":"Coq Editora Ltda"},"image":{"@id":"https:\/\/jornalboasnoticias.com.br\/home\/#\/schema\/logo\/image\/"},"sameAs":["https:\/\/www.facebook.com\/boasnoticiasjornal"]},{"@type":"Person","@id":"https:\/\/jornalboasnoticias.com.br\/home\/#\/schema\/person\/75f9ebde398c998c166475fb446bda62","name":"Luiz Carlos da Cruz","image":{"@type":"ImageObject","inLanguage":"pt-BR","@id":"https:\/\/secure.gravatar.com\/avatar\/e6f4f45301b6cb8572f7b076572e8ac11c1db80e805d8c8d0858cf286ce3ac3b?s=96&d=mm&r=g","url":"https:\/\/secure.gravatar.com\/avatar\/e6f4f45301b6cb8572f7b076572e8ac11c1db80e805d8c8d0858cf286ce3ac3b?s=96&d=mm&r=g","contentUrl":"https:\/\/secure.gravatar.com\/avatar\/e6f4f45301b6cb8572f7b076572e8ac11c1db80e805d8c8d0858cf286ce3ac3b?s=96&d=mm&r=g","caption":"Luiz Carlos da Cruz"},"url":"https:\/\/jornalboasnoticias.com.br\/home\/author\/luiz-carlos-da-cruz\/"}]}},"_links":{"self":[{"href":"https:\/\/jornalboasnoticias.com.br\/home\/wp-json\/wp\/v2\/posts\/46379","targetHints":{"allow":["GET"]}}],"collection":[{"href":"https:\/\/jornalboasnoticias.com.br\/home\/wp-json\/wp\/v2\/posts"}],"about":[{"href":"https:\/\/jornalboasnoticias.com.br\/home\/wp-json\/wp\/v2\/types\/post"}],"author":[{"embeddable":true,"href":"https:\/\/jornalboasnoticias.com.br\/home\/wp-json\/wp\/v2\/users\/3"}],"replies":[{"embeddable":true,"href":"https:\/\/jornalboasnoticias.com.br\/home\/wp-json\/wp\/v2\/comments?post=46379"}],"version-history":[{"count":1,"href":"https:\/\/jornalboasnoticias.com.br\/home\/wp-json\/wp\/v2\/posts\/46379\/revisions"}],"predecessor-version":[{"id":46381,"href":"https:\/\/jornalboasnoticias.com.br\/home\/wp-json\/wp\/v2\/posts\/46379\/revisions\/46381"}],"wp:featuredmedia":[{"embeddable":true,"href":"https:\/\/jornalboasnoticias.com.br\/home\/wp-json\/wp\/v2\/media\/46380"}],"wp:attachment":[{"href":"https:\/\/jornalboasnoticias.com.br\/home\/wp-json\/wp\/v2\/media?parent=46379"}],"wp:term":[{"taxonomy":"category","embeddable":true,"href":"https:\/\/jornalboasnoticias.com.br\/home\/wp-json\/wp\/v2\/categories?post=46379"},{"taxonomy":"post_tag","embeddable":true,"href":"https:\/\/jornalboasnoticias.com.br\/home\/wp-json\/wp\/v2\/tags?post=46379"}],"curies":[{"name":"wp","href":"https:\/\/api.w.org\/{rel}","templated":true}]}}