{"id":46365,"date":"2025-07-23T15:33:37","date_gmt":"2025-07-23T15:33:37","guid":{"rendered":"https:\/\/jornalboasnoticias.com.br\/home\/?p=46365"},"modified":"2025-07-23T15:33:37","modified_gmt":"2025-07-23T15:33:37","slug":"unigrejas-defende-pastor-flavio-amaral-apos-indiciamento-por-transfobia","status":"publish","type":"post","link":"https:\/\/jornalboasnoticias.com.br\/home\/unigrejas-defende-pastor-flavio-amaral-apos-indiciamento-por-transfobia\/","title":{"rendered":"UNIGREJAS defende pastor Fl\u00e1vio Amaral ap\u00f3s indiciamento por transfobia"},"content":{"rendered":"<p><img loading=\"lazy\" decoding=\"async\" class=\"aligncenter wp-image-46366 size-full\" src=\"https:\/\/jornalboasnoticias.com.br\/home\/wp-content\/uploads\/2025\/07\/unigrejas-flavio-amaral-erika-hilton.jpg\" alt=\"\" width=\"905\" height=\"570\" srcset=\"https:\/\/jornalboasnoticias.com.br\/home\/wp-content\/uploads\/2025\/07\/unigrejas-flavio-amaral-erika-hilton.jpg 905w, https:\/\/jornalboasnoticias.com.br\/home\/wp-content\/uploads\/2025\/07\/unigrejas-flavio-amaral-erika-hilton-300x189.jpg 300w, https:\/\/jornalboasnoticias.com.br\/home\/wp-content\/uploads\/2025\/07\/unigrejas-flavio-amaral-erika-hilton-768x484.jpg 768w\" sizes=\"auto, (max-width: 905px) 100vw, 905px\" \/><\/p>\n<p>A Uni\u00e3o Nacional das Igrejas e Pastores Evang\u00e9licos (UNIGREJAS) divulgou uma nota p\u00fablica em apoio ao pastor Fl\u00e1vio Amaral, de 48 anos, que foi indiciado no in\u00edcio de julho pela Pol\u00edcia Civil do Distrito Federal (PCDF) sob acusa\u00e7\u00e3o de homotransfobia.<\/p>\n<p>O indiciamento\u00a0foi resultado de investiga\u00e7\u00f5es conduzidas pela Delegacia Especial de Repress\u00e3o aos Crimes por Discrimina\u00e7\u00e3o Racial, Religiosa ou por Orienta\u00e7\u00e3o Sexual (DECRIN), em Bras\u00edlia.<\/p>\n<p>Em seu posicionamento oficial, a UNIGREJAS afirmou que o pastor exerceu o direito de expressar suas convic\u00e7\u00f5es de f\u00e9 com base na doutrina crist\u00e3 e criticou o que classificou como uma tentativa de \u201ccriminalizar a prega\u00e7\u00e3o crist\u00e3\u201d. Segundo a entidade, o conte\u00fado das declara\u00e7\u00f5es de Amaral est\u00e1 fundamentado na \u00e9tica sexual b\u00edblica e n\u00e3o deve ser enquadrado como discurso de \u00f3dio.<\/p>\n<p>\u201cA express\u00e3o de cren\u00e7as baseadas em princ\u00edpios b\u00edblicos n\u00e3o deve ser confundida com discurso de \u00f3dio\u201d, declarou o bispo Celso Rebequi, presidente da UNIGREJAS. Ele tamb\u00e9m citou o entendimento do Supremo Tribunal Federal (STF) na ADO 26, que reconhece o direito de manifesta\u00e7\u00f5es religiosas dentro dos limites da liberdade de culto, desde que n\u00e3o incitem a viol\u00eancia.<\/p>\n<p>A nota da organiza\u00e7\u00e3o ainda ressalta que a fala do pastor sobre sua trajet\u00f3ria pessoal tem como objetivo \u201cinspirar outros\u201d por meio de seu testemunho, e n\u00e3o promover qualquer tipo de discrimina\u00e7\u00e3o. \u201c\u00c9 preocupante que esse tipo de indiciamento possa representar uma interpreta\u00e7\u00e3o equivocada e acabar por limitar o direito ao ensino doutrin\u00e1rio\u201d, diz o texto da entidade.<\/p>\n<p>A UNIGREJAS tamb\u00e9m pediu aten\u00e7\u00e3o ao respeito \u00e0 liberdade religiosa por parte do Minist\u00e9rio P\u00fablico e do Judici\u00e1rio: \u201cEsperamos que os direitos fundamentais de todos os envolvidos sejam resguardados, especialmente o de viver e pregar conforme a consci\u00eancia crist\u00e3\u201d, afirmou Rebequi.<\/p>\n<h2>O caso e as acusa\u00e7\u00f5es<\/h2>\n<p>O pastor Fl\u00e1vio Amaral \u00e9 l\u00edder do Minist\u00e9rio Liberto Por Deus, congrega\u00e7\u00e3o com atua\u00e7\u00e3o em Itanha\u00e9m (SP), onde reside. Ele se identifica como \u201cex-travesti\u201d e \u201cliberto da homossexualidade\u201d. Segundo a Pol\u00edcia Civil, Amaral teria feito publica\u00e7\u00f5es e proferido falas consideradas discriminat\u00f3rias contra pessoas LGBTQIA+ em redes sociais e eventos p\u00fablicos.<\/p>\n<p>Entre os epis\u00f3dios citados no inqu\u00e9rito, destaca-se uma declara\u00e7\u00e3o direcionada \u00e0 deputada Erika Hilton (PSOL-SP), na qual o pastor afirmou que ela \u201cn\u00e3o era inclu\u00edda no Dia das Mulheres, pois mulher n\u00e3o se vira mulher, mulher se nasce mulher\u201d. Ele tamb\u00e9m compartilhou v\u00eddeos e mensagens que mencionam a chamada \u201ccura gay\u201d e classificam pessoas LGBTQIA+ como \u201cfilhos da ira e da perdi\u00e7\u00e3o\u201d.<\/p>\n<p>Essa apura\u00e7\u00e3o foi iniciada ap\u00f3s den\u00fancia conjunta da deputada Erika Hilton e da vereadora Amanda Paschoal (PSOL-SP). O caso envolve a morte de uma jovem trans de 22 anos, que teria sido submetida a um processo de \u201cdestransi\u00e7\u00e3o\u201d no ambiente religioso comandado por Amaral. A jovem cometeu suic\u00eddio, fato que motivou o aprofundamento das investiga\u00e7\u00f5es.<\/p>\n<p>O inqu\u00e9rito j\u00e1 foi encaminhado ao Minist\u00e9rio P\u00fablico do Distrito Federal e Territ\u00f3rios (MPDFT), que analisar\u00e1 se h\u00e1 elementos suficientes para apresentar den\u00fancia formal \u00e0 Justi\u00e7a. At\u00e9 o momento, o processo segue em fase de avalia\u00e7\u00e3o.<\/p>\n<p>Durante depoimento prestado \u00e0 pol\u00edcia, Amaral alegou que suas falas foram motivadas por \u201cquest\u00f5es pessoais\u201d. Al\u00e9m do indiciamento por homotransfobia, ele tamb\u00e9m \u00e9 alvo de uma segunda investiga\u00e7\u00e3o, que apura den\u00fancias de transfobia e tortura.<\/p>\n<p><a href=\"https:\/\/goodprime.co\/unigrejas-pastor-flavio-amaral-transfobia-130078\/\"><em>Informa\u00e7\u00f5es Gospel Prime<\/em><\/a><\/p>\n","protected":false},"excerpt":{"rendered":"<p>A Uni\u00e3o Nacional das Igrejas e Pastores Evang\u00e9licos (UNIGREJAS) divulgou uma nota p\u00fablica em apoio<\/p>\n","protected":false},"author":3,"featured_media":46366,"comment_status":"open","ping_status":"open","sticky":false,"template":"","format":"standard","meta":{"footnotes":""},"categories":[6],"tags":[],"class_list":["post-46365","post","type-post","status-publish","format-standard","has-post-thumbnail","hentry","category-brasil"],"yoast_head":"<!-- This site is optimized with the Yoast SEO plugin v27.5 - https:\/\/yoast.com\/product\/yoast-seo-wordpress\/ -->\n<title>UNIGREJAS defende pastor Fl\u00e1vio Amaral ap\u00f3s indiciamento por transfobia - Jornal<\/title>\n<meta name=\"description\" content=\"UNIGREJAS defende pastor Fl\u00e1vio Amaral ap\u00f3s indiciamento por transfobia\" \/>\n<meta name=\"robots\" content=\"index, follow, max-snippet:-1, max-image-preview:large, max-video-preview:-1\" \/>\n<link rel=\"canonical\" href=\"https:\/\/jornalboasnoticias.com.br\/home\/unigrejas-defende-pastor-flavio-amaral-apos-indiciamento-por-transfobia\/\" \/>\n<meta property=\"og:locale\" content=\"pt_BR\" \/>\n<meta property=\"og:type\" content=\"article\" \/>\n<meta property=\"og:title\" content=\"UNIGREJAS defende pastor Fl\u00e1vio Amaral ap\u00f3s indiciamento por transfobia - Jornal\" \/>\n<meta property=\"og:description\" content=\"UNIGREJAS defende pastor Fl\u00e1vio Amaral ap\u00f3s indiciamento por transfobia\" \/>\n<meta property=\"og:url\" content=\"https:\/\/jornalboasnoticias.com.br\/home\/unigrejas-defende-pastor-flavio-amaral-apos-indiciamento-por-transfobia\/\" \/>\n<meta property=\"og:site_name\" content=\"Jornal\" \/>\n<meta property=\"article:publisher\" content=\"https:\/\/www.facebook.com\/boasnoticiasjornal\" \/>\n<meta property=\"article:published_time\" content=\"2025-07-23T15:33:37+00:00\" \/>\n<meta property=\"og:image\" content=\"https:\/\/jornalboasnoticias.com.br\/home\/wp-content\/uploads\/2025\/07\/unigrejas-flavio-amaral-erika-hilton.jpg\" \/>\n\t<meta property=\"og:image:width\" content=\"905\" \/>\n\t<meta property=\"og:image:height\" content=\"570\" \/>\n\t<meta property=\"og:image:type\" content=\"image\/jpeg\" \/>\n<meta name=\"author\" content=\"Luiz Carlos da Cruz\" \/>\n<meta name=\"twitter:card\" content=\"summary_large_image\" \/>\n<meta name=\"twitter:label1\" content=\"Escrito por\" \/>\n\t<meta name=\"twitter:data1\" content=\"Luiz Carlos da Cruz\" \/>\n\t<meta name=\"twitter:label2\" content=\"Est. tempo de leitura\" \/>\n\t<meta name=\"twitter:data2\" content=\"4 minutos\" \/>\n<script type=\"application\/ld+json\" class=\"yoast-schema-graph\">{\"@context\":\"https:\\\/\\\/schema.org\",\"@graph\":[{\"@type\":\"Article\",\"@id\":\"https:\\\/\\\/jornalboasnoticias.com.br\\\/home\\\/unigrejas-defende-pastor-flavio-amaral-apos-indiciamento-por-transfobia\\\/#article\",\"isPartOf\":{\"@id\":\"https:\\\/\\\/jornalboasnoticias.com.br\\\/home\\\/unigrejas-defende-pastor-flavio-amaral-apos-indiciamento-por-transfobia\\\/\"},\"author\":{\"name\":\"Luiz Carlos da Cruz\",\"@id\":\"https:\\\/\\\/jornalboasnoticias.com.br\\\/home\\\/#\\\/schema\\\/person\\\/75f9ebde398c998c166475fb446bda62\"},\"headline\":\"UNIGREJAS defende pastor Fl\u00e1vio Amaral ap\u00f3s indiciamento por transfobia\",\"datePublished\":\"2025-07-23T15:33:37+00:00\",\"mainEntityOfPage\":{\"@id\":\"https:\\\/\\\/jornalboasnoticias.com.br\\\/home\\\/unigrejas-defende-pastor-flavio-amaral-apos-indiciamento-por-transfobia\\\/\"},\"wordCount\":608,\"commentCount\":0,\"publisher\":{\"@id\":\"https:\\\/\\\/jornalboasnoticias.com.br\\\/home\\\/#organization\"},\"image\":{\"@id\":\"https:\\\/\\\/jornalboasnoticias.com.br\\\/home\\\/unigrejas-defende-pastor-flavio-amaral-apos-indiciamento-por-transfobia\\\/#primaryimage\"},\"thumbnailUrl\":\"https:\\\/\\\/jornalboasnoticias.com.br\\\/home\\\/wp-content\\\/uploads\\\/2025\\\/07\\\/unigrejas-flavio-amaral-erika-hilton.jpg\",\"articleSection\":[\"BRASIL\"],\"inLanguage\":\"pt-BR\",\"potentialAction\":[{\"@type\":\"CommentAction\",\"name\":\"Comment\",\"target\":[\"https:\\\/\\\/jornalboasnoticias.com.br\\\/home\\\/unigrejas-defende-pastor-flavio-amaral-apos-indiciamento-por-transfobia\\\/#respond\"]}]},{\"@type\":\"WebPage\",\"@id\":\"https:\\\/\\\/jornalboasnoticias.com.br\\\/home\\\/unigrejas-defende-pastor-flavio-amaral-apos-indiciamento-por-transfobia\\\/\",\"url\":\"https:\\\/\\\/jornalboasnoticias.com.br\\\/home\\\/unigrejas-defende-pastor-flavio-amaral-apos-indiciamento-por-transfobia\\\/\",\"name\":\"UNIGREJAS defende pastor Fl\u00e1vio Amaral ap\u00f3s indiciamento por transfobia - Jornal\",\"isPartOf\":{\"@id\":\"https:\\\/\\\/jornalboasnoticias.com.br\\\/home\\\/#website\"},\"primaryImageOfPage\":{\"@id\":\"https:\\\/\\\/jornalboasnoticias.com.br\\\/home\\\/unigrejas-defende-pastor-flavio-amaral-apos-indiciamento-por-transfobia\\\/#primaryimage\"},\"image\":{\"@id\":\"https:\\\/\\\/jornalboasnoticias.com.br\\\/home\\\/unigrejas-defende-pastor-flavio-amaral-apos-indiciamento-por-transfobia\\\/#primaryimage\"},\"thumbnailUrl\":\"https:\\\/\\\/jornalboasnoticias.com.br\\\/home\\\/wp-content\\\/uploads\\\/2025\\\/07\\\/unigrejas-flavio-amaral-erika-hilton.jpg\",\"datePublished\":\"2025-07-23T15:33:37+00:00\",\"description\":\"UNIGREJAS defende pastor Fl\u00e1vio Amaral ap\u00f3s indiciamento por transfobia\",\"breadcrumb\":{\"@id\":\"https:\\\/\\\/jornalboasnoticias.com.br\\\/home\\\/unigrejas-defende-pastor-flavio-amaral-apos-indiciamento-por-transfobia\\\/#breadcrumb\"},\"inLanguage\":\"pt-BR\",\"potentialAction\":[{\"@type\":\"ReadAction\",\"target\":[\"https:\\\/\\\/jornalboasnoticias.com.br\\\/home\\\/unigrejas-defende-pastor-flavio-amaral-apos-indiciamento-por-transfobia\\\/\"]}]},{\"@type\":\"ImageObject\",\"inLanguage\":\"pt-BR\",\"@id\":\"https:\\\/\\\/jornalboasnoticias.com.br\\\/home\\\/unigrejas-defende-pastor-flavio-amaral-apos-indiciamento-por-transfobia\\\/#primaryimage\",\"url\":\"https:\\\/\\\/jornalboasnoticias.com.br\\\/home\\\/wp-content\\\/uploads\\\/2025\\\/07\\\/unigrejas-flavio-amaral-erika-hilton.jpg\",\"contentUrl\":\"https:\\\/\\\/jornalboasnoticias.com.br\\\/home\\\/wp-content\\\/uploads\\\/2025\\\/07\\\/unigrejas-flavio-amaral-erika-hilton.jpg\",\"width\":905,\"height\":570},{\"@type\":\"BreadcrumbList\",\"@id\":\"https:\\\/\\\/jornalboasnoticias.com.br\\\/home\\\/unigrejas-defende-pastor-flavio-amaral-apos-indiciamento-por-transfobia\\\/#breadcrumb\",\"itemListElement\":[{\"@type\":\"ListItem\",\"position\":1,\"name\":\"In\u00edcio\",\"item\":\"https:\\\/\\\/jornalboasnoticias.com.br\\\/home\\\/\"},{\"@type\":\"ListItem\",\"position\":2,\"name\":\"UNIGREJAS defende pastor Fl\u00e1vio Amaral ap\u00f3s indiciamento por transfobia\"}]},{\"@type\":\"WebSite\",\"@id\":\"https:\\\/\\\/jornalboasnoticias.com.br\\\/home\\\/#website\",\"url\":\"https:\\\/\\\/jornalboasnoticias.com.br\\\/home\\\/\",\"name\":\"Jornal Boas Not\u00edcias\",\"description\":\"Boas not\u00edcias\",\"publisher\":{\"@id\":\"https:\\\/\\\/jornalboasnoticias.com.br\\\/home\\\/#organization\"},\"potentialAction\":[{\"@type\":\"SearchAction\",\"target\":{\"@type\":\"EntryPoint\",\"urlTemplate\":\"https:\\\/\\\/jornalboasnoticias.com.br\\\/home\\\/?s={search_term_string}\"},\"query-input\":{\"@type\":\"PropertyValueSpecification\",\"valueRequired\":true,\"valueName\":\"search_term_string\"}}],\"inLanguage\":\"pt-BR\"},{\"@type\":\"Organization\",\"@id\":\"https:\\\/\\\/jornalboasnoticias.com.br\\\/home\\\/#organization\",\"name\":\"Coq Editora Ltda\",\"alternateName\":\"Jornal Boas Noticias\",\"url\":\"https:\\\/\\\/jornalboasnoticias.com.br\\\/home\\\/\",\"logo\":{\"@type\":\"ImageObject\",\"inLanguage\":\"pt-BR\",\"@id\":\"https:\\\/\\\/jornalboasnoticias.com.br\\\/home\\\/#\\\/schema\\\/logo\\\/image\\\/\",\"url\":\"https:\\\/\\\/jornalboasnoticias.com.br\\\/home\\\/wp-content\\\/uploads\\\/2024\\\/07\\\/cropped-logo.jpg\",\"contentUrl\":\"https:\\\/\\\/jornalboasnoticias.com.br\\\/home\\\/wp-content\\\/uploads\\\/2024\\\/07\\\/cropped-logo.jpg\",\"width\":290,\"height\":142,\"caption\":\"Coq Editora Ltda\"},\"image\":{\"@id\":\"https:\\\/\\\/jornalboasnoticias.com.br\\\/home\\\/#\\\/schema\\\/logo\\\/image\\\/\"},\"sameAs\":[\"https:\\\/\\\/www.facebook.com\\\/boasnoticiasjornal\"]},{\"@type\":\"Person\",\"@id\":\"https:\\\/\\\/jornalboasnoticias.com.br\\\/home\\\/#\\\/schema\\\/person\\\/75f9ebde398c998c166475fb446bda62\",\"name\":\"Luiz Carlos da Cruz\",\"image\":{\"@type\":\"ImageObject\",\"inLanguage\":\"pt-BR\",\"@id\":\"https:\\\/\\\/secure.gravatar.com\\\/avatar\\\/e6f4f45301b6cb8572f7b076572e8ac11c1db80e805d8c8d0858cf286ce3ac3b?s=96&d=mm&r=g\",\"url\":\"https:\\\/\\\/secure.gravatar.com\\\/avatar\\\/e6f4f45301b6cb8572f7b076572e8ac11c1db80e805d8c8d0858cf286ce3ac3b?s=96&d=mm&r=g\",\"contentUrl\":\"https:\\\/\\\/secure.gravatar.com\\\/avatar\\\/e6f4f45301b6cb8572f7b076572e8ac11c1db80e805d8c8d0858cf286ce3ac3b?s=96&d=mm&r=g\",\"caption\":\"Luiz Carlos da Cruz\"},\"url\":\"https:\\\/\\\/jornalboasnoticias.com.br\\\/home\\\/author\\\/luiz-carlos-da-cruz\\\/\"}]}<\/script>\n<!-- \/ Yoast SEO plugin. -->","yoast_head_json":{"title":"UNIGREJAS defende pastor Fl\u00e1vio Amaral ap\u00f3s indiciamento por transfobia - Jornal","description":"UNIGREJAS defende pastor Fl\u00e1vio Amaral ap\u00f3s indiciamento por transfobia","robots":{"index":"index","follow":"follow","max-snippet":"max-snippet:-1","max-image-preview":"max-image-preview:large","max-video-preview":"max-video-preview:-1"},"canonical":"https:\/\/jornalboasnoticias.com.br\/home\/unigrejas-defende-pastor-flavio-amaral-apos-indiciamento-por-transfobia\/","og_locale":"pt_BR","og_type":"article","og_title":"UNIGREJAS defende pastor Fl\u00e1vio Amaral ap\u00f3s indiciamento por transfobia - Jornal","og_description":"UNIGREJAS defende pastor Fl\u00e1vio Amaral ap\u00f3s indiciamento por transfobia","og_url":"https:\/\/jornalboasnoticias.com.br\/home\/unigrejas-defende-pastor-flavio-amaral-apos-indiciamento-por-transfobia\/","og_site_name":"Jornal","article_publisher":"https:\/\/www.facebook.com\/boasnoticiasjornal","article_published_time":"2025-07-23T15:33:37+00:00","og_image":[{"width":905,"height":570,"url":"https:\/\/jornalboasnoticias.com.br\/home\/wp-content\/uploads\/2025\/07\/unigrejas-flavio-amaral-erika-hilton.jpg","type":"image\/jpeg"}],"author":"Luiz Carlos da Cruz","twitter_card":"summary_large_image","twitter_misc":{"Escrito por":"Luiz Carlos da Cruz","Est. tempo de leitura":"4 minutos"},"schema":{"@context":"https:\/\/schema.org","@graph":[{"@type":"Article","@id":"https:\/\/jornalboasnoticias.com.br\/home\/unigrejas-defende-pastor-flavio-amaral-apos-indiciamento-por-transfobia\/#article","isPartOf":{"@id":"https:\/\/jornalboasnoticias.com.br\/home\/unigrejas-defende-pastor-flavio-amaral-apos-indiciamento-por-transfobia\/"},"author":{"name":"Luiz Carlos da Cruz","@id":"https:\/\/jornalboasnoticias.com.br\/home\/#\/schema\/person\/75f9ebde398c998c166475fb446bda62"},"headline":"UNIGREJAS defende pastor Fl\u00e1vio Amaral ap\u00f3s indiciamento por transfobia","datePublished":"2025-07-23T15:33:37+00:00","mainEntityOfPage":{"@id":"https:\/\/jornalboasnoticias.com.br\/home\/unigrejas-defende-pastor-flavio-amaral-apos-indiciamento-por-transfobia\/"},"wordCount":608,"commentCount":0,"publisher":{"@id":"https:\/\/jornalboasnoticias.com.br\/home\/#organization"},"image":{"@id":"https:\/\/jornalboasnoticias.com.br\/home\/unigrejas-defende-pastor-flavio-amaral-apos-indiciamento-por-transfobia\/#primaryimage"},"thumbnailUrl":"https:\/\/jornalboasnoticias.com.br\/home\/wp-content\/uploads\/2025\/07\/unigrejas-flavio-amaral-erika-hilton.jpg","articleSection":["BRASIL"],"inLanguage":"pt-BR","potentialAction":[{"@type":"CommentAction","name":"Comment","target":["https:\/\/jornalboasnoticias.com.br\/home\/unigrejas-defende-pastor-flavio-amaral-apos-indiciamento-por-transfobia\/#respond"]}]},{"@type":"WebPage","@id":"https:\/\/jornalboasnoticias.com.br\/home\/unigrejas-defende-pastor-flavio-amaral-apos-indiciamento-por-transfobia\/","url":"https:\/\/jornalboasnoticias.com.br\/home\/unigrejas-defende-pastor-flavio-amaral-apos-indiciamento-por-transfobia\/","name":"UNIGREJAS defende pastor Fl\u00e1vio Amaral ap\u00f3s indiciamento por transfobia - Jornal","isPartOf":{"@id":"https:\/\/jornalboasnoticias.com.br\/home\/#website"},"primaryImageOfPage":{"@id":"https:\/\/jornalboasnoticias.com.br\/home\/unigrejas-defende-pastor-flavio-amaral-apos-indiciamento-por-transfobia\/#primaryimage"},"image":{"@id":"https:\/\/jornalboasnoticias.com.br\/home\/unigrejas-defende-pastor-flavio-amaral-apos-indiciamento-por-transfobia\/#primaryimage"},"thumbnailUrl":"https:\/\/jornalboasnoticias.com.br\/home\/wp-content\/uploads\/2025\/07\/unigrejas-flavio-amaral-erika-hilton.jpg","datePublished":"2025-07-23T15:33:37+00:00","description":"UNIGREJAS defende pastor Fl\u00e1vio Amaral ap\u00f3s indiciamento por transfobia","breadcrumb":{"@id":"https:\/\/jornalboasnoticias.com.br\/home\/unigrejas-defende-pastor-flavio-amaral-apos-indiciamento-por-transfobia\/#breadcrumb"},"inLanguage":"pt-BR","potentialAction":[{"@type":"ReadAction","target":["https:\/\/jornalboasnoticias.com.br\/home\/unigrejas-defende-pastor-flavio-amaral-apos-indiciamento-por-transfobia\/"]}]},{"@type":"ImageObject","inLanguage":"pt-BR","@id":"https:\/\/jornalboasnoticias.com.br\/home\/unigrejas-defende-pastor-flavio-amaral-apos-indiciamento-por-transfobia\/#primaryimage","url":"https:\/\/jornalboasnoticias.com.br\/home\/wp-content\/uploads\/2025\/07\/unigrejas-flavio-amaral-erika-hilton.jpg","contentUrl":"https:\/\/jornalboasnoticias.com.br\/home\/wp-content\/uploads\/2025\/07\/unigrejas-flavio-amaral-erika-hilton.jpg","width":905,"height":570},{"@type":"BreadcrumbList","@id":"https:\/\/jornalboasnoticias.com.br\/home\/unigrejas-defende-pastor-flavio-amaral-apos-indiciamento-por-transfobia\/#breadcrumb","itemListElement":[{"@type":"ListItem","position":1,"name":"In\u00edcio","item":"https:\/\/jornalboasnoticias.com.br\/home\/"},{"@type":"ListItem","position":2,"name":"UNIGREJAS defende pastor Fl\u00e1vio Amaral ap\u00f3s indiciamento por transfobia"}]},{"@type":"WebSite","@id":"https:\/\/jornalboasnoticias.com.br\/home\/#website","url":"https:\/\/jornalboasnoticias.com.br\/home\/","name":"Jornal Boas Not\u00edcias","description":"Boas not\u00edcias","publisher":{"@id":"https:\/\/jornalboasnoticias.com.br\/home\/#organization"},"potentialAction":[{"@type":"SearchAction","target":{"@type":"EntryPoint","urlTemplate":"https:\/\/jornalboasnoticias.com.br\/home\/?s={search_term_string}"},"query-input":{"@type":"PropertyValueSpecification","valueRequired":true,"valueName":"search_term_string"}}],"inLanguage":"pt-BR"},{"@type":"Organization","@id":"https:\/\/jornalboasnoticias.com.br\/home\/#organization","name":"Coq Editora Ltda","alternateName":"Jornal Boas Noticias","url":"https:\/\/jornalboasnoticias.com.br\/home\/","logo":{"@type":"ImageObject","inLanguage":"pt-BR","@id":"https:\/\/jornalboasnoticias.com.br\/home\/#\/schema\/logo\/image\/","url":"https:\/\/jornalboasnoticias.com.br\/home\/wp-content\/uploads\/2024\/07\/cropped-logo.jpg","contentUrl":"https:\/\/jornalboasnoticias.com.br\/home\/wp-content\/uploads\/2024\/07\/cropped-logo.jpg","width":290,"height":142,"caption":"Coq Editora Ltda"},"image":{"@id":"https:\/\/jornalboasnoticias.com.br\/home\/#\/schema\/logo\/image\/"},"sameAs":["https:\/\/www.facebook.com\/boasnoticiasjornal"]},{"@type":"Person","@id":"https:\/\/jornalboasnoticias.com.br\/home\/#\/schema\/person\/75f9ebde398c998c166475fb446bda62","name":"Luiz Carlos da Cruz","image":{"@type":"ImageObject","inLanguage":"pt-BR","@id":"https:\/\/secure.gravatar.com\/avatar\/e6f4f45301b6cb8572f7b076572e8ac11c1db80e805d8c8d0858cf286ce3ac3b?s=96&d=mm&r=g","url":"https:\/\/secure.gravatar.com\/avatar\/e6f4f45301b6cb8572f7b076572e8ac11c1db80e805d8c8d0858cf286ce3ac3b?s=96&d=mm&r=g","contentUrl":"https:\/\/secure.gravatar.com\/avatar\/e6f4f45301b6cb8572f7b076572e8ac11c1db80e805d8c8d0858cf286ce3ac3b?s=96&d=mm&r=g","caption":"Luiz Carlos da Cruz"},"url":"https:\/\/jornalboasnoticias.com.br\/home\/author\/luiz-carlos-da-cruz\/"}]}},"_links":{"self":[{"href":"https:\/\/jornalboasnoticias.com.br\/home\/wp-json\/wp\/v2\/posts\/46365","targetHints":{"allow":["GET"]}}],"collection":[{"href":"https:\/\/jornalboasnoticias.com.br\/home\/wp-json\/wp\/v2\/posts"}],"about":[{"href":"https:\/\/jornalboasnoticias.com.br\/home\/wp-json\/wp\/v2\/types\/post"}],"author":[{"embeddable":true,"href":"https:\/\/jornalboasnoticias.com.br\/home\/wp-json\/wp\/v2\/users\/3"}],"replies":[{"embeddable":true,"href":"https:\/\/jornalboasnoticias.com.br\/home\/wp-json\/wp\/v2\/comments?post=46365"}],"version-history":[{"count":1,"href":"https:\/\/jornalboasnoticias.com.br\/home\/wp-json\/wp\/v2\/posts\/46365\/revisions"}],"predecessor-version":[{"id":46367,"href":"https:\/\/jornalboasnoticias.com.br\/home\/wp-json\/wp\/v2\/posts\/46365\/revisions\/46367"}],"wp:featuredmedia":[{"embeddable":true,"href":"https:\/\/jornalboasnoticias.com.br\/home\/wp-json\/wp\/v2\/media\/46366"}],"wp:attachment":[{"href":"https:\/\/jornalboasnoticias.com.br\/home\/wp-json\/wp\/v2\/media?parent=46365"}],"wp:term":[{"taxonomy":"category","embeddable":true,"href":"https:\/\/jornalboasnoticias.com.br\/home\/wp-json\/wp\/v2\/categories?post=46365"},{"taxonomy":"post_tag","embeddable":true,"href":"https:\/\/jornalboasnoticias.com.br\/home\/wp-json\/wp\/v2\/tags?post=46365"}],"curies":[{"name":"wp","href":"https:\/\/api.w.org\/{rel}","templated":true}]}}