{"id":46361,"date":"2025-07-23T15:06:27","date_gmt":"2025-07-23T15:06:27","guid":{"rendered":"https:\/\/jornalboasnoticias.com.br\/home\/?p=46361"},"modified":"2025-07-23T15:06:27","modified_gmt":"2025-07-23T15:06:27","slug":"conselho-de-pastores-de-boituva-realiza-culto-civico-em-comemoracao-aos-88-anos-do-municipio","status":"publish","type":"post","link":"https:\/\/jornalboasnoticias.com.br\/home\/conselho-de-pastores-de-boituva-realiza-culto-civico-em-comemoracao-aos-88-anos-do-municipio\/","title":{"rendered":"Conselho de Pastores de Boituva realiza culto c\u00edvico em comemora\u00e7\u00e3o aos 88 anos do munic\u00edpio"},"content":{"rendered":"<p style=\"text-align: center;\" data-start=\"98\" data-end=\"194\"><strong><em data-start=\"98\" data-end=\"194\">Evento ser\u00e1 no dia 29 de agosto, com entrada solid\u00e1ria e programa\u00e7\u00e3o especial de f\u00e9 e gratid\u00e3o<\/em><\/strong><\/p>\n<p data-start=\"196\" data-end=\"499\"><img loading=\"lazy\" decoding=\"async\" class=\"wp-image-46362 alignleft\" src=\"https:\/\/jornalboasnoticias.com.br\/home\/wp-content\/uploads\/2025\/07\/4.jpg\" alt=\"\" width=\"215\" height=\"269\" srcset=\"https:\/\/jornalboasnoticias.com.br\/home\/wp-content\/uploads\/2025\/07\/4.jpg 576w, https:\/\/jornalboasnoticias.com.br\/home\/wp-content\/uploads\/2025\/07\/4-240x300.jpg 240w\" sizes=\"auto, (max-width: 215px) 100vw, 215px\" \/><\/p>\n<p data-start=\"196\" data-end=\"499\">Como parte das celebra\u00e7\u00f5es pelos 88 anos de emancipa\u00e7\u00e3o pol\u00edtico-administrativa de Boituva (SP), o Conselho de Pastores do munic\u00edpio promover\u00e1 um culto c\u00edvico no dia 29 de agosto, \u00e0s 19h30, no Centro Municipal de Eventos \u201cFrancisco Gianotti\u201d, localizado na Avenida Pereira Ign\u00e1cio, 101, no Residencial Primo.<\/p>\n<p data-start=\"501\" data-end=\"834\">O evento, aberto ao p\u00fablico, ser\u00e1 marcado por um momento de gratid\u00e3o, louvor e reflex\u00e3o espiritual. A prega\u00e7\u00e3o da noite ficar\u00e1 a cargo do pastor J\u00fanior Trov\u00e3o, reconhecido por sua atua\u00e7\u00e3o evangel\u00edstica em todo o pa\u00eds. A ministra\u00e7\u00e3o musical ser\u00e1 conduzida pelo cantor Alisson, pela Banda IBRB e pela Orquestra AD Jardim das Palmeiras.<\/p>\n<p data-start=\"836\" data-end=\"1071\">Com o tema de uni\u00e3o pela f\u00e9 e renova\u00e7\u00e3o da esperan\u00e7a, o culto integra a programa\u00e7\u00e3o oficial de anivers\u00e1rio da cidade. A entrada ser\u00e1 solid\u00e1ria: 1 kg de alimento n\u00e3o perec\u00edvel, que ser\u00e1 destinado a institui\u00e7\u00f5es filantr\u00f3picas de Boituva.<\/p>\n<p data-start=\"836\" data-end=\"1071\"><strong>Assessoria<\/strong><\/p>\n","protected":false},"excerpt":{"rendered":"<p>Evento ser\u00e1 no dia 29 de agosto, com entrada solid\u00e1ria e programa\u00e7\u00e3o especial de f\u00e9<\/p>\n","protected":false},"author":3,"featured_media":46362,"comment_status":"open","ping_status":"open","sticky":false,"template":"","format":"standard","meta":{"footnotes":""},"categories":[6],"tags":[],"class_list":["post-46361","post","type-post","status-publish","format-standard","has-post-thumbnail","hentry","category-brasil"],"yoast_head":"<!-- This site is optimized with the Yoast SEO plugin v27.5 - https:\/\/yoast.com\/product\/yoast-seo-wordpress\/ -->\n<title>Conselho de Pastores de Boituva realiza culto c\u00edvico em comemora\u00e7\u00e3o aos 88 anos do munic\u00edpio - Jornal<\/title>\n<meta name=\"description\" content=\"Conselho de Pastores de Boituva realiza culto c\u00edvico em comemora\u00e7\u00e3o aos 88 anos do munic\u00edpio\" \/>\n<meta name=\"robots\" content=\"index, follow, max-snippet:-1, max-image-preview:large, max-video-preview:-1\" \/>\n<link rel=\"canonical\" href=\"https:\/\/jornalboasnoticias.com.br\/home\/conselho-de-pastores-de-boituva-realiza-culto-civico-em-comemoracao-aos-88-anos-do-municipio\/\" \/>\n<meta property=\"og:locale\" content=\"pt_BR\" \/>\n<meta property=\"og:type\" content=\"article\" \/>\n<meta property=\"og:title\" content=\"Conselho de Pastores de Boituva realiza culto c\u00edvico em comemora\u00e7\u00e3o aos 88 anos do munic\u00edpio - Jornal\" \/>\n<meta property=\"og:description\" content=\"Conselho de Pastores de Boituva realiza culto c\u00edvico em comemora\u00e7\u00e3o aos 88 anos do munic\u00edpio\" \/>\n<meta property=\"og:url\" content=\"https:\/\/jornalboasnoticias.com.br\/home\/conselho-de-pastores-de-boituva-realiza-culto-civico-em-comemoracao-aos-88-anos-do-municipio\/\" \/>\n<meta property=\"og:site_name\" content=\"Jornal\" \/>\n<meta property=\"article:publisher\" content=\"https:\/\/www.facebook.com\/boasnoticiasjornal\" \/>\n<meta property=\"article:published_time\" content=\"2025-07-23T15:06:27+00:00\" \/>\n<meta property=\"og:image\" content=\"https:\/\/jornalboasnoticias.com.br\/home\/wp-content\/uploads\/2025\/07\/4.jpg\" \/>\n\t<meta property=\"og:image:width\" content=\"576\" \/>\n\t<meta property=\"og:image:height\" content=\"720\" \/>\n\t<meta property=\"og:image:type\" content=\"image\/jpeg\" \/>\n<meta name=\"author\" content=\"Luiz Carlos da Cruz\" \/>\n<meta name=\"twitter:card\" content=\"summary_large_image\" \/>\n<meta name=\"twitter:label1\" content=\"Escrito por\" \/>\n\t<meta name=\"twitter:data1\" content=\"Luiz Carlos da Cruz\" \/>\n\t<meta name=\"twitter:label2\" content=\"Est. tempo de leitura\" \/>\n\t<meta name=\"twitter:data2\" content=\"2 minutos\" \/>\n<script type=\"application\/ld+json\" class=\"yoast-schema-graph\">{\"@context\":\"https:\\\/\\\/schema.org\",\"@graph\":[{\"@type\":\"Article\",\"@id\":\"https:\\\/\\\/jornalboasnoticias.com.br\\\/home\\\/conselho-de-pastores-de-boituva-realiza-culto-civico-em-comemoracao-aos-88-anos-do-municipio\\\/#article\",\"isPartOf\":{\"@id\":\"https:\\\/\\\/jornalboasnoticias.com.br\\\/home\\\/conselho-de-pastores-de-boituva-realiza-culto-civico-em-comemoracao-aos-88-anos-do-municipio\\\/\"},\"author\":{\"name\":\"Luiz Carlos da Cruz\",\"@id\":\"https:\\\/\\\/jornalboasnoticias.com.br\\\/home\\\/#\\\/schema\\\/person\\\/75f9ebde398c998c166475fb446bda62\"},\"headline\":\"Conselho de Pastores de Boituva realiza culto c\u00edvico em comemora\u00e7\u00e3o aos 88 anos do munic\u00edpio\",\"datePublished\":\"2025-07-23T15:06:27+00:00\",\"mainEntityOfPage\":{\"@id\":\"https:\\\/\\\/jornalboasnoticias.com.br\\\/home\\\/conselho-de-pastores-de-boituva-realiza-culto-civico-em-comemoracao-aos-88-anos-do-municipio\\\/\"},\"wordCount\":198,\"commentCount\":0,\"publisher\":{\"@id\":\"https:\\\/\\\/jornalboasnoticias.com.br\\\/home\\\/#organization\"},\"image\":{\"@id\":\"https:\\\/\\\/jornalboasnoticias.com.br\\\/home\\\/conselho-de-pastores-de-boituva-realiza-culto-civico-em-comemoracao-aos-88-anos-do-municipio\\\/#primaryimage\"},\"thumbnailUrl\":\"https:\\\/\\\/jornalboasnoticias.com.br\\\/home\\\/wp-content\\\/uploads\\\/2025\\\/07\\\/4.jpg\",\"articleSection\":[\"BRASIL\"],\"inLanguage\":\"pt-BR\",\"potentialAction\":[{\"@type\":\"CommentAction\",\"name\":\"Comment\",\"target\":[\"https:\\\/\\\/jornalboasnoticias.com.br\\\/home\\\/conselho-de-pastores-de-boituva-realiza-culto-civico-em-comemoracao-aos-88-anos-do-municipio\\\/#respond\"]}]},{\"@type\":\"WebPage\",\"@id\":\"https:\\\/\\\/jornalboasnoticias.com.br\\\/home\\\/conselho-de-pastores-de-boituva-realiza-culto-civico-em-comemoracao-aos-88-anos-do-municipio\\\/\",\"url\":\"https:\\\/\\\/jornalboasnoticias.com.br\\\/home\\\/conselho-de-pastores-de-boituva-realiza-culto-civico-em-comemoracao-aos-88-anos-do-municipio\\\/\",\"name\":\"Conselho de Pastores de Boituva realiza culto c\u00edvico em comemora\u00e7\u00e3o aos 88 anos do munic\u00edpio - Jornal\",\"isPartOf\":{\"@id\":\"https:\\\/\\\/jornalboasnoticias.com.br\\\/home\\\/#website\"},\"primaryImageOfPage\":{\"@id\":\"https:\\\/\\\/jornalboasnoticias.com.br\\\/home\\\/conselho-de-pastores-de-boituva-realiza-culto-civico-em-comemoracao-aos-88-anos-do-municipio\\\/#primaryimage\"},\"image\":{\"@id\":\"https:\\\/\\\/jornalboasnoticias.com.br\\\/home\\\/conselho-de-pastores-de-boituva-realiza-culto-civico-em-comemoracao-aos-88-anos-do-municipio\\\/#primaryimage\"},\"thumbnailUrl\":\"https:\\\/\\\/jornalboasnoticias.com.br\\\/home\\\/wp-content\\\/uploads\\\/2025\\\/07\\\/4.jpg\",\"datePublished\":\"2025-07-23T15:06:27+00:00\",\"description\":\"Conselho de Pastores de Boituva realiza culto c\u00edvico em comemora\u00e7\u00e3o aos 88 anos do munic\u00edpio\",\"breadcrumb\":{\"@id\":\"https:\\\/\\\/jornalboasnoticias.com.br\\\/home\\\/conselho-de-pastores-de-boituva-realiza-culto-civico-em-comemoracao-aos-88-anos-do-municipio\\\/#breadcrumb\"},\"inLanguage\":\"pt-BR\",\"potentialAction\":[{\"@type\":\"ReadAction\",\"target\":[\"https:\\\/\\\/jornalboasnoticias.com.br\\\/home\\\/conselho-de-pastores-de-boituva-realiza-culto-civico-em-comemoracao-aos-88-anos-do-municipio\\\/\"]}]},{\"@type\":\"ImageObject\",\"inLanguage\":\"pt-BR\",\"@id\":\"https:\\\/\\\/jornalboasnoticias.com.br\\\/home\\\/conselho-de-pastores-de-boituva-realiza-culto-civico-em-comemoracao-aos-88-anos-do-municipio\\\/#primaryimage\",\"url\":\"https:\\\/\\\/jornalboasnoticias.com.br\\\/home\\\/wp-content\\\/uploads\\\/2025\\\/07\\\/4.jpg\",\"contentUrl\":\"https:\\\/\\\/jornalboasnoticias.com.br\\\/home\\\/wp-content\\\/uploads\\\/2025\\\/07\\\/4.jpg\",\"width\":576,\"height\":720},{\"@type\":\"BreadcrumbList\",\"@id\":\"https:\\\/\\\/jornalboasnoticias.com.br\\\/home\\\/conselho-de-pastores-de-boituva-realiza-culto-civico-em-comemoracao-aos-88-anos-do-municipio\\\/#breadcrumb\",\"itemListElement\":[{\"@type\":\"ListItem\",\"position\":1,\"name\":\"In\u00edcio\",\"item\":\"https:\\\/\\\/jornalboasnoticias.com.br\\\/home\\\/\"},{\"@type\":\"ListItem\",\"position\":2,\"name\":\"Conselho de Pastores de Boituva realiza culto c\u00edvico em comemora\u00e7\u00e3o aos 88 anos do munic\u00edpio\"}]},{\"@type\":\"WebSite\",\"@id\":\"https:\\\/\\\/jornalboasnoticias.com.br\\\/home\\\/#website\",\"url\":\"https:\\\/\\\/jornalboasnoticias.com.br\\\/home\\\/\",\"name\":\"Jornal Boas Not\u00edcias\",\"description\":\"Boas not\u00edcias\",\"publisher\":{\"@id\":\"https:\\\/\\\/jornalboasnoticias.com.br\\\/home\\\/#organization\"},\"potentialAction\":[{\"@type\":\"SearchAction\",\"target\":{\"@type\":\"EntryPoint\",\"urlTemplate\":\"https:\\\/\\\/jornalboasnoticias.com.br\\\/home\\\/?s={search_term_string}\"},\"query-input\":{\"@type\":\"PropertyValueSpecification\",\"valueRequired\":true,\"valueName\":\"search_term_string\"}}],\"inLanguage\":\"pt-BR\"},{\"@type\":\"Organization\",\"@id\":\"https:\\\/\\\/jornalboasnoticias.com.br\\\/home\\\/#organization\",\"name\":\"Coq Editora Ltda\",\"alternateName\":\"Jornal Boas Noticias\",\"url\":\"https:\\\/\\\/jornalboasnoticias.com.br\\\/home\\\/\",\"logo\":{\"@type\":\"ImageObject\",\"inLanguage\":\"pt-BR\",\"@id\":\"https:\\\/\\\/jornalboasnoticias.com.br\\\/home\\\/#\\\/schema\\\/logo\\\/image\\\/\",\"url\":\"https:\\\/\\\/jornalboasnoticias.com.br\\\/home\\\/wp-content\\\/uploads\\\/2024\\\/07\\\/cropped-logo.jpg\",\"contentUrl\":\"https:\\\/\\\/jornalboasnoticias.com.br\\\/home\\\/wp-content\\\/uploads\\\/2024\\\/07\\\/cropped-logo.jpg\",\"width\":290,\"height\":142,\"caption\":\"Coq Editora Ltda\"},\"image\":{\"@id\":\"https:\\\/\\\/jornalboasnoticias.com.br\\\/home\\\/#\\\/schema\\\/logo\\\/image\\\/\"},\"sameAs\":[\"https:\\\/\\\/www.facebook.com\\\/boasnoticiasjornal\"]},{\"@type\":\"Person\",\"@id\":\"https:\\\/\\\/jornalboasnoticias.com.br\\\/home\\\/#\\\/schema\\\/person\\\/75f9ebde398c998c166475fb446bda62\",\"name\":\"Luiz Carlos da Cruz\",\"image\":{\"@type\":\"ImageObject\",\"inLanguage\":\"pt-BR\",\"@id\":\"https:\\\/\\\/secure.gravatar.com\\\/avatar\\\/e6f4f45301b6cb8572f7b076572e8ac11c1db80e805d8c8d0858cf286ce3ac3b?s=96&d=mm&r=g\",\"url\":\"https:\\\/\\\/secure.gravatar.com\\\/avatar\\\/e6f4f45301b6cb8572f7b076572e8ac11c1db80e805d8c8d0858cf286ce3ac3b?s=96&d=mm&r=g\",\"contentUrl\":\"https:\\\/\\\/secure.gravatar.com\\\/avatar\\\/e6f4f45301b6cb8572f7b076572e8ac11c1db80e805d8c8d0858cf286ce3ac3b?s=96&d=mm&r=g\",\"caption\":\"Luiz Carlos da Cruz\"},\"url\":\"https:\\\/\\\/jornalboasnoticias.com.br\\\/home\\\/author\\\/luiz-carlos-da-cruz\\\/\"}]}<\/script>\n<!-- \/ Yoast SEO plugin. -->","yoast_head_json":{"title":"Conselho de Pastores de Boituva realiza culto c\u00edvico em comemora\u00e7\u00e3o aos 88 anos do munic\u00edpio - Jornal","description":"Conselho de Pastores de Boituva realiza culto c\u00edvico em comemora\u00e7\u00e3o aos 88 anos do munic\u00edpio","robots":{"index":"index","follow":"follow","max-snippet":"max-snippet:-1","max-image-preview":"max-image-preview:large","max-video-preview":"max-video-preview:-1"},"canonical":"https:\/\/jornalboasnoticias.com.br\/home\/conselho-de-pastores-de-boituva-realiza-culto-civico-em-comemoracao-aos-88-anos-do-municipio\/","og_locale":"pt_BR","og_type":"article","og_title":"Conselho de Pastores de Boituva realiza culto c\u00edvico em comemora\u00e7\u00e3o aos 88 anos do munic\u00edpio - Jornal","og_description":"Conselho de Pastores de Boituva realiza culto c\u00edvico em comemora\u00e7\u00e3o aos 88 anos do munic\u00edpio","og_url":"https:\/\/jornalboasnoticias.com.br\/home\/conselho-de-pastores-de-boituva-realiza-culto-civico-em-comemoracao-aos-88-anos-do-municipio\/","og_site_name":"Jornal","article_publisher":"https:\/\/www.facebook.com\/boasnoticiasjornal","article_published_time":"2025-07-23T15:06:27+00:00","og_image":[{"width":576,"height":720,"url":"https:\/\/jornalboasnoticias.com.br\/home\/wp-content\/uploads\/2025\/07\/4.jpg","type":"image\/jpeg"}],"author":"Luiz Carlos da Cruz","twitter_card":"summary_large_image","twitter_misc":{"Escrito por":"Luiz Carlos da Cruz","Est. tempo de leitura":"2 minutos"},"schema":{"@context":"https:\/\/schema.org","@graph":[{"@type":"Article","@id":"https:\/\/jornalboasnoticias.com.br\/home\/conselho-de-pastores-de-boituva-realiza-culto-civico-em-comemoracao-aos-88-anos-do-municipio\/#article","isPartOf":{"@id":"https:\/\/jornalboasnoticias.com.br\/home\/conselho-de-pastores-de-boituva-realiza-culto-civico-em-comemoracao-aos-88-anos-do-municipio\/"},"author":{"name":"Luiz Carlos da Cruz","@id":"https:\/\/jornalboasnoticias.com.br\/home\/#\/schema\/person\/75f9ebde398c998c166475fb446bda62"},"headline":"Conselho de Pastores de Boituva realiza culto c\u00edvico em comemora\u00e7\u00e3o aos 88 anos do munic\u00edpio","datePublished":"2025-07-23T15:06:27+00:00","mainEntityOfPage":{"@id":"https:\/\/jornalboasnoticias.com.br\/home\/conselho-de-pastores-de-boituva-realiza-culto-civico-em-comemoracao-aos-88-anos-do-municipio\/"},"wordCount":198,"commentCount":0,"publisher":{"@id":"https:\/\/jornalboasnoticias.com.br\/home\/#organization"},"image":{"@id":"https:\/\/jornalboasnoticias.com.br\/home\/conselho-de-pastores-de-boituva-realiza-culto-civico-em-comemoracao-aos-88-anos-do-municipio\/#primaryimage"},"thumbnailUrl":"https:\/\/jornalboasnoticias.com.br\/home\/wp-content\/uploads\/2025\/07\/4.jpg","articleSection":["BRASIL"],"inLanguage":"pt-BR","potentialAction":[{"@type":"CommentAction","name":"Comment","target":["https:\/\/jornalboasnoticias.com.br\/home\/conselho-de-pastores-de-boituva-realiza-culto-civico-em-comemoracao-aos-88-anos-do-municipio\/#respond"]}]},{"@type":"WebPage","@id":"https:\/\/jornalboasnoticias.com.br\/home\/conselho-de-pastores-de-boituva-realiza-culto-civico-em-comemoracao-aos-88-anos-do-municipio\/","url":"https:\/\/jornalboasnoticias.com.br\/home\/conselho-de-pastores-de-boituva-realiza-culto-civico-em-comemoracao-aos-88-anos-do-municipio\/","name":"Conselho de Pastores de Boituva realiza culto c\u00edvico em comemora\u00e7\u00e3o aos 88 anos do munic\u00edpio - Jornal","isPartOf":{"@id":"https:\/\/jornalboasnoticias.com.br\/home\/#website"},"primaryImageOfPage":{"@id":"https:\/\/jornalboasnoticias.com.br\/home\/conselho-de-pastores-de-boituva-realiza-culto-civico-em-comemoracao-aos-88-anos-do-municipio\/#primaryimage"},"image":{"@id":"https:\/\/jornalboasnoticias.com.br\/home\/conselho-de-pastores-de-boituva-realiza-culto-civico-em-comemoracao-aos-88-anos-do-municipio\/#primaryimage"},"thumbnailUrl":"https:\/\/jornalboasnoticias.com.br\/home\/wp-content\/uploads\/2025\/07\/4.jpg","datePublished":"2025-07-23T15:06:27+00:00","description":"Conselho de Pastores de Boituva realiza culto c\u00edvico em comemora\u00e7\u00e3o aos 88 anos do munic\u00edpio","breadcrumb":{"@id":"https:\/\/jornalboasnoticias.com.br\/home\/conselho-de-pastores-de-boituva-realiza-culto-civico-em-comemoracao-aos-88-anos-do-municipio\/#breadcrumb"},"inLanguage":"pt-BR","potentialAction":[{"@type":"ReadAction","target":["https:\/\/jornalboasnoticias.com.br\/home\/conselho-de-pastores-de-boituva-realiza-culto-civico-em-comemoracao-aos-88-anos-do-municipio\/"]}]},{"@type":"ImageObject","inLanguage":"pt-BR","@id":"https:\/\/jornalboasnoticias.com.br\/home\/conselho-de-pastores-de-boituva-realiza-culto-civico-em-comemoracao-aos-88-anos-do-municipio\/#primaryimage","url":"https:\/\/jornalboasnoticias.com.br\/home\/wp-content\/uploads\/2025\/07\/4.jpg","contentUrl":"https:\/\/jornalboasnoticias.com.br\/home\/wp-content\/uploads\/2025\/07\/4.jpg","width":576,"height":720},{"@type":"BreadcrumbList","@id":"https:\/\/jornalboasnoticias.com.br\/home\/conselho-de-pastores-de-boituva-realiza-culto-civico-em-comemoracao-aos-88-anos-do-municipio\/#breadcrumb","itemListElement":[{"@type":"ListItem","position":1,"name":"In\u00edcio","item":"https:\/\/jornalboasnoticias.com.br\/home\/"},{"@type":"ListItem","position":2,"name":"Conselho de Pastores de Boituva realiza culto c\u00edvico em comemora\u00e7\u00e3o aos 88 anos do munic\u00edpio"}]},{"@type":"WebSite","@id":"https:\/\/jornalboasnoticias.com.br\/home\/#website","url":"https:\/\/jornalboasnoticias.com.br\/home\/","name":"Jornal Boas Not\u00edcias","description":"Boas not\u00edcias","publisher":{"@id":"https:\/\/jornalboasnoticias.com.br\/home\/#organization"},"potentialAction":[{"@type":"SearchAction","target":{"@type":"EntryPoint","urlTemplate":"https:\/\/jornalboasnoticias.com.br\/home\/?s={search_term_string}"},"query-input":{"@type":"PropertyValueSpecification","valueRequired":true,"valueName":"search_term_string"}}],"inLanguage":"pt-BR"},{"@type":"Organization","@id":"https:\/\/jornalboasnoticias.com.br\/home\/#organization","name":"Coq Editora Ltda","alternateName":"Jornal Boas Noticias","url":"https:\/\/jornalboasnoticias.com.br\/home\/","logo":{"@type":"ImageObject","inLanguage":"pt-BR","@id":"https:\/\/jornalboasnoticias.com.br\/home\/#\/schema\/logo\/image\/","url":"https:\/\/jornalboasnoticias.com.br\/home\/wp-content\/uploads\/2024\/07\/cropped-logo.jpg","contentUrl":"https:\/\/jornalboasnoticias.com.br\/home\/wp-content\/uploads\/2024\/07\/cropped-logo.jpg","width":290,"height":142,"caption":"Coq Editora Ltda"},"image":{"@id":"https:\/\/jornalboasnoticias.com.br\/home\/#\/schema\/logo\/image\/"},"sameAs":["https:\/\/www.facebook.com\/boasnoticiasjornal"]},{"@type":"Person","@id":"https:\/\/jornalboasnoticias.com.br\/home\/#\/schema\/person\/75f9ebde398c998c166475fb446bda62","name":"Luiz Carlos da Cruz","image":{"@type":"ImageObject","inLanguage":"pt-BR","@id":"https:\/\/secure.gravatar.com\/avatar\/e6f4f45301b6cb8572f7b076572e8ac11c1db80e805d8c8d0858cf286ce3ac3b?s=96&d=mm&r=g","url":"https:\/\/secure.gravatar.com\/avatar\/e6f4f45301b6cb8572f7b076572e8ac11c1db80e805d8c8d0858cf286ce3ac3b?s=96&d=mm&r=g","contentUrl":"https:\/\/secure.gravatar.com\/avatar\/e6f4f45301b6cb8572f7b076572e8ac11c1db80e805d8c8d0858cf286ce3ac3b?s=96&d=mm&r=g","caption":"Luiz Carlos da Cruz"},"url":"https:\/\/jornalboasnoticias.com.br\/home\/author\/luiz-carlos-da-cruz\/"}]}},"_links":{"self":[{"href":"https:\/\/jornalboasnoticias.com.br\/home\/wp-json\/wp\/v2\/posts\/46361","targetHints":{"allow":["GET"]}}],"collection":[{"href":"https:\/\/jornalboasnoticias.com.br\/home\/wp-json\/wp\/v2\/posts"}],"about":[{"href":"https:\/\/jornalboasnoticias.com.br\/home\/wp-json\/wp\/v2\/types\/post"}],"author":[{"embeddable":true,"href":"https:\/\/jornalboasnoticias.com.br\/home\/wp-json\/wp\/v2\/users\/3"}],"replies":[{"embeddable":true,"href":"https:\/\/jornalboasnoticias.com.br\/home\/wp-json\/wp\/v2\/comments?post=46361"}],"version-history":[{"count":1,"href":"https:\/\/jornalboasnoticias.com.br\/home\/wp-json\/wp\/v2\/posts\/46361\/revisions"}],"predecessor-version":[{"id":46363,"href":"https:\/\/jornalboasnoticias.com.br\/home\/wp-json\/wp\/v2\/posts\/46361\/revisions\/46363"}],"wp:featuredmedia":[{"embeddable":true,"href":"https:\/\/jornalboasnoticias.com.br\/home\/wp-json\/wp\/v2\/media\/46362"}],"wp:attachment":[{"href":"https:\/\/jornalboasnoticias.com.br\/home\/wp-json\/wp\/v2\/media?parent=46361"}],"wp:term":[{"taxonomy":"category","embeddable":true,"href":"https:\/\/jornalboasnoticias.com.br\/home\/wp-json\/wp\/v2\/categories?post=46361"},{"taxonomy":"post_tag","embeddable":true,"href":"https:\/\/jornalboasnoticias.com.br\/home\/wp-json\/wp\/v2\/tags?post=46361"}],"curies":[{"name":"wp","href":"https:\/\/api.w.org\/{rel}","templated":true}]}}