{"id":46341,"date":"2025-06-29T01:35:52","date_gmt":"2025-06-29T01:35:52","guid":{"rendered":"https:\/\/jornalboasnoticias.com.br\/home\/?p=46341"},"modified":"2025-06-29T01:44:44","modified_gmt":"2025-06-29T01:44:44","slug":"multidao-participa-da-marcha-para-jesus-em-cascavel","status":"publish","type":"post","link":"https:\/\/jornalboasnoticias.com.br\/home\/multidao-participa-da-marcha-para-jesus-em-cascavel\/","title":{"rendered":"Multid\u00e3o participa da Marcha Para Jesus em Cascavel"},"content":{"rendered":"<p data-start=\"72\" data-end=\"409\"><img loading=\"lazy\" decoding=\"async\" class=\"alignnone size-full wp-image-46342\" src=\"https:\/\/jornalboasnoticias.com.br\/home\/wp-content\/uploads\/2025\/06\/foto4.jpg\" alt=\"\" width=\"791\" height=\"593\" srcset=\"https:\/\/jornalboasnoticias.com.br\/home\/wp-content\/uploads\/2025\/06\/foto4.jpg 791w, https:\/\/jornalboasnoticias.com.br\/home\/wp-content\/uploads\/2025\/06\/foto4-300x225.jpg 300w, https:\/\/jornalboasnoticias.com.br\/home\/wp-content\/uploads\/2025\/06\/foto4-768x576.jpg 768w, https:\/\/jornalboasnoticias.com.br\/home\/wp-content\/uploads\/2025\/06\/foto4-200x150.jpg 200w\" sizes=\"auto, (max-width: 791px) 100vw, 791px\" \/><\/p>\n<p data-start=\"72\" data-end=\"409\">Na tarde deste s\u00e1bado (28), as ruas centrais de Cascavel foram tomadas por milhares de fi\u00e9is que participaram da Marcha para Jesus. O evento, promovido pela Ordem dos Pastores Evang\u00e9licos de Cascavel (Opevel), reuniu representantes de diversas igrejas evang\u00e9licas do munic\u00edpio em um grande momento de f\u00e9, louvor e comunh\u00e3o.<\/p>\n<p data-start=\"411\" data-end=\"804\">A concentra\u00e7\u00e3o teve in\u00edcio \u00e0s 16h, na Pra\u00e7a da B\u00edblia. De l\u00e1, os participantes seguiram em caminhada pela Avenida Brasil, acompanhados por um trio el\u00e9trico que conduziu a marcha com m\u00fasicas de adora\u00e7\u00e3o, ora\u00e7\u00f5es e mensagens de esperan\u00e7a. Fam\u00edlias inteiras, jovens, crian\u00e7as e idosos participaram ativamente do percurso, que transformou a principal via da cidade em um verdadeiro corredor de f\u00e9.<\/p>\n<p data-start=\"806\" data-end=\"1084\">O encerramento aconteceu na Pra\u00e7a Wilson Joffre, onde foi montada uma estrutura para ministra\u00e7\u00f5es, apresenta\u00e7\u00f5es musicais e momentos de louvor. O ambiente festivo e espiritual marcou a celebra\u00e7\u00e3o, que \u00e9 considerada uma das maiores manifesta\u00e7\u00f5es religiosas ao ar livre da cidade.<\/p>\n<p data-start=\"1086\" data-end=\"1288\">Durante todo o trajeto, agentes da Transitar, Guarda Municipal e Pol\u00edcia Militar estiveram presentes, garantindo a seguran\u00e7a dos participantes e a fluidez do tr\u00e2nsito. N\u00e3o foram registradas ocorr\u00eancias.<\/p>\n<p data-start=\"1290\" data-end=\"1602\">De acordo com os organizadores, a Marcha para Jesus tem como objetivo principal promover a unidade entre as igrejas crist\u00e3s e proclamar valores de amor, paz e f\u00e9. &#8220;\u00c9 um momento de testemunho p\u00fablico, onde a cidade \u00e9 aben\u00e7oada por meio da ora\u00e7\u00e3o e da comunh\u00e3o entre os irm\u00e3os&#8221;, destacou um dos pastores da Opevel.<\/p>\n<p data-start=\"1604\" data-end=\"1784\" data-is-last-node=\"\" data-is-only-node=\"\">A Marcha para Jesus \u00e9 realizada anualmente em Cascavel e integra um movimento que acontece em v\u00e1rias cidades do Brasil e do mundo, unindo crist\u00e3os em manifesta\u00e7\u00f5es pac\u00edficas de f\u00e9.<\/p>\n<p data-start=\"1604\" data-end=\"1784\" data-is-last-node=\"\" data-is-only-node=\"\">ASSISTA A REPORTAGEM EM V\u00cdDEO<\/p>\n<p><iframe loading=\"lazy\" title=\"Marcha Para Jesus em Cascavel\" width=\"640\" height=\"360\" src=\"https:\/\/www.youtube.com\/embed\/sUMqCf08EtE?feature=oembed\" frameborder=\"0\" allow=\"accelerometer; autoplay; clipboard-write; encrypted-media; gyroscope; picture-in-picture; web-share\" referrerpolicy=\"strict-origin-when-cross-origin\" allowfullscreen><\/iframe><\/p>\n","protected":false},"excerpt":{"rendered":"<p>Na tarde deste s\u00e1bado (28), as ruas centrais de Cascavel foram tomadas por milhares de<\/p>\n","protected":false},"author":3,"featured_media":46343,"comment_status":"open","ping_status":"open","sticky":false,"template":"","format":"standard","meta":{"footnotes":""},"categories":[2,3],"tags":[10],"class_list":["post-46341","post","type-post","status-publish","format-standard","has-post-thumbnail","hentry","category-cascavel","category-destaques","tag-cascavel"],"yoast_head":"<!-- This site is optimized with the Yoast SEO plugin v27.5 - https:\/\/yoast.com\/product\/yoast-seo-wordpress\/ -->\n<title>Multid\u00e3o participa da Marcha Para Jesus em Cascavel - Jornal<\/title>\n<meta name=\"description\" content=\"Multid\u00e3o participa da Marcha Para Jesus em Cascavel\" \/>\n<meta name=\"robots\" content=\"index, follow, max-snippet:-1, max-image-preview:large, max-video-preview:-1\" \/>\n<link rel=\"canonical\" href=\"https:\/\/jornalboasnoticias.com.br\/home\/multidao-participa-da-marcha-para-jesus-em-cascavel\/\" \/>\n<meta property=\"og:locale\" content=\"pt_BR\" \/>\n<meta property=\"og:type\" content=\"article\" \/>\n<meta property=\"og:title\" content=\"Multid\u00e3o participa da Marcha Para Jesus em Cascavel - Jornal\" \/>\n<meta property=\"og:description\" content=\"Multid\u00e3o participa da Marcha Para Jesus em Cascavel\" \/>\n<meta property=\"og:url\" content=\"https:\/\/jornalboasnoticias.com.br\/home\/multidao-participa-da-marcha-para-jesus-em-cascavel\/\" \/>\n<meta property=\"og:site_name\" content=\"Jornal\" \/>\n<meta property=\"article:publisher\" content=\"https:\/\/www.facebook.com\/boasnoticiasjornal\" \/>\n<meta property=\"article:published_time\" content=\"2025-06-29T01:35:52+00:00\" \/>\n<meta property=\"article:modified_time\" content=\"2025-06-29T01:44:44+00:00\" \/>\n<meta property=\"og:image\" content=\"https:\/\/jornalboasnoticias.com.br\/home\/wp-content\/uploads\/2025\/06\/foto-5.jpg\" \/>\n\t<meta property=\"og:image:width\" content=\"791\" \/>\n\t<meta property=\"og:image:height\" content=\"593\" \/>\n\t<meta property=\"og:image:type\" content=\"image\/jpeg\" \/>\n<meta name=\"author\" content=\"Luiz Carlos da Cruz\" \/>\n<meta name=\"twitter:card\" content=\"summary_large_image\" \/>\n<meta name=\"twitter:label1\" content=\"Escrito por\" \/>\n\t<meta name=\"twitter:data1\" content=\"Luiz Carlos da Cruz\" \/>\n\t<meta name=\"twitter:label2\" content=\"Est. tempo de leitura\" \/>\n\t<meta name=\"twitter:data2\" content=\"2 minutos\" \/>\n<script type=\"application\/ld+json\" class=\"yoast-schema-graph\">{\"@context\":\"https:\\\/\\\/schema.org\",\"@graph\":[{\"@type\":\"Article\",\"@id\":\"https:\\\/\\\/jornalboasnoticias.com.br\\\/home\\\/multidao-participa-da-marcha-para-jesus-em-cascavel\\\/#article\",\"isPartOf\":{\"@id\":\"https:\\\/\\\/jornalboasnoticias.com.br\\\/home\\\/multidao-participa-da-marcha-para-jesus-em-cascavel\\\/\"},\"author\":{\"name\":\"Luiz Carlos da Cruz\",\"@id\":\"https:\\\/\\\/jornalboasnoticias.com.br\\\/home\\\/#\\\/schema\\\/person\\\/75f9ebde398c998c166475fb446bda62\"},\"headline\":\"Multid\u00e3o participa da Marcha Para Jesus em Cascavel\",\"datePublished\":\"2025-06-29T01:35:52+00:00\",\"dateModified\":\"2025-06-29T01:44:44+00:00\",\"mainEntityOfPage\":{\"@id\":\"https:\\\/\\\/jornalboasnoticias.com.br\\\/home\\\/multidao-participa-da-marcha-para-jesus-em-cascavel\\\/\"},\"wordCount\":317,\"commentCount\":0,\"publisher\":{\"@id\":\"https:\\\/\\\/jornalboasnoticias.com.br\\\/home\\\/#organization\"},\"image\":{\"@id\":\"https:\\\/\\\/jornalboasnoticias.com.br\\\/home\\\/multidao-participa-da-marcha-para-jesus-em-cascavel\\\/#primaryimage\"},\"thumbnailUrl\":\"https:\\\/\\\/jornalboasnoticias.com.br\\\/home\\\/wp-content\\\/uploads\\\/2025\\\/06\\\/foto-5.jpg\",\"keywords\":[\"cascavel\"],\"articleSection\":[\"CASCAVEL\",\"DESTAQUE\"],\"inLanguage\":\"pt-BR\",\"potentialAction\":[{\"@type\":\"CommentAction\",\"name\":\"Comment\",\"target\":[\"https:\\\/\\\/jornalboasnoticias.com.br\\\/home\\\/multidao-participa-da-marcha-para-jesus-em-cascavel\\\/#respond\"]}]},{\"@type\":\"WebPage\",\"@id\":\"https:\\\/\\\/jornalboasnoticias.com.br\\\/home\\\/multidao-participa-da-marcha-para-jesus-em-cascavel\\\/\",\"url\":\"https:\\\/\\\/jornalboasnoticias.com.br\\\/home\\\/multidao-participa-da-marcha-para-jesus-em-cascavel\\\/\",\"name\":\"Multid\u00e3o participa da Marcha Para Jesus em Cascavel - Jornal\",\"isPartOf\":{\"@id\":\"https:\\\/\\\/jornalboasnoticias.com.br\\\/home\\\/#website\"},\"primaryImageOfPage\":{\"@id\":\"https:\\\/\\\/jornalboasnoticias.com.br\\\/home\\\/multidao-participa-da-marcha-para-jesus-em-cascavel\\\/#primaryimage\"},\"image\":{\"@id\":\"https:\\\/\\\/jornalboasnoticias.com.br\\\/home\\\/multidao-participa-da-marcha-para-jesus-em-cascavel\\\/#primaryimage\"},\"thumbnailUrl\":\"https:\\\/\\\/jornalboasnoticias.com.br\\\/home\\\/wp-content\\\/uploads\\\/2025\\\/06\\\/foto-5.jpg\",\"datePublished\":\"2025-06-29T01:35:52+00:00\",\"dateModified\":\"2025-06-29T01:44:44+00:00\",\"description\":\"Multid\u00e3o participa da Marcha Para Jesus em Cascavel\",\"breadcrumb\":{\"@id\":\"https:\\\/\\\/jornalboasnoticias.com.br\\\/home\\\/multidao-participa-da-marcha-para-jesus-em-cascavel\\\/#breadcrumb\"},\"inLanguage\":\"pt-BR\",\"potentialAction\":[{\"@type\":\"ReadAction\",\"target\":[\"https:\\\/\\\/jornalboasnoticias.com.br\\\/home\\\/multidao-participa-da-marcha-para-jesus-em-cascavel\\\/\"]}]},{\"@type\":\"ImageObject\",\"inLanguage\":\"pt-BR\",\"@id\":\"https:\\\/\\\/jornalboasnoticias.com.br\\\/home\\\/multidao-participa-da-marcha-para-jesus-em-cascavel\\\/#primaryimage\",\"url\":\"https:\\\/\\\/jornalboasnoticias.com.br\\\/home\\\/wp-content\\\/uploads\\\/2025\\\/06\\\/foto-5.jpg\",\"contentUrl\":\"https:\\\/\\\/jornalboasnoticias.com.br\\\/home\\\/wp-content\\\/uploads\\\/2025\\\/06\\\/foto-5.jpg\",\"width\":791,\"height\":593},{\"@type\":\"BreadcrumbList\",\"@id\":\"https:\\\/\\\/jornalboasnoticias.com.br\\\/home\\\/multidao-participa-da-marcha-para-jesus-em-cascavel\\\/#breadcrumb\",\"itemListElement\":[{\"@type\":\"ListItem\",\"position\":1,\"name\":\"In\u00edcio\",\"item\":\"https:\\\/\\\/jornalboasnoticias.com.br\\\/home\\\/\"},{\"@type\":\"ListItem\",\"position\":2,\"name\":\"Multid\u00e3o participa da Marcha Para Jesus em Cascavel\"}]},{\"@type\":\"WebSite\",\"@id\":\"https:\\\/\\\/jornalboasnoticias.com.br\\\/home\\\/#website\",\"url\":\"https:\\\/\\\/jornalboasnoticias.com.br\\\/home\\\/\",\"name\":\"Jornal Boas Not\u00edcias\",\"description\":\"Boas not\u00edcias\",\"publisher\":{\"@id\":\"https:\\\/\\\/jornalboasnoticias.com.br\\\/home\\\/#organization\"},\"potentialAction\":[{\"@type\":\"SearchAction\",\"target\":{\"@type\":\"EntryPoint\",\"urlTemplate\":\"https:\\\/\\\/jornalboasnoticias.com.br\\\/home\\\/?s={search_term_string}\"},\"query-input\":{\"@type\":\"PropertyValueSpecification\",\"valueRequired\":true,\"valueName\":\"search_term_string\"}}],\"inLanguage\":\"pt-BR\"},{\"@type\":\"Organization\",\"@id\":\"https:\\\/\\\/jornalboasnoticias.com.br\\\/home\\\/#organization\",\"name\":\"Coq Editora Ltda\",\"alternateName\":\"Jornal Boas Noticias\",\"url\":\"https:\\\/\\\/jornalboasnoticias.com.br\\\/home\\\/\",\"logo\":{\"@type\":\"ImageObject\",\"inLanguage\":\"pt-BR\",\"@id\":\"https:\\\/\\\/jornalboasnoticias.com.br\\\/home\\\/#\\\/schema\\\/logo\\\/image\\\/\",\"url\":\"https:\\\/\\\/jornalboasnoticias.com.br\\\/home\\\/wp-content\\\/uploads\\\/2024\\\/07\\\/cropped-logo.jpg\",\"contentUrl\":\"https:\\\/\\\/jornalboasnoticias.com.br\\\/home\\\/wp-content\\\/uploads\\\/2024\\\/07\\\/cropped-logo.jpg\",\"width\":290,\"height\":142,\"caption\":\"Coq Editora Ltda\"},\"image\":{\"@id\":\"https:\\\/\\\/jornalboasnoticias.com.br\\\/home\\\/#\\\/schema\\\/logo\\\/image\\\/\"},\"sameAs\":[\"https:\\\/\\\/www.facebook.com\\\/boasnoticiasjornal\"]},{\"@type\":\"Person\",\"@id\":\"https:\\\/\\\/jornalboasnoticias.com.br\\\/home\\\/#\\\/schema\\\/person\\\/75f9ebde398c998c166475fb446bda62\",\"name\":\"Luiz Carlos da Cruz\",\"image\":{\"@type\":\"ImageObject\",\"inLanguage\":\"pt-BR\",\"@id\":\"https:\\\/\\\/secure.gravatar.com\\\/avatar\\\/e6f4f45301b6cb8572f7b076572e8ac11c1db80e805d8c8d0858cf286ce3ac3b?s=96&d=mm&r=g\",\"url\":\"https:\\\/\\\/secure.gravatar.com\\\/avatar\\\/e6f4f45301b6cb8572f7b076572e8ac11c1db80e805d8c8d0858cf286ce3ac3b?s=96&d=mm&r=g\",\"contentUrl\":\"https:\\\/\\\/secure.gravatar.com\\\/avatar\\\/e6f4f45301b6cb8572f7b076572e8ac11c1db80e805d8c8d0858cf286ce3ac3b?s=96&d=mm&r=g\",\"caption\":\"Luiz Carlos da Cruz\"},\"url\":\"https:\\\/\\\/jornalboasnoticias.com.br\\\/home\\\/author\\\/luiz-carlos-da-cruz\\\/\"}]}<\/script>\n<!-- \/ Yoast SEO plugin. -->","yoast_head_json":{"title":"Multid\u00e3o participa da Marcha Para Jesus em Cascavel - Jornal","description":"Multid\u00e3o participa da Marcha Para Jesus em Cascavel","robots":{"index":"index","follow":"follow","max-snippet":"max-snippet:-1","max-image-preview":"max-image-preview:large","max-video-preview":"max-video-preview:-1"},"canonical":"https:\/\/jornalboasnoticias.com.br\/home\/multidao-participa-da-marcha-para-jesus-em-cascavel\/","og_locale":"pt_BR","og_type":"article","og_title":"Multid\u00e3o participa da Marcha Para Jesus em Cascavel - Jornal","og_description":"Multid\u00e3o participa da Marcha Para Jesus em Cascavel","og_url":"https:\/\/jornalboasnoticias.com.br\/home\/multidao-participa-da-marcha-para-jesus-em-cascavel\/","og_site_name":"Jornal","article_publisher":"https:\/\/www.facebook.com\/boasnoticiasjornal","article_published_time":"2025-06-29T01:35:52+00:00","article_modified_time":"2025-06-29T01:44:44+00:00","og_image":[{"width":791,"height":593,"url":"https:\/\/jornalboasnoticias.com.br\/home\/wp-content\/uploads\/2025\/06\/foto-5.jpg","type":"image\/jpeg"}],"author":"Luiz Carlos da Cruz","twitter_card":"summary_large_image","twitter_misc":{"Escrito por":"Luiz Carlos da Cruz","Est. tempo de leitura":"2 minutos"},"schema":{"@context":"https:\/\/schema.org","@graph":[{"@type":"Article","@id":"https:\/\/jornalboasnoticias.com.br\/home\/multidao-participa-da-marcha-para-jesus-em-cascavel\/#article","isPartOf":{"@id":"https:\/\/jornalboasnoticias.com.br\/home\/multidao-participa-da-marcha-para-jesus-em-cascavel\/"},"author":{"name":"Luiz Carlos da Cruz","@id":"https:\/\/jornalboasnoticias.com.br\/home\/#\/schema\/person\/75f9ebde398c998c166475fb446bda62"},"headline":"Multid\u00e3o participa da Marcha Para Jesus em Cascavel","datePublished":"2025-06-29T01:35:52+00:00","dateModified":"2025-06-29T01:44:44+00:00","mainEntityOfPage":{"@id":"https:\/\/jornalboasnoticias.com.br\/home\/multidao-participa-da-marcha-para-jesus-em-cascavel\/"},"wordCount":317,"commentCount":0,"publisher":{"@id":"https:\/\/jornalboasnoticias.com.br\/home\/#organization"},"image":{"@id":"https:\/\/jornalboasnoticias.com.br\/home\/multidao-participa-da-marcha-para-jesus-em-cascavel\/#primaryimage"},"thumbnailUrl":"https:\/\/jornalboasnoticias.com.br\/home\/wp-content\/uploads\/2025\/06\/foto-5.jpg","keywords":["cascavel"],"articleSection":["CASCAVEL","DESTAQUE"],"inLanguage":"pt-BR","potentialAction":[{"@type":"CommentAction","name":"Comment","target":["https:\/\/jornalboasnoticias.com.br\/home\/multidao-participa-da-marcha-para-jesus-em-cascavel\/#respond"]}]},{"@type":"WebPage","@id":"https:\/\/jornalboasnoticias.com.br\/home\/multidao-participa-da-marcha-para-jesus-em-cascavel\/","url":"https:\/\/jornalboasnoticias.com.br\/home\/multidao-participa-da-marcha-para-jesus-em-cascavel\/","name":"Multid\u00e3o participa da Marcha Para Jesus em Cascavel - Jornal","isPartOf":{"@id":"https:\/\/jornalboasnoticias.com.br\/home\/#website"},"primaryImageOfPage":{"@id":"https:\/\/jornalboasnoticias.com.br\/home\/multidao-participa-da-marcha-para-jesus-em-cascavel\/#primaryimage"},"image":{"@id":"https:\/\/jornalboasnoticias.com.br\/home\/multidao-participa-da-marcha-para-jesus-em-cascavel\/#primaryimage"},"thumbnailUrl":"https:\/\/jornalboasnoticias.com.br\/home\/wp-content\/uploads\/2025\/06\/foto-5.jpg","datePublished":"2025-06-29T01:35:52+00:00","dateModified":"2025-06-29T01:44:44+00:00","description":"Multid\u00e3o participa da Marcha Para Jesus em Cascavel","breadcrumb":{"@id":"https:\/\/jornalboasnoticias.com.br\/home\/multidao-participa-da-marcha-para-jesus-em-cascavel\/#breadcrumb"},"inLanguage":"pt-BR","potentialAction":[{"@type":"ReadAction","target":["https:\/\/jornalboasnoticias.com.br\/home\/multidao-participa-da-marcha-para-jesus-em-cascavel\/"]}]},{"@type":"ImageObject","inLanguage":"pt-BR","@id":"https:\/\/jornalboasnoticias.com.br\/home\/multidao-participa-da-marcha-para-jesus-em-cascavel\/#primaryimage","url":"https:\/\/jornalboasnoticias.com.br\/home\/wp-content\/uploads\/2025\/06\/foto-5.jpg","contentUrl":"https:\/\/jornalboasnoticias.com.br\/home\/wp-content\/uploads\/2025\/06\/foto-5.jpg","width":791,"height":593},{"@type":"BreadcrumbList","@id":"https:\/\/jornalboasnoticias.com.br\/home\/multidao-participa-da-marcha-para-jesus-em-cascavel\/#breadcrumb","itemListElement":[{"@type":"ListItem","position":1,"name":"In\u00edcio","item":"https:\/\/jornalboasnoticias.com.br\/home\/"},{"@type":"ListItem","position":2,"name":"Multid\u00e3o participa da Marcha Para Jesus em Cascavel"}]},{"@type":"WebSite","@id":"https:\/\/jornalboasnoticias.com.br\/home\/#website","url":"https:\/\/jornalboasnoticias.com.br\/home\/","name":"Jornal Boas Not\u00edcias","description":"Boas not\u00edcias","publisher":{"@id":"https:\/\/jornalboasnoticias.com.br\/home\/#organization"},"potentialAction":[{"@type":"SearchAction","target":{"@type":"EntryPoint","urlTemplate":"https:\/\/jornalboasnoticias.com.br\/home\/?s={search_term_string}"},"query-input":{"@type":"PropertyValueSpecification","valueRequired":true,"valueName":"search_term_string"}}],"inLanguage":"pt-BR"},{"@type":"Organization","@id":"https:\/\/jornalboasnoticias.com.br\/home\/#organization","name":"Coq Editora Ltda","alternateName":"Jornal Boas Noticias","url":"https:\/\/jornalboasnoticias.com.br\/home\/","logo":{"@type":"ImageObject","inLanguage":"pt-BR","@id":"https:\/\/jornalboasnoticias.com.br\/home\/#\/schema\/logo\/image\/","url":"https:\/\/jornalboasnoticias.com.br\/home\/wp-content\/uploads\/2024\/07\/cropped-logo.jpg","contentUrl":"https:\/\/jornalboasnoticias.com.br\/home\/wp-content\/uploads\/2024\/07\/cropped-logo.jpg","width":290,"height":142,"caption":"Coq Editora Ltda"},"image":{"@id":"https:\/\/jornalboasnoticias.com.br\/home\/#\/schema\/logo\/image\/"},"sameAs":["https:\/\/www.facebook.com\/boasnoticiasjornal"]},{"@type":"Person","@id":"https:\/\/jornalboasnoticias.com.br\/home\/#\/schema\/person\/75f9ebde398c998c166475fb446bda62","name":"Luiz Carlos da Cruz","image":{"@type":"ImageObject","inLanguage":"pt-BR","@id":"https:\/\/secure.gravatar.com\/avatar\/e6f4f45301b6cb8572f7b076572e8ac11c1db80e805d8c8d0858cf286ce3ac3b?s=96&d=mm&r=g","url":"https:\/\/secure.gravatar.com\/avatar\/e6f4f45301b6cb8572f7b076572e8ac11c1db80e805d8c8d0858cf286ce3ac3b?s=96&d=mm&r=g","contentUrl":"https:\/\/secure.gravatar.com\/avatar\/e6f4f45301b6cb8572f7b076572e8ac11c1db80e805d8c8d0858cf286ce3ac3b?s=96&d=mm&r=g","caption":"Luiz Carlos da Cruz"},"url":"https:\/\/jornalboasnoticias.com.br\/home\/author\/luiz-carlos-da-cruz\/"}]}},"_links":{"self":[{"href":"https:\/\/jornalboasnoticias.com.br\/home\/wp-json\/wp\/v2\/posts\/46341","targetHints":{"allow":["GET"]}}],"collection":[{"href":"https:\/\/jornalboasnoticias.com.br\/home\/wp-json\/wp\/v2\/posts"}],"about":[{"href":"https:\/\/jornalboasnoticias.com.br\/home\/wp-json\/wp\/v2\/types\/post"}],"author":[{"embeddable":true,"href":"https:\/\/jornalboasnoticias.com.br\/home\/wp-json\/wp\/v2\/users\/3"}],"replies":[{"embeddable":true,"href":"https:\/\/jornalboasnoticias.com.br\/home\/wp-json\/wp\/v2\/comments?post=46341"}],"version-history":[{"count":2,"href":"https:\/\/jornalboasnoticias.com.br\/home\/wp-json\/wp\/v2\/posts\/46341\/revisions"}],"predecessor-version":[{"id":46345,"href":"https:\/\/jornalboasnoticias.com.br\/home\/wp-json\/wp\/v2\/posts\/46341\/revisions\/46345"}],"wp:featuredmedia":[{"embeddable":true,"href":"https:\/\/jornalboasnoticias.com.br\/home\/wp-json\/wp\/v2\/media\/46343"}],"wp:attachment":[{"href":"https:\/\/jornalboasnoticias.com.br\/home\/wp-json\/wp\/v2\/media?parent=46341"}],"wp:term":[{"taxonomy":"category","embeddable":true,"href":"https:\/\/jornalboasnoticias.com.br\/home\/wp-json\/wp\/v2\/categories?post=46341"},{"taxonomy":"post_tag","embeddable":true,"href":"https:\/\/jornalboasnoticias.com.br\/home\/wp-json\/wp\/v2\/tags?post=46341"}],"curies":[{"name":"wp","href":"https:\/\/api.w.org\/{rel}","templated":true}]}}