{"id":46338,"date":"2025-06-27T11:19:43","date_gmt":"2025-06-27T11:19:43","guid":{"rendered":"https:\/\/jornalboasnoticias.com.br\/home\/?p=46338"},"modified":"2025-06-27T11:19:43","modified_gmt":"2025-06-27T11:19:43","slug":"cascavel-realiza-marcha-para-jesus-2025-neste-sabado","status":"publish","type":"post","link":"https:\/\/jornalboasnoticias.com.br\/home\/cascavel-realiza-marcha-para-jesus-2025-neste-sabado\/","title":{"rendered":"Cascavel realiza Marcha Para Jesus 2025 neste s\u00e1bado"},"content":{"rendered":"<figure id=\"attachment_46339\" aria-describedby=\"caption-attachment-46339\" style=\"width: 960px\" class=\"wp-caption alignnone\"><img loading=\"lazy\" decoding=\"async\" class=\"size-full wp-image-46339\" src=\"https:\/\/jornalboasnoticias.com.br\/home\/wp-content\/uploads\/2025\/06\/66.jpg\" alt=\"\" width=\"960\" height=\"720\" srcset=\"https:\/\/jornalboasnoticias.com.br\/home\/wp-content\/uploads\/2025\/06\/66.jpg 960w, https:\/\/jornalboasnoticias.com.br\/home\/wp-content\/uploads\/2025\/06\/66-300x225.jpg 300w, https:\/\/jornalboasnoticias.com.br\/home\/wp-content\/uploads\/2025\/06\/66-768x576.jpg 768w, https:\/\/jornalboasnoticias.com.br\/home\/wp-content\/uploads\/2025\/06\/66-200x150.jpg 200w\" sizes=\"auto, (max-width: 960px) 100vw, 960px\" \/><figcaption id=\"caption-attachment-46339\" class=\"wp-caption-text\">Concentra\u00e7\u00e3o ser\u00e1 na Pra\u00e7a da B\u00edblia<\/figcaption><\/figure>\n<p data-start=\"63\" data-end=\"272\">A cidade de Cascavel se prepara para receber, neste s\u00e1bado (27),\u00a0a edi\u00e7\u00e3o 2025 da <strong data-start=\"146\" data-end=\"167\">Marcha para Jesus<\/strong>, evento que deve reunir fi\u00e9is de diversas denomina\u00e7\u00f5es evang\u00e9licas em um ato p\u00fablico de f\u00e9 e celebra\u00e7\u00e3o.<\/p>\n<p data-start=\"274\" data-end=\"527\">A <strong data-start=\"276\" data-end=\"317\">concentra\u00e7\u00e3o est\u00e1 marcada para as 16h<\/strong>, na Pra\u00e7a da B\u00edblia, de onde os participantes seguir\u00e3o em caminhada at\u00e9 a <strong data-start=\"392\" data-end=\"414\">Pra\u00e7a Wilson Jofre<\/strong>. Durante o trajeto, um <strong data-start=\"438\" data-end=\"455\">trio el\u00e9trico<\/strong> animar\u00e1 o p\u00fablico com can\u00e7\u00f5es de louvor, ora\u00e7\u00e3o e momentos de adora\u00e7\u00e3o.<\/p>\n<p data-start=\"529\" data-end=\"775\">Ao final da marcha, na Pra\u00e7a Wilson Jofre, ser\u00e1 realizado um <strong data-start=\"590\" data-end=\"618\">grande culto ao ar livre<\/strong>, com estrutura de som e palco para dar continuidade \u00e0 programa\u00e7\u00e3o. Entre as atra\u00e7\u00f5es confirmadas est\u00e1 o <strong data-start=\"723\" data-end=\"745\">cantor Jayzer Maia<\/strong>, conhecido no cen\u00e1rio gospel.<\/p>\n<p data-start=\"777\" data-end=\"1046\">O evento contar\u00e1 com a participa\u00e7\u00e3o de <strong data-start=\"816\" data-end=\"838\">mais de 60 igrejas<\/strong> unidas no prop\u00f3sito de <strong data-start=\"862\" data-end=\"896\">exaltar o nome de Jesus Cristo<\/strong>. Para garantir a seguran\u00e7a e a organiza\u00e7\u00e3o, haver\u00e1 apoio da <strong data-start=\"957\" data-end=\"970\">Transitar<\/strong>, da <strong data-start=\"975\" data-end=\"994\">Pol\u00edcia Militar<\/strong>, da <strong data-start=\"999\" data-end=\"1019\">Guarda Municipal<\/strong> e de <strong data-start=\"1025\" data-end=\"1045\">equipes de sa\u00fade<\/strong>.<\/p>\n<p data-start=\"1048\" data-end=\"1279\" data-is-last-node=\"\" data-is-only-node=\"\">A Marcha para Jesus em Cascavel \u00e9 uma <strong data-start=\"1086\" data-end=\"1155\">realiza\u00e7\u00e3o da Opevel (Ordem dos Pastores Evang\u00e9licos de Cascavel)<\/strong> e faz parte do calend\u00e1rio de eventos religiosos da cidade, reunindo milhares de pessoas em um ato p\u00fablico de f\u00e9 e comunh\u00e3o.<\/p>\n<p>\u201cO nosso prop\u00f3sito \u00e9, acima de tudo, declarar que Jesus Cristo \u00e9 o Senhor de Cascavel. A Marcha \u00e9 uma express\u00e3o de unidade, comunh\u00e3o e f\u00e9. Convidamos toda a popula\u00e7\u00e3o, independente de religi\u00e3o, para participar desse momento especial\u201d, ressalta o pastor Gilvano Souza, presidente da Opevel.<\/p>\n","protected":false},"excerpt":{"rendered":"<p>A cidade de Cascavel se prepara para receber, neste s\u00e1bado (27),\u00a0a edi\u00e7\u00e3o 2025 da Marcha<\/p>\n","protected":false},"author":3,"featured_media":46339,"comment_status":"open","ping_status":"open","sticky":false,"template":"","format":"standard","meta":{"footnotes":""},"categories":[2,3],"tags":[32],"class_list":["post-46338","post","type-post","status-publish","format-standard","has-post-thumbnail","hentry","category-cascavel","category-destaques","tag-marcha-para-jesus"],"yoast_head":"<!-- This site is optimized with the Yoast SEO plugin v27.5 - https:\/\/yoast.com\/product\/yoast-seo-wordpress\/ -->\n<title>Cascavel realiza Marcha Para Jesus 2025 neste s\u00e1bado - Jornal<\/title>\n<meta name=\"description\" content=\"Cascavel realiza Marcha Para Jesus 2025 neste s\u00e1bado\" \/>\n<meta name=\"robots\" content=\"index, follow, max-snippet:-1, max-image-preview:large, max-video-preview:-1\" \/>\n<link rel=\"canonical\" href=\"https:\/\/jornalboasnoticias.com.br\/home\/cascavel-realiza-marcha-para-jesus-2025-neste-sabado\/\" \/>\n<meta property=\"og:locale\" content=\"pt_BR\" \/>\n<meta property=\"og:type\" content=\"article\" \/>\n<meta property=\"og:title\" content=\"Cascavel realiza Marcha Para Jesus 2025 neste s\u00e1bado - Jornal\" \/>\n<meta property=\"og:description\" content=\"Cascavel realiza Marcha Para Jesus 2025 neste s\u00e1bado\" \/>\n<meta property=\"og:url\" content=\"https:\/\/jornalboasnoticias.com.br\/home\/cascavel-realiza-marcha-para-jesus-2025-neste-sabado\/\" \/>\n<meta property=\"og:site_name\" content=\"Jornal\" \/>\n<meta property=\"article:publisher\" content=\"https:\/\/www.facebook.com\/boasnoticiasjornal\" \/>\n<meta property=\"article:published_time\" content=\"2025-06-27T11:19:43+00:00\" \/>\n<meta property=\"og:image\" content=\"https:\/\/jornalboasnoticias.com.br\/home\/wp-content\/uploads\/2025\/06\/66.jpg\" \/>\n\t<meta property=\"og:image:width\" content=\"960\" \/>\n\t<meta property=\"og:image:height\" content=\"720\" \/>\n\t<meta property=\"og:image:type\" content=\"image\/jpeg\" \/>\n<meta name=\"author\" content=\"Luiz Carlos da Cruz\" \/>\n<meta name=\"twitter:card\" content=\"summary_large_image\" \/>\n<meta name=\"twitter:label1\" content=\"Escrito por\" \/>\n\t<meta name=\"twitter:data1\" content=\"Luiz Carlos da Cruz\" \/>\n\t<meta name=\"twitter:label2\" content=\"Est. tempo de leitura\" \/>\n\t<meta name=\"twitter:data2\" content=\"2 minutos\" \/>\n<script type=\"application\/ld+json\" class=\"yoast-schema-graph\">{\"@context\":\"https:\\\/\\\/schema.org\",\"@graph\":[{\"@type\":\"Article\",\"@id\":\"https:\\\/\\\/jornalboasnoticias.com.br\\\/home\\\/cascavel-realiza-marcha-para-jesus-2025-neste-sabado\\\/#article\",\"isPartOf\":{\"@id\":\"https:\\\/\\\/jornalboasnoticias.com.br\\\/home\\\/cascavel-realiza-marcha-para-jesus-2025-neste-sabado\\\/\"},\"author\":{\"name\":\"Luiz Carlos da Cruz\",\"@id\":\"https:\\\/\\\/jornalboasnoticias.com.br\\\/home\\\/#\\\/schema\\\/person\\\/75f9ebde398c998c166475fb446bda62\"},\"headline\":\"Cascavel realiza Marcha Para Jesus 2025 neste s\u00e1bado\",\"datePublished\":\"2025-06-27T11:19:43+00:00\",\"mainEntityOfPage\":{\"@id\":\"https:\\\/\\\/jornalboasnoticias.com.br\\\/home\\\/cascavel-realiza-marcha-para-jesus-2025-neste-sabado\\\/\"},\"wordCount\":297,\"commentCount\":0,\"publisher\":{\"@id\":\"https:\\\/\\\/jornalboasnoticias.com.br\\\/home\\\/#organization\"},\"image\":{\"@id\":\"https:\\\/\\\/jornalboasnoticias.com.br\\\/home\\\/cascavel-realiza-marcha-para-jesus-2025-neste-sabado\\\/#primaryimage\"},\"thumbnailUrl\":\"https:\\\/\\\/jornalboasnoticias.com.br\\\/home\\\/wp-content\\\/uploads\\\/2025\\\/06\\\/66.jpg\",\"keywords\":[\"marcha para jesus\"],\"articleSection\":[\"CASCAVEL\",\"DESTAQUE\"],\"inLanguage\":\"pt-BR\",\"potentialAction\":[{\"@type\":\"CommentAction\",\"name\":\"Comment\",\"target\":[\"https:\\\/\\\/jornalboasnoticias.com.br\\\/home\\\/cascavel-realiza-marcha-para-jesus-2025-neste-sabado\\\/#respond\"]}]},{\"@type\":\"WebPage\",\"@id\":\"https:\\\/\\\/jornalboasnoticias.com.br\\\/home\\\/cascavel-realiza-marcha-para-jesus-2025-neste-sabado\\\/\",\"url\":\"https:\\\/\\\/jornalboasnoticias.com.br\\\/home\\\/cascavel-realiza-marcha-para-jesus-2025-neste-sabado\\\/\",\"name\":\"Cascavel realiza Marcha Para Jesus 2025 neste s\u00e1bado - Jornal\",\"isPartOf\":{\"@id\":\"https:\\\/\\\/jornalboasnoticias.com.br\\\/home\\\/#website\"},\"primaryImageOfPage\":{\"@id\":\"https:\\\/\\\/jornalboasnoticias.com.br\\\/home\\\/cascavel-realiza-marcha-para-jesus-2025-neste-sabado\\\/#primaryimage\"},\"image\":{\"@id\":\"https:\\\/\\\/jornalboasnoticias.com.br\\\/home\\\/cascavel-realiza-marcha-para-jesus-2025-neste-sabado\\\/#primaryimage\"},\"thumbnailUrl\":\"https:\\\/\\\/jornalboasnoticias.com.br\\\/home\\\/wp-content\\\/uploads\\\/2025\\\/06\\\/66.jpg\",\"datePublished\":\"2025-06-27T11:19:43+00:00\",\"description\":\"Cascavel realiza Marcha Para Jesus 2025 neste s\u00e1bado\",\"breadcrumb\":{\"@id\":\"https:\\\/\\\/jornalboasnoticias.com.br\\\/home\\\/cascavel-realiza-marcha-para-jesus-2025-neste-sabado\\\/#breadcrumb\"},\"inLanguage\":\"pt-BR\",\"potentialAction\":[{\"@type\":\"ReadAction\",\"target\":[\"https:\\\/\\\/jornalboasnoticias.com.br\\\/home\\\/cascavel-realiza-marcha-para-jesus-2025-neste-sabado\\\/\"]}]},{\"@type\":\"ImageObject\",\"inLanguage\":\"pt-BR\",\"@id\":\"https:\\\/\\\/jornalboasnoticias.com.br\\\/home\\\/cascavel-realiza-marcha-para-jesus-2025-neste-sabado\\\/#primaryimage\",\"url\":\"https:\\\/\\\/jornalboasnoticias.com.br\\\/home\\\/wp-content\\\/uploads\\\/2025\\\/06\\\/66.jpg\",\"contentUrl\":\"https:\\\/\\\/jornalboasnoticias.com.br\\\/home\\\/wp-content\\\/uploads\\\/2025\\\/06\\\/66.jpg\",\"width\":960,\"height\":720,\"caption\":\"Concentra\u00e7\u00e3o ser\u00e1 na Pra\u00e7a da B\u00edblia\"},{\"@type\":\"BreadcrumbList\",\"@id\":\"https:\\\/\\\/jornalboasnoticias.com.br\\\/home\\\/cascavel-realiza-marcha-para-jesus-2025-neste-sabado\\\/#breadcrumb\",\"itemListElement\":[{\"@type\":\"ListItem\",\"position\":1,\"name\":\"In\u00edcio\",\"item\":\"https:\\\/\\\/jornalboasnoticias.com.br\\\/home\\\/\"},{\"@type\":\"ListItem\",\"position\":2,\"name\":\"Cascavel realiza Marcha Para Jesus 2025 neste s\u00e1bado\"}]},{\"@type\":\"WebSite\",\"@id\":\"https:\\\/\\\/jornalboasnoticias.com.br\\\/home\\\/#website\",\"url\":\"https:\\\/\\\/jornalboasnoticias.com.br\\\/home\\\/\",\"name\":\"Jornal Boas Not\u00edcias\",\"description\":\"Boas not\u00edcias\",\"publisher\":{\"@id\":\"https:\\\/\\\/jornalboasnoticias.com.br\\\/home\\\/#organization\"},\"potentialAction\":[{\"@type\":\"SearchAction\",\"target\":{\"@type\":\"EntryPoint\",\"urlTemplate\":\"https:\\\/\\\/jornalboasnoticias.com.br\\\/home\\\/?s={search_term_string}\"},\"query-input\":{\"@type\":\"PropertyValueSpecification\",\"valueRequired\":true,\"valueName\":\"search_term_string\"}}],\"inLanguage\":\"pt-BR\"},{\"@type\":\"Organization\",\"@id\":\"https:\\\/\\\/jornalboasnoticias.com.br\\\/home\\\/#organization\",\"name\":\"Coq Editora Ltda\",\"alternateName\":\"Jornal Boas Noticias\",\"url\":\"https:\\\/\\\/jornalboasnoticias.com.br\\\/home\\\/\",\"logo\":{\"@type\":\"ImageObject\",\"inLanguage\":\"pt-BR\",\"@id\":\"https:\\\/\\\/jornalboasnoticias.com.br\\\/home\\\/#\\\/schema\\\/logo\\\/image\\\/\",\"url\":\"https:\\\/\\\/jornalboasnoticias.com.br\\\/home\\\/wp-content\\\/uploads\\\/2024\\\/07\\\/cropped-logo.jpg\",\"contentUrl\":\"https:\\\/\\\/jornalboasnoticias.com.br\\\/home\\\/wp-content\\\/uploads\\\/2024\\\/07\\\/cropped-logo.jpg\",\"width\":290,\"height\":142,\"caption\":\"Coq Editora Ltda\"},\"image\":{\"@id\":\"https:\\\/\\\/jornalboasnoticias.com.br\\\/home\\\/#\\\/schema\\\/logo\\\/image\\\/\"},\"sameAs\":[\"https:\\\/\\\/www.facebook.com\\\/boasnoticiasjornal\"]},{\"@type\":\"Person\",\"@id\":\"https:\\\/\\\/jornalboasnoticias.com.br\\\/home\\\/#\\\/schema\\\/person\\\/75f9ebde398c998c166475fb446bda62\",\"name\":\"Luiz Carlos da Cruz\",\"image\":{\"@type\":\"ImageObject\",\"inLanguage\":\"pt-BR\",\"@id\":\"https:\\\/\\\/secure.gravatar.com\\\/avatar\\\/e6f4f45301b6cb8572f7b076572e8ac11c1db80e805d8c8d0858cf286ce3ac3b?s=96&d=mm&r=g\",\"url\":\"https:\\\/\\\/secure.gravatar.com\\\/avatar\\\/e6f4f45301b6cb8572f7b076572e8ac11c1db80e805d8c8d0858cf286ce3ac3b?s=96&d=mm&r=g\",\"contentUrl\":\"https:\\\/\\\/secure.gravatar.com\\\/avatar\\\/e6f4f45301b6cb8572f7b076572e8ac11c1db80e805d8c8d0858cf286ce3ac3b?s=96&d=mm&r=g\",\"caption\":\"Luiz Carlos da Cruz\"},\"url\":\"https:\\\/\\\/jornalboasnoticias.com.br\\\/home\\\/author\\\/luiz-carlos-da-cruz\\\/\"}]}<\/script>\n<!-- \/ Yoast SEO plugin. -->","yoast_head_json":{"title":"Cascavel realiza Marcha Para Jesus 2025 neste s\u00e1bado - Jornal","description":"Cascavel realiza Marcha Para Jesus 2025 neste s\u00e1bado","robots":{"index":"index","follow":"follow","max-snippet":"max-snippet:-1","max-image-preview":"max-image-preview:large","max-video-preview":"max-video-preview:-1"},"canonical":"https:\/\/jornalboasnoticias.com.br\/home\/cascavel-realiza-marcha-para-jesus-2025-neste-sabado\/","og_locale":"pt_BR","og_type":"article","og_title":"Cascavel realiza Marcha Para Jesus 2025 neste s\u00e1bado - Jornal","og_description":"Cascavel realiza Marcha Para Jesus 2025 neste s\u00e1bado","og_url":"https:\/\/jornalboasnoticias.com.br\/home\/cascavel-realiza-marcha-para-jesus-2025-neste-sabado\/","og_site_name":"Jornal","article_publisher":"https:\/\/www.facebook.com\/boasnoticiasjornal","article_published_time":"2025-06-27T11:19:43+00:00","og_image":[{"width":960,"height":720,"url":"https:\/\/jornalboasnoticias.com.br\/home\/wp-content\/uploads\/2025\/06\/66.jpg","type":"image\/jpeg"}],"author":"Luiz Carlos da Cruz","twitter_card":"summary_large_image","twitter_misc":{"Escrito por":"Luiz Carlos da Cruz","Est. tempo de leitura":"2 minutos"},"schema":{"@context":"https:\/\/schema.org","@graph":[{"@type":"Article","@id":"https:\/\/jornalboasnoticias.com.br\/home\/cascavel-realiza-marcha-para-jesus-2025-neste-sabado\/#article","isPartOf":{"@id":"https:\/\/jornalboasnoticias.com.br\/home\/cascavel-realiza-marcha-para-jesus-2025-neste-sabado\/"},"author":{"name":"Luiz Carlos da Cruz","@id":"https:\/\/jornalboasnoticias.com.br\/home\/#\/schema\/person\/75f9ebde398c998c166475fb446bda62"},"headline":"Cascavel realiza Marcha Para Jesus 2025 neste s\u00e1bado","datePublished":"2025-06-27T11:19:43+00:00","mainEntityOfPage":{"@id":"https:\/\/jornalboasnoticias.com.br\/home\/cascavel-realiza-marcha-para-jesus-2025-neste-sabado\/"},"wordCount":297,"commentCount":0,"publisher":{"@id":"https:\/\/jornalboasnoticias.com.br\/home\/#organization"},"image":{"@id":"https:\/\/jornalboasnoticias.com.br\/home\/cascavel-realiza-marcha-para-jesus-2025-neste-sabado\/#primaryimage"},"thumbnailUrl":"https:\/\/jornalboasnoticias.com.br\/home\/wp-content\/uploads\/2025\/06\/66.jpg","keywords":["marcha para jesus"],"articleSection":["CASCAVEL","DESTAQUE"],"inLanguage":"pt-BR","potentialAction":[{"@type":"CommentAction","name":"Comment","target":["https:\/\/jornalboasnoticias.com.br\/home\/cascavel-realiza-marcha-para-jesus-2025-neste-sabado\/#respond"]}]},{"@type":"WebPage","@id":"https:\/\/jornalboasnoticias.com.br\/home\/cascavel-realiza-marcha-para-jesus-2025-neste-sabado\/","url":"https:\/\/jornalboasnoticias.com.br\/home\/cascavel-realiza-marcha-para-jesus-2025-neste-sabado\/","name":"Cascavel realiza Marcha Para Jesus 2025 neste s\u00e1bado - Jornal","isPartOf":{"@id":"https:\/\/jornalboasnoticias.com.br\/home\/#website"},"primaryImageOfPage":{"@id":"https:\/\/jornalboasnoticias.com.br\/home\/cascavel-realiza-marcha-para-jesus-2025-neste-sabado\/#primaryimage"},"image":{"@id":"https:\/\/jornalboasnoticias.com.br\/home\/cascavel-realiza-marcha-para-jesus-2025-neste-sabado\/#primaryimage"},"thumbnailUrl":"https:\/\/jornalboasnoticias.com.br\/home\/wp-content\/uploads\/2025\/06\/66.jpg","datePublished":"2025-06-27T11:19:43+00:00","description":"Cascavel realiza Marcha Para Jesus 2025 neste s\u00e1bado","breadcrumb":{"@id":"https:\/\/jornalboasnoticias.com.br\/home\/cascavel-realiza-marcha-para-jesus-2025-neste-sabado\/#breadcrumb"},"inLanguage":"pt-BR","potentialAction":[{"@type":"ReadAction","target":["https:\/\/jornalboasnoticias.com.br\/home\/cascavel-realiza-marcha-para-jesus-2025-neste-sabado\/"]}]},{"@type":"ImageObject","inLanguage":"pt-BR","@id":"https:\/\/jornalboasnoticias.com.br\/home\/cascavel-realiza-marcha-para-jesus-2025-neste-sabado\/#primaryimage","url":"https:\/\/jornalboasnoticias.com.br\/home\/wp-content\/uploads\/2025\/06\/66.jpg","contentUrl":"https:\/\/jornalboasnoticias.com.br\/home\/wp-content\/uploads\/2025\/06\/66.jpg","width":960,"height":720,"caption":"Concentra\u00e7\u00e3o ser\u00e1 na Pra\u00e7a da B\u00edblia"},{"@type":"BreadcrumbList","@id":"https:\/\/jornalboasnoticias.com.br\/home\/cascavel-realiza-marcha-para-jesus-2025-neste-sabado\/#breadcrumb","itemListElement":[{"@type":"ListItem","position":1,"name":"In\u00edcio","item":"https:\/\/jornalboasnoticias.com.br\/home\/"},{"@type":"ListItem","position":2,"name":"Cascavel realiza Marcha Para Jesus 2025 neste s\u00e1bado"}]},{"@type":"WebSite","@id":"https:\/\/jornalboasnoticias.com.br\/home\/#website","url":"https:\/\/jornalboasnoticias.com.br\/home\/","name":"Jornal Boas Not\u00edcias","description":"Boas not\u00edcias","publisher":{"@id":"https:\/\/jornalboasnoticias.com.br\/home\/#organization"},"potentialAction":[{"@type":"SearchAction","target":{"@type":"EntryPoint","urlTemplate":"https:\/\/jornalboasnoticias.com.br\/home\/?s={search_term_string}"},"query-input":{"@type":"PropertyValueSpecification","valueRequired":true,"valueName":"search_term_string"}}],"inLanguage":"pt-BR"},{"@type":"Organization","@id":"https:\/\/jornalboasnoticias.com.br\/home\/#organization","name":"Coq Editora Ltda","alternateName":"Jornal Boas Noticias","url":"https:\/\/jornalboasnoticias.com.br\/home\/","logo":{"@type":"ImageObject","inLanguage":"pt-BR","@id":"https:\/\/jornalboasnoticias.com.br\/home\/#\/schema\/logo\/image\/","url":"https:\/\/jornalboasnoticias.com.br\/home\/wp-content\/uploads\/2024\/07\/cropped-logo.jpg","contentUrl":"https:\/\/jornalboasnoticias.com.br\/home\/wp-content\/uploads\/2024\/07\/cropped-logo.jpg","width":290,"height":142,"caption":"Coq Editora Ltda"},"image":{"@id":"https:\/\/jornalboasnoticias.com.br\/home\/#\/schema\/logo\/image\/"},"sameAs":["https:\/\/www.facebook.com\/boasnoticiasjornal"]},{"@type":"Person","@id":"https:\/\/jornalboasnoticias.com.br\/home\/#\/schema\/person\/75f9ebde398c998c166475fb446bda62","name":"Luiz Carlos da Cruz","image":{"@type":"ImageObject","inLanguage":"pt-BR","@id":"https:\/\/secure.gravatar.com\/avatar\/e6f4f45301b6cb8572f7b076572e8ac11c1db80e805d8c8d0858cf286ce3ac3b?s=96&d=mm&r=g","url":"https:\/\/secure.gravatar.com\/avatar\/e6f4f45301b6cb8572f7b076572e8ac11c1db80e805d8c8d0858cf286ce3ac3b?s=96&d=mm&r=g","contentUrl":"https:\/\/secure.gravatar.com\/avatar\/e6f4f45301b6cb8572f7b076572e8ac11c1db80e805d8c8d0858cf286ce3ac3b?s=96&d=mm&r=g","caption":"Luiz Carlos da Cruz"},"url":"https:\/\/jornalboasnoticias.com.br\/home\/author\/luiz-carlos-da-cruz\/"}]}},"_links":{"self":[{"href":"https:\/\/jornalboasnoticias.com.br\/home\/wp-json\/wp\/v2\/posts\/46338","targetHints":{"allow":["GET"]}}],"collection":[{"href":"https:\/\/jornalboasnoticias.com.br\/home\/wp-json\/wp\/v2\/posts"}],"about":[{"href":"https:\/\/jornalboasnoticias.com.br\/home\/wp-json\/wp\/v2\/types\/post"}],"author":[{"embeddable":true,"href":"https:\/\/jornalboasnoticias.com.br\/home\/wp-json\/wp\/v2\/users\/3"}],"replies":[{"embeddable":true,"href":"https:\/\/jornalboasnoticias.com.br\/home\/wp-json\/wp\/v2\/comments?post=46338"}],"version-history":[{"count":1,"href":"https:\/\/jornalboasnoticias.com.br\/home\/wp-json\/wp\/v2\/posts\/46338\/revisions"}],"predecessor-version":[{"id":46340,"href":"https:\/\/jornalboasnoticias.com.br\/home\/wp-json\/wp\/v2\/posts\/46338\/revisions\/46340"}],"wp:featuredmedia":[{"embeddable":true,"href":"https:\/\/jornalboasnoticias.com.br\/home\/wp-json\/wp\/v2\/media\/46339"}],"wp:attachment":[{"href":"https:\/\/jornalboasnoticias.com.br\/home\/wp-json\/wp\/v2\/media?parent=46338"}],"wp:term":[{"taxonomy":"category","embeddable":true,"href":"https:\/\/jornalboasnoticias.com.br\/home\/wp-json\/wp\/v2\/categories?post=46338"},{"taxonomy":"post_tag","embeddable":true,"href":"https:\/\/jornalboasnoticias.com.br\/home\/wp-json\/wp\/v2\/tags?post=46338"}],"curies":[{"name":"wp","href":"https:\/\/api.w.org\/{rel}","templated":true}]}}