{"id":46334,"date":"2025-06-08T15:18:21","date_gmt":"2025-06-08T15:18:21","guid":{"rendered":"https:\/\/jornalboasnoticias.com.br\/home\/?p=46334"},"modified":"2025-06-08T15:18:21","modified_gmt":"2025-06-08T15:18:21","slug":"lula-critica-reducao-de-apoio-ao-desenvolvimento-de-paises-mais-pobres","status":"publish","type":"post","link":"https:\/\/jornalboasnoticias.com.br\/home\/lula-critica-reducao-de-apoio-ao-desenvolvimento-de-paises-mais-pobres\/","title":{"rendered":"Lula critica redu\u00e7\u00e3o de apoio ao desenvolvimento de pa\u00edses mais pobres"},"content":{"rendered":"<p style=\"text-align: center;\"><em><strong>Presidente participou do F\u00f3rum de Economia e Finan\u00e7as Azuis, em M\u00f4naco<\/strong><\/em><\/p>\n<p><img loading=\"lazy\" decoding=\"async\" class=\"alignnone size-full wp-image-46335\" src=\"https:\/\/jornalboasnoticias.com.br\/home\/wp-content\/uploads\/2025\/06\/Lula-1.webp\" alt=\"\" width=\"1170\" height=\"700\" srcset=\"https:\/\/jornalboasnoticias.com.br\/home\/wp-content\/uploads\/2025\/06\/Lula-1.webp 1170w, https:\/\/jornalboasnoticias.com.br\/home\/wp-content\/uploads\/2025\/06\/Lula-1-300x179.webp 300w, https:\/\/jornalboasnoticias.com.br\/home\/wp-content\/uploads\/2025\/06\/Lula-1-1024x613.webp 1024w, https:\/\/jornalboasnoticias.com.br\/home\/wp-content\/uploads\/2025\/06\/Lula-1-768x459.webp 768w\" sizes=\"auto, (max-width: 1170px) 100vw, 1170px\" \/><\/p>\n<p>O presidente Luiz In\u00e1cio Lula da Silva criticou, neste domingo (8), a redu\u00e7\u00e3o da assist\u00eancia financeira de pa\u00edses mais ricos para apoiar o desenvolvimento econ\u00f4mico, ambiental e social de pa\u00edses mais pobres. Segundo Lula, em 2024, a Assist\u00eancia Oficial ao Desenvolvimento (AOD) caiu 7%, enquanto as despesas militares cresceram 9,4%.<\/p>\n<p>\u201cIsso mostra que n\u00e3o falta dinheiro. O que falta \u00e9 disposi\u00e7\u00e3o e compromisso pol\u00edtico para financiar\u201d, disse Lula em sua participa\u00e7\u00e3o no F\u00f3rum de Economia e Finan\u00e7as Azuis, em M\u00f4naco.<\/p>\n<p>A AOD \u00e9 definida pela Organiza\u00e7\u00e3o para a Coopera\u00e7\u00e3o e Desenvolvimento Econ\u00f4mico (OCDE) como a ajuda oficial que visa promover o bem-estar econ\u00f4mico e social nos pa\u00edses em desenvolvimento, com o objetivo principal de al\u00edvio da pobreza. A assist\u00eancia inclui tanto financiamento como a concess\u00e3o de empr\u00e9stimos, subven\u00e7\u00f5es e outros recursos, diretamente pelos pa\u00edses ou por organismos multilaterais. \u00c9 uma ferramenta importante para atingir os Objetivos de Desenvolvimento Sustent\u00e1vel (ODS).<\/p>\n<p>Lula est\u00e1 em visita oficial \u00e0 Fran\u00e7a e, hoje, participou desse f\u00f3rum que tem objetivo de identificar e mobilizar solu\u00e7\u00f5es para apoiar a chamada economia azul \u2013 atividades econ\u00f4micas marinhas e costeiras \u2013 e conservar os ecossistemas marinhos. Em seu discurso, o brasileiro lembrou que os oceanos tamb\u00e9m n\u00e3o recebem o \u201cdevido reconhecimento pelo que nos proporciona\u201d.<\/p>\n<p>\u201cO ODS 14, dedicado \u00e0 conserva\u00e7\u00e3o e ao uso sustent\u00e1vel dos recursos marinhos, \u00e9 um dos objetivos com menor financiamento de toda a Agenda 2030. O d\u00e9ficit para sua implementa\u00e7\u00e3o \u00e9 estimado em US$ 150 bilh\u00f5es por ano\u201d, destacou.<\/p>\n<p>Enquanto isso, segundo o presidente, al\u00e9m de cumprir a fun\u00e7\u00e3o de principal regulador clim\u00e1tico, pelo mar trafegam mais de 80% do com\u00e9rcio internacional e 97% das redes mundiais de dados, com uma gera\u00e7\u00e3o econ\u00f4mica anual de US$ 2,6 trilh\u00f5es. \u201cSe fosse um pa\u00eds, o oceano ocuparia a quinta posi\u00e7\u00e3o entre as maiores economias do mundo\u201d, afirmou.<\/p>\n<p>Segundo ele, \u00e9 preciso concluir o instrumento vinculante para acabar com a polui\u00e7\u00e3o por pl\u00e1stico nos oceanos e avan\u00e7ar na ratifica\u00e7\u00e3o do novo tratado para a biodiversidade nas \u00e1guas internacionais. Lula lembrou tamb\u00e9m que a ado\u00e7\u00e3o, pela Organiza\u00e7\u00e3o Mar\u00edtima Internacional, das metas vinculantes para zerar as emiss\u00f5es de carbono na navega\u00e7\u00e3o at\u00e9 2050 promete multiplicar a demanda por energias renov\u00e1veis e reduziria a depend\u00eancia global de combust\u00edveis f\u00f3sseis.<\/p>\n<p><strong>Problema cr\u00f4nico<\/strong><br \/>\nPara o presidente Lula, a insufici\u00eancia de recursos \u00e9 um problema cr\u00f4nico de v\u00e1rias iniciativas multilaterais. Ele citou a Confer\u00eancia das Na\u00e7\u00f5es Unidas sobre as Mudan\u00e7as Clim\u00e1ticas de 2024 (COP29), em Baku no Azerbaij\u00e3o, que teve resultados aqu\u00e9m do esperado.<\/p>\n<p>O evento foi criticado por n\u00e3o ter cumprido as expectativas de um acordo robusto sobre financiamento clim\u00e1tico. A nova meta de financiamento de US$ 300 bilh\u00f5es anuais at\u00e9 2035, embora um avan\u00e7o em rela\u00e7\u00e3o ao antigo acordo de US$ 100 bilh\u00f5es, ficou aqu\u00e9m das necessidades e da solicita\u00e7\u00e3o de US$ 1,3 trilh\u00e3o dos pa\u00edses em desenvolvimento, que pediam financiamento para adapta\u00e7\u00e3o e mitiga\u00e7\u00e3o das mudan\u00e7as clim\u00e1ticas.<\/p>\n<p>Segundo Lula, a presid\u00eancia brasileira da COP30, que ocorrer\u00e1 em Bel\u00e9m, em novembro deste ano, quer reverter esse quadro. \u201cO planeta n\u00e3o aguenta mais promessas n\u00e3o cumpridas. N\u00e3o h\u00e1 sa\u00edda isolada para os desafios que requerem a\u00e7\u00e3o coletiva\u201d, refor\u00e7ou.<\/p>\n<p>O presidente lembrou ainda que pa\u00edses em desenvolvimento dependem mais da economia azul do que as na\u00e7\u00f5es industrializadas, segundo dados da Confer\u00eancia das Na\u00e7\u00f5es Unidas sobre Com\u00e9rcio e Desenvolvimento (UNCTAD). Nesse sentido, a eleva\u00e7\u00e3o do n\u00edvel do mar e os eventos clim\u00e1ticos extremos das cidades costeiras vitimam sempre os mais vulner\u00e1veis.<\/p>\n<p>\u201cEntre os 33 pa\u00edses da Am\u00e9rica Latina e Caribe, 23 possuem mais territ\u00f3rio mar\u00edtimo do que terrestre. A \u00c1frica det\u00e9m 13 milh\u00f5es de quil\u00f4metros quadrados de territ\u00f3rio mar\u00edtimo; isso equivale \u00e0 soma do territ\u00f3rio continental da Uni\u00e3o Europeia e dos Estados Unidos. Tornar a economia azul mais forte, diversa e sustent\u00e1vel contribui para a prosperidade do mundo em desenvolvimento\u201d, disse Lula.<\/p>\n<p>Para ele, as institui\u00e7\u00f5es financeiras internacionais t\u00eam um papel central a cumprir e \u00e9 preciso tamb\u00e9m desburocratizar o acesso a fundos clim\u00e1ticos. \u201cInsistimos na necessidade de contar com bancos multilaterais melhores, maiores e mais eficazes. Instrumentos como a troca de d\u00edvida por desenvolvimento e a emiss\u00e3o de direitos especiais de saque podem mobilizar recursos valiosos\u201d, sugeriu.<\/p>\n<p>\u00c0s autoridades do f\u00f3rum, Lula falou sobre as iniciativas brasileiras, como o programa Bolsa Verde, que transfere renda para mais de 12 mil fam\u00edlias que ajudam a preservar unidades de conserva\u00e7\u00e3o marinhas; os US$ 70 milh\u00f5es na carteira de investimentos do Banco Nacional de Desenvolvimento Econ\u00f4mico e Social dedicada \u00e0 economia azul; e o financiamento de projetos de planejamento espacial marinho, conserva\u00e7\u00e3o costeira e descarboniza\u00e7\u00e3o da frota naval e infraestrutura portu\u00e1ria.<\/p>\n<p><strong>Agenda<\/strong><br \/>\nAinda neste domingo, Lula tem encontros privados com o presidente do Conselho Europeu, Ant\u00f3nio Costa, e com a diretora-geral da Organiza\u00e7\u00e3o das Na\u00e7\u00f5es Unidas para a Educa\u00e7\u00e3o, Ci\u00eancia e Cultura (Unesco), Audrey Azoulay.<\/p>\n<p>Na segunda-feira (9), ele cumpre os \u00faltimos compromissos na Fran\u00e7a, entre eles, a participa\u00e7\u00e3o na 3\u00aa Confer\u00eancia das Na\u00e7\u00f5es Unidas sobre os Oceanos (UNOC 3), em Nice.<\/p>\n<p><strong>Ag\u00eancia Brasil<\/strong><\/p>\n","protected":false},"excerpt":{"rendered":"<p>Presidente participou do F\u00f3rum de Economia e Finan\u00e7as Azuis, em M\u00f4naco O presidente Luiz In\u00e1cio<\/p>\n","protected":false},"author":3,"featured_media":46335,"comment_status":"open","ping_status":"open","sticky":false,"template":"","format":"standard","meta":{"footnotes":""},"categories":[3,96],"tags":[17],"class_list":["post-46334","post","type-post","status-publish","format-standard","has-post-thumbnail","hentry","category-destaques","category-politica","tag-lula"],"yoast_head":"<!-- This site is optimized with the Yoast SEO plugin v27.5 - https:\/\/yoast.com\/product\/yoast-seo-wordpress\/ -->\n<title>Lula critica redu\u00e7\u00e3o de apoio ao desenvolvimento de pa\u00edses mais pobres - Jornal<\/title>\n<meta name=\"description\" content=\"Lula critica redu\u00e7\u00e3o de apoio ao desenvolvimento de pa\u00edses mais pobres\" \/>\n<meta name=\"robots\" content=\"index, follow, max-snippet:-1, max-image-preview:large, max-video-preview:-1\" \/>\n<link rel=\"canonical\" href=\"https:\/\/jornalboasnoticias.com.br\/home\/lula-critica-reducao-de-apoio-ao-desenvolvimento-de-paises-mais-pobres\/\" \/>\n<meta property=\"og:locale\" content=\"pt_BR\" \/>\n<meta property=\"og:type\" content=\"article\" \/>\n<meta property=\"og:title\" content=\"Lula critica redu\u00e7\u00e3o de apoio ao desenvolvimento de pa\u00edses mais pobres - Jornal\" \/>\n<meta property=\"og:description\" content=\"Lula critica redu\u00e7\u00e3o de apoio ao desenvolvimento de pa\u00edses mais pobres\" \/>\n<meta property=\"og:url\" content=\"https:\/\/jornalboasnoticias.com.br\/home\/lula-critica-reducao-de-apoio-ao-desenvolvimento-de-paises-mais-pobres\/\" \/>\n<meta property=\"og:site_name\" content=\"Jornal\" \/>\n<meta property=\"article:publisher\" content=\"https:\/\/www.facebook.com\/boasnoticiasjornal\" \/>\n<meta property=\"article:published_time\" content=\"2025-06-08T15:18:21+00:00\" \/>\n<meta property=\"og:image\" content=\"https:\/\/jornalboasnoticias.com.br\/home\/wp-content\/uploads\/2025\/06\/Lula-1.webp\" \/>\n\t<meta property=\"og:image:width\" content=\"1170\" \/>\n\t<meta property=\"og:image:height\" content=\"700\" \/>\n\t<meta property=\"og:image:type\" content=\"image\/webp\" \/>\n<meta name=\"author\" content=\"Luiz Carlos da Cruz\" \/>\n<meta name=\"twitter:card\" content=\"summary_large_image\" \/>\n<meta name=\"twitter:label1\" content=\"Escrito por\" \/>\n\t<meta name=\"twitter:data1\" content=\"Luiz Carlos da Cruz\" \/>\n\t<meta name=\"twitter:label2\" content=\"Est. tempo de leitura\" \/>\n\t<meta name=\"twitter:data2\" content=\"5 minutos\" \/>\n<script type=\"application\/ld+json\" class=\"yoast-schema-graph\">{\"@context\":\"https:\\\/\\\/schema.org\",\"@graph\":[{\"@type\":\"Article\",\"@id\":\"https:\\\/\\\/jornalboasnoticias.com.br\\\/home\\\/lula-critica-reducao-de-apoio-ao-desenvolvimento-de-paises-mais-pobres\\\/#article\",\"isPartOf\":{\"@id\":\"https:\\\/\\\/jornalboasnoticias.com.br\\\/home\\\/lula-critica-reducao-de-apoio-ao-desenvolvimento-de-paises-mais-pobres\\\/\"},\"author\":{\"name\":\"Luiz Carlos da Cruz\",\"@id\":\"https:\\\/\\\/jornalboasnoticias.com.br\\\/home\\\/#\\\/schema\\\/person\\\/75f9ebde398c998c166475fb446bda62\"},\"headline\":\"Lula critica redu\u00e7\u00e3o de apoio ao desenvolvimento de pa\u00edses mais pobres\",\"datePublished\":\"2025-06-08T15:18:21+00:00\",\"mainEntityOfPage\":{\"@id\":\"https:\\\/\\\/jornalboasnoticias.com.br\\\/home\\\/lula-critica-reducao-de-apoio-ao-desenvolvimento-de-paises-mais-pobres\\\/\"},\"wordCount\":945,\"commentCount\":0,\"publisher\":{\"@id\":\"https:\\\/\\\/jornalboasnoticias.com.br\\\/home\\\/#organization\"},\"image\":{\"@id\":\"https:\\\/\\\/jornalboasnoticias.com.br\\\/home\\\/lula-critica-reducao-de-apoio-ao-desenvolvimento-de-paises-mais-pobres\\\/#primaryimage\"},\"thumbnailUrl\":\"https:\\\/\\\/jornalboasnoticias.com.br\\\/home\\\/wp-content\\\/uploads\\\/2025\\\/06\\\/Lula-1.webp\",\"keywords\":[\"lula\"],\"articleSection\":[\"DESTAQUE\",\"POL\u00cdTICA\"],\"inLanguage\":\"pt-BR\",\"potentialAction\":[{\"@type\":\"CommentAction\",\"name\":\"Comment\",\"target\":[\"https:\\\/\\\/jornalboasnoticias.com.br\\\/home\\\/lula-critica-reducao-de-apoio-ao-desenvolvimento-de-paises-mais-pobres\\\/#respond\"]}]},{\"@type\":\"WebPage\",\"@id\":\"https:\\\/\\\/jornalboasnoticias.com.br\\\/home\\\/lula-critica-reducao-de-apoio-ao-desenvolvimento-de-paises-mais-pobres\\\/\",\"url\":\"https:\\\/\\\/jornalboasnoticias.com.br\\\/home\\\/lula-critica-reducao-de-apoio-ao-desenvolvimento-de-paises-mais-pobres\\\/\",\"name\":\"Lula critica redu\u00e7\u00e3o de apoio ao desenvolvimento de pa\u00edses mais pobres - Jornal\",\"isPartOf\":{\"@id\":\"https:\\\/\\\/jornalboasnoticias.com.br\\\/home\\\/#website\"},\"primaryImageOfPage\":{\"@id\":\"https:\\\/\\\/jornalboasnoticias.com.br\\\/home\\\/lula-critica-reducao-de-apoio-ao-desenvolvimento-de-paises-mais-pobres\\\/#primaryimage\"},\"image\":{\"@id\":\"https:\\\/\\\/jornalboasnoticias.com.br\\\/home\\\/lula-critica-reducao-de-apoio-ao-desenvolvimento-de-paises-mais-pobres\\\/#primaryimage\"},\"thumbnailUrl\":\"https:\\\/\\\/jornalboasnoticias.com.br\\\/home\\\/wp-content\\\/uploads\\\/2025\\\/06\\\/Lula-1.webp\",\"datePublished\":\"2025-06-08T15:18:21+00:00\",\"description\":\"Lula critica redu\u00e7\u00e3o de apoio ao desenvolvimento de pa\u00edses mais pobres\",\"breadcrumb\":{\"@id\":\"https:\\\/\\\/jornalboasnoticias.com.br\\\/home\\\/lula-critica-reducao-de-apoio-ao-desenvolvimento-de-paises-mais-pobres\\\/#breadcrumb\"},\"inLanguage\":\"pt-BR\",\"potentialAction\":[{\"@type\":\"ReadAction\",\"target\":[\"https:\\\/\\\/jornalboasnoticias.com.br\\\/home\\\/lula-critica-reducao-de-apoio-ao-desenvolvimento-de-paises-mais-pobres\\\/\"]}]},{\"@type\":\"ImageObject\",\"inLanguage\":\"pt-BR\",\"@id\":\"https:\\\/\\\/jornalboasnoticias.com.br\\\/home\\\/lula-critica-reducao-de-apoio-ao-desenvolvimento-de-paises-mais-pobres\\\/#primaryimage\",\"url\":\"https:\\\/\\\/jornalboasnoticias.com.br\\\/home\\\/wp-content\\\/uploads\\\/2025\\\/06\\\/Lula-1.webp\",\"contentUrl\":\"https:\\\/\\\/jornalboasnoticias.com.br\\\/home\\\/wp-content\\\/uploads\\\/2025\\\/06\\\/Lula-1.webp\",\"width\":1170,\"height\":700},{\"@type\":\"BreadcrumbList\",\"@id\":\"https:\\\/\\\/jornalboasnoticias.com.br\\\/home\\\/lula-critica-reducao-de-apoio-ao-desenvolvimento-de-paises-mais-pobres\\\/#breadcrumb\",\"itemListElement\":[{\"@type\":\"ListItem\",\"position\":1,\"name\":\"In\u00edcio\",\"item\":\"https:\\\/\\\/jornalboasnoticias.com.br\\\/home\\\/\"},{\"@type\":\"ListItem\",\"position\":2,\"name\":\"Lula critica redu\u00e7\u00e3o de apoio ao desenvolvimento de pa\u00edses mais pobres\"}]},{\"@type\":\"WebSite\",\"@id\":\"https:\\\/\\\/jornalboasnoticias.com.br\\\/home\\\/#website\",\"url\":\"https:\\\/\\\/jornalboasnoticias.com.br\\\/home\\\/\",\"name\":\"Jornal Boas Not\u00edcias\",\"description\":\"Boas not\u00edcias\",\"publisher\":{\"@id\":\"https:\\\/\\\/jornalboasnoticias.com.br\\\/home\\\/#organization\"},\"potentialAction\":[{\"@type\":\"SearchAction\",\"target\":{\"@type\":\"EntryPoint\",\"urlTemplate\":\"https:\\\/\\\/jornalboasnoticias.com.br\\\/home\\\/?s={search_term_string}\"},\"query-input\":{\"@type\":\"PropertyValueSpecification\",\"valueRequired\":true,\"valueName\":\"search_term_string\"}}],\"inLanguage\":\"pt-BR\"},{\"@type\":\"Organization\",\"@id\":\"https:\\\/\\\/jornalboasnoticias.com.br\\\/home\\\/#organization\",\"name\":\"Coq Editora Ltda\",\"alternateName\":\"Jornal Boas Noticias\",\"url\":\"https:\\\/\\\/jornalboasnoticias.com.br\\\/home\\\/\",\"logo\":{\"@type\":\"ImageObject\",\"inLanguage\":\"pt-BR\",\"@id\":\"https:\\\/\\\/jornalboasnoticias.com.br\\\/home\\\/#\\\/schema\\\/logo\\\/image\\\/\",\"url\":\"https:\\\/\\\/jornalboasnoticias.com.br\\\/home\\\/wp-content\\\/uploads\\\/2024\\\/07\\\/cropped-logo.jpg\",\"contentUrl\":\"https:\\\/\\\/jornalboasnoticias.com.br\\\/home\\\/wp-content\\\/uploads\\\/2024\\\/07\\\/cropped-logo.jpg\",\"width\":290,\"height\":142,\"caption\":\"Coq Editora Ltda\"},\"image\":{\"@id\":\"https:\\\/\\\/jornalboasnoticias.com.br\\\/home\\\/#\\\/schema\\\/logo\\\/image\\\/\"},\"sameAs\":[\"https:\\\/\\\/www.facebook.com\\\/boasnoticiasjornal\"]},{\"@type\":\"Person\",\"@id\":\"https:\\\/\\\/jornalboasnoticias.com.br\\\/home\\\/#\\\/schema\\\/person\\\/75f9ebde398c998c166475fb446bda62\",\"name\":\"Luiz Carlos da Cruz\",\"image\":{\"@type\":\"ImageObject\",\"inLanguage\":\"pt-BR\",\"@id\":\"https:\\\/\\\/secure.gravatar.com\\\/avatar\\\/e6f4f45301b6cb8572f7b076572e8ac11c1db80e805d8c8d0858cf286ce3ac3b?s=96&d=mm&r=g\",\"url\":\"https:\\\/\\\/secure.gravatar.com\\\/avatar\\\/e6f4f45301b6cb8572f7b076572e8ac11c1db80e805d8c8d0858cf286ce3ac3b?s=96&d=mm&r=g\",\"contentUrl\":\"https:\\\/\\\/secure.gravatar.com\\\/avatar\\\/e6f4f45301b6cb8572f7b076572e8ac11c1db80e805d8c8d0858cf286ce3ac3b?s=96&d=mm&r=g\",\"caption\":\"Luiz Carlos da Cruz\"},\"url\":\"https:\\\/\\\/jornalboasnoticias.com.br\\\/home\\\/author\\\/luiz-carlos-da-cruz\\\/\"}]}<\/script>\n<!-- \/ Yoast SEO plugin. -->","yoast_head_json":{"title":"Lula critica redu\u00e7\u00e3o de apoio ao desenvolvimento de pa\u00edses mais pobres - Jornal","description":"Lula critica redu\u00e7\u00e3o de apoio ao desenvolvimento de pa\u00edses mais pobres","robots":{"index":"index","follow":"follow","max-snippet":"max-snippet:-1","max-image-preview":"max-image-preview:large","max-video-preview":"max-video-preview:-1"},"canonical":"https:\/\/jornalboasnoticias.com.br\/home\/lula-critica-reducao-de-apoio-ao-desenvolvimento-de-paises-mais-pobres\/","og_locale":"pt_BR","og_type":"article","og_title":"Lula critica redu\u00e7\u00e3o de apoio ao desenvolvimento de pa\u00edses mais pobres - Jornal","og_description":"Lula critica redu\u00e7\u00e3o de apoio ao desenvolvimento de pa\u00edses mais pobres","og_url":"https:\/\/jornalboasnoticias.com.br\/home\/lula-critica-reducao-de-apoio-ao-desenvolvimento-de-paises-mais-pobres\/","og_site_name":"Jornal","article_publisher":"https:\/\/www.facebook.com\/boasnoticiasjornal","article_published_time":"2025-06-08T15:18:21+00:00","og_image":[{"width":1170,"height":700,"url":"https:\/\/jornalboasnoticias.com.br\/home\/wp-content\/uploads\/2025\/06\/Lula-1.webp","type":"image\/webp"}],"author":"Luiz Carlos da Cruz","twitter_card":"summary_large_image","twitter_misc":{"Escrito por":"Luiz Carlos da Cruz","Est. tempo de leitura":"5 minutos"},"schema":{"@context":"https:\/\/schema.org","@graph":[{"@type":"Article","@id":"https:\/\/jornalboasnoticias.com.br\/home\/lula-critica-reducao-de-apoio-ao-desenvolvimento-de-paises-mais-pobres\/#article","isPartOf":{"@id":"https:\/\/jornalboasnoticias.com.br\/home\/lula-critica-reducao-de-apoio-ao-desenvolvimento-de-paises-mais-pobres\/"},"author":{"name":"Luiz Carlos da Cruz","@id":"https:\/\/jornalboasnoticias.com.br\/home\/#\/schema\/person\/75f9ebde398c998c166475fb446bda62"},"headline":"Lula critica redu\u00e7\u00e3o de apoio ao desenvolvimento de pa\u00edses mais pobres","datePublished":"2025-06-08T15:18:21+00:00","mainEntityOfPage":{"@id":"https:\/\/jornalboasnoticias.com.br\/home\/lula-critica-reducao-de-apoio-ao-desenvolvimento-de-paises-mais-pobres\/"},"wordCount":945,"commentCount":0,"publisher":{"@id":"https:\/\/jornalboasnoticias.com.br\/home\/#organization"},"image":{"@id":"https:\/\/jornalboasnoticias.com.br\/home\/lula-critica-reducao-de-apoio-ao-desenvolvimento-de-paises-mais-pobres\/#primaryimage"},"thumbnailUrl":"https:\/\/jornalboasnoticias.com.br\/home\/wp-content\/uploads\/2025\/06\/Lula-1.webp","keywords":["lula"],"articleSection":["DESTAQUE","POL\u00cdTICA"],"inLanguage":"pt-BR","potentialAction":[{"@type":"CommentAction","name":"Comment","target":["https:\/\/jornalboasnoticias.com.br\/home\/lula-critica-reducao-de-apoio-ao-desenvolvimento-de-paises-mais-pobres\/#respond"]}]},{"@type":"WebPage","@id":"https:\/\/jornalboasnoticias.com.br\/home\/lula-critica-reducao-de-apoio-ao-desenvolvimento-de-paises-mais-pobres\/","url":"https:\/\/jornalboasnoticias.com.br\/home\/lula-critica-reducao-de-apoio-ao-desenvolvimento-de-paises-mais-pobres\/","name":"Lula critica redu\u00e7\u00e3o de apoio ao desenvolvimento de pa\u00edses mais pobres - Jornal","isPartOf":{"@id":"https:\/\/jornalboasnoticias.com.br\/home\/#website"},"primaryImageOfPage":{"@id":"https:\/\/jornalboasnoticias.com.br\/home\/lula-critica-reducao-de-apoio-ao-desenvolvimento-de-paises-mais-pobres\/#primaryimage"},"image":{"@id":"https:\/\/jornalboasnoticias.com.br\/home\/lula-critica-reducao-de-apoio-ao-desenvolvimento-de-paises-mais-pobres\/#primaryimage"},"thumbnailUrl":"https:\/\/jornalboasnoticias.com.br\/home\/wp-content\/uploads\/2025\/06\/Lula-1.webp","datePublished":"2025-06-08T15:18:21+00:00","description":"Lula critica redu\u00e7\u00e3o de apoio ao desenvolvimento de pa\u00edses mais pobres","breadcrumb":{"@id":"https:\/\/jornalboasnoticias.com.br\/home\/lula-critica-reducao-de-apoio-ao-desenvolvimento-de-paises-mais-pobres\/#breadcrumb"},"inLanguage":"pt-BR","potentialAction":[{"@type":"ReadAction","target":["https:\/\/jornalboasnoticias.com.br\/home\/lula-critica-reducao-de-apoio-ao-desenvolvimento-de-paises-mais-pobres\/"]}]},{"@type":"ImageObject","inLanguage":"pt-BR","@id":"https:\/\/jornalboasnoticias.com.br\/home\/lula-critica-reducao-de-apoio-ao-desenvolvimento-de-paises-mais-pobres\/#primaryimage","url":"https:\/\/jornalboasnoticias.com.br\/home\/wp-content\/uploads\/2025\/06\/Lula-1.webp","contentUrl":"https:\/\/jornalboasnoticias.com.br\/home\/wp-content\/uploads\/2025\/06\/Lula-1.webp","width":1170,"height":700},{"@type":"BreadcrumbList","@id":"https:\/\/jornalboasnoticias.com.br\/home\/lula-critica-reducao-de-apoio-ao-desenvolvimento-de-paises-mais-pobres\/#breadcrumb","itemListElement":[{"@type":"ListItem","position":1,"name":"In\u00edcio","item":"https:\/\/jornalboasnoticias.com.br\/home\/"},{"@type":"ListItem","position":2,"name":"Lula critica redu\u00e7\u00e3o de apoio ao desenvolvimento de pa\u00edses mais pobres"}]},{"@type":"WebSite","@id":"https:\/\/jornalboasnoticias.com.br\/home\/#website","url":"https:\/\/jornalboasnoticias.com.br\/home\/","name":"Jornal Boas Not\u00edcias","description":"Boas not\u00edcias","publisher":{"@id":"https:\/\/jornalboasnoticias.com.br\/home\/#organization"},"potentialAction":[{"@type":"SearchAction","target":{"@type":"EntryPoint","urlTemplate":"https:\/\/jornalboasnoticias.com.br\/home\/?s={search_term_string}"},"query-input":{"@type":"PropertyValueSpecification","valueRequired":true,"valueName":"search_term_string"}}],"inLanguage":"pt-BR"},{"@type":"Organization","@id":"https:\/\/jornalboasnoticias.com.br\/home\/#organization","name":"Coq Editora Ltda","alternateName":"Jornal Boas Noticias","url":"https:\/\/jornalboasnoticias.com.br\/home\/","logo":{"@type":"ImageObject","inLanguage":"pt-BR","@id":"https:\/\/jornalboasnoticias.com.br\/home\/#\/schema\/logo\/image\/","url":"https:\/\/jornalboasnoticias.com.br\/home\/wp-content\/uploads\/2024\/07\/cropped-logo.jpg","contentUrl":"https:\/\/jornalboasnoticias.com.br\/home\/wp-content\/uploads\/2024\/07\/cropped-logo.jpg","width":290,"height":142,"caption":"Coq Editora Ltda"},"image":{"@id":"https:\/\/jornalboasnoticias.com.br\/home\/#\/schema\/logo\/image\/"},"sameAs":["https:\/\/www.facebook.com\/boasnoticiasjornal"]},{"@type":"Person","@id":"https:\/\/jornalboasnoticias.com.br\/home\/#\/schema\/person\/75f9ebde398c998c166475fb446bda62","name":"Luiz Carlos da Cruz","image":{"@type":"ImageObject","inLanguage":"pt-BR","@id":"https:\/\/secure.gravatar.com\/avatar\/e6f4f45301b6cb8572f7b076572e8ac11c1db80e805d8c8d0858cf286ce3ac3b?s=96&d=mm&r=g","url":"https:\/\/secure.gravatar.com\/avatar\/e6f4f45301b6cb8572f7b076572e8ac11c1db80e805d8c8d0858cf286ce3ac3b?s=96&d=mm&r=g","contentUrl":"https:\/\/secure.gravatar.com\/avatar\/e6f4f45301b6cb8572f7b076572e8ac11c1db80e805d8c8d0858cf286ce3ac3b?s=96&d=mm&r=g","caption":"Luiz Carlos da Cruz"},"url":"https:\/\/jornalboasnoticias.com.br\/home\/author\/luiz-carlos-da-cruz\/"}]}},"_links":{"self":[{"href":"https:\/\/jornalboasnoticias.com.br\/home\/wp-json\/wp\/v2\/posts\/46334","targetHints":{"allow":["GET"]}}],"collection":[{"href":"https:\/\/jornalboasnoticias.com.br\/home\/wp-json\/wp\/v2\/posts"}],"about":[{"href":"https:\/\/jornalboasnoticias.com.br\/home\/wp-json\/wp\/v2\/types\/post"}],"author":[{"embeddable":true,"href":"https:\/\/jornalboasnoticias.com.br\/home\/wp-json\/wp\/v2\/users\/3"}],"replies":[{"embeddable":true,"href":"https:\/\/jornalboasnoticias.com.br\/home\/wp-json\/wp\/v2\/comments?post=46334"}],"version-history":[{"count":1,"href":"https:\/\/jornalboasnoticias.com.br\/home\/wp-json\/wp\/v2\/posts\/46334\/revisions"}],"predecessor-version":[{"id":46336,"href":"https:\/\/jornalboasnoticias.com.br\/home\/wp-json\/wp\/v2\/posts\/46334\/revisions\/46336"}],"wp:featuredmedia":[{"embeddable":true,"href":"https:\/\/jornalboasnoticias.com.br\/home\/wp-json\/wp\/v2\/media\/46335"}],"wp:attachment":[{"href":"https:\/\/jornalboasnoticias.com.br\/home\/wp-json\/wp\/v2\/media?parent=46334"}],"wp:term":[{"taxonomy":"category","embeddable":true,"href":"https:\/\/jornalboasnoticias.com.br\/home\/wp-json\/wp\/v2\/categories?post=46334"},{"taxonomy":"post_tag","embeddable":true,"href":"https:\/\/jornalboasnoticias.com.br\/home\/wp-json\/wp\/v2\/tags?post=46334"}],"curies":[{"name":"wp","href":"https:\/\/api.w.org\/{rel}","templated":true}]}}