{"id":46325,"date":"2025-06-08T13:47:31","date_gmt":"2025-06-08T13:47:31","guid":{"rendered":"https:\/\/jornalboasnoticias.com.br\/home\/?p=46325"},"modified":"2025-06-08T13:47:31","modified_gmt":"2025-06-08T13:47:31","slug":"projeto-asa-completa-9-anos-com-acoes-de-prevencao-e-apoio-a-vitimas-de-abuso-sexual","status":"publish","type":"post","link":"https:\/\/jornalboasnoticias.com.br\/home\/projeto-asa-completa-9-anos-com-acoes-de-prevencao-e-apoio-a-vitimas-de-abuso-sexual\/","title":{"rendered":"Projeto ASA completa 9 anos com a\u00e7\u00f5es de preven\u00e7\u00e3o e apoio a v\u00edtimas de abuso sexual"},"content":{"rendered":"<p style=\"text-align: center;\"><strong><em>Coordenado pelo pastor e psic\u00f3logo Antonio Barbosa, o projeto j\u00e1 atendeu gratuitamente mais de 100 pessoas ao longo dos anos<\/em><\/strong><\/p>\n<p><img loading=\"lazy\" decoding=\"async\" class=\"alignnone size-full wp-image-46326\" src=\"https:\/\/jornalboasnoticias.com.br\/home\/wp-content\/uploads\/2025\/06\/11.jpeg\" alt=\"\" width=\"1600\" height=\"1200\" srcset=\"https:\/\/jornalboasnoticias.com.br\/home\/wp-content\/uploads\/2025\/06\/11.jpeg 1600w, https:\/\/jornalboasnoticias.com.br\/home\/wp-content\/uploads\/2025\/06\/11-300x225.jpeg 300w, https:\/\/jornalboasnoticias.com.br\/home\/wp-content\/uploads\/2025\/06\/11-1024x768.jpeg 1024w, https:\/\/jornalboasnoticias.com.br\/home\/wp-content\/uploads\/2025\/06\/11-768x576.jpeg 768w, https:\/\/jornalboasnoticias.com.br\/home\/wp-content\/uploads\/2025\/06\/11-1536x1152.jpeg 1536w, https:\/\/jornalboasnoticias.com.br\/home\/wp-content\/uploads\/2025\/06\/11-200x150.jpeg 200w\" sizes=\"auto, (max-width: 1600px) 100vw, 1600px\" \/><\/p>\n<p>&nbsp;<\/p>\n<p>O Projeto ASA (Abusados Sexualmente An\u00f4nimos) completou nove anos de atua\u00e7\u00e3o em 2025, consolidando-se como uma importante iniciativa de apoio emocional e psicol\u00f3gico a v\u00edtimas de abuso sexual em Cascavel e regi\u00e3o. Coordenado pelo pastor e psic\u00f3logo Antonio Barbosa, o projeto j\u00e1 atendeu gratuitamente mais de 100 pessoas ao longo dos anos, com base na voluntariedade e compromisso social.<\/p>\n<p><img loading=\"lazy\" decoding=\"async\" class=\"wp-image-46327 alignleft\" src=\"https:\/\/jornalboasnoticias.com.br\/home\/wp-content\/uploads\/2025\/06\/1.jpeg\" alt=\"\" width=\"171\" height=\"228\" srcset=\"https:\/\/jornalboasnoticias.com.br\/home\/wp-content\/uploads\/2025\/06\/1.jpeg 1200w, https:\/\/jornalboasnoticias.com.br\/home\/wp-content\/uploads\/2025\/06\/1-225x300.jpeg 225w, https:\/\/jornalboasnoticias.com.br\/home\/wp-content\/uploads\/2025\/06\/1-768x1024.jpeg 768w, https:\/\/jornalboasnoticias.com.br\/home\/wp-content\/uploads\/2025\/06\/1-1152x1536.jpeg 1152w\" sizes=\"auto, (max-width: 171px) 100vw, 171px\" \/>Voltado a pessoas que foram v\u00edtimas desse crime e que n\u00e3o t\u00eam condi\u00e7\u00f5es de arcar com tratamento psicol\u00f3gico, o ASA oferece um espa\u00e7o de acolhimento, escuta e reestrutura\u00e7\u00e3o emocional. A marca de quase uma d\u00e9cada de trabalho foi celebrada em maio com a realiza\u00e7\u00e3o do 7\u00ba Semin\u00e1rio contra o Abuso Sexual, promovido em parceria com a Univel e a Itaipu Binacional.<\/p>\n<p>O evento foi realizado no dia 12 de maio, na sede da Univel, das 19h30 \u00e0s 21h30, e contou com a presen\u00e7a da promotora de Justi\u00e7a Andr\u00e9a Frias, da Vara da Inf\u00e2ncia e Juventude, e da mission\u00e1ria Isa Tavares, colaboradora do ASA e ex-v\u00edtima de abuso. Ambas compartilharam experi\u00eancias e orienta\u00e7\u00f5es sobre como identificar, prevenir e enfrentar casos de viol\u00eancia sexual, tanto na inf\u00e2ncia quanto na vida adulta.<\/p>\n<p>Al\u00e9m do semin\u00e1rio, o m\u00eas de maio tamb\u00e9m foi marcado por uma s\u00e9rie de a\u00e7\u00f5es educativas, especialmente dentro do projeto Talentos de Jesus, iniciativa social do Futebol Clube Cascavel, que atende mais de 5 mil crian\u00e7as em 21 munic\u00edpios. Em algumas unidades, o ASA promoveu palestras com foco na educa\u00e7\u00e3o corporal, preven\u00e7\u00e3o e orienta\u00e7\u00e3o sobre viol\u00eancia sexual.<\/p>\n<p>\u201c&#8221;Realizamos palestras em algumas unidades do Talentos de Jesus, orientando as crian\u00e7as sobre a import\u00e2ncia de cuidarem dos seus corpos como forma de prevenir o abuso e a viol\u00eancia sexual,&#8221; explica o coordenador.<\/p>\n<p><img loading=\"lazy\" decoding=\"async\" class=\"wp-image-46328 aligncenter\" src=\"https:\/\/jornalboasnoticias.com.br\/home\/wp-content\/uploads\/2025\/06\/2-scaled.jpeg\" alt=\"\" width=\"422\" height=\"398\" \/><\/p>\n<p>As crian\u00e7as atendidas pelo Talentos de Jesus tamb\u00e9m participaram de atividades educativas e receberam bon\u00e9s e camisetas do projeto ASA, refor\u00e7ando a mensagem de prote\u00e7\u00e3o e cuidado com o pr\u00f3prio corpo.<\/p>\n<p>Com quase uma d\u00e9cada de atua\u00e7\u00e3o, o Projeto ASA reafirma sua miss\u00e3o de ser voz e apoio para quem passou por uma das formas mais cru\u00e9is de viol\u00eancia, e segue crescendo com o apoio de parceiros, volunt\u00e1rios e institui\u00e7\u00f5es que acreditam na transforma\u00e7\u00e3o social por meio do cuidado humano.<\/p>\n<p><img loading=\"lazy\" decoding=\"async\" class=\"alignnone size-full wp-image-46329\" src=\"https:\/\/jornalboasnoticias.com.br\/home\/wp-content\/uploads\/2025\/06\/5.jpeg\" alt=\"\" width=\"900\" height=\"521\" srcset=\"https:\/\/jornalboasnoticias.com.br\/home\/wp-content\/uploads\/2025\/06\/5.jpeg 900w, https:\/\/jornalboasnoticias.com.br\/home\/wp-content\/uploads\/2025\/06\/5-300x174.jpeg 300w, https:\/\/jornalboasnoticias.com.br\/home\/wp-content\/uploads\/2025\/06\/5-768x445.jpeg 768w\" sizes=\"auto, (max-width: 900px) 100vw, 900px\" \/><\/p>\n","protected":false},"excerpt":{"rendered":"<p>Coordenado pelo pastor e psic\u00f3logo Antonio Barbosa, o projeto j\u00e1 atendeu gratuitamente mais de 100<\/p>\n","protected":false},"author":3,"featured_media":46326,"comment_status":"open","ping_status":"open","sticky":false,"template":"","format":"standard","meta":{"footnotes":""},"categories":[2,3],"tags":[],"class_list":["post-46325","post","type-post","status-publish","format-standard","has-post-thumbnail","hentry","category-cascavel","category-destaques"],"yoast_head":"<!-- This site is optimized with the Yoast SEO plugin v27.5 - https:\/\/yoast.com\/product\/yoast-seo-wordpress\/ -->\n<title>Projeto ASA completa 9 anos com a\u00e7\u00f5es de preven\u00e7\u00e3o e apoio a v\u00edtimas de abuso sexual - Jornal<\/title>\n<meta name=\"description\" content=\"Projeto ASA completa 9 anos com a\u00e7\u00f5es de preven\u00e7\u00e3o e apoio a v\u00edtimas de abuso sexual\" \/>\n<meta name=\"robots\" content=\"index, follow, max-snippet:-1, max-image-preview:large, max-video-preview:-1\" \/>\n<link rel=\"canonical\" href=\"https:\/\/jornalboasnoticias.com.br\/home\/projeto-asa-completa-9-anos-com-acoes-de-prevencao-e-apoio-a-vitimas-de-abuso-sexual\/\" \/>\n<meta property=\"og:locale\" content=\"pt_BR\" \/>\n<meta property=\"og:type\" content=\"article\" \/>\n<meta property=\"og:title\" content=\"Projeto ASA completa 9 anos com a\u00e7\u00f5es de preven\u00e7\u00e3o e apoio a v\u00edtimas de abuso sexual - Jornal\" \/>\n<meta property=\"og:description\" content=\"Projeto ASA completa 9 anos com a\u00e7\u00f5es de preven\u00e7\u00e3o e apoio a v\u00edtimas de abuso sexual\" \/>\n<meta property=\"og:url\" content=\"https:\/\/jornalboasnoticias.com.br\/home\/projeto-asa-completa-9-anos-com-acoes-de-prevencao-e-apoio-a-vitimas-de-abuso-sexual\/\" \/>\n<meta property=\"og:site_name\" content=\"Jornal\" \/>\n<meta property=\"article:publisher\" content=\"https:\/\/www.facebook.com\/boasnoticiasjornal\" \/>\n<meta property=\"article:published_time\" content=\"2025-06-08T13:47:31+00:00\" \/>\n<meta property=\"og:image\" content=\"https:\/\/jornalboasnoticias.com.br\/home\/wp-content\/uploads\/2025\/06\/11.jpeg\" \/>\n\t<meta property=\"og:image:width\" content=\"1600\" \/>\n\t<meta property=\"og:image:height\" content=\"1200\" \/>\n\t<meta property=\"og:image:type\" content=\"image\/jpeg\" \/>\n<meta name=\"author\" content=\"Luiz Carlos da Cruz\" \/>\n<meta name=\"twitter:card\" content=\"summary_large_image\" \/>\n<meta name=\"twitter:label1\" content=\"Escrito por\" \/>\n\t<meta name=\"twitter:data1\" content=\"Luiz Carlos da Cruz\" \/>\n\t<meta name=\"twitter:label2\" content=\"Est. tempo de leitura\" \/>\n\t<meta name=\"twitter:data2\" content=\"4 minutos\" \/>\n<script type=\"application\/ld+json\" class=\"yoast-schema-graph\">{\"@context\":\"https:\\\/\\\/schema.org\",\"@graph\":[{\"@type\":\"Article\",\"@id\":\"https:\\\/\\\/jornalboasnoticias.com.br\\\/home\\\/projeto-asa-completa-9-anos-com-acoes-de-prevencao-e-apoio-a-vitimas-de-abuso-sexual\\\/#article\",\"isPartOf\":{\"@id\":\"https:\\\/\\\/jornalboasnoticias.com.br\\\/home\\\/projeto-asa-completa-9-anos-com-acoes-de-prevencao-e-apoio-a-vitimas-de-abuso-sexual\\\/\"},\"author\":{\"name\":\"Luiz Carlos da Cruz\",\"@id\":\"https:\\\/\\\/jornalboasnoticias.com.br\\\/home\\\/#\\\/schema\\\/person\\\/75f9ebde398c998c166475fb446bda62\"},\"headline\":\"Projeto ASA completa 9 anos com a\u00e7\u00f5es de preven\u00e7\u00e3o e apoio a v\u00edtimas de abuso sexual\",\"datePublished\":\"2025-06-08T13:47:31+00:00\",\"mainEntityOfPage\":{\"@id\":\"https:\\\/\\\/jornalboasnoticias.com.br\\\/home\\\/projeto-asa-completa-9-anos-com-acoes-de-prevencao-e-apoio-a-vitimas-de-abuso-sexual\\\/\"},\"wordCount\":446,\"commentCount\":0,\"publisher\":{\"@id\":\"https:\\\/\\\/jornalboasnoticias.com.br\\\/home\\\/#organization\"},\"image\":{\"@id\":\"https:\\\/\\\/jornalboasnoticias.com.br\\\/home\\\/projeto-asa-completa-9-anos-com-acoes-de-prevencao-e-apoio-a-vitimas-de-abuso-sexual\\\/#primaryimage\"},\"thumbnailUrl\":\"https:\\\/\\\/jornalboasnoticias.com.br\\\/home\\\/wp-content\\\/uploads\\\/2025\\\/06\\\/11.jpeg\",\"articleSection\":[\"CASCAVEL\",\"DESTAQUE\"],\"inLanguage\":\"pt-BR\",\"potentialAction\":[{\"@type\":\"CommentAction\",\"name\":\"Comment\",\"target\":[\"https:\\\/\\\/jornalboasnoticias.com.br\\\/home\\\/projeto-asa-completa-9-anos-com-acoes-de-prevencao-e-apoio-a-vitimas-de-abuso-sexual\\\/#respond\"]}]},{\"@type\":\"WebPage\",\"@id\":\"https:\\\/\\\/jornalboasnoticias.com.br\\\/home\\\/projeto-asa-completa-9-anos-com-acoes-de-prevencao-e-apoio-a-vitimas-de-abuso-sexual\\\/\",\"url\":\"https:\\\/\\\/jornalboasnoticias.com.br\\\/home\\\/projeto-asa-completa-9-anos-com-acoes-de-prevencao-e-apoio-a-vitimas-de-abuso-sexual\\\/\",\"name\":\"Projeto ASA completa 9 anos com a\u00e7\u00f5es de preven\u00e7\u00e3o e apoio a v\u00edtimas de abuso sexual - Jornal\",\"isPartOf\":{\"@id\":\"https:\\\/\\\/jornalboasnoticias.com.br\\\/home\\\/#website\"},\"primaryImageOfPage\":{\"@id\":\"https:\\\/\\\/jornalboasnoticias.com.br\\\/home\\\/projeto-asa-completa-9-anos-com-acoes-de-prevencao-e-apoio-a-vitimas-de-abuso-sexual\\\/#primaryimage\"},\"image\":{\"@id\":\"https:\\\/\\\/jornalboasnoticias.com.br\\\/home\\\/projeto-asa-completa-9-anos-com-acoes-de-prevencao-e-apoio-a-vitimas-de-abuso-sexual\\\/#primaryimage\"},\"thumbnailUrl\":\"https:\\\/\\\/jornalboasnoticias.com.br\\\/home\\\/wp-content\\\/uploads\\\/2025\\\/06\\\/11.jpeg\",\"datePublished\":\"2025-06-08T13:47:31+00:00\",\"description\":\"Projeto ASA completa 9 anos com a\u00e7\u00f5es de preven\u00e7\u00e3o e apoio a v\u00edtimas de abuso sexual\",\"breadcrumb\":{\"@id\":\"https:\\\/\\\/jornalboasnoticias.com.br\\\/home\\\/projeto-asa-completa-9-anos-com-acoes-de-prevencao-e-apoio-a-vitimas-de-abuso-sexual\\\/#breadcrumb\"},\"inLanguage\":\"pt-BR\",\"potentialAction\":[{\"@type\":\"ReadAction\",\"target\":[\"https:\\\/\\\/jornalboasnoticias.com.br\\\/home\\\/projeto-asa-completa-9-anos-com-acoes-de-prevencao-e-apoio-a-vitimas-de-abuso-sexual\\\/\"]}]},{\"@type\":\"ImageObject\",\"inLanguage\":\"pt-BR\",\"@id\":\"https:\\\/\\\/jornalboasnoticias.com.br\\\/home\\\/projeto-asa-completa-9-anos-com-acoes-de-prevencao-e-apoio-a-vitimas-de-abuso-sexual\\\/#primaryimage\",\"url\":\"https:\\\/\\\/jornalboasnoticias.com.br\\\/home\\\/wp-content\\\/uploads\\\/2025\\\/06\\\/11.jpeg\",\"contentUrl\":\"https:\\\/\\\/jornalboasnoticias.com.br\\\/home\\\/wp-content\\\/uploads\\\/2025\\\/06\\\/11.jpeg\",\"width\":1600,\"height\":1200},{\"@type\":\"BreadcrumbList\",\"@id\":\"https:\\\/\\\/jornalboasnoticias.com.br\\\/home\\\/projeto-asa-completa-9-anos-com-acoes-de-prevencao-e-apoio-a-vitimas-de-abuso-sexual\\\/#breadcrumb\",\"itemListElement\":[{\"@type\":\"ListItem\",\"position\":1,\"name\":\"In\u00edcio\",\"item\":\"https:\\\/\\\/jornalboasnoticias.com.br\\\/home\\\/\"},{\"@type\":\"ListItem\",\"position\":2,\"name\":\"Projeto ASA completa 9 anos com a\u00e7\u00f5es de preven\u00e7\u00e3o e apoio a v\u00edtimas de abuso sexual\"}]},{\"@type\":\"WebSite\",\"@id\":\"https:\\\/\\\/jornalboasnoticias.com.br\\\/home\\\/#website\",\"url\":\"https:\\\/\\\/jornalboasnoticias.com.br\\\/home\\\/\",\"name\":\"Jornal Boas Not\u00edcias\",\"description\":\"Boas not\u00edcias\",\"publisher\":{\"@id\":\"https:\\\/\\\/jornalboasnoticias.com.br\\\/home\\\/#organization\"},\"potentialAction\":[{\"@type\":\"SearchAction\",\"target\":{\"@type\":\"EntryPoint\",\"urlTemplate\":\"https:\\\/\\\/jornalboasnoticias.com.br\\\/home\\\/?s={search_term_string}\"},\"query-input\":{\"@type\":\"PropertyValueSpecification\",\"valueRequired\":true,\"valueName\":\"search_term_string\"}}],\"inLanguage\":\"pt-BR\"},{\"@type\":\"Organization\",\"@id\":\"https:\\\/\\\/jornalboasnoticias.com.br\\\/home\\\/#organization\",\"name\":\"Coq Editora Ltda\",\"alternateName\":\"Jornal Boas Noticias\",\"url\":\"https:\\\/\\\/jornalboasnoticias.com.br\\\/home\\\/\",\"logo\":{\"@type\":\"ImageObject\",\"inLanguage\":\"pt-BR\",\"@id\":\"https:\\\/\\\/jornalboasnoticias.com.br\\\/home\\\/#\\\/schema\\\/logo\\\/image\\\/\",\"url\":\"https:\\\/\\\/jornalboasnoticias.com.br\\\/home\\\/wp-content\\\/uploads\\\/2024\\\/07\\\/cropped-logo.jpg\",\"contentUrl\":\"https:\\\/\\\/jornalboasnoticias.com.br\\\/home\\\/wp-content\\\/uploads\\\/2024\\\/07\\\/cropped-logo.jpg\",\"width\":290,\"height\":142,\"caption\":\"Coq Editora Ltda\"},\"image\":{\"@id\":\"https:\\\/\\\/jornalboasnoticias.com.br\\\/home\\\/#\\\/schema\\\/logo\\\/image\\\/\"},\"sameAs\":[\"https:\\\/\\\/www.facebook.com\\\/boasnoticiasjornal\"]},{\"@type\":\"Person\",\"@id\":\"https:\\\/\\\/jornalboasnoticias.com.br\\\/home\\\/#\\\/schema\\\/person\\\/75f9ebde398c998c166475fb446bda62\",\"name\":\"Luiz Carlos da Cruz\",\"image\":{\"@type\":\"ImageObject\",\"inLanguage\":\"pt-BR\",\"@id\":\"https:\\\/\\\/secure.gravatar.com\\\/avatar\\\/e6f4f45301b6cb8572f7b076572e8ac11c1db80e805d8c8d0858cf286ce3ac3b?s=96&d=mm&r=g\",\"url\":\"https:\\\/\\\/secure.gravatar.com\\\/avatar\\\/e6f4f45301b6cb8572f7b076572e8ac11c1db80e805d8c8d0858cf286ce3ac3b?s=96&d=mm&r=g\",\"contentUrl\":\"https:\\\/\\\/secure.gravatar.com\\\/avatar\\\/e6f4f45301b6cb8572f7b076572e8ac11c1db80e805d8c8d0858cf286ce3ac3b?s=96&d=mm&r=g\",\"caption\":\"Luiz Carlos da Cruz\"},\"url\":\"https:\\\/\\\/jornalboasnoticias.com.br\\\/home\\\/author\\\/luiz-carlos-da-cruz\\\/\"}]}<\/script>\n<!-- \/ Yoast SEO plugin. -->","yoast_head_json":{"title":"Projeto ASA completa 9 anos com a\u00e7\u00f5es de preven\u00e7\u00e3o e apoio a v\u00edtimas de abuso sexual - Jornal","description":"Projeto ASA completa 9 anos com a\u00e7\u00f5es de preven\u00e7\u00e3o e apoio a v\u00edtimas de abuso sexual","robots":{"index":"index","follow":"follow","max-snippet":"max-snippet:-1","max-image-preview":"max-image-preview:large","max-video-preview":"max-video-preview:-1"},"canonical":"https:\/\/jornalboasnoticias.com.br\/home\/projeto-asa-completa-9-anos-com-acoes-de-prevencao-e-apoio-a-vitimas-de-abuso-sexual\/","og_locale":"pt_BR","og_type":"article","og_title":"Projeto ASA completa 9 anos com a\u00e7\u00f5es de preven\u00e7\u00e3o e apoio a v\u00edtimas de abuso sexual - Jornal","og_description":"Projeto ASA completa 9 anos com a\u00e7\u00f5es de preven\u00e7\u00e3o e apoio a v\u00edtimas de abuso sexual","og_url":"https:\/\/jornalboasnoticias.com.br\/home\/projeto-asa-completa-9-anos-com-acoes-de-prevencao-e-apoio-a-vitimas-de-abuso-sexual\/","og_site_name":"Jornal","article_publisher":"https:\/\/www.facebook.com\/boasnoticiasjornal","article_published_time":"2025-06-08T13:47:31+00:00","og_image":[{"width":1600,"height":1200,"url":"https:\/\/jornalboasnoticias.com.br\/home\/wp-content\/uploads\/2025\/06\/11.jpeg","type":"image\/jpeg"}],"author":"Luiz Carlos da Cruz","twitter_card":"summary_large_image","twitter_misc":{"Escrito por":"Luiz Carlos da Cruz","Est. tempo de leitura":"4 minutos"},"schema":{"@context":"https:\/\/schema.org","@graph":[{"@type":"Article","@id":"https:\/\/jornalboasnoticias.com.br\/home\/projeto-asa-completa-9-anos-com-acoes-de-prevencao-e-apoio-a-vitimas-de-abuso-sexual\/#article","isPartOf":{"@id":"https:\/\/jornalboasnoticias.com.br\/home\/projeto-asa-completa-9-anos-com-acoes-de-prevencao-e-apoio-a-vitimas-de-abuso-sexual\/"},"author":{"name":"Luiz Carlos da Cruz","@id":"https:\/\/jornalboasnoticias.com.br\/home\/#\/schema\/person\/75f9ebde398c998c166475fb446bda62"},"headline":"Projeto ASA completa 9 anos com a\u00e7\u00f5es de preven\u00e7\u00e3o e apoio a v\u00edtimas de abuso sexual","datePublished":"2025-06-08T13:47:31+00:00","mainEntityOfPage":{"@id":"https:\/\/jornalboasnoticias.com.br\/home\/projeto-asa-completa-9-anos-com-acoes-de-prevencao-e-apoio-a-vitimas-de-abuso-sexual\/"},"wordCount":446,"commentCount":0,"publisher":{"@id":"https:\/\/jornalboasnoticias.com.br\/home\/#organization"},"image":{"@id":"https:\/\/jornalboasnoticias.com.br\/home\/projeto-asa-completa-9-anos-com-acoes-de-prevencao-e-apoio-a-vitimas-de-abuso-sexual\/#primaryimage"},"thumbnailUrl":"https:\/\/jornalboasnoticias.com.br\/home\/wp-content\/uploads\/2025\/06\/11.jpeg","articleSection":["CASCAVEL","DESTAQUE"],"inLanguage":"pt-BR","potentialAction":[{"@type":"CommentAction","name":"Comment","target":["https:\/\/jornalboasnoticias.com.br\/home\/projeto-asa-completa-9-anos-com-acoes-de-prevencao-e-apoio-a-vitimas-de-abuso-sexual\/#respond"]}]},{"@type":"WebPage","@id":"https:\/\/jornalboasnoticias.com.br\/home\/projeto-asa-completa-9-anos-com-acoes-de-prevencao-e-apoio-a-vitimas-de-abuso-sexual\/","url":"https:\/\/jornalboasnoticias.com.br\/home\/projeto-asa-completa-9-anos-com-acoes-de-prevencao-e-apoio-a-vitimas-de-abuso-sexual\/","name":"Projeto ASA completa 9 anos com a\u00e7\u00f5es de preven\u00e7\u00e3o e apoio a v\u00edtimas de abuso sexual - Jornal","isPartOf":{"@id":"https:\/\/jornalboasnoticias.com.br\/home\/#website"},"primaryImageOfPage":{"@id":"https:\/\/jornalboasnoticias.com.br\/home\/projeto-asa-completa-9-anos-com-acoes-de-prevencao-e-apoio-a-vitimas-de-abuso-sexual\/#primaryimage"},"image":{"@id":"https:\/\/jornalboasnoticias.com.br\/home\/projeto-asa-completa-9-anos-com-acoes-de-prevencao-e-apoio-a-vitimas-de-abuso-sexual\/#primaryimage"},"thumbnailUrl":"https:\/\/jornalboasnoticias.com.br\/home\/wp-content\/uploads\/2025\/06\/11.jpeg","datePublished":"2025-06-08T13:47:31+00:00","description":"Projeto ASA completa 9 anos com a\u00e7\u00f5es de preven\u00e7\u00e3o e apoio a v\u00edtimas de abuso sexual","breadcrumb":{"@id":"https:\/\/jornalboasnoticias.com.br\/home\/projeto-asa-completa-9-anos-com-acoes-de-prevencao-e-apoio-a-vitimas-de-abuso-sexual\/#breadcrumb"},"inLanguage":"pt-BR","potentialAction":[{"@type":"ReadAction","target":["https:\/\/jornalboasnoticias.com.br\/home\/projeto-asa-completa-9-anos-com-acoes-de-prevencao-e-apoio-a-vitimas-de-abuso-sexual\/"]}]},{"@type":"ImageObject","inLanguage":"pt-BR","@id":"https:\/\/jornalboasnoticias.com.br\/home\/projeto-asa-completa-9-anos-com-acoes-de-prevencao-e-apoio-a-vitimas-de-abuso-sexual\/#primaryimage","url":"https:\/\/jornalboasnoticias.com.br\/home\/wp-content\/uploads\/2025\/06\/11.jpeg","contentUrl":"https:\/\/jornalboasnoticias.com.br\/home\/wp-content\/uploads\/2025\/06\/11.jpeg","width":1600,"height":1200},{"@type":"BreadcrumbList","@id":"https:\/\/jornalboasnoticias.com.br\/home\/projeto-asa-completa-9-anos-com-acoes-de-prevencao-e-apoio-a-vitimas-de-abuso-sexual\/#breadcrumb","itemListElement":[{"@type":"ListItem","position":1,"name":"In\u00edcio","item":"https:\/\/jornalboasnoticias.com.br\/home\/"},{"@type":"ListItem","position":2,"name":"Projeto ASA completa 9 anos com a\u00e7\u00f5es de preven\u00e7\u00e3o e apoio a v\u00edtimas de abuso sexual"}]},{"@type":"WebSite","@id":"https:\/\/jornalboasnoticias.com.br\/home\/#website","url":"https:\/\/jornalboasnoticias.com.br\/home\/","name":"Jornal Boas Not\u00edcias","description":"Boas not\u00edcias","publisher":{"@id":"https:\/\/jornalboasnoticias.com.br\/home\/#organization"},"potentialAction":[{"@type":"SearchAction","target":{"@type":"EntryPoint","urlTemplate":"https:\/\/jornalboasnoticias.com.br\/home\/?s={search_term_string}"},"query-input":{"@type":"PropertyValueSpecification","valueRequired":true,"valueName":"search_term_string"}}],"inLanguage":"pt-BR"},{"@type":"Organization","@id":"https:\/\/jornalboasnoticias.com.br\/home\/#organization","name":"Coq Editora Ltda","alternateName":"Jornal Boas Noticias","url":"https:\/\/jornalboasnoticias.com.br\/home\/","logo":{"@type":"ImageObject","inLanguage":"pt-BR","@id":"https:\/\/jornalboasnoticias.com.br\/home\/#\/schema\/logo\/image\/","url":"https:\/\/jornalboasnoticias.com.br\/home\/wp-content\/uploads\/2024\/07\/cropped-logo.jpg","contentUrl":"https:\/\/jornalboasnoticias.com.br\/home\/wp-content\/uploads\/2024\/07\/cropped-logo.jpg","width":290,"height":142,"caption":"Coq Editora Ltda"},"image":{"@id":"https:\/\/jornalboasnoticias.com.br\/home\/#\/schema\/logo\/image\/"},"sameAs":["https:\/\/www.facebook.com\/boasnoticiasjornal"]},{"@type":"Person","@id":"https:\/\/jornalboasnoticias.com.br\/home\/#\/schema\/person\/75f9ebde398c998c166475fb446bda62","name":"Luiz Carlos da Cruz","image":{"@type":"ImageObject","inLanguage":"pt-BR","@id":"https:\/\/secure.gravatar.com\/avatar\/e6f4f45301b6cb8572f7b076572e8ac11c1db80e805d8c8d0858cf286ce3ac3b?s=96&d=mm&r=g","url":"https:\/\/secure.gravatar.com\/avatar\/e6f4f45301b6cb8572f7b076572e8ac11c1db80e805d8c8d0858cf286ce3ac3b?s=96&d=mm&r=g","contentUrl":"https:\/\/secure.gravatar.com\/avatar\/e6f4f45301b6cb8572f7b076572e8ac11c1db80e805d8c8d0858cf286ce3ac3b?s=96&d=mm&r=g","caption":"Luiz Carlos da Cruz"},"url":"https:\/\/jornalboasnoticias.com.br\/home\/author\/luiz-carlos-da-cruz\/"}]}},"_links":{"self":[{"href":"https:\/\/jornalboasnoticias.com.br\/home\/wp-json\/wp\/v2\/posts\/46325","targetHints":{"allow":["GET"]}}],"collection":[{"href":"https:\/\/jornalboasnoticias.com.br\/home\/wp-json\/wp\/v2\/posts"}],"about":[{"href":"https:\/\/jornalboasnoticias.com.br\/home\/wp-json\/wp\/v2\/types\/post"}],"author":[{"embeddable":true,"href":"https:\/\/jornalboasnoticias.com.br\/home\/wp-json\/wp\/v2\/users\/3"}],"replies":[{"embeddable":true,"href":"https:\/\/jornalboasnoticias.com.br\/home\/wp-json\/wp\/v2\/comments?post=46325"}],"version-history":[{"count":1,"href":"https:\/\/jornalboasnoticias.com.br\/home\/wp-json\/wp\/v2\/posts\/46325\/revisions"}],"predecessor-version":[{"id":46330,"href":"https:\/\/jornalboasnoticias.com.br\/home\/wp-json\/wp\/v2\/posts\/46325\/revisions\/46330"}],"wp:featuredmedia":[{"embeddable":true,"href":"https:\/\/jornalboasnoticias.com.br\/home\/wp-json\/wp\/v2\/media\/46326"}],"wp:attachment":[{"href":"https:\/\/jornalboasnoticias.com.br\/home\/wp-json\/wp\/v2\/media?parent=46325"}],"wp:term":[{"taxonomy":"category","embeddable":true,"href":"https:\/\/jornalboasnoticias.com.br\/home\/wp-json\/wp\/v2\/categories?post=46325"},{"taxonomy":"post_tag","embeddable":true,"href":"https:\/\/jornalboasnoticias.com.br\/home\/wp-json\/wp\/v2\/tags?post=46325"}],"curies":[{"name":"wp","href":"https:\/\/api.w.org\/{rel}","templated":true}]}}