{"id":46322,"date":"2025-06-01T21:17:25","date_gmt":"2025-06-01T21:17:25","guid":{"rendered":"https:\/\/jornalboasnoticias.com.br\/home\/?p=46322"},"modified":"2025-06-01T21:17:25","modified_gmt":"2025-06-01T21:17:25","slug":"lula-reafirma-que-guerra-em-gaza-e-genocidio-e-que-judeus-sao-contra","status":"publish","type":"post","link":"https:\/\/jornalboasnoticias.com.br\/home\/lula-reafirma-que-guerra-em-gaza-e-genocidio-e-que-judeus-sao-contra\/","title":{"rendered":"Lula reafirma que guerra em Gaza \u00e9 genoc\u00eddio e que judeus s\u00e3o contra"},"content":{"rendered":"<p style=\"text-align: center;\"><em><strong>Presidente reitera pedido de paz tamb\u00e9m entre R\u00fassia e Ucr\u00e2nia<\/strong><\/em><\/p>\n<figure id=\"attachment_46323\" aria-describedby=\"caption-attachment-46323\" style=\"width: 1170px\" class=\"wp-caption alignnone\"><img loading=\"lazy\" decoding=\"async\" class=\"size-full wp-image-46323\" src=\"https:\/\/jornalboasnoticias.com.br\/home\/wp-content\/uploads\/2025\/06\/Lula.webp\" alt=\"\" width=\"1170\" height=\"700\" srcset=\"https:\/\/jornalboasnoticias.com.br\/home\/wp-content\/uploads\/2025\/06\/Lula.webp 1170w, https:\/\/jornalboasnoticias.com.br\/home\/wp-content\/uploads\/2025\/06\/Lula-300x179.webp 300w, https:\/\/jornalboasnoticias.com.br\/home\/wp-content\/uploads\/2025\/06\/Lula-1024x613.webp 1024w, https:\/\/jornalboasnoticias.com.br\/home\/wp-content\/uploads\/2025\/06\/Lula-768x459.webp 768w\" sizes=\"auto, (max-width: 1170px) 100vw, 1170px\" \/><figcaption id=\"caption-attachment-46323\" class=\"wp-caption-text\">Fabio Rodrigues-Pozzebom\/ Ag\u00eancia Brasil<\/figcaption><\/figure>\n<p>O presidente Luiz In\u00e1cio Lula da Silva refor\u00e7ou o posicionamento brasileiro em defesa do fim dos conflitos que est\u00e3o ocorrendo entre Israel e Palestina; e entre R\u00fassia e Ucr\u00e2nia. As afirma\u00e7\u00f5es foram feitas neste domingo (1\u00ba) em Bras\u00edlia, durante o encerramento da conven\u00e7\u00e3o do PSB, partido que integra a base do governo federal.<\/p>\n<p>Durante o discurso, o presidente brasileiro leu a \u00edntegra da nota emitida hoje pelo Itamaraty, condenando \u201cnos mais fortes termos\u201d o an\u00fancio feito por Israel, de que aprovava mais 22 assentamentos israelenses na Cisjord\u00e2nia \u2013 territ\u00f3rio que, segundo a nota, \u00e9 \u201cparte integrante do Estado da Palestina\u201d.<\/p>\n<p><strong>Israel x Palestina<\/strong><br \/>\nSob os gritos de \u201cPalestina Livre\u201d por parte dos presentes, Lula reiterou afirma\u00e7\u00f5es feitas anteriormente, de que essa guerra n\u00e3o \u00e9 desejada nem pelo povo judeu, nem pelo povo de Israel. \u201cEssa guerra \u00e9 uma vingan\u00e7a de um governo contra a possibilidade da cria\u00e7\u00e3o do Estado Palestino. Por detr\u00e1s do massacre em busca do Hamas, o que existe na verdade \u00e9 a ideia de assumir a responsabilidade e ser dono do territ\u00f3rio de Gaza\u201d, disse Lula.<\/p>\n<p>\u201cO que n\u00f3s estamos vendo n\u00e3o \u00e9 uma guerra entre dois ex\u00e9rcitos preparados, em campo de batalha com as mesmas armas. \u00c9 um ex\u00e9rcito altamente profissionalizado matando mulheres e crian\u00e7as indefesas na Faixa de Gaza. Isso n\u00e3o \u00e9 uma guerra. \u00c9 um genoc\u00eddio contra e em desrespeito a todas as decis\u00f5es da ONU, que j\u00e1 pediu o fim essa guerra\u201d, acrescentou.<\/p>\n<p><strong>R\u00fassia x Ucr\u00e2nia<\/strong><br \/>\nLula manifestou tamb\u00e9m posi\u00e7\u00e3o contr\u00e1ria \u00e0 guerra entre R\u00fassia e Ucr\u00e2nia. Ele lembrou das conversas que teve com o presidente Russo, Vladimir Putin, na qual teria falado que j\u00e1 estava na hora de os dois pa\u00edses fazerem um acordo, dando fim ao conflito.<\/p>\n<p>\u201cO Brasil tamb\u00e9m foi contra a ocupa\u00e7\u00e3o territorial feita pela R\u00fassia. A gente n\u00e3o quer guerra. O mundo est\u00e1 precisando de paz, de harmonia, o mundo est\u00e1 precisando de livros e n\u00e3o de armas. \u00c9 dessas coisas que as pessoas t\u00eam de compreender\u201d, disse Lula.<\/p>\n<p>\u201cO mundo gastou o ano passado US$ 2,4 trilh\u00f5es em armas, enquanto 733 milh\u00f5es de seres humanos v\u00e3o dormir toda a noite sem ter o que comer. N\u00e3o por falta de alimento, mas por falta de dinheiro para as pessoas comprarem os alimentos. Se esse dinheiro gasto em armas fosse gasto em comida, ter\u00edamos todo mundo com a barriga cheia, todo mundo saud\u00e1vel\u201d, argumentou o presidente.<\/p>\n<p>Reformas no Conselho de Seguran\u00e7a<br \/>\nLula voltou a defender mudan\u00e7as no Conselho de Seguran\u00e7a da ONU, como forma de dar mais for\u00e7a a uma entidade que, segundo ele, tem se mostrado fr\u00e1gil e desrespeitada por conta de decis\u00f5es unilaterais de membros de seu conselho.<\/p>\n<p>\u201cOs EUA invadiram o Iraque por conta pr\u00f3pria, sem consultar a ONU. A Fran\u00e7a e a Inglaterra invadiram a L\u00edbia sem consultar ningu\u00e9m. E Israel fez o que est\u00e1 fazendo sem consultar ningu\u00e9m. A R\u00fassia tamb\u00e9m invadiu a Ucr\u00e2nia sem consultar ningu\u00e9m. Se os membros do Conselho de Seguran\u00e7a da ONU n\u00e3o se respeitam e n\u00e3o discutem coletivamente, a ONU perdeu credibilidade\u201d, afirmou Lula.<\/p>\n<p>O presidente brasileiro disse que luta para mudar este conselho, de forma a incluir, entre seus integrantes, Alemanha, \u00c1frica, \u00cdndia, Jap\u00e3o e Brasil, al\u00e9m de M\u00e9xico e Argentina. \u201cO que n\u00f3s queremos \u00e9 que o mundo esteja melhor representado na ONU, para que a gente possa evitar esse desconforto\u201d, complementou.<\/p>\n<p><strong>Ag\u00eancia Brasil<\/strong><\/p>\n<p>&nbsp;<\/p>\n","protected":false},"excerpt":{"rendered":"<p>Presidente reitera pedido de paz tamb\u00e9m entre R\u00fassia e Ucr\u00e2nia O presidente Luiz In\u00e1cio Lula<\/p>\n","protected":false},"author":3,"featured_media":46323,"comment_status":"open","ping_status":"open","sticky":false,"template":"","format":"standard","meta":{"footnotes":""},"categories":[3,9],"tags":[42,17],"class_list":["post-46322","post","type-post","status-publish","format-standard","has-post-thumbnail","hentry","category-destaques","category-internacional","tag-israel","tag-lula"],"yoast_head":"<!-- This site is optimized with the Yoast SEO plugin v27.5 - https:\/\/yoast.com\/product\/yoast-seo-wordpress\/ -->\n<title>Lula reafirma que guerra em Gaza \u00e9 genoc\u00eddio e que judeus s\u00e3o contra - Jornal<\/title>\n<meta name=\"description\" content=\"Lula reafirma que guerra em Gaza \u00e9 genoc\u00eddio e que judeus s\u00e3o contra\" \/>\n<meta name=\"robots\" content=\"index, follow, max-snippet:-1, max-image-preview:large, max-video-preview:-1\" \/>\n<link rel=\"canonical\" href=\"https:\/\/jornalboasnoticias.com.br\/home\/lula-reafirma-que-guerra-em-gaza-e-genocidio-e-que-judeus-sao-contra\/\" \/>\n<meta property=\"og:locale\" content=\"pt_BR\" \/>\n<meta property=\"og:type\" content=\"article\" \/>\n<meta property=\"og:title\" content=\"Lula reafirma que guerra em Gaza \u00e9 genoc\u00eddio e que judeus s\u00e3o contra - Jornal\" \/>\n<meta property=\"og:description\" content=\"Lula reafirma que guerra em Gaza \u00e9 genoc\u00eddio e que judeus s\u00e3o contra\" \/>\n<meta property=\"og:url\" content=\"https:\/\/jornalboasnoticias.com.br\/home\/lula-reafirma-que-guerra-em-gaza-e-genocidio-e-que-judeus-sao-contra\/\" \/>\n<meta property=\"og:site_name\" content=\"Jornal\" \/>\n<meta property=\"article:publisher\" content=\"https:\/\/www.facebook.com\/boasnoticiasjornal\" \/>\n<meta property=\"article:published_time\" content=\"2025-06-01T21:17:25+00:00\" \/>\n<meta property=\"og:image\" content=\"https:\/\/jornalboasnoticias.com.br\/home\/wp-content\/uploads\/2025\/06\/Lula.webp\" \/>\n\t<meta property=\"og:image:width\" content=\"1170\" \/>\n\t<meta property=\"og:image:height\" content=\"700\" \/>\n\t<meta property=\"og:image:type\" content=\"image\/webp\" \/>\n<meta name=\"author\" content=\"Luiz Carlos da Cruz\" \/>\n<meta name=\"twitter:card\" content=\"summary_large_image\" \/>\n<meta name=\"twitter:label1\" content=\"Escrito por\" \/>\n\t<meta name=\"twitter:data1\" content=\"Luiz Carlos da Cruz\" \/>\n\t<meta name=\"twitter:label2\" content=\"Est. tempo de leitura\" \/>\n\t<meta name=\"twitter:data2\" content=\"4 minutos\" \/>\n<script type=\"application\/ld+json\" class=\"yoast-schema-graph\">{\"@context\":\"https:\\\/\\\/schema.org\",\"@graph\":[{\"@type\":\"Article\",\"@id\":\"https:\\\/\\\/jornalboasnoticias.com.br\\\/home\\\/lula-reafirma-que-guerra-em-gaza-e-genocidio-e-que-judeus-sao-contra\\\/#article\",\"isPartOf\":{\"@id\":\"https:\\\/\\\/jornalboasnoticias.com.br\\\/home\\\/lula-reafirma-que-guerra-em-gaza-e-genocidio-e-que-judeus-sao-contra\\\/\"},\"author\":{\"name\":\"Luiz Carlos da Cruz\",\"@id\":\"https:\\\/\\\/jornalboasnoticias.com.br\\\/home\\\/#\\\/schema\\\/person\\\/75f9ebde398c998c166475fb446bda62\"},\"headline\":\"Lula reafirma que guerra em Gaza \u00e9 genoc\u00eddio e que judeus s\u00e3o contra\",\"datePublished\":\"2025-06-01T21:17:25+00:00\",\"mainEntityOfPage\":{\"@id\":\"https:\\\/\\\/jornalboasnoticias.com.br\\\/home\\\/lula-reafirma-que-guerra-em-gaza-e-genocidio-e-que-judeus-sao-contra\\\/\"},\"wordCount\":649,\"commentCount\":0,\"publisher\":{\"@id\":\"https:\\\/\\\/jornalboasnoticias.com.br\\\/home\\\/#organization\"},\"image\":{\"@id\":\"https:\\\/\\\/jornalboasnoticias.com.br\\\/home\\\/lula-reafirma-que-guerra-em-gaza-e-genocidio-e-que-judeus-sao-contra\\\/#primaryimage\"},\"thumbnailUrl\":\"https:\\\/\\\/jornalboasnoticias.com.br\\\/home\\\/wp-content\\\/uploads\\\/2025\\\/06\\\/Lula.webp\",\"keywords\":[\"Israel\",\"lula\"],\"articleSection\":[\"DESTAQUE\",\"INTERNACIONAL\"],\"inLanguage\":\"pt-BR\",\"potentialAction\":[{\"@type\":\"CommentAction\",\"name\":\"Comment\",\"target\":[\"https:\\\/\\\/jornalboasnoticias.com.br\\\/home\\\/lula-reafirma-que-guerra-em-gaza-e-genocidio-e-que-judeus-sao-contra\\\/#respond\"]}]},{\"@type\":\"WebPage\",\"@id\":\"https:\\\/\\\/jornalboasnoticias.com.br\\\/home\\\/lula-reafirma-que-guerra-em-gaza-e-genocidio-e-que-judeus-sao-contra\\\/\",\"url\":\"https:\\\/\\\/jornalboasnoticias.com.br\\\/home\\\/lula-reafirma-que-guerra-em-gaza-e-genocidio-e-que-judeus-sao-contra\\\/\",\"name\":\"Lula reafirma que guerra em Gaza \u00e9 genoc\u00eddio e que judeus s\u00e3o contra - Jornal\",\"isPartOf\":{\"@id\":\"https:\\\/\\\/jornalboasnoticias.com.br\\\/home\\\/#website\"},\"primaryImageOfPage\":{\"@id\":\"https:\\\/\\\/jornalboasnoticias.com.br\\\/home\\\/lula-reafirma-que-guerra-em-gaza-e-genocidio-e-que-judeus-sao-contra\\\/#primaryimage\"},\"image\":{\"@id\":\"https:\\\/\\\/jornalboasnoticias.com.br\\\/home\\\/lula-reafirma-que-guerra-em-gaza-e-genocidio-e-que-judeus-sao-contra\\\/#primaryimage\"},\"thumbnailUrl\":\"https:\\\/\\\/jornalboasnoticias.com.br\\\/home\\\/wp-content\\\/uploads\\\/2025\\\/06\\\/Lula.webp\",\"datePublished\":\"2025-06-01T21:17:25+00:00\",\"description\":\"Lula reafirma que guerra em Gaza \u00e9 genoc\u00eddio e que judeus s\u00e3o contra\",\"breadcrumb\":{\"@id\":\"https:\\\/\\\/jornalboasnoticias.com.br\\\/home\\\/lula-reafirma-que-guerra-em-gaza-e-genocidio-e-que-judeus-sao-contra\\\/#breadcrumb\"},\"inLanguage\":\"pt-BR\",\"potentialAction\":[{\"@type\":\"ReadAction\",\"target\":[\"https:\\\/\\\/jornalboasnoticias.com.br\\\/home\\\/lula-reafirma-que-guerra-em-gaza-e-genocidio-e-que-judeus-sao-contra\\\/\"]}]},{\"@type\":\"ImageObject\",\"inLanguage\":\"pt-BR\",\"@id\":\"https:\\\/\\\/jornalboasnoticias.com.br\\\/home\\\/lula-reafirma-que-guerra-em-gaza-e-genocidio-e-que-judeus-sao-contra\\\/#primaryimage\",\"url\":\"https:\\\/\\\/jornalboasnoticias.com.br\\\/home\\\/wp-content\\\/uploads\\\/2025\\\/06\\\/Lula.webp\",\"contentUrl\":\"https:\\\/\\\/jornalboasnoticias.com.br\\\/home\\\/wp-content\\\/uploads\\\/2025\\\/06\\\/Lula.webp\",\"width\":1170,\"height\":700,\"caption\":\"Fabio Rodrigues-Pozzebom\\\/ Ag\u00eancia Brasil\"},{\"@type\":\"BreadcrumbList\",\"@id\":\"https:\\\/\\\/jornalboasnoticias.com.br\\\/home\\\/lula-reafirma-que-guerra-em-gaza-e-genocidio-e-que-judeus-sao-contra\\\/#breadcrumb\",\"itemListElement\":[{\"@type\":\"ListItem\",\"position\":1,\"name\":\"In\u00edcio\",\"item\":\"https:\\\/\\\/jornalboasnoticias.com.br\\\/home\\\/\"},{\"@type\":\"ListItem\",\"position\":2,\"name\":\"Lula reafirma que guerra em Gaza \u00e9 genoc\u00eddio e que judeus s\u00e3o contra\"}]},{\"@type\":\"WebSite\",\"@id\":\"https:\\\/\\\/jornalboasnoticias.com.br\\\/home\\\/#website\",\"url\":\"https:\\\/\\\/jornalboasnoticias.com.br\\\/home\\\/\",\"name\":\"Jornal Boas Not\u00edcias\",\"description\":\"Boas not\u00edcias\",\"publisher\":{\"@id\":\"https:\\\/\\\/jornalboasnoticias.com.br\\\/home\\\/#organization\"},\"potentialAction\":[{\"@type\":\"SearchAction\",\"target\":{\"@type\":\"EntryPoint\",\"urlTemplate\":\"https:\\\/\\\/jornalboasnoticias.com.br\\\/home\\\/?s={search_term_string}\"},\"query-input\":{\"@type\":\"PropertyValueSpecification\",\"valueRequired\":true,\"valueName\":\"search_term_string\"}}],\"inLanguage\":\"pt-BR\"},{\"@type\":\"Organization\",\"@id\":\"https:\\\/\\\/jornalboasnoticias.com.br\\\/home\\\/#organization\",\"name\":\"Coq Editora Ltda\",\"alternateName\":\"Jornal Boas Noticias\",\"url\":\"https:\\\/\\\/jornalboasnoticias.com.br\\\/home\\\/\",\"logo\":{\"@type\":\"ImageObject\",\"inLanguage\":\"pt-BR\",\"@id\":\"https:\\\/\\\/jornalboasnoticias.com.br\\\/home\\\/#\\\/schema\\\/logo\\\/image\\\/\",\"url\":\"https:\\\/\\\/jornalboasnoticias.com.br\\\/home\\\/wp-content\\\/uploads\\\/2024\\\/07\\\/cropped-logo.jpg\",\"contentUrl\":\"https:\\\/\\\/jornalboasnoticias.com.br\\\/home\\\/wp-content\\\/uploads\\\/2024\\\/07\\\/cropped-logo.jpg\",\"width\":290,\"height\":142,\"caption\":\"Coq Editora Ltda\"},\"image\":{\"@id\":\"https:\\\/\\\/jornalboasnoticias.com.br\\\/home\\\/#\\\/schema\\\/logo\\\/image\\\/\"},\"sameAs\":[\"https:\\\/\\\/www.facebook.com\\\/boasnoticiasjornal\"]},{\"@type\":\"Person\",\"@id\":\"https:\\\/\\\/jornalboasnoticias.com.br\\\/home\\\/#\\\/schema\\\/person\\\/75f9ebde398c998c166475fb446bda62\",\"name\":\"Luiz Carlos da Cruz\",\"image\":{\"@type\":\"ImageObject\",\"inLanguage\":\"pt-BR\",\"@id\":\"https:\\\/\\\/secure.gravatar.com\\\/avatar\\\/e6f4f45301b6cb8572f7b076572e8ac11c1db80e805d8c8d0858cf286ce3ac3b?s=96&d=mm&r=g\",\"url\":\"https:\\\/\\\/secure.gravatar.com\\\/avatar\\\/e6f4f45301b6cb8572f7b076572e8ac11c1db80e805d8c8d0858cf286ce3ac3b?s=96&d=mm&r=g\",\"contentUrl\":\"https:\\\/\\\/secure.gravatar.com\\\/avatar\\\/e6f4f45301b6cb8572f7b076572e8ac11c1db80e805d8c8d0858cf286ce3ac3b?s=96&d=mm&r=g\",\"caption\":\"Luiz Carlos da Cruz\"},\"url\":\"https:\\\/\\\/jornalboasnoticias.com.br\\\/home\\\/author\\\/luiz-carlos-da-cruz\\\/\"}]}<\/script>\n<!-- \/ Yoast SEO plugin. -->","yoast_head_json":{"title":"Lula reafirma que guerra em Gaza \u00e9 genoc\u00eddio e que judeus s\u00e3o contra - Jornal","description":"Lula reafirma que guerra em Gaza \u00e9 genoc\u00eddio e que judeus s\u00e3o contra","robots":{"index":"index","follow":"follow","max-snippet":"max-snippet:-1","max-image-preview":"max-image-preview:large","max-video-preview":"max-video-preview:-1"},"canonical":"https:\/\/jornalboasnoticias.com.br\/home\/lula-reafirma-que-guerra-em-gaza-e-genocidio-e-que-judeus-sao-contra\/","og_locale":"pt_BR","og_type":"article","og_title":"Lula reafirma que guerra em Gaza \u00e9 genoc\u00eddio e que judeus s\u00e3o contra - Jornal","og_description":"Lula reafirma que guerra em Gaza \u00e9 genoc\u00eddio e que judeus s\u00e3o contra","og_url":"https:\/\/jornalboasnoticias.com.br\/home\/lula-reafirma-que-guerra-em-gaza-e-genocidio-e-que-judeus-sao-contra\/","og_site_name":"Jornal","article_publisher":"https:\/\/www.facebook.com\/boasnoticiasjornal","article_published_time":"2025-06-01T21:17:25+00:00","og_image":[{"width":1170,"height":700,"url":"https:\/\/jornalboasnoticias.com.br\/home\/wp-content\/uploads\/2025\/06\/Lula.webp","type":"image\/webp"}],"author":"Luiz Carlos da Cruz","twitter_card":"summary_large_image","twitter_misc":{"Escrito por":"Luiz Carlos da Cruz","Est. tempo de leitura":"4 minutos"},"schema":{"@context":"https:\/\/schema.org","@graph":[{"@type":"Article","@id":"https:\/\/jornalboasnoticias.com.br\/home\/lula-reafirma-que-guerra-em-gaza-e-genocidio-e-que-judeus-sao-contra\/#article","isPartOf":{"@id":"https:\/\/jornalboasnoticias.com.br\/home\/lula-reafirma-que-guerra-em-gaza-e-genocidio-e-que-judeus-sao-contra\/"},"author":{"name":"Luiz Carlos da Cruz","@id":"https:\/\/jornalboasnoticias.com.br\/home\/#\/schema\/person\/75f9ebde398c998c166475fb446bda62"},"headline":"Lula reafirma que guerra em Gaza \u00e9 genoc\u00eddio e que judeus s\u00e3o contra","datePublished":"2025-06-01T21:17:25+00:00","mainEntityOfPage":{"@id":"https:\/\/jornalboasnoticias.com.br\/home\/lula-reafirma-que-guerra-em-gaza-e-genocidio-e-que-judeus-sao-contra\/"},"wordCount":649,"commentCount":0,"publisher":{"@id":"https:\/\/jornalboasnoticias.com.br\/home\/#organization"},"image":{"@id":"https:\/\/jornalboasnoticias.com.br\/home\/lula-reafirma-que-guerra-em-gaza-e-genocidio-e-que-judeus-sao-contra\/#primaryimage"},"thumbnailUrl":"https:\/\/jornalboasnoticias.com.br\/home\/wp-content\/uploads\/2025\/06\/Lula.webp","keywords":["Israel","lula"],"articleSection":["DESTAQUE","INTERNACIONAL"],"inLanguage":"pt-BR","potentialAction":[{"@type":"CommentAction","name":"Comment","target":["https:\/\/jornalboasnoticias.com.br\/home\/lula-reafirma-que-guerra-em-gaza-e-genocidio-e-que-judeus-sao-contra\/#respond"]}]},{"@type":"WebPage","@id":"https:\/\/jornalboasnoticias.com.br\/home\/lula-reafirma-que-guerra-em-gaza-e-genocidio-e-que-judeus-sao-contra\/","url":"https:\/\/jornalboasnoticias.com.br\/home\/lula-reafirma-que-guerra-em-gaza-e-genocidio-e-que-judeus-sao-contra\/","name":"Lula reafirma que guerra em Gaza \u00e9 genoc\u00eddio e que judeus s\u00e3o contra - Jornal","isPartOf":{"@id":"https:\/\/jornalboasnoticias.com.br\/home\/#website"},"primaryImageOfPage":{"@id":"https:\/\/jornalboasnoticias.com.br\/home\/lula-reafirma-que-guerra-em-gaza-e-genocidio-e-que-judeus-sao-contra\/#primaryimage"},"image":{"@id":"https:\/\/jornalboasnoticias.com.br\/home\/lula-reafirma-que-guerra-em-gaza-e-genocidio-e-que-judeus-sao-contra\/#primaryimage"},"thumbnailUrl":"https:\/\/jornalboasnoticias.com.br\/home\/wp-content\/uploads\/2025\/06\/Lula.webp","datePublished":"2025-06-01T21:17:25+00:00","description":"Lula reafirma que guerra em Gaza \u00e9 genoc\u00eddio e que judeus s\u00e3o contra","breadcrumb":{"@id":"https:\/\/jornalboasnoticias.com.br\/home\/lula-reafirma-que-guerra-em-gaza-e-genocidio-e-que-judeus-sao-contra\/#breadcrumb"},"inLanguage":"pt-BR","potentialAction":[{"@type":"ReadAction","target":["https:\/\/jornalboasnoticias.com.br\/home\/lula-reafirma-que-guerra-em-gaza-e-genocidio-e-que-judeus-sao-contra\/"]}]},{"@type":"ImageObject","inLanguage":"pt-BR","@id":"https:\/\/jornalboasnoticias.com.br\/home\/lula-reafirma-que-guerra-em-gaza-e-genocidio-e-que-judeus-sao-contra\/#primaryimage","url":"https:\/\/jornalboasnoticias.com.br\/home\/wp-content\/uploads\/2025\/06\/Lula.webp","contentUrl":"https:\/\/jornalboasnoticias.com.br\/home\/wp-content\/uploads\/2025\/06\/Lula.webp","width":1170,"height":700,"caption":"Fabio Rodrigues-Pozzebom\/ Ag\u00eancia Brasil"},{"@type":"BreadcrumbList","@id":"https:\/\/jornalboasnoticias.com.br\/home\/lula-reafirma-que-guerra-em-gaza-e-genocidio-e-que-judeus-sao-contra\/#breadcrumb","itemListElement":[{"@type":"ListItem","position":1,"name":"In\u00edcio","item":"https:\/\/jornalboasnoticias.com.br\/home\/"},{"@type":"ListItem","position":2,"name":"Lula reafirma que guerra em Gaza \u00e9 genoc\u00eddio e que judeus s\u00e3o contra"}]},{"@type":"WebSite","@id":"https:\/\/jornalboasnoticias.com.br\/home\/#website","url":"https:\/\/jornalboasnoticias.com.br\/home\/","name":"Jornal Boas Not\u00edcias","description":"Boas not\u00edcias","publisher":{"@id":"https:\/\/jornalboasnoticias.com.br\/home\/#organization"},"potentialAction":[{"@type":"SearchAction","target":{"@type":"EntryPoint","urlTemplate":"https:\/\/jornalboasnoticias.com.br\/home\/?s={search_term_string}"},"query-input":{"@type":"PropertyValueSpecification","valueRequired":true,"valueName":"search_term_string"}}],"inLanguage":"pt-BR"},{"@type":"Organization","@id":"https:\/\/jornalboasnoticias.com.br\/home\/#organization","name":"Coq Editora Ltda","alternateName":"Jornal Boas Noticias","url":"https:\/\/jornalboasnoticias.com.br\/home\/","logo":{"@type":"ImageObject","inLanguage":"pt-BR","@id":"https:\/\/jornalboasnoticias.com.br\/home\/#\/schema\/logo\/image\/","url":"https:\/\/jornalboasnoticias.com.br\/home\/wp-content\/uploads\/2024\/07\/cropped-logo.jpg","contentUrl":"https:\/\/jornalboasnoticias.com.br\/home\/wp-content\/uploads\/2024\/07\/cropped-logo.jpg","width":290,"height":142,"caption":"Coq Editora Ltda"},"image":{"@id":"https:\/\/jornalboasnoticias.com.br\/home\/#\/schema\/logo\/image\/"},"sameAs":["https:\/\/www.facebook.com\/boasnoticiasjornal"]},{"@type":"Person","@id":"https:\/\/jornalboasnoticias.com.br\/home\/#\/schema\/person\/75f9ebde398c998c166475fb446bda62","name":"Luiz Carlos da Cruz","image":{"@type":"ImageObject","inLanguage":"pt-BR","@id":"https:\/\/secure.gravatar.com\/avatar\/e6f4f45301b6cb8572f7b076572e8ac11c1db80e805d8c8d0858cf286ce3ac3b?s=96&d=mm&r=g","url":"https:\/\/secure.gravatar.com\/avatar\/e6f4f45301b6cb8572f7b076572e8ac11c1db80e805d8c8d0858cf286ce3ac3b?s=96&d=mm&r=g","contentUrl":"https:\/\/secure.gravatar.com\/avatar\/e6f4f45301b6cb8572f7b076572e8ac11c1db80e805d8c8d0858cf286ce3ac3b?s=96&d=mm&r=g","caption":"Luiz Carlos da Cruz"},"url":"https:\/\/jornalboasnoticias.com.br\/home\/author\/luiz-carlos-da-cruz\/"}]}},"_links":{"self":[{"href":"https:\/\/jornalboasnoticias.com.br\/home\/wp-json\/wp\/v2\/posts\/46322","targetHints":{"allow":["GET"]}}],"collection":[{"href":"https:\/\/jornalboasnoticias.com.br\/home\/wp-json\/wp\/v2\/posts"}],"about":[{"href":"https:\/\/jornalboasnoticias.com.br\/home\/wp-json\/wp\/v2\/types\/post"}],"author":[{"embeddable":true,"href":"https:\/\/jornalboasnoticias.com.br\/home\/wp-json\/wp\/v2\/users\/3"}],"replies":[{"embeddable":true,"href":"https:\/\/jornalboasnoticias.com.br\/home\/wp-json\/wp\/v2\/comments?post=46322"}],"version-history":[{"count":1,"href":"https:\/\/jornalboasnoticias.com.br\/home\/wp-json\/wp\/v2\/posts\/46322\/revisions"}],"predecessor-version":[{"id":46324,"href":"https:\/\/jornalboasnoticias.com.br\/home\/wp-json\/wp\/v2\/posts\/46322\/revisions\/46324"}],"wp:featuredmedia":[{"embeddable":true,"href":"https:\/\/jornalboasnoticias.com.br\/home\/wp-json\/wp\/v2\/media\/46323"}],"wp:attachment":[{"href":"https:\/\/jornalboasnoticias.com.br\/home\/wp-json\/wp\/v2\/media?parent=46322"}],"wp:term":[{"taxonomy":"category","embeddable":true,"href":"https:\/\/jornalboasnoticias.com.br\/home\/wp-json\/wp\/v2\/categories?post=46322"},{"taxonomy":"post_tag","embeddable":true,"href":"https:\/\/jornalboasnoticias.com.br\/home\/wp-json\/wp\/v2\/tags?post=46322"}],"curies":[{"name":"wp","href":"https:\/\/api.w.org\/{rel}","templated":true}]}}