{"id":46317,"date":"2025-06-01T21:08:07","date_gmt":"2025-06-01T21:08:07","guid":{"rendered":"https:\/\/jornalboasnoticias.com.br\/home\/?p=46317"},"modified":"2025-06-01T21:14:26","modified_gmt":"2025-06-01T21:14:26","slug":"morre-em-cascavel-o-pastor-walter-daniel-raposo-lider-evangelico-e-ex-policial-militar","status":"publish","type":"post","link":"https:\/\/jornalboasnoticias.com.br\/home\/morre-em-cascavel-o-pastor-walter-daniel-raposo-lider-evangelico-e-ex-policial-militar\/","title":{"rendered":"Morre em Cascavel o pastor Walter Daniel Raposo, l\u00edder evang\u00e9lico e ex-policial militar"},"content":{"rendered":"<p style=\"text-align: center;\"><strong><em>Ex-policial militar, pastor estava internado no Hospital Dr. Lima para tratamento de uma pneumonia severa, mas teve uma parada card\u00edaca e n\u00e3o resistiu<\/em><\/strong><\/p>\n<p><img loading=\"lazy\" decoding=\"async\" class=\"alignnone size-full wp-image-46318\" src=\"https:\/\/jornalboasnoticias.com.br\/home\/wp-content\/uploads\/2025\/06\/Daniel-Raposo.jpg\" alt=\"\" width=\"828\" height=\"768\" srcset=\"https:\/\/jornalboasnoticias.com.br\/home\/wp-content\/uploads\/2025\/06\/Daniel-Raposo.jpg 828w, https:\/\/jornalboasnoticias.com.br\/home\/wp-content\/uploads\/2025\/06\/Daniel-Raposo-300x278.jpg 300w, https:\/\/jornalboasnoticias.com.br\/home\/wp-content\/uploads\/2025\/06\/Daniel-Raposo-768x712.jpg 768w\" sizes=\"auto, (max-width: 828px) 100vw, 828px\" \/><\/p>\n<p>Faleceu na tarde deste domingo (1\u00ba), em Cascavel, o pastor Walter Daniel Raposo, aos 51 anos. Ele estava internado na UTI do Hospital Dr. Lima para tratamento de uma pneumonia severa, ap\u00f3s contrair uma gripe, mas sofreu uma parada card\u00edaca e n\u00e3o resistiu.<\/p>\n<p>Pastor Daniel, como era conhecido, integrava a Igreja Assembleia de Deus \u2013 Minist\u00e9rio Madureira e era tamb\u00e9m ex-policial militar. Durante anos, se destacou por liderar cultos evang\u00e9licos dentro de quart\u00e9is e batalh\u00f5es, com foco na evangeliza\u00e7\u00e3o de militares e no fortalecimento espiritual da tropa.<\/p>\n<figure id=\"attachment_46319\" aria-describedby=\"caption-attachment-46319\" style=\"width: 175px\" class=\"wp-caption alignleft\"><img loading=\"lazy\" decoding=\"async\" class=\" wp-image-46319\" src=\"https:\/\/jornalboasnoticias.com.br\/home\/wp-content\/uploads\/2025\/06\/38d31852-d8fd-46fe-81ba-4e45b6354bf1.jpg\" alt=\"\" width=\"175\" height=\"238\" srcset=\"https:\/\/jornalboasnoticias.com.br\/home\/wp-content\/uploads\/2025\/06\/38d31852-d8fd-46fe-81ba-4e45b6354bf1.jpg 1176w, https:\/\/jornalboasnoticias.com.br\/home\/wp-content\/uploads\/2025\/06\/38d31852-d8fd-46fe-81ba-4e45b6354bf1-221x300.jpg 221w, https:\/\/jornalboasnoticias.com.br\/home\/wp-content\/uploads\/2025\/06\/38d31852-d8fd-46fe-81ba-4e45b6354bf1-753x1024.jpg 753w, https:\/\/jornalboasnoticias.com.br\/home\/wp-content\/uploads\/2025\/06\/38d31852-d8fd-46fe-81ba-4e45b6354bf1-768x1045.jpg 768w, https:\/\/jornalboasnoticias.com.br\/home\/wp-content\/uploads\/2025\/06\/38d31852-d8fd-46fe-81ba-4e45b6354bf1-1129x1536.jpg 1129w\" sizes=\"auto, (max-width: 175px) 100vw, 175px\" \/><figcaption id=\"caption-attachment-46319\" class=\"wp-caption-text\">Capa da edi\u00e7\u00e3o 01 do Boas Not\u00edcias trouxe uma entrevista com o pastor Daniel Raposo<\/figcaption><\/figure>\n<p>Em abril de 2006, foi destaque na capa da primeira edi\u00e7\u00e3o do Jornal Boas Not\u00edcias, em reportagem intitulada \u201cEvang\u00e9licos fardados\u201d, que retratava as a\u00e7\u00f5es do N\u00facleo dos Evang\u00e9licos das For\u00e7as Armadas (Nevan). O grupo re\u00fane policiais, bombeiros e militares do Ex\u00e9rcito com o objetivo de integrar a f\u00e9 \u00e0 rotina das corpora\u00e7\u00f5es. Em entrevista na \u00e9poca, o pastor destacou: \u201cNosso objetivo \u00e9 cultuar a Deus e trabalhar o lado espiritual do policial\u201d.<\/p>\n<p>O corpo ser\u00e1 velado na Capela A da Acesc, em Cascavel, e o sepultamento ocorre no Cemit\u00e9rio Jardim Guaruj\u00e1, amanh\u00e3 (2), \u00e0s 16h. A comunidade evang\u00e9lica, amigos e familiares lamentam a perda de uma figura que uniu f\u00e9 e servi\u00e7o p\u00fablico ao longo de sua trajet\u00f3ria.<\/p>\n","protected":false},"excerpt":{"rendered":"<p>Ex-policial militar, pastor estava internado no Hospital Dr. Lima para tratamento de uma pneumonia severa,<\/p>\n","protected":false},"author":3,"featured_media":46318,"comment_status":"open","ping_status":"open","sticky":false,"template":"","format":"standard","meta":{"footnotes":""},"categories":[2,3],"tags":[150,151],"class_list":["post-46317","post","type-post","status-publish","format-standard","has-post-thumbnail","hentry","category-cascavel","category-destaques","tag-daneil-raposo","tag-militar"],"yoast_head":"<!-- This site is optimized with the Yoast SEO plugin v27.5 - https:\/\/yoast.com\/product\/yoast-seo-wordpress\/ -->\n<title>Morre em Cascavel o pastor Walter Daniel Raposo, l\u00edder evang\u00e9lico e ex-policial militar - Jornal<\/title>\n<meta name=\"description\" content=\"Morre em Cascavel o pastor Walter Daniel Raposo, l\u00edder evang\u00e9lico e ex-policial militar\" \/>\n<meta name=\"robots\" content=\"index, follow, max-snippet:-1, max-image-preview:large, max-video-preview:-1\" \/>\n<link rel=\"canonical\" href=\"https:\/\/jornalboasnoticias.com.br\/home\/morre-em-cascavel-o-pastor-walter-daniel-raposo-lider-evangelico-e-ex-policial-militar\/\" \/>\n<meta property=\"og:locale\" content=\"pt_BR\" \/>\n<meta property=\"og:type\" content=\"article\" \/>\n<meta property=\"og:title\" content=\"Morre em Cascavel o pastor Walter Daniel Raposo, l\u00edder evang\u00e9lico e ex-policial militar - Jornal\" \/>\n<meta property=\"og:description\" content=\"Morre em Cascavel o pastor Walter Daniel Raposo, l\u00edder evang\u00e9lico e ex-policial militar\" \/>\n<meta property=\"og:url\" content=\"https:\/\/jornalboasnoticias.com.br\/home\/morre-em-cascavel-o-pastor-walter-daniel-raposo-lider-evangelico-e-ex-policial-militar\/\" \/>\n<meta property=\"og:site_name\" content=\"Jornal\" \/>\n<meta property=\"article:publisher\" content=\"https:\/\/www.facebook.com\/boasnoticiasjornal\" \/>\n<meta property=\"article:published_time\" content=\"2025-06-01T21:08:07+00:00\" \/>\n<meta property=\"article:modified_time\" content=\"2025-06-01T21:14:26+00:00\" \/>\n<meta property=\"og:image\" content=\"https:\/\/jornalboasnoticias.com.br\/home\/wp-content\/uploads\/2025\/06\/Daniel-Raposo.jpg\" \/>\n\t<meta property=\"og:image:width\" content=\"828\" \/>\n\t<meta property=\"og:image:height\" content=\"768\" \/>\n\t<meta property=\"og:image:type\" content=\"image\/jpeg\" \/>\n<meta name=\"author\" content=\"Luiz Carlos da Cruz\" \/>\n<meta name=\"twitter:card\" content=\"summary_large_image\" \/>\n<meta name=\"twitter:label1\" content=\"Escrito por\" \/>\n\t<meta name=\"twitter:data1\" content=\"Luiz Carlos da Cruz\" \/>\n\t<meta name=\"twitter:label2\" content=\"Est. tempo de leitura\" \/>\n\t<meta name=\"twitter:data2\" content=\"2 minutos\" \/>\n<script type=\"application\/ld+json\" class=\"yoast-schema-graph\">{\"@context\":\"https:\\\/\\\/schema.org\",\"@graph\":[{\"@type\":\"Article\",\"@id\":\"https:\\\/\\\/jornalboasnoticias.com.br\\\/home\\\/morre-em-cascavel-o-pastor-walter-daniel-raposo-lider-evangelico-e-ex-policial-militar\\\/#article\",\"isPartOf\":{\"@id\":\"https:\\\/\\\/jornalboasnoticias.com.br\\\/home\\\/morre-em-cascavel-o-pastor-walter-daniel-raposo-lider-evangelico-e-ex-policial-militar\\\/\"},\"author\":{\"name\":\"Luiz Carlos da Cruz\",\"@id\":\"https:\\\/\\\/jornalboasnoticias.com.br\\\/home\\\/#\\\/schema\\\/person\\\/75f9ebde398c998c166475fb446bda62\"},\"headline\":\"Morre em Cascavel o pastor Walter Daniel Raposo, l\u00edder evang\u00e9lico e ex-policial militar\",\"datePublished\":\"2025-06-01T21:08:07+00:00\",\"dateModified\":\"2025-06-01T21:14:26+00:00\",\"mainEntityOfPage\":{\"@id\":\"https:\\\/\\\/jornalboasnoticias.com.br\\\/home\\\/morre-em-cascavel-o-pastor-walter-daniel-raposo-lider-evangelico-e-ex-policial-militar\\\/\"},\"wordCount\":285,\"commentCount\":0,\"publisher\":{\"@id\":\"https:\\\/\\\/jornalboasnoticias.com.br\\\/home\\\/#organization\"},\"image\":{\"@id\":\"https:\\\/\\\/jornalboasnoticias.com.br\\\/home\\\/morre-em-cascavel-o-pastor-walter-daniel-raposo-lider-evangelico-e-ex-policial-militar\\\/#primaryimage\"},\"thumbnailUrl\":\"https:\\\/\\\/jornalboasnoticias.com.br\\\/home\\\/wp-content\\\/uploads\\\/2025\\\/06\\\/Daniel-Raposo.jpg\",\"keywords\":[\"Daneil Raposo\",\"Militar\"],\"articleSection\":[\"CASCAVEL\",\"DESTAQUE\"],\"inLanguage\":\"pt-BR\",\"potentialAction\":[{\"@type\":\"CommentAction\",\"name\":\"Comment\",\"target\":[\"https:\\\/\\\/jornalboasnoticias.com.br\\\/home\\\/morre-em-cascavel-o-pastor-walter-daniel-raposo-lider-evangelico-e-ex-policial-militar\\\/#respond\"]}]},{\"@type\":\"WebPage\",\"@id\":\"https:\\\/\\\/jornalboasnoticias.com.br\\\/home\\\/morre-em-cascavel-o-pastor-walter-daniel-raposo-lider-evangelico-e-ex-policial-militar\\\/\",\"url\":\"https:\\\/\\\/jornalboasnoticias.com.br\\\/home\\\/morre-em-cascavel-o-pastor-walter-daniel-raposo-lider-evangelico-e-ex-policial-militar\\\/\",\"name\":\"Morre em Cascavel o pastor Walter Daniel Raposo, l\u00edder evang\u00e9lico e ex-policial militar - Jornal\",\"isPartOf\":{\"@id\":\"https:\\\/\\\/jornalboasnoticias.com.br\\\/home\\\/#website\"},\"primaryImageOfPage\":{\"@id\":\"https:\\\/\\\/jornalboasnoticias.com.br\\\/home\\\/morre-em-cascavel-o-pastor-walter-daniel-raposo-lider-evangelico-e-ex-policial-militar\\\/#primaryimage\"},\"image\":{\"@id\":\"https:\\\/\\\/jornalboasnoticias.com.br\\\/home\\\/morre-em-cascavel-o-pastor-walter-daniel-raposo-lider-evangelico-e-ex-policial-militar\\\/#primaryimage\"},\"thumbnailUrl\":\"https:\\\/\\\/jornalboasnoticias.com.br\\\/home\\\/wp-content\\\/uploads\\\/2025\\\/06\\\/Daniel-Raposo.jpg\",\"datePublished\":\"2025-06-01T21:08:07+00:00\",\"dateModified\":\"2025-06-01T21:14:26+00:00\",\"description\":\"Morre em Cascavel o pastor Walter Daniel Raposo, l\u00edder evang\u00e9lico e ex-policial militar\",\"breadcrumb\":{\"@id\":\"https:\\\/\\\/jornalboasnoticias.com.br\\\/home\\\/morre-em-cascavel-o-pastor-walter-daniel-raposo-lider-evangelico-e-ex-policial-militar\\\/#breadcrumb\"},\"inLanguage\":\"pt-BR\",\"potentialAction\":[{\"@type\":\"ReadAction\",\"target\":[\"https:\\\/\\\/jornalboasnoticias.com.br\\\/home\\\/morre-em-cascavel-o-pastor-walter-daniel-raposo-lider-evangelico-e-ex-policial-militar\\\/\"]}]},{\"@type\":\"ImageObject\",\"inLanguage\":\"pt-BR\",\"@id\":\"https:\\\/\\\/jornalboasnoticias.com.br\\\/home\\\/morre-em-cascavel-o-pastor-walter-daniel-raposo-lider-evangelico-e-ex-policial-militar\\\/#primaryimage\",\"url\":\"https:\\\/\\\/jornalboasnoticias.com.br\\\/home\\\/wp-content\\\/uploads\\\/2025\\\/06\\\/Daniel-Raposo.jpg\",\"contentUrl\":\"https:\\\/\\\/jornalboasnoticias.com.br\\\/home\\\/wp-content\\\/uploads\\\/2025\\\/06\\\/Daniel-Raposo.jpg\",\"width\":828,\"height\":768},{\"@type\":\"BreadcrumbList\",\"@id\":\"https:\\\/\\\/jornalboasnoticias.com.br\\\/home\\\/morre-em-cascavel-o-pastor-walter-daniel-raposo-lider-evangelico-e-ex-policial-militar\\\/#breadcrumb\",\"itemListElement\":[{\"@type\":\"ListItem\",\"position\":1,\"name\":\"In\u00edcio\",\"item\":\"https:\\\/\\\/jornalboasnoticias.com.br\\\/home\\\/\"},{\"@type\":\"ListItem\",\"position\":2,\"name\":\"Morre em Cascavel o pastor Walter Daniel Raposo, l\u00edder evang\u00e9lico e ex-policial militar\"}]},{\"@type\":\"WebSite\",\"@id\":\"https:\\\/\\\/jornalboasnoticias.com.br\\\/home\\\/#website\",\"url\":\"https:\\\/\\\/jornalboasnoticias.com.br\\\/home\\\/\",\"name\":\"Jornal Boas Not\u00edcias\",\"description\":\"Boas not\u00edcias\",\"publisher\":{\"@id\":\"https:\\\/\\\/jornalboasnoticias.com.br\\\/home\\\/#organization\"},\"potentialAction\":[{\"@type\":\"SearchAction\",\"target\":{\"@type\":\"EntryPoint\",\"urlTemplate\":\"https:\\\/\\\/jornalboasnoticias.com.br\\\/home\\\/?s={search_term_string}\"},\"query-input\":{\"@type\":\"PropertyValueSpecification\",\"valueRequired\":true,\"valueName\":\"search_term_string\"}}],\"inLanguage\":\"pt-BR\"},{\"@type\":\"Organization\",\"@id\":\"https:\\\/\\\/jornalboasnoticias.com.br\\\/home\\\/#organization\",\"name\":\"Coq Editora Ltda\",\"alternateName\":\"Jornal Boas Noticias\",\"url\":\"https:\\\/\\\/jornalboasnoticias.com.br\\\/home\\\/\",\"logo\":{\"@type\":\"ImageObject\",\"inLanguage\":\"pt-BR\",\"@id\":\"https:\\\/\\\/jornalboasnoticias.com.br\\\/home\\\/#\\\/schema\\\/logo\\\/image\\\/\",\"url\":\"https:\\\/\\\/jornalboasnoticias.com.br\\\/home\\\/wp-content\\\/uploads\\\/2024\\\/07\\\/cropped-logo.jpg\",\"contentUrl\":\"https:\\\/\\\/jornalboasnoticias.com.br\\\/home\\\/wp-content\\\/uploads\\\/2024\\\/07\\\/cropped-logo.jpg\",\"width\":290,\"height\":142,\"caption\":\"Coq Editora Ltda\"},\"image\":{\"@id\":\"https:\\\/\\\/jornalboasnoticias.com.br\\\/home\\\/#\\\/schema\\\/logo\\\/image\\\/\"},\"sameAs\":[\"https:\\\/\\\/www.facebook.com\\\/boasnoticiasjornal\"]},{\"@type\":\"Person\",\"@id\":\"https:\\\/\\\/jornalboasnoticias.com.br\\\/home\\\/#\\\/schema\\\/person\\\/75f9ebde398c998c166475fb446bda62\",\"name\":\"Luiz Carlos da Cruz\",\"image\":{\"@type\":\"ImageObject\",\"inLanguage\":\"pt-BR\",\"@id\":\"https:\\\/\\\/secure.gravatar.com\\\/avatar\\\/e6f4f45301b6cb8572f7b076572e8ac11c1db80e805d8c8d0858cf286ce3ac3b?s=96&d=mm&r=g\",\"url\":\"https:\\\/\\\/secure.gravatar.com\\\/avatar\\\/e6f4f45301b6cb8572f7b076572e8ac11c1db80e805d8c8d0858cf286ce3ac3b?s=96&d=mm&r=g\",\"contentUrl\":\"https:\\\/\\\/secure.gravatar.com\\\/avatar\\\/e6f4f45301b6cb8572f7b076572e8ac11c1db80e805d8c8d0858cf286ce3ac3b?s=96&d=mm&r=g\",\"caption\":\"Luiz Carlos da Cruz\"},\"url\":\"https:\\\/\\\/jornalboasnoticias.com.br\\\/home\\\/author\\\/luiz-carlos-da-cruz\\\/\"}]}<\/script>\n<!-- \/ Yoast SEO plugin. -->","yoast_head_json":{"title":"Morre em Cascavel o pastor Walter Daniel Raposo, l\u00edder evang\u00e9lico e ex-policial militar - Jornal","description":"Morre em Cascavel o pastor Walter Daniel Raposo, l\u00edder evang\u00e9lico e ex-policial militar","robots":{"index":"index","follow":"follow","max-snippet":"max-snippet:-1","max-image-preview":"max-image-preview:large","max-video-preview":"max-video-preview:-1"},"canonical":"https:\/\/jornalboasnoticias.com.br\/home\/morre-em-cascavel-o-pastor-walter-daniel-raposo-lider-evangelico-e-ex-policial-militar\/","og_locale":"pt_BR","og_type":"article","og_title":"Morre em Cascavel o pastor Walter Daniel Raposo, l\u00edder evang\u00e9lico e ex-policial militar - Jornal","og_description":"Morre em Cascavel o pastor Walter Daniel Raposo, l\u00edder evang\u00e9lico e ex-policial militar","og_url":"https:\/\/jornalboasnoticias.com.br\/home\/morre-em-cascavel-o-pastor-walter-daniel-raposo-lider-evangelico-e-ex-policial-militar\/","og_site_name":"Jornal","article_publisher":"https:\/\/www.facebook.com\/boasnoticiasjornal","article_published_time":"2025-06-01T21:08:07+00:00","article_modified_time":"2025-06-01T21:14:26+00:00","og_image":[{"width":828,"height":768,"url":"https:\/\/jornalboasnoticias.com.br\/home\/wp-content\/uploads\/2025\/06\/Daniel-Raposo.jpg","type":"image\/jpeg"}],"author":"Luiz Carlos da Cruz","twitter_card":"summary_large_image","twitter_misc":{"Escrito por":"Luiz Carlos da Cruz","Est. tempo de leitura":"2 minutos"},"schema":{"@context":"https:\/\/schema.org","@graph":[{"@type":"Article","@id":"https:\/\/jornalboasnoticias.com.br\/home\/morre-em-cascavel-o-pastor-walter-daniel-raposo-lider-evangelico-e-ex-policial-militar\/#article","isPartOf":{"@id":"https:\/\/jornalboasnoticias.com.br\/home\/morre-em-cascavel-o-pastor-walter-daniel-raposo-lider-evangelico-e-ex-policial-militar\/"},"author":{"name":"Luiz Carlos da Cruz","@id":"https:\/\/jornalboasnoticias.com.br\/home\/#\/schema\/person\/75f9ebde398c998c166475fb446bda62"},"headline":"Morre em Cascavel o pastor Walter Daniel Raposo, l\u00edder evang\u00e9lico e ex-policial militar","datePublished":"2025-06-01T21:08:07+00:00","dateModified":"2025-06-01T21:14:26+00:00","mainEntityOfPage":{"@id":"https:\/\/jornalboasnoticias.com.br\/home\/morre-em-cascavel-o-pastor-walter-daniel-raposo-lider-evangelico-e-ex-policial-militar\/"},"wordCount":285,"commentCount":0,"publisher":{"@id":"https:\/\/jornalboasnoticias.com.br\/home\/#organization"},"image":{"@id":"https:\/\/jornalboasnoticias.com.br\/home\/morre-em-cascavel-o-pastor-walter-daniel-raposo-lider-evangelico-e-ex-policial-militar\/#primaryimage"},"thumbnailUrl":"https:\/\/jornalboasnoticias.com.br\/home\/wp-content\/uploads\/2025\/06\/Daniel-Raposo.jpg","keywords":["Daneil Raposo","Militar"],"articleSection":["CASCAVEL","DESTAQUE"],"inLanguage":"pt-BR","potentialAction":[{"@type":"CommentAction","name":"Comment","target":["https:\/\/jornalboasnoticias.com.br\/home\/morre-em-cascavel-o-pastor-walter-daniel-raposo-lider-evangelico-e-ex-policial-militar\/#respond"]}]},{"@type":"WebPage","@id":"https:\/\/jornalboasnoticias.com.br\/home\/morre-em-cascavel-o-pastor-walter-daniel-raposo-lider-evangelico-e-ex-policial-militar\/","url":"https:\/\/jornalboasnoticias.com.br\/home\/morre-em-cascavel-o-pastor-walter-daniel-raposo-lider-evangelico-e-ex-policial-militar\/","name":"Morre em Cascavel o pastor Walter Daniel Raposo, l\u00edder evang\u00e9lico e ex-policial militar - Jornal","isPartOf":{"@id":"https:\/\/jornalboasnoticias.com.br\/home\/#website"},"primaryImageOfPage":{"@id":"https:\/\/jornalboasnoticias.com.br\/home\/morre-em-cascavel-o-pastor-walter-daniel-raposo-lider-evangelico-e-ex-policial-militar\/#primaryimage"},"image":{"@id":"https:\/\/jornalboasnoticias.com.br\/home\/morre-em-cascavel-o-pastor-walter-daniel-raposo-lider-evangelico-e-ex-policial-militar\/#primaryimage"},"thumbnailUrl":"https:\/\/jornalboasnoticias.com.br\/home\/wp-content\/uploads\/2025\/06\/Daniel-Raposo.jpg","datePublished":"2025-06-01T21:08:07+00:00","dateModified":"2025-06-01T21:14:26+00:00","description":"Morre em Cascavel o pastor Walter Daniel Raposo, l\u00edder evang\u00e9lico e ex-policial militar","breadcrumb":{"@id":"https:\/\/jornalboasnoticias.com.br\/home\/morre-em-cascavel-o-pastor-walter-daniel-raposo-lider-evangelico-e-ex-policial-militar\/#breadcrumb"},"inLanguage":"pt-BR","potentialAction":[{"@type":"ReadAction","target":["https:\/\/jornalboasnoticias.com.br\/home\/morre-em-cascavel-o-pastor-walter-daniel-raposo-lider-evangelico-e-ex-policial-militar\/"]}]},{"@type":"ImageObject","inLanguage":"pt-BR","@id":"https:\/\/jornalboasnoticias.com.br\/home\/morre-em-cascavel-o-pastor-walter-daniel-raposo-lider-evangelico-e-ex-policial-militar\/#primaryimage","url":"https:\/\/jornalboasnoticias.com.br\/home\/wp-content\/uploads\/2025\/06\/Daniel-Raposo.jpg","contentUrl":"https:\/\/jornalboasnoticias.com.br\/home\/wp-content\/uploads\/2025\/06\/Daniel-Raposo.jpg","width":828,"height":768},{"@type":"BreadcrumbList","@id":"https:\/\/jornalboasnoticias.com.br\/home\/morre-em-cascavel-o-pastor-walter-daniel-raposo-lider-evangelico-e-ex-policial-militar\/#breadcrumb","itemListElement":[{"@type":"ListItem","position":1,"name":"In\u00edcio","item":"https:\/\/jornalboasnoticias.com.br\/home\/"},{"@type":"ListItem","position":2,"name":"Morre em Cascavel o pastor Walter Daniel Raposo, l\u00edder evang\u00e9lico e ex-policial militar"}]},{"@type":"WebSite","@id":"https:\/\/jornalboasnoticias.com.br\/home\/#website","url":"https:\/\/jornalboasnoticias.com.br\/home\/","name":"Jornal Boas Not\u00edcias","description":"Boas not\u00edcias","publisher":{"@id":"https:\/\/jornalboasnoticias.com.br\/home\/#organization"},"potentialAction":[{"@type":"SearchAction","target":{"@type":"EntryPoint","urlTemplate":"https:\/\/jornalboasnoticias.com.br\/home\/?s={search_term_string}"},"query-input":{"@type":"PropertyValueSpecification","valueRequired":true,"valueName":"search_term_string"}}],"inLanguage":"pt-BR"},{"@type":"Organization","@id":"https:\/\/jornalboasnoticias.com.br\/home\/#organization","name":"Coq Editora Ltda","alternateName":"Jornal Boas Noticias","url":"https:\/\/jornalboasnoticias.com.br\/home\/","logo":{"@type":"ImageObject","inLanguage":"pt-BR","@id":"https:\/\/jornalboasnoticias.com.br\/home\/#\/schema\/logo\/image\/","url":"https:\/\/jornalboasnoticias.com.br\/home\/wp-content\/uploads\/2024\/07\/cropped-logo.jpg","contentUrl":"https:\/\/jornalboasnoticias.com.br\/home\/wp-content\/uploads\/2024\/07\/cropped-logo.jpg","width":290,"height":142,"caption":"Coq Editora Ltda"},"image":{"@id":"https:\/\/jornalboasnoticias.com.br\/home\/#\/schema\/logo\/image\/"},"sameAs":["https:\/\/www.facebook.com\/boasnoticiasjornal"]},{"@type":"Person","@id":"https:\/\/jornalboasnoticias.com.br\/home\/#\/schema\/person\/75f9ebde398c998c166475fb446bda62","name":"Luiz Carlos da Cruz","image":{"@type":"ImageObject","inLanguage":"pt-BR","@id":"https:\/\/secure.gravatar.com\/avatar\/e6f4f45301b6cb8572f7b076572e8ac11c1db80e805d8c8d0858cf286ce3ac3b?s=96&d=mm&r=g","url":"https:\/\/secure.gravatar.com\/avatar\/e6f4f45301b6cb8572f7b076572e8ac11c1db80e805d8c8d0858cf286ce3ac3b?s=96&d=mm&r=g","contentUrl":"https:\/\/secure.gravatar.com\/avatar\/e6f4f45301b6cb8572f7b076572e8ac11c1db80e805d8c8d0858cf286ce3ac3b?s=96&d=mm&r=g","caption":"Luiz Carlos da Cruz"},"url":"https:\/\/jornalboasnoticias.com.br\/home\/author\/luiz-carlos-da-cruz\/"}]}},"_links":{"self":[{"href":"https:\/\/jornalboasnoticias.com.br\/home\/wp-json\/wp\/v2\/posts\/46317","targetHints":{"allow":["GET"]}}],"collection":[{"href":"https:\/\/jornalboasnoticias.com.br\/home\/wp-json\/wp\/v2\/posts"}],"about":[{"href":"https:\/\/jornalboasnoticias.com.br\/home\/wp-json\/wp\/v2\/types\/post"}],"author":[{"embeddable":true,"href":"https:\/\/jornalboasnoticias.com.br\/home\/wp-json\/wp\/v2\/users\/3"}],"replies":[{"embeddable":true,"href":"https:\/\/jornalboasnoticias.com.br\/home\/wp-json\/wp\/v2\/comments?post=46317"}],"version-history":[{"count":2,"href":"https:\/\/jornalboasnoticias.com.br\/home\/wp-json\/wp\/v2\/posts\/46317\/revisions"}],"predecessor-version":[{"id":46321,"href":"https:\/\/jornalboasnoticias.com.br\/home\/wp-json\/wp\/v2\/posts\/46317\/revisions\/46321"}],"wp:featuredmedia":[{"embeddable":true,"href":"https:\/\/jornalboasnoticias.com.br\/home\/wp-json\/wp\/v2\/media\/46318"}],"wp:attachment":[{"href":"https:\/\/jornalboasnoticias.com.br\/home\/wp-json\/wp\/v2\/media?parent=46317"}],"wp:term":[{"taxonomy":"category","embeddable":true,"href":"https:\/\/jornalboasnoticias.com.br\/home\/wp-json\/wp\/v2\/categories?post=46317"},{"taxonomy":"post_tag","embeddable":true,"href":"https:\/\/jornalboasnoticias.com.br\/home\/wp-json\/wp\/v2\/tags?post=46317"}],"curies":[{"name":"wp","href":"https:\/\/api.w.org\/{rel}","templated":true}]}}