{"id":46313,"date":"2025-05-24T01:54:14","date_gmt":"2025-05-24T01:54:14","guid":{"rendered":"https:\/\/jornalboasnoticias.com.br\/home\/?p=46313"},"modified":"2025-05-24T01:54:14","modified_gmt":"2025-05-24T01:54:14","slug":"vereador-apresenta-projeto-que-preve-multa-por-desrespeito-a-simbolos-religiosos","status":"publish","type":"post","link":"https:\/\/jornalboasnoticias.com.br\/home\/vereador-apresenta-projeto-que-preve-multa-por-desrespeito-a-simbolos-religiosos\/","title":{"rendered":"Vereador apresenta projeto que prev\u00ea multa por desrespeito a s\u00edmbolos religiosos"},"content":{"rendered":"<figure id=\"attachment_46314\" aria-describedby=\"caption-attachment-46314\" style=\"width: 2560px\" class=\"wp-caption alignnone\"><img loading=\"lazy\" decoding=\"async\" class=\"wp-image-46314 size-full\" src=\"https:\/\/jornalboasnoticias.com.br\/home\/wp-content\/uploads\/2025\/05\/11-scaled.jpg\" alt=\"\" width=\"2560\" height=\"1878\" srcset=\"https:\/\/jornalboasnoticias.com.br\/home\/wp-content\/uploads\/2025\/05\/11-scaled.jpg 2560w, https:\/\/jornalboasnoticias.com.br\/home\/wp-content\/uploads\/2025\/05\/11-300x220.jpg 300w, https:\/\/jornalboasnoticias.com.br\/home\/wp-content\/uploads\/2025\/05\/11-1024x751.jpg 1024w, https:\/\/jornalboasnoticias.com.br\/home\/wp-content\/uploads\/2025\/05\/11-768x563.jpg 768w, https:\/\/jornalboasnoticias.com.br\/home\/wp-content\/uploads\/2025\/05\/11-1536x1127.jpg 1536w, https:\/\/jornalboasnoticias.com.br\/home\/wp-content\/uploads\/2025\/05\/11-2048x1503.jpg 2048w\" sizes=\"auto, (max-width: 2560px) 100vw, 2560px\" \/><figcaption id=\"caption-attachment-46314\" class=\"wp-caption-text\">Foto: Flavio Ulsenheimer<\/figcaption><\/figure>\n<p>O vereador F\u00e3o do Bolsonaro (PL) protocolou na C\u00e2mara de Cascavel o Projeto de Lei n\u00ba 63\/2025, que estabelece penalidades administrativas para pessoas f\u00edsicas e institui\u00e7\u00f5es que praticarem atos de esc\u00e1rnio ou vilip\u00eandio contra s\u00edmbolos e objetos de culto religioso.<\/p>\n<p>O projeto prop\u00f5e multas de 27 Unidades Fiscais do Munic\u00edpio (UFMs) para pessoas f\u00edsicas e de 54 UFMs para institui\u00e7\u00f5es, em caso de desrespeito a s\u00edmbolos religiosos. Em situa\u00e7\u00f5es de reincid\u00eancia, a penalidade poder\u00e1 ser dobrada e incluir a suspens\u00e3o ou cancelamento de alvar\u00e1s e licen\u00e7as municipais.<\/p>\n<p>A proposta se baseia no artigo 208 do C\u00f3digo Penal Brasileiro, que j\u00e1 criminaliza tais pr\u00e1ticas, mas o vereador justifica que \u00e9 necess\u00e1rio um refor\u00e7o em \u00e2mbito municipal para aumentar o car\u00e1ter preventivo e educativo da legisla\u00e7\u00e3o.<\/p>\n<p>A iniciativa surgiu ap\u00f3s epis\u00f3dios de grande repercuss\u00e3o, como o caso ocorrido em um bloco de pr\u00e9-carnaval em Porto Alegre, onde uma performance considerada ofensiva \u00e0 f\u00e9 crist\u00e3 gerou indigna\u00e7\u00e3o entre fi\u00e9is. \u201cO objetivo n\u00e3o \u00e9 censurar, mas garantir que o respeito \u00e0s diferentes manifesta\u00e7\u00f5es de f\u00e9 seja preservado em nossa cidade\u201d, afirmou o vereador F\u00e3o do Bolsonaro.<\/p>\n<p>O projeto ainda aguarda tramita\u00e7\u00e3o nas comiss\u00f5es da C\u00e2mara para em seguida ser colocado em vota\u00e7\u00e3o no plen\u00e1rio.<\/p>\n<p><strong>Assessoria\/ vereador F\u00e3o do Bolsonaro<\/strong><\/p>\n","protected":false},"excerpt":{"rendered":"<p>O vereador F\u00e3o do Bolsonaro (PL) protocolou na C\u00e2mara de Cascavel o Projeto de Lei<\/p>\n","protected":false},"author":3,"featured_media":46314,"comment_status":"open","ping_status":"open","sticky":false,"template":"","format":"standard","meta":{"footnotes":""},"categories":[3,96],"tags":[],"class_list":["post-46313","post","type-post","status-publish","format-standard","has-post-thumbnail","hentry","category-destaques","category-politica"],"yoast_head":"<!-- This site is optimized with the Yoast SEO plugin v27.5 - https:\/\/yoast.com\/product\/yoast-seo-wordpress\/ -->\n<title>Vereador apresenta projeto que prev\u00ea multa por desrespeito a s\u00edmbolos religiosos - Jornal<\/title>\n<meta name=\"description\" content=\"Vereador apresenta projeto que prev\u00ea multa por desrespeito a s\u00edmbolos religiosos\" \/>\n<meta name=\"robots\" content=\"index, follow, max-snippet:-1, max-image-preview:large, max-video-preview:-1\" \/>\n<link rel=\"canonical\" href=\"https:\/\/jornalboasnoticias.com.br\/home\/vereador-apresenta-projeto-que-preve-multa-por-desrespeito-a-simbolos-religiosos\/\" \/>\n<meta property=\"og:locale\" content=\"pt_BR\" \/>\n<meta property=\"og:type\" content=\"article\" \/>\n<meta property=\"og:title\" content=\"Vereador apresenta projeto que prev\u00ea multa por desrespeito a s\u00edmbolos religiosos - Jornal\" \/>\n<meta property=\"og:description\" content=\"Vereador apresenta projeto que prev\u00ea multa por desrespeito a s\u00edmbolos religiosos\" \/>\n<meta property=\"og:url\" content=\"https:\/\/jornalboasnoticias.com.br\/home\/vereador-apresenta-projeto-que-preve-multa-por-desrespeito-a-simbolos-religiosos\/\" \/>\n<meta property=\"og:site_name\" content=\"Jornal\" \/>\n<meta property=\"article:publisher\" content=\"https:\/\/www.facebook.com\/boasnoticiasjornal\" \/>\n<meta property=\"article:published_time\" content=\"2025-05-24T01:54:14+00:00\" \/>\n<meta property=\"og:image\" content=\"https:\/\/jornalboasnoticias.com.br\/home\/wp-content\/uploads\/2025\/05\/11-scaled.jpg\" \/>\n\t<meta property=\"og:image:width\" content=\"2560\" \/>\n\t<meta property=\"og:image:height\" content=\"1878\" \/>\n\t<meta property=\"og:image:type\" content=\"image\/jpeg\" \/>\n<meta name=\"author\" content=\"Luiz Carlos da Cruz\" \/>\n<meta name=\"twitter:card\" content=\"summary_large_image\" \/>\n<meta name=\"twitter:label1\" content=\"Escrito por\" \/>\n\t<meta name=\"twitter:data1\" content=\"Luiz Carlos da Cruz\" \/>\n\t<meta name=\"twitter:label2\" content=\"Est. tempo de leitura\" \/>\n\t<meta name=\"twitter:data2\" content=\"2 minutos\" \/>\n<script type=\"application\/ld+json\" class=\"yoast-schema-graph\">{\"@context\":\"https:\\\/\\\/schema.org\",\"@graph\":[{\"@type\":\"Article\",\"@id\":\"https:\\\/\\\/jornalboasnoticias.com.br\\\/home\\\/vereador-apresenta-projeto-que-preve-multa-por-desrespeito-a-simbolos-religiosos\\\/#article\",\"isPartOf\":{\"@id\":\"https:\\\/\\\/jornalboasnoticias.com.br\\\/home\\\/vereador-apresenta-projeto-que-preve-multa-por-desrespeito-a-simbolos-religiosos\\\/\"},\"author\":{\"name\":\"Luiz Carlos da Cruz\",\"@id\":\"https:\\\/\\\/jornalboasnoticias.com.br\\\/home\\\/#\\\/schema\\\/person\\\/75f9ebde398c998c166475fb446bda62\"},\"headline\":\"Vereador apresenta projeto que prev\u00ea multa por desrespeito a s\u00edmbolos religiosos\",\"datePublished\":\"2025-05-24T01:54:14+00:00\",\"mainEntityOfPage\":{\"@id\":\"https:\\\/\\\/jornalboasnoticias.com.br\\\/home\\\/vereador-apresenta-projeto-que-preve-multa-por-desrespeito-a-simbolos-religiosos\\\/\"},\"wordCount\":258,\"commentCount\":0,\"publisher\":{\"@id\":\"https:\\\/\\\/jornalboasnoticias.com.br\\\/home\\\/#organization\"},\"image\":{\"@id\":\"https:\\\/\\\/jornalboasnoticias.com.br\\\/home\\\/vereador-apresenta-projeto-que-preve-multa-por-desrespeito-a-simbolos-religiosos\\\/#primaryimage\"},\"thumbnailUrl\":\"https:\\\/\\\/jornalboasnoticias.com.br\\\/home\\\/wp-content\\\/uploads\\\/2025\\\/05\\\/11-scaled.jpg\",\"articleSection\":[\"DESTAQUE\",\"POL\u00cdTICA\"],\"inLanguage\":\"pt-BR\",\"potentialAction\":[{\"@type\":\"CommentAction\",\"name\":\"Comment\",\"target\":[\"https:\\\/\\\/jornalboasnoticias.com.br\\\/home\\\/vereador-apresenta-projeto-que-preve-multa-por-desrespeito-a-simbolos-religiosos\\\/#respond\"]}]},{\"@type\":\"WebPage\",\"@id\":\"https:\\\/\\\/jornalboasnoticias.com.br\\\/home\\\/vereador-apresenta-projeto-que-preve-multa-por-desrespeito-a-simbolos-religiosos\\\/\",\"url\":\"https:\\\/\\\/jornalboasnoticias.com.br\\\/home\\\/vereador-apresenta-projeto-que-preve-multa-por-desrespeito-a-simbolos-religiosos\\\/\",\"name\":\"Vereador apresenta projeto que prev\u00ea multa por desrespeito a s\u00edmbolos religiosos - Jornal\",\"isPartOf\":{\"@id\":\"https:\\\/\\\/jornalboasnoticias.com.br\\\/home\\\/#website\"},\"primaryImageOfPage\":{\"@id\":\"https:\\\/\\\/jornalboasnoticias.com.br\\\/home\\\/vereador-apresenta-projeto-que-preve-multa-por-desrespeito-a-simbolos-religiosos\\\/#primaryimage\"},\"image\":{\"@id\":\"https:\\\/\\\/jornalboasnoticias.com.br\\\/home\\\/vereador-apresenta-projeto-que-preve-multa-por-desrespeito-a-simbolos-religiosos\\\/#primaryimage\"},\"thumbnailUrl\":\"https:\\\/\\\/jornalboasnoticias.com.br\\\/home\\\/wp-content\\\/uploads\\\/2025\\\/05\\\/11-scaled.jpg\",\"datePublished\":\"2025-05-24T01:54:14+00:00\",\"description\":\"Vereador apresenta projeto que prev\u00ea multa por desrespeito a s\u00edmbolos religiosos\",\"breadcrumb\":{\"@id\":\"https:\\\/\\\/jornalboasnoticias.com.br\\\/home\\\/vereador-apresenta-projeto-que-preve-multa-por-desrespeito-a-simbolos-religiosos\\\/#breadcrumb\"},\"inLanguage\":\"pt-BR\",\"potentialAction\":[{\"@type\":\"ReadAction\",\"target\":[\"https:\\\/\\\/jornalboasnoticias.com.br\\\/home\\\/vereador-apresenta-projeto-que-preve-multa-por-desrespeito-a-simbolos-religiosos\\\/\"]}]},{\"@type\":\"ImageObject\",\"inLanguage\":\"pt-BR\",\"@id\":\"https:\\\/\\\/jornalboasnoticias.com.br\\\/home\\\/vereador-apresenta-projeto-que-preve-multa-por-desrespeito-a-simbolos-religiosos\\\/#primaryimage\",\"url\":\"https:\\\/\\\/jornalboasnoticias.com.br\\\/home\\\/wp-content\\\/uploads\\\/2025\\\/05\\\/11-scaled.jpg\",\"contentUrl\":\"https:\\\/\\\/jornalboasnoticias.com.br\\\/home\\\/wp-content\\\/uploads\\\/2025\\\/05\\\/11-scaled.jpg\",\"width\":2560,\"height\":1878},{\"@type\":\"BreadcrumbList\",\"@id\":\"https:\\\/\\\/jornalboasnoticias.com.br\\\/home\\\/vereador-apresenta-projeto-que-preve-multa-por-desrespeito-a-simbolos-religiosos\\\/#breadcrumb\",\"itemListElement\":[{\"@type\":\"ListItem\",\"position\":1,\"name\":\"In\u00edcio\",\"item\":\"https:\\\/\\\/jornalboasnoticias.com.br\\\/home\\\/\"},{\"@type\":\"ListItem\",\"position\":2,\"name\":\"Vereador apresenta projeto que prev\u00ea multa por desrespeito a s\u00edmbolos religiosos\"}]},{\"@type\":\"WebSite\",\"@id\":\"https:\\\/\\\/jornalboasnoticias.com.br\\\/home\\\/#website\",\"url\":\"https:\\\/\\\/jornalboasnoticias.com.br\\\/home\\\/\",\"name\":\"Jornal Boas Not\u00edcias\",\"description\":\"Boas not\u00edcias\",\"publisher\":{\"@id\":\"https:\\\/\\\/jornalboasnoticias.com.br\\\/home\\\/#organization\"},\"potentialAction\":[{\"@type\":\"SearchAction\",\"target\":{\"@type\":\"EntryPoint\",\"urlTemplate\":\"https:\\\/\\\/jornalboasnoticias.com.br\\\/home\\\/?s={search_term_string}\"},\"query-input\":{\"@type\":\"PropertyValueSpecification\",\"valueRequired\":true,\"valueName\":\"search_term_string\"}}],\"inLanguage\":\"pt-BR\"},{\"@type\":\"Organization\",\"@id\":\"https:\\\/\\\/jornalboasnoticias.com.br\\\/home\\\/#organization\",\"name\":\"Coq Editora Ltda\",\"alternateName\":\"Jornal Boas Noticias\",\"url\":\"https:\\\/\\\/jornalboasnoticias.com.br\\\/home\\\/\",\"logo\":{\"@type\":\"ImageObject\",\"inLanguage\":\"pt-BR\",\"@id\":\"https:\\\/\\\/jornalboasnoticias.com.br\\\/home\\\/#\\\/schema\\\/logo\\\/image\\\/\",\"url\":\"https:\\\/\\\/jornalboasnoticias.com.br\\\/home\\\/wp-content\\\/uploads\\\/2024\\\/07\\\/cropped-logo.jpg\",\"contentUrl\":\"https:\\\/\\\/jornalboasnoticias.com.br\\\/home\\\/wp-content\\\/uploads\\\/2024\\\/07\\\/cropped-logo.jpg\",\"width\":290,\"height\":142,\"caption\":\"Coq Editora Ltda\"},\"image\":{\"@id\":\"https:\\\/\\\/jornalboasnoticias.com.br\\\/home\\\/#\\\/schema\\\/logo\\\/image\\\/\"},\"sameAs\":[\"https:\\\/\\\/www.facebook.com\\\/boasnoticiasjornal\"]},{\"@type\":\"Person\",\"@id\":\"https:\\\/\\\/jornalboasnoticias.com.br\\\/home\\\/#\\\/schema\\\/person\\\/75f9ebde398c998c166475fb446bda62\",\"name\":\"Luiz Carlos da Cruz\",\"image\":{\"@type\":\"ImageObject\",\"inLanguage\":\"pt-BR\",\"@id\":\"https:\\\/\\\/secure.gravatar.com\\\/avatar\\\/e6f4f45301b6cb8572f7b076572e8ac11c1db80e805d8c8d0858cf286ce3ac3b?s=96&d=mm&r=g\",\"url\":\"https:\\\/\\\/secure.gravatar.com\\\/avatar\\\/e6f4f45301b6cb8572f7b076572e8ac11c1db80e805d8c8d0858cf286ce3ac3b?s=96&d=mm&r=g\",\"contentUrl\":\"https:\\\/\\\/secure.gravatar.com\\\/avatar\\\/e6f4f45301b6cb8572f7b076572e8ac11c1db80e805d8c8d0858cf286ce3ac3b?s=96&d=mm&r=g\",\"caption\":\"Luiz Carlos da Cruz\"},\"url\":\"https:\\\/\\\/jornalboasnoticias.com.br\\\/home\\\/author\\\/luiz-carlos-da-cruz\\\/\"}]}<\/script>\n<!-- \/ Yoast SEO plugin. -->","yoast_head_json":{"title":"Vereador apresenta projeto que prev\u00ea multa por desrespeito a s\u00edmbolos religiosos - Jornal","description":"Vereador apresenta projeto que prev\u00ea multa por desrespeito a s\u00edmbolos religiosos","robots":{"index":"index","follow":"follow","max-snippet":"max-snippet:-1","max-image-preview":"max-image-preview:large","max-video-preview":"max-video-preview:-1"},"canonical":"https:\/\/jornalboasnoticias.com.br\/home\/vereador-apresenta-projeto-que-preve-multa-por-desrespeito-a-simbolos-religiosos\/","og_locale":"pt_BR","og_type":"article","og_title":"Vereador apresenta projeto que prev\u00ea multa por desrespeito a s\u00edmbolos religiosos - Jornal","og_description":"Vereador apresenta projeto que prev\u00ea multa por desrespeito a s\u00edmbolos religiosos","og_url":"https:\/\/jornalboasnoticias.com.br\/home\/vereador-apresenta-projeto-que-preve-multa-por-desrespeito-a-simbolos-religiosos\/","og_site_name":"Jornal","article_publisher":"https:\/\/www.facebook.com\/boasnoticiasjornal","article_published_time":"2025-05-24T01:54:14+00:00","og_image":[{"width":2560,"height":1878,"url":"https:\/\/jornalboasnoticias.com.br\/home\/wp-content\/uploads\/2025\/05\/11-scaled.jpg","type":"image\/jpeg"}],"author":"Luiz Carlos da Cruz","twitter_card":"summary_large_image","twitter_misc":{"Escrito por":"Luiz Carlos da Cruz","Est. tempo de leitura":"2 minutos"},"schema":{"@context":"https:\/\/schema.org","@graph":[{"@type":"Article","@id":"https:\/\/jornalboasnoticias.com.br\/home\/vereador-apresenta-projeto-que-preve-multa-por-desrespeito-a-simbolos-religiosos\/#article","isPartOf":{"@id":"https:\/\/jornalboasnoticias.com.br\/home\/vereador-apresenta-projeto-que-preve-multa-por-desrespeito-a-simbolos-religiosos\/"},"author":{"name":"Luiz Carlos da Cruz","@id":"https:\/\/jornalboasnoticias.com.br\/home\/#\/schema\/person\/75f9ebde398c998c166475fb446bda62"},"headline":"Vereador apresenta projeto que prev\u00ea multa por desrespeito a s\u00edmbolos religiosos","datePublished":"2025-05-24T01:54:14+00:00","mainEntityOfPage":{"@id":"https:\/\/jornalboasnoticias.com.br\/home\/vereador-apresenta-projeto-que-preve-multa-por-desrespeito-a-simbolos-religiosos\/"},"wordCount":258,"commentCount":0,"publisher":{"@id":"https:\/\/jornalboasnoticias.com.br\/home\/#organization"},"image":{"@id":"https:\/\/jornalboasnoticias.com.br\/home\/vereador-apresenta-projeto-que-preve-multa-por-desrespeito-a-simbolos-religiosos\/#primaryimage"},"thumbnailUrl":"https:\/\/jornalboasnoticias.com.br\/home\/wp-content\/uploads\/2025\/05\/11-scaled.jpg","articleSection":["DESTAQUE","POL\u00cdTICA"],"inLanguage":"pt-BR","potentialAction":[{"@type":"CommentAction","name":"Comment","target":["https:\/\/jornalboasnoticias.com.br\/home\/vereador-apresenta-projeto-que-preve-multa-por-desrespeito-a-simbolos-religiosos\/#respond"]}]},{"@type":"WebPage","@id":"https:\/\/jornalboasnoticias.com.br\/home\/vereador-apresenta-projeto-que-preve-multa-por-desrespeito-a-simbolos-religiosos\/","url":"https:\/\/jornalboasnoticias.com.br\/home\/vereador-apresenta-projeto-que-preve-multa-por-desrespeito-a-simbolos-religiosos\/","name":"Vereador apresenta projeto que prev\u00ea multa por desrespeito a s\u00edmbolos religiosos - Jornal","isPartOf":{"@id":"https:\/\/jornalboasnoticias.com.br\/home\/#website"},"primaryImageOfPage":{"@id":"https:\/\/jornalboasnoticias.com.br\/home\/vereador-apresenta-projeto-que-preve-multa-por-desrespeito-a-simbolos-religiosos\/#primaryimage"},"image":{"@id":"https:\/\/jornalboasnoticias.com.br\/home\/vereador-apresenta-projeto-que-preve-multa-por-desrespeito-a-simbolos-religiosos\/#primaryimage"},"thumbnailUrl":"https:\/\/jornalboasnoticias.com.br\/home\/wp-content\/uploads\/2025\/05\/11-scaled.jpg","datePublished":"2025-05-24T01:54:14+00:00","description":"Vereador apresenta projeto que prev\u00ea multa por desrespeito a s\u00edmbolos religiosos","breadcrumb":{"@id":"https:\/\/jornalboasnoticias.com.br\/home\/vereador-apresenta-projeto-que-preve-multa-por-desrespeito-a-simbolos-religiosos\/#breadcrumb"},"inLanguage":"pt-BR","potentialAction":[{"@type":"ReadAction","target":["https:\/\/jornalboasnoticias.com.br\/home\/vereador-apresenta-projeto-que-preve-multa-por-desrespeito-a-simbolos-religiosos\/"]}]},{"@type":"ImageObject","inLanguage":"pt-BR","@id":"https:\/\/jornalboasnoticias.com.br\/home\/vereador-apresenta-projeto-que-preve-multa-por-desrespeito-a-simbolos-religiosos\/#primaryimage","url":"https:\/\/jornalboasnoticias.com.br\/home\/wp-content\/uploads\/2025\/05\/11-scaled.jpg","contentUrl":"https:\/\/jornalboasnoticias.com.br\/home\/wp-content\/uploads\/2025\/05\/11-scaled.jpg","width":2560,"height":1878},{"@type":"BreadcrumbList","@id":"https:\/\/jornalboasnoticias.com.br\/home\/vereador-apresenta-projeto-que-preve-multa-por-desrespeito-a-simbolos-religiosos\/#breadcrumb","itemListElement":[{"@type":"ListItem","position":1,"name":"In\u00edcio","item":"https:\/\/jornalboasnoticias.com.br\/home\/"},{"@type":"ListItem","position":2,"name":"Vereador apresenta projeto que prev\u00ea multa por desrespeito a s\u00edmbolos religiosos"}]},{"@type":"WebSite","@id":"https:\/\/jornalboasnoticias.com.br\/home\/#website","url":"https:\/\/jornalboasnoticias.com.br\/home\/","name":"Jornal Boas Not\u00edcias","description":"Boas not\u00edcias","publisher":{"@id":"https:\/\/jornalboasnoticias.com.br\/home\/#organization"},"potentialAction":[{"@type":"SearchAction","target":{"@type":"EntryPoint","urlTemplate":"https:\/\/jornalboasnoticias.com.br\/home\/?s={search_term_string}"},"query-input":{"@type":"PropertyValueSpecification","valueRequired":true,"valueName":"search_term_string"}}],"inLanguage":"pt-BR"},{"@type":"Organization","@id":"https:\/\/jornalboasnoticias.com.br\/home\/#organization","name":"Coq Editora Ltda","alternateName":"Jornal Boas Noticias","url":"https:\/\/jornalboasnoticias.com.br\/home\/","logo":{"@type":"ImageObject","inLanguage":"pt-BR","@id":"https:\/\/jornalboasnoticias.com.br\/home\/#\/schema\/logo\/image\/","url":"https:\/\/jornalboasnoticias.com.br\/home\/wp-content\/uploads\/2024\/07\/cropped-logo.jpg","contentUrl":"https:\/\/jornalboasnoticias.com.br\/home\/wp-content\/uploads\/2024\/07\/cropped-logo.jpg","width":290,"height":142,"caption":"Coq Editora Ltda"},"image":{"@id":"https:\/\/jornalboasnoticias.com.br\/home\/#\/schema\/logo\/image\/"},"sameAs":["https:\/\/www.facebook.com\/boasnoticiasjornal"]},{"@type":"Person","@id":"https:\/\/jornalboasnoticias.com.br\/home\/#\/schema\/person\/75f9ebde398c998c166475fb446bda62","name":"Luiz Carlos da Cruz","image":{"@type":"ImageObject","inLanguage":"pt-BR","@id":"https:\/\/secure.gravatar.com\/avatar\/e6f4f45301b6cb8572f7b076572e8ac11c1db80e805d8c8d0858cf286ce3ac3b?s=96&d=mm&r=g","url":"https:\/\/secure.gravatar.com\/avatar\/e6f4f45301b6cb8572f7b076572e8ac11c1db80e805d8c8d0858cf286ce3ac3b?s=96&d=mm&r=g","contentUrl":"https:\/\/secure.gravatar.com\/avatar\/e6f4f45301b6cb8572f7b076572e8ac11c1db80e805d8c8d0858cf286ce3ac3b?s=96&d=mm&r=g","caption":"Luiz Carlos da Cruz"},"url":"https:\/\/jornalboasnoticias.com.br\/home\/author\/luiz-carlos-da-cruz\/"}]}},"_links":{"self":[{"href":"https:\/\/jornalboasnoticias.com.br\/home\/wp-json\/wp\/v2\/posts\/46313","targetHints":{"allow":["GET"]}}],"collection":[{"href":"https:\/\/jornalboasnoticias.com.br\/home\/wp-json\/wp\/v2\/posts"}],"about":[{"href":"https:\/\/jornalboasnoticias.com.br\/home\/wp-json\/wp\/v2\/types\/post"}],"author":[{"embeddable":true,"href":"https:\/\/jornalboasnoticias.com.br\/home\/wp-json\/wp\/v2\/users\/3"}],"replies":[{"embeddable":true,"href":"https:\/\/jornalboasnoticias.com.br\/home\/wp-json\/wp\/v2\/comments?post=46313"}],"version-history":[{"count":1,"href":"https:\/\/jornalboasnoticias.com.br\/home\/wp-json\/wp\/v2\/posts\/46313\/revisions"}],"predecessor-version":[{"id":46315,"href":"https:\/\/jornalboasnoticias.com.br\/home\/wp-json\/wp\/v2\/posts\/46313\/revisions\/46315"}],"wp:featuredmedia":[{"embeddable":true,"href":"https:\/\/jornalboasnoticias.com.br\/home\/wp-json\/wp\/v2\/media\/46314"}],"wp:attachment":[{"href":"https:\/\/jornalboasnoticias.com.br\/home\/wp-json\/wp\/v2\/media?parent=46313"}],"wp:term":[{"taxonomy":"category","embeddable":true,"href":"https:\/\/jornalboasnoticias.com.br\/home\/wp-json\/wp\/v2\/categories?post=46313"},{"taxonomy":"post_tag","embeddable":true,"href":"https:\/\/jornalboasnoticias.com.br\/home\/wp-json\/wp\/v2\/tags?post=46313"}],"curies":[{"name":"wp","href":"https:\/\/api.w.org\/{rel}","templated":true}]}}