{"id":46285,"date":"2025-04-26T00:47:15","date_gmt":"2025-04-26T00:47:15","guid":{"rendered":"https:\/\/jornalboasnoticias.com.br\/home\/?p=46285"},"modified":"2025-04-26T00:49:03","modified_gmt":"2025-04-26T00:49:03","slug":"bolsonaro-esta-sob-remedios-que-causam-alteracao-mental-diz-silas-malafaia","status":"publish","type":"post","link":"https:\/\/jornalboasnoticias.com.br\/home\/bolsonaro-esta-sob-remedios-que-causam-alteracao-mental-diz-silas-malafaia\/","title":{"rendered":"Bolsonaro est\u00e1 sob rem\u00e9dios que causam altera\u00e7\u00e3o mental, diz Silas Malafaia"},"content":{"rendered":"<p data-sourcepos=\"3:1-3:332\"><img loading=\"lazy\" decoding=\"async\" class=\"alignnone size-full wp-image-46286\" src=\"https:\/\/jornalboasnoticias.com.br\/home\/wp-content\/uploads\/2025\/04\/7.jpg\" alt=\"\" width=\"800\" height=\"467\" srcset=\"https:\/\/jornalboasnoticias.com.br\/home\/wp-content\/uploads\/2025\/04\/7.jpg 800w, https:\/\/jornalboasnoticias.com.br\/home\/wp-content\/uploads\/2025\/04\/7-300x175.jpg 300w, https:\/\/jornalboasnoticias.com.br\/home\/wp-content\/uploads\/2025\/04\/7-768x448.jpg 768w\" sizes=\"auto, (max-width: 800px) 100vw, 800px\" \/><\/p>\n<p data-sourcepos=\"3:1-3:332\"><span class=\"citation-0 recitation citation-end-0\">O pastor Silas Malafaia declarou nesta quarta-feira (23) que o ex-presidente Jair Bolsonaro est\u00e1 sob efeito de medicamentos que causam &#8220;varia\u00e7\u00e3o mental&#8221;.<\/span> <span class=\"citation-1 recitation citation-end-1\">A afirma\u00e7\u00e3o foi feita ap\u00f3s uma visita de Malafaia a Bolsonaro na Unidade de Terapia Intensiva (UTI) do Hospital DF Star, em Bras\u00edlia.<\/span><span class=\"button-container hide-from-message-actions ng-star-inserted\"> \u00a0<\/span><\/p>\n<p data-sourcepos=\"5:1-5:344\"><span class=\"citation-2 recitation citation-end-2\">A declara\u00e7\u00e3o do pastor veio em meio a cr\u00edticas \u00e0 decis\u00e3o do Supremo Tribunal Federal (STF) de intimar Bolsonaro enquanto ele est\u00e1 internado.<\/span> O ex-presidente, que se tornou r\u00e9u por suposta participa\u00e7\u00e3o em uma tentativa de golpe para impedir a posse do presidente Luiz In\u00e1cio Lula da Silva (PT), assinou a intima\u00e7\u00e3o no quarto da UTI.<span class=\"button-container hide-from-message-actions ng-star-inserted\">\u00a0 \u00a0<\/span><\/p>\n<p data-sourcepos=\"7:1-7:474\">Em um v\u00eddeo publicado nas redes sociais, Malafaia expressou indigna\u00e7\u00e3o com a intima\u00e7\u00e3o, entregue por ordem do ministro Alexandre de Moraes, no \u00e2mbito do processo contra os integrantes do chamado &#8220;n\u00facleo 1&#8221; da suposta trama golpista. &#8220;Estou de boca aberta com o ministro Alexandre de Moraes [que] manda um oficial de justi\u00e7a aqui no CTI para intimar Jair Messias Bolsonaro. Queria entender aonde chega a maldade e a falta de afeto natural de um cara desse&#8221;, afirmou o pastor.<\/p>\n<p data-sourcepos=\"9:1-9:244\"><span class=\"citation-3 recitation citation-end-3\">Malafaia alegou que Bolsonaro, apesar de conceder entrevistas no hospital, n\u00e3o est\u00e1 em plenas condi\u00e7\u00f5es.<\/span> &#8220;E quem disse que ele est\u00e1 obedecendo ao m\u00e9dico? Ele est\u00e1 dando entrevista por conta dele. \u00c9 desobediente igual a mim&#8221;, disse.<span class=\"button-container hide-from-message-actions ng-star-inserted\"> \u00a0<\/span><\/p>\n<p data-sourcepos=\"11:1-11:277\">Em tom mais duro, o pastor acusou o STF de desrespeitar princ\u00edpios b\u00e1sicos: &#8220;Voc\u00eas est\u00e3o levando o Supremo Tribunal para o lixo da moralidade. Alexandre de Moraes, tenho que chamar voc\u00ea de ditador e tenho dito que voc\u00ea \u00e9 um cara desgra\u00e7ado pelas tuas maldades e perversidades&#8221;.<\/p>\n","protected":false},"excerpt":{"rendered":"<p>O pastor Silas Malafaia declarou nesta quarta-feira (23) que o ex-presidente Jair Bolsonaro est\u00e1 sob<\/p>\n","protected":false},"author":3,"featured_media":46286,"comment_status":"open","ping_status":"open","sticky":false,"template":"","format":"standard","meta":{"footnotes":""},"categories":[6,3],"tags":[148],"class_list":["post-46285","post","type-post","status-publish","format-standard","has-post-thumbnail","hentry","category-brasil","category-destaques","tag-malafaia"],"yoast_head":"<!-- This site is optimized with the Yoast SEO plugin v27.5 - https:\/\/yoast.com\/product\/yoast-seo-wordpress\/ -->\n<title>Bolsonaro est\u00e1 sob rem\u00e9dios que causam altera\u00e7\u00e3o mental, diz Silas Malafaia - Jornal<\/title>\n<meta name=\"description\" content=\"Bolsonaro est\u00e1 sob rem\u00e9dios que causam altera\u00e7\u00e3o mental, diz Silas Malafaia\" \/>\n<meta name=\"robots\" content=\"index, follow, max-snippet:-1, max-image-preview:large, max-video-preview:-1\" \/>\n<link rel=\"canonical\" href=\"https:\/\/jornalboasnoticias.com.br\/home\/bolsonaro-esta-sob-remedios-que-causam-alteracao-mental-diz-silas-malafaia\/\" \/>\n<meta property=\"og:locale\" content=\"pt_BR\" \/>\n<meta property=\"og:type\" content=\"article\" \/>\n<meta property=\"og:title\" content=\"Bolsonaro est\u00e1 sob rem\u00e9dios que causam altera\u00e7\u00e3o mental, diz Silas Malafaia - Jornal\" \/>\n<meta property=\"og:description\" content=\"Bolsonaro est\u00e1 sob rem\u00e9dios que causam altera\u00e7\u00e3o mental, diz Silas Malafaia\" \/>\n<meta property=\"og:url\" content=\"https:\/\/jornalboasnoticias.com.br\/home\/bolsonaro-esta-sob-remedios-que-causam-alteracao-mental-diz-silas-malafaia\/\" \/>\n<meta property=\"og:site_name\" content=\"Jornal\" \/>\n<meta property=\"article:publisher\" content=\"https:\/\/www.facebook.com\/boasnoticiasjornal\" \/>\n<meta property=\"article:published_time\" content=\"2025-04-26T00:47:15+00:00\" \/>\n<meta property=\"article:modified_time\" content=\"2025-04-26T00:49:03+00:00\" \/>\n<meta property=\"og:image\" content=\"https:\/\/jornalboasnoticias.com.br\/home\/wp-content\/uploads\/2025\/04\/7.jpg\" \/>\n\t<meta property=\"og:image:width\" content=\"800\" \/>\n\t<meta property=\"og:image:height\" content=\"467\" \/>\n\t<meta property=\"og:image:type\" content=\"image\/jpeg\" \/>\n<meta name=\"author\" content=\"Luiz Carlos da Cruz\" \/>\n<meta name=\"twitter:card\" content=\"summary_large_image\" \/>\n<meta name=\"twitter:label1\" content=\"Escrito por\" \/>\n\t<meta name=\"twitter:data1\" content=\"Luiz Carlos da Cruz\" \/>\n\t<meta name=\"twitter:label2\" content=\"Est. tempo de leitura\" \/>\n\t<meta name=\"twitter:data2\" content=\"2 minutos\" \/>\n<script type=\"application\/ld+json\" class=\"yoast-schema-graph\">{\"@context\":\"https:\\\/\\\/schema.org\",\"@graph\":[{\"@type\":\"Article\",\"@id\":\"https:\\\/\\\/jornalboasnoticias.com.br\\\/home\\\/bolsonaro-esta-sob-remedios-que-causam-alteracao-mental-diz-silas-malafaia\\\/#article\",\"isPartOf\":{\"@id\":\"https:\\\/\\\/jornalboasnoticias.com.br\\\/home\\\/bolsonaro-esta-sob-remedios-que-causam-alteracao-mental-diz-silas-malafaia\\\/\"},\"author\":{\"name\":\"Luiz Carlos da Cruz\",\"@id\":\"https:\\\/\\\/jornalboasnoticias.com.br\\\/home\\\/#\\\/schema\\\/person\\\/75f9ebde398c998c166475fb446bda62\"},\"headline\":\"Bolsonaro est\u00e1 sob rem\u00e9dios que causam altera\u00e7\u00e3o mental, diz Silas Malafaia\",\"datePublished\":\"2025-04-26T00:47:15+00:00\",\"dateModified\":\"2025-04-26T00:49:03+00:00\",\"mainEntityOfPage\":{\"@id\":\"https:\\\/\\\/jornalboasnoticias.com.br\\\/home\\\/bolsonaro-esta-sob-remedios-que-causam-alteracao-mental-diz-silas-malafaia\\\/\"},\"wordCount\":296,\"commentCount\":0,\"publisher\":{\"@id\":\"https:\\\/\\\/jornalboasnoticias.com.br\\\/home\\\/#organization\"},\"image\":{\"@id\":\"https:\\\/\\\/jornalboasnoticias.com.br\\\/home\\\/bolsonaro-esta-sob-remedios-que-causam-alteracao-mental-diz-silas-malafaia\\\/#primaryimage\"},\"thumbnailUrl\":\"https:\\\/\\\/jornalboasnoticias.com.br\\\/home\\\/wp-content\\\/uploads\\\/2025\\\/04\\\/7.jpg\",\"keywords\":[\"Malafaia\"],\"articleSection\":[\"BRASIL\",\"DESTAQUE\"],\"inLanguage\":\"pt-BR\",\"potentialAction\":[{\"@type\":\"CommentAction\",\"name\":\"Comment\",\"target\":[\"https:\\\/\\\/jornalboasnoticias.com.br\\\/home\\\/bolsonaro-esta-sob-remedios-que-causam-alteracao-mental-diz-silas-malafaia\\\/#respond\"]}]},{\"@type\":\"WebPage\",\"@id\":\"https:\\\/\\\/jornalboasnoticias.com.br\\\/home\\\/bolsonaro-esta-sob-remedios-que-causam-alteracao-mental-diz-silas-malafaia\\\/\",\"url\":\"https:\\\/\\\/jornalboasnoticias.com.br\\\/home\\\/bolsonaro-esta-sob-remedios-que-causam-alteracao-mental-diz-silas-malafaia\\\/\",\"name\":\"Bolsonaro est\u00e1 sob rem\u00e9dios que causam altera\u00e7\u00e3o mental, diz Silas Malafaia - Jornal\",\"isPartOf\":{\"@id\":\"https:\\\/\\\/jornalboasnoticias.com.br\\\/home\\\/#website\"},\"primaryImageOfPage\":{\"@id\":\"https:\\\/\\\/jornalboasnoticias.com.br\\\/home\\\/bolsonaro-esta-sob-remedios-que-causam-alteracao-mental-diz-silas-malafaia\\\/#primaryimage\"},\"image\":{\"@id\":\"https:\\\/\\\/jornalboasnoticias.com.br\\\/home\\\/bolsonaro-esta-sob-remedios-que-causam-alteracao-mental-diz-silas-malafaia\\\/#primaryimage\"},\"thumbnailUrl\":\"https:\\\/\\\/jornalboasnoticias.com.br\\\/home\\\/wp-content\\\/uploads\\\/2025\\\/04\\\/7.jpg\",\"datePublished\":\"2025-04-26T00:47:15+00:00\",\"dateModified\":\"2025-04-26T00:49:03+00:00\",\"description\":\"Bolsonaro est\u00e1 sob rem\u00e9dios que causam altera\u00e7\u00e3o mental, diz Silas Malafaia\",\"breadcrumb\":{\"@id\":\"https:\\\/\\\/jornalboasnoticias.com.br\\\/home\\\/bolsonaro-esta-sob-remedios-que-causam-alteracao-mental-diz-silas-malafaia\\\/#breadcrumb\"},\"inLanguage\":\"pt-BR\",\"potentialAction\":[{\"@type\":\"ReadAction\",\"target\":[\"https:\\\/\\\/jornalboasnoticias.com.br\\\/home\\\/bolsonaro-esta-sob-remedios-que-causam-alteracao-mental-diz-silas-malafaia\\\/\"]}]},{\"@type\":\"ImageObject\",\"inLanguage\":\"pt-BR\",\"@id\":\"https:\\\/\\\/jornalboasnoticias.com.br\\\/home\\\/bolsonaro-esta-sob-remedios-que-causam-alteracao-mental-diz-silas-malafaia\\\/#primaryimage\",\"url\":\"https:\\\/\\\/jornalboasnoticias.com.br\\\/home\\\/wp-content\\\/uploads\\\/2025\\\/04\\\/7.jpg\",\"contentUrl\":\"https:\\\/\\\/jornalboasnoticias.com.br\\\/home\\\/wp-content\\\/uploads\\\/2025\\\/04\\\/7.jpg\",\"width\":800,\"height\":467},{\"@type\":\"BreadcrumbList\",\"@id\":\"https:\\\/\\\/jornalboasnoticias.com.br\\\/home\\\/bolsonaro-esta-sob-remedios-que-causam-alteracao-mental-diz-silas-malafaia\\\/#breadcrumb\",\"itemListElement\":[{\"@type\":\"ListItem\",\"position\":1,\"name\":\"In\u00edcio\",\"item\":\"https:\\\/\\\/jornalboasnoticias.com.br\\\/home\\\/\"},{\"@type\":\"ListItem\",\"position\":2,\"name\":\"Bolsonaro est\u00e1 sob rem\u00e9dios que causam altera\u00e7\u00e3o mental, diz Silas Malafaia\"}]},{\"@type\":\"WebSite\",\"@id\":\"https:\\\/\\\/jornalboasnoticias.com.br\\\/home\\\/#website\",\"url\":\"https:\\\/\\\/jornalboasnoticias.com.br\\\/home\\\/\",\"name\":\"Jornal Boas Not\u00edcias\",\"description\":\"Boas not\u00edcias\",\"publisher\":{\"@id\":\"https:\\\/\\\/jornalboasnoticias.com.br\\\/home\\\/#organization\"},\"potentialAction\":[{\"@type\":\"SearchAction\",\"target\":{\"@type\":\"EntryPoint\",\"urlTemplate\":\"https:\\\/\\\/jornalboasnoticias.com.br\\\/home\\\/?s={search_term_string}\"},\"query-input\":{\"@type\":\"PropertyValueSpecification\",\"valueRequired\":true,\"valueName\":\"search_term_string\"}}],\"inLanguage\":\"pt-BR\"},{\"@type\":\"Organization\",\"@id\":\"https:\\\/\\\/jornalboasnoticias.com.br\\\/home\\\/#organization\",\"name\":\"Coq Editora Ltda\",\"alternateName\":\"Jornal Boas Noticias\",\"url\":\"https:\\\/\\\/jornalboasnoticias.com.br\\\/home\\\/\",\"logo\":{\"@type\":\"ImageObject\",\"inLanguage\":\"pt-BR\",\"@id\":\"https:\\\/\\\/jornalboasnoticias.com.br\\\/home\\\/#\\\/schema\\\/logo\\\/image\\\/\",\"url\":\"https:\\\/\\\/jornalboasnoticias.com.br\\\/home\\\/wp-content\\\/uploads\\\/2024\\\/07\\\/cropped-logo.jpg\",\"contentUrl\":\"https:\\\/\\\/jornalboasnoticias.com.br\\\/home\\\/wp-content\\\/uploads\\\/2024\\\/07\\\/cropped-logo.jpg\",\"width\":290,\"height\":142,\"caption\":\"Coq Editora Ltda\"},\"image\":{\"@id\":\"https:\\\/\\\/jornalboasnoticias.com.br\\\/home\\\/#\\\/schema\\\/logo\\\/image\\\/\"},\"sameAs\":[\"https:\\\/\\\/www.facebook.com\\\/boasnoticiasjornal\"]},{\"@type\":\"Person\",\"@id\":\"https:\\\/\\\/jornalboasnoticias.com.br\\\/home\\\/#\\\/schema\\\/person\\\/75f9ebde398c998c166475fb446bda62\",\"name\":\"Luiz Carlos da Cruz\",\"image\":{\"@type\":\"ImageObject\",\"inLanguage\":\"pt-BR\",\"@id\":\"https:\\\/\\\/secure.gravatar.com\\\/avatar\\\/e6f4f45301b6cb8572f7b076572e8ac11c1db80e805d8c8d0858cf286ce3ac3b?s=96&d=mm&r=g\",\"url\":\"https:\\\/\\\/secure.gravatar.com\\\/avatar\\\/e6f4f45301b6cb8572f7b076572e8ac11c1db80e805d8c8d0858cf286ce3ac3b?s=96&d=mm&r=g\",\"contentUrl\":\"https:\\\/\\\/secure.gravatar.com\\\/avatar\\\/e6f4f45301b6cb8572f7b076572e8ac11c1db80e805d8c8d0858cf286ce3ac3b?s=96&d=mm&r=g\",\"caption\":\"Luiz Carlos da Cruz\"},\"url\":\"https:\\\/\\\/jornalboasnoticias.com.br\\\/home\\\/author\\\/luiz-carlos-da-cruz\\\/\"}]}<\/script>\n<!-- \/ Yoast SEO plugin. -->","yoast_head_json":{"title":"Bolsonaro est\u00e1 sob rem\u00e9dios que causam altera\u00e7\u00e3o mental, diz Silas Malafaia - Jornal","description":"Bolsonaro est\u00e1 sob rem\u00e9dios que causam altera\u00e7\u00e3o mental, diz Silas Malafaia","robots":{"index":"index","follow":"follow","max-snippet":"max-snippet:-1","max-image-preview":"max-image-preview:large","max-video-preview":"max-video-preview:-1"},"canonical":"https:\/\/jornalboasnoticias.com.br\/home\/bolsonaro-esta-sob-remedios-que-causam-alteracao-mental-diz-silas-malafaia\/","og_locale":"pt_BR","og_type":"article","og_title":"Bolsonaro est\u00e1 sob rem\u00e9dios que causam altera\u00e7\u00e3o mental, diz Silas Malafaia - Jornal","og_description":"Bolsonaro est\u00e1 sob rem\u00e9dios que causam altera\u00e7\u00e3o mental, diz Silas Malafaia","og_url":"https:\/\/jornalboasnoticias.com.br\/home\/bolsonaro-esta-sob-remedios-que-causam-alteracao-mental-diz-silas-malafaia\/","og_site_name":"Jornal","article_publisher":"https:\/\/www.facebook.com\/boasnoticiasjornal","article_published_time":"2025-04-26T00:47:15+00:00","article_modified_time":"2025-04-26T00:49:03+00:00","og_image":[{"width":800,"height":467,"url":"https:\/\/jornalboasnoticias.com.br\/home\/wp-content\/uploads\/2025\/04\/7.jpg","type":"image\/jpeg"}],"author":"Luiz Carlos da Cruz","twitter_card":"summary_large_image","twitter_misc":{"Escrito por":"Luiz Carlos da Cruz","Est. tempo de leitura":"2 minutos"},"schema":{"@context":"https:\/\/schema.org","@graph":[{"@type":"Article","@id":"https:\/\/jornalboasnoticias.com.br\/home\/bolsonaro-esta-sob-remedios-que-causam-alteracao-mental-diz-silas-malafaia\/#article","isPartOf":{"@id":"https:\/\/jornalboasnoticias.com.br\/home\/bolsonaro-esta-sob-remedios-que-causam-alteracao-mental-diz-silas-malafaia\/"},"author":{"name":"Luiz Carlos da Cruz","@id":"https:\/\/jornalboasnoticias.com.br\/home\/#\/schema\/person\/75f9ebde398c998c166475fb446bda62"},"headline":"Bolsonaro est\u00e1 sob rem\u00e9dios que causam altera\u00e7\u00e3o mental, diz Silas Malafaia","datePublished":"2025-04-26T00:47:15+00:00","dateModified":"2025-04-26T00:49:03+00:00","mainEntityOfPage":{"@id":"https:\/\/jornalboasnoticias.com.br\/home\/bolsonaro-esta-sob-remedios-que-causam-alteracao-mental-diz-silas-malafaia\/"},"wordCount":296,"commentCount":0,"publisher":{"@id":"https:\/\/jornalboasnoticias.com.br\/home\/#organization"},"image":{"@id":"https:\/\/jornalboasnoticias.com.br\/home\/bolsonaro-esta-sob-remedios-que-causam-alteracao-mental-diz-silas-malafaia\/#primaryimage"},"thumbnailUrl":"https:\/\/jornalboasnoticias.com.br\/home\/wp-content\/uploads\/2025\/04\/7.jpg","keywords":["Malafaia"],"articleSection":["BRASIL","DESTAQUE"],"inLanguage":"pt-BR","potentialAction":[{"@type":"CommentAction","name":"Comment","target":["https:\/\/jornalboasnoticias.com.br\/home\/bolsonaro-esta-sob-remedios-que-causam-alteracao-mental-diz-silas-malafaia\/#respond"]}]},{"@type":"WebPage","@id":"https:\/\/jornalboasnoticias.com.br\/home\/bolsonaro-esta-sob-remedios-que-causam-alteracao-mental-diz-silas-malafaia\/","url":"https:\/\/jornalboasnoticias.com.br\/home\/bolsonaro-esta-sob-remedios-que-causam-alteracao-mental-diz-silas-malafaia\/","name":"Bolsonaro est\u00e1 sob rem\u00e9dios que causam altera\u00e7\u00e3o mental, diz Silas Malafaia - Jornal","isPartOf":{"@id":"https:\/\/jornalboasnoticias.com.br\/home\/#website"},"primaryImageOfPage":{"@id":"https:\/\/jornalboasnoticias.com.br\/home\/bolsonaro-esta-sob-remedios-que-causam-alteracao-mental-diz-silas-malafaia\/#primaryimage"},"image":{"@id":"https:\/\/jornalboasnoticias.com.br\/home\/bolsonaro-esta-sob-remedios-que-causam-alteracao-mental-diz-silas-malafaia\/#primaryimage"},"thumbnailUrl":"https:\/\/jornalboasnoticias.com.br\/home\/wp-content\/uploads\/2025\/04\/7.jpg","datePublished":"2025-04-26T00:47:15+00:00","dateModified":"2025-04-26T00:49:03+00:00","description":"Bolsonaro est\u00e1 sob rem\u00e9dios que causam altera\u00e7\u00e3o mental, diz Silas Malafaia","breadcrumb":{"@id":"https:\/\/jornalboasnoticias.com.br\/home\/bolsonaro-esta-sob-remedios-que-causam-alteracao-mental-diz-silas-malafaia\/#breadcrumb"},"inLanguage":"pt-BR","potentialAction":[{"@type":"ReadAction","target":["https:\/\/jornalboasnoticias.com.br\/home\/bolsonaro-esta-sob-remedios-que-causam-alteracao-mental-diz-silas-malafaia\/"]}]},{"@type":"ImageObject","inLanguage":"pt-BR","@id":"https:\/\/jornalboasnoticias.com.br\/home\/bolsonaro-esta-sob-remedios-que-causam-alteracao-mental-diz-silas-malafaia\/#primaryimage","url":"https:\/\/jornalboasnoticias.com.br\/home\/wp-content\/uploads\/2025\/04\/7.jpg","contentUrl":"https:\/\/jornalboasnoticias.com.br\/home\/wp-content\/uploads\/2025\/04\/7.jpg","width":800,"height":467},{"@type":"BreadcrumbList","@id":"https:\/\/jornalboasnoticias.com.br\/home\/bolsonaro-esta-sob-remedios-que-causam-alteracao-mental-diz-silas-malafaia\/#breadcrumb","itemListElement":[{"@type":"ListItem","position":1,"name":"In\u00edcio","item":"https:\/\/jornalboasnoticias.com.br\/home\/"},{"@type":"ListItem","position":2,"name":"Bolsonaro est\u00e1 sob rem\u00e9dios que causam altera\u00e7\u00e3o mental, diz Silas Malafaia"}]},{"@type":"WebSite","@id":"https:\/\/jornalboasnoticias.com.br\/home\/#website","url":"https:\/\/jornalboasnoticias.com.br\/home\/","name":"Jornal Boas Not\u00edcias","description":"Boas not\u00edcias","publisher":{"@id":"https:\/\/jornalboasnoticias.com.br\/home\/#organization"},"potentialAction":[{"@type":"SearchAction","target":{"@type":"EntryPoint","urlTemplate":"https:\/\/jornalboasnoticias.com.br\/home\/?s={search_term_string}"},"query-input":{"@type":"PropertyValueSpecification","valueRequired":true,"valueName":"search_term_string"}}],"inLanguage":"pt-BR"},{"@type":"Organization","@id":"https:\/\/jornalboasnoticias.com.br\/home\/#organization","name":"Coq Editora Ltda","alternateName":"Jornal Boas Noticias","url":"https:\/\/jornalboasnoticias.com.br\/home\/","logo":{"@type":"ImageObject","inLanguage":"pt-BR","@id":"https:\/\/jornalboasnoticias.com.br\/home\/#\/schema\/logo\/image\/","url":"https:\/\/jornalboasnoticias.com.br\/home\/wp-content\/uploads\/2024\/07\/cropped-logo.jpg","contentUrl":"https:\/\/jornalboasnoticias.com.br\/home\/wp-content\/uploads\/2024\/07\/cropped-logo.jpg","width":290,"height":142,"caption":"Coq Editora Ltda"},"image":{"@id":"https:\/\/jornalboasnoticias.com.br\/home\/#\/schema\/logo\/image\/"},"sameAs":["https:\/\/www.facebook.com\/boasnoticiasjornal"]},{"@type":"Person","@id":"https:\/\/jornalboasnoticias.com.br\/home\/#\/schema\/person\/75f9ebde398c998c166475fb446bda62","name":"Luiz Carlos da Cruz","image":{"@type":"ImageObject","inLanguage":"pt-BR","@id":"https:\/\/secure.gravatar.com\/avatar\/e6f4f45301b6cb8572f7b076572e8ac11c1db80e805d8c8d0858cf286ce3ac3b?s=96&d=mm&r=g","url":"https:\/\/secure.gravatar.com\/avatar\/e6f4f45301b6cb8572f7b076572e8ac11c1db80e805d8c8d0858cf286ce3ac3b?s=96&d=mm&r=g","contentUrl":"https:\/\/secure.gravatar.com\/avatar\/e6f4f45301b6cb8572f7b076572e8ac11c1db80e805d8c8d0858cf286ce3ac3b?s=96&d=mm&r=g","caption":"Luiz Carlos da Cruz"},"url":"https:\/\/jornalboasnoticias.com.br\/home\/author\/luiz-carlos-da-cruz\/"}]}},"_links":{"self":[{"href":"https:\/\/jornalboasnoticias.com.br\/home\/wp-json\/wp\/v2\/posts\/46285","targetHints":{"allow":["GET"]}}],"collection":[{"href":"https:\/\/jornalboasnoticias.com.br\/home\/wp-json\/wp\/v2\/posts"}],"about":[{"href":"https:\/\/jornalboasnoticias.com.br\/home\/wp-json\/wp\/v2\/types\/post"}],"author":[{"embeddable":true,"href":"https:\/\/jornalboasnoticias.com.br\/home\/wp-json\/wp\/v2\/users\/3"}],"replies":[{"embeddable":true,"href":"https:\/\/jornalboasnoticias.com.br\/home\/wp-json\/wp\/v2\/comments?post=46285"}],"version-history":[{"count":2,"href":"https:\/\/jornalboasnoticias.com.br\/home\/wp-json\/wp\/v2\/posts\/46285\/revisions"}],"predecessor-version":[{"id":46288,"href":"https:\/\/jornalboasnoticias.com.br\/home\/wp-json\/wp\/v2\/posts\/46285\/revisions\/46288"}],"wp:featuredmedia":[{"embeddable":true,"href":"https:\/\/jornalboasnoticias.com.br\/home\/wp-json\/wp\/v2\/media\/46286"}],"wp:attachment":[{"href":"https:\/\/jornalboasnoticias.com.br\/home\/wp-json\/wp\/v2\/media?parent=46285"}],"wp:term":[{"taxonomy":"category","embeddable":true,"href":"https:\/\/jornalboasnoticias.com.br\/home\/wp-json\/wp\/v2\/categories?post=46285"},{"taxonomy":"post_tag","embeddable":true,"href":"https:\/\/jornalboasnoticias.com.br\/home\/wp-json\/wp\/v2\/tags?post=46285"}],"curies":[{"name":"wp","href":"https:\/\/api.w.org\/{rel}","templated":true}]}}