{"id":46262,"date":"2025-04-21T22:34:55","date_gmt":"2025-04-21T22:34:55","guid":{"rendered":"https:\/\/jornalboasnoticias.com.br\/home\/?p=46262"},"modified":"2025-04-21T22:34:55","modified_gmt":"2025-04-21T22:34:55","slug":"novo-papa-pode-ser-asiatico-ou-africano-diz-arcebispo-de-sao-paulo","status":"publish","type":"post","link":"https:\/\/jornalboasnoticias.com.br\/home\/novo-papa-pode-ser-asiatico-ou-africano-diz-arcebispo-de-sao-paulo\/","title":{"rendered":"Novo papa pode ser asi\u00e1tico ou africano, diz arcebispo de S\u00e3o Paulo"},"content":{"rendered":"<p style=\"text-align: center;\"><em><strong>Col\u00e9gio de cardeais ficou mais diversificado, explica dom Odilo<\/strong><\/em><\/p>\n<figure id=\"attachment_46263\" aria-describedby=\"caption-attachment-46263\" style=\"width: 1170px\" class=\"wp-caption alignnone\"><img loading=\"lazy\" decoding=\"async\" class=\"size-full wp-image-46263\" src=\"https:\/\/jornalboasnoticias.com.br\/home\/wp-content\/uploads\/2025\/04\/Odilo-Scherer.jpg\" alt=\"\" width=\"1170\" height=\"700\" srcset=\"https:\/\/jornalboasnoticias.com.br\/home\/wp-content\/uploads\/2025\/04\/Odilo-Scherer.jpg 1170w, https:\/\/jornalboasnoticias.com.br\/home\/wp-content\/uploads\/2025\/04\/Odilo-Scherer-300x179.jpg 300w, https:\/\/jornalboasnoticias.com.br\/home\/wp-content\/uploads\/2025\/04\/Odilo-Scherer-1024x613.jpg 1024w, https:\/\/jornalboasnoticias.com.br\/home\/wp-content\/uploads\/2025\/04\/Odilo-Scherer-768x459.jpg 768w\" sizes=\"auto, (max-width: 1170px) 100vw, 1170px\" \/><figcaption id=\"caption-attachment-46263\" class=\"wp-caption-text\">Dom Odilo Scherer &#8211; Foto: Paulo Pinto\/Ag\u00eancia Brasil<\/figcaption><\/figure>\n<p>O cardeal dom Odilo Scherer, arcebispo de S\u00e3o Paulo, disse nesta segunda-feira (21), que \u201cningu\u00e9m dever\u00e1 se surpreender\u201d se o novo papa, a ser escolhido durante o Conclave, seja um asi\u00e1tico ou africano.<img decoding=\"async\" src=\"https:\/\/agenciabrasil.ebc.com.br\/ebc.png?id=1639716&amp;o=node\" \/><img decoding=\"async\" src=\"https:\/\/agenciabrasil.ebc.com.br\/ebc.gif?id=1639716&amp;o=node\" \/><\/p>\n<p>\u201cNingu\u00e9m deveria se surpreender se fosse escolhido um cardeal africano para ser papa ou um cardeal asi\u00e1tico para ser papa ou novamente um cardeal italiano para ser papa. Est\u00e1 nas possibilidades. Se isso acontecer, n\u00e3o significar\u00e1 que a igreja voltou-se s\u00f3 para \u00c1frica ou voltou-se apenas para \u00c1sia, voltou \u00e0s costas para Am\u00e9rica ou voltou a se centrar na Europa. Qualquer um que for escolhido papa deve recuperar o cuidado da Igreja como um todo. Portanto, \u00e9 o tempo do pontificado que vai depois nos dizer para onde ir\u00e3o as escolhas pessoais que o papa far\u00e1\u201d, disse.<\/p>\n<p>Dom Odilo destacou que essa variedade de nacionalidades entre as possibilidades para um novo papado decorre do fato de que, durante o pontificado de Francisco, o col\u00e9gio de cardeais ficou ainda mais diversificado.<\/p>\n<p>\u201cO que mudou \u00e9 que, desde o papa Francisco para c\u00e1, o col\u00e9gio dos cardeais hoje est\u00e1 muito mais internacionalizado do que antes. A grande maioria dos cardeais n\u00e3o s\u00e3o mais os europeus. As am\u00e9ricas Latina e do Norte t\u00eam um grande peso. A \u00c1frica tem um peso significativo e a \u00c1sia tamb\u00e9m tem um peso no Col\u00e9gio Cardinal\u00edcio\u201d, explicou.<\/p>\n<p><strong>Para o cardeal, embora ainda n\u00e3o seja poss\u00edvel revelar a nacionalidade ou posicionamento pol\u00edtico do novo papa, o que se sabe at\u00e9 o momento \u201c\u00e9 que ele n\u00e3o ser\u00e1 um novo Francisco\u201d.<\/strong><\/p>\n<p>\u201cNingu\u00e9m espere que o pr\u00f3ximo papa seja o Francisco II. Pode at\u00e9 ter o nome de Francisco II, mas n\u00e3o ser\u00e1 a imagem semelhante \u00e0 de Francisco II. Ser\u00e1 um outro papa\u201d.<\/p>\n<p>\u201cNingu\u00e9m espera um papa a favor da guerra. Ningu\u00e9m espera um papa que n\u00e3o cuide dos pobres. Ningu\u00e9m espera um papa que n\u00e3o diga aos padres para que sejam bem formados. Isso \u00e9 a norma geral. Portanto, o pr\u00f3ximo papa ser\u00e1 algu\u00e9m que vai cuidar bem da vida da Igreja e da miss\u00e3o da Igreja. Por\u00e9m, o pr\u00f3ximo papa ser\u00e1 uma pessoa humana, n\u00e3o ser\u00e1 um rob\u00f4\u201d, refor\u00e7ou.<\/p>\n<h2>Cardeal<\/h2>\n<p><strong>Dom Odilo foi nomeado cardeal em 2007, pelo papa Bento XVI.<\/strong>\u00a0Um cardeal \u00e9 a autoridade da Igreja Cat\u00f3lica que est\u00e1 mais pr\u00f3xima do papa e que pode participar e votar no Conclave para a escolha de um novo papa. Todos os cardeais com menos de 80 anos de idade, como \u00e9 o caso de dom Odilo, podem votar no Conclave. E qualquer cardeal pode ser eleito papa.<\/p>\n<p>Em entrevista coletiva concedida na manh\u00e3 desta segunda-feira, na Catedral da S\u00e9, no centro da capital paulista, antes de\u00a0celebrar uma missa em homenagem ao papa Francisco, dom Odilo revelou que deve participar do funeral do pont\u00edfice e tamb\u00e9m do Conclave, do qual j\u00e1 participou em 2013 e que elegeu Jorge Mario Bergoglio como papa. Nesse mesmo ano, o nome de dom Odilo chegou a ser especulado entre as possibilidades de ser um novo l\u00edder cat\u00f3lico.<\/p>\n<p>O cardeal destacou que ap\u00f3s a morte do papa Francisco, nesta madrugada de segunda-feira, essas \u201cespecula\u00e7\u00f5es e torcida\u201d sobre o novo pontificado ter\u00e3o in\u00edcio. Apesar disso ser natural, disse, a escolha do novo papa ser\u00e1 \u201cresultado de um discernimento coletivo\u201d dos cardeais.<\/p>\n<p style=\"text-align: left;\">\u201cA escolha do papa n\u00e3o \u00e9 um conchavo feito anteriormente, j\u00e1 pronto. Isso \u00e9 fantasia. A escolha do papa vem de um discernimento que se faz em um clima de ora\u00e7\u00e3o e de um auto-senso de responsabilidade em rela\u00e7\u00e3o \u00e0 Igreja. A responsabilidade \u00e9 pela igreja, n\u00e3o de salvar uma ideologia ou um partido ou um gosto. N\u00e3o \u00e9 uma campanha eleitoral\u201d, explicou.<\/p>\n<p>Dom Odilo tamb\u00e9m disse que as especula\u00e7\u00f5es sobre se o novo papa ser\u00e1 mais conservador ou progressista s\u00e3o preocupa\u00e7\u00f5es externas e n\u00e3o se refletem na Igreja.<\/p>\n<p>\u201cA preocupa\u00e7\u00e3o na escolha do papa, com toda certeza, n\u00e3o \u00e9 a quest\u00e3o se ele \u00e9 progressista ou conservador. Esta \u00e9 uma preocupa\u00e7\u00e3o externa. O evangelho \u00e9 tanto progressista quanto conservador. Claramente a op\u00e7\u00e3o pelos pobres, a aten\u00e7\u00e3o \u00e0 justi\u00e7a social, o cuidado dos migrantes e a preocupa\u00e7\u00e3o com a paz do mundo n\u00e3o s\u00e3o posturas progressistas ou conservadoras, s\u00e3o posturas do evangelho\u201d.<\/p>\n<h2>\u00daltimo encontro<\/h2>\n<p><strong>Durante a entrevista, dom Odilo revelou que a \u00faltima vez em que esteve com o papa Francisco foi em fevereiro deste ano, pouco antes dele ser internado por problemas de sa\u00fade.<\/strong><\/p>\n<p>\u201cGuardo com muito carinho esse \u00faltimo encontro e essa \u00faltima participa\u00e7\u00e3o numa audi\u00eancia com ele, no dia 13 de fevereiro deste ano\u201d, revelou.<\/p>\n<p>Mas essa n\u00e3o foi a \u00fanica vez em que estiveram juntos.<\/p>\n<p>\u201cTive algumas conversas mais prolongadas e pessoais com o papa Francisco e foram muito boas. Como sempre, ele escutava muito, depois falava com muita sabedoria\u201d.<\/p>\n<p>Em um desses encontros, logo ap\u00f3s a visita do papa Francisco ao Brasil, em 2013, dom Odilo entregou ao papa um livro.\u00a0<strong>Esse livro reunia diversas caricaturas do papa Francisco feitas por artistas brasileiros<\/strong>\u00a0na ocasi\u00e3o de sua visita ao Rio de Janeiro para participar da Jornada Mundial da Juventude.<\/p>\n<p><strong>\u201cAlguns artistas e cartunistas produziram um livro com charges do papa Francisco e me entregaram para que eu desse para ele. Eu levei e entreguei para ele ap\u00f3s uma missa. Ele olhou, olhou, e caiu numa gargalhada muito bonita\u201d, contou.<\/strong><\/p>\n<p><strong>Ag\u00eancia Brasil<\/strong><\/p>\n","protected":false},"excerpt":{"rendered":"<p>Col\u00e9gio de cardeais ficou mais diversificado, explica dom Odilo O cardeal dom Odilo Scherer, arcebispo<\/p>\n","protected":false},"author":3,"featured_media":46263,"comment_status":"open","ping_status":"open","sticky":false,"template":"","format":"standard","meta":{"footnotes":""},"categories":[6,3,9],"tags":[],"class_list":["post-46262","post","type-post","status-publish","format-standard","has-post-thumbnail","hentry","category-brasil","category-destaques","category-internacional"],"yoast_head":"<!-- This site is optimized with the Yoast SEO plugin v27.5 - https:\/\/yoast.com\/product\/yoast-seo-wordpress\/ -->\n<title>Novo papa pode ser asi\u00e1tico ou africano, diz arcebispo de S\u00e3o Paulo - Jornal<\/title>\n<meta name=\"description\" content=\"Novo papa pode ser asi\u00e1tico ou africano, diz arcebispo de S\u00e3o Paulo\" \/>\n<meta name=\"robots\" content=\"index, follow, max-snippet:-1, max-image-preview:large, max-video-preview:-1\" \/>\n<link rel=\"canonical\" href=\"https:\/\/jornalboasnoticias.com.br\/home\/novo-papa-pode-ser-asiatico-ou-africano-diz-arcebispo-de-sao-paulo\/\" \/>\n<meta property=\"og:locale\" content=\"pt_BR\" \/>\n<meta property=\"og:type\" content=\"article\" \/>\n<meta property=\"og:title\" content=\"Novo papa pode ser asi\u00e1tico ou africano, diz arcebispo de S\u00e3o Paulo - Jornal\" \/>\n<meta property=\"og:description\" content=\"Novo papa pode ser asi\u00e1tico ou africano, diz arcebispo de S\u00e3o Paulo\" \/>\n<meta property=\"og:url\" content=\"https:\/\/jornalboasnoticias.com.br\/home\/novo-papa-pode-ser-asiatico-ou-africano-diz-arcebispo-de-sao-paulo\/\" \/>\n<meta property=\"og:site_name\" content=\"Jornal\" \/>\n<meta property=\"article:publisher\" content=\"https:\/\/www.facebook.com\/boasnoticiasjornal\" \/>\n<meta property=\"article:published_time\" content=\"2025-04-21T22:34:55+00:00\" \/>\n<meta property=\"og:image\" content=\"https:\/\/jornalboasnoticias.com.br\/home\/wp-content\/uploads\/2025\/04\/Odilo-Scherer.jpg\" \/>\n\t<meta property=\"og:image:width\" content=\"1170\" \/>\n\t<meta property=\"og:image:height\" content=\"700\" \/>\n\t<meta property=\"og:image:type\" content=\"image\/jpeg\" \/>\n<meta name=\"author\" content=\"Luiz Carlos da Cruz\" \/>\n<meta name=\"twitter:card\" content=\"summary_large_image\" \/>\n<meta name=\"twitter:label1\" content=\"Escrito por\" \/>\n\t<meta name=\"twitter:data1\" content=\"Luiz Carlos da Cruz\" \/>\n\t<meta name=\"twitter:label2\" content=\"Est. tempo de leitura\" \/>\n\t<meta name=\"twitter:data2\" content=\"6 minutos\" \/>\n<script type=\"application\/ld+json\" class=\"yoast-schema-graph\">{\"@context\":\"https:\\\/\\\/schema.org\",\"@graph\":[{\"@type\":\"Article\",\"@id\":\"https:\\\/\\\/jornalboasnoticias.com.br\\\/home\\\/novo-papa-pode-ser-asiatico-ou-africano-diz-arcebispo-de-sao-paulo\\\/#article\",\"isPartOf\":{\"@id\":\"https:\\\/\\\/jornalboasnoticias.com.br\\\/home\\\/novo-papa-pode-ser-asiatico-ou-africano-diz-arcebispo-de-sao-paulo\\\/\"},\"author\":{\"name\":\"Luiz Carlos da Cruz\",\"@id\":\"https:\\\/\\\/jornalboasnoticias.com.br\\\/home\\\/#\\\/schema\\\/person\\\/75f9ebde398c998c166475fb446bda62\"},\"headline\":\"Novo papa pode ser asi\u00e1tico ou africano, diz arcebispo de S\u00e3o Paulo\",\"datePublished\":\"2025-04-21T22:34:55+00:00\",\"mainEntityOfPage\":{\"@id\":\"https:\\\/\\\/jornalboasnoticias.com.br\\\/home\\\/novo-papa-pode-ser-asiatico-ou-africano-diz-arcebispo-de-sao-paulo\\\/\"},\"wordCount\":971,\"commentCount\":0,\"publisher\":{\"@id\":\"https:\\\/\\\/jornalboasnoticias.com.br\\\/home\\\/#organization\"},\"image\":{\"@id\":\"https:\\\/\\\/jornalboasnoticias.com.br\\\/home\\\/novo-papa-pode-ser-asiatico-ou-africano-diz-arcebispo-de-sao-paulo\\\/#primaryimage\"},\"thumbnailUrl\":\"https:\\\/\\\/jornalboasnoticias.com.br\\\/home\\\/wp-content\\\/uploads\\\/2025\\\/04\\\/Odilo-Scherer.jpg\",\"articleSection\":[\"BRASIL\",\"DESTAQUE\",\"INTERNACIONAL\"],\"inLanguage\":\"pt-BR\",\"potentialAction\":[{\"@type\":\"CommentAction\",\"name\":\"Comment\",\"target\":[\"https:\\\/\\\/jornalboasnoticias.com.br\\\/home\\\/novo-papa-pode-ser-asiatico-ou-africano-diz-arcebispo-de-sao-paulo\\\/#respond\"]}]},{\"@type\":\"WebPage\",\"@id\":\"https:\\\/\\\/jornalboasnoticias.com.br\\\/home\\\/novo-papa-pode-ser-asiatico-ou-africano-diz-arcebispo-de-sao-paulo\\\/\",\"url\":\"https:\\\/\\\/jornalboasnoticias.com.br\\\/home\\\/novo-papa-pode-ser-asiatico-ou-africano-diz-arcebispo-de-sao-paulo\\\/\",\"name\":\"Novo papa pode ser asi\u00e1tico ou africano, diz arcebispo de S\u00e3o Paulo - Jornal\",\"isPartOf\":{\"@id\":\"https:\\\/\\\/jornalboasnoticias.com.br\\\/home\\\/#website\"},\"primaryImageOfPage\":{\"@id\":\"https:\\\/\\\/jornalboasnoticias.com.br\\\/home\\\/novo-papa-pode-ser-asiatico-ou-africano-diz-arcebispo-de-sao-paulo\\\/#primaryimage\"},\"image\":{\"@id\":\"https:\\\/\\\/jornalboasnoticias.com.br\\\/home\\\/novo-papa-pode-ser-asiatico-ou-africano-diz-arcebispo-de-sao-paulo\\\/#primaryimage\"},\"thumbnailUrl\":\"https:\\\/\\\/jornalboasnoticias.com.br\\\/home\\\/wp-content\\\/uploads\\\/2025\\\/04\\\/Odilo-Scherer.jpg\",\"datePublished\":\"2025-04-21T22:34:55+00:00\",\"description\":\"Novo papa pode ser asi\u00e1tico ou africano, diz arcebispo de S\u00e3o Paulo\",\"breadcrumb\":{\"@id\":\"https:\\\/\\\/jornalboasnoticias.com.br\\\/home\\\/novo-papa-pode-ser-asiatico-ou-africano-diz-arcebispo-de-sao-paulo\\\/#breadcrumb\"},\"inLanguage\":\"pt-BR\",\"potentialAction\":[{\"@type\":\"ReadAction\",\"target\":[\"https:\\\/\\\/jornalboasnoticias.com.br\\\/home\\\/novo-papa-pode-ser-asiatico-ou-africano-diz-arcebispo-de-sao-paulo\\\/\"]}]},{\"@type\":\"ImageObject\",\"inLanguage\":\"pt-BR\",\"@id\":\"https:\\\/\\\/jornalboasnoticias.com.br\\\/home\\\/novo-papa-pode-ser-asiatico-ou-africano-diz-arcebispo-de-sao-paulo\\\/#primaryimage\",\"url\":\"https:\\\/\\\/jornalboasnoticias.com.br\\\/home\\\/wp-content\\\/uploads\\\/2025\\\/04\\\/Odilo-Scherer.jpg\",\"contentUrl\":\"https:\\\/\\\/jornalboasnoticias.com.br\\\/home\\\/wp-content\\\/uploads\\\/2025\\\/04\\\/Odilo-Scherer.jpg\",\"width\":1170,\"height\":700,\"caption\":\"Dom Odilo Scherer - Foto: Paulo Pinto\\\/Ag\u00eancia Brasil\"},{\"@type\":\"BreadcrumbList\",\"@id\":\"https:\\\/\\\/jornalboasnoticias.com.br\\\/home\\\/novo-papa-pode-ser-asiatico-ou-africano-diz-arcebispo-de-sao-paulo\\\/#breadcrumb\",\"itemListElement\":[{\"@type\":\"ListItem\",\"position\":1,\"name\":\"In\u00edcio\",\"item\":\"https:\\\/\\\/jornalboasnoticias.com.br\\\/home\\\/\"},{\"@type\":\"ListItem\",\"position\":2,\"name\":\"Novo papa pode ser asi\u00e1tico ou africano, diz arcebispo de S\u00e3o Paulo\"}]},{\"@type\":\"WebSite\",\"@id\":\"https:\\\/\\\/jornalboasnoticias.com.br\\\/home\\\/#website\",\"url\":\"https:\\\/\\\/jornalboasnoticias.com.br\\\/home\\\/\",\"name\":\"Jornal Boas Not\u00edcias\",\"description\":\"Boas not\u00edcias\",\"publisher\":{\"@id\":\"https:\\\/\\\/jornalboasnoticias.com.br\\\/home\\\/#organization\"},\"potentialAction\":[{\"@type\":\"SearchAction\",\"target\":{\"@type\":\"EntryPoint\",\"urlTemplate\":\"https:\\\/\\\/jornalboasnoticias.com.br\\\/home\\\/?s={search_term_string}\"},\"query-input\":{\"@type\":\"PropertyValueSpecification\",\"valueRequired\":true,\"valueName\":\"search_term_string\"}}],\"inLanguage\":\"pt-BR\"},{\"@type\":\"Organization\",\"@id\":\"https:\\\/\\\/jornalboasnoticias.com.br\\\/home\\\/#organization\",\"name\":\"Coq Editora Ltda\",\"alternateName\":\"Jornal Boas Noticias\",\"url\":\"https:\\\/\\\/jornalboasnoticias.com.br\\\/home\\\/\",\"logo\":{\"@type\":\"ImageObject\",\"inLanguage\":\"pt-BR\",\"@id\":\"https:\\\/\\\/jornalboasnoticias.com.br\\\/home\\\/#\\\/schema\\\/logo\\\/image\\\/\",\"url\":\"https:\\\/\\\/jornalboasnoticias.com.br\\\/home\\\/wp-content\\\/uploads\\\/2024\\\/07\\\/cropped-logo.jpg\",\"contentUrl\":\"https:\\\/\\\/jornalboasnoticias.com.br\\\/home\\\/wp-content\\\/uploads\\\/2024\\\/07\\\/cropped-logo.jpg\",\"width\":290,\"height\":142,\"caption\":\"Coq Editora Ltda\"},\"image\":{\"@id\":\"https:\\\/\\\/jornalboasnoticias.com.br\\\/home\\\/#\\\/schema\\\/logo\\\/image\\\/\"},\"sameAs\":[\"https:\\\/\\\/www.facebook.com\\\/boasnoticiasjornal\"]},{\"@type\":\"Person\",\"@id\":\"https:\\\/\\\/jornalboasnoticias.com.br\\\/home\\\/#\\\/schema\\\/person\\\/75f9ebde398c998c166475fb446bda62\",\"name\":\"Luiz Carlos da Cruz\",\"image\":{\"@type\":\"ImageObject\",\"inLanguage\":\"pt-BR\",\"@id\":\"https:\\\/\\\/secure.gravatar.com\\\/avatar\\\/e6f4f45301b6cb8572f7b076572e8ac11c1db80e805d8c8d0858cf286ce3ac3b?s=96&d=mm&r=g\",\"url\":\"https:\\\/\\\/secure.gravatar.com\\\/avatar\\\/e6f4f45301b6cb8572f7b076572e8ac11c1db80e805d8c8d0858cf286ce3ac3b?s=96&d=mm&r=g\",\"contentUrl\":\"https:\\\/\\\/secure.gravatar.com\\\/avatar\\\/e6f4f45301b6cb8572f7b076572e8ac11c1db80e805d8c8d0858cf286ce3ac3b?s=96&d=mm&r=g\",\"caption\":\"Luiz Carlos da Cruz\"},\"url\":\"https:\\\/\\\/jornalboasnoticias.com.br\\\/home\\\/author\\\/luiz-carlos-da-cruz\\\/\"}]}<\/script>\n<!-- \/ Yoast SEO plugin. -->","yoast_head_json":{"title":"Novo papa pode ser asi\u00e1tico ou africano, diz arcebispo de S\u00e3o Paulo - Jornal","description":"Novo papa pode ser asi\u00e1tico ou africano, diz arcebispo de S\u00e3o Paulo","robots":{"index":"index","follow":"follow","max-snippet":"max-snippet:-1","max-image-preview":"max-image-preview:large","max-video-preview":"max-video-preview:-1"},"canonical":"https:\/\/jornalboasnoticias.com.br\/home\/novo-papa-pode-ser-asiatico-ou-africano-diz-arcebispo-de-sao-paulo\/","og_locale":"pt_BR","og_type":"article","og_title":"Novo papa pode ser asi\u00e1tico ou africano, diz arcebispo de S\u00e3o Paulo - Jornal","og_description":"Novo papa pode ser asi\u00e1tico ou africano, diz arcebispo de S\u00e3o Paulo","og_url":"https:\/\/jornalboasnoticias.com.br\/home\/novo-papa-pode-ser-asiatico-ou-africano-diz-arcebispo-de-sao-paulo\/","og_site_name":"Jornal","article_publisher":"https:\/\/www.facebook.com\/boasnoticiasjornal","article_published_time":"2025-04-21T22:34:55+00:00","og_image":[{"width":1170,"height":700,"url":"https:\/\/jornalboasnoticias.com.br\/home\/wp-content\/uploads\/2025\/04\/Odilo-Scherer.jpg","type":"image\/jpeg"}],"author":"Luiz Carlos da Cruz","twitter_card":"summary_large_image","twitter_misc":{"Escrito por":"Luiz Carlos da Cruz","Est. tempo de leitura":"6 minutos"},"schema":{"@context":"https:\/\/schema.org","@graph":[{"@type":"Article","@id":"https:\/\/jornalboasnoticias.com.br\/home\/novo-papa-pode-ser-asiatico-ou-africano-diz-arcebispo-de-sao-paulo\/#article","isPartOf":{"@id":"https:\/\/jornalboasnoticias.com.br\/home\/novo-papa-pode-ser-asiatico-ou-africano-diz-arcebispo-de-sao-paulo\/"},"author":{"name":"Luiz Carlos da Cruz","@id":"https:\/\/jornalboasnoticias.com.br\/home\/#\/schema\/person\/75f9ebde398c998c166475fb446bda62"},"headline":"Novo papa pode ser asi\u00e1tico ou africano, diz arcebispo de S\u00e3o Paulo","datePublished":"2025-04-21T22:34:55+00:00","mainEntityOfPage":{"@id":"https:\/\/jornalboasnoticias.com.br\/home\/novo-papa-pode-ser-asiatico-ou-africano-diz-arcebispo-de-sao-paulo\/"},"wordCount":971,"commentCount":0,"publisher":{"@id":"https:\/\/jornalboasnoticias.com.br\/home\/#organization"},"image":{"@id":"https:\/\/jornalboasnoticias.com.br\/home\/novo-papa-pode-ser-asiatico-ou-africano-diz-arcebispo-de-sao-paulo\/#primaryimage"},"thumbnailUrl":"https:\/\/jornalboasnoticias.com.br\/home\/wp-content\/uploads\/2025\/04\/Odilo-Scherer.jpg","articleSection":["BRASIL","DESTAQUE","INTERNACIONAL"],"inLanguage":"pt-BR","potentialAction":[{"@type":"CommentAction","name":"Comment","target":["https:\/\/jornalboasnoticias.com.br\/home\/novo-papa-pode-ser-asiatico-ou-africano-diz-arcebispo-de-sao-paulo\/#respond"]}]},{"@type":"WebPage","@id":"https:\/\/jornalboasnoticias.com.br\/home\/novo-papa-pode-ser-asiatico-ou-africano-diz-arcebispo-de-sao-paulo\/","url":"https:\/\/jornalboasnoticias.com.br\/home\/novo-papa-pode-ser-asiatico-ou-africano-diz-arcebispo-de-sao-paulo\/","name":"Novo papa pode ser asi\u00e1tico ou africano, diz arcebispo de S\u00e3o Paulo - Jornal","isPartOf":{"@id":"https:\/\/jornalboasnoticias.com.br\/home\/#website"},"primaryImageOfPage":{"@id":"https:\/\/jornalboasnoticias.com.br\/home\/novo-papa-pode-ser-asiatico-ou-africano-diz-arcebispo-de-sao-paulo\/#primaryimage"},"image":{"@id":"https:\/\/jornalboasnoticias.com.br\/home\/novo-papa-pode-ser-asiatico-ou-africano-diz-arcebispo-de-sao-paulo\/#primaryimage"},"thumbnailUrl":"https:\/\/jornalboasnoticias.com.br\/home\/wp-content\/uploads\/2025\/04\/Odilo-Scherer.jpg","datePublished":"2025-04-21T22:34:55+00:00","description":"Novo papa pode ser asi\u00e1tico ou africano, diz arcebispo de S\u00e3o Paulo","breadcrumb":{"@id":"https:\/\/jornalboasnoticias.com.br\/home\/novo-papa-pode-ser-asiatico-ou-africano-diz-arcebispo-de-sao-paulo\/#breadcrumb"},"inLanguage":"pt-BR","potentialAction":[{"@type":"ReadAction","target":["https:\/\/jornalboasnoticias.com.br\/home\/novo-papa-pode-ser-asiatico-ou-africano-diz-arcebispo-de-sao-paulo\/"]}]},{"@type":"ImageObject","inLanguage":"pt-BR","@id":"https:\/\/jornalboasnoticias.com.br\/home\/novo-papa-pode-ser-asiatico-ou-africano-diz-arcebispo-de-sao-paulo\/#primaryimage","url":"https:\/\/jornalboasnoticias.com.br\/home\/wp-content\/uploads\/2025\/04\/Odilo-Scherer.jpg","contentUrl":"https:\/\/jornalboasnoticias.com.br\/home\/wp-content\/uploads\/2025\/04\/Odilo-Scherer.jpg","width":1170,"height":700,"caption":"Dom Odilo Scherer - Foto: Paulo Pinto\/Ag\u00eancia Brasil"},{"@type":"BreadcrumbList","@id":"https:\/\/jornalboasnoticias.com.br\/home\/novo-papa-pode-ser-asiatico-ou-africano-diz-arcebispo-de-sao-paulo\/#breadcrumb","itemListElement":[{"@type":"ListItem","position":1,"name":"In\u00edcio","item":"https:\/\/jornalboasnoticias.com.br\/home\/"},{"@type":"ListItem","position":2,"name":"Novo papa pode ser asi\u00e1tico ou africano, diz arcebispo de S\u00e3o Paulo"}]},{"@type":"WebSite","@id":"https:\/\/jornalboasnoticias.com.br\/home\/#website","url":"https:\/\/jornalboasnoticias.com.br\/home\/","name":"Jornal Boas Not\u00edcias","description":"Boas not\u00edcias","publisher":{"@id":"https:\/\/jornalboasnoticias.com.br\/home\/#organization"},"potentialAction":[{"@type":"SearchAction","target":{"@type":"EntryPoint","urlTemplate":"https:\/\/jornalboasnoticias.com.br\/home\/?s={search_term_string}"},"query-input":{"@type":"PropertyValueSpecification","valueRequired":true,"valueName":"search_term_string"}}],"inLanguage":"pt-BR"},{"@type":"Organization","@id":"https:\/\/jornalboasnoticias.com.br\/home\/#organization","name":"Coq Editora Ltda","alternateName":"Jornal Boas Noticias","url":"https:\/\/jornalboasnoticias.com.br\/home\/","logo":{"@type":"ImageObject","inLanguage":"pt-BR","@id":"https:\/\/jornalboasnoticias.com.br\/home\/#\/schema\/logo\/image\/","url":"https:\/\/jornalboasnoticias.com.br\/home\/wp-content\/uploads\/2024\/07\/cropped-logo.jpg","contentUrl":"https:\/\/jornalboasnoticias.com.br\/home\/wp-content\/uploads\/2024\/07\/cropped-logo.jpg","width":290,"height":142,"caption":"Coq Editora Ltda"},"image":{"@id":"https:\/\/jornalboasnoticias.com.br\/home\/#\/schema\/logo\/image\/"},"sameAs":["https:\/\/www.facebook.com\/boasnoticiasjornal"]},{"@type":"Person","@id":"https:\/\/jornalboasnoticias.com.br\/home\/#\/schema\/person\/75f9ebde398c998c166475fb446bda62","name":"Luiz Carlos da Cruz","image":{"@type":"ImageObject","inLanguage":"pt-BR","@id":"https:\/\/secure.gravatar.com\/avatar\/e6f4f45301b6cb8572f7b076572e8ac11c1db80e805d8c8d0858cf286ce3ac3b?s=96&d=mm&r=g","url":"https:\/\/secure.gravatar.com\/avatar\/e6f4f45301b6cb8572f7b076572e8ac11c1db80e805d8c8d0858cf286ce3ac3b?s=96&d=mm&r=g","contentUrl":"https:\/\/secure.gravatar.com\/avatar\/e6f4f45301b6cb8572f7b076572e8ac11c1db80e805d8c8d0858cf286ce3ac3b?s=96&d=mm&r=g","caption":"Luiz Carlos da Cruz"},"url":"https:\/\/jornalboasnoticias.com.br\/home\/author\/luiz-carlos-da-cruz\/"}]}},"_links":{"self":[{"href":"https:\/\/jornalboasnoticias.com.br\/home\/wp-json\/wp\/v2\/posts\/46262","targetHints":{"allow":["GET"]}}],"collection":[{"href":"https:\/\/jornalboasnoticias.com.br\/home\/wp-json\/wp\/v2\/posts"}],"about":[{"href":"https:\/\/jornalboasnoticias.com.br\/home\/wp-json\/wp\/v2\/types\/post"}],"author":[{"embeddable":true,"href":"https:\/\/jornalboasnoticias.com.br\/home\/wp-json\/wp\/v2\/users\/3"}],"replies":[{"embeddable":true,"href":"https:\/\/jornalboasnoticias.com.br\/home\/wp-json\/wp\/v2\/comments?post=46262"}],"version-history":[{"count":1,"href":"https:\/\/jornalboasnoticias.com.br\/home\/wp-json\/wp\/v2\/posts\/46262\/revisions"}],"predecessor-version":[{"id":46264,"href":"https:\/\/jornalboasnoticias.com.br\/home\/wp-json\/wp\/v2\/posts\/46262\/revisions\/46264"}],"wp:featuredmedia":[{"embeddable":true,"href":"https:\/\/jornalboasnoticias.com.br\/home\/wp-json\/wp\/v2\/media\/46263"}],"wp:attachment":[{"href":"https:\/\/jornalboasnoticias.com.br\/home\/wp-json\/wp\/v2\/media?parent=46262"}],"wp:term":[{"taxonomy":"category","embeddable":true,"href":"https:\/\/jornalboasnoticias.com.br\/home\/wp-json\/wp\/v2\/categories?post=46262"},{"taxonomy":"post_tag","embeddable":true,"href":"https:\/\/jornalboasnoticias.com.br\/home\/wp-json\/wp\/v2\/tags?post=46262"}],"curies":[{"name":"wp","href":"https:\/\/api.w.org\/{rel}","templated":true}]}}