{"id":46257,"date":"2025-04-21T22:20:15","date_gmt":"2025-04-21T22:20:15","guid":{"rendered":"https:\/\/jornalboasnoticias.com.br\/home\/?p=46257"},"modified":"2025-04-21T22:20:15","modified_gmt":"2025-04-21T22:20:15","slug":"homenagens-marcam-culto-dos-95-anos-da-cgadb","status":"publish","type":"post","link":"https:\/\/jornalboasnoticias.com.br\/home\/homenagens-marcam-culto-dos-95-anos-da-cgadb\/","title":{"rendered":"Homenagens marcam Culto dos 95 Anos da CGADB"},"content":{"rendered":"<p style=\"text-align: center;\"><em><strong>O pastor Jos\u00e9 Wellington Bezerra da Costa e o pastor Jos\u00e9 Wellington Costa J\u00fanior foram homenageados durante o evento<\/strong><\/em><\/p>\n<p><img loading=\"lazy\" decoding=\"async\" class=\"alignnone size-full wp-image-46260\" src=\"https:\/\/jornalboasnoticias.com.br\/home\/wp-content\/uploads\/2025\/04\/3.jpg\" alt=\"\" width=\"1080\" height=\"709\" srcset=\"https:\/\/jornalboasnoticias.com.br\/home\/wp-content\/uploads\/2025\/04\/3.jpg 1080w, https:\/\/jornalboasnoticias.com.br\/home\/wp-content\/uploads\/2025\/04\/3-300x197.jpg 300w, https:\/\/jornalboasnoticias.com.br\/home\/wp-content\/uploads\/2025\/04\/3-1024x672.jpg 1024w, https:\/\/jornalboasnoticias.com.br\/home\/wp-content\/uploads\/2025\/04\/3-768x504.jpg 768w\" sizes=\"auto, (max-width: 1080px) 100vw, 1080px\" \/><\/p>\n<p>Na noite de s\u00e1bado (18), durante a 47\u00aa Assembleia Geral Ordin\u00e1ria (AGO) aconteceu o Culto dos 95 Anos da CGADB no templo sede da Assembleia de Deus Minist\u00e9rio do Bel\u00e9m (SP).<\/p>\n<p>Hinos de louvores a Deus deram in\u00edcio ao culto. O pastor Kemuel Sotero, vice-presidente do Conselho Administrativo da CPAD, e presidente da Assembleia de Deus do Aribiri (Vila Velha \u2013 ES), fez a leitura b\u00edblica inicial com texto b\u00edblico de Atos 4.31, com base no tema \u201cCheios do Esp\u00edrito Santo para anunciar com ousadia a Palavra de Deus\u201d.<\/p>\n<p>O culto contou com a participa\u00e7\u00e3o do coral da Igreja, coral de var\u00f5es, Quarteto Gileade, Eli\u00e3 Oliveira e Sumara Santos. Autoridades civis e eclesi\u00e1sticas tamb\u00e9m marcaram presen\u00e7a no evento.<\/p>\n<p>Durante a programa\u00e7\u00e3o foi lido o hist\u00f3rico da CGADB, criada em 1930, idealizada por pastores nacionais. Entre os anos 1939 e 1945 n\u00e3o houve assembleias convencionais, por ser per\u00edodo da Segunda Guerra Mundial. No entanto, em 1948, em assembleia, pastores de todo o Brasil decidiram por tornar a CGADB uma pessoa f\u00edsica.<\/p>\n<p>Na oportunidade foram homenageados o 25\u00ba presidente da CGADB, pastor Jos\u00e9 Wellington Bezerra da Costa, l\u00edder que mais esteve \u00e0 frente da CGADB com 15 gest\u00f5es, entre 1988 \u00e0 1992; e 1995 \u00e0 2017; e o 26\u00ba presidente da CGADB, pastor Jos\u00e9 Wellington Costa J\u00fanior, \u00e0s v\u00e9speras da posse do seu terceiro mandato, foram homenageados.<\/p>\n<p>A Palavra de Deus foi ministrada pelo pastor Jos\u00e9 Sat\u00edrio dos Santos\u00a0 da Col\u00f4mbia, que falou sobre a arte de se fazer disc\u00edpulo.<\/p>\n<p>Durante o dia, houve plen\u00e1rias para os homens, sob a dire\u00e7\u00e3o do pastor Jos\u00e9 Wellington Costa J\u00fanior, presidente da CGADB, no templo sede da igreja, localizado na Rua Dr. Fomm, 140. Na oportunidade, foram tratados diversos assuntos, dentre eles, a posse por aclama\u00e7\u00e3o da Mesa Diretora e do Conselho Fiscal da CGADB, que acontecer\u00e1 na manh\u00e3 da pr\u00f3xima segunda-feira (21).<\/p>\n<p>As mulheres se reuniram, sob a dire\u00e7\u00e3o da irm\u00e3 L\u00eddia Dantas Costa, presidente da Uni\u00e3o Nacional das Esposas de Ministros das Assembleias de Deus \u2013 UNEMAD, no audit\u00f3rio da Faculdade Evang\u00e9lica de S\u00e3o Paulo \u2013 FAESP.\u00a0 As irm\u00e3s contaram com a presen\u00e7a do pastor Jos\u00e9 Wellington Bezerra da Costa, presidente de honra da CGADB que ministrou uma palavra pastoral. O pastor Jos\u00e9 Sat\u00edrio, a irm\u00e3 Sara Alice Cavalcanti e a irm\u00e3 L\u00eddias Dantas tamb\u00e9m ministraram a Palavra de Deus para as irm\u00e3s. No louvor, as cantoras Sumara Santos, Eli\u00e3 Oliveira e o grupo de louvor do Bel\u00e9m entoaram belas can\u00e7\u00f5es.<\/p>\n<p>As crian\u00e7as se reuniram em um outro ambiente, onde tamb\u00e9m fizeram atividades e aprenderam a Palavra de Deus na linguagem delas.<\/p>\n<p><strong>CPAD News<\/strong><\/p>\n","protected":false},"excerpt":{"rendered":"<p>O pastor Jos\u00e9 Wellington Bezerra da Costa e o pastor Jos\u00e9 Wellington Costa J\u00fanior foram<\/p>\n","protected":false},"author":3,"featured_media":46260,"comment_status":"open","ping_status":"open","sticky":false,"template":"","format":"standard","meta":{"footnotes":""},"categories":[6,3],"tags":[],"class_list":["post-46257","post","type-post","status-publish","format-standard","has-post-thumbnail","hentry","category-brasil","category-destaques"],"yoast_head":"<!-- This site is optimized with the Yoast SEO plugin v27.5 - https:\/\/yoast.com\/product\/yoast-seo-wordpress\/ -->\n<title>Homenagens marcam Culto dos 95 Anos da CGADB - Jornal<\/title>\n<meta name=\"description\" content=\"Homenagens marcam Culto dos 95 Anos da CGADB\" \/>\n<meta name=\"robots\" content=\"index, follow, max-snippet:-1, max-image-preview:large, max-video-preview:-1\" \/>\n<link rel=\"canonical\" href=\"https:\/\/jornalboasnoticias.com.br\/home\/homenagens-marcam-culto-dos-95-anos-da-cgadb\/\" \/>\n<meta property=\"og:locale\" content=\"pt_BR\" \/>\n<meta property=\"og:type\" content=\"article\" \/>\n<meta property=\"og:title\" content=\"Homenagens marcam Culto dos 95 Anos da CGADB - Jornal\" \/>\n<meta property=\"og:description\" content=\"Homenagens marcam Culto dos 95 Anos da CGADB\" \/>\n<meta property=\"og:url\" content=\"https:\/\/jornalboasnoticias.com.br\/home\/homenagens-marcam-culto-dos-95-anos-da-cgadb\/\" \/>\n<meta property=\"og:site_name\" content=\"Jornal\" \/>\n<meta property=\"article:publisher\" content=\"https:\/\/www.facebook.com\/boasnoticiasjornal\" \/>\n<meta property=\"article:published_time\" content=\"2025-04-21T22:20:15+00:00\" \/>\n<meta property=\"og:image\" content=\"https:\/\/jornalboasnoticias.com.br\/home\/wp-content\/uploads\/2025\/04\/3.jpg\" \/>\n\t<meta property=\"og:image:width\" content=\"1080\" \/>\n\t<meta property=\"og:image:height\" content=\"709\" \/>\n\t<meta property=\"og:image:type\" content=\"image\/jpeg\" \/>\n<meta name=\"author\" content=\"Luiz Carlos da Cruz\" \/>\n<meta name=\"twitter:card\" content=\"summary_large_image\" \/>\n<meta name=\"twitter:label1\" content=\"Escrito por\" \/>\n\t<meta name=\"twitter:data1\" content=\"Luiz Carlos da Cruz\" \/>\n\t<meta name=\"twitter:label2\" content=\"Est. tempo de leitura\" \/>\n\t<meta name=\"twitter:data2\" content=\"3 minutos\" \/>\n<script type=\"application\/ld+json\" class=\"yoast-schema-graph\">{\"@context\":\"https:\\\/\\\/schema.org\",\"@graph\":[{\"@type\":\"Article\",\"@id\":\"https:\\\/\\\/jornalboasnoticias.com.br\\\/home\\\/homenagens-marcam-culto-dos-95-anos-da-cgadb\\\/#article\",\"isPartOf\":{\"@id\":\"https:\\\/\\\/jornalboasnoticias.com.br\\\/home\\\/homenagens-marcam-culto-dos-95-anos-da-cgadb\\\/\"},\"author\":{\"name\":\"Luiz Carlos da Cruz\",\"@id\":\"https:\\\/\\\/jornalboasnoticias.com.br\\\/home\\\/#\\\/schema\\\/person\\\/75f9ebde398c998c166475fb446bda62\"},\"headline\":\"Homenagens marcam Culto dos 95 Anos da CGADB\",\"datePublished\":\"2025-04-21T22:20:15+00:00\",\"mainEntityOfPage\":{\"@id\":\"https:\\\/\\\/jornalboasnoticias.com.br\\\/home\\\/homenagens-marcam-culto-dos-95-anos-da-cgadb\\\/\"},\"wordCount\":481,\"commentCount\":0,\"publisher\":{\"@id\":\"https:\\\/\\\/jornalboasnoticias.com.br\\\/home\\\/#organization\"},\"image\":{\"@id\":\"https:\\\/\\\/jornalboasnoticias.com.br\\\/home\\\/homenagens-marcam-culto-dos-95-anos-da-cgadb\\\/#primaryimage\"},\"thumbnailUrl\":\"https:\\\/\\\/jornalboasnoticias.com.br\\\/home\\\/wp-content\\\/uploads\\\/2025\\\/04\\\/3.jpg\",\"articleSection\":[\"BRASIL\",\"DESTAQUE\"],\"inLanguage\":\"pt-BR\",\"potentialAction\":[{\"@type\":\"CommentAction\",\"name\":\"Comment\",\"target\":[\"https:\\\/\\\/jornalboasnoticias.com.br\\\/home\\\/homenagens-marcam-culto-dos-95-anos-da-cgadb\\\/#respond\"]}]},{\"@type\":\"WebPage\",\"@id\":\"https:\\\/\\\/jornalboasnoticias.com.br\\\/home\\\/homenagens-marcam-culto-dos-95-anos-da-cgadb\\\/\",\"url\":\"https:\\\/\\\/jornalboasnoticias.com.br\\\/home\\\/homenagens-marcam-culto-dos-95-anos-da-cgadb\\\/\",\"name\":\"Homenagens marcam Culto dos 95 Anos da CGADB - Jornal\",\"isPartOf\":{\"@id\":\"https:\\\/\\\/jornalboasnoticias.com.br\\\/home\\\/#website\"},\"primaryImageOfPage\":{\"@id\":\"https:\\\/\\\/jornalboasnoticias.com.br\\\/home\\\/homenagens-marcam-culto-dos-95-anos-da-cgadb\\\/#primaryimage\"},\"image\":{\"@id\":\"https:\\\/\\\/jornalboasnoticias.com.br\\\/home\\\/homenagens-marcam-culto-dos-95-anos-da-cgadb\\\/#primaryimage\"},\"thumbnailUrl\":\"https:\\\/\\\/jornalboasnoticias.com.br\\\/home\\\/wp-content\\\/uploads\\\/2025\\\/04\\\/3.jpg\",\"datePublished\":\"2025-04-21T22:20:15+00:00\",\"description\":\"Homenagens marcam Culto dos 95 Anos da CGADB\",\"breadcrumb\":{\"@id\":\"https:\\\/\\\/jornalboasnoticias.com.br\\\/home\\\/homenagens-marcam-culto-dos-95-anos-da-cgadb\\\/#breadcrumb\"},\"inLanguage\":\"pt-BR\",\"potentialAction\":[{\"@type\":\"ReadAction\",\"target\":[\"https:\\\/\\\/jornalboasnoticias.com.br\\\/home\\\/homenagens-marcam-culto-dos-95-anos-da-cgadb\\\/\"]}]},{\"@type\":\"ImageObject\",\"inLanguage\":\"pt-BR\",\"@id\":\"https:\\\/\\\/jornalboasnoticias.com.br\\\/home\\\/homenagens-marcam-culto-dos-95-anos-da-cgadb\\\/#primaryimage\",\"url\":\"https:\\\/\\\/jornalboasnoticias.com.br\\\/home\\\/wp-content\\\/uploads\\\/2025\\\/04\\\/3.jpg\",\"contentUrl\":\"https:\\\/\\\/jornalboasnoticias.com.br\\\/home\\\/wp-content\\\/uploads\\\/2025\\\/04\\\/3.jpg\",\"width\":1080,\"height\":709},{\"@type\":\"BreadcrumbList\",\"@id\":\"https:\\\/\\\/jornalboasnoticias.com.br\\\/home\\\/homenagens-marcam-culto-dos-95-anos-da-cgadb\\\/#breadcrumb\",\"itemListElement\":[{\"@type\":\"ListItem\",\"position\":1,\"name\":\"In\u00edcio\",\"item\":\"https:\\\/\\\/jornalboasnoticias.com.br\\\/home\\\/\"},{\"@type\":\"ListItem\",\"position\":2,\"name\":\"Homenagens marcam Culto dos 95 Anos da CGADB\"}]},{\"@type\":\"WebSite\",\"@id\":\"https:\\\/\\\/jornalboasnoticias.com.br\\\/home\\\/#website\",\"url\":\"https:\\\/\\\/jornalboasnoticias.com.br\\\/home\\\/\",\"name\":\"Jornal Boas Not\u00edcias\",\"description\":\"Boas not\u00edcias\",\"publisher\":{\"@id\":\"https:\\\/\\\/jornalboasnoticias.com.br\\\/home\\\/#organization\"},\"potentialAction\":[{\"@type\":\"SearchAction\",\"target\":{\"@type\":\"EntryPoint\",\"urlTemplate\":\"https:\\\/\\\/jornalboasnoticias.com.br\\\/home\\\/?s={search_term_string}\"},\"query-input\":{\"@type\":\"PropertyValueSpecification\",\"valueRequired\":true,\"valueName\":\"search_term_string\"}}],\"inLanguage\":\"pt-BR\"},{\"@type\":\"Organization\",\"@id\":\"https:\\\/\\\/jornalboasnoticias.com.br\\\/home\\\/#organization\",\"name\":\"Coq Editora Ltda\",\"alternateName\":\"Jornal Boas Noticias\",\"url\":\"https:\\\/\\\/jornalboasnoticias.com.br\\\/home\\\/\",\"logo\":{\"@type\":\"ImageObject\",\"inLanguage\":\"pt-BR\",\"@id\":\"https:\\\/\\\/jornalboasnoticias.com.br\\\/home\\\/#\\\/schema\\\/logo\\\/image\\\/\",\"url\":\"https:\\\/\\\/jornalboasnoticias.com.br\\\/home\\\/wp-content\\\/uploads\\\/2024\\\/07\\\/cropped-logo.jpg\",\"contentUrl\":\"https:\\\/\\\/jornalboasnoticias.com.br\\\/home\\\/wp-content\\\/uploads\\\/2024\\\/07\\\/cropped-logo.jpg\",\"width\":290,\"height\":142,\"caption\":\"Coq Editora Ltda\"},\"image\":{\"@id\":\"https:\\\/\\\/jornalboasnoticias.com.br\\\/home\\\/#\\\/schema\\\/logo\\\/image\\\/\"},\"sameAs\":[\"https:\\\/\\\/www.facebook.com\\\/boasnoticiasjornal\"]},{\"@type\":\"Person\",\"@id\":\"https:\\\/\\\/jornalboasnoticias.com.br\\\/home\\\/#\\\/schema\\\/person\\\/75f9ebde398c998c166475fb446bda62\",\"name\":\"Luiz Carlos da Cruz\",\"image\":{\"@type\":\"ImageObject\",\"inLanguage\":\"pt-BR\",\"@id\":\"https:\\\/\\\/secure.gravatar.com\\\/avatar\\\/e6f4f45301b6cb8572f7b076572e8ac11c1db80e805d8c8d0858cf286ce3ac3b?s=96&d=mm&r=g\",\"url\":\"https:\\\/\\\/secure.gravatar.com\\\/avatar\\\/e6f4f45301b6cb8572f7b076572e8ac11c1db80e805d8c8d0858cf286ce3ac3b?s=96&d=mm&r=g\",\"contentUrl\":\"https:\\\/\\\/secure.gravatar.com\\\/avatar\\\/e6f4f45301b6cb8572f7b076572e8ac11c1db80e805d8c8d0858cf286ce3ac3b?s=96&d=mm&r=g\",\"caption\":\"Luiz Carlos da Cruz\"},\"url\":\"https:\\\/\\\/jornalboasnoticias.com.br\\\/home\\\/author\\\/luiz-carlos-da-cruz\\\/\"}]}<\/script>\n<!-- \/ Yoast SEO plugin. -->","yoast_head_json":{"title":"Homenagens marcam Culto dos 95 Anos da CGADB - Jornal","description":"Homenagens marcam Culto dos 95 Anos da CGADB","robots":{"index":"index","follow":"follow","max-snippet":"max-snippet:-1","max-image-preview":"max-image-preview:large","max-video-preview":"max-video-preview:-1"},"canonical":"https:\/\/jornalboasnoticias.com.br\/home\/homenagens-marcam-culto-dos-95-anos-da-cgadb\/","og_locale":"pt_BR","og_type":"article","og_title":"Homenagens marcam Culto dos 95 Anos da CGADB - Jornal","og_description":"Homenagens marcam Culto dos 95 Anos da CGADB","og_url":"https:\/\/jornalboasnoticias.com.br\/home\/homenagens-marcam-culto-dos-95-anos-da-cgadb\/","og_site_name":"Jornal","article_publisher":"https:\/\/www.facebook.com\/boasnoticiasjornal","article_published_time":"2025-04-21T22:20:15+00:00","og_image":[{"width":1080,"height":709,"url":"https:\/\/jornalboasnoticias.com.br\/home\/wp-content\/uploads\/2025\/04\/3.jpg","type":"image\/jpeg"}],"author":"Luiz Carlos da Cruz","twitter_card":"summary_large_image","twitter_misc":{"Escrito por":"Luiz Carlos da Cruz","Est. tempo de leitura":"3 minutos"},"schema":{"@context":"https:\/\/schema.org","@graph":[{"@type":"Article","@id":"https:\/\/jornalboasnoticias.com.br\/home\/homenagens-marcam-culto-dos-95-anos-da-cgadb\/#article","isPartOf":{"@id":"https:\/\/jornalboasnoticias.com.br\/home\/homenagens-marcam-culto-dos-95-anos-da-cgadb\/"},"author":{"name":"Luiz Carlos da Cruz","@id":"https:\/\/jornalboasnoticias.com.br\/home\/#\/schema\/person\/75f9ebde398c998c166475fb446bda62"},"headline":"Homenagens marcam Culto dos 95 Anos da CGADB","datePublished":"2025-04-21T22:20:15+00:00","mainEntityOfPage":{"@id":"https:\/\/jornalboasnoticias.com.br\/home\/homenagens-marcam-culto-dos-95-anos-da-cgadb\/"},"wordCount":481,"commentCount":0,"publisher":{"@id":"https:\/\/jornalboasnoticias.com.br\/home\/#organization"},"image":{"@id":"https:\/\/jornalboasnoticias.com.br\/home\/homenagens-marcam-culto-dos-95-anos-da-cgadb\/#primaryimage"},"thumbnailUrl":"https:\/\/jornalboasnoticias.com.br\/home\/wp-content\/uploads\/2025\/04\/3.jpg","articleSection":["BRASIL","DESTAQUE"],"inLanguage":"pt-BR","potentialAction":[{"@type":"CommentAction","name":"Comment","target":["https:\/\/jornalboasnoticias.com.br\/home\/homenagens-marcam-culto-dos-95-anos-da-cgadb\/#respond"]}]},{"@type":"WebPage","@id":"https:\/\/jornalboasnoticias.com.br\/home\/homenagens-marcam-culto-dos-95-anos-da-cgadb\/","url":"https:\/\/jornalboasnoticias.com.br\/home\/homenagens-marcam-culto-dos-95-anos-da-cgadb\/","name":"Homenagens marcam Culto dos 95 Anos da CGADB - Jornal","isPartOf":{"@id":"https:\/\/jornalboasnoticias.com.br\/home\/#website"},"primaryImageOfPage":{"@id":"https:\/\/jornalboasnoticias.com.br\/home\/homenagens-marcam-culto-dos-95-anos-da-cgadb\/#primaryimage"},"image":{"@id":"https:\/\/jornalboasnoticias.com.br\/home\/homenagens-marcam-culto-dos-95-anos-da-cgadb\/#primaryimage"},"thumbnailUrl":"https:\/\/jornalboasnoticias.com.br\/home\/wp-content\/uploads\/2025\/04\/3.jpg","datePublished":"2025-04-21T22:20:15+00:00","description":"Homenagens marcam Culto dos 95 Anos da CGADB","breadcrumb":{"@id":"https:\/\/jornalboasnoticias.com.br\/home\/homenagens-marcam-culto-dos-95-anos-da-cgadb\/#breadcrumb"},"inLanguage":"pt-BR","potentialAction":[{"@type":"ReadAction","target":["https:\/\/jornalboasnoticias.com.br\/home\/homenagens-marcam-culto-dos-95-anos-da-cgadb\/"]}]},{"@type":"ImageObject","inLanguage":"pt-BR","@id":"https:\/\/jornalboasnoticias.com.br\/home\/homenagens-marcam-culto-dos-95-anos-da-cgadb\/#primaryimage","url":"https:\/\/jornalboasnoticias.com.br\/home\/wp-content\/uploads\/2025\/04\/3.jpg","contentUrl":"https:\/\/jornalboasnoticias.com.br\/home\/wp-content\/uploads\/2025\/04\/3.jpg","width":1080,"height":709},{"@type":"BreadcrumbList","@id":"https:\/\/jornalboasnoticias.com.br\/home\/homenagens-marcam-culto-dos-95-anos-da-cgadb\/#breadcrumb","itemListElement":[{"@type":"ListItem","position":1,"name":"In\u00edcio","item":"https:\/\/jornalboasnoticias.com.br\/home\/"},{"@type":"ListItem","position":2,"name":"Homenagens marcam Culto dos 95 Anos da CGADB"}]},{"@type":"WebSite","@id":"https:\/\/jornalboasnoticias.com.br\/home\/#website","url":"https:\/\/jornalboasnoticias.com.br\/home\/","name":"Jornal Boas Not\u00edcias","description":"Boas not\u00edcias","publisher":{"@id":"https:\/\/jornalboasnoticias.com.br\/home\/#organization"},"potentialAction":[{"@type":"SearchAction","target":{"@type":"EntryPoint","urlTemplate":"https:\/\/jornalboasnoticias.com.br\/home\/?s={search_term_string}"},"query-input":{"@type":"PropertyValueSpecification","valueRequired":true,"valueName":"search_term_string"}}],"inLanguage":"pt-BR"},{"@type":"Organization","@id":"https:\/\/jornalboasnoticias.com.br\/home\/#organization","name":"Coq Editora Ltda","alternateName":"Jornal Boas Noticias","url":"https:\/\/jornalboasnoticias.com.br\/home\/","logo":{"@type":"ImageObject","inLanguage":"pt-BR","@id":"https:\/\/jornalboasnoticias.com.br\/home\/#\/schema\/logo\/image\/","url":"https:\/\/jornalboasnoticias.com.br\/home\/wp-content\/uploads\/2024\/07\/cropped-logo.jpg","contentUrl":"https:\/\/jornalboasnoticias.com.br\/home\/wp-content\/uploads\/2024\/07\/cropped-logo.jpg","width":290,"height":142,"caption":"Coq Editora Ltda"},"image":{"@id":"https:\/\/jornalboasnoticias.com.br\/home\/#\/schema\/logo\/image\/"},"sameAs":["https:\/\/www.facebook.com\/boasnoticiasjornal"]},{"@type":"Person","@id":"https:\/\/jornalboasnoticias.com.br\/home\/#\/schema\/person\/75f9ebde398c998c166475fb446bda62","name":"Luiz Carlos da Cruz","image":{"@type":"ImageObject","inLanguage":"pt-BR","@id":"https:\/\/secure.gravatar.com\/avatar\/e6f4f45301b6cb8572f7b076572e8ac11c1db80e805d8c8d0858cf286ce3ac3b?s=96&d=mm&r=g","url":"https:\/\/secure.gravatar.com\/avatar\/e6f4f45301b6cb8572f7b076572e8ac11c1db80e805d8c8d0858cf286ce3ac3b?s=96&d=mm&r=g","contentUrl":"https:\/\/secure.gravatar.com\/avatar\/e6f4f45301b6cb8572f7b076572e8ac11c1db80e805d8c8d0858cf286ce3ac3b?s=96&d=mm&r=g","caption":"Luiz Carlos da Cruz"},"url":"https:\/\/jornalboasnoticias.com.br\/home\/author\/luiz-carlos-da-cruz\/"}]}},"_links":{"self":[{"href":"https:\/\/jornalboasnoticias.com.br\/home\/wp-json\/wp\/v2\/posts\/46257","targetHints":{"allow":["GET"]}}],"collection":[{"href":"https:\/\/jornalboasnoticias.com.br\/home\/wp-json\/wp\/v2\/posts"}],"about":[{"href":"https:\/\/jornalboasnoticias.com.br\/home\/wp-json\/wp\/v2\/types\/post"}],"author":[{"embeddable":true,"href":"https:\/\/jornalboasnoticias.com.br\/home\/wp-json\/wp\/v2\/users\/3"}],"replies":[{"embeddable":true,"href":"https:\/\/jornalboasnoticias.com.br\/home\/wp-json\/wp\/v2\/comments?post=46257"}],"version-history":[{"count":1,"href":"https:\/\/jornalboasnoticias.com.br\/home\/wp-json\/wp\/v2\/posts\/46257\/revisions"}],"predecessor-version":[{"id":46261,"href":"https:\/\/jornalboasnoticias.com.br\/home\/wp-json\/wp\/v2\/posts\/46257\/revisions\/46261"}],"wp:featuredmedia":[{"embeddable":true,"href":"https:\/\/jornalboasnoticias.com.br\/home\/wp-json\/wp\/v2\/media\/46260"}],"wp:attachment":[{"href":"https:\/\/jornalboasnoticias.com.br\/home\/wp-json\/wp\/v2\/media?parent=46257"}],"wp:term":[{"taxonomy":"category","embeddable":true,"href":"https:\/\/jornalboasnoticias.com.br\/home\/wp-json\/wp\/v2\/categories?post=46257"},{"taxonomy":"post_tag","embeddable":true,"href":"https:\/\/jornalboasnoticias.com.br\/home\/wp-json\/wp\/v2\/tags?post=46257"}],"curies":[{"name":"wp","href":"https:\/\/api.w.org\/{rel}","templated":true}]}}